{"id":111880,"date":"2023-11-17T11:41:50","date_gmt":"2023-11-17T14:41:50","guid":{"rendered":"https:\/\/www.gaveanews.com\/?p=111880"},"modified":"2023-11-17T11:41:53","modified_gmt":"2023-11-17T14:41:53","slug":"flamengo-encerra-preparacao-para-a-final-do-campeonato-carioca-sub-15","status":"publish","type":"post","link":"https:\/\/www.gaveanews.com\/index.php\/2023\/11\/17\/flamengo-encerra-preparacao-para-a-final-do-campeonato-carioca-sub-15\/","title":{"rendered":"Flamengo encerra prepara\u00e7\u00e3o para a final do Campeonato Carioca sub-15\u00a0"},"content":{"rendered":"\n<p>Visando os pr\u00f3ximos compromissos na categoria sub-15, o Flamengo finalizou a prepara\u00e7\u00e3o para a grande final do Carioca da categoria. A decis\u00e3o ser\u00e1 em duas partidas contra o Fluminense, sendo a primeira na G\u00e1vea, partida marcada para este s\u00e1bado (18), \u00e0s 9h (hor\u00e1rio de Bras\u00edlia).<\/p>\n\n\n\n<p>Por: Kayo Silva<\/p>\n\n\n\n<p>A equipe comandada pelo t\u00e9cnico Vinicius Durante teve uma semana intensa de treinamentos visando a primeira partida da final, em casa. O treinador comenta sobre o que esperar da equipe nos jogos contra o tricolor carioca.<\/p>\n\n\n\n<p>\u201cBom, primeiro sobre o nosso advers\u00e1rio, um advers\u00e1rio que a gente j\u00e1 enfrentou duas vezes este ano. Sabemos da qualidade deles, da competitividade, e principalmente quando jogam em casa. Essa primeira partida a gente joga na nossa casa, ent\u00e3o temos que tentar fazer o nosso jogo, imprimir o nosso ritmo. Estamos estudando o advers\u00e1rio, mas acho que, ao mesmo tempo, tamb\u00e9m nos encontramos no melhor momento positivo do ano. Os meninos est\u00e3o cumprindo suas fun\u00e7\u00f5es, est\u00e3o com as responsabilidades, todo mundo ciente do que vai fazer e a partir disso, obviamente, muitos jogadores est\u00e3o rendendo na sua melhor forma individual\u201d, disse o t\u00e9cnico.<\/p>\n\n\n\n<p>No primeiro turno, que tamb\u00e9m \u00e9 chamado de Ta\u00e7a Guanabara, as equipes se enfrentaram em Xer\u00e9m, casa do Fluminense. A partida terminou empatada em 3 a 3, levando a decis\u00e3o para o ponto extra. Na ocasi\u00e3o, a equipe que levasse o ponto extra ganharia o t\u00edtulo da Ta\u00e7a Guanabara sub-15, pois ambas as equipes haviam feito campanhas iguais. Nos p\u00eanaltis, melhor para a equipe das Laranjeiras. Entretanto, o rubro-negro terminou a competi\u00e7\u00e3o com o maior saldo de gols, um total de 29 de saldo e o melhor ataque com 36 gols, al\u00e9m da melhor defesa, tendo sofrido apenas 7 gols na competi\u00e7\u00e3o.<\/p>\n\n\n\n<p>Flamengo e Fluminense se enfrentam neste s\u00e1bado (18) \u00e0s 9h (hor\u00e1rio de Bras\u00edlia), na G\u00e1vea, com transmiss\u00e3o da FlaTV!<\/p>\n\n\n\n<p><br><a href=\"https:\/\/www.gaveanews.com\/index.php\/2023\/11\/17\/atualizacoes-dos-convocados-do-flamengo-pulgar-e-titular-varela-e-arrascaeta-ficam-no-banco\/\">Atualiza\u00e7\u00f5es dos convocados do Flamengo: Pulgar \u00e9 titular; Varela e Arrascaeta ficam no ban<\/a><\/p>\n","protected":false},"excerpt":{"rendered":"<p>Visando os pr\u00f3ximos compromissos na categoria sub-15, o Flamengo finalizou a prepara\u00e7\u00e3o para a grande final do Carioca da categoria. A decis\u00e3o ser\u00e1 em duas partidas contra o Fluminense, sendo a primeira na G\u00e1vea, partida marcada para este s\u00e1bado (18), \u00e0s 9h (hor\u00e1rio de Bras\u00edlia). Por: Kayo Silva A equipe comandada pelo t\u00e9cnico Vinicius Durante [&hellip;]<\/p>\n","protected":false},"author":10,"featured_media":111893,"comment_status":"open","ping_status":"closed","sticky":false,"template":"","format":"standard","meta":{"footnotes":""},"categories":[1],"tags":[],"class_list":["post-111880","post","type-post","status-publish","format-standard","has-post-thumbnail","hentry","category-flamengo"],"yoast_head":"<!-- This site is optimized with the Yoast SEO Premium plugin v24.2 (Yoast SEO v26.9) - https:\/\/yoast.com\/product\/yoast-seo-premium-wordpress\/ -->\n<title>Flamengo encerra prepara\u00e7\u00e3o para a final do Campeonato Carioca sub-15\u00a0<\/title>\n<meta name=\"robots\" content=\"index, follow, max-snippet:-1, max-image-preview:large, max-video-preview:-1\" \/>\n<link rel=\"canonical\" href=\"https:\/\/www.gaveanews.com\/index.php\/2023\/11\/17\/flamengo-encerra-preparacao-para-a-final-do-campeonato-carioca-sub-15\/\" \/>\n<meta property=\"og:locale\" content=\"pt_BR\" \/>\n<meta property=\"og:type\" content=\"article\" \/>\n<meta property=\"og:title\" content=\"Flamengo encerra prepara\u00e7\u00e3o para a final do Campeonato Carioca sub-15\u00a0\" \/>\n<meta property=\"og:description\" content=\"Visando os pr\u00f3ximos compromissos na categoria sub-15, o Flamengo finalizou a prepara\u00e7\u00e3o para a grande final do Carioca da categoria. A decis\u00e3o ser\u00e1 em duas partidas contra o Fluminense, sendo a primeira na G\u00e1vea, partida marcada para este s\u00e1bado (18), \u00e0s 9h (hor\u00e1rio de Bras\u00edlia). Por: Kayo Silva A equipe comandada pelo t\u00e9cnico Vinicius Durante [&hellip;]\" \/>\n<meta property=\"og:url\" content=\"https:\/\/www.gaveanews.com\/index.php\/2023\/11\/17\/flamengo-encerra-preparacao-para-a-final-do-campeonato-carioca-sub-15\/\" \/>\n<meta property=\"og:site_name\" content=\"G\u00e1vea News\" \/>\n<meta property=\"article:publisher\" content=\"https:\/\/facebook.com\/gaveaNews\/\" \/>\n<meta property=\"article:published_time\" content=\"2023-11-17T14:41:50+00:00\" \/>\n<meta property=\"article:modified_time\" content=\"2023-11-17T14:41:53+00:00\" \/>\n<meta property=\"og:image\" content=\"https:\/\/www.gaveanews.com\/wp-content\/uploads\/Flamengo-Sub-15.webp\" \/>\n\t<meta property=\"og:image:width\" content=\"760\" \/>\n\t<meta property=\"og:image:height\" content=\"570\" \/>\n\t<meta property=\"og:image:type\" content=\"image\/jpeg\" \/>\n<meta name=\"author\" content=\"Kayo Silva\" \/>\n<meta name=\"twitter:card\" content=\"summary_large_image\" \/>\n<meta name=\"twitter:label1\" content=\"Escrito por\" \/>\n\t<meta name=\"twitter:data1\" content=\"Kayo Silva\" \/>\n\t<meta name=\"twitter:label2\" content=\"Est. tempo de leitura\" \/>\n\t<meta name=\"twitter:data2\" content=\"2 minutos\" \/>\n<script type=\"application\/ld+json\" class=\"yoast-schema-graph\">{\"@context\":\"https:\/\/schema.org\",\"@graph\":[{\"@type\":\"NewsArticle\",\"@id\":\"https:\/\/www.gaveanews.com\/index.php\/2023\/11\/17\/flamengo-encerra-preparacao-para-a-final-do-campeonato-carioca-sub-15\/#article\",\"isPartOf\":{\"@id\":\"https:\/\/www.gaveanews.com\/index.php\/2023\/11\/17\/flamengo-encerra-preparacao-para-a-final-do-campeonato-carioca-sub-15\/\"},\"author\":{\"name\":\"Kayo Silva\",\"@id\":\"https:\/\/www.gaveanews.com\/#\/schema\/person\/51b3ba6a493cf9e7af9ce2c6d0d4ff1c\"},\"headline\":\"Flamengo encerra prepara\u00e7\u00e3o para a final do Campeonato Carioca sub-15\u00a0\",\"datePublished\":\"2023-11-17T14:41:50+00:00\",\"dateModified\":\"2023-11-17T14:41:53+00:00\",\"mainEntityOfPage\":{\"@id\":\"https:\/\/www.gaveanews.com\/index.php\/2023\/11\/17\/flamengo-encerra-preparacao-para-a-final-do-campeonato-carioca-sub-15\/\"},\"wordCount\":359,\"commentCount\":0,\"image\":{\"@id\":\"https:\/\/www.gaveanews.com\/index.php\/2023\/11\/17\/flamengo-encerra-preparacao-para-a-final-do-campeonato-carioca-sub-15\/#primaryimage\"},\"thumbnailUrl\":\"https:\/\/www.gaveanews.com\/wp-content\/uploads\/Flamengo-Sub-15.webp\",\"articleSection\":[\"Flamengo\"],\"inLanguage\":\"pt-BR\",\"potentialAction\":[{\"@type\":\"CommentAction\",\"name\":\"Comment\",\"target\":[\"https:\/\/www.gaveanews.com\/index.php\/2023\/11\/17\/flamengo-encerra-preparacao-para-a-final-do-campeonato-carioca-sub-15\/#respond\"]}],\"copyrightYear\":\"2023\",\"copyrightHolder\":{\"@id\":\"https:\/\/www.gaveanews.com\/#organization\"}},{\"@type\":\"WebPage\",\"@id\":\"https:\/\/www.gaveanews.com\/index.php\/2023\/11\/17\/flamengo-encerra-preparacao-para-a-final-do-campeonato-carioca-sub-15\/\",\"url\":\"https:\/\/www.gaveanews.com\/index.php\/2023\/11\/17\/flamengo-encerra-preparacao-para-a-final-do-campeonato-carioca-sub-15\/\",\"name\":\"Flamengo encerra prepara\u00e7\u00e3o para a final do Campeonato Carioca sub-15\u00a0\",\"isPartOf\":{\"@id\":\"https:\/\/www.gaveanews.com\/#website\"},\"primaryImageOfPage\":{\"@id\":\"https:\/\/www.gaveanews.com\/index.php\/2023\/11\/17\/flamengo-encerra-preparacao-para-a-final-do-campeonato-carioca-sub-15\/#primaryimage\"},\"image\":{\"@id\":\"https:\/\/www.gaveanews.com\/index.php\/2023\/11\/17\/flamengo-encerra-preparacao-para-a-final-do-campeonato-carioca-sub-15\/#primaryimage\"},\"thumbnailUrl\":\"https:\/\/www.gaveanews.com\/wp-content\/uploads\/Flamengo-Sub-15.webp\",\"datePublished\":\"2023-11-17T14:41:50+00:00\",\"dateModified\":\"2023-11-17T14:41:53+00:00\",\"author\":{\"@id\":\"https:\/\/www.gaveanews.com\/#\/schema\/person\/51b3ba6a493cf9e7af9ce2c6d0d4ff1c\"},\"breadcrumb\":{\"@id\":\"https:\/\/www.gaveanews.com\/index.php\/2023\/11\/17\/flamengo-encerra-preparacao-para-a-final-do-campeonato-carioca-sub-15\/#breadcrumb\"},\"inLanguage\":\"pt-BR\",\"potentialAction\":[{\"@type\":\"ReadAction\",\"target\":[\"https:\/\/www.gaveanews.com\/index.php\/2023\/11\/17\/flamengo-encerra-preparacao-para-a-final-do-campeonato-carioca-sub-15\/\"]}]},{\"@type\":\"ImageObject\",\"inLanguage\":\"pt-BR\",\"@id\":\"https:\/\/www.gaveanews.com\/index.php\/2023\/11\/17\/flamengo-encerra-preparacao-para-a-final-do-campeonato-carioca-sub-15\/#primaryimage\",\"url\":\"https:\/\/www.gaveanews.com\/wp-content\/uploads\/Flamengo-Sub-15.webp\",\"contentUrl\":\"https:\/\/www.gaveanews.com\/wp-content\/uploads\/Flamengo-Sub-15.webp\",\"width\":760,\"height\":570,\"caption\":\"Garotos do Ninho do Sub-15 comemorando gol sobre o Resende - Nayra Halm \/ Foto do jogo Nayra Halm \/ Foto do jogo\"},{\"@type\":\"BreadcrumbList\",\"@id\":\"https:\/\/www.gaveanews.com\/index.php\/2023\/11\/17\/flamengo-encerra-preparacao-para-a-final-do-campeonato-carioca-sub-15\/#breadcrumb\",\"itemListElement\":[{\"@type\":\"ListItem\",\"position\":1,\"name\":\"Home\",\"item\":\"https:\/\/www.gaveanews.com\/\"},{\"@type\":\"ListItem\",\"position\":2,\"name\":\"Flamengo encerra prepara\u00e7\u00e3o para a final do Campeonato Carioca sub-15\u00a0\"}]},{\"@type\":\"WebSite\",\"@id\":\"https:\/\/www.gaveanews.com\/#website\",\"url\":\"https:\/\/www.gaveanews.com\/\",\"name\":\"G\u00e1vea News\",\"description\":\"Veja todas as not\u00edcias sobre o Flamengo: Contrata\u00e7\u00f5es, categorias de base, resultados das partidas, tabela de classifica\u00e7\u00e3o, pr\u00f3ximos jogos!\",\"potentialAction\":[{\"@type\":\"SearchAction\",\"target\":{\"@type\":\"EntryPoint\",\"urlTemplate\":\"https:\/\/www.gaveanews.com\/?s={search_term_string}\"},\"query-input\":{\"@type\":\"PropertyValueSpecification\",\"valueRequired\":true,\"valueName\":\"search_term_string\"}}],\"inLanguage\":\"pt-BR\"},{\"@type\":\"Person\",\"@id\":\"https:\/\/www.gaveanews.com\/#\/schema\/person\/51b3ba6a493cf9e7af9ce2c6d0d4ff1c\",\"name\":\"Kayo Silva\",\"image\":{\"@type\":\"ImageObject\",\"inLanguage\":\"pt-BR\",\"@id\":\"https:\/\/www.gaveanews.com\/#\/schema\/person\/image\/\",\"url\":\"https:\/\/secure.gravatar.com\/avatar\/af6d65cafc646a65c39c5fcb2a1ef51b863a81461770cfff553ec2fdd931c68c?s=96&d=mm&r=g\",\"contentUrl\":\"https:\/\/secure.gravatar.com\/avatar\/af6d65cafc646a65c39c5fcb2a1ef51b863a81461770cfff553ec2fdd931c68c?s=96&d=mm&r=g\",\"caption\":\"Kayo Silva\"}}]}<\/script>\n<!-- \/ Yoast SEO Premium plugin. -->","yoast_head_json":{"title":"Flamengo encerra prepara\u00e7\u00e3o para a final do Campeonato Carioca sub-15\u00a0","robots":{"index":"index","follow":"follow","max-snippet":"max-snippet:-1","max-image-preview":"max-image-preview:large","max-video-preview":"max-video-preview:-1"},"canonical":"https:\/\/www.gaveanews.com\/index.php\/2023\/11\/17\/flamengo-encerra-preparacao-para-a-final-do-campeonato-carioca-sub-15\/","og_locale":"pt_BR","og_type":"article","og_title":"Flamengo encerra prepara\u00e7\u00e3o para a final do Campeonato Carioca sub-15\u00a0","og_description":"Visando os pr\u00f3ximos compromissos na categoria sub-15, o Flamengo finalizou a prepara\u00e7\u00e3o para a grande final do Carioca da categoria. A decis\u00e3o ser\u00e1 em duas partidas contra o Fluminense, sendo a primeira na G\u00e1vea, partida marcada para este s\u00e1bado (18), \u00e0s 9h (hor\u00e1rio de Bras\u00edlia). Por: Kayo Silva A equipe comandada pelo t\u00e9cnico Vinicius Durante [&hellip;]","og_url":"https:\/\/www.gaveanews.com\/index.php\/2023\/11\/17\/flamengo-encerra-preparacao-para-a-final-do-campeonato-carioca-sub-15\/","og_site_name":"G\u00e1vea News","article_publisher":"https:\/\/facebook.com\/gaveaNews\/","article_published_time":"2023-11-17T14:41:50+00:00","article_modified_time":"2023-11-17T14:41:53+00:00","og_image":[{"width":760,"height":570,"url":"https:\/\/www.gaveanews.com\/wp-content\/uploads\/Flamengo-Sub-15.webp","type":"image\/jpeg"}],"author":"Kayo Silva","twitter_card":"summary_large_image","twitter_misc":{"Escrito por":"Kayo Silva","Est. tempo de leitura":"2 minutos"},"schema":{"@context":"https:\/\/schema.org","@graph":[{"@type":"NewsArticle","@id":"https:\/\/www.gaveanews.com\/index.php\/2023\/11\/17\/flamengo-encerra-preparacao-para-a-final-do-campeonato-carioca-sub-15\/#article","isPartOf":{"@id":"https:\/\/www.gaveanews.com\/index.php\/2023\/11\/17\/flamengo-encerra-preparacao-para-a-final-do-campeonato-carioca-sub-15\/"},"author":{"name":"Kayo Silva","@id":"https:\/\/www.gaveanews.com\/#\/schema\/person\/51b3ba6a493cf9e7af9ce2c6d0d4ff1c"},"headline":"Flamengo encerra prepara\u00e7\u00e3o para a final do Campeonato Carioca sub-15\u00a0","datePublished":"2023-11-17T14:41:50+00:00","dateModified":"2023-11-17T14:41:53+00:00","mainEntityOfPage":{"@id":"https:\/\/www.gaveanews.com\/index.php\/2023\/11\/17\/flamengo-encerra-preparacao-para-a-final-do-campeonato-carioca-sub-15\/"},"wordCount":359,"commentCount":0,"image":{"@id":"https:\/\/www.gaveanews.com\/index.php\/2023\/11\/17\/flamengo-encerra-preparacao-para-a-final-do-campeonato-carioca-sub-15\/#primaryimage"},"thumbnailUrl":"https:\/\/www.gaveanews.com\/wp-content\/uploads\/Flamengo-Sub-15.webp","articleSection":["Flamengo"],"inLanguage":"pt-BR","potentialAction":[{"@type":"CommentAction","name":"Comment","target":["https:\/\/www.gaveanews.com\/index.php\/2023\/11\/17\/flamengo-encerra-preparacao-para-a-final-do-campeonato-carioca-sub-15\/#respond"]}],"copyrightYear":"2023","copyrightHolder":{"@id":"https:\/\/www.gaveanews.com\/#organization"}},{"@type":"WebPage","@id":"https:\/\/www.gaveanews.com\/index.php\/2023\/11\/17\/flamengo-encerra-preparacao-para-a-final-do-campeonato-carioca-sub-15\/","url":"https:\/\/www.gaveanews.com\/index.php\/2023\/11\/17\/flamengo-encerra-preparacao-para-a-final-do-campeonato-carioca-sub-15\/","name":"Flamengo encerra prepara\u00e7\u00e3o para a final do Campeonato Carioca sub-15\u00a0","isPartOf":{"@id":"https:\/\/www.gaveanews.com\/#website"},"primaryImageOfPage":{"@id":"https:\/\/www.gaveanews.com\/index.php\/2023\/11\/17\/flamengo-encerra-preparacao-para-a-final-do-campeonato-carioca-sub-15\/#primaryimage"},"image":{"@id":"https:\/\/www.gaveanews.com\/index.php\/2023\/11\/17\/flamengo-encerra-preparacao-para-a-final-do-campeonato-carioca-sub-15\/#primaryimage"},"thumbnailUrl":"https:\/\/www.gaveanews.com\/wp-content\/uploads\/Flamengo-Sub-15.webp","datePublished":"2023-11-17T14:41:50+00:00","dateModified":"2023-11-17T14:41:53+00:00","author":{"@id":"https:\/\/www.gaveanews.com\/#\/schema\/person\/51b3ba6a493cf9e7af9ce2c6d0d4ff1c"},"breadcrumb":{"@id":"https:\/\/www.gaveanews.com\/index.php\/2023\/11\/17\/flamengo-encerra-preparacao-para-a-final-do-campeonato-carioca-sub-15\/#breadcrumb"},"inLanguage":"pt-BR","potentialAction":[{"@type":"ReadAction","target":["https:\/\/www.gaveanews.com\/index.php\/2023\/11\/17\/flamengo-encerra-preparacao-para-a-final-do-campeonato-carioca-sub-15\/"]}]},{"@type":"ImageObject","inLanguage":"pt-BR","@id":"https:\/\/www.gaveanews.com\/index.php\/2023\/11\/17\/flamengo-encerra-preparacao-para-a-final-do-campeonato-carioca-sub-15\/#primaryimage","url":"https:\/\/www.gaveanews.com\/wp-content\/uploads\/Flamengo-Sub-15.webp","contentUrl":"https:\/\/www.gaveanews.com\/wp-content\/uploads\/Flamengo-Sub-15.webp","width":760,"height":570,"caption":"Garotos do Ninho do Sub-15 comemorando gol sobre o Resende - Nayra Halm \/ Foto do jogo Nayra Halm \/ Foto do jogo"},{"@type":"BreadcrumbList","@id":"https:\/\/www.gaveanews.com\/index.php\/2023\/11\/17\/flamengo-encerra-preparacao-para-a-final-do-campeonato-carioca-sub-15\/#breadcrumb","itemListElement":[{"@type":"ListItem","position":1,"name":"Home","item":"https:\/\/www.gaveanews.com\/"},{"@type":"ListItem","position":2,"name":"Flamengo encerra prepara\u00e7\u00e3o para a final do Campeonato Carioca sub-15\u00a0"}]},{"@type":"WebSite","@id":"https:\/\/www.gaveanews.com\/#website","url":"https:\/\/www.gaveanews.com\/","name":"G\u00e1vea News","description":"Veja todas as not\u00edcias sobre o Flamengo: Contrata\u00e7\u00f5es, categorias de base, resultados das partidas, tabela de classifica\u00e7\u00e3o, pr\u00f3ximos jogos!","potentialAction":[{"@type":"SearchAction","target":{"@type":"EntryPoint","urlTemplate":"https:\/\/www.gaveanews.com\/?s={search_term_string}"},"query-input":{"@type":"PropertyValueSpecification","valueRequired":true,"valueName":"search_term_string"}}],"inLanguage":"pt-BR"},{"@type":"Person","@id":"https:\/\/www.gaveanews.com\/#\/schema\/person\/51b3ba6a493cf9e7af9ce2c6d0d4ff1c","name":"Kayo Silva","image":{"@type":"ImageObject","inLanguage":"pt-BR","@id":"https:\/\/www.gaveanews.com\/#\/schema\/person\/image\/","url":"https:\/\/secure.gravatar.com\/avatar\/af6d65cafc646a65c39c5fcb2a1ef51b863a81461770cfff553ec2fdd931c68c?s=96&d=mm&r=g","contentUrl":"https:\/\/secure.gravatar.com\/avatar\/af6d65cafc646a65c39c5fcb2a1ef51b863a81461770cfff553ec2fdd931c68c?s=96&d=mm&r=g","caption":"Kayo Silva"}}]}},"_links":{"self":[{"href":"https:\/\/www.gaveanews.com\/index.php\/wp-json\/wp\/v2\/posts\/111880","targetHints":{"allow":["GET"]}}],"collection":[{"href":"https:\/\/www.gaveanews.com\/index.php\/wp-json\/wp\/v2\/posts"}],"about":[{"href":"https:\/\/www.gaveanews.com\/index.php\/wp-json\/wp\/v2\/types\/post"}],"author":[{"embeddable":true,"href":"https:\/\/www.gaveanews.com\/index.php\/wp-json\/wp\/v2\/users\/10"}],"replies":[{"embeddable":true,"href":"https:\/\/www.gaveanews.com\/index.php\/wp-json\/wp\/v2\/comments?post=111880"}],"version-history":[{"count":0,"href":"https:\/\/www.gaveanews.com\/index.php\/wp-json\/wp\/v2\/posts\/111880\/revisions"}],"wp:featuredmedia":[{"embeddable":true,"href":"https:\/\/www.gaveanews.com\/index.php\/wp-json\/wp\/v2\/media\/111893"}],"wp:attachment":[{"href":"https:\/\/www.gaveanews.com\/index.php\/wp-json\/wp\/v2\/media?parent=111880"}],"wp:term":[{"taxonomy":"category","embeddable":true,"href":"https:\/\/www.gaveanews.com\/index.php\/wp-json\/wp\/v2\/categories?post=111880"},{"taxonomy":"post_tag","embeddable":true,"href":"https:\/\/www.gaveanews.com\/index.php\/wp-json\/wp\/v2\/tags?post=111880"}],"curies":[{"name":"wp","href":"https:\/\/api.w.org\/{rel}","templated":true}]}}