{"id":112115,"date":"2023-11-20T19:24:35","date_gmt":"2023-11-20T22:24:35","guid":{"rendered":"https:\/\/www.gaveanews.com\/?p=112115"},"modified":"2024-04-06T23:21:47","modified_gmt":"2024-04-07T02:21:47","slug":"1-mes-e-7-jogos-fizemos-um-raio-x-do-primeiro-mes-do-tite-no-comando-do-flamengo","status":"publish","type":"post","link":"https:\/\/www.gaveanews.com\/index.php\/2023\/11\/20\/1-mes-e-7-jogos-fizemos-um-raio-x-do-primeiro-mes-do-tite-no-comando-do-flamengo\/","title":{"rendered":"1 m\u00eas e 7 jogos: Fizemos um raio-X do primeiro m\u00eas do Tite no comando do Flamengo"},"content":{"rendered":"\n<p>Por: Kayo Silva<\/p>\n\n\n\n<p>&#8220;Desde que Tite assumiu o comando do Flamengo, com foco inicial na temporada de 2024, o time j\u00e1 mostrou uma cara nova e resultados promissores. Em apenas um m\u00eas, o t\u00e9cnico alcan\u00e7ou um aproveitamento de 61%, com quatro vit\u00f3rias, duas derrotas e um empate. Isso tudo se traduz em 12 gols marcados e apenas seis sofridos, um saldo positivo que reflete as mudan\u00e7as t\u00e1ticas de Tite. Veja os n\u00fameros<\/p>\n\n\n\n<ul class=\"wp-block-list\">\n<li>7 jogos\u00a0<\/li>\n\n\n\n<li>4 vit\u00f3rias\u00a0<\/li>\n\n\n\n<li>2 derrotas\u00a0<\/li>\n\n\n\n<li>1 empate\u00a0<\/li>\n\n\n\n<li>12 gols marcados\u00a0<\/li>\n\n\n\n<li>6 gols sofridos\u00a0<\/li>\n\n\n\n<li>61% de aproveitamento\u00a0<\/li>\n<\/ul>\n\n\n\n<p>Nas vit\u00f3rias destacam-se os confrontos contra Cruzeiro, Fortaleza, Vasco e, principalmente, o Palmeiras, mostrando que o Rubro-Negro est\u00e1 mais organizado e firme na defesa. Jogadores como Everton Cebolinha e Luiz Ara\u00fajo sa\u00edram da sombra para brilhar no campo, com Cebolinha sendo titular em quatro das sete partidas e Ara\u00fajo marcando gols importantes.<\/p>\n\n\n\n<p>Pedro, sempre titular sob o comando de Tite, melhorou fisicamente e se tornou pe\u00e7a chave tanto na defesa quanto no ataque. O esquema t\u00e1tico variou entre o 4-4-2 e o 4-3-3, com Tite mostrando flexibilidade e intelig\u00eancia para adaptar o time conforme a necessidade do jogo.<\/p>\n\n\n\n<p>Embora o foco seja a pr\u00f3xima temporada, Tite enfrenta o desafio imediato de classificar o Flamengo para a Libertadores do ano que vem. Com o time na 6\u00aa posi\u00e7\u00e3o e 57 pontos, ainda h\u00e1 uma chance, mesmo que remota, de conquistar o Campeonato Brasileiro. O pr\u00f3ximo jogo chave ser\u00e1 contra o RB Bragantino, uma oportunidade de reduzir a diferen\u00e7a para o l\u00edder Palmeiras.<\/p>\n\n\n\n<p>Em resumo, Tite trouxe um novo \u00e2nimo ao Flamengo, com estrat\u00e9gias din\u00e2micas e um olhar atento \u00e0s habilidades individuais dos jogadores. Agora, resta ver se essas mudan\u00e7as levar\u00e3o o Flamengo aos t\u00edtulos desejados.&#8221;<\/p>\n\n\n\n<p>O treinador foi contratado visando a pr\u00f3xima temporada, tanto que Tite, j\u00e1 inicia uma reformula\u00e7\u00e3o do elenco de olho em 2024. Por\u00e9m, o t\u00e9cnico, tem a dif\u00edcil miss\u00e3o de conseguir a classifica\u00e7\u00e3o para a libertadores do pr\u00f3ximo ano, al\u00e9m de chances remotas de terminar o ano com t\u00edtulo do Campeonato Brasileiro.\u00a0<\/p>\n\n\n\n<p>Tite segue em prepara\u00e7\u00e3o para o pr\u00f3ximo compromisso que ser\u00e1 na pr\u00f3xima quinta-feira (23), jogo atrasado contra o RB Bragantino. O duelo est\u00e1 marcado para \u00e0s 21h30 (hor\u00e1rio de Bras\u00edlia).&nbsp;<br><br><a href=\"https:\/\/www.gaveanews.com\/index.php\/2023\/11\/20\/meia-ventilado-no-flamengo-fica-proximo-do-sao-paulo\/\">Meia ventilado no Flamengo fica pr\u00f3ximo do S\u00e3o Paulo<\/a><\/p>\n","protected":false},"excerpt":{"rendered":"<p>Por: Kayo Silva &#8220;Desde que Tite assumiu o comando do Flamengo, com foco inicial na temporada de 2024, o time j\u00e1 mostrou uma cara nova e resultados promissores. Em apenas um m\u00eas, o t\u00e9cnico alcan\u00e7ou um aproveitamento de 61%, com quatro vit\u00f3rias, duas derrotas e um empate. Isso tudo se traduz em 12 gols marcados [&hellip;]<\/p>\n","protected":false},"author":10,"featured_media":109372,"comment_status":"open","ping_status":"closed","sticky":false,"template":"","format":"standard","meta":{"footnotes":""},"categories":[1],"tags":[171],"class_list":["post-112115","post","type-post","status-publish","format-standard","has-post-thumbnail","hentry","category-flamengo","tag-adenor-leonardo-bachi-tite"],"yoast_head":"<!-- This site is optimized with the Yoast SEO Premium plugin v24.2 (Yoast SEO v26.9) - https:\/\/yoast.com\/product\/yoast-seo-premium-wordpress\/ -->\n<title>1 m\u00eas e 7 jogos: Fizemos um raio-X do primeiro m\u00eas do Tite no comando do Flamengo<\/title>\n<meta name=\"robots\" content=\"index, follow, max-snippet:-1, max-image-preview:large, max-video-preview:-1\" \/>\n<link rel=\"canonical\" href=\"https:\/\/www.gaveanews.com\/index.php\/2023\/11\/20\/1-mes-e-7-jogos-fizemos-um-raio-x-do-primeiro-mes-do-tite-no-comando-do-flamengo\/\" \/>\n<meta property=\"og:locale\" content=\"pt_BR\" \/>\n<meta property=\"og:type\" content=\"article\" \/>\n<meta property=\"og:title\" content=\"1 m\u00eas e 7 jogos: Fizemos um raio-X do primeiro m\u00eas do Tite no comando do Flamengo\" \/>\n<meta property=\"og:description\" content=\"Por: Kayo Silva &#8220;Desde que Tite assumiu o comando do Flamengo, com foco inicial na temporada de 2024, o time j\u00e1 mostrou uma cara nova e resultados promissores. Em apenas um m\u00eas, o t\u00e9cnico alcan\u00e7ou um aproveitamento de 61%, com quatro vit\u00f3rias, duas derrotas e um empate. Isso tudo se traduz em 12 gols marcados [&hellip;]\" \/>\n<meta property=\"og:url\" content=\"https:\/\/www.gaveanews.com\/index.php\/2023\/11\/20\/1-mes-e-7-jogos-fizemos-um-raio-x-do-primeiro-mes-do-tite-no-comando-do-flamengo\/\" \/>\n<meta property=\"og:site_name\" content=\"G\u00e1vea News\" \/>\n<meta property=\"article:publisher\" content=\"https:\/\/facebook.com\/gaveaNews\/\" \/>\n<meta property=\"article:published_time\" content=\"2023-11-20T22:24:35+00:00\" \/>\n<meta property=\"article:modified_time\" content=\"2024-04-07T02:21:47+00:00\" \/>\n<meta property=\"og:image\" content=\"https:\/\/www.gaveanews.com\/wp-content\/uploads\/tite-cleber-xavier-flamengo-gremio.webp\" \/>\n\t<meta property=\"og:image:width\" content=\"984\" \/>\n\t<meta property=\"og:image:height\" content=\"656\" \/>\n\t<meta property=\"og:image:type\" content=\"image\/webp\" \/>\n<meta name=\"author\" content=\"Kayo Silva\" \/>\n<meta name=\"twitter:card\" content=\"summary_large_image\" \/>\n<meta name=\"twitter:label1\" content=\"Escrito por\" \/>\n\t<meta name=\"twitter:data1\" content=\"Kayo Silva\" \/>\n\t<meta name=\"twitter:label2\" content=\"Est. tempo de leitura\" \/>\n\t<meta name=\"twitter:data2\" content=\"3 minutos\" \/>\n<script type=\"application\/ld+json\" class=\"yoast-schema-graph\">{\"@context\":\"https:\/\/schema.org\",\"@graph\":[{\"@type\":\"NewsArticle\",\"@id\":\"https:\/\/www.gaveanews.com\/index.php\/2023\/11\/20\/1-mes-e-7-jogos-fizemos-um-raio-x-do-primeiro-mes-do-tite-no-comando-do-flamengo\/#article\",\"isPartOf\":{\"@id\":\"https:\/\/www.gaveanews.com\/index.php\/2023\/11\/20\/1-mes-e-7-jogos-fizemos-um-raio-x-do-primeiro-mes-do-tite-no-comando-do-flamengo\/\"},\"author\":{\"name\":\"Kayo Silva\",\"@id\":\"https:\/\/www.gaveanews.com\/#\/schema\/person\/51b3ba6a493cf9e7af9ce2c6d0d4ff1c\"},\"headline\":\"1 m\u00eas e 7 jogos: Fizemos um raio-X do primeiro m\u00eas do Tite no comando do Flamengo\",\"datePublished\":\"2023-11-20T22:24:35+00:00\",\"dateModified\":\"2024-04-07T02:21:47+00:00\",\"mainEntityOfPage\":{\"@id\":\"https:\/\/www.gaveanews.com\/index.php\/2023\/11\/20\/1-mes-e-7-jogos-fizemos-um-raio-x-do-primeiro-mes-do-tite-no-comando-do-flamengo\/\"},\"wordCount\":421,\"commentCount\":0,\"image\":{\"@id\":\"https:\/\/www.gaveanews.com\/index.php\/2023\/11\/20\/1-mes-e-7-jogos-fizemos-um-raio-x-do-primeiro-mes-do-tite-no-comando-do-flamengo\/#primaryimage\"},\"thumbnailUrl\":\"https:\/\/www.gaveanews.com\/wp-content\/uploads\/tite-cleber-xavier-flamengo-gremio.webp\",\"keywords\":[\"Adenor Leonardo Bachi\"],\"articleSection\":[\"Flamengo\"],\"inLanguage\":\"pt-BR\",\"potentialAction\":[{\"@type\":\"CommentAction\",\"name\":\"Comment\",\"target\":[\"https:\/\/www.gaveanews.com\/index.php\/2023\/11\/20\/1-mes-e-7-jogos-fizemos-um-raio-x-do-primeiro-mes-do-tite-no-comando-do-flamengo\/#respond\"]}],\"copyrightYear\":\"2023\",\"copyrightHolder\":{\"@id\":\"https:\/\/www.gaveanews.com\/#organization\"}},{\"@type\":\"WebPage\",\"@id\":\"https:\/\/www.gaveanews.com\/index.php\/2023\/11\/20\/1-mes-e-7-jogos-fizemos-um-raio-x-do-primeiro-mes-do-tite-no-comando-do-flamengo\/\",\"url\":\"https:\/\/www.gaveanews.com\/index.php\/2023\/11\/20\/1-mes-e-7-jogos-fizemos-um-raio-x-do-primeiro-mes-do-tite-no-comando-do-flamengo\/\",\"name\":\"1 m\u00eas e 7 jogos: Fizemos um raio-X do primeiro m\u00eas do Tite no comando do Flamengo\",\"isPartOf\":{\"@id\":\"https:\/\/www.gaveanews.com\/#website\"},\"primaryImageOfPage\":{\"@id\":\"https:\/\/www.gaveanews.com\/index.php\/2023\/11\/20\/1-mes-e-7-jogos-fizemos-um-raio-x-do-primeiro-mes-do-tite-no-comando-do-flamengo\/#primaryimage\"},\"image\":{\"@id\":\"https:\/\/www.gaveanews.com\/index.php\/2023\/11\/20\/1-mes-e-7-jogos-fizemos-um-raio-x-do-primeiro-mes-do-tite-no-comando-do-flamengo\/#primaryimage\"},\"thumbnailUrl\":\"https:\/\/www.gaveanews.com\/wp-content\/uploads\/tite-cleber-xavier-flamengo-gremio.webp\",\"datePublished\":\"2023-11-20T22:24:35+00:00\",\"dateModified\":\"2024-04-07T02:21:47+00:00\",\"author\":{\"@id\":\"https:\/\/www.gaveanews.com\/#\/schema\/person\/51b3ba6a493cf9e7af9ce2c6d0d4ff1c\"},\"breadcrumb\":{\"@id\":\"https:\/\/www.gaveanews.com\/index.php\/2023\/11\/20\/1-mes-e-7-jogos-fizemos-um-raio-x-do-primeiro-mes-do-tite-no-comando-do-flamengo\/#breadcrumb\"},\"inLanguage\":\"pt-BR\",\"potentialAction\":[{\"@type\":\"ReadAction\",\"target\":[\"https:\/\/www.gaveanews.com\/index.php\/2023\/11\/20\/1-mes-e-7-jogos-fizemos-um-raio-x-do-primeiro-mes-do-tite-no-comando-do-flamengo\/\"]}]},{\"@type\":\"ImageObject\",\"inLanguage\":\"pt-BR\",\"@id\":\"https:\/\/www.gaveanews.com\/index.php\/2023\/11\/20\/1-mes-e-7-jogos-fizemos-um-raio-x-do-primeiro-mes-do-tite-no-comando-do-flamengo\/#primaryimage\",\"url\":\"https:\/\/www.gaveanews.com\/wp-content\/uploads\/tite-cleber-xavier-flamengo-gremio.webp\",\"contentUrl\":\"https:\/\/www.gaveanews.com\/wp-content\/uploads\/tite-cleber-xavier-flamengo-gremio.webp\",\"width\":984,\"height\":656,\"caption\":\"Tite e seu auxiliar Cl\u00e9ber Xavier em jogo do Flamengo (Foto: Maxi Franzoi\/AGIF)\"},{\"@type\":\"BreadcrumbList\",\"@id\":\"https:\/\/www.gaveanews.com\/index.php\/2023\/11\/20\/1-mes-e-7-jogos-fizemos-um-raio-x-do-primeiro-mes-do-tite-no-comando-do-flamengo\/#breadcrumb\",\"itemListElement\":[{\"@type\":\"ListItem\",\"position\":1,\"name\":\"Home\",\"item\":\"https:\/\/www.gaveanews.com\/\"},{\"@type\":\"ListItem\",\"position\":2,\"name\":\"1 m\u00eas e 7 jogos: Fizemos um raio-X do primeiro m\u00eas do Tite no comando do Flamengo\"}]},{\"@type\":\"WebSite\",\"@id\":\"https:\/\/www.gaveanews.com\/#website\",\"url\":\"https:\/\/www.gaveanews.com\/\",\"name\":\"G\u00e1vea News\",\"description\":\"Veja todas as not\u00edcias sobre o Flamengo: Contrata\u00e7\u00f5es, categorias de base, resultados das partidas, tabela de classifica\u00e7\u00e3o, pr\u00f3ximos jogos!\",\"potentialAction\":[{\"@type\":\"SearchAction\",\"target\":{\"@type\":\"EntryPoint\",\"urlTemplate\":\"https:\/\/www.gaveanews.com\/?s={search_term_string}\"},\"query-input\":{\"@type\":\"PropertyValueSpecification\",\"valueRequired\":true,\"valueName\":\"search_term_string\"}}],\"inLanguage\":\"pt-BR\"},{\"@type\":\"Person\",\"@id\":\"https:\/\/www.gaveanews.com\/#\/schema\/person\/51b3ba6a493cf9e7af9ce2c6d0d4ff1c\",\"name\":\"Kayo Silva\",\"image\":{\"@type\":\"ImageObject\",\"inLanguage\":\"pt-BR\",\"@id\":\"https:\/\/www.gaveanews.com\/#\/schema\/person\/image\/\",\"url\":\"https:\/\/secure.gravatar.com\/avatar\/af6d65cafc646a65c39c5fcb2a1ef51b863a81461770cfff553ec2fdd931c68c?s=96&d=mm&r=g\",\"contentUrl\":\"https:\/\/secure.gravatar.com\/avatar\/af6d65cafc646a65c39c5fcb2a1ef51b863a81461770cfff553ec2fdd931c68c?s=96&d=mm&r=g\",\"caption\":\"Kayo Silva\"}}]}<\/script>\n<!-- \/ Yoast SEO Premium plugin. -->","yoast_head_json":{"title":"1 m\u00eas e 7 jogos: Fizemos um raio-X do primeiro m\u00eas do Tite no comando do Flamengo","robots":{"index":"index","follow":"follow","max-snippet":"max-snippet:-1","max-image-preview":"max-image-preview:large","max-video-preview":"max-video-preview:-1"},"canonical":"https:\/\/www.gaveanews.com\/index.php\/2023\/11\/20\/1-mes-e-7-jogos-fizemos-um-raio-x-do-primeiro-mes-do-tite-no-comando-do-flamengo\/","og_locale":"pt_BR","og_type":"article","og_title":"1 m\u00eas e 7 jogos: Fizemos um raio-X do primeiro m\u00eas do Tite no comando do Flamengo","og_description":"Por: Kayo Silva &#8220;Desde que Tite assumiu o comando do Flamengo, com foco inicial na temporada de 2024, o time j\u00e1 mostrou uma cara nova e resultados promissores. Em apenas um m\u00eas, o t\u00e9cnico alcan\u00e7ou um aproveitamento de 61%, com quatro vit\u00f3rias, duas derrotas e um empate. Isso tudo se traduz em 12 gols marcados [&hellip;]","og_url":"https:\/\/www.gaveanews.com\/index.php\/2023\/11\/20\/1-mes-e-7-jogos-fizemos-um-raio-x-do-primeiro-mes-do-tite-no-comando-do-flamengo\/","og_site_name":"G\u00e1vea News","article_publisher":"https:\/\/facebook.com\/gaveaNews\/","article_published_time":"2023-11-20T22:24:35+00:00","article_modified_time":"2024-04-07T02:21:47+00:00","og_image":[{"width":984,"height":656,"url":"https:\/\/www.gaveanews.com\/wp-content\/uploads\/tite-cleber-xavier-flamengo-gremio.webp","type":"image\/webp"}],"author":"Kayo Silva","twitter_card":"summary_large_image","twitter_misc":{"Escrito por":"Kayo Silva","Est. tempo de leitura":"3 minutos"},"schema":{"@context":"https:\/\/schema.org","@graph":[{"@type":"NewsArticle","@id":"https:\/\/www.gaveanews.com\/index.php\/2023\/11\/20\/1-mes-e-7-jogos-fizemos-um-raio-x-do-primeiro-mes-do-tite-no-comando-do-flamengo\/#article","isPartOf":{"@id":"https:\/\/www.gaveanews.com\/index.php\/2023\/11\/20\/1-mes-e-7-jogos-fizemos-um-raio-x-do-primeiro-mes-do-tite-no-comando-do-flamengo\/"},"author":{"name":"Kayo Silva","@id":"https:\/\/www.gaveanews.com\/#\/schema\/person\/51b3ba6a493cf9e7af9ce2c6d0d4ff1c"},"headline":"1 m\u00eas e 7 jogos: Fizemos um raio-X do primeiro m\u00eas do Tite no comando do Flamengo","datePublished":"2023-11-20T22:24:35+00:00","dateModified":"2024-04-07T02:21:47+00:00","mainEntityOfPage":{"@id":"https:\/\/www.gaveanews.com\/index.php\/2023\/11\/20\/1-mes-e-7-jogos-fizemos-um-raio-x-do-primeiro-mes-do-tite-no-comando-do-flamengo\/"},"wordCount":421,"commentCount":0,"image":{"@id":"https:\/\/www.gaveanews.com\/index.php\/2023\/11\/20\/1-mes-e-7-jogos-fizemos-um-raio-x-do-primeiro-mes-do-tite-no-comando-do-flamengo\/#primaryimage"},"thumbnailUrl":"https:\/\/www.gaveanews.com\/wp-content\/uploads\/tite-cleber-xavier-flamengo-gremio.webp","keywords":["Adenor Leonardo Bachi"],"articleSection":["Flamengo"],"inLanguage":"pt-BR","potentialAction":[{"@type":"CommentAction","name":"Comment","target":["https:\/\/www.gaveanews.com\/index.php\/2023\/11\/20\/1-mes-e-7-jogos-fizemos-um-raio-x-do-primeiro-mes-do-tite-no-comando-do-flamengo\/#respond"]}],"copyrightYear":"2023","copyrightHolder":{"@id":"https:\/\/www.gaveanews.com\/#organization"}},{"@type":"WebPage","@id":"https:\/\/www.gaveanews.com\/index.php\/2023\/11\/20\/1-mes-e-7-jogos-fizemos-um-raio-x-do-primeiro-mes-do-tite-no-comando-do-flamengo\/","url":"https:\/\/www.gaveanews.com\/index.php\/2023\/11\/20\/1-mes-e-7-jogos-fizemos-um-raio-x-do-primeiro-mes-do-tite-no-comando-do-flamengo\/","name":"1 m\u00eas e 7 jogos: Fizemos um raio-X do primeiro m\u00eas do Tite no comando do Flamengo","isPartOf":{"@id":"https:\/\/www.gaveanews.com\/#website"},"primaryImageOfPage":{"@id":"https:\/\/www.gaveanews.com\/index.php\/2023\/11\/20\/1-mes-e-7-jogos-fizemos-um-raio-x-do-primeiro-mes-do-tite-no-comando-do-flamengo\/#primaryimage"},"image":{"@id":"https:\/\/www.gaveanews.com\/index.php\/2023\/11\/20\/1-mes-e-7-jogos-fizemos-um-raio-x-do-primeiro-mes-do-tite-no-comando-do-flamengo\/#primaryimage"},"thumbnailUrl":"https:\/\/www.gaveanews.com\/wp-content\/uploads\/tite-cleber-xavier-flamengo-gremio.webp","datePublished":"2023-11-20T22:24:35+00:00","dateModified":"2024-04-07T02:21:47+00:00","author":{"@id":"https:\/\/www.gaveanews.com\/#\/schema\/person\/51b3ba6a493cf9e7af9ce2c6d0d4ff1c"},"breadcrumb":{"@id":"https:\/\/www.gaveanews.com\/index.php\/2023\/11\/20\/1-mes-e-7-jogos-fizemos-um-raio-x-do-primeiro-mes-do-tite-no-comando-do-flamengo\/#breadcrumb"},"inLanguage":"pt-BR","potentialAction":[{"@type":"ReadAction","target":["https:\/\/www.gaveanews.com\/index.php\/2023\/11\/20\/1-mes-e-7-jogos-fizemos-um-raio-x-do-primeiro-mes-do-tite-no-comando-do-flamengo\/"]}]},{"@type":"ImageObject","inLanguage":"pt-BR","@id":"https:\/\/www.gaveanews.com\/index.php\/2023\/11\/20\/1-mes-e-7-jogos-fizemos-um-raio-x-do-primeiro-mes-do-tite-no-comando-do-flamengo\/#primaryimage","url":"https:\/\/www.gaveanews.com\/wp-content\/uploads\/tite-cleber-xavier-flamengo-gremio.webp","contentUrl":"https:\/\/www.gaveanews.com\/wp-content\/uploads\/tite-cleber-xavier-flamengo-gremio.webp","width":984,"height":656,"caption":"Tite e seu auxiliar Cl\u00e9ber Xavier em jogo do Flamengo (Foto: Maxi Franzoi\/AGIF)"},{"@type":"BreadcrumbList","@id":"https:\/\/www.gaveanews.com\/index.php\/2023\/11\/20\/1-mes-e-7-jogos-fizemos-um-raio-x-do-primeiro-mes-do-tite-no-comando-do-flamengo\/#breadcrumb","itemListElement":[{"@type":"ListItem","position":1,"name":"Home","item":"https:\/\/www.gaveanews.com\/"},{"@type":"ListItem","position":2,"name":"1 m\u00eas e 7 jogos: Fizemos um raio-X do primeiro m\u00eas do Tite no comando do Flamengo"}]},{"@type":"WebSite","@id":"https:\/\/www.gaveanews.com\/#website","url":"https:\/\/www.gaveanews.com\/","name":"G\u00e1vea News","description":"Veja todas as not\u00edcias sobre o Flamengo: Contrata\u00e7\u00f5es, categorias de base, resultados das partidas, tabela de classifica\u00e7\u00e3o, pr\u00f3ximos jogos!","potentialAction":[{"@type":"SearchAction","target":{"@type":"EntryPoint","urlTemplate":"https:\/\/www.gaveanews.com\/?s={search_term_string}"},"query-input":{"@type":"PropertyValueSpecification","valueRequired":true,"valueName":"search_term_string"}}],"inLanguage":"pt-BR"},{"@type":"Person","@id":"https:\/\/www.gaveanews.com\/#\/schema\/person\/51b3ba6a493cf9e7af9ce2c6d0d4ff1c","name":"Kayo Silva","image":{"@type":"ImageObject","inLanguage":"pt-BR","@id":"https:\/\/www.gaveanews.com\/#\/schema\/person\/image\/","url":"https:\/\/secure.gravatar.com\/avatar\/af6d65cafc646a65c39c5fcb2a1ef51b863a81461770cfff553ec2fdd931c68c?s=96&d=mm&r=g","contentUrl":"https:\/\/secure.gravatar.com\/avatar\/af6d65cafc646a65c39c5fcb2a1ef51b863a81461770cfff553ec2fdd931c68c?s=96&d=mm&r=g","caption":"Kayo Silva"}}]}},"_links":{"self":[{"href":"https:\/\/www.gaveanews.com\/index.php\/wp-json\/wp\/v2\/posts\/112115","targetHints":{"allow":["GET"]}}],"collection":[{"href":"https:\/\/www.gaveanews.com\/index.php\/wp-json\/wp\/v2\/posts"}],"about":[{"href":"https:\/\/www.gaveanews.com\/index.php\/wp-json\/wp\/v2\/types\/post"}],"author":[{"embeddable":true,"href":"https:\/\/www.gaveanews.com\/index.php\/wp-json\/wp\/v2\/users\/10"}],"replies":[{"embeddable":true,"href":"https:\/\/www.gaveanews.com\/index.php\/wp-json\/wp\/v2\/comments?post=112115"}],"version-history":[{"count":1,"href":"https:\/\/www.gaveanews.com\/index.php\/wp-json\/wp\/v2\/posts\/112115\/revisions"}],"predecessor-version":[{"id":134963,"href":"https:\/\/www.gaveanews.com\/index.php\/wp-json\/wp\/v2\/posts\/112115\/revisions\/134963"}],"wp:featuredmedia":[{"embeddable":true,"href":"https:\/\/www.gaveanews.com\/index.php\/wp-json\/wp\/v2\/media\/109372"}],"wp:attachment":[{"href":"https:\/\/www.gaveanews.com\/index.php\/wp-json\/wp\/v2\/media?parent=112115"}],"wp:term":[{"taxonomy":"category","embeddable":true,"href":"https:\/\/www.gaveanews.com\/index.php\/wp-json\/wp\/v2\/categories?post=112115"},{"taxonomy":"post_tag","embeddable":true,"href":"https:\/\/www.gaveanews.com\/index.php\/wp-json\/wp\/v2\/tags?post=112115"}],"curies":[{"name":"wp","href":"https:\/\/api.w.org\/{rel}","templated":true}]}}