{"id":112160,"date":"2023-11-20T17:14:50","date_gmt":"2023-11-20T20:14:50","guid":{"rendered":"https:\/\/www.gaveanews.com\/?p=112160"},"modified":"2024-04-07T09:35:52","modified_gmt":"2024-04-07T12:35:52","slug":"flamengo-tem-atalho-para-contratar-de-la-cruz-junto-ao-river-plate","status":"publish","type":"post","link":"https:\/\/www.gaveanews.com\/index.php\/2023\/11\/20\/flamengo-tem-atalho-para-contratar-de-la-cruz-junto-ao-river-plate\/","title":{"rendered":"Flamengo tem &#8216;atalho&#8217; para contratar De La Cruz junto ao River Plate"},"content":{"rendered":"\n<p>Por: Let\u00edcia Gerheim<br><br>O Flamengo se mant\u00e9m firme no interesse por Nicol\u00e1s de la Cruz e deixou claro que n\u00e3o ir\u00e1 desistir do meia. O clube, no entanto, tamb\u00e9m sabe que o River Plate continuar\u00e1 fazendo jogo duro para n\u00e3o liberar o uruguaio.<\/p>\n\n\n\n<p>Em meio a esta situa\u00e7\u00e3o, os dirigentes rubro-negros acionaram o intermedi\u00e1rio que trouxe Rossi ao Flamengo para ajudar com as negocia\u00e7\u00f5es. A informa\u00e7\u00e3o \u00e9 do jornalista Gabriel Reis, do Paparazzo Rubro-Negro.<\/p>\n\n\n\n<p>Al\u00e9m da libera\u00e7\u00e3o do jogador, o Mais Querido tamb\u00e9m tenta diminuir a pedida dos argentinos. Um dos empres\u00e1rios envolvidos na negocia\u00e7\u00e3o informou que o River Plate n\u00e3o aceita menos que 14 milh\u00f5es de d\u00f3lares (cerca de R$ 68 milh\u00f5es).<\/p>\n\n\n\n<p>O valor \u00e9 inferior \u00e0 multa rescis\u00f3ria de De La Cruz com o River, fixada em 16 milh\u00f5es de d\u00f3lares (pouco mais de R$ 77 milh\u00f5es na cota\u00e7\u00e3o atual). O novo montante, inclusive, poderia ser parcelado. O Flamengo pretende dividir a compra em pelo menos tr\u00eas anos.<\/p>\n\n\n\n<figure class=\"wp-block-embed is-type-video is-provider-youtube wp-block-embed-youtube wp-embed-aspect-16-9 wp-has-aspect-ratio\"><div class=\"wp-block-embed__wrapper\">\n<iframe loading=\"lazy\" title=\"PROJETO DO EST\u00c1DIO SAI! VALOR DEFINIDO! 68 MI AO RIVER POR DLC! AP\u00d3S J. GOMES, WOLVES QUER V. HUGO!\" width=\"640\" height=\"360\" src=\"https:\/\/www.youtube.com\/embed\/XIRnsO4k6Go?feature=oembed\" frameborder=\"0\" allow=\"accelerometer; autoplay; clipboard-write; encrypted-media; gyroscope; picture-in-picture; web-share\" referrerpolicy=\"strict-origin-when-cross-origin\" allowfullscreen><\/iframe>\n<\/div><\/figure>\n","protected":false},"excerpt":{"rendered":"<p>Por: Let\u00edcia Gerheim O Flamengo se mant\u00e9m firme no interesse por Nicol\u00e1s de la Cruz e deixou claro que n\u00e3o ir\u00e1 desistir do meia. O clube, no entanto, tamb\u00e9m sabe que o River Plate continuar\u00e1 fazendo jogo duro para n\u00e3o liberar o uruguaio. Em meio a esta situa\u00e7\u00e3o, os dirigentes rubro-negros acionaram o intermedi\u00e1rio que [&hellip;]<\/p>\n","protected":false},"author":4,"featured_media":99249,"comment_status":"open","ping_status":"closed","sticky":false,"template":"","format":"standard","meta":{"footnotes":""},"categories":[1],"tags":[180],"class_list":["post-112160","post","type-post","status-publish","format-standard","has-post-thumbnail","hentry","category-flamengo","tag-diego-nicolas-de-la-cruz-arcosa"],"yoast_head":"<!-- This site is optimized with the Yoast SEO Premium plugin v24.2 (Yoast SEO v26.9) - https:\/\/yoast.com\/product\/yoast-seo-premium-wordpress\/ -->\n<title>Flamengo tem &#039;atalho&#039; para contratar De La Cruz junto ao River Plate<\/title>\n<meta name=\"robots\" content=\"index, follow, max-snippet:-1, max-image-preview:large, max-video-preview:-1\" \/>\n<link rel=\"canonical\" href=\"https:\/\/www.gaveanews.com\/index.php\/2023\/11\/20\/flamengo-tem-atalho-para-contratar-de-la-cruz-junto-ao-river-plate\/\" \/>\n<meta property=\"og:locale\" content=\"pt_BR\" \/>\n<meta property=\"og:type\" content=\"article\" \/>\n<meta property=\"og:title\" content=\"Flamengo tem &#039;atalho&#039; para contratar De La Cruz junto ao River Plate\" \/>\n<meta property=\"og:description\" content=\"Por: Let\u00edcia Gerheim O Flamengo se mant\u00e9m firme no interesse por Nicol\u00e1s de la Cruz e deixou claro que n\u00e3o ir\u00e1 desistir do meia. O clube, no entanto, tamb\u00e9m sabe que o River Plate continuar\u00e1 fazendo jogo duro para n\u00e3o liberar o uruguaio. Em meio a esta situa\u00e7\u00e3o, os dirigentes rubro-negros acionaram o intermedi\u00e1rio que [&hellip;]\" \/>\n<meta property=\"og:url\" content=\"https:\/\/www.gaveanews.com\/index.php\/2023\/11\/20\/flamengo-tem-atalho-para-contratar-de-la-cruz-junto-ao-river-plate\/\" \/>\n<meta property=\"og:site_name\" content=\"G\u00e1vea News\" \/>\n<meta property=\"article:publisher\" content=\"https:\/\/facebook.com\/gaveaNews\/\" \/>\n<meta property=\"article:published_time\" content=\"2023-11-20T20:14:50+00:00\" \/>\n<meta property=\"article:modified_time\" content=\"2024-04-07T12:35:52+00:00\" \/>\n<meta property=\"og:image\" content=\"https:\/\/www.gaveanews.com\/wp-content\/uploads\/dela-cruz-flamengo-river-plate.webp\" \/>\n\t<meta property=\"og:image:width\" content=\"984\" \/>\n\t<meta property=\"og:image:height\" content=\"655\" \/>\n\t<meta property=\"og:image:type\" content=\"image\/webp\" \/>\n<meta name=\"author\" content=\"Let\u00edcia Gerheim\" \/>\n<meta name=\"twitter:card\" content=\"summary_large_image\" \/>\n<meta name=\"twitter:label1\" content=\"Escrito por\" \/>\n\t<meta name=\"twitter:data1\" content=\"Let\u00edcia Gerheim\" \/>\n\t<meta name=\"twitter:label2\" content=\"Est. tempo de leitura\" \/>\n\t<meta name=\"twitter:data2\" content=\"1 minuto\" \/>\n<script type=\"application\/ld+json\" class=\"yoast-schema-graph\">{\"@context\":\"https:\/\/schema.org\",\"@graph\":[{\"@type\":\"NewsArticle\",\"@id\":\"https:\/\/www.gaveanews.com\/index.php\/2023\/11\/20\/flamengo-tem-atalho-para-contratar-de-la-cruz-junto-ao-river-plate\/#article\",\"isPartOf\":{\"@id\":\"https:\/\/www.gaveanews.com\/index.php\/2023\/11\/20\/flamengo-tem-atalho-para-contratar-de-la-cruz-junto-ao-river-plate\/\"},\"author\":{\"name\":\"Let\u00edcia Gerheim\",\"@id\":\"https:\/\/www.gaveanews.com\/#\/schema\/person\/714c67050b836198af2450ba1c142a67\"},\"headline\":\"Flamengo tem &#8216;atalho&#8217; para contratar De La Cruz junto ao River Plate\",\"datePublished\":\"2023-11-20T20:14:50+00:00\",\"dateModified\":\"2024-04-07T12:35:52+00:00\",\"mainEntityOfPage\":{\"@id\":\"https:\/\/www.gaveanews.com\/index.php\/2023\/11\/20\/flamengo-tem-atalho-para-contratar-de-la-cruz-junto-ao-river-plate\/\"},\"wordCount\":203,\"commentCount\":0,\"image\":{\"@id\":\"https:\/\/www.gaveanews.com\/index.php\/2023\/11\/20\/flamengo-tem-atalho-para-contratar-de-la-cruz-junto-ao-river-plate\/#primaryimage\"},\"thumbnailUrl\":\"https:\/\/www.gaveanews.com\/wp-content\/uploads\/dela-cruz-flamengo-river-plate.webp\",\"keywords\":[\"Diego Nicol\u00e1s de la Cruz Arcosa\"],\"articleSection\":[\"Flamengo\"],\"inLanguage\":\"pt-BR\",\"potentialAction\":[{\"@type\":\"CommentAction\",\"name\":\"Comment\",\"target\":[\"https:\/\/www.gaveanews.com\/index.php\/2023\/11\/20\/flamengo-tem-atalho-para-contratar-de-la-cruz-junto-ao-river-plate\/#respond\"]}],\"copyrightYear\":\"2023\",\"copyrightHolder\":{\"@id\":\"https:\/\/www.gaveanews.com\/#organization\"}},{\"@type\":\"WebPage\",\"@id\":\"https:\/\/www.gaveanews.com\/index.php\/2023\/11\/20\/flamengo-tem-atalho-para-contratar-de-la-cruz-junto-ao-river-plate\/\",\"url\":\"https:\/\/www.gaveanews.com\/index.php\/2023\/11\/20\/flamengo-tem-atalho-para-contratar-de-la-cruz-junto-ao-river-plate\/\",\"name\":\"Flamengo tem 'atalho' para contratar De La Cruz junto ao River Plate\",\"isPartOf\":{\"@id\":\"https:\/\/www.gaveanews.com\/#website\"},\"primaryImageOfPage\":{\"@id\":\"https:\/\/www.gaveanews.com\/index.php\/2023\/11\/20\/flamengo-tem-atalho-para-contratar-de-la-cruz-junto-ao-river-plate\/#primaryimage\"},\"image\":{\"@id\":\"https:\/\/www.gaveanews.com\/index.php\/2023\/11\/20\/flamengo-tem-atalho-para-contratar-de-la-cruz-junto-ao-river-plate\/#primaryimage\"},\"thumbnailUrl\":\"https:\/\/www.gaveanews.com\/wp-content\/uploads\/dela-cruz-flamengo-river-plate.webp\",\"datePublished\":\"2023-11-20T20:14:50+00:00\",\"dateModified\":\"2024-04-07T12:35:52+00:00\",\"author\":{\"@id\":\"https:\/\/www.gaveanews.com\/#\/schema\/person\/714c67050b836198af2450ba1c142a67\"},\"breadcrumb\":{\"@id\":\"https:\/\/www.gaveanews.com\/index.php\/2023\/11\/20\/flamengo-tem-atalho-para-contratar-de-la-cruz-junto-ao-river-plate\/#breadcrumb\"},\"inLanguage\":\"pt-BR\",\"potentialAction\":[{\"@type\":\"ReadAction\",\"target\":[\"https:\/\/www.gaveanews.com\/index.php\/2023\/11\/20\/flamengo-tem-atalho-para-contratar-de-la-cruz-junto-ao-river-plate\/\"]}]},{\"@type\":\"ImageObject\",\"inLanguage\":\"pt-BR\",\"@id\":\"https:\/\/www.gaveanews.com\/index.php\/2023\/11\/20\/flamengo-tem-atalho-para-contratar-de-la-cruz-junto-ao-river-plate\/#primaryimage\",\"url\":\"https:\/\/www.gaveanews.com\/wp-content\/uploads\/dela-cruz-flamengo-river-plate.webp\",\"contentUrl\":\"https:\/\/www.gaveanews.com\/wp-content\/uploads\/dela-cruz-flamengo-river-plate.webp\",\"width\":984,\"height\":655,\"caption\":\"De La Cruz em a\u00e7\u00e3o pelo River Plate (Foto: Reprodu\u00e7\u00e3o\/River Plate)\"},{\"@type\":\"BreadcrumbList\",\"@id\":\"https:\/\/www.gaveanews.com\/index.php\/2023\/11\/20\/flamengo-tem-atalho-para-contratar-de-la-cruz-junto-ao-river-plate\/#breadcrumb\",\"itemListElement\":[{\"@type\":\"ListItem\",\"position\":1,\"name\":\"Home\",\"item\":\"https:\/\/www.gaveanews.com\/\"},{\"@type\":\"ListItem\",\"position\":2,\"name\":\"Flamengo tem &#8216;atalho&#8217; para contratar De La Cruz junto ao River Plate\"}]},{\"@type\":\"WebSite\",\"@id\":\"https:\/\/www.gaveanews.com\/#website\",\"url\":\"https:\/\/www.gaveanews.com\/\",\"name\":\"G\u00e1vea News\",\"description\":\"Veja todas as not\u00edcias sobre o Flamengo: Contrata\u00e7\u00f5es, categorias de base, resultados das partidas, tabela de classifica\u00e7\u00e3o, pr\u00f3ximos jogos!\",\"potentialAction\":[{\"@type\":\"SearchAction\",\"target\":{\"@type\":\"EntryPoint\",\"urlTemplate\":\"https:\/\/www.gaveanews.com\/?s={search_term_string}\"},\"query-input\":{\"@type\":\"PropertyValueSpecification\",\"valueRequired\":true,\"valueName\":\"search_term_string\"}}],\"inLanguage\":\"pt-BR\"},{\"@type\":\"Person\",\"@id\":\"https:\/\/www.gaveanews.com\/#\/schema\/person\/714c67050b836198af2450ba1c142a67\",\"name\":\"Let\u00edcia Gerheim\",\"image\":{\"@type\":\"ImageObject\",\"inLanguage\":\"pt-BR\",\"@id\":\"https:\/\/www.gaveanews.com\/#\/schema\/person\/image\/\",\"url\":\"https:\/\/secure.gravatar.com\/avatar\/60734739c50fcebfbac509e2a826ccd0ff405c019bc73aab9354f19ecad1dcb4?s=96&d=mm&r=g\",\"contentUrl\":\"https:\/\/secure.gravatar.com\/avatar\/60734739c50fcebfbac509e2a826ccd0ff405c019bc73aab9354f19ecad1dcb4?s=96&d=mm&r=g\",\"caption\":\"Let\u00edcia Gerheim\"}}]}<\/script>\n<!-- \/ Yoast SEO Premium plugin. -->","yoast_head_json":{"title":"Flamengo tem 'atalho' para contratar De La Cruz junto ao River Plate","robots":{"index":"index","follow":"follow","max-snippet":"max-snippet:-1","max-image-preview":"max-image-preview:large","max-video-preview":"max-video-preview:-1"},"canonical":"https:\/\/www.gaveanews.com\/index.php\/2023\/11\/20\/flamengo-tem-atalho-para-contratar-de-la-cruz-junto-ao-river-plate\/","og_locale":"pt_BR","og_type":"article","og_title":"Flamengo tem 'atalho' para contratar De La Cruz junto ao River Plate","og_description":"Por: Let\u00edcia Gerheim O Flamengo se mant\u00e9m firme no interesse por Nicol\u00e1s de la Cruz e deixou claro que n\u00e3o ir\u00e1 desistir do meia. O clube, no entanto, tamb\u00e9m sabe que o River Plate continuar\u00e1 fazendo jogo duro para n\u00e3o liberar o uruguaio. Em meio a esta situa\u00e7\u00e3o, os dirigentes rubro-negros acionaram o intermedi\u00e1rio que [&hellip;]","og_url":"https:\/\/www.gaveanews.com\/index.php\/2023\/11\/20\/flamengo-tem-atalho-para-contratar-de-la-cruz-junto-ao-river-plate\/","og_site_name":"G\u00e1vea News","article_publisher":"https:\/\/facebook.com\/gaveaNews\/","article_published_time":"2023-11-20T20:14:50+00:00","article_modified_time":"2024-04-07T12:35:52+00:00","og_image":[{"width":984,"height":655,"url":"https:\/\/www.gaveanews.com\/wp-content\/uploads\/dela-cruz-flamengo-river-plate.webp","type":"image\/webp"}],"author":"Let\u00edcia Gerheim","twitter_card":"summary_large_image","twitter_misc":{"Escrito por":"Let\u00edcia Gerheim","Est. tempo de leitura":"1 minuto"},"schema":{"@context":"https:\/\/schema.org","@graph":[{"@type":"NewsArticle","@id":"https:\/\/www.gaveanews.com\/index.php\/2023\/11\/20\/flamengo-tem-atalho-para-contratar-de-la-cruz-junto-ao-river-plate\/#article","isPartOf":{"@id":"https:\/\/www.gaveanews.com\/index.php\/2023\/11\/20\/flamengo-tem-atalho-para-contratar-de-la-cruz-junto-ao-river-plate\/"},"author":{"name":"Let\u00edcia Gerheim","@id":"https:\/\/www.gaveanews.com\/#\/schema\/person\/714c67050b836198af2450ba1c142a67"},"headline":"Flamengo tem &#8216;atalho&#8217; para contratar De La Cruz junto ao River Plate","datePublished":"2023-11-20T20:14:50+00:00","dateModified":"2024-04-07T12:35:52+00:00","mainEntityOfPage":{"@id":"https:\/\/www.gaveanews.com\/index.php\/2023\/11\/20\/flamengo-tem-atalho-para-contratar-de-la-cruz-junto-ao-river-plate\/"},"wordCount":203,"commentCount":0,"image":{"@id":"https:\/\/www.gaveanews.com\/index.php\/2023\/11\/20\/flamengo-tem-atalho-para-contratar-de-la-cruz-junto-ao-river-plate\/#primaryimage"},"thumbnailUrl":"https:\/\/www.gaveanews.com\/wp-content\/uploads\/dela-cruz-flamengo-river-plate.webp","keywords":["Diego Nicol\u00e1s de la Cruz Arcosa"],"articleSection":["Flamengo"],"inLanguage":"pt-BR","potentialAction":[{"@type":"CommentAction","name":"Comment","target":["https:\/\/www.gaveanews.com\/index.php\/2023\/11\/20\/flamengo-tem-atalho-para-contratar-de-la-cruz-junto-ao-river-plate\/#respond"]}],"copyrightYear":"2023","copyrightHolder":{"@id":"https:\/\/www.gaveanews.com\/#organization"}},{"@type":"WebPage","@id":"https:\/\/www.gaveanews.com\/index.php\/2023\/11\/20\/flamengo-tem-atalho-para-contratar-de-la-cruz-junto-ao-river-plate\/","url":"https:\/\/www.gaveanews.com\/index.php\/2023\/11\/20\/flamengo-tem-atalho-para-contratar-de-la-cruz-junto-ao-river-plate\/","name":"Flamengo tem 'atalho' para contratar De La Cruz junto ao River Plate","isPartOf":{"@id":"https:\/\/www.gaveanews.com\/#website"},"primaryImageOfPage":{"@id":"https:\/\/www.gaveanews.com\/index.php\/2023\/11\/20\/flamengo-tem-atalho-para-contratar-de-la-cruz-junto-ao-river-plate\/#primaryimage"},"image":{"@id":"https:\/\/www.gaveanews.com\/index.php\/2023\/11\/20\/flamengo-tem-atalho-para-contratar-de-la-cruz-junto-ao-river-plate\/#primaryimage"},"thumbnailUrl":"https:\/\/www.gaveanews.com\/wp-content\/uploads\/dela-cruz-flamengo-river-plate.webp","datePublished":"2023-11-20T20:14:50+00:00","dateModified":"2024-04-07T12:35:52+00:00","author":{"@id":"https:\/\/www.gaveanews.com\/#\/schema\/person\/714c67050b836198af2450ba1c142a67"},"breadcrumb":{"@id":"https:\/\/www.gaveanews.com\/index.php\/2023\/11\/20\/flamengo-tem-atalho-para-contratar-de-la-cruz-junto-ao-river-plate\/#breadcrumb"},"inLanguage":"pt-BR","potentialAction":[{"@type":"ReadAction","target":["https:\/\/www.gaveanews.com\/index.php\/2023\/11\/20\/flamengo-tem-atalho-para-contratar-de-la-cruz-junto-ao-river-plate\/"]}]},{"@type":"ImageObject","inLanguage":"pt-BR","@id":"https:\/\/www.gaveanews.com\/index.php\/2023\/11\/20\/flamengo-tem-atalho-para-contratar-de-la-cruz-junto-ao-river-plate\/#primaryimage","url":"https:\/\/www.gaveanews.com\/wp-content\/uploads\/dela-cruz-flamengo-river-plate.webp","contentUrl":"https:\/\/www.gaveanews.com\/wp-content\/uploads\/dela-cruz-flamengo-river-plate.webp","width":984,"height":655,"caption":"De La Cruz em a\u00e7\u00e3o pelo River Plate (Foto: Reprodu\u00e7\u00e3o\/River Plate)"},{"@type":"BreadcrumbList","@id":"https:\/\/www.gaveanews.com\/index.php\/2023\/11\/20\/flamengo-tem-atalho-para-contratar-de-la-cruz-junto-ao-river-plate\/#breadcrumb","itemListElement":[{"@type":"ListItem","position":1,"name":"Home","item":"https:\/\/www.gaveanews.com\/"},{"@type":"ListItem","position":2,"name":"Flamengo tem &#8216;atalho&#8217; para contratar De La Cruz junto ao River Plate"}]},{"@type":"WebSite","@id":"https:\/\/www.gaveanews.com\/#website","url":"https:\/\/www.gaveanews.com\/","name":"G\u00e1vea News","description":"Veja todas as not\u00edcias sobre o Flamengo: Contrata\u00e7\u00f5es, categorias de base, resultados das partidas, tabela de classifica\u00e7\u00e3o, pr\u00f3ximos jogos!","potentialAction":[{"@type":"SearchAction","target":{"@type":"EntryPoint","urlTemplate":"https:\/\/www.gaveanews.com\/?s={search_term_string}"},"query-input":{"@type":"PropertyValueSpecification","valueRequired":true,"valueName":"search_term_string"}}],"inLanguage":"pt-BR"},{"@type":"Person","@id":"https:\/\/www.gaveanews.com\/#\/schema\/person\/714c67050b836198af2450ba1c142a67","name":"Let\u00edcia Gerheim","image":{"@type":"ImageObject","inLanguage":"pt-BR","@id":"https:\/\/www.gaveanews.com\/#\/schema\/person\/image\/","url":"https:\/\/secure.gravatar.com\/avatar\/60734739c50fcebfbac509e2a826ccd0ff405c019bc73aab9354f19ecad1dcb4?s=96&d=mm&r=g","contentUrl":"https:\/\/secure.gravatar.com\/avatar\/60734739c50fcebfbac509e2a826ccd0ff405c019bc73aab9354f19ecad1dcb4?s=96&d=mm&r=g","caption":"Let\u00edcia Gerheim"}}]}},"_links":{"self":[{"href":"https:\/\/www.gaveanews.com\/index.php\/wp-json\/wp\/v2\/posts\/112160","targetHints":{"allow":["GET"]}}],"collection":[{"href":"https:\/\/www.gaveanews.com\/index.php\/wp-json\/wp\/v2\/posts"}],"about":[{"href":"https:\/\/www.gaveanews.com\/index.php\/wp-json\/wp\/v2\/types\/post"}],"author":[{"embeddable":true,"href":"https:\/\/www.gaveanews.com\/index.php\/wp-json\/wp\/v2\/users\/4"}],"replies":[{"embeddable":true,"href":"https:\/\/www.gaveanews.com\/index.php\/wp-json\/wp\/v2\/comments?post=112160"}],"version-history":[{"count":1,"href":"https:\/\/www.gaveanews.com\/index.php\/wp-json\/wp\/v2\/posts\/112160\/revisions"}],"predecessor-version":[{"id":137038,"href":"https:\/\/www.gaveanews.com\/index.php\/wp-json\/wp\/v2\/posts\/112160\/revisions\/137038"}],"wp:featuredmedia":[{"embeddable":true,"href":"https:\/\/www.gaveanews.com\/index.php\/wp-json\/wp\/v2\/media\/99249"}],"wp:attachment":[{"href":"https:\/\/www.gaveanews.com\/index.php\/wp-json\/wp\/v2\/media?parent=112160"}],"wp:term":[{"taxonomy":"category","embeddable":true,"href":"https:\/\/www.gaveanews.com\/index.php\/wp-json\/wp\/v2\/categories?post=112160"},{"taxonomy":"post_tag","embeddable":true,"href":"https:\/\/www.gaveanews.com\/index.php\/wp-json\/wp\/v2\/tags?post=112160"}],"curies":[{"name":"wp","href":"https:\/\/api.w.org\/{rel}","templated":true}]}}