{"id":112518,"date":"2023-11-22T21:15:57","date_gmt":"2023-11-23T00:15:57","guid":{"rendered":"https:\/\/www.gaveanews.com\/?p=112518"},"modified":"2023-11-22T21:15:59","modified_gmt":"2023-11-23T00:15:59","slug":"video-diego-ribas-conta-como-foi-a-decisao-de-se-juntar-ao-flamengo-em-2016","status":"publish","type":"post","link":"https:\/\/www.gaveanews.com\/index.php\/2023\/11\/22\/video-diego-ribas-conta-como-foi-a-decisao-de-se-juntar-ao-flamengo-em-2016\/","title":{"rendered":"V\u00eddeo: Diego Ribas conta como foi a decis\u00e3o de se juntar ao Flamengo em 2016"},"content":{"rendered":"\n<p>Por: Henrique Duarte<br><br>Em 2016, uma nova p\u00e1gina foi virada na hist\u00f3ria do Flamengo com a chegada de Diego Ribas. Vindo de um hist\u00f3rico impressionante na Europa, Diego escolheu o Rubro-Negro n\u00e3o apenas por sua grandiosidade, mas tamb\u00e9m pela oportunidade de ser uma pe\u00e7a chave na reestrutura\u00e7\u00e3o do clube. Esta decis\u00e3o foi contada por Diego em um podcast. O video j\u00e1 alcan\u00e7ou mais de 1,3 milh\u00f5es de visualiza\u00e7\u00f5es na internet.<\/p>\n\n\n\n<p>Seu tempo no Flamengo, que durou at\u00e9 2022, foi marcado por conquistas significativas e transforma\u00e7\u00f5es pessoais. Diego n\u00e3o era apenas um jogador no campo, ele era um vision\u00e1rio que sonhava em elevar o status do clube. E esses sonhos se tornaram realidade: sob sua influ\u00eancia, o Flamengo conquistou um arsenal de trof\u00e9us, incluindo duas Libertadores, dois Campeonatos Brasileiros, e uma s\u00e9rie de outros t\u00edtulos prestigiosos.<\/p>\n\n\n\n<p>Mais do que as vit\u00f3rias e os t\u00edtulos, Diego Ribas cultivou um relacionamento especial com o Flamengo. Para ele, o clube se tornou mais do que apenas um time de futebol; era uma parte insepar\u00e1vel de sua vida, um lugar onde ele se transformou tanto como jogador quanto como pessoa. Ele destaca o Flamengo como o clube do seu cora\u00e7\u00e3o, superando at\u00e9 suas experi\u00eancias em times europeus de renome.<\/p>\n\n\n\n<h2 class=\"wp-block-heading\" id=\"h-confira\">Confira:<\/h2>\n\n\n\n<blockquote class=\"tiktok-embed\" cite=\"https:\/\/www.tiktok.com\/@arrascapetacrf\/video\/7239753233655221509\" data-video-id=\"7239753233655221509\" style=\"max-width: 605px;min-width: 325px;\" > <section> <a target=\"_blank\" title=\"@arrascapetacrf\" href=\"https:\/\/www.tiktok.com\/@arrascapetacrf?refer=embed\" rel=\"noopener\">@arrascapetacrf<\/a> Respeito m\u00e1ximo capit\u00e3o \u2665\ufe0f\ud83d\udda4\u2665\ufe0f\ud83d\udda4\u2665\ufe0f\ud83d\udda4 <a title=\"flamengo\" target=\"_blank\" href=\"https:\/\/www.tiktok.com\/tag\/flamengo?refer=embed\" rel=\"noopener\">#flamengo<\/a> <a title=\"diegoribas\" target=\"_blank\" href=\"https:\/\/www.tiktok.com\/tag\/diegoribas?refer=embed\" rel=\"noopener\">#diegoribas<\/a> <a title=\"flamengo\" target=\"_blank\" href=\"https:\/\/www.tiktok.com\/tag\/flamengo?refer=embed\" rel=\"noopener\">#flamengo<\/a> <a title=\"podpah\" target=\"_blank\" href=\"https:\/\/www.tiktok.com\/tag\/podpah?refer=embed\" rel=\"noopener\">#podpah<\/a> <a title=\"podcastclips\" target=\"_blank\" href=\"https:\/\/www.tiktok.com\/tag\/podcastclips?refer=embed\" rel=\"noopener\">#podcastclips<\/a> <a title=\"podcasts\" target=\"_blank\" href=\"https:\/\/www.tiktok.com\/tag\/podcasts?refer=embed\" rel=\"noopener\">#podcasts<\/a> <a title=\"futebolbrasileiro\" target=\"_blank\" href=\"https:\/\/www.tiktok.com\/tag\/futebolbrasileiro?refer=embed\" rel=\"noopener\">#futebolbrasileiro<\/a> <a title=\"foryoupage\" target=\"_blank\" href=\"https:\/\/www.tiktok.com\/tag\/foryoupage?refer=embed\" rel=\"noopener\">#foryoupage<\/a> <a target=\"_blank\" title=\"\u266c SomeoneYouLoved(Cover) - \u5341\u516b\u95f2\u5ba2\" href=\"https:\/\/www.tiktok.com\/music\/SomeoneYouLoved-Cover-6888706843690928142?refer=embed\" rel=\"noopener\">\u266c SomeoneYouLoved(Cover) &#8211; \u5341\u516b\u95f2\u5ba2<\/a> <\/section> <\/blockquote> <script async src=\"https:\/\/www.tiktok.com\/embed.js\"><\/script>\n","protected":false},"excerpt":{"rendered":"<p>Por: Henrique Duarte Em 2016, uma nova p\u00e1gina foi virada na hist\u00f3ria do Flamengo com a chegada de Diego Ribas. Vindo de um hist\u00f3rico impressionante na Europa, Diego escolheu o Rubro-Negro n\u00e3o apenas por sua grandiosidade, mas tamb\u00e9m pela oportunidade de ser uma pe\u00e7a chave na reestrutura\u00e7\u00e3o do clube. Esta decis\u00e3o foi contada por Diego [&hellip;]<\/p>\n","protected":false},"author":15,"featured_media":34966,"comment_status":"open","ping_status":"closed","sticky":false,"template":"","format":"standard","meta":{"footnotes":""},"categories":[40],"tags":[],"class_list":["post-112518","post","type-post","status-publish","format-standard","has-post-thumbnail","hentry","category-video"],"yoast_head":"<!-- This site is optimized with the Yoast SEO Premium plugin v24.2 (Yoast SEO v26.9) - https:\/\/yoast.com\/product\/yoast-seo-premium-wordpress\/ -->\n<title>V\u00eddeo: Diego Ribas conta como foi a decis\u00e3o de se juntar ao Flamengo em 2016<\/title>\n<meta name=\"robots\" content=\"index, follow, max-snippet:-1, max-image-preview:large, max-video-preview:-1\" \/>\n<link rel=\"canonical\" href=\"https:\/\/www.gaveanews.com\/index.php\/2023\/11\/22\/video-diego-ribas-conta-como-foi-a-decisao-de-se-juntar-ao-flamengo-em-2016\/\" \/>\n<meta property=\"og:locale\" content=\"pt_BR\" \/>\n<meta property=\"og:type\" content=\"article\" \/>\n<meta property=\"og:title\" content=\"V\u00eddeo: Diego Ribas conta como foi a decis\u00e3o de se juntar ao Flamengo em 2016\" \/>\n<meta property=\"og:description\" content=\"Por: Henrique Duarte Em 2016, uma nova p\u00e1gina foi virada na hist\u00f3ria do Flamengo com a chegada de Diego Ribas. Vindo de um hist\u00f3rico impressionante na Europa, Diego escolheu o Rubro-Negro n\u00e3o apenas por sua grandiosidade, mas tamb\u00e9m pela oportunidade de ser uma pe\u00e7a chave na reestrutura\u00e7\u00e3o do clube. Esta decis\u00e3o foi contada por Diego [&hellip;]\" \/>\n<meta property=\"og:url\" content=\"https:\/\/www.gaveanews.com\/index.php\/2023\/11\/22\/video-diego-ribas-conta-como-foi-a-decisao-de-se-juntar-ao-flamengo-em-2016\/\" \/>\n<meta property=\"og:site_name\" content=\"G\u00e1vea News\" \/>\n<meta property=\"article:publisher\" content=\"https:\/\/facebook.com\/gaveaNews\/\" \/>\n<meta property=\"article:published_time\" content=\"2023-11-23T00:15:57+00:00\" \/>\n<meta property=\"article:modified_time\" content=\"2023-11-23T00:15:59+00:00\" \/>\n<meta property=\"og:image\" content=\"https:\/\/www.gaveanews.com\/wp-content\/uploads\/Diego-Ribas.webp\" \/>\n\t<meta property=\"og:image:width\" content=\"1591\" \/>\n\t<meta property=\"og:image:height\" content=\"893\" \/>\n\t<meta property=\"og:image:type\" content=\"image\/png\" \/>\n<meta name=\"author\" content=\"Henrique Machado\" \/>\n<meta name=\"twitter:card\" content=\"summary_large_image\" \/>\n<meta name=\"twitter:label1\" content=\"Escrito por\" \/>\n\t<meta name=\"twitter:data1\" content=\"Henrique Machado\" \/>\n\t<meta name=\"twitter:label2\" content=\"Est. tempo de leitura\" \/>\n\t<meta name=\"twitter:data2\" content=\"2 minutos\" \/>\n<script type=\"application\/ld+json\" class=\"yoast-schema-graph\">{\"@context\":\"https:\/\/schema.org\",\"@graph\":[{\"@type\":\"NewsArticle\",\"@id\":\"https:\/\/www.gaveanews.com\/index.php\/2023\/11\/22\/video-diego-ribas-conta-como-foi-a-decisao-de-se-juntar-ao-flamengo-em-2016\/#article\",\"isPartOf\":{\"@id\":\"https:\/\/www.gaveanews.com\/index.php\/2023\/11\/22\/video-diego-ribas-conta-como-foi-a-decisao-de-se-juntar-ao-flamengo-em-2016\/\"},\"author\":{\"name\":\"Henrique Machado\",\"@id\":\"https:\/\/www.gaveanews.com\/#\/schema\/person\/fd07635ec039ec3ba74ad18ec8a6dbd6\"},\"headline\":\"V\u00eddeo: Diego Ribas conta como foi a decis\u00e3o de se juntar ao Flamengo em 2016\",\"datePublished\":\"2023-11-23T00:15:57+00:00\",\"dateModified\":\"2023-11-23T00:15:59+00:00\",\"mainEntityOfPage\":{\"@id\":\"https:\/\/www.gaveanews.com\/index.php\/2023\/11\/22\/video-diego-ribas-conta-como-foi-a-decisao-de-se-juntar-ao-flamengo-em-2016\/\"},\"wordCount\":258,\"commentCount\":0,\"image\":{\"@id\":\"https:\/\/www.gaveanews.com\/index.php\/2023\/11\/22\/video-diego-ribas-conta-como-foi-a-decisao-de-se-juntar-ao-flamengo-em-2016\/#primaryimage\"},\"thumbnailUrl\":\"https:\/\/www.gaveanews.com\/wp-content\/uploads\/Diego-Ribas.webp\",\"articleSection\":[\"V\u00eddeos\"],\"inLanguage\":\"pt-BR\",\"potentialAction\":[{\"@type\":\"CommentAction\",\"name\":\"Comment\",\"target\":[\"https:\/\/www.gaveanews.com\/index.php\/2023\/11\/22\/video-diego-ribas-conta-como-foi-a-decisao-de-se-juntar-ao-flamengo-em-2016\/#respond\"]}],\"copyrightYear\":\"2023\",\"copyrightHolder\":{\"@id\":\"https:\/\/www.gaveanews.com\/#organization\"}},{\"@type\":\"WebPage\",\"@id\":\"https:\/\/www.gaveanews.com\/index.php\/2023\/11\/22\/video-diego-ribas-conta-como-foi-a-decisao-de-se-juntar-ao-flamengo-em-2016\/\",\"url\":\"https:\/\/www.gaveanews.com\/index.php\/2023\/11\/22\/video-diego-ribas-conta-como-foi-a-decisao-de-se-juntar-ao-flamengo-em-2016\/\",\"name\":\"V\u00eddeo: Diego Ribas conta como foi a decis\u00e3o de se juntar ao Flamengo em 2016\",\"isPartOf\":{\"@id\":\"https:\/\/www.gaveanews.com\/#website\"},\"primaryImageOfPage\":{\"@id\":\"https:\/\/www.gaveanews.com\/index.php\/2023\/11\/22\/video-diego-ribas-conta-como-foi-a-decisao-de-se-juntar-ao-flamengo-em-2016\/#primaryimage\"},\"image\":{\"@id\":\"https:\/\/www.gaveanews.com\/index.php\/2023\/11\/22\/video-diego-ribas-conta-como-foi-a-decisao-de-se-juntar-ao-flamengo-em-2016\/#primaryimage\"},\"thumbnailUrl\":\"https:\/\/www.gaveanews.com\/wp-content\/uploads\/Diego-Ribas.webp\",\"datePublished\":\"2023-11-23T00:15:57+00:00\",\"dateModified\":\"2023-11-23T00:15:59+00:00\",\"author\":{\"@id\":\"https:\/\/www.gaveanews.com\/#\/schema\/person\/fd07635ec039ec3ba74ad18ec8a6dbd6\"},\"breadcrumb\":{\"@id\":\"https:\/\/www.gaveanews.com\/index.php\/2023\/11\/22\/video-diego-ribas-conta-como-foi-a-decisao-de-se-juntar-ao-flamengo-em-2016\/#breadcrumb\"},\"inLanguage\":\"pt-BR\",\"potentialAction\":[{\"@type\":\"ReadAction\",\"target\":[\"https:\/\/www.gaveanews.com\/index.php\/2023\/11\/22\/video-diego-ribas-conta-como-foi-a-decisao-de-se-juntar-ao-flamengo-em-2016\/\"]}]},{\"@type\":\"ImageObject\",\"inLanguage\":\"pt-BR\",\"@id\":\"https:\/\/www.gaveanews.com\/index.php\/2023\/11\/22\/video-diego-ribas-conta-como-foi-a-decisao-de-se-juntar-ao-flamengo-em-2016\/#primaryimage\",\"url\":\"https:\/\/www.gaveanews.com\/wp-content\/uploads\/Diego-Ribas.webp\",\"contentUrl\":\"https:\/\/www.gaveanews.com\/wp-content\/uploads\/Diego-Ribas.webp\",\"width\":1591,\"height\":893},{\"@type\":\"BreadcrumbList\",\"@id\":\"https:\/\/www.gaveanews.com\/index.php\/2023\/11\/22\/video-diego-ribas-conta-como-foi-a-decisao-de-se-juntar-ao-flamengo-em-2016\/#breadcrumb\",\"itemListElement\":[{\"@type\":\"ListItem\",\"position\":1,\"name\":\"Home\",\"item\":\"https:\/\/www.gaveanews.com\/\"},{\"@type\":\"ListItem\",\"position\":2,\"name\":\"V\u00eddeo: Diego Ribas conta como foi a decis\u00e3o de se juntar ao Flamengo em 2016\"}]},{\"@type\":\"WebSite\",\"@id\":\"https:\/\/www.gaveanews.com\/#website\",\"url\":\"https:\/\/www.gaveanews.com\/\",\"name\":\"G\u00e1vea News\",\"description\":\"Veja todas as not\u00edcias sobre o Flamengo: Contrata\u00e7\u00f5es, categorias de base, resultados das partidas, tabela de classifica\u00e7\u00e3o, pr\u00f3ximos jogos!\",\"potentialAction\":[{\"@type\":\"SearchAction\",\"target\":{\"@type\":\"EntryPoint\",\"urlTemplate\":\"https:\/\/www.gaveanews.com\/?s={search_term_string}\"},\"query-input\":{\"@type\":\"PropertyValueSpecification\",\"valueRequired\":true,\"valueName\":\"search_term_string\"}}],\"inLanguage\":\"pt-BR\"},{\"@type\":\"Person\",\"@id\":\"https:\/\/www.gaveanews.com\/#\/schema\/person\/fd07635ec039ec3ba74ad18ec8a6dbd6\",\"name\":\"Henrique Machado\",\"image\":{\"@type\":\"ImageObject\",\"inLanguage\":\"pt-BR\",\"@id\":\"https:\/\/www.gaveanews.com\/#\/schema\/person\/image\/\",\"url\":\"https:\/\/secure.gravatar.com\/avatar\/b95e35997e01d9800c1b6184bd79d4d898d370a3fce2584f5c77b907d5c7d9e9?s=96&d=mm&r=g\",\"contentUrl\":\"https:\/\/secure.gravatar.com\/avatar\/b95e35997e01d9800c1b6184bd79d4d898d370a3fce2584f5c77b907d5c7d9e9?s=96&d=mm&r=g\",\"caption\":\"Henrique Machado\"}}]}<\/script>\n<!-- \/ Yoast SEO Premium plugin. -->","yoast_head_json":{"title":"V\u00eddeo: Diego Ribas conta como foi a decis\u00e3o de se juntar ao Flamengo em 2016","robots":{"index":"index","follow":"follow","max-snippet":"max-snippet:-1","max-image-preview":"max-image-preview:large","max-video-preview":"max-video-preview:-1"},"canonical":"https:\/\/www.gaveanews.com\/index.php\/2023\/11\/22\/video-diego-ribas-conta-como-foi-a-decisao-de-se-juntar-ao-flamengo-em-2016\/","og_locale":"pt_BR","og_type":"article","og_title":"V\u00eddeo: Diego Ribas conta como foi a decis\u00e3o de se juntar ao Flamengo em 2016","og_description":"Por: Henrique Duarte Em 2016, uma nova p\u00e1gina foi virada na hist\u00f3ria do Flamengo com a chegada de Diego Ribas. Vindo de um hist\u00f3rico impressionante na Europa, Diego escolheu o Rubro-Negro n\u00e3o apenas por sua grandiosidade, mas tamb\u00e9m pela oportunidade de ser uma pe\u00e7a chave na reestrutura\u00e7\u00e3o do clube. Esta decis\u00e3o foi contada por Diego [&hellip;]","og_url":"https:\/\/www.gaveanews.com\/index.php\/2023\/11\/22\/video-diego-ribas-conta-como-foi-a-decisao-de-se-juntar-ao-flamengo-em-2016\/","og_site_name":"G\u00e1vea News","article_publisher":"https:\/\/facebook.com\/gaveaNews\/","article_published_time":"2023-11-23T00:15:57+00:00","article_modified_time":"2023-11-23T00:15:59+00:00","og_image":[{"width":1591,"height":893,"url":"https:\/\/www.gaveanews.com\/wp-content\/uploads\/Diego-Ribas.webp","type":"image\/png"}],"author":"Henrique Machado","twitter_card":"summary_large_image","twitter_misc":{"Escrito por":"Henrique Machado","Est. tempo de leitura":"2 minutos"},"schema":{"@context":"https:\/\/schema.org","@graph":[{"@type":"NewsArticle","@id":"https:\/\/www.gaveanews.com\/index.php\/2023\/11\/22\/video-diego-ribas-conta-como-foi-a-decisao-de-se-juntar-ao-flamengo-em-2016\/#article","isPartOf":{"@id":"https:\/\/www.gaveanews.com\/index.php\/2023\/11\/22\/video-diego-ribas-conta-como-foi-a-decisao-de-se-juntar-ao-flamengo-em-2016\/"},"author":{"name":"Henrique Machado","@id":"https:\/\/www.gaveanews.com\/#\/schema\/person\/fd07635ec039ec3ba74ad18ec8a6dbd6"},"headline":"V\u00eddeo: Diego Ribas conta como foi a decis\u00e3o de se juntar ao Flamengo em 2016","datePublished":"2023-11-23T00:15:57+00:00","dateModified":"2023-11-23T00:15:59+00:00","mainEntityOfPage":{"@id":"https:\/\/www.gaveanews.com\/index.php\/2023\/11\/22\/video-diego-ribas-conta-como-foi-a-decisao-de-se-juntar-ao-flamengo-em-2016\/"},"wordCount":258,"commentCount":0,"image":{"@id":"https:\/\/www.gaveanews.com\/index.php\/2023\/11\/22\/video-diego-ribas-conta-como-foi-a-decisao-de-se-juntar-ao-flamengo-em-2016\/#primaryimage"},"thumbnailUrl":"https:\/\/www.gaveanews.com\/wp-content\/uploads\/Diego-Ribas.webp","articleSection":["V\u00eddeos"],"inLanguage":"pt-BR","potentialAction":[{"@type":"CommentAction","name":"Comment","target":["https:\/\/www.gaveanews.com\/index.php\/2023\/11\/22\/video-diego-ribas-conta-como-foi-a-decisao-de-se-juntar-ao-flamengo-em-2016\/#respond"]}],"copyrightYear":"2023","copyrightHolder":{"@id":"https:\/\/www.gaveanews.com\/#organization"}},{"@type":"WebPage","@id":"https:\/\/www.gaveanews.com\/index.php\/2023\/11\/22\/video-diego-ribas-conta-como-foi-a-decisao-de-se-juntar-ao-flamengo-em-2016\/","url":"https:\/\/www.gaveanews.com\/index.php\/2023\/11\/22\/video-diego-ribas-conta-como-foi-a-decisao-de-se-juntar-ao-flamengo-em-2016\/","name":"V\u00eddeo: Diego Ribas conta como foi a decis\u00e3o de se juntar ao Flamengo em 2016","isPartOf":{"@id":"https:\/\/www.gaveanews.com\/#website"},"primaryImageOfPage":{"@id":"https:\/\/www.gaveanews.com\/index.php\/2023\/11\/22\/video-diego-ribas-conta-como-foi-a-decisao-de-se-juntar-ao-flamengo-em-2016\/#primaryimage"},"image":{"@id":"https:\/\/www.gaveanews.com\/index.php\/2023\/11\/22\/video-diego-ribas-conta-como-foi-a-decisao-de-se-juntar-ao-flamengo-em-2016\/#primaryimage"},"thumbnailUrl":"https:\/\/www.gaveanews.com\/wp-content\/uploads\/Diego-Ribas.webp","datePublished":"2023-11-23T00:15:57+00:00","dateModified":"2023-11-23T00:15:59+00:00","author":{"@id":"https:\/\/www.gaveanews.com\/#\/schema\/person\/fd07635ec039ec3ba74ad18ec8a6dbd6"},"breadcrumb":{"@id":"https:\/\/www.gaveanews.com\/index.php\/2023\/11\/22\/video-diego-ribas-conta-como-foi-a-decisao-de-se-juntar-ao-flamengo-em-2016\/#breadcrumb"},"inLanguage":"pt-BR","potentialAction":[{"@type":"ReadAction","target":["https:\/\/www.gaveanews.com\/index.php\/2023\/11\/22\/video-diego-ribas-conta-como-foi-a-decisao-de-se-juntar-ao-flamengo-em-2016\/"]}]},{"@type":"ImageObject","inLanguage":"pt-BR","@id":"https:\/\/www.gaveanews.com\/index.php\/2023\/11\/22\/video-diego-ribas-conta-como-foi-a-decisao-de-se-juntar-ao-flamengo-em-2016\/#primaryimage","url":"https:\/\/www.gaveanews.com\/wp-content\/uploads\/Diego-Ribas.webp","contentUrl":"https:\/\/www.gaveanews.com\/wp-content\/uploads\/Diego-Ribas.webp","width":1591,"height":893},{"@type":"BreadcrumbList","@id":"https:\/\/www.gaveanews.com\/index.php\/2023\/11\/22\/video-diego-ribas-conta-como-foi-a-decisao-de-se-juntar-ao-flamengo-em-2016\/#breadcrumb","itemListElement":[{"@type":"ListItem","position":1,"name":"Home","item":"https:\/\/www.gaveanews.com\/"},{"@type":"ListItem","position":2,"name":"V\u00eddeo: Diego Ribas conta como foi a decis\u00e3o de se juntar ao Flamengo em 2016"}]},{"@type":"WebSite","@id":"https:\/\/www.gaveanews.com\/#website","url":"https:\/\/www.gaveanews.com\/","name":"G\u00e1vea News","description":"Veja todas as not\u00edcias sobre o Flamengo: Contrata\u00e7\u00f5es, categorias de base, resultados das partidas, tabela de classifica\u00e7\u00e3o, pr\u00f3ximos jogos!","potentialAction":[{"@type":"SearchAction","target":{"@type":"EntryPoint","urlTemplate":"https:\/\/www.gaveanews.com\/?s={search_term_string}"},"query-input":{"@type":"PropertyValueSpecification","valueRequired":true,"valueName":"search_term_string"}}],"inLanguage":"pt-BR"},{"@type":"Person","@id":"https:\/\/www.gaveanews.com\/#\/schema\/person\/fd07635ec039ec3ba74ad18ec8a6dbd6","name":"Henrique Machado","image":{"@type":"ImageObject","inLanguage":"pt-BR","@id":"https:\/\/www.gaveanews.com\/#\/schema\/person\/image\/","url":"https:\/\/secure.gravatar.com\/avatar\/b95e35997e01d9800c1b6184bd79d4d898d370a3fce2584f5c77b907d5c7d9e9?s=96&d=mm&r=g","contentUrl":"https:\/\/secure.gravatar.com\/avatar\/b95e35997e01d9800c1b6184bd79d4d898d370a3fce2584f5c77b907d5c7d9e9?s=96&d=mm&r=g","caption":"Henrique Machado"}}]}},"_links":{"self":[{"href":"https:\/\/www.gaveanews.com\/index.php\/wp-json\/wp\/v2\/posts\/112518","targetHints":{"allow":["GET"]}}],"collection":[{"href":"https:\/\/www.gaveanews.com\/index.php\/wp-json\/wp\/v2\/posts"}],"about":[{"href":"https:\/\/www.gaveanews.com\/index.php\/wp-json\/wp\/v2\/types\/post"}],"author":[{"embeddable":true,"href":"https:\/\/www.gaveanews.com\/index.php\/wp-json\/wp\/v2\/users\/15"}],"replies":[{"embeddable":true,"href":"https:\/\/www.gaveanews.com\/index.php\/wp-json\/wp\/v2\/comments?post=112518"}],"version-history":[{"count":0,"href":"https:\/\/www.gaveanews.com\/index.php\/wp-json\/wp\/v2\/posts\/112518\/revisions"}],"wp:featuredmedia":[{"embeddable":true,"href":"https:\/\/www.gaveanews.com\/index.php\/wp-json\/wp\/v2\/media\/34966"}],"wp:attachment":[{"href":"https:\/\/www.gaveanews.com\/index.php\/wp-json\/wp\/v2\/media?parent=112518"}],"wp:term":[{"taxonomy":"category","embeddable":true,"href":"https:\/\/www.gaveanews.com\/index.php\/wp-json\/wp\/v2\/categories?post=112518"},{"taxonomy":"post_tag","embeddable":true,"href":"https:\/\/www.gaveanews.com\/index.php\/wp-json\/wp\/v2\/tags?post=112518"}],"curies":[{"name":"wp","href":"https:\/\/api.w.org\/{rel}","templated":true}]}}