{"id":112565,"date":"2023-11-23T07:10:03","date_gmt":"2023-11-23T10:10:03","guid":{"rendered":"https:\/\/www.gaveanews.com\/?p=112565"},"modified":"2023-11-23T07:11:55","modified_gmt":"2023-11-23T10:11:55","slug":"mesmo-caminho-de-vidal-encostado-no-flamengo-pode-parar-no-athletico","status":"publish","type":"post","link":"https:\/\/www.gaveanews.com\/index.php\/2023\/11\/23\/mesmo-caminho-de-vidal-encostado-no-flamengo-pode-parar-no-athletico\/","title":{"rendered":"Mesmo caminho de Vidal? &#8216;Encostado&#8217; no Flamengo pode parar no Athletico"},"content":{"rendered":"\n<p>Santos, um nome que chegou como solu\u00e7\u00e3o no time Flamengo, vive agora um momento de incerteza em sua carreira. O goleiro, que foi pe\u00e7a chave nas conquistas da Libertadores e da Copa do Brasil pelo Rubro-Negro, enfrenta uma fase de decl\u00ednio no clube.<\/p>\n\n\n\n<p>Em 2022, Santos brilhou sob as traves do Flamengo, contribuindo significativamente para os triunfos da equipe em competi\u00e7\u00f5es importantes. Esse sucesso, no entanto, n\u00e3o se prolongou em 2023. Com a redu\u00e7\u00e3o dr\u00e1stica no n\u00famero de jogos disputados, Santos viu sua posi\u00e7\u00e3o de titular ser abalada, perdendo espa\u00e7o primeiramente para Matheus Cunha e, mais tarde, para Agustin Rossi ap\u00f3s a chegada do t\u00e9cnico Tite.<\/p>\n\n\n\n<p>Essa mudan\u00e7a de cen\u00e1rio no Flamengo levanta quest\u00f5es sobre o futuro de Santos no clube. Embora tenha um contrato at\u00e9 dezembro de 2025, com uma valoriza\u00e7\u00e3o salarial em rela\u00e7\u00e3o ao que recebia no Athletico Paranaense, o goleiro anseia por mais tempo em campo. Essa busca por oportunidades pode desencadear uma mudan\u00e7a, com o Athletico-PR emergindo como um destino prov\u00e1vel. O clube anterior de Santos, onde ele conquistou duas Sul-Americanas e uma Copa do Brasil, parece ser uma op\u00e7\u00e3o atraente, especialmente com a poss\u00edvel sa\u00edda de Bento para a Europa.<\/p>\n\n\n\n<p>A trajet\u00f3ria de Santos no Flamengo \u00e9 marcada por altos e baixos. Em apenas um ano, ele participou de 37 jogos, mas em 2023, essa participa\u00e7\u00e3o caiu para 26 partidas. Sua contribui\u00e7\u00e3o para os 2 t\u00edtulos importantes \u00e9 indiscut\u00edvel, mas a falta de oportunidades recentes levanta d\u00favidas sobre sua perman\u00eancia. At\u00e9 o final de 2023, o clube deve avaliar a situa\u00e7\u00e3o e tomar uma decis\u00e3o sobre o futuro de Santos.<\/p>\n\n\n\n<p>Com 63 jogos pelo Flamengo e uma m\u00e9dia de 1,01 gol sofrido por partida, Santos ainda possui um legado impressionante no clube. No entanto, sua busca por mais minutos em campo e a possibilidade de retornar ao Athletico-PR sugerem um novo cap\u00edtulo em sua carreira.<\/p>\n","protected":false},"excerpt":{"rendered":"<p>Santos, um nome que chegou como solu\u00e7\u00e3o no time Flamengo, vive agora um momento de incerteza em sua carreira. O goleiro, que foi pe\u00e7a chave nas conquistas da Libertadores e da Copa do Brasil pelo Rubro-Negro, enfrenta uma fase de decl\u00ednio no clube. Em 2022, Santos brilhou sob as traves do Flamengo, contribuindo significativamente para [&hellip;]<\/p>\n","protected":false},"author":1,"featured_media":88659,"comment_status":"open","ping_status":"closed","sticky":false,"template":"","format":"standard","meta":{"footnotes":""},"categories":[1],"tags":[],"class_list":["post-112565","post","type-post","status-publish","format-standard","has-post-thumbnail","hentry","category-flamengo"],"yoast_head":"<!-- This site is optimized with the Yoast SEO Premium plugin v24.2 (Yoast SEO v26.9) - https:\/\/yoast.com\/product\/yoast-seo-premium-wordpress\/ -->\n<title>Mesmo caminho de Vidal? &#039;Encostado&#039; no Flamengo pode parar no Athletico<\/title>\n<meta name=\"description\" content=\"O jogador foi pe\u00e7a chave nas conquistas da Libertadores e da Copa do Brasil pelo Rubro-Negro, enfrenta uma fase de decl\u00ednio no clube.\" \/>\n<meta name=\"robots\" content=\"index, follow, max-snippet:-1, max-image-preview:large, max-video-preview:-1\" \/>\n<link rel=\"canonical\" href=\"https:\/\/www.gaveanews.com\/index.php\/2023\/11\/23\/mesmo-caminho-de-vidal-encostado-no-flamengo-pode-parar-no-athletico\/\" \/>\n<meta property=\"og:locale\" content=\"pt_BR\" \/>\n<meta property=\"og:type\" content=\"article\" \/>\n<meta property=\"og:title\" content=\"Mesmo caminho de Vidal? &#039;Encostado&#039; no Flamengo pode parar no Athletico\" \/>\n<meta property=\"og:description\" content=\"O jogador foi pe\u00e7a chave nas conquistas da Libertadores e da Copa do Brasil pelo Rubro-Negro, enfrenta uma fase de decl\u00ednio no clube.\" \/>\n<meta property=\"og:url\" content=\"https:\/\/www.gaveanews.com\/index.php\/2023\/11\/23\/mesmo-caminho-de-vidal-encostado-no-flamengo-pode-parar-no-athletico\/\" \/>\n<meta property=\"og:site_name\" content=\"G\u00e1vea News\" \/>\n<meta property=\"article:publisher\" content=\"https:\/\/facebook.com\/gaveaNews\/\" \/>\n<meta property=\"article:published_time\" content=\"2023-11-23T10:10:03+00:00\" \/>\n<meta property=\"article:modified_time\" content=\"2023-11-23T10:11:55+00:00\" \/>\n<meta property=\"og:image\" content=\"https:\/\/www.gaveanews.com\/wp-content\/uploads\/Arturo-Vidal-em-jogo-do-Flamengo-contra-o-Internacional.webp\" \/>\n\t<meta property=\"og:image:width\" content=\"800\" \/>\n\t<meta property=\"og:image:height\" content=\"534\" \/>\n\t<meta property=\"og:image:type\" content=\"image\/jpeg\" \/>\n<meta name=\"author\" content=\"Equipe G\u00e1vea News\" \/>\n<meta name=\"twitter:card\" content=\"summary_large_image\" \/>\n<meta name=\"twitter:label1\" content=\"Escrito por\" \/>\n\t<meta name=\"twitter:data1\" content=\"Equipe G\u00e1vea News\" \/>\n\t<meta name=\"twitter:label2\" content=\"Est. tempo de leitura\" \/>\n\t<meta name=\"twitter:data2\" content=\"2 minutos\" \/>\n<script type=\"application\/ld+json\" class=\"yoast-schema-graph\">{\"@context\":\"https:\/\/schema.org\",\"@graph\":[{\"@type\":\"NewsArticle\",\"@id\":\"https:\/\/www.gaveanews.com\/index.php\/2023\/11\/23\/mesmo-caminho-de-vidal-encostado-no-flamengo-pode-parar-no-athletico\/#article\",\"isPartOf\":{\"@id\":\"https:\/\/www.gaveanews.com\/index.php\/2023\/11\/23\/mesmo-caminho-de-vidal-encostado-no-flamengo-pode-parar-no-athletico\/\"},\"author\":{\"name\":\"Equipe G\u00e1vea News\",\"@id\":\"https:\/\/www.gaveanews.com\/#\/schema\/person\/2ec14f73fb96be2caf28f91afb14749d\"},\"headline\":\"Mesmo caminho de Vidal? &#8216;Encostado&#8217; no Flamengo pode parar no Athletico\",\"datePublished\":\"2023-11-23T10:10:03+00:00\",\"dateModified\":\"2023-11-23T10:11:55+00:00\",\"mainEntityOfPage\":{\"@id\":\"https:\/\/www.gaveanews.com\/index.php\/2023\/11\/23\/mesmo-caminho-de-vidal-encostado-no-flamengo-pode-parar-no-athletico\/\"},\"wordCount\":342,\"commentCount\":0,\"image\":{\"@id\":\"https:\/\/www.gaveanews.com\/index.php\/2023\/11\/23\/mesmo-caminho-de-vidal-encostado-no-flamengo-pode-parar-no-athletico\/#primaryimage\"},\"thumbnailUrl\":\"https:\/\/www.gaveanews.com\/wp-content\/uploads\/Arturo-Vidal-em-jogo-do-Flamengo-contra-o-Internacional.webp\",\"articleSection\":[\"Flamengo\"],\"inLanguage\":\"pt-BR\",\"potentialAction\":[{\"@type\":\"CommentAction\",\"name\":\"Comment\",\"target\":[\"https:\/\/www.gaveanews.com\/index.php\/2023\/11\/23\/mesmo-caminho-de-vidal-encostado-no-flamengo-pode-parar-no-athletico\/#respond\"]}],\"copyrightYear\":\"2023\",\"copyrightHolder\":{\"@id\":\"https:\/\/www.gaveanews.com\/#organization\"}},{\"@type\":\"WebPage\",\"@id\":\"https:\/\/www.gaveanews.com\/index.php\/2023\/11\/23\/mesmo-caminho-de-vidal-encostado-no-flamengo-pode-parar-no-athletico\/\",\"url\":\"https:\/\/www.gaveanews.com\/index.php\/2023\/11\/23\/mesmo-caminho-de-vidal-encostado-no-flamengo-pode-parar-no-athletico\/\",\"name\":\"Mesmo caminho de Vidal? 'Encostado' no Flamengo pode parar no Athletico\",\"isPartOf\":{\"@id\":\"https:\/\/www.gaveanews.com\/#website\"},\"primaryImageOfPage\":{\"@id\":\"https:\/\/www.gaveanews.com\/index.php\/2023\/11\/23\/mesmo-caminho-de-vidal-encostado-no-flamengo-pode-parar-no-athletico\/#primaryimage\"},\"image\":{\"@id\":\"https:\/\/www.gaveanews.com\/index.php\/2023\/11\/23\/mesmo-caminho-de-vidal-encostado-no-flamengo-pode-parar-no-athletico\/#primaryimage\"},\"thumbnailUrl\":\"https:\/\/www.gaveanews.com\/wp-content\/uploads\/Arturo-Vidal-em-jogo-do-Flamengo-contra-o-Internacional.webp\",\"datePublished\":\"2023-11-23T10:10:03+00:00\",\"dateModified\":\"2023-11-23T10:11:55+00:00\",\"author\":{\"@id\":\"https:\/\/www.gaveanews.com\/#\/schema\/person\/2ec14f73fb96be2caf28f91afb14749d\"},\"description\":\"O jogador foi pe\u00e7a chave nas conquistas da Libertadores e da Copa do Brasil pelo Rubro-Negro, enfrenta uma fase de decl\u00ednio no clube.\",\"breadcrumb\":{\"@id\":\"https:\/\/www.gaveanews.com\/index.php\/2023\/11\/23\/mesmo-caminho-de-vidal-encostado-no-flamengo-pode-parar-no-athletico\/#breadcrumb\"},\"inLanguage\":\"pt-BR\",\"potentialAction\":[{\"@type\":\"ReadAction\",\"target\":[\"https:\/\/www.gaveanews.com\/index.php\/2023\/11\/23\/mesmo-caminho-de-vidal-encostado-no-flamengo-pode-parar-no-athletico\/\"]}]},{\"@type\":\"ImageObject\",\"inLanguage\":\"pt-BR\",\"@id\":\"https:\/\/www.gaveanews.com\/index.php\/2023\/11\/23\/mesmo-caminho-de-vidal-encostado-no-flamengo-pode-parar-no-athletico\/#primaryimage\",\"url\":\"https:\/\/www.gaveanews.com\/wp-content\/uploads\/Arturo-Vidal-em-jogo-do-Flamengo-contra-o-Internacional.webp\",\"contentUrl\":\"https:\/\/www.gaveanews.com\/wp-content\/uploads\/Arturo-Vidal-em-jogo-do-Flamengo-contra-o-Internacional.webp\",\"width\":800,\"height\":534,\"caption\":\"Arturo Vidal em jogo do Flamengo contra o Internacional (Foto: Marcelo Cortes\/Flamengo)\"},{\"@type\":\"BreadcrumbList\",\"@id\":\"https:\/\/www.gaveanews.com\/index.php\/2023\/11\/23\/mesmo-caminho-de-vidal-encostado-no-flamengo-pode-parar-no-athletico\/#breadcrumb\",\"itemListElement\":[{\"@type\":\"ListItem\",\"position\":1,\"name\":\"Home\",\"item\":\"https:\/\/www.gaveanews.com\/\"},{\"@type\":\"ListItem\",\"position\":2,\"name\":\"Mesmo caminho de Vidal? &#8216;Encostado&#8217; no Flamengo pode parar no Athletico\"}]},{\"@type\":\"WebSite\",\"@id\":\"https:\/\/www.gaveanews.com\/#website\",\"url\":\"https:\/\/www.gaveanews.com\/\",\"name\":\"G\u00e1vea News\",\"description\":\"Veja todas as not\u00edcias sobre o Flamengo: Contrata\u00e7\u00f5es, categorias de base, resultados das partidas, tabela de classifica\u00e7\u00e3o, pr\u00f3ximos jogos!\",\"potentialAction\":[{\"@type\":\"SearchAction\",\"target\":{\"@type\":\"EntryPoint\",\"urlTemplate\":\"https:\/\/www.gaveanews.com\/?s={search_term_string}\"},\"query-input\":{\"@type\":\"PropertyValueSpecification\",\"valueRequired\":true,\"valueName\":\"search_term_string\"}}],\"inLanguage\":\"pt-BR\"},{\"@type\":\"Person\",\"@id\":\"https:\/\/www.gaveanews.com\/#\/schema\/person\/2ec14f73fb96be2caf28f91afb14749d\",\"name\":\"Equipe G\u00e1vea News\",\"image\":{\"@type\":\"ImageObject\",\"inLanguage\":\"pt-BR\",\"@id\":\"https:\/\/www.gaveanews.com\/#\/schema\/person\/image\/\",\"url\":\"https:\/\/secure.gravatar.com\/avatar\/1e1956f1facbffd3f8fa53a326721950116b3b9dc9bd44939c01180fd4a745a9?s=96&d=mm&r=g\",\"contentUrl\":\"https:\/\/secure.gravatar.com\/avatar\/1e1956f1facbffd3f8fa53a326721950116b3b9dc9bd44939c01180fd4a745a9?s=96&d=mm&r=g\",\"caption\":\"Equipe G\u00e1vea News\"}}]}<\/script>\n<!-- \/ Yoast SEO Premium plugin. -->","yoast_head_json":{"title":"Mesmo caminho de Vidal? 'Encostado' no Flamengo pode parar no Athletico","description":"O jogador foi pe\u00e7a chave nas conquistas da Libertadores e da Copa do Brasil pelo Rubro-Negro, enfrenta uma fase de decl\u00ednio no clube.","robots":{"index":"index","follow":"follow","max-snippet":"max-snippet:-1","max-image-preview":"max-image-preview:large","max-video-preview":"max-video-preview:-1"},"canonical":"https:\/\/www.gaveanews.com\/index.php\/2023\/11\/23\/mesmo-caminho-de-vidal-encostado-no-flamengo-pode-parar-no-athletico\/","og_locale":"pt_BR","og_type":"article","og_title":"Mesmo caminho de Vidal? 'Encostado' no Flamengo pode parar no Athletico","og_description":"O jogador foi pe\u00e7a chave nas conquistas da Libertadores e da Copa do Brasil pelo Rubro-Negro, enfrenta uma fase de decl\u00ednio no clube.","og_url":"https:\/\/www.gaveanews.com\/index.php\/2023\/11\/23\/mesmo-caminho-de-vidal-encostado-no-flamengo-pode-parar-no-athletico\/","og_site_name":"G\u00e1vea News","article_publisher":"https:\/\/facebook.com\/gaveaNews\/","article_published_time":"2023-11-23T10:10:03+00:00","article_modified_time":"2023-11-23T10:11:55+00:00","og_image":[{"width":800,"height":534,"url":"https:\/\/www.gaveanews.com\/wp-content\/uploads\/Arturo-Vidal-em-jogo-do-Flamengo-contra-o-Internacional.webp","type":"image\/jpeg"}],"author":"Equipe G\u00e1vea News","twitter_card":"summary_large_image","twitter_misc":{"Escrito por":"Equipe G\u00e1vea News","Est. tempo de leitura":"2 minutos"},"schema":{"@context":"https:\/\/schema.org","@graph":[{"@type":"NewsArticle","@id":"https:\/\/www.gaveanews.com\/index.php\/2023\/11\/23\/mesmo-caminho-de-vidal-encostado-no-flamengo-pode-parar-no-athletico\/#article","isPartOf":{"@id":"https:\/\/www.gaveanews.com\/index.php\/2023\/11\/23\/mesmo-caminho-de-vidal-encostado-no-flamengo-pode-parar-no-athletico\/"},"author":{"name":"Equipe G\u00e1vea News","@id":"https:\/\/www.gaveanews.com\/#\/schema\/person\/2ec14f73fb96be2caf28f91afb14749d"},"headline":"Mesmo caminho de Vidal? &#8216;Encostado&#8217; no Flamengo pode parar no Athletico","datePublished":"2023-11-23T10:10:03+00:00","dateModified":"2023-11-23T10:11:55+00:00","mainEntityOfPage":{"@id":"https:\/\/www.gaveanews.com\/index.php\/2023\/11\/23\/mesmo-caminho-de-vidal-encostado-no-flamengo-pode-parar-no-athletico\/"},"wordCount":342,"commentCount":0,"image":{"@id":"https:\/\/www.gaveanews.com\/index.php\/2023\/11\/23\/mesmo-caminho-de-vidal-encostado-no-flamengo-pode-parar-no-athletico\/#primaryimage"},"thumbnailUrl":"https:\/\/www.gaveanews.com\/wp-content\/uploads\/Arturo-Vidal-em-jogo-do-Flamengo-contra-o-Internacional.webp","articleSection":["Flamengo"],"inLanguage":"pt-BR","potentialAction":[{"@type":"CommentAction","name":"Comment","target":["https:\/\/www.gaveanews.com\/index.php\/2023\/11\/23\/mesmo-caminho-de-vidal-encostado-no-flamengo-pode-parar-no-athletico\/#respond"]}],"copyrightYear":"2023","copyrightHolder":{"@id":"https:\/\/www.gaveanews.com\/#organization"}},{"@type":"WebPage","@id":"https:\/\/www.gaveanews.com\/index.php\/2023\/11\/23\/mesmo-caminho-de-vidal-encostado-no-flamengo-pode-parar-no-athletico\/","url":"https:\/\/www.gaveanews.com\/index.php\/2023\/11\/23\/mesmo-caminho-de-vidal-encostado-no-flamengo-pode-parar-no-athletico\/","name":"Mesmo caminho de Vidal? 'Encostado' no Flamengo pode parar no Athletico","isPartOf":{"@id":"https:\/\/www.gaveanews.com\/#website"},"primaryImageOfPage":{"@id":"https:\/\/www.gaveanews.com\/index.php\/2023\/11\/23\/mesmo-caminho-de-vidal-encostado-no-flamengo-pode-parar-no-athletico\/#primaryimage"},"image":{"@id":"https:\/\/www.gaveanews.com\/index.php\/2023\/11\/23\/mesmo-caminho-de-vidal-encostado-no-flamengo-pode-parar-no-athletico\/#primaryimage"},"thumbnailUrl":"https:\/\/www.gaveanews.com\/wp-content\/uploads\/Arturo-Vidal-em-jogo-do-Flamengo-contra-o-Internacional.webp","datePublished":"2023-11-23T10:10:03+00:00","dateModified":"2023-11-23T10:11:55+00:00","author":{"@id":"https:\/\/www.gaveanews.com\/#\/schema\/person\/2ec14f73fb96be2caf28f91afb14749d"},"description":"O jogador foi pe\u00e7a chave nas conquistas da Libertadores e da Copa do Brasil pelo Rubro-Negro, enfrenta uma fase de decl\u00ednio no clube.","breadcrumb":{"@id":"https:\/\/www.gaveanews.com\/index.php\/2023\/11\/23\/mesmo-caminho-de-vidal-encostado-no-flamengo-pode-parar-no-athletico\/#breadcrumb"},"inLanguage":"pt-BR","potentialAction":[{"@type":"ReadAction","target":["https:\/\/www.gaveanews.com\/index.php\/2023\/11\/23\/mesmo-caminho-de-vidal-encostado-no-flamengo-pode-parar-no-athletico\/"]}]},{"@type":"ImageObject","inLanguage":"pt-BR","@id":"https:\/\/www.gaveanews.com\/index.php\/2023\/11\/23\/mesmo-caminho-de-vidal-encostado-no-flamengo-pode-parar-no-athletico\/#primaryimage","url":"https:\/\/www.gaveanews.com\/wp-content\/uploads\/Arturo-Vidal-em-jogo-do-Flamengo-contra-o-Internacional.webp","contentUrl":"https:\/\/www.gaveanews.com\/wp-content\/uploads\/Arturo-Vidal-em-jogo-do-Flamengo-contra-o-Internacional.webp","width":800,"height":534,"caption":"Arturo Vidal em jogo do Flamengo contra o Internacional (Foto: Marcelo Cortes\/Flamengo)"},{"@type":"BreadcrumbList","@id":"https:\/\/www.gaveanews.com\/index.php\/2023\/11\/23\/mesmo-caminho-de-vidal-encostado-no-flamengo-pode-parar-no-athletico\/#breadcrumb","itemListElement":[{"@type":"ListItem","position":1,"name":"Home","item":"https:\/\/www.gaveanews.com\/"},{"@type":"ListItem","position":2,"name":"Mesmo caminho de Vidal? &#8216;Encostado&#8217; no Flamengo pode parar no Athletico"}]},{"@type":"WebSite","@id":"https:\/\/www.gaveanews.com\/#website","url":"https:\/\/www.gaveanews.com\/","name":"G\u00e1vea News","description":"Veja todas as not\u00edcias sobre o Flamengo: Contrata\u00e7\u00f5es, categorias de base, resultados das partidas, tabela de classifica\u00e7\u00e3o, pr\u00f3ximos jogos!","potentialAction":[{"@type":"SearchAction","target":{"@type":"EntryPoint","urlTemplate":"https:\/\/www.gaveanews.com\/?s={search_term_string}"},"query-input":{"@type":"PropertyValueSpecification","valueRequired":true,"valueName":"search_term_string"}}],"inLanguage":"pt-BR"},{"@type":"Person","@id":"https:\/\/www.gaveanews.com\/#\/schema\/person\/2ec14f73fb96be2caf28f91afb14749d","name":"Equipe G\u00e1vea News","image":{"@type":"ImageObject","inLanguage":"pt-BR","@id":"https:\/\/www.gaveanews.com\/#\/schema\/person\/image\/","url":"https:\/\/secure.gravatar.com\/avatar\/1e1956f1facbffd3f8fa53a326721950116b3b9dc9bd44939c01180fd4a745a9?s=96&d=mm&r=g","contentUrl":"https:\/\/secure.gravatar.com\/avatar\/1e1956f1facbffd3f8fa53a326721950116b3b9dc9bd44939c01180fd4a745a9?s=96&d=mm&r=g","caption":"Equipe G\u00e1vea News"}}]}},"_links":{"self":[{"href":"https:\/\/www.gaveanews.com\/index.php\/wp-json\/wp\/v2\/posts\/112565","targetHints":{"allow":["GET"]}}],"collection":[{"href":"https:\/\/www.gaveanews.com\/index.php\/wp-json\/wp\/v2\/posts"}],"about":[{"href":"https:\/\/www.gaveanews.com\/index.php\/wp-json\/wp\/v2\/types\/post"}],"author":[{"embeddable":true,"href":"https:\/\/www.gaveanews.com\/index.php\/wp-json\/wp\/v2\/users\/1"}],"replies":[{"embeddable":true,"href":"https:\/\/www.gaveanews.com\/index.php\/wp-json\/wp\/v2\/comments?post=112565"}],"version-history":[{"count":0,"href":"https:\/\/www.gaveanews.com\/index.php\/wp-json\/wp\/v2\/posts\/112565\/revisions"}],"wp:featuredmedia":[{"embeddable":true,"href":"https:\/\/www.gaveanews.com\/index.php\/wp-json\/wp\/v2\/media\/88659"}],"wp:attachment":[{"href":"https:\/\/www.gaveanews.com\/index.php\/wp-json\/wp\/v2\/media?parent=112565"}],"wp:term":[{"taxonomy":"category","embeddable":true,"href":"https:\/\/www.gaveanews.com\/index.php\/wp-json\/wp\/v2\/categories?post=112565"},{"taxonomy":"post_tag","embeddable":true,"href":"https:\/\/www.gaveanews.com\/index.php\/wp-json\/wp\/v2\/tags?post=112565"}],"curies":[{"name":"wp","href":"https:\/\/api.w.org\/{rel}","templated":true}]}}