{"id":112581,"date":"2023-11-23T09:07:06","date_gmt":"2023-11-23T12:07:06","guid":{"rendered":"https:\/\/www.gaveanews.com\/?p=112581"},"modified":"2023-11-23T09:07:08","modified_gmt":"2023-11-23T12:07:08","slug":"emocionado-junior-baiano-ex-zagueiro-do-flamengo-fala-a-flatv-sobre-a-geracao-de-ouro","status":"publish","type":"post","link":"https:\/\/www.gaveanews.com\/index.php\/2023\/11\/23\/emocionado-junior-baiano-ex-zagueiro-do-flamengo-fala-a-flatv-sobre-a-geracao-de-ouro\/","title":{"rendered":"Emocionado, J\u00fanior Baiano ex-zagueiro do Flamengo, fala a FlaTV sobre a &#8216;gera\u00e7\u00e3o de ouro&#8217;"},"content":{"rendered":"\n<p>Durante uma entrevista emocionada \u00e0 &#8220;FlaTV&#8221;, o ex-zagueiro J\u00fanior Baiano compartilhou suas mem\u00f3rias v\u00edvidas da lend\u00e1ria gera\u00e7\u00e3o de ouro da base do Flamengo nos anos 90. Essa equipe, repleta de talentos como Djalminha, Marcelinho Carioca, Paulo Nunes, N\u00e9lio e outros, n\u00e3o s\u00f3 conquistou a primeira Copinha do clube, mas tamb\u00e9m foi fundamental na gloriosa campanha do Campeonato Brasileiro de 1992.<\/p>\n\n\n\n<p>Baiano, com um sorriso nost\u00e1lgico, lamentou o que ele considera um desmanche prematuro dessa equipe din\u00e2mica. Ele acredita firmemente que, se o grupo tivesse permanecido intacto por mais alguns anos, o Flamengo teria adicionado significativamente mais trof\u00e9us \u00e0 sua j\u00e1 impressionante prateleira. Essa cren\u00e7a \u00e9 alimentada pela convic\u00e7\u00e3o de que o investimento e o foco nos jovens talentos da base, uma realidade mais prevalente nos dias de hoje, eram notavelmente ausentes naquela \u00e9poca.<\/p>\n\n\n\n<p><em>&#8220;Se fosse hoje seria totalmente diferente. Ou h\u00e1 cinco anos, 10 anos atr\u00e1s, seria totalmente diferente porque o investimento na base seria outro. Naquela \u00e9poca, os grandes clubes brasileiros contratavam muitos jogadores mais experientes&#8221;<\/em>, disse J\u00fanior Baiano.<\/p>\n\n\n\n<p><em>\u201cEnt\u00e3o jogador da base que se destacava mais claro que estava ali jogando, tanto que eu joguei, o N\u00e9lio, Pi\u00e1, Paulo Nunes\u2026 Mas a gente tinha o Djalminha, o Marcelinho, o Marquinhos, Luis Ant\u00f4nio, que era um meia de qualidade t\u00e9cnica absurda. S\u00f3 que os clubes davam mais valor aos jogadores de 30 e poucos anos, que estavam fora do pa\u00eds, ent\u00e3o eu entendo. Mas se deixa aquele grupo mais um pouco, com certeza o Flamengo ia ter mais algumas ta\u00e7as na prateleira (risos)\u201d.<\/em> Completou o ex-jogador<\/p>\n\n\n\n<p>A hist\u00f3ria dessa gera\u00e7\u00e3o n\u00e3o termina apenas com sucessos no clube. Quatro dos seus membros &#8211; Rog\u00e9rio, Marquinhos, Marcelinho Carioca e Paulo Nunes &#8211; foram convocados para a sele\u00e7\u00e3o brasileira Sub-20, escalando posteriormente para a equipe principal, seguindo os passos de Baiano, Djalminha e N\u00e9lio.<\/p>\n\n\n\n<p>Baiano, um verdadeiro Flamenguista &#8220;de carteirinha&#8221;, expressa n\u00e3o apenas a alegria de ter jogado pelo clube de seu cora\u00e7\u00e3o, mas tamb\u00e9m um toque de melancolia por pensar no que poderia ter sido. Ele se junta a seus companheiros de equipe em ponderar sobre o impacto adicional que poderiam ter tido no clube, especialmente em termos de conquistas e t\u00edtulos.<\/p>\n\n\n\n<p><em>&#8220;Quando a gente se junta fala muito nisso. Poderia ter contribu\u00eddo mais com o Flamengo. Principalmente com t\u00edtulos, n\u00e9? O que vale mesmo \u00e9 quando voc\u00ea conquista. E acho que aquela turma, aquele grupo, se fica mais uns tr\u00eas, quatro anos no Flamengo, teria mais alguns t\u00edtulos na prateleira\u201d.<\/em><\/p>\n\n\n\n<p><em>\u201cEu, que sou Flamengo de carteirinha, tive a sorte de torcer para o Flamengo e vir para o Flamengo iniciar a minha carreira aqui, sou um cara extremamente feliz. Mas que a gente poderia ter contribu\u00eddo muito mais com o Flamengo, poderia\u201d.<\/em> Concluiu J\u00fanior Baiono<\/p>\n\n\n\n<p>A hist\u00f3ria dessa gera\u00e7\u00e3o, como contada por J\u00fanior Baiano, \u00e9 uma mistura de orgulho, conquistas memor\u00e1veis e um anseio pelo que poderia ter sido \u2013 um verdadeiro testemunho do esp\u00edrito e paix\u00e3o que define o Flamengo e seu legado.<\/p>\n","protected":false},"excerpt":{"rendered":"<p>Durante uma entrevista emocionada \u00e0 &#8220;FlaTV&#8221;, o ex-zagueiro J\u00fanior Baiano compartilhou suas mem\u00f3rias v\u00edvidas da lend\u00e1ria gera\u00e7\u00e3o de ouro da base do Flamengo nos anos 90. Essa equipe, repleta de talentos como Djalminha, Marcelinho Carioca, Paulo Nunes, N\u00e9lio e outros, n\u00e3o s\u00f3 conquistou a primeira Copinha do clube, mas tamb\u00e9m foi fundamental na gloriosa campanha [&hellip;]<\/p>\n","protected":false},"author":6,"featured_media":112583,"comment_status":"open","ping_status":"closed","sticky":false,"template":"","format":"standard","meta":{"footnotes":""},"categories":[1],"tags":[],"class_list":["post-112581","post","type-post","status-publish","format-standard","has-post-thumbnail","hentry","category-flamengo"],"yoast_head":"<!-- This site is optimized with the Yoast SEO Premium plugin v24.2 (Yoast SEO v26.9) - https:\/\/yoast.com\/product\/yoast-seo-premium-wordpress\/ -->\n<title>Emocionado, J\u00fanior Baiano ex-zagueiro do Flamengo, fala a FlaTV sobre a &#039;gera\u00e7\u00e3o de ouro&#039;<\/title>\n<meta name=\"robots\" content=\"index, follow, max-snippet:-1, max-image-preview:large, max-video-preview:-1\" \/>\n<link rel=\"canonical\" href=\"https:\/\/www.gaveanews.com\/index.php\/2023\/11\/23\/emocionado-junior-baiano-ex-zagueiro-do-flamengo-fala-a-flatv-sobre-a-geracao-de-ouro\/\" \/>\n<meta property=\"og:locale\" content=\"pt_BR\" \/>\n<meta property=\"og:type\" content=\"article\" \/>\n<meta property=\"og:title\" content=\"Emocionado, J\u00fanior Baiano ex-zagueiro do Flamengo, fala a FlaTV sobre a &#039;gera\u00e7\u00e3o de ouro&#039;\" \/>\n<meta property=\"og:description\" content=\"Durante uma entrevista emocionada \u00e0 &#8220;FlaTV&#8221;, o ex-zagueiro J\u00fanior Baiano compartilhou suas mem\u00f3rias v\u00edvidas da lend\u00e1ria gera\u00e7\u00e3o de ouro da base do Flamengo nos anos 90. Essa equipe, repleta de talentos como Djalminha, Marcelinho Carioca, Paulo Nunes, N\u00e9lio e outros, n\u00e3o s\u00f3 conquistou a primeira Copinha do clube, mas tamb\u00e9m foi fundamental na gloriosa campanha [&hellip;]\" \/>\n<meta property=\"og:url\" content=\"https:\/\/www.gaveanews.com\/index.php\/2023\/11\/23\/emocionado-junior-baiano-ex-zagueiro-do-flamengo-fala-a-flatv-sobre-a-geracao-de-ouro\/\" \/>\n<meta property=\"og:site_name\" content=\"G\u00e1vea News\" \/>\n<meta property=\"article:publisher\" content=\"https:\/\/facebook.com\/gaveaNews\/\" \/>\n<meta property=\"article:published_time\" content=\"2023-11-23T12:07:06+00:00\" \/>\n<meta property=\"article:modified_time\" content=\"2023-11-23T12:07:08+00:00\" \/>\n<meta property=\"og:image\" content=\"https:\/\/www.gaveanews.com\/wp-content\/uploads\/flamengo1991copinha.webp\" \/>\n\t<meta property=\"og:image:width\" content=\"640\" \/>\n\t<meta property=\"og:image:height\" content=\"421\" \/>\n\t<meta property=\"og:image:type\" content=\"image\/jpeg\" \/>\n<meta name=\"author\" content=\"Leonardo Ant\u00f4nio\" \/>\n<meta name=\"twitter:card\" content=\"summary_large_image\" \/>\n<meta name=\"twitter:label1\" content=\"Escrito por\" \/>\n\t<meta name=\"twitter:data1\" content=\"Leonardo Ant\u00f4nio\" \/>\n\t<meta name=\"twitter:label2\" content=\"Est. tempo de leitura\" \/>\n\t<meta name=\"twitter:data2\" content=\"3 minutos\" \/>\n<script type=\"application\/ld+json\" class=\"yoast-schema-graph\">{\"@context\":\"https:\/\/schema.org\",\"@graph\":[{\"@type\":\"NewsArticle\",\"@id\":\"https:\/\/www.gaveanews.com\/index.php\/2023\/11\/23\/emocionado-junior-baiano-ex-zagueiro-do-flamengo-fala-a-flatv-sobre-a-geracao-de-ouro\/#article\",\"isPartOf\":{\"@id\":\"https:\/\/www.gaveanews.com\/index.php\/2023\/11\/23\/emocionado-junior-baiano-ex-zagueiro-do-flamengo-fala-a-flatv-sobre-a-geracao-de-ouro\/\"},\"author\":{\"name\":\"Leonardo Ant\u00f4nio\",\"@id\":\"https:\/\/www.gaveanews.com\/#\/schema\/person\/2d29802e96a726e735077717fb5c6f20\"},\"headline\":\"Emocionado, J\u00fanior Baiano ex-zagueiro do Flamengo, fala a FlaTV sobre a &#8216;gera\u00e7\u00e3o de ouro&#8217;\",\"datePublished\":\"2023-11-23T12:07:06+00:00\",\"dateModified\":\"2023-11-23T12:07:08+00:00\",\"mainEntityOfPage\":{\"@id\":\"https:\/\/www.gaveanews.com\/index.php\/2023\/11\/23\/emocionado-junior-baiano-ex-zagueiro-do-flamengo-fala-a-flatv-sobre-a-geracao-de-ouro\/\"},\"wordCount\":544,\"commentCount\":0,\"image\":{\"@id\":\"https:\/\/www.gaveanews.com\/index.php\/2023\/11\/23\/emocionado-junior-baiano-ex-zagueiro-do-flamengo-fala-a-flatv-sobre-a-geracao-de-ouro\/#primaryimage\"},\"thumbnailUrl\":\"https:\/\/www.gaveanews.com\/wp-content\/uploads\/flamengo1991copinha.webp\",\"articleSection\":[\"Flamengo\"],\"inLanguage\":\"pt-BR\",\"potentialAction\":[{\"@type\":\"CommentAction\",\"name\":\"Comment\",\"target\":[\"https:\/\/www.gaveanews.com\/index.php\/2023\/11\/23\/emocionado-junior-baiano-ex-zagueiro-do-flamengo-fala-a-flatv-sobre-a-geracao-de-ouro\/#respond\"]}],\"copyrightYear\":\"2023\",\"copyrightHolder\":{\"@id\":\"https:\/\/www.gaveanews.com\/#organization\"}},{\"@type\":\"WebPage\",\"@id\":\"https:\/\/www.gaveanews.com\/index.php\/2023\/11\/23\/emocionado-junior-baiano-ex-zagueiro-do-flamengo-fala-a-flatv-sobre-a-geracao-de-ouro\/\",\"url\":\"https:\/\/www.gaveanews.com\/index.php\/2023\/11\/23\/emocionado-junior-baiano-ex-zagueiro-do-flamengo-fala-a-flatv-sobre-a-geracao-de-ouro\/\",\"name\":\"Emocionado, J\u00fanior Baiano ex-zagueiro do Flamengo, fala a FlaTV sobre a 'gera\u00e7\u00e3o de ouro'\",\"isPartOf\":{\"@id\":\"https:\/\/www.gaveanews.com\/#website\"},\"primaryImageOfPage\":{\"@id\":\"https:\/\/www.gaveanews.com\/index.php\/2023\/11\/23\/emocionado-junior-baiano-ex-zagueiro-do-flamengo-fala-a-flatv-sobre-a-geracao-de-ouro\/#primaryimage\"},\"image\":{\"@id\":\"https:\/\/www.gaveanews.com\/index.php\/2023\/11\/23\/emocionado-junior-baiano-ex-zagueiro-do-flamengo-fala-a-flatv-sobre-a-geracao-de-ouro\/#primaryimage\"},\"thumbnailUrl\":\"https:\/\/www.gaveanews.com\/wp-content\/uploads\/flamengo1991copinha.webp\",\"datePublished\":\"2023-11-23T12:07:06+00:00\",\"dateModified\":\"2023-11-23T12:07:08+00:00\",\"author\":{\"@id\":\"https:\/\/www.gaveanews.com\/#\/schema\/person\/2d29802e96a726e735077717fb5c6f20\"},\"breadcrumb\":{\"@id\":\"https:\/\/www.gaveanews.com\/index.php\/2023\/11\/23\/emocionado-junior-baiano-ex-zagueiro-do-flamengo-fala-a-flatv-sobre-a-geracao-de-ouro\/#breadcrumb\"},\"inLanguage\":\"pt-BR\",\"potentialAction\":[{\"@type\":\"ReadAction\",\"target\":[\"https:\/\/www.gaveanews.com\/index.php\/2023\/11\/23\/emocionado-junior-baiano-ex-zagueiro-do-flamengo-fala-a-flatv-sobre-a-geracao-de-ouro\/\"]}]},{\"@type\":\"ImageObject\",\"inLanguage\":\"pt-BR\",\"@id\":\"https:\/\/www.gaveanews.com\/index.php\/2023\/11\/23\/emocionado-junior-baiano-ex-zagueiro-do-flamengo-fala-a-flatv-sobre-a-geracao-de-ouro\/#primaryimage\",\"url\":\"https:\/\/www.gaveanews.com\/wp-content\/uploads\/flamengo1991copinha.webp\",\"contentUrl\":\"https:\/\/www.gaveanews.com\/wp-content\/uploads\/flamengo1991copinha.webp\",\"width\":640,\"height\":421,\"caption\":\"Poster Flamengo Copa S\u00e3o Paulo de 1991\"},{\"@type\":\"BreadcrumbList\",\"@id\":\"https:\/\/www.gaveanews.com\/index.php\/2023\/11\/23\/emocionado-junior-baiano-ex-zagueiro-do-flamengo-fala-a-flatv-sobre-a-geracao-de-ouro\/#breadcrumb\",\"itemListElement\":[{\"@type\":\"ListItem\",\"position\":1,\"name\":\"Home\",\"item\":\"https:\/\/www.gaveanews.com\/\"},{\"@type\":\"ListItem\",\"position\":2,\"name\":\"Emocionado, J\u00fanior Baiano ex-zagueiro do Flamengo, fala a FlaTV sobre a &#8216;gera\u00e7\u00e3o de ouro&#8217;\"}]},{\"@type\":\"WebSite\",\"@id\":\"https:\/\/www.gaveanews.com\/#website\",\"url\":\"https:\/\/www.gaveanews.com\/\",\"name\":\"G\u00e1vea News\",\"description\":\"Veja todas as not\u00edcias sobre o Flamengo: Contrata\u00e7\u00f5es, categorias de base, resultados das partidas, tabela de classifica\u00e7\u00e3o, pr\u00f3ximos jogos!\",\"potentialAction\":[{\"@type\":\"SearchAction\",\"target\":{\"@type\":\"EntryPoint\",\"urlTemplate\":\"https:\/\/www.gaveanews.com\/?s={search_term_string}\"},\"query-input\":{\"@type\":\"PropertyValueSpecification\",\"valueRequired\":true,\"valueName\":\"search_term_string\"}}],\"inLanguage\":\"pt-BR\"},{\"@type\":\"Person\",\"@id\":\"https:\/\/www.gaveanews.com\/#\/schema\/person\/2d29802e96a726e735077717fb5c6f20\",\"name\":\"Leonardo Ant\u00f4nio\",\"image\":{\"@type\":\"ImageObject\",\"inLanguage\":\"pt-BR\",\"@id\":\"https:\/\/www.gaveanews.com\/#\/schema\/person\/image\/\",\"url\":\"https:\/\/secure.gravatar.com\/avatar\/b9ffc9ff64af5c915e7cb1824991ab1b4aa29b902a6a9a83be9d1c8ba449fce8?s=96&d=mm&r=g\",\"contentUrl\":\"https:\/\/secure.gravatar.com\/avatar\/b9ffc9ff64af5c915e7cb1824991ab1b4aa29b902a6a9a83be9d1c8ba449fce8?s=96&d=mm&r=g\",\"caption\":\"Leonardo Ant\u00f4nio\"}}]}<\/script>\n<!-- \/ Yoast SEO Premium plugin. -->","yoast_head_json":{"title":"Emocionado, J\u00fanior Baiano ex-zagueiro do Flamengo, fala a FlaTV sobre a 'gera\u00e7\u00e3o de ouro'","robots":{"index":"index","follow":"follow","max-snippet":"max-snippet:-1","max-image-preview":"max-image-preview:large","max-video-preview":"max-video-preview:-1"},"canonical":"https:\/\/www.gaveanews.com\/index.php\/2023\/11\/23\/emocionado-junior-baiano-ex-zagueiro-do-flamengo-fala-a-flatv-sobre-a-geracao-de-ouro\/","og_locale":"pt_BR","og_type":"article","og_title":"Emocionado, J\u00fanior Baiano ex-zagueiro do Flamengo, fala a FlaTV sobre a 'gera\u00e7\u00e3o de ouro'","og_description":"Durante uma entrevista emocionada \u00e0 &#8220;FlaTV&#8221;, o ex-zagueiro J\u00fanior Baiano compartilhou suas mem\u00f3rias v\u00edvidas da lend\u00e1ria gera\u00e7\u00e3o de ouro da base do Flamengo nos anos 90. Essa equipe, repleta de talentos como Djalminha, Marcelinho Carioca, Paulo Nunes, N\u00e9lio e outros, n\u00e3o s\u00f3 conquistou a primeira Copinha do clube, mas tamb\u00e9m foi fundamental na gloriosa campanha [&hellip;]","og_url":"https:\/\/www.gaveanews.com\/index.php\/2023\/11\/23\/emocionado-junior-baiano-ex-zagueiro-do-flamengo-fala-a-flatv-sobre-a-geracao-de-ouro\/","og_site_name":"G\u00e1vea News","article_publisher":"https:\/\/facebook.com\/gaveaNews\/","article_published_time":"2023-11-23T12:07:06+00:00","article_modified_time":"2023-11-23T12:07:08+00:00","og_image":[{"width":640,"height":421,"url":"https:\/\/www.gaveanews.com\/wp-content\/uploads\/flamengo1991copinha.webp","type":"image\/jpeg"}],"author":"Leonardo Ant\u00f4nio","twitter_card":"summary_large_image","twitter_misc":{"Escrito por":"Leonardo Ant\u00f4nio","Est. tempo de leitura":"3 minutos"},"schema":{"@context":"https:\/\/schema.org","@graph":[{"@type":"NewsArticle","@id":"https:\/\/www.gaveanews.com\/index.php\/2023\/11\/23\/emocionado-junior-baiano-ex-zagueiro-do-flamengo-fala-a-flatv-sobre-a-geracao-de-ouro\/#article","isPartOf":{"@id":"https:\/\/www.gaveanews.com\/index.php\/2023\/11\/23\/emocionado-junior-baiano-ex-zagueiro-do-flamengo-fala-a-flatv-sobre-a-geracao-de-ouro\/"},"author":{"name":"Leonardo Ant\u00f4nio","@id":"https:\/\/www.gaveanews.com\/#\/schema\/person\/2d29802e96a726e735077717fb5c6f20"},"headline":"Emocionado, J\u00fanior Baiano ex-zagueiro do Flamengo, fala a FlaTV sobre a &#8216;gera\u00e7\u00e3o de ouro&#8217;","datePublished":"2023-11-23T12:07:06+00:00","dateModified":"2023-11-23T12:07:08+00:00","mainEntityOfPage":{"@id":"https:\/\/www.gaveanews.com\/index.php\/2023\/11\/23\/emocionado-junior-baiano-ex-zagueiro-do-flamengo-fala-a-flatv-sobre-a-geracao-de-ouro\/"},"wordCount":544,"commentCount":0,"image":{"@id":"https:\/\/www.gaveanews.com\/index.php\/2023\/11\/23\/emocionado-junior-baiano-ex-zagueiro-do-flamengo-fala-a-flatv-sobre-a-geracao-de-ouro\/#primaryimage"},"thumbnailUrl":"https:\/\/www.gaveanews.com\/wp-content\/uploads\/flamengo1991copinha.webp","articleSection":["Flamengo"],"inLanguage":"pt-BR","potentialAction":[{"@type":"CommentAction","name":"Comment","target":["https:\/\/www.gaveanews.com\/index.php\/2023\/11\/23\/emocionado-junior-baiano-ex-zagueiro-do-flamengo-fala-a-flatv-sobre-a-geracao-de-ouro\/#respond"]}],"copyrightYear":"2023","copyrightHolder":{"@id":"https:\/\/www.gaveanews.com\/#organization"}},{"@type":"WebPage","@id":"https:\/\/www.gaveanews.com\/index.php\/2023\/11\/23\/emocionado-junior-baiano-ex-zagueiro-do-flamengo-fala-a-flatv-sobre-a-geracao-de-ouro\/","url":"https:\/\/www.gaveanews.com\/index.php\/2023\/11\/23\/emocionado-junior-baiano-ex-zagueiro-do-flamengo-fala-a-flatv-sobre-a-geracao-de-ouro\/","name":"Emocionado, J\u00fanior Baiano ex-zagueiro do Flamengo, fala a FlaTV sobre a 'gera\u00e7\u00e3o de ouro'","isPartOf":{"@id":"https:\/\/www.gaveanews.com\/#website"},"primaryImageOfPage":{"@id":"https:\/\/www.gaveanews.com\/index.php\/2023\/11\/23\/emocionado-junior-baiano-ex-zagueiro-do-flamengo-fala-a-flatv-sobre-a-geracao-de-ouro\/#primaryimage"},"image":{"@id":"https:\/\/www.gaveanews.com\/index.php\/2023\/11\/23\/emocionado-junior-baiano-ex-zagueiro-do-flamengo-fala-a-flatv-sobre-a-geracao-de-ouro\/#primaryimage"},"thumbnailUrl":"https:\/\/www.gaveanews.com\/wp-content\/uploads\/flamengo1991copinha.webp","datePublished":"2023-11-23T12:07:06+00:00","dateModified":"2023-11-23T12:07:08+00:00","author":{"@id":"https:\/\/www.gaveanews.com\/#\/schema\/person\/2d29802e96a726e735077717fb5c6f20"},"breadcrumb":{"@id":"https:\/\/www.gaveanews.com\/index.php\/2023\/11\/23\/emocionado-junior-baiano-ex-zagueiro-do-flamengo-fala-a-flatv-sobre-a-geracao-de-ouro\/#breadcrumb"},"inLanguage":"pt-BR","potentialAction":[{"@type":"ReadAction","target":["https:\/\/www.gaveanews.com\/index.php\/2023\/11\/23\/emocionado-junior-baiano-ex-zagueiro-do-flamengo-fala-a-flatv-sobre-a-geracao-de-ouro\/"]}]},{"@type":"ImageObject","inLanguage":"pt-BR","@id":"https:\/\/www.gaveanews.com\/index.php\/2023\/11\/23\/emocionado-junior-baiano-ex-zagueiro-do-flamengo-fala-a-flatv-sobre-a-geracao-de-ouro\/#primaryimage","url":"https:\/\/www.gaveanews.com\/wp-content\/uploads\/flamengo1991copinha.webp","contentUrl":"https:\/\/www.gaveanews.com\/wp-content\/uploads\/flamengo1991copinha.webp","width":640,"height":421,"caption":"Poster Flamengo Copa S\u00e3o Paulo de 1991"},{"@type":"BreadcrumbList","@id":"https:\/\/www.gaveanews.com\/index.php\/2023\/11\/23\/emocionado-junior-baiano-ex-zagueiro-do-flamengo-fala-a-flatv-sobre-a-geracao-de-ouro\/#breadcrumb","itemListElement":[{"@type":"ListItem","position":1,"name":"Home","item":"https:\/\/www.gaveanews.com\/"},{"@type":"ListItem","position":2,"name":"Emocionado, J\u00fanior Baiano ex-zagueiro do Flamengo, fala a FlaTV sobre a &#8216;gera\u00e7\u00e3o de ouro&#8217;"}]},{"@type":"WebSite","@id":"https:\/\/www.gaveanews.com\/#website","url":"https:\/\/www.gaveanews.com\/","name":"G\u00e1vea News","description":"Veja todas as not\u00edcias sobre o Flamengo: Contrata\u00e7\u00f5es, categorias de base, resultados das partidas, tabela de classifica\u00e7\u00e3o, pr\u00f3ximos jogos!","potentialAction":[{"@type":"SearchAction","target":{"@type":"EntryPoint","urlTemplate":"https:\/\/www.gaveanews.com\/?s={search_term_string}"},"query-input":{"@type":"PropertyValueSpecification","valueRequired":true,"valueName":"search_term_string"}}],"inLanguage":"pt-BR"},{"@type":"Person","@id":"https:\/\/www.gaveanews.com\/#\/schema\/person\/2d29802e96a726e735077717fb5c6f20","name":"Leonardo Ant\u00f4nio","image":{"@type":"ImageObject","inLanguage":"pt-BR","@id":"https:\/\/www.gaveanews.com\/#\/schema\/person\/image\/","url":"https:\/\/secure.gravatar.com\/avatar\/b9ffc9ff64af5c915e7cb1824991ab1b4aa29b902a6a9a83be9d1c8ba449fce8?s=96&d=mm&r=g","contentUrl":"https:\/\/secure.gravatar.com\/avatar\/b9ffc9ff64af5c915e7cb1824991ab1b4aa29b902a6a9a83be9d1c8ba449fce8?s=96&d=mm&r=g","caption":"Leonardo Ant\u00f4nio"}}]}},"_links":{"self":[{"href":"https:\/\/www.gaveanews.com\/index.php\/wp-json\/wp\/v2\/posts\/112581","targetHints":{"allow":["GET"]}}],"collection":[{"href":"https:\/\/www.gaveanews.com\/index.php\/wp-json\/wp\/v2\/posts"}],"about":[{"href":"https:\/\/www.gaveanews.com\/index.php\/wp-json\/wp\/v2\/types\/post"}],"author":[{"embeddable":true,"href":"https:\/\/www.gaveanews.com\/index.php\/wp-json\/wp\/v2\/users\/6"}],"replies":[{"embeddable":true,"href":"https:\/\/www.gaveanews.com\/index.php\/wp-json\/wp\/v2\/comments?post=112581"}],"version-history":[{"count":0,"href":"https:\/\/www.gaveanews.com\/index.php\/wp-json\/wp\/v2\/posts\/112581\/revisions"}],"wp:featuredmedia":[{"embeddable":true,"href":"https:\/\/www.gaveanews.com\/index.php\/wp-json\/wp\/v2\/media\/112583"}],"wp:attachment":[{"href":"https:\/\/www.gaveanews.com\/index.php\/wp-json\/wp\/v2\/media?parent=112581"}],"wp:term":[{"taxonomy":"category","embeddable":true,"href":"https:\/\/www.gaveanews.com\/index.php\/wp-json\/wp\/v2\/categories?post=112581"},{"taxonomy":"post_tag","embeddable":true,"href":"https:\/\/www.gaveanews.com\/index.php\/wp-json\/wp\/v2\/tags?post=112581"}],"curies":[{"name":"wp","href":"https:\/\/api.w.org\/{rel}","templated":true}]}}