{"id":112996,"date":"2023-11-26T21:14:39","date_gmt":"2023-11-27T00:14:39","guid":{"rendered":"https:\/\/www.gaveanews.com\/?p=112996"},"modified":"2024-04-06T23:05:11","modified_gmt":"2024-04-07T02:05:11","slug":"mauro-cezar-pereira-e-sincero-ao-falar-sobre-noticias-de-gabigol-no-corinthians","status":"publish","type":"post","link":"https:\/\/www.gaveanews.com\/index.php\/2023\/11\/26\/mauro-cezar-pereira-e-sincero-ao-falar-sobre-noticias-de-gabigol-no-corinthians\/","title":{"rendered":"Mauro Cezar Pereira \u00e9 sincero ao falar sobre not\u00edcias de Gabigol no Corinthians"},"content":{"rendered":"\n<p>Recentemente, o rumores envolvendo o interesse do Corinthians em Gabigol surgiram na web. Diante deste contexto, Mauro Cezar Pereira, expressou forte descontentamento com essas especula\u00e7\u00f5es. Ele destacou que, considerando o ano restante no contrato de Gabigol com o Flamengo, qualquer discuss\u00e3o sobre um acordo para 2025 \u00e9 prematura e sem fundamento.<\/p>\n\n\n\n<p>Um ponto crucial levantado por Mauro \u00e9 a multa rescis\u00f3ria de Gabigol, estimada em mais de R$ 500 milh\u00f5es. Esse valor, considerado astron\u00f4mico, torna qualquer negocia\u00e7\u00e3o por sua transfer\u00eancia altamente improv\u00e1vel. Paralelamente, Mauro Cezar criticou a facilidade com que os torcedores acreditam em tais rumores, mencionando como exemplo similar a especula\u00e7\u00e3o falha sobre a transfer\u00eancia de Bruno Henrique para o Palmeiras.<\/p>\n\n\n\n<p><em>\u2014 N\u00e3o tem o menor valor acertar alguma coisa com o Gabriel porque ele tem mais um ano (de contrato) para cumprir. Tem que pagar a multa. Sabe quanto \u00e9 a multa? Mais de R$ 500 milh\u00f5es. Ningu\u00e9m vai pagar isso. O Gabigol s\u00f3 vai ficar livre daqui um ano. Quando surge uma \u2018informa\u00e7\u00e3o\u2019, \u00e0s v\u00e9speras de uma elei\u00e7\u00e3o, \u00e9 chamar o torcedor de bobo! \u00c9 debochar do torcedor do Corinthians! Os valores que foram publicados, 8 milh\u00f5es de d\u00f3lares\u2026 \u00e9 uma diferen\u00e7a brutal. Ele tem um contrato, n\u00e3o funciona assim<\/em>, disse Mauro Cezar.<\/p>\n\n\n\n<p>Al\u00e9m dos rumores de transfer\u00eancia, o desempenho recente de Gabigol no Flamengo tamb\u00e9m foi objeto de um tema analisado:<\/p>\n\n\n\n<p><em>\u2014 Que bom que ele est\u00e1 bravo, se ficar bravo vai jogar bem de novo. Ele estava muito acomodado, bravo, de repente, volta a jogar. Deixa de ser Gabi e volta a ser Gabigol. Ultimamente, ele \u00e9 s\u00f3 Gabi, Lil Gabi ou Gabriel<\/em>.<\/p>\n","protected":false},"excerpt":{"rendered":"<p>Recentemente, o rumores envolvendo o interesse do Corinthians em Gabigol surgiram na web. Diante deste contexto, Mauro Cezar Pereira, expressou forte descontentamento com essas especula\u00e7\u00f5es. Ele destacou que, considerando o ano restante no contrato de Gabigol com o Flamengo, qualquer discuss\u00e3o sobre um acordo para 2025 \u00e9 prematura e sem fundamento. Um ponto crucial levantado [&hellip;]<\/p>\n","protected":false},"author":1,"featured_media":101020,"comment_status":"open","ping_status":"closed","sticky":false,"template":"","format":"standard","meta":{"footnotes":""},"categories":[1],"tags":[170],"class_list":["post-112996","post","type-post","status-publish","format-standard","has-post-thumbnail","hentry","category-flamengo","tag-mauro-cezar-pereira"],"yoast_head":"<!-- This site is optimized with the Yoast SEO Premium plugin v24.2 (Yoast SEO v26.9) - https:\/\/yoast.com\/product\/yoast-seo-premium-wordpress\/ -->\n<title>Mauro Cezar Pereira \u00e9 sincero ao falar sobre not\u00edcias de Gabigol no Corinthians<\/title>\n<meta name=\"robots\" content=\"index, follow, max-snippet:-1, max-image-preview:large, max-video-preview:-1\" \/>\n<link rel=\"canonical\" href=\"https:\/\/www.gaveanews.com\/index.php\/2023\/11\/26\/mauro-cezar-pereira-e-sincero-ao-falar-sobre-noticias-de-gabigol-no-corinthians\/\" \/>\n<meta property=\"og:locale\" content=\"pt_BR\" \/>\n<meta property=\"og:type\" content=\"article\" \/>\n<meta property=\"og:title\" content=\"Mauro Cezar Pereira \u00e9 sincero ao falar sobre not\u00edcias de Gabigol no Corinthians\" \/>\n<meta property=\"og:description\" content=\"Recentemente, o rumores envolvendo o interesse do Corinthians em Gabigol surgiram na web. Diante deste contexto, Mauro Cezar Pereira, expressou forte descontentamento com essas especula\u00e7\u00f5es. Ele destacou que, considerando o ano restante no contrato de Gabigol com o Flamengo, qualquer discuss\u00e3o sobre um acordo para 2025 \u00e9 prematura e sem fundamento. Um ponto crucial levantado [&hellip;]\" \/>\n<meta property=\"og:url\" content=\"https:\/\/www.gaveanews.com\/index.php\/2023\/11\/26\/mauro-cezar-pereira-e-sincero-ao-falar-sobre-noticias-de-gabigol-no-corinthians\/\" \/>\n<meta property=\"og:site_name\" content=\"G\u00e1vea News\" \/>\n<meta property=\"article:publisher\" content=\"https:\/\/facebook.com\/gaveaNews\/\" \/>\n<meta property=\"article:published_time\" content=\"2023-11-27T00:14:39+00:00\" \/>\n<meta property=\"article:modified_time\" content=\"2024-04-07T02:05:11+00:00\" \/>\n<meta property=\"og:image\" content=\"https:\/\/www.gaveanews.com\/wp-content\/uploads\/Mauro-Cezar.webp\" \/>\n\t<meta property=\"og:image:width\" content=\"846\" \/>\n\t<meta property=\"og:image:height\" content=\"564\" \/>\n\t<meta property=\"og:image:type\" content=\"image\/webp\" \/>\n<meta name=\"author\" content=\"Equipe G\u00e1vea News\" \/>\n<meta name=\"twitter:card\" content=\"summary_large_image\" \/>\n<meta name=\"twitter:label1\" content=\"Escrito por\" \/>\n\t<meta name=\"twitter:data1\" content=\"Equipe G\u00e1vea News\" \/>\n\t<meta name=\"twitter:label2\" content=\"Est. tempo de leitura\" \/>\n\t<meta name=\"twitter:data2\" content=\"2 minutos\" \/>\n<script type=\"application\/ld+json\" class=\"yoast-schema-graph\">{\"@context\":\"https:\/\/schema.org\",\"@graph\":[{\"@type\":\"NewsArticle\",\"@id\":\"https:\/\/www.gaveanews.com\/index.php\/2023\/11\/26\/mauro-cezar-pereira-e-sincero-ao-falar-sobre-noticias-de-gabigol-no-corinthians\/#article\",\"isPartOf\":{\"@id\":\"https:\/\/www.gaveanews.com\/index.php\/2023\/11\/26\/mauro-cezar-pereira-e-sincero-ao-falar-sobre-noticias-de-gabigol-no-corinthians\/\"},\"author\":{\"name\":\"Equipe G\u00e1vea News\",\"@id\":\"https:\/\/www.gaveanews.com\/#\/schema\/person\/2ec14f73fb96be2caf28f91afb14749d\"},\"headline\":\"Mauro Cezar Pereira \u00e9 sincero ao falar sobre not\u00edcias de Gabigol no Corinthians\",\"datePublished\":\"2023-11-27T00:14:39+00:00\",\"dateModified\":\"2024-04-07T02:05:11+00:00\",\"mainEntityOfPage\":{\"@id\":\"https:\/\/www.gaveanews.com\/index.php\/2023\/11\/26\/mauro-cezar-pereira-e-sincero-ao-falar-sobre-noticias-de-gabigol-no-corinthians\/\"},\"wordCount\":291,\"commentCount\":0,\"image\":{\"@id\":\"https:\/\/www.gaveanews.com\/index.php\/2023\/11\/26\/mauro-cezar-pereira-e-sincero-ao-falar-sobre-noticias-de-gabigol-no-corinthians\/#primaryimage\"},\"thumbnailUrl\":\"https:\/\/www.gaveanews.com\/wp-content\/uploads\/Mauro-Cezar.webp\",\"keywords\":[\"Mauro Cezar Pereira\"],\"articleSection\":[\"Flamengo\"],\"inLanguage\":\"pt-BR\",\"potentialAction\":[{\"@type\":\"CommentAction\",\"name\":\"Comment\",\"target\":[\"https:\/\/www.gaveanews.com\/index.php\/2023\/11\/26\/mauro-cezar-pereira-e-sincero-ao-falar-sobre-noticias-de-gabigol-no-corinthians\/#respond\"]}],\"copyrightYear\":\"2023\",\"copyrightHolder\":{\"@id\":\"https:\/\/www.gaveanews.com\/#organization\"}},{\"@type\":\"WebPage\",\"@id\":\"https:\/\/www.gaveanews.com\/index.php\/2023\/11\/26\/mauro-cezar-pereira-e-sincero-ao-falar-sobre-noticias-de-gabigol-no-corinthians\/\",\"url\":\"https:\/\/www.gaveanews.com\/index.php\/2023\/11\/26\/mauro-cezar-pereira-e-sincero-ao-falar-sobre-noticias-de-gabigol-no-corinthians\/\",\"name\":\"Mauro Cezar Pereira \u00e9 sincero ao falar sobre not\u00edcias de Gabigol no Corinthians\",\"isPartOf\":{\"@id\":\"https:\/\/www.gaveanews.com\/#website\"},\"primaryImageOfPage\":{\"@id\":\"https:\/\/www.gaveanews.com\/index.php\/2023\/11\/26\/mauro-cezar-pereira-e-sincero-ao-falar-sobre-noticias-de-gabigol-no-corinthians\/#primaryimage\"},\"image\":{\"@id\":\"https:\/\/www.gaveanews.com\/index.php\/2023\/11\/26\/mauro-cezar-pereira-e-sincero-ao-falar-sobre-noticias-de-gabigol-no-corinthians\/#primaryimage\"},\"thumbnailUrl\":\"https:\/\/www.gaveanews.com\/wp-content\/uploads\/Mauro-Cezar.webp\",\"datePublished\":\"2023-11-27T00:14:39+00:00\",\"dateModified\":\"2024-04-07T02:05:11+00:00\",\"author\":{\"@id\":\"https:\/\/www.gaveanews.com\/#\/schema\/person\/2ec14f73fb96be2caf28f91afb14749d\"},\"breadcrumb\":{\"@id\":\"https:\/\/www.gaveanews.com\/index.php\/2023\/11\/26\/mauro-cezar-pereira-e-sincero-ao-falar-sobre-noticias-de-gabigol-no-corinthians\/#breadcrumb\"},\"inLanguage\":\"pt-BR\",\"potentialAction\":[{\"@type\":\"ReadAction\",\"target\":[\"https:\/\/www.gaveanews.com\/index.php\/2023\/11\/26\/mauro-cezar-pereira-e-sincero-ao-falar-sobre-noticias-de-gabigol-no-corinthians\/\"]}]},{\"@type\":\"ImageObject\",\"inLanguage\":\"pt-BR\",\"@id\":\"https:\/\/www.gaveanews.com\/index.php\/2023\/11\/26\/mauro-cezar-pereira-e-sincero-ao-falar-sobre-noticias-de-gabigol-no-corinthians\/#primaryimage\",\"url\":\"https:\/\/www.gaveanews.com\/wp-content\/uploads\/Mauro-Cezar.webp\",\"contentUrl\":\"https:\/\/www.gaveanews.com\/wp-content\/uploads\/Mauro-Cezar.webp\",\"width\":846,\"height\":564,\"caption\":\"Mauro Cesar em Programa pela Jovem Pan - Foto: Reprodu\u00e7\u00e3o\/Jovem Pan\"},{\"@type\":\"BreadcrumbList\",\"@id\":\"https:\/\/www.gaveanews.com\/index.php\/2023\/11\/26\/mauro-cezar-pereira-e-sincero-ao-falar-sobre-noticias-de-gabigol-no-corinthians\/#breadcrumb\",\"itemListElement\":[{\"@type\":\"ListItem\",\"position\":1,\"name\":\"Home\",\"item\":\"https:\/\/www.gaveanews.com\/\"},{\"@type\":\"ListItem\",\"position\":2,\"name\":\"Mauro Cezar Pereira \u00e9 sincero ao falar sobre not\u00edcias de Gabigol no Corinthians\"}]},{\"@type\":\"WebSite\",\"@id\":\"https:\/\/www.gaveanews.com\/#website\",\"url\":\"https:\/\/www.gaveanews.com\/\",\"name\":\"G\u00e1vea News\",\"description\":\"Veja todas as not\u00edcias sobre o Flamengo: Contrata\u00e7\u00f5es, categorias de base, resultados das partidas, tabela de classifica\u00e7\u00e3o, pr\u00f3ximos jogos!\",\"potentialAction\":[{\"@type\":\"SearchAction\",\"target\":{\"@type\":\"EntryPoint\",\"urlTemplate\":\"https:\/\/www.gaveanews.com\/?s={search_term_string}\"},\"query-input\":{\"@type\":\"PropertyValueSpecification\",\"valueRequired\":true,\"valueName\":\"search_term_string\"}}],\"inLanguage\":\"pt-BR\"},{\"@type\":\"Person\",\"@id\":\"https:\/\/www.gaveanews.com\/#\/schema\/person\/2ec14f73fb96be2caf28f91afb14749d\",\"name\":\"Equipe G\u00e1vea News\",\"image\":{\"@type\":\"ImageObject\",\"inLanguage\":\"pt-BR\",\"@id\":\"https:\/\/www.gaveanews.com\/#\/schema\/person\/image\/\",\"url\":\"https:\/\/secure.gravatar.com\/avatar\/1e1956f1facbffd3f8fa53a326721950116b3b9dc9bd44939c01180fd4a745a9?s=96&d=mm&r=g\",\"contentUrl\":\"https:\/\/secure.gravatar.com\/avatar\/1e1956f1facbffd3f8fa53a326721950116b3b9dc9bd44939c01180fd4a745a9?s=96&d=mm&r=g\",\"caption\":\"Equipe G\u00e1vea News\"}}]}<\/script>\n<!-- \/ Yoast SEO Premium plugin. -->","yoast_head_json":{"title":"Mauro Cezar Pereira \u00e9 sincero ao falar sobre not\u00edcias de Gabigol no Corinthians","robots":{"index":"index","follow":"follow","max-snippet":"max-snippet:-1","max-image-preview":"max-image-preview:large","max-video-preview":"max-video-preview:-1"},"canonical":"https:\/\/www.gaveanews.com\/index.php\/2023\/11\/26\/mauro-cezar-pereira-e-sincero-ao-falar-sobre-noticias-de-gabigol-no-corinthians\/","og_locale":"pt_BR","og_type":"article","og_title":"Mauro Cezar Pereira \u00e9 sincero ao falar sobre not\u00edcias de Gabigol no Corinthians","og_description":"Recentemente, o rumores envolvendo o interesse do Corinthians em Gabigol surgiram na web. Diante deste contexto, Mauro Cezar Pereira, expressou forte descontentamento com essas especula\u00e7\u00f5es. Ele destacou que, considerando o ano restante no contrato de Gabigol com o Flamengo, qualquer discuss\u00e3o sobre um acordo para 2025 \u00e9 prematura e sem fundamento. Um ponto crucial levantado [&hellip;]","og_url":"https:\/\/www.gaveanews.com\/index.php\/2023\/11\/26\/mauro-cezar-pereira-e-sincero-ao-falar-sobre-noticias-de-gabigol-no-corinthians\/","og_site_name":"G\u00e1vea News","article_publisher":"https:\/\/facebook.com\/gaveaNews\/","article_published_time":"2023-11-27T00:14:39+00:00","article_modified_time":"2024-04-07T02:05:11+00:00","og_image":[{"width":846,"height":564,"url":"https:\/\/www.gaveanews.com\/wp-content\/uploads\/Mauro-Cezar.webp","type":"image\/webp"}],"author":"Equipe G\u00e1vea News","twitter_card":"summary_large_image","twitter_misc":{"Escrito por":"Equipe G\u00e1vea News","Est. tempo de leitura":"2 minutos"},"schema":{"@context":"https:\/\/schema.org","@graph":[{"@type":"NewsArticle","@id":"https:\/\/www.gaveanews.com\/index.php\/2023\/11\/26\/mauro-cezar-pereira-e-sincero-ao-falar-sobre-noticias-de-gabigol-no-corinthians\/#article","isPartOf":{"@id":"https:\/\/www.gaveanews.com\/index.php\/2023\/11\/26\/mauro-cezar-pereira-e-sincero-ao-falar-sobre-noticias-de-gabigol-no-corinthians\/"},"author":{"name":"Equipe G\u00e1vea News","@id":"https:\/\/www.gaveanews.com\/#\/schema\/person\/2ec14f73fb96be2caf28f91afb14749d"},"headline":"Mauro Cezar Pereira \u00e9 sincero ao falar sobre not\u00edcias de Gabigol no Corinthians","datePublished":"2023-11-27T00:14:39+00:00","dateModified":"2024-04-07T02:05:11+00:00","mainEntityOfPage":{"@id":"https:\/\/www.gaveanews.com\/index.php\/2023\/11\/26\/mauro-cezar-pereira-e-sincero-ao-falar-sobre-noticias-de-gabigol-no-corinthians\/"},"wordCount":291,"commentCount":0,"image":{"@id":"https:\/\/www.gaveanews.com\/index.php\/2023\/11\/26\/mauro-cezar-pereira-e-sincero-ao-falar-sobre-noticias-de-gabigol-no-corinthians\/#primaryimage"},"thumbnailUrl":"https:\/\/www.gaveanews.com\/wp-content\/uploads\/Mauro-Cezar.webp","keywords":["Mauro Cezar Pereira"],"articleSection":["Flamengo"],"inLanguage":"pt-BR","potentialAction":[{"@type":"CommentAction","name":"Comment","target":["https:\/\/www.gaveanews.com\/index.php\/2023\/11\/26\/mauro-cezar-pereira-e-sincero-ao-falar-sobre-noticias-de-gabigol-no-corinthians\/#respond"]}],"copyrightYear":"2023","copyrightHolder":{"@id":"https:\/\/www.gaveanews.com\/#organization"}},{"@type":"WebPage","@id":"https:\/\/www.gaveanews.com\/index.php\/2023\/11\/26\/mauro-cezar-pereira-e-sincero-ao-falar-sobre-noticias-de-gabigol-no-corinthians\/","url":"https:\/\/www.gaveanews.com\/index.php\/2023\/11\/26\/mauro-cezar-pereira-e-sincero-ao-falar-sobre-noticias-de-gabigol-no-corinthians\/","name":"Mauro Cezar Pereira \u00e9 sincero ao falar sobre not\u00edcias de Gabigol no Corinthians","isPartOf":{"@id":"https:\/\/www.gaveanews.com\/#website"},"primaryImageOfPage":{"@id":"https:\/\/www.gaveanews.com\/index.php\/2023\/11\/26\/mauro-cezar-pereira-e-sincero-ao-falar-sobre-noticias-de-gabigol-no-corinthians\/#primaryimage"},"image":{"@id":"https:\/\/www.gaveanews.com\/index.php\/2023\/11\/26\/mauro-cezar-pereira-e-sincero-ao-falar-sobre-noticias-de-gabigol-no-corinthians\/#primaryimage"},"thumbnailUrl":"https:\/\/www.gaveanews.com\/wp-content\/uploads\/Mauro-Cezar.webp","datePublished":"2023-11-27T00:14:39+00:00","dateModified":"2024-04-07T02:05:11+00:00","author":{"@id":"https:\/\/www.gaveanews.com\/#\/schema\/person\/2ec14f73fb96be2caf28f91afb14749d"},"breadcrumb":{"@id":"https:\/\/www.gaveanews.com\/index.php\/2023\/11\/26\/mauro-cezar-pereira-e-sincero-ao-falar-sobre-noticias-de-gabigol-no-corinthians\/#breadcrumb"},"inLanguage":"pt-BR","potentialAction":[{"@type":"ReadAction","target":["https:\/\/www.gaveanews.com\/index.php\/2023\/11\/26\/mauro-cezar-pereira-e-sincero-ao-falar-sobre-noticias-de-gabigol-no-corinthians\/"]}]},{"@type":"ImageObject","inLanguage":"pt-BR","@id":"https:\/\/www.gaveanews.com\/index.php\/2023\/11\/26\/mauro-cezar-pereira-e-sincero-ao-falar-sobre-noticias-de-gabigol-no-corinthians\/#primaryimage","url":"https:\/\/www.gaveanews.com\/wp-content\/uploads\/Mauro-Cezar.webp","contentUrl":"https:\/\/www.gaveanews.com\/wp-content\/uploads\/Mauro-Cezar.webp","width":846,"height":564,"caption":"Mauro Cesar em Programa pela Jovem Pan - Foto: Reprodu\u00e7\u00e3o\/Jovem Pan"},{"@type":"BreadcrumbList","@id":"https:\/\/www.gaveanews.com\/index.php\/2023\/11\/26\/mauro-cezar-pereira-e-sincero-ao-falar-sobre-noticias-de-gabigol-no-corinthians\/#breadcrumb","itemListElement":[{"@type":"ListItem","position":1,"name":"Home","item":"https:\/\/www.gaveanews.com\/"},{"@type":"ListItem","position":2,"name":"Mauro Cezar Pereira \u00e9 sincero ao falar sobre not\u00edcias de Gabigol no Corinthians"}]},{"@type":"WebSite","@id":"https:\/\/www.gaveanews.com\/#website","url":"https:\/\/www.gaveanews.com\/","name":"G\u00e1vea News","description":"Veja todas as not\u00edcias sobre o Flamengo: Contrata\u00e7\u00f5es, categorias de base, resultados das partidas, tabela de classifica\u00e7\u00e3o, pr\u00f3ximos jogos!","potentialAction":[{"@type":"SearchAction","target":{"@type":"EntryPoint","urlTemplate":"https:\/\/www.gaveanews.com\/?s={search_term_string}"},"query-input":{"@type":"PropertyValueSpecification","valueRequired":true,"valueName":"search_term_string"}}],"inLanguage":"pt-BR"},{"@type":"Person","@id":"https:\/\/www.gaveanews.com\/#\/schema\/person\/2ec14f73fb96be2caf28f91afb14749d","name":"Equipe G\u00e1vea News","image":{"@type":"ImageObject","inLanguage":"pt-BR","@id":"https:\/\/www.gaveanews.com\/#\/schema\/person\/image\/","url":"https:\/\/secure.gravatar.com\/avatar\/1e1956f1facbffd3f8fa53a326721950116b3b9dc9bd44939c01180fd4a745a9?s=96&d=mm&r=g","contentUrl":"https:\/\/secure.gravatar.com\/avatar\/1e1956f1facbffd3f8fa53a326721950116b3b9dc9bd44939c01180fd4a745a9?s=96&d=mm&r=g","caption":"Equipe G\u00e1vea News"}}]}},"_links":{"self":[{"href":"https:\/\/www.gaveanews.com\/index.php\/wp-json\/wp\/v2\/posts\/112996","targetHints":{"allow":["GET"]}}],"collection":[{"href":"https:\/\/www.gaveanews.com\/index.php\/wp-json\/wp\/v2\/posts"}],"about":[{"href":"https:\/\/www.gaveanews.com\/index.php\/wp-json\/wp\/v2\/types\/post"}],"author":[{"embeddable":true,"href":"https:\/\/www.gaveanews.com\/index.php\/wp-json\/wp\/v2\/users\/1"}],"replies":[{"embeddable":true,"href":"https:\/\/www.gaveanews.com\/index.php\/wp-json\/wp\/v2\/comments?post=112996"}],"version-history":[{"count":1,"href":"https:\/\/www.gaveanews.com\/index.php\/wp-json\/wp\/v2\/posts\/112996\/revisions"}],"predecessor-version":[{"id":134383,"href":"https:\/\/www.gaveanews.com\/index.php\/wp-json\/wp\/v2\/posts\/112996\/revisions\/134383"}],"wp:featuredmedia":[{"embeddable":true,"href":"https:\/\/www.gaveanews.com\/index.php\/wp-json\/wp\/v2\/media\/101020"}],"wp:attachment":[{"href":"https:\/\/www.gaveanews.com\/index.php\/wp-json\/wp\/v2\/media?parent=112996"}],"wp:term":[{"taxonomy":"category","embeddable":true,"href":"https:\/\/www.gaveanews.com\/index.php\/wp-json\/wp\/v2\/categories?post=112996"},{"taxonomy":"post_tag","embeddable":true,"href":"https:\/\/www.gaveanews.com\/index.php\/wp-json\/wp\/v2\/tags?post=112996"}],"curies":[{"name":"wp","href":"https:\/\/api.w.org\/{rel}","templated":true}]}}