{"id":113249,"date":"2023-11-28T15:00:02","date_gmt":"2023-11-28T18:00:02","guid":{"rendered":"https:\/\/www.gaveanews.com\/?p=113249"},"modified":"2024-04-06T23:21:19","modified_gmt":"2024-04-07T02:21:19","slug":"vivendo-sua-melhor-fase-cebolinha-revela-segredo-de-tite-na-sua-recuperacao-e-bastidores-do-flamengo","status":"publish","type":"post","link":"https:\/\/www.gaveanews.com\/index.php\/2023\/11\/28\/vivendo-sua-melhor-fase-cebolinha-revela-segredo-de-tite-na-sua-recuperacao-e-bastidores-do-flamengo\/","title":{"rendered":"Vivendo sua melhor fase, Cebolinha revela &#8216;segredo&#8217; de Tite na sua recupera\u00e7\u00e3o e bastidores do Flamengo"},"content":{"rendered":"\n<p>Por: Kayo Silva\u00a0<\/p>\n\n\n\n<p>Ap\u00f3s a chegada de Tite, o ambiente no Flamengo melhorou consideravelmente. A boa conviv\u00eancia entre a comiss\u00e3o t\u00e9cnica e os jogadores \u00e9 um dos principais fatores dessa melhoria. Destaca-se tamb\u00e9m que a equipe alcan\u00e7ou 63 pontos na tabela, empatando com o l\u00edder da competi\u00e7\u00e3o.<\/p>\n\n\n\n<p>Everton Cebolinha, em entrevista \u00e0 FlaTV, falou sobre o clima no clube. O atacante elogiou Tite e compartilhou uma brincadeira com Ayrton Lucas, autor da assist\u00eancia para o primeiro gol do Rubro-Negro contra o Am\u00e9rica-MG, no \u00faltimo domingo (26).<\/p>\n\n\n\n<p><em>&#8220;Sinto-me muito \u00e0 vontade, e isso \u00e9 fundamental para a recupera\u00e7\u00e3o da minha confian\u00e7a. Tite foi essencial nesse processo, dando-me a sequ\u00eancia de jogos necess\u00e1ria. J\u00e1 s\u00e3o cinco partidas consecutivas, o que \u00e9 importante para qualquer atleta. Estou conseguindo contribuir e espero ajudar ainda mais nos \u00faltimos tr\u00eas jogos&#8221;<\/em>, disse Everton Cebolinha \u00e0 FlaTV, antes de revelar uma curiosidade sobre Ayrton Lucas.<\/p>\n\n\n\n<p><em>&#8220;Apesar de ter cabeceado para baixo, a bola n\u00e3o tocou o ch\u00e3o, e a umidade dificultou a defesa do goleiro. Brincamos que Ayrton Lucas, apelidado de Beijinho, \u00e9 destro, pois ele tem um bom chute com a direita. Quando ele foi para o meio, posicionei-me esperando a bola, e deu certo&#8221;<\/em>, acrescentou Everton.<\/p>\n\n\n\n<p>Desde sua chegada ao Flamengo, o camisa 11 era questionado pela torcida, principalmente por suas boas atua\u00e7\u00f5es no Gr\u00eamio e na Copa Am\u00e9rica de 2019 pela sele\u00e7\u00e3o brasileira antes de se transferir para a Europa. Com a chegada de Tite, Everton se tornou uma pe\u00e7a-chave no esquema do treinador.<\/p>\n\n\n\n<p>Everton Cebolinha provavelmente ser\u00e1 titular na partida de quarta-feira (29) contra o Atl\u00e9tico-MG, pela 36\u00aa rodada do Brasileir\u00e3o.<br><br><a href=\"https:\/\/www.gaveanews.com\/index.php\/2023\/11\/28\/presidente-de-clube-rival-desabafa-sobre-titulo-perdido-e-ironiza-elenco-do-flamengo-time-velho\/\">Presidente de clube rival desabafa sobre t\u00edtulo perdido e ironiza elenco do Flamengo: \u201ctime velho\u201d\u00a0<\/a><\/p>\n","protected":false},"excerpt":{"rendered":"<p>Por: Kayo Silva\u00a0 Ap\u00f3s a chegada de Tite, o ambiente no Flamengo melhorou consideravelmente. A boa conviv\u00eancia entre a comiss\u00e3o t\u00e9cnica e os jogadores \u00e9 um dos principais fatores dessa melhoria. Destaca-se tamb\u00e9m que a equipe alcan\u00e7ou 63 pontos na tabela, empatando com o l\u00edder da competi\u00e7\u00e3o. Everton Cebolinha, em entrevista \u00e0 FlaTV, falou sobre [&hellip;]<\/p>\n","protected":false},"author":10,"featured_media":113312,"comment_status":"open","ping_status":"closed","sticky":false,"template":"","format":"standard","meta":{"footnotes":""},"categories":[1],"tags":[171],"class_list":["post-113249","post","type-post","status-publish","format-standard","has-post-thumbnail","hentry","category-flamengo","tag-adenor-leonardo-bachi-tite"],"yoast_head":"<!-- This site is optimized with the Yoast SEO Premium plugin v24.2 (Yoast SEO v26.9) - https:\/\/yoast.com\/product\/yoast-seo-premium-wordpress\/ -->\n<title>Vivendo sua melhor fase, Cebolinha revela &#039;segredo&#039; de Tite na sua recupera\u00e7\u00e3o e bastidores do Flamengo<\/title>\n<meta name=\"robots\" content=\"index, follow, max-snippet:-1, max-image-preview:large, max-video-preview:-1\" \/>\n<link rel=\"canonical\" href=\"https:\/\/www.gaveanews.com\/index.php\/2023\/11\/28\/vivendo-sua-melhor-fase-cebolinha-revela-segredo-de-tite-na-sua-recuperacao-e-bastidores-do-flamengo\/\" \/>\n<meta property=\"og:locale\" content=\"pt_BR\" \/>\n<meta property=\"og:type\" content=\"article\" \/>\n<meta property=\"og:title\" content=\"Vivendo sua melhor fase, Cebolinha revela &#039;segredo&#039; de Tite na sua recupera\u00e7\u00e3o e bastidores do Flamengo\" \/>\n<meta property=\"og:description\" content=\"Por: Kayo Silva\u00a0 Ap\u00f3s a chegada de Tite, o ambiente no Flamengo melhorou consideravelmente. A boa conviv\u00eancia entre a comiss\u00e3o t\u00e9cnica e os jogadores \u00e9 um dos principais fatores dessa melhoria. Destaca-se tamb\u00e9m que a equipe alcan\u00e7ou 63 pontos na tabela, empatando com o l\u00edder da competi\u00e7\u00e3o. Everton Cebolinha, em entrevista \u00e0 FlaTV, falou sobre [&hellip;]\" \/>\n<meta property=\"og:url\" content=\"https:\/\/www.gaveanews.com\/index.php\/2023\/11\/28\/vivendo-sua-melhor-fase-cebolinha-revela-segredo-de-tite-na-sua-recuperacao-e-bastidores-do-flamengo\/\" \/>\n<meta property=\"og:site_name\" content=\"G\u00e1vea News\" \/>\n<meta property=\"article:publisher\" content=\"https:\/\/facebook.com\/gaveaNews\/\" \/>\n<meta property=\"article:published_time\" content=\"2023-11-28T18:00:02+00:00\" \/>\n<meta property=\"article:modified_time\" content=\"2024-04-07T02:21:19+00:00\" \/>\n<meta property=\"og:image\" content=\"https:\/\/www.gaveanews.com\/wp-content\/uploads\/everton-cebolinha-flamengo-fla-tv.webp\" \/>\n\t<meta property=\"og:image:width\" content=\"640\" \/>\n\t<meta property=\"og:image:height\" content=\"400\" \/>\n\t<meta property=\"og:image:type\" content=\"image\/jpeg\" \/>\n<meta name=\"author\" content=\"Kayo Silva\" \/>\n<meta name=\"twitter:card\" content=\"summary_large_image\" \/>\n<meta name=\"twitter:label1\" content=\"Escrito por\" \/>\n\t<meta name=\"twitter:data1\" content=\"Kayo Silva\" \/>\n\t<meta name=\"twitter:label2\" content=\"Est. tempo de leitura\" \/>\n\t<meta name=\"twitter:data2\" content=\"2 minutos\" \/>\n<script type=\"application\/ld+json\" class=\"yoast-schema-graph\">{\"@context\":\"https:\/\/schema.org\",\"@graph\":[{\"@type\":\"NewsArticle\",\"@id\":\"https:\/\/www.gaveanews.com\/index.php\/2023\/11\/28\/vivendo-sua-melhor-fase-cebolinha-revela-segredo-de-tite-na-sua-recuperacao-e-bastidores-do-flamengo\/#article\",\"isPartOf\":{\"@id\":\"https:\/\/www.gaveanews.com\/index.php\/2023\/11\/28\/vivendo-sua-melhor-fase-cebolinha-revela-segredo-de-tite-na-sua-recuperacao-e-bastidores-do-flamengo\/\"},\"author\":{\"name\":\"Kayo Silva\",\"@id\":\"https:\/\/www.gaveanews.com\/#\/schema\/person\/51b3ba6a493cf9e7af9ce2c6d0d4ff1c\"},\"headline\":\"Vivendo sua melhor fase, Cebolinha revela &#8216;segredo&#8217; de Tite na sua recupera\u00e7\u00e3o e bastidores do Flamengo\",\"datePublished\":\"2023-11-28T18:00:02+00:00\",\"dateModified\":\"2024-04-07T02:21:19+00:00\",\"mainEntityOfPage\":{\"@id\":\"https:\/\/www.gaveanews.com\/index.php\/2023\/11\/28\/vivendo-sua-melhor-fase-cebolinha-revela-segredo-de-tite-na-sua-recuperacao-e-bastidores-do-flamengo\/\"},\"wordCount\":313,\"commentCount\":0,\"image\":{\"@id\":\"https:\/\/www.gaveanews.com\/index.php\/2023\/11\/28\/vivendo-sua-melhor-fase-cebolinha-revela-segredo-de-tite-na-sua-recuperacao-e-bastidores-do-flamengo\/#primaryimage\"},\"thumbnailUrl\":\"https:\/\/www.gaveanews.com\/wp-content\/uploads\/everton-cebolinha-flamengo-fla-tv.webp\",\"keywords\":[\"Adenor Leonardo Bachi\"],\"articleSection\":[\"Flamengo\"],\"inLanguage\":\"pt-BR\",\"potentialAction\":[{\"@type\":\"CommentAction\",\"name\":\"Comment\",\"target\":[\"https:\/\/www.gaveanews.com\/index.php\/2023\/11\/28\/vivendo-sua-melhor-fase-cebolinha-revela-segredo-de-tite-na-sua-recuperacao-e-bastidores-do-flamengo\/#respond\"]}],\"copyrightYear\":\"2023\",\"copyrightHolder\":{\"@id\":\"https:\/\/www.gaveanews.com\/#organization\"}},{\"@type\":\"WebPage\",\"@id\":\"https:\/\/www.gaveanews.com\/index.php\/2023\/11\/28\/vivendo-sua-melhor-fase-cebolinha-revela-segredo-de-tite-na-sua-recuperacao-e-bastidores-do-flamengo\/\",\"url\":\"https:\/\/www.gaveanews.com\/index.php\/2023\/11\/28\/vivendo-sua-melhor-fase-cebolinha-revela-segredo-de-tite-na-sua-recuperacao-e-bastidores-do-flamengo\/\",\"name\":\"Vivendo sua melhor fase, Cebolinha revela 'segredo' de Tite na sua recupera\u00e7\u00e3o e bastidores do Flamengo\",\"isPartOf\":{\"@id\":\"https:\/\/www.gaveanews.com\/#website\"},\"primaryImageOfPage\":{\"@id\":\"https:\/\/www.gaveanews.com\/index.php\/2023\/11\/28\/vivendo-sua-melhor-fase-cebolinha-revela-segredo-de-tite-na-sua-recuperacao-e-bastidores-do-flamengo\/#primaryimage\"},\"image\":{\"@id\":\"https:\/\/www.gaveanews.com\/index.php\/2023\/11\/28\/vivendo-sua-melhor-fase-cebolinha-revela-segredo-de-tite-na-sua-recuperacao-e-bastidores-do-flamengo\/#primaryimage\"},\"thumbnailUrl\":\"https:\/\/www.gaveanews.com\/wp-content\/uploads\/everton-cebolinha-flamengo-fla-tv.webp\",\"datePublished\":\"2023-11-28T18:00:02+00:00\",\"dateModified\":\"2024-04-07T02:21:19+00:00\",\"author\":{\"@id\":\"https:\/\/www.gaveanews.com\/#\/schema\/person\/51b3ba6a493cf9e7af9ce2c6d0d4ff1c\"},\"breadcrumb\":{\"@id\":\"https:\/\/www.gaveanews.com\/index.php\/2023\/11\/28\/vivendo-sua-melhor-fase-cebolinha-revela-segredo-de-tite-na-sua-recuperacao-e-bastidores-do-flamengo\/#breadcrumb\"},\"inLanguage\":\"pt-BR\",\"potentialAction\":[{\"@type\":\"ReadAction\",\"target\":[\"https:\/\/www.gaveanews.com\/index.php\/2023\/11\/28\/vivendo-sua-melhor-fase-cebolinha-revela-segredo-de-tite-na-sua-recuperacao-e-bastidores-do-flamengo\/\"]}]},{\"@type\":\"ImageObject\",\"inLanguage\":\"pt-BR\",\"@id\":\"https:\/\/www.gaveanews.com\/index.php\/2023\/11\/28\/vivendo-sua-melhor-fase-cebolinha-revela-segredo-de-tite-na-sua-recuperacao-e-bastidores-do-flamengo\/#primaryimage\",\"url\":\"https:\/\/www.gaveanews.com\/wp-content\/uploads\/everton-cebolinha-flamengo-fla-tv.webp\",\"contentUrl\":\"https:\/\/www.gaveanews.com\/wp-content\/uploads\/everton-cebolinha-flamengo-fla-tv.webp\",\"width\":640,\"height\":400,\"caption\":\"Entrevista Cebolinha a FlaTV - Foto: Reprodu\u00e7\u00e3o\/ FlaTV\"},{\"@type\":\"BreadcrumbList\",\"@id\":\"https:\/\/www.gaveanews.com\/index.php\/2023\/11\/28\/vivendo-sua-melhor-fase-cebolinha-revela-segredo-de-tite-na-sua-recuperacao-e-bastidores-do-flamengo\/#breadcrumb\",\"itemListElement\":[{\"@type\":\"ListItem\",\"position\":1,\"name\":\"Home\",\"item\":\"https:\/\/www.gaveanews.com\/\"},{\"@type\":\"ListItem\",\"position\":2,\"name\":\"Vivendo sua melhor fase, Cebolinha revela &#8216;segredo&#8217; de Tite na sua recupera\u00e7\u00e3o e bastidores do Flamengo\"}]},{\"@type\":\"WebSite\",\"@id\":\"https:\/\/www.gaveanews.com\/#website\",\"url\":\"https:\/\/www.gaveanews.com\/\",\"name\":\"G\u00e1vea News\",\"description\":\"Veja todas as not\u00edcias sobre o Flamengo: Contrata\u00e7\u00f5es, categorias de base, resultados das partidas, tabela de classifica\u00e7\u00e3o, pr\u00f3ximos jogos!\",\"potentialAction\":[{\"@type\":\"SearchAction\",\"target\":{\"@type\":\"EntryPoint\",\"urlTemplate\":\"https:\/\/www.gaveanews.com\/?s={search_term_string}\"},\"query-input\":{\"@type\":\"PropertyValueSpecification\",\"valueRequired\":true,\"valueName\":\"search_term_string\"}}],\"inLanguage\":\"pt-BR\"},{\"@type\":\"Person\",\"@id\":\"https:\/\/www.gaveanews.com\/#\/schema\/person\/51b3ba6a493cf9e7af9ce2c6d0d4ff1c\",\"name\":\"Kayo Silva\",\"image\":{\"@type\":\"ImageObject\",\"inLanguage\":\"pt-BR\",\"@id\":\"https:\/\/www.gaveanews.com\/#\/schema\/person\/image\/\",\"url\":\"https:\/\/secure.gravatar.com\/avatar\/af6d65cafc646a65c39c5fcb2a1ef51b863a81461770cfff553ec2fdd931c68c?s=96&d=mm&r=g\",\"contentUrl\":\"https:\/\/secure.gravatar.com\/avatar\/af6d65cafc646a65c39c5fcb2a1ef51b863a81461770cfff553ec2fdd931c68c?s=96&d=mm&r=g\",\"caption\":\"Kayo Silva\"}}]}<\/script>\n<!-- \/ Yoast SEO Premium plugin. -->","yoast_head_json":{"title":"Vivendo sua melhor fase, Cebolinha revela 'segredo' de Tite na sua recupera\u00e7\u00e3o e bastidores do Flamengo","robots":{"index":"index","follow":"follow","max-snippet":"max-snippet:-1","max-image-preview":"max-image-preview:large","max-video-preview":"max-video-preview:-1"},"canonical":"https:\/\/www.gaveanews.com\/index.php\/2023\/11\/28\/vivendo-sua-melhor-fase-cebolinha-revela-segredo-de-tite-na-sua-recuperacao-e-bastidores-do-flamengo\/","og_locale":"pt_BR","og_type":"article","og_title":"Vivendo sua melhor fase, Cebolinha revela 'segredo' de Tite na sua recupera\u00e7\u00e3o e bastidores do Flamengo","og_description":"Por: Kayo Silva\u00a0 Ap\u00f3s a chegada de Tite, o ambiente no Flamengo melhorou consideravelmente. A boa conviv\u00eancia entre a comiss\u00e3o t\u00e9cnica e os jogadores \u00e9 um dos principais fatores dessa melhoria. Destaca-se tamb\u00e9m que a equipe alcan\u00e7ou 63 pontos na tabela, empatando com o l\u00edder da competi\u00e7\u00e3o. Everton Cebolinha, em entrevista \u00e0 FlaTV, falou sobre [&hellip;]","og_url":"https:\/\/www.gaveanews.com\/index.php\/2023\/11\/28\/vivendo-sua-melhor-fase-cebolinha-revela-segredo-de-tite-na-sua-recuperacao-e-bastidores-do-flamengo\/","og_site_name":"G\u00e1vea News","article_publisher":"https:\/\/facebook.com\/gaveaNews\/","article_published_time":"2023-11-28T18:00:02+00:00","article_modified_time":"2024-04-07T02:21:19+00:00","og_image":[{"width":640,"height":400,"url":"https:\/\/www.gaveanews.com\/wp-content\/uploads\/everton-cebolinha-flamengo-fla-tv.webp","type":"image\/jpeg"}],"author":"Kayo Silva","twitter_card":"summary_large_image","twitter_misc":{"Escrito por":"Kayo Silva","Est. tempo de leitura":"2 minutos"},"schema":{"@context":"https:\/\/schema.org","@graph":[{"@type":"NewsArticle","@id":"https:\/\/www.gaveanews.com\/index.php\/2023\/11\/28\/vivendo-sua-melhor-fase-cebolinha-revela-segredo-de-tite-na-sua-recuperacao-e-bastidores-do-flamengo\/#article","isPartOf":{"@id":"https:\/\/www.gaveanews.com\/index.php\/2023\/11\/28\/vivendo-sua-melhor-fase-cebolinha-revela-segredo-de-tite-na-sua-recuperacao-e-bastidores-do-flamengo\/"},"author":{"name":"Kayo Silva","@id":"https:\/\/www.gaveanews.com\/#\/schema\/person\/51b3ba6a493cf9e7af9ce2c6d0d4ff1c"},"headline":"Vivendo sua melhor fase, Cebolinha revela &#8216;segredo&#8217; de Tite na sua recupera\u00e7\u00e3o e bastidores do Flamengo","datePublished":"2023-11-28T18:00:02+00:00","dateModified":"2024-04-07T02:21:19+00:00","mainEntityOfPage":{"@id":"https:\/\/www.gaveanews.com\/index.php\/2023\/11\/28\/vivendo-sua-melhor-fase-cebolinha-revela-segredo-de-tite-na-sua-recuperacao-e-bastidores-do-flamengo\/"},"wordCount":313,"commentCount":0,"image":{"@id":"https:\/\/www.gaveanews.com\/index.php\/2023\/11\/28\/vivendo-sua-melhor-fase-cebolinha-revela-segredo-de-tite-na-sua-recuperacao-e-bastidores-do-flamengo\/#primaryimage"},"thumbnailUrl":"https:\/\/www.gaveanews.com\/wp-content\/uploads\/everton-cebolinha-flamengo-fla-tv.webp","keywords":["Adenor Leonardo Bachi"],"articleSection":["Flamengo"],"inLanguage":"pt-BR","potentialAction":[{"@type":"CommentAction","name":"Comment","target":["https:\/\/www.gaveanews.com\/index.php\/2023\/11\/28\/vivendo-sua-melhor-fase-cebolinha-revela-segredo-de-tite-na-sua-recuperacao-e-bastidores-do-flamengo\/#respond"]}],"copyrightYear":"2023","copyrightHolder":{"@id":"https:\/\/www.gaveanews.com\/#organization"}},{"@type":"WebPage","@id":"https:\/\/www.gaveanews.com\/index.php\/2023\/11\/28\/vivendo-sua-melhor-fase-cebolinha-revela-segredo-de-tite-na-sua-recuperacao-e-bastidores-do-flamengo\/","url":"https:\/\/www.gaveanews.com\/index.php\/2023\/11\/28\/vivendo-sua-melhor-fase-cebolinha-revela-segredo-de-tite-na-sua-recuperacao-e-bastidores-do-flamengo\/","name":"Vivendo sua melhor fase, Cebolinha revela 'segredo' de Tite na sua recupera\u00e7\u00e3o e bastidores do Flamengo","isPartOf":{"@id":"https:\/\/www.gaveanews.com\/#website"},"primaryImageOfPage":{"@id":"https:\/\/www.gaveanews.com\/index.php\/2023\/11\/28\/vivendo-sua-melhor-fase-cebolinha-revela-segredo-de-tite-na-sua-recuperacao-e-bastidores-do-flamengo\/#primaryimage"},"image":{"@id":"https:\/\/www.gaveanews.com\/index.php\/2023\/11\/28\/vivendo-sua-melhor-fase-cebolinha-revela-segredo-de-tite-na-sua-recuperacao-e-bastidores-do-flamengo\/#primaryimage"},"thumbnailUrl":"https:\/\/www.gaveanews.com\/wp-content\/uploads\/everton-cebolinha-flamengo-fla-tv.webp","datePublished":"2023-11-28T18:00:02+00:00","dateModified":"2024-04-07T02:21:19+00:00","author":{"@id":"https:\/\/www.gaveanews.com\/#\/schema\/person\/51b3ba6a493cf9e7af9ce2c6d0d4ff1c"},"breadcrumb":{"@id":"https:\/\/www.gaveanews.com\/index.php\/2023\/11\/28\/vivendo-sua-melhor-fase-cebolinha-revela-segredo-de-tite-na-sua-recuperacao-e-bastidores-do-flamengo\/#breadcrumb"},"inLanguage":"pt-BR","potentialAction":[{"@type":"ReadAction","target":["https:\/\/www.gaveanews.com\/index.php\/2023\/11\/28\/vivendo-sua-melhor-fase-cebolinha-revela-segredo-de-tite-na-sua-recuperacao-e-bastidores-do-flamengo\/"]}]},{"@type":"ImageObject","inLanguage":"pt-BR","@id":"https:\/\/www.gaveanews.com\/index.php\/2023\/11\/28\/vivendo-sua-melhor-fase-cebolinha-revela-segredo-de-tite-na-sua-recuperacao-e-bastidores-do-flamengo\/#primaryimage","url":"https:\/\/www.gaveanews.com\/wp-content\/uploads\/everton-cebolinha-flamengo-fla-tv.webp","contentUrl":"https:\/\/www.gaveanews.com\/wp-content\/uploads\/everton-cebolinha-flamengo-fla-tv.webp","width":640,"height":400,"caption":"Entrevista Cebolinha a FlaTV - Foto: Reprodu\u00e7\u00e3o\/ FlaTV"},{"@type":"BreadcrumbList","@id":"https:\/\/www.gaveanews.com\/index.php\/2023\/11\/28\/vivendo-sua-melhor-fase-cebolinha-revela-segredo-de-tite-na-sua-recuperacao-e-bastidores-do-flamengo\/#breadcrumb","itemListElement":[{"@type":"ListItem","position":1,"name":"Home","item":"https:\/\/www.gaveanews.com\/"},{"@type":"ListItem","position":2,"name":"Vivendo sua melhor fase, Cebolinha revela &#8216;segredo&#8217; de Tite na sua recupera\u00e7\u00e3o e bastidores do Flamengo"}]},{"@type":"WebSite","@id":"https:\/\/www.gaveanews.com\/#website","url":"https:\/\/www.gaveanews.com\/","name":"G\u00e1vea News","description":"Veja todas as not\u00edcias sobre o Flamengo: Contrata\u00e7\u00f5es, categorias de base, resultados das partidas, tabela de classifica\u00e7\u00e3o, pr\u00f3ximos jogos!","potentialAction":[{"@type":"SearchAction","target":{"@type":"EntryPoint","urlTemplate":"https:\/\/www.gaveanews.com\/?s={search_term_string}"},"query-input":{"@type":"PropertyValueSpecification","valueRequired":true,"valueName":"search_term_string"}}],"inLanguage":"pt-BR"},{"@type":"Person","@id":"https:\/\/www.gaveanews.com\/#\/schema\/person\/51b3ba6a493cf9e7af9ce2c6d0d4ff1c","name":"Kayo Silva","image":{"@type":"ImageObject","inLanguage":"pt-BR","@id":"https:\/\/www.gaveanews.com\/#\/schema\/person\/image\/","url":"https:\/\/secure.gravatar.com\/avatar\/af6d65cafc646a65c39c5fcb2a1ef51b863a81461770cfff553ec2fdd931c68c?s=96&d=mm&r=g","contentUrl":"https:\/\/secure.gravatar.com\/avatar\/af6d65cafc646a65c39c5fcb2a1ef51b863a81461770cfff553ec2fdd931c68c?s=96&d=mm&r=g","caption":"Kayo Silva"}}]}},"_links":{"self":[{"href":"https:\/\/www.gaveanews.com\/index.php\/wp-json\/wp\/v2\/posts\/113249","targetHints":{"allow":["GET"]}}],"collection":[{"href":"https:\/\/www.gaveanews.com\/index.php\/wp-json\/wp\/v2\/posts"}],"about":[{"href":"https:\/\/www.gaveanews.com\/index.php\/wp-json\/wp\/v2\/types\/post"}],"author":[{"embeddable":true,"href":"https:\/\/www.gaveanews.com\/index.php\/wp-json\/wp\/v2\/users\/10"}],"replies":[{"embeddable":true,"href":"https:\/\/www.gaveanews.com\/index.php\/wp-json\/wp\/v2\/comments?post=113249"}],"version-history":[{"count":1,"href":"https:\/\/www.gaveanews.com\/index.php\/wp-json\/wp\/v2\/posts\/113249\/revisions"}],"predecessor-version":[{"id":134847,"href":"https:\/\/www.gaveanews.com\/index.php\/wp-json\/wp\/v2\/posts\/113249\/revisions\/134847"}],"wp:featuredmedia":[{"embeddable":true,"href":"https:\/\/www.gaveanews.com\/index.php\/wp-json\/wp\/v2\/media\/113312"}],"wp:attachment":[{"href":"https:\/\/www.gaveanews.com\/index.php\/wp-json\/wp\/v2\/media?parent=113249"}],"wp:term":[{"taxonomy":"category","embeddable":true,"href":"https:\/\/www.gaveanews.com\/index.php\/wp-json\/wp\/v2\/categories?post=113249"},{"taxonomy":"post_tag","embeddable":true,"href":"https:\/\/www.gaveanews.com\/index.php\/wp-json\/wp\/v2\/tags?post=113249"}],"curies":[{"name":"wp","href":"https:\/\/api.w.org\/{rel}","templated":true}]}}