{"id":113253,"date":"2023-11-28T11:40:47","date_gmt":"2023-11-28T14:40:47","guid":{"rendered":"https:\/\/www.gaveanews.com\/?p=113253"},"modified":"2024-04-07T09:53:28","modified_gmt":"2024-04-07T12:53:28","slug":"erick-pulgar-ayrton-lucas-e-matheuzinho-os-desfalques-e-pendurados-do-flamengo-contra-o-atletico-mg","status":"publish","type":"post","link":"https:\/\/www.gaveanews.com\/index.php\/2023\/11\/28\/erick-pulgar-ayrton-lucas-e-matheuzinho-os-desfalques-e-pendurados-do-flamengo-contra-o-atletico-mg\/","title":{"rendered":"Erick Pulgar, Ayrton Lucas e Matheuzinho: os desfalques e pendurados do Flamengo contra o Atl\u00e9tico-MG"},"content":{"rendered":"\n<p>Por: Let\u00edcia Gerheim<br><br>Ap\u00f3s vencer o Am\u00e9rica-MG em Uberl\u00e2ndia e assumir a segunda coloca\u00e7\u00e3o na tabela de classifica\u00e7\u00e3o do Brasileir\u00e3o, o Flamengo se prepara para receber o Atl\u00e9tico-MG pela rodada seguinte.<\/p>\n\n\n\n<p>Com a agenda cheia nesta reta final de campeonato, Tite aproveita o melhor que tem do elenco visando garantir o maior n\u00famero de pontos poss\u00edvel. Desta vez, por\u00e9m, o t\u00e9cnico n\u00e3o poder\u00e1 acionar o time titular completo.<\/p>\n\n\n\n<p>Erick Pulgar recebeu seu terceiro cart\u00e3o amarelo na partida contra o Am\u00e9rica-MG e cumpre suspens\u00e3o nesta rodada, n\u00e3o podendo entrar em campo contra o Galo. <\/p>\n\n\n\n<p>E por falar em cart\u00f5es amarelos, Ayrton Lucas e Matheuzinho t\u00eam duas advert\u00eancias de saldo, podendo desfalcar o Fla contra o Cuiab\u00e1 na pen\u00faltima rodada do torneio caso recebam um novo cart\u00e3o.<\/p>\n\n\n\n<p>Sabendo destas quest\u00f5es, Tite comanda as \u00faltimas atividades do time antes do confronto contra o Galo. A bola rola para as equipes \u00e0s 20h (de Bras\u00edlia), no Maracan\u00e3.<\/p>\n","protected":false},"excerpt":{"rendered":"<p>Por: Let\u00edcia Gerheim Ap\u00f3s vencer o Am\u00e9rica-MG em Uberl\u00e2ndia e assumir a segunda coloca\u00e7\u00e3o na tabela de classifica\u00e7\u00e3o do Brasileir\u00e3o, o Flamengo se prepara para receber o Atl\u00e9tico-MG pela rodada seguinte. Com a agenda cheia nesta reta final de campeonato, Tite aproveita o melhor que tem do elenco visando garantir o maior n\u00famero de pontos [&hellip;]<\/p>\n","protected":false},"author":4,"featured_media":113137,"comment_status":"open","ping_status":"closed","sticky":false,"template":"","format":"standard","meta":{"footnotes":""},"categories":[1],"tags":[185,210],"class_list":["post-113253","post","type-post","status-publish","format-standard","has-post-thumbnail","hentry","category-flamengo","tag-ayrton-lucas-dantas-de-medeiros","tag-erick-antonio-pulgar-farfan"],"yoast_head":"<!-- This site is optimized with the Yoast SEO Premium plugin v24.2 (Yoast SEO v26.9) - https:\/\/yoast.com\/product\/yoast-seo-premium-wordpress\/ -->\n<title>Erick Pulgar, Ayrton Lucas e Matheuzinho: os desfalques e pendurados do Flamengo contra o Atl\u00e9tico-MG<\/title>\n<meta name=\"robots\" content=\"index, follow, max-snippet:-1, max-image-preview:large, max-video-preview:-1\" \/>\n<link rel=\"canonical\" href=\"https:\/\/www.gaveanews.com\/index.php\/2023\/11\/28\/erick-pulgar-ayrton-lucas-e-matheuzinho-os-desfalques-e-pendurados-do-flamengo-contra-o-atletico-mg\/\" \/>\n<meta property=\"og:locale\" content=\"pt_BR\" \/>\n<meta property=\"og:type\" content=\"article\" \/>\n<meta property=\"og:title\" content=\"Erick Pulgar, Ayrton Lucas e Matheuzinho: os desfalques e pendurados do Flamengo contra o Atl\u00e9tico-MG\" \/>\n<meta property=\"og:description\" content=\"Por: Let\u00edcia Gerheim Ap\u00f3s vencer o Am\u00e9rica-MG em Uberl\u00e2ndia e assumir a segunda coloca\u00e7\u00e3o na tabela de classifica\u00e7\u00e3o do Brasileir\u00e3o, o Flamengo se prepara para receber o Atl\u00e9tico-MG pela rodada seguinte. Com a agenda cheia nesta reta final de campeonato, Tite aproveita o melhor que tem do elenco visando garantir o maior n\u00famero de pontos [&hellip;]\" \/>\n<meta property=\"og:url\" content=\"https:\/\/www.gaveanews.com\/index.php\/2023\/11\/28\/erick-pulgar-ayrton-lucas-e-matheuzinho-os-desfalques-e-pendurados-do-flamengo-contra-o-atletico-mg\/\" \/>\n<meta property=\"og:site_name\" content=\"G\u00e1vea News\" \/>\n<meta property=\"article:publisher\" content=\"https:\/\/facebook.com\/gaveaNews\/\" \/>\n<meta property=\"article:published_time\" content=\"2023-11-28T14:40:47+00:00\" \/>\n<meta property=\"article:modified_time\" content=\"2024-04-07T12:53:28+00:00\" \/>\n<meta property=\"og:image\" content=\"https:\/\/www.gaveanews.com\/wp-content\/uploads\/Flamengo-comemora-gol-em-Uberlandia.webp\" \/>\n\t<meta property=\"og:image:width\" content=\"1200\" \/>\n\t<meta property=\"og:image:height\" content=\"801\" \/>\n\t<meta property=\"og:image:type\" content=\"image\/webp\" \/>\n<meta name=\"author\" content=\"Let\u00edcia Gerheim\" \/>\n<meta name=\"twitter:card\" content=\"summary_large_image\" \/>\n<meta name=\"twitter:label1\" content=\"Escrito por\" \/>\n\t<meta name=\"twitter:data1\" content=\"Let\u00edcia Gerheim\" \/>\n\t<meta name=\"twitter:label2\" content=\"Est. tempo de leitura\" \/>\n\t<meta name=\"twitter:data2\" content=\"1 minuto\" \/>\n<script type=\"application\/ld+json\" class=\"yoast-schema-graph\">{\"@context\":\"https:\/\/schema.org\",\"@graph\":[{\"@type\":\"NewsArticle\",\"@id\":\"https:\/\/www.gaveanews.com\/index.php\/2023\/11\/28\/erick-pulgar-ayrton-lucas-e-matheuzinho-os-desfalques-e-pendurados-do-flamengo-contra-o-atletico-mg\/#article\",\"isPartOf\":{\"@id\":\"https:\/\/www.gaveanews.com\/index.php\/2023\/11\/28\/erick-pulgar-ayrton-lucas-e-matheuzinho-os-desfalques-e-pendurados-do-flamengo-contra-o-atletico-mg\/\"},\"author\":{\"name\":\"Let\u00edcia Gerheim\",\"@id\":\"https:\/\/www.gaveanews.com\/#\/schema\/person\/714c67050b836198af2450ba1c142a67\"},\"headline\":\"Erick Pulgar, Ayrton Lucas e Matheuzinho: os desfalques e pendurados do Flamengo contra o Atl\u00e9tico-MG\",\"datePublished\":\"2023-11-28T14:40:47+00:00\",\"dateModified\":\"2024-04-07T12:53:28+00:00\",\"mainEntityOfPage\":{\"@id\":\"https:\/\/www.gaveanews.com\/index.php\/2023\/11\/28\/erick-pulgar-ayrton-lucas-e-matheuzinho-os-desfalques-e-pendurados-do-flamengo-contra-o-atletico-mg\/\"},\"wordCount\":193,\"commentCount\":0,\"image\":{\"@id\":\"https:\/\/www.gaveanews.com\/index.php\/2023\/11\/28\/erick-pulgar-ayrton-lucas-e-matheuzinho-os-desfalques-e-pendurados-do-flamengo-contra-o-atletico-mg\/#primaryimage\"},\"thumbnailUrl\":\"https:\/\/www.gaveanews.com\/wp-content\/uploads\/Flamengo-comemora-gol-em-Uberlandia.webp\",\"keywords\":[\"Ayrton Lucas Dantas de Medeiros\",\"Erick Antonio Pulgar Farf\u00e1n\"],\"articleSection\":[\"Flamengo\"],\"inLanguage\":\"pt-BR\",\"potentialAction\":[{\"@type\":\"CommentAction\",\"name\":\"Comment\",\"target\":[\"https:\/\/www.gaveanews.com\/index.php\/2023\/11\/28\/erick-pulgar-ayrton-lucas-e-matheuzinho-os-desfalques-e-pendurados-do-flamengo-contra-o-atletico-mg\/#respond\"]}],\"copyrightYear\":\"2023\",\"copyrightHolder\":{\"@id\":\"https:\/\/www.gaveanews.com\/#organization\"}},{\"@type\":\"WebPage\",\"@id\":\"https:\/\/www.gaveanews.com\/index.php\/2023\/11\/28\/erick-pulgar-ayrton-lucas-e-matheuzinho-os-desfalques-e-pendurados-do-flamengo-contra-o-atletico-mg\/\",\"url\":\"https:\/\/www.gaveanews.com\/index.php\/2023\/11\/28\/erick-pulgar-ayrton-lucas-e-matheuzinho-os-desfalques-e-pendurados-do-flamengo-contra-o-atletico-mg\/\",\"name\":\"Erick Pulgar, Ayrton Lucas e Matheuzinho: os desfalques e pendurados do Flamengo contra o Atl\u00e9tico-MG\",\"isPartOf\":{\"@id\":\"https:\/\/www.gaveanews.com\/#website\"},\"primaryImageOfPage\":{\"@id\":\"https:\/\/www.gaveanews.com\/index.php\/2023\/11\/28\/erick-pulgar-ayrton-lucas-e-matheuzinho-os-desfalques-e-pendurados-do-flamengo-contra-o-atletico-mg\/#primaryimage\"},\"image\":{\"@id\":\"https:\/\/www.gaveanews.com\/index.php\/2023\/11\/28\/erick-pulgar-ayrton-lucas-e-matheuzinho-os-desfalques-e-pendurados-do-flamengo-contra-o-atletico-mg\/#primaryimage\"},\"thumbnailUrl\":\"https:\/\/www.gaveanews.com\/wp-content\/uploads\/Flamengo-comemora-gol-em-Uberlandia.webp\",\"datePublished\":\"2023-11-28T14:40:47+00:00\",\"dateModified\":\"2024-04-07T12:53:28+00:00\",\"author\":{\"@id\":\"https:\/\/www.gaveanews.com\/#\/schema\/person\/714c67050b836198af2450ba1c142a67\"},\"breadcrumb\":{\"@id\":\"https:\/\/www.gaveanews.com\/index.php\/2023\/11\/28\/erick-pulgar-ayrton-lucas-e-matheuzinho-os-desfalques-e-pendurados-do-flamengo-contra-o-atletico-mg\/#breadcrumb\"},\"inLanguage\":\"pt-BR\",\"potentialAction\":[{\"@type\":\"ReadAction\",\"target\":[\"https:\/\/www.gaveanews.com\/index.php\/2023\/11\/28\/erick-pulgar-ayrton-lucas-e-matheuzinho-os-desfalques-e-pendurados-do-flamengo-contra-o-atletico-mg\/\"]}]},{\"@type\":\"ImageObject\",\"inLanguage\":\"pt-BR\",\"@id\":\"https:\/\/www.gaveanews.com\/index.php\/2023\/11\/28\/erick-pulgar-ayrton-lucas-e-matheuzinho-os-desfalques-e-pendurados-do-flamengo-contra-o-atletico-mg\/#primaryimage\",\"url\":\"https:\/\/www.gaveanews.com\/wp-content\/uploads\/Flamengo-comemora-gol-em-Uberlandia.webp\",\"contentUrl\":\"https:\/\/www.gaveanews.com\/wp-content\/uploads\/Flamengo-comemora-gol-em-Uberlandia.webp\",\"width\":1200,\"height\":801,\"caption\":\"Jogadores do Flamengo comemorando (Foto: Breno Esaki\/Metr\u00f3poles)\"},{\"@type\":\"BreadcrumbList\",\"@id\":\"https:\/\/www.gaveanews.com\/index.php\/2023\/11\/28\/erick-pulgar-ayrton-lucas-e-matheuzinho-os-desfalques-e-pendurados-do-flamengo-contra-o-atletico-mg\/#breadcrumb\",\"itemListElement\":[{\"@type\":\"ListItem\",\"position\":1,\"name\":\"Home\",\"item\":\"https:\/\/www.gaveanews.com\/\"},{\"@type\":\"ListItem\",\"position\":2,\"name\":\"Erick Pulgar, Ayrton Lucas e Matheuzinho: os desfalques e pendurados do Flamengo contra o Atl\u00e9tico-MG\"}]},{\"@type\":\"WebSite\",\"@id\":\"https:\/\/www.gaveanews.com\/#website\",\"url\":\"https:\/\/www.gaveanews.com\/\",\"name\":\"G\u00e1vea News\",\"description\":\"Veja todas as not\u00edcias sobre o Flamengo: Contrata\u00e7\u00f5es, categorias de base, resultados das partidas, tabela de classifica\u00e7\u00e3o, pr\u00f3ximos jogos!\",\"potentialAction\":[{\"@type\":\"SearchAction\",\"target\":{\"@type\":\"EntryPoint\",\"urlTemplate\":\"https:\/\/www.gaveanews.com\/?s={search_term_string}\"},\"query-input\":{\"@type\":\"PropertyValueSpecification\",\"valueRequired\":true,\"valueName\":\"search_term_string\"}}],\"inLanguage\":\"pt-BR\"},{\"@type\":\"Person\",\"@id\":\"https:\/\/www.gaveanews.com\/#\/schema\/person\/714c67050b836198af2450ba1c142a67\",\"name\":\"Let\u00edcia Gerheim\",\"image\":{\"@type\":\"ImageObject\",\"inLanguage\":\"pt-BR\",\"@id\":\"https:\/\/www.gaveanews.com\/#\/schema\/person\/image\/\",\"url\":\"https:\/\/secure.gravatar.com\/avatar\/60734739c50fcebfbac509e2a826ccd0ff405c019bc73aab9354f19ecad1dcb4?s=96&d=mm&r=g\",\"contentUrl\":\"https:\/\/secure.gravatar.com\/avatar\/60734739c50fcebfbac509e2a826ccd0ff405c019bc73aab9354f19ecad1dcb4?s=96&d=mm&r=g\",\"caption\":\"Let\u00edcia Gerheim\"}}]}<\/script>\n<!-- \/ Yoast SEO Premium plugin. -->","yoast_head_json":{"title":"Erick Pulgar, Ayrton Lucas e Matheuzinho: os desfalques e pendurados do Flamengo contra o Atl\u00e9tico-MG","robots":{"index":"index","follow":"follow","max-snippet":"max-snippet:-1","max-image-preview":"max-image-preview:large","max-video-preview":"max-video-preview:-1"},"canonical":"https:\/\/www.gaveanews.com\/index.php\/2023\/11\/28\/erick-pulgar-ayrton-lucas-e-matheuzinho-os-desfalques-e-pendurados-do-flamengo-contra-o-atletico-mg\/","og_locale":"pt_BR","og_type":"article","og_title":"Erick Pulgar, Ayrton Lucas e Matheuzinho: os desfalques e pendurados do Flamengo contra o Atl\u00e9tico-MG","og_description":"Por: Let\u00edcia Gerheim Ap\u00f3s vencer o Am\u00e9rica-MG em Uberl\u00e2ndia e assumir a segunda coloca\u00e7\u00e3o na tabela de classifica\u00e7\u00e3o do Brasileir\u00e3o, o Flamengo se prepara para receber o Atl\u00e9tico-MG pela rodada seguinte. Com a agenda cheia nesta reta final de campeonato, Tite aproveita o melhor que tem do elenco visando garantir o maior n\u00famero de pontos [&hellip;]","og_url":"https:\/\/www.gaveanews.com\/index.php\/2023\/11\/28\/erick-pulgar-ayrton-lucas-e-matheuzinho-os-desfalques-e-pendurados-do-flamengo-contra-o-atletico-mg\/","og_site_name":"G\u00e1vea News","article_publisher":"https:\/\/facebook.com\/gaveaNews\/","article_published_time":"2023-11-28T14:40:47+00:00","article_modified_time":"2024-04-07T12:53:28+00:00","og_image":[{"width":1200,"height":801,"url":"https:\/\/www.gaveanews.com\/wp-content\/uploads\/Flamengo-comemora-gol-em-Uberlandia.webp","type":"image\/webp"}],"author":"Let\u00edcia Gerheim","twitter_card":"summary_large_image","twitter_misc":{"Escrito por":"Let\u00edcia Gerheim","Est. tempo de leitura":"1 minuto"},"schema":{"@context":"https:\/\/schema.org","@graph":[{"@type":"NewsArticle","@id":"https:\/\/www.gaveanews.com\/index.php\/2023\/11\/28\/erick-pulgar-ayrton-lucas-e-matheuzinho-os-desfalques-e-pendurados-do-flamengo-contra-o-atletico-mg\/#article","isPartOf":{"@id":"https:\/\/www.gaveanews.com\/index.php\/2023\/11\/28\/erick-pulgar-ayrton-lucas-e-matheuzinho-os-desfalques-e-pendurados-do-flamengo-contra-o-atletico-mg\/"},"author":{"name":"Let\u00edcia Gerheim","@id":"https:\/\/www.gaveanews.com\/#\/schema\/person\/714c67050b836198af2450ba1c142a67"},"headline":"Erick Pulgar, Ayrton Lucas e Matheuzinho: os desfalques e pendurados do Flamengo contra o Atl\u00e9tico-MG","datePublished":"2023-11-28T14:40:47+00:00","dateModified":"2024-04-07T12:53:28+00:00","mainEntityOfPage":{"@id":"https:\/\/www.gaveanews.com\/index.php\/2023\/11\/28\/erick-pulgar-ayrton-lucas-e-matheuzinho-os-desfalques-e-pendurados-do-flamengo-contra-o-atletico-mg\/"},"wordCount":193,"commentCount":0,"image":{"@id":"https:\/\/www.gaveanews.com\/index.php\/2023\/11\/28\/erick-pulgar-ayrton-lucas-e-matheuzinho-os-desfalques-e-pendurados-do-flamengo-contra-o-atletico-mg\/#primaryimage"},"thumbnailUrl":"https:\/\/www.gaveanews.com\/wp-content\/uploads\/Flamengo-comemora-gol-em-Uberlandia.webp","keywords":["Ayrton Lucas Dantas de Medeiros","Erick Antonio Pulgar Farf\u00e1n"],"articleSection":["Flamengo"],"inLanguage":"pt-BR","potentialAction":[{"@type":"CommentAction","name":"Comment","target":["https:\/\/www.gaveanews.com\/index.php\/2023\/11\/28\/erick-pulgar-ayrton-lucas-e-matheuzinho-os-desfalques-e-pendurados-do-flamengo-contra-o-atletico-mg\/#respond"]}],"copyrightYear":"2023","copyrightHolder":{"@id":"https:\/\/www.gaveanews.com\/#organization"}},{"@type":"WebPage","@id":"https:\/\/www.gaveanews.com\/index.php\/2023\/11\/28\/erick-pulgar-ayrton-lucas-e-matheuzinho-os-desfalques-e-pendurados-do-flamengo-contra-o-atletico-mg\/","url":"https:\/\/www.gaveanews.com\/index.php\/2023\/11\/28\/erick-pulgar-ayrton-lucas-e-matheuzinho-os-desfalques-e-pendurados-do-flamengo-contra-o-atletico-mg\/","name":"Erick Pulgar, Ayrton Lucas e Matheuzinho: os desfalques e pendurados do Flamengo contra o Atl\u00e9tico-MG","isPartOf":{"@id":"https:\/\/www.gaveanews.com\/#website"},"primaryImageOfPage":{"@id":"https:\/\/www.gaveanews.com\/index.php\/2023\/11\/28\/erick-pulgar-ayrton-lucas-e-matheuzinho-os-desfalques-e-pendurados-do-flamengo-contra-o-atletico-mg\/#primaryimage"},"image":{"@id":"https:\/\/www.gaveanews.com\/index.php\/2023\/11\/28\/erick-pulgar-ayrton-lucas-e-matheuzinho-os-desfalques-e-pendurados-do-flamengo-contra-o-atletico-mg\/#primaryimage"},"thumbnailUrl":"https:\/\/www.gaveanews.com\/wp-content\/uploads\/Flamengo-comemora-gol-em-Uberlandia.webp","datePublished":"2023-11-28T14:40:47+00:00","dateModified":"2024-04-07T12:53:28+00:00","author":{"@id":"https:\/\/www.gaveanews.com\/#\/schema\/person\/714c67050b836198af2450ba1c142a67"},"breadcrumb":{"@id":"https:\/\/www.gaveanews.com\/index.php\/2023\/11\/28\/erick-pulgar-ayrton-lucas-e-matheuzinho-os-desfalques-e-pendurados-do-flamengo-contra-o-atletico-mg\/#breadcrumb"},"inLanguage":"pt-BR","potentialAction":[{"@type":"ReadAction","target":["https:\/\/www.gaveanews.com\/index.php\/2023\/11\/28\/erick-pulgar-ayrton-lucas-e-matheuzinho-os-desfalques-e-pendurados-do-flamengo-contra-o-atletico-mg\/"]}]},{"@type":"ImageObject","inLanguage":"pt-BR","@id":"https:\/\/www.gaveanews.com\/index.php\/2023\/11\/28\/erick-pulgar-ayrton-lucas-e-matheuzinho-os-desfalques-e-pendurados-do-flamengo-contra-o-atletico-mg\/#primaryimage","url":"https:\/\/www.gaveanews.com\/wp-content\/uploads\/Flamengo-comemora-gol-em-Uberlandia.webp","contentUrl":"https:\/\/www.gaveanews.com\/wp-content\/uploads\/Flamengo-comemora-gol-em-Uberlandia.webp","width":1200,"height":801,"caption":"Jogadores do Flamengo comemorando (Foto: Breno Esaki\/Metr\u00f3poles)"},{"@type":"BreadcrumbList","@id":"https:\/\/www.gaveanews.com\/index.php\/2023\/11\/28\/erick-pulgar-ayrton-lucas-e-matheuzinho-os-desfalques-e-pendurados-do-flamengo-contra-o-atletico-mg\/#breadcrumb","itemListElement":[{"@type":"ListItem","position":1,"name":"Home","item":"https:\/\/www.gaveanews.com\/"},{"@type":"ListItem","position":2,"name":"Erick Pulgar, Ayrton Lucas e Matheuzinho: os desfalques e pendurados do Flamengo contra o Atl\u00e9tico-MG"}]},{"@type":"WebSite","@id":"https:\/\/www.gaveanews.com\/#website","url":"https:\/\/www.gaveanews.com\/","name":"G\u00e1vea News","description":"Veja todas as not\u00edcias sobre o Flamengo: Contrata\u00e7\u00f5es, categorias de base, resultados das partidas, tabela de classifica\u00e7\u00e3o, pr\u00f3ximos jogos!","potentialAction":[{"@type":"SearchAction","target":{"@type":"EntryPoint","urlTemplate":"https:\/\/www.gaveanews.com\/?s={search_term_string}"},"query-input":{"@type":"PropertyValueSpecification","valueRequired":true,"valueName":"search_term_string"}}],"inLanguage":"pt-BR"},{"@type":"Person","@id":"https:\/\/www.gaveanews.com\/#\/schema\/person\/714c67050b836198af2450ba1c142a67","name":"Let\u00edcia Gerheim","image":{"@type":"ImageObject","inLanguage":"pt-BR","@id":"https:\/\/www.gaveanews.com\/#\/schema\/person\/image\/","url":"https:\/\/secure.gravatar.com\/avatar\/60734739c50fcebfbac509e2a826ccd0ff405c019bc73aab9354f19ecad1dcb4?s=96&d=mm&r=g","contentUrl":"https:\/\/secure.gravatar.com\/avatar\/60734739c50fcebfbac509e2a826ccd0ff405c019bc73aab9354f19ecad1dcb4?s=96&d=mm&r=g","caption":"Let\u00edcia Gerheim"}}]}},"_links":{"self":[{"href":"https:\/\/www.gaveanews.com\/index.php\/wp-json\/wp\/v2\/posts\/113253","targetHints":{"allow":["GET"]}}],"collection":[{"href":"https:\/\/www.gaveanews.com\/index.php\/wp-json\/wp\/v2\/posts"}],"about":[{"href":"https:\/\/www.gaveanews.com\/index.php\/wp-json\/wp\/v2\/types\/post"}],"author":[{"embeddable":true,"href":"https:\/\/www.gaveanews.com\/index.php\/wp-json\/wp\/v2\/users\/4"}],"replies":[{"embeddable":true,"href":"https:\/\/www.gaveanews.com\/index.php\/wp-json\/wp\/v2\/comments?post=113253"}],"version-history":[{"count":1,"href":"https:\/\/www.gaveanews.com\/index.php\/wp-json\/wp\/v2\/posts\/113253\/revisions"}],"predecessor-version":[{"id":136069,"href":"https:\/\/www.gaveanews.com\/index.php\/wp-json\/wp\/v2\/posts\/113253\/revisions\/136069"}],"wp:featuredmedia":[{"embeddable":true,"href":"https:\/\/www.gaveanews.com\/index.php\/wp-json\/wp\/v2\/media\/113137"}],"wp:attachment":[{"href":"https:\/\/www.gaveanews.com\/index.php\/wp-json\/wp\/v2\/media?parent=113253"}],"wp:term":[{"taxonomy":"category","embeddable":true,"href":"https:\/\/www.gaveanews.com\/index.php\/wp-json\/wp\/v2\/categories?post=113253"},{"taxonomy":"post_tag","embeddable":true,"href":"https:\/\/www.gaveanews.com\/index.php\/wp-json\/wp\/v2\/tags?post=113253"}],"curies":[{"name":"wp","href":"https:\/\/api.w.org\/{rel}","templated":true}]}}