{"id":113463,"date":"2023-11-29T15:14:40","date_gmt":"2023-11-29T18:14:40","guid":{"rendered":"https:\/\/www.gaveanews.com\/?p=113463"},"modified":"2023-11-29T17:02:12","modified_gmt":"2023-11-29T20:02:12","slug":"jogador-do-atletico-mg-fala-sobre-o-previlegio-em-fazer-gol-da-vitoria-no-confronto-contra-o-flamengo","status":"publish","type":"post","link":"https:\/\/www.gaveanews.com\/index.php\/2023\/11\/29\/jogador-do-atletico-mg-fala-sobre-o-previlegio-em-fazer-gol-da-vitoria-no-confronto-contra-o-flamengo\/","title":{"rendered":"Jogador do Atl\u00e9tico-MG fala sobre o previl\u00e9gio em fazer gol da vit\u00f3ria no confronto contra o Flamengo\u00a0"},"content":{"rendered":"\n<p>Por: Kayo Silva\u00a0<br><br>O Flamengo volta a campo nesta quarta-feira (29) para um grande duelo no Maracan\u00e3 contra o Atl\u00e9tico-MG. <\/p>\n\n\n\n<p>O atacante Paulinho, um dos principais jogadores da equipe mineira, falou com jornalistas em sua chegada ao Rio de Janeiro, destacando a disputa direta no topo da tabela e a boa oportunidade de marcar gols no jogo.<\/p>\n\n\n\n<p><em>\u201cEste \u00e9 um jogo importante. Estamos cientes da dificuldade que enfrentaremos, mas estamos preparados e confiantes em nossa capacidade de fazer um \u00f3timo jogo e conquistar a vit\u00f3ria, que ser\u00e1 crucial para o Atl\u00e9tico-MG atingir seus objetivos\u201d<\/em>, disse o jogador.<\/p>\n\n\n\n<p>O atacante, que n\u00e3o marca h\u00e1 dois jogos, est\u00e1 ansioso para voltar a balan\u00e7ar as redes. Paulinho v\u00ea o confronto como uma excelente oportunidade para encerrar seu jejum de gols.<em> \u201c\u00c9 um bom jogo para marcar. Sempre que entro em campo, busco fazer gols pelo Atl\u00e9tico-MG. Se tiver a chance, ficarei muito feliz\u201d<\/em>, afirmou.<\/p>\n\n\n\n<p>No entanto, ele enfatiza que o mais importante \u00e9 a vit\u00f3ria da equipe. Paulinho acredita que o Atl\u00e9tico-MG tem totais condi\u00e7\u00f5es de sair do Maracan\u00e3 com os tr\u00eas pontos e manter viva a esperan\u00e7a de conquistar o t\u00edtulo.<\/p>\n\n\n\n<p>O confronto entre Flamengo e Atl\u00e9tico-MG ser\u00e1 nesta quarta-feira (29) no Maracan\u00e3. Enquanto o Rubro-Negro busca a vit\u00f3ria para pressionar o concorrente, o Galo procura o triunfo para manter suas chances de t\u00edtulo. A partida est\u00e1 marcada para as 19h30, hor\u00e1rio de Bras\u00edlia.<\/p>\n\n\n\n<p><br><a href=\"https:\/\/www.gaveanews.com\/index.php\/2023\/11\/29\/flamengo-saf-landim-defende-modelo-diferente-de-botafogo-vasco-e-cruzeiro\/\">Flamengo SAF: Landim defende modelo diferente  de Botafogo, Vasco e Cruzeiro<\/a><\/p>\n","protected":false},"excerpt":{"rendered":"<p>Por: Kayo Silva\u00a0 O Flamengo volta a campo nesta quarta-feira (29) para um grande duelo no Maracan\u00e3 contra o Atl\u00e9tico-MG. O atacante Paulinho, um dos principais jogadores da equipe mineira, falou com jornalistas em sua chegada ao Rio de Janeiro, destacando a disputa direta no topo da tabela e a boa oportunidade de marcar gols [&hellip;]<\/p>\n","protected":false},"author":10,"featured_media":83610,"comment_status":"open","ping_status":"closed","sticky":false,"template":"","format":"standard","meta":{"footnotes":""},"categories":[1],"tags":[],"class_list":["post-113463","post","type-post","status-publish","format-standard","has-post-thumbnail","hentry","category-flamengo"],"yoast_head":"<!-- This site is optimized with the Yoast SEO Premium plugin v24.2 (Yoast SEO v26.9) - https:\/\/yoast.com\/product\/yoast-seo-premium-wordpress\/ -->\n<title>Jogador do Atl\u00e9tico-MG fala sobre o previl\u00e9gio em fazer gol da vit\u00f3ria no confronto contra o Flamengo\u00a0<\/title>\n<meta name=\"robots\" content=\"index, follow, max-snippet:-1, max-image-preview:large, max-video-preview:-1\" \/>\n<link rel=\"canonical\" href=\"https:\/\/www.gaveanews.com\/index.php\/2023\/11\/29\/jogador-do-atletico-mg-fala-sobre-o-previlegio-em-fazer-gol-da-vitoria-no-confronto-contra-o-flamengo\/\" \/>\n<meta property=\"og:locale\" content=\"pt_BR\" \/>\n<meta property=\"og:type\" content=\"article\" \/>\n<meta property=\"og:title\" content=\"Jogador do Atl\u00e9tico-MG fala sobre o previl\u00e9gio em fazer gol da vit\u00f3ria no confronto contra o Flamengo\u00a0\" \/>\n<meta property=\"og:description\" content=\"Por: Kayo Silva\u00a0 O Flamengo volta a campo nesta quarta-feira (29) para um grande duelo no Maracan\u00e3 contra o Atl\u00e9tico-MG. O atacante Paulinho, um dos principais jogadores da equipe mineira, falou com jornalistas em sua chegada ao Rio de Janeiro, destacando a disputa direta no topo da tabela e a boa oportunidade de marcar gols [&hellip;]\" \/>\n<meta property=\"og:url\" content=\"https:\/\/www.gaveanews.com\/index.php\/2023\/11\/29\/jogador-do-atletico-mg-fala-sobre-o-previlegio-em-fazer-gol-da-vitoria-no-confronto-contra-o-flamengo\/\" \/>\n<meta property=\"og:site_name\" content=\"G\u00e1vea News\" \/>\n<meta property=\"article:publisher\" content=\"https:\/\/facebook.com\/gaveaNews\/\" \/>\n<meta property=\"article:published_time\" content=\"2023-11-29T18:14:40+00:00\" \/>\n<meta property=\"article:modified_time\" content=\"2023-11-29T20:02:12+00:00\" \/>\n<meta property=\"og:image\" content=\"https:\/\/www.gaveanews.com\/wp-content\/uploads\/Arrascaeta-em-jogo-do-Flamengo-contra-o-Atletico-MG-pela-Copa-do-Brasil.webp\" \/>\n\t<meta property=\"og:image:width\" content=\"800\" \/>\n\t<meta property=\"og:image:height\" content=\"533\" \/>\n\t<meta property=\"og:image:type\" content=\"image\/jpeg\" \/>\n<meta name=\"author\" content=\"Kayo Silva\" \/>\n<meta name=\"twitter:card\" content=\"summary_large_image\" \/>\n<meta name=\"twitter:label1\" content=\"Escrito por\" \/>\n\t<meta name=\"twitter:data1\" content=\"Kayo Silva\" \/>\n\t<meta name=\"twitter:label2\" content=\"Est. tempo de leitura\" \/>\n\t<meta name=\"twitter:data2\" content=\"2 minutos\" \/>\n<script type=\"application\/ld+json\" class=\"yoast-schema-graph\">{\"@context\":\"https:\/\/schema.org\",\"@graph\":[{\"@type\":\"NewsArticle\",\"@id\":\"https:\/\/www.gaveanews.com\/index.php\/2023\/11\/29\/jogador-do-atletico-mg-fala-sobre-o-previlegio-em-fazer-gol-da-vitoria-no-confronto-contra-o-flamengo\/#article\",\"isPartOf\":{\"@id\":\"https:\/\/www.gaveanews.com\/index.php\/2023\/11\/29\/jogador-do-atletico-mg-fala-sobre-o-previlegio-em-fazer-gol-da-vitoria-no-confronto-contra-o-flamengo\/\"},\"author\":{\"name\":\"Kayo Silva\",\"@id\":\"https:\/\/www.gaveanews.com\/#\/schema\/person\/51b3ba6a493cf9e7af9ce2c6d0d4ff1c\"},\"headline\":\"Jogador do Atl\u00e9tico-MG fala sobre o previl\u00e9gio em fazer gol da vit\u00f3ria no confronto contra o Flamengo\u00a0\",\"datePublished\":\"2023-11-29T18:14:40+00:00\",\"dateModified\":\"2023-11-29T20:02:12+00:00\",\"mainEntityOfPage\":{\"@id\":\"https:\/\/www.gaveanews.com\/index.php\/2023\/11\/29\/jogador-do-atletico-mg-fala-sobre-o-previlegio-em-fazer-gol-da-vitoria-no-confronto-contra-o-flamengo\/\"},\"wordCount\":275,\"commentCount\":0,\"image\":{\"@id\":\"https:\/\/www.gaveanews.com\/index.php\/2023\/11\/29\/jogador-do-atletico-mg-fala-sobre-o-previlegio-em-fazer-gol-da-vitoria-no-confronto-contra-o-flamengo\/#primaryimage\"},\"thumbnailUrl\":\"https:\/\/www.gaveanews.com\/wp-content\/uploads\/Arrascaeta-em-jogo-do-Flamengo-contra-o-Atletico-MG-pela-Copa-do-Brasil.webp\",\"articleSection\":[\"Flamengo\"],\"inLanguage\":\"pt-BR\",\"potentialAction\":[{\"@type\":\"CommentAction\",\"name\":\"Comment\",\"target\":[\"https:\/\/www.gaveanews.com\/index.php\/2023\/11\/29\/jogador-do-atletico-mg-fala-sobre-o-previlegio-em-fazer-gol-da-vitoria-no-confronto-contra-o-flamengo\/#respond\"]}],\"copyrightYear\":\"2023\",\"copyrightHolder\":{\"@id\":\"https:\/\/www.gaveanews.com\/#organization\"}},{\"@type\":\"WebPage\",\"@id\":\"https:\/\/www.gaveanews.com\/index.php\/2023\/11\/29\/jogador-do-atletico-mg-fala-sobre-o-previlegio-em-fazer-gol-da-vitoria-no-confronto-contra-o-flamengo\/\",\"url\":\"https:\/\/www.gaveanews.com\/index.php\/2023\/11\/29\/jogador-do-atletico-mg-fala-sobre-o-previlegio-em-fazer-gol-da-vitoria-no-confronto-contra-o-flamengo\/\",\"name\":\"Jogador do Atl\u00e9tico-MG fala sobre o previl\u00e9gio em fazer gol da vit\u00f3ria no confronto contra o Flamengo\u00a0\",\"isPartOf\":{\"@id\":\"https:\/\/www.gaveanews.com\/#website\"},\"primaryImageOfPage\":{\"@id\":\"https:\/\/www.gaveanews.com\/index.php\/2023\/11\/29\/jogador-do-atletico-mg-fala-sobre-o-previlegio-em-fazer-gol-da-vitoria-no-confronto-contra-o-flamengo\/#primaryimage\"},\"image\":{\"@id\":\"https:\/\/www.gaveanews.com\/index.php\/2023\/11\/29\/jogador-do-atletico-mg-fala-sobre-o-previlegio-em-fazer-gol-da-vitoria-no-confronto-contra-o-flamengo\/#primaryimage\"},\"thumbnailUrl\":\"https:\/\/www.gaveanews.com\/wp-content\/uploads\/Arrascaeta-em-jogo-do-Flamengo-contra-o-Atletico-MG-pela-Copa-do-Brasil.webp\",\"datePublished\":\"2023-11-29T18:14:40+00:00\",\"dateModified\":\"2023-11-29T20:02:12+00:00\",\"author\":{\"@id\":\"https:\/\/www.gaveanews.com\/#\/schema\/person\/51b3ba6a493cf9e7af9ce2c6d0d4ff1c\"},\"breadcrumb\":{\"@id\":\"https:\/\/www.gaveanews.com\/index.php\/2023\/11\/29\/jogador-do-atletico-mg-fala-sobre-o-previlegio-em-fazer-gol-da-vitoria-no-confronto-contra-o-flamengo\/#breadcrumb\"},\"inLanguage\":\"pt-BR\",\"potentialAction\":[{\"@type\":\"ReadAction\",\"target\":[\"https:\/\/www.gaveanews.com\/index.php\/2023\/11\/29\/jogador-do-atletico-mg-fala-sobre-o-previlegio-em-fazer-gol-da-vitoria-no-confronto-contra-o-flamengo\/\"]}]},{\"@type\":\"ImageObject\",\"inLanguage\":\"pt-BR\",\"@id\":\"https:\/\/www.gaveanews.com\/index.php\/2023\/11\/29\/jogador-do-atletico-mg-fala-sobre-o-previlegio-em-fazer-gol-da-vitoria-no-confronto-contra-o-flamengo\/#primaryimage\",\"url\":\"https:\/\/www.gaveanews.com\/wp-content\/uploads\/Arrascaeta-em-jogo-do-Flamengo-contra-o-Atletico-MG-pela-Copa-do-Brasil.webp\",\"contentUrl\":\"https:\/\/www.gaveanews.com\/wp-content\/uploads\/Arrascaeta-em-jogo-do-Flamengo-contra-o-Atletico-MG-pela-Copa-do-Brasil.webp\",\"width\":800,\"height\":533,\"caption\":\"Arrascaeta em jogo do Flamengo contra o Atl\u00e9tico-MG pela Copa do Brasil (Foto: Marcelo Cortes\/Flamengo)\"},{\"@type\":\"BreadcrumbList\",\"@id\":\"https:\/\/www.gaveanews.com\/index.php\/2023\/11\/29\/jogador-do-atletico-mg-fala-sobre-o-previlegio-em-fazer-gol-da-vitoria-no-confronto-contra-o-flamengo\/#breadcrumb\",\"itemListElement\":[{\"@type\":\"ListItem\",\"position\":1,\"name\":\"Home\",\"item\":\"https:\/\/www.gaveanews.com\/\"},{\"@type\":\"ListItem\",\"position\":2,\"name\":\"Jogador do Atl\u00e9tico-MG fala sobre o previl\u00e9gio em fazer gol da vit\u00f3ria no confronto contra o Flamengo\u00a0\"}]},{\"@type\":\"WebSite\",\"@id\":\"https:\/\/www.gaveanews.com\/#website\",\"url\":\"https:\/\/www.gaveanews.com\/\",\"name\":\"G\u00e1vea News\",\"description\":\"Veja todas as not\u00edcias sobre o Flamengo: Contrata\u00e7\u00f5es, categorias de base, resultados das partidas, tabela de classifica\u00e7\u00e3o, pr\u00f3ximos jogos!\",\"potentialAction\":[{\"@type\":\"SearchAction\",\"target\":{\"@type\":\"EntryPoint\",\"urlTemplate\":\"https:\/\/www.gaveanews.com\/?s={search_term_string}\"},\"query-input\":{\"@type\":\"PropertyValueSpecification\",\"valueRequired\":true,\"valueName\":\"search_term_string\"}}],\"inLanguage\":\"pt-BR\"},{\"@type\":\"Person\",\"@id\":\"https:\/\/www.gaveanews.com\/#\/schema\/person\/51b3ba6a493cf9e7af9ce2c6d0d4ff1c\",\"name\":\"Kayo Silva\",\"image\":{\"@type\":\"ImageObject\",\"inLanguage\":\"pt-BR\",\"@id\":\"https:\/\/www.gaveanews.com\/#\/schema\/person\/image\/\",\"url\":\"https:\/\/secure.gravatar.com\/avatar\/af6d65cafc646a65c39c5fcb2a1ef51b863a81461770cfff553ec2fdd931c68c?s=96&d=mm&r=g\",\"contentUrl\":\"https:\/\/secure.gravatar.com\/avatar\/af6d65cafc646a65c39c5fcb2a1ef51b863a81461770cfff553ec2fdd931c68c?s=96&d=mm&r=g\",\"caption\":\"Kayo Silva\"}}]}<\/script>\n<!-- \/ Yoast SEO Premium plugin. -->","yoast_head_json":{"title":"Jogador do Atl\u00e9tico-MG fala sobre o previl\u00e9gio em fazer gol da vit\u00f3ria no confronto contra o Flamengo\u00a0","robots":{"index":"index","follow":"follow","max-snippet":"max-snippet:-1","max-image-preview":"max-image-preview:large","max-video-preview":"max-video-preview:-1"},"canonical":"https:\/\/www.gaveanews.com\/index.php\/2023\/11\/29\/jogador-do-atletico-mg-fala-sobre-o-previlegio-em-fazer-gol-da-vitoria-no-confronto-contra-o-flamengo\/","og_locale":"pt_BR","og_type":"article","og_title":"Jogador do Atl\u00e9tico-MG fala sobre o previl\u00e9gio em fazer gol da vit\u00f3ria no confronto contra o Flamengo\u00a0","og_description":"Por: Kayo Silva\u00a0 O Flamengo volta a campo nesta quarta-feira (29) para um grande duelo no Maracan\u00e3 contra o Atl\u00e9tico-MG. O atacante Paulinho, um dos principais jogadores da equipe mineira, falou com jornalistas em sua chegada ao Rio de Janeiro, destacando a disputa direta no topo da tabela e a boa oportunidade de marcar gols [&hellip;]","og_url":"https:\/\/www.gaveanews.com\/index.php\/2023\/11\/29\/jogador-do-atletico-mg-fala-sobre-o-previlegio-em-fazer-gol-da-vitoria-no-confronto-contra-o-flamengo\/","og_site_name":"G\u00e1vea News","article_publisher":"https:\/\/facebook.com\/gaveaNews\/","article_published_time":"2023-11-29T18:14:40+00:00","article_modified_time":"2023-11-29T20:02:12+00:00","og_image":[{"width":800,"height":533,"url":"https:\/\/www.gaveanews.com\/wp-content\/uploads\/Arrascaeta-em-jogo-do-Flamengo-contra-o-Atletico-MG-pela-Copa-do-Brasil.webp","type":"image\/jpeg"}],"author":"Kayo Silva","twitter_card":"summary_large_image","twitter_misc":{"Escrito por":"Kayo Silva","Est. tempo de leitura":"2 minutos"},"schema":{"@context":"https:\/\/schema.org","@graph":[{"@type":"NewsArticle","@id":"https:\/\/www.gaveanews.com\/index.php\/2023\/11\/29\/jogador-do-atletico-mg-fala-sobre-o-previlegio-em-fazer-gol-da-vitoria-no-confronto-contra-o-flamengo\/#article","isPartOf":{"@id":"https:\/\/www.gaveanews.com\/index.php\/2023\/11\/29\/jogador-do-atletico-mg-fala-sobre-o-previlegio-em-fazer-gol-da-vitoria-no-confronto-contra-o-flamengo\/"},"author":{"name":"Kayo Silva","@id":"https:\/\/www.gaveanews.com\/#\/schema\/person\/51b3ba6a493cf9e7af9ce2c6d0d4ff1c"},"headline":"Jogador do Atl\u00e9tico-MG fala sobre o previl\u00e9gio em fazer gol da vit\u00f3ria no confronto contra o Flamengo\u00a0","datePublished":"2023-11-29T18:14:40+00:00","dateModified":"2023-11-29T20:02:12+00:00","mainEntityOfPage":{"@id":"https:\/\/www.gaveanews.com\/index.php\/2023\/11\/29\/jogador-do-atletico-mg-fala-sobre-o-previlegio-em-fazer-gol-da-vitoria-no-confronto-contra-o-flamengo\/"},"wordCount":275,"commentCount":0,"image":{"@id":"https:\/\/www.gaveanews.com\/index.php\/2023\/11\/29\/jogador-do-atletico-mg-fala-sobre-o-previlegio-em-fazer-gol-da-vitoria-no-confronto-contra-o-flamengo\/#primaryimage"},"thumbnailUrl":"https:\/\/www.gaveanews.com\/wp-content\/uploads\/Arrascaeta-em-jogo-do-Flamengo-contra-o-Atletico-MG-pela-Copa-do-Brasil.webp","articleSection":["Flamengo"],"inLanguage":"pt-BR","potentialAction":[{"@type":"CommentAction","name":"Comment","target":["https:\/\/www.gaveanews.com\/index.php\/2023\/11\/29\/jogador-do-atletico-mg-fala-sobre-o-previlegio-em-fazer-gol-da-vitoria-no-confronto-contra-o-flamengo\/#respond"]}],"copyrightYear":"2023","copyrightHolder":{"@id":"https:\/\/www.gaveanews.com\/#organization"}},{"@type":"WebPage","@id":"https:\/\/www.gaveanews.com\/index.php\/2023\/11\/29\/jogador-do-atletico-mg-fala-sobre-o-previlegio-em-fazer-gol-da-vitoria-no-confronto-contra-o-flamengo\/","url":"https:\/\/www.gaveanews.com\/index.php\/2023\/11\/29\/jogador-do-atletico-mg-fala-sobre-o-previlegio-em-fazer-gol-da-vitoria-no-confronto-contra-o-flamengo\/","name":"Jogador do Atl\u00e9tico-MG fala sobre o previl\u00e9gio em fazer gol da vit\u00f3ria no confronto contra o Flamengo\u00a0","isPartOf":{"@id":"https:\/\/www.gaveanews.com\/#website"},"primaryImageOfPage":{"@id":"https:\/\/www.gaveanews.com\/index.php\/2023\/11\/29\/jogador-do-atletico-mg-fala-sobre-o-previlegio-em-fazer-gol-da-vitoria-no-confronto-contra-o-flamengo\/#primaryimage"},"image":{"@id":"https:\/\/www.gaveanews.com\/index.php\/2023\/11\/29\/jogador-do-atletico-mg-fala-sobre-o-previlegio-em-fazer-gol-da-vitoria-no-confronto-contra-o-flamengo\/#primaryimage"},"thumbnailUrl":"https:\/\/www.gaveanews.com\/wp-content\/uploads\/Arrascaeta-em-jogo-do-Flamengo-contra-o-Atletico-MG-pela-Copa-do-Brasil.webp","datePublished":"2023-11-29T18:14:40+00:00","dateModified":"2023-11-29T20:02:12+00:00","author":{"@id":"https:\/\/www.gaveanews.com\/#\/schema\/person\/51b3ba6a493cf9e7af9ce2c6d0d4ff1c"},"breadcrumb":{"@id":"https:\/\/www.gaveanews.com\/index.php\/2023\/11\/29\/jogador-do-atletico-mg-fala-sobre-o-previlegio-em-fazer-gol-da-vitoria-no-confronto-contra-o-flamengo\/#breadcrumb"},"inLanguage":"pt-BR","potentialAction":[{"@type":"ReadAction","target":["https:\/\/www.gaveanews.com\/index.php\/2023\/11\/29\/jogador-do-atletico-mg-fala-sobre-o-previlegio-em-fazer-gol-da-vitoria-no-confronto-contra-o-flamengo\/"]}]},{"@type":"ImageObject","inLanguage":"pt-BR","@id":"https:\/\/www.gaveanews.com\/index.php\/2023\/11\/29\/jogador-do-atletico-mg-fala-sobre-o-previlegio-em-fazer-gol-da-vitoria-no-confronto-contra-o-flamengo\/#primaryimage","url":"https:\/\/www.gaveanews.com\/wp-content\/uploads\/Arrascaeta-em-jogo-do-Flamengo-contra-o-Atletico-MG-pela-Copa-do-Brasil.webp","contentUrl":"https:\/\/www.gaveanews.com\/wp-content\/uploads\/Arrascaeta-em-jogo-do-Flamengo-contra-o-Atletico-MG-pela-Copa-do-Brasil.webp","width":800,"height":533,"caption":"Arrascaeta em jogo do Flamengo contra o Atl\u00e9tico-MG pela Copa do Brasil (Foto: Marcelo Cortes\/Flamengo)"},{"@type":"BreadcrumbList","@id":"https:\/\/www.gaveanews.com\/index.php\/2023\/11\/29\/jogador-do-atletico-mg-fala-sobre-o-previlegio-em-fazer-gol-da-vitoria-no-confronto-contra-o-flamengo\/#breadcrumb","itemListElement":[{"@type":"ListItem","position":1,"name":"Home","item":"https:\/\/www.gaveanews.com\/"},{"@type":"ListItem","position":2,"name":"Jogador do Atl\u00e9tico-MG fala sobre o previl\u00e9gio em fazer gol da vit\u00f3ria no confronto contra o Flamengo\u00a0"}]},{"@type":"WebSite","@id":"https:\/\/www.gaveanews.com\/#website","url":"https:\/\/www.gaveanews.com\/","name":"G\u00e1vea News","description":"Veja todas as not\u00edcias sobre o Flamengo: Contrata\u00e7\u00f5es, categorias de base, resultados das partidas, tabela de classifica\u00e7\u00e3o, pr\u00f3ximos jogos!","potentialAction":[{"@type":"SearchAction","target":{"@type":"EntryPoint","urlTemplate":"https:\/\/www.gaveanews.com\/?s={search_term_string}"},"query-input":{"@type":"PropertyValueSpecification","valueRequired":true,"valueName":"search_term_string"}}],"inLanguage":"pt-BR"},{"@type":"Person","@id":"https:\/\/www.gaveanews.com\/#\/schema\/person\/51b3ba6a493cf9e7af9ce2c6d0d4ff1c","name":"Kayo Silva","image":{"@type":"ImageObject","inLanguage":"pt-BR","@id":"https:\/\/www.gaveanews.com\/#\/schema\/person\/image\/","url":"https:\/\/secure.gravatar.com\/avatar\/af6d65cafc646a65c39c5fcb2a1ef51b863a81461770cfff553ec2fdd931c68c?s=96&d=mm&r=g","contentUrl":"https:\/\/secure.gravatar.com\/avatar\/af6d65cafc646a65c39c5fcb2a1ef51b863a81461770cfff553ec2fdd931c68c?s=96&d=mm&r=g","caption":"Kayo Silva"}}]}},"_links":{"self":[{"href":"https:\/\/www.gaveanews.com\/index.php\/wp-json\/wp\/v2\/posts\/113463","targetHints":{"allow":["GET"]}}],"collection":[{"href":"https:\/\/www.gaveanews.com\/index.php\/wp-json\/wp\/v2\/posts"}],"about":[{"href":"https:\/\/www.gaveanews.com\/index.php\/wp-json\/wp\/v2\/types\/post"}],"author":[{"embeddable":true,"href":"https:\/\/www.gaveanews.com\/index.php\/wp-json\/wp\/v2\/users\/10"}],"replies":[{"embeddable":true,"href":"https:\/\/www.gaveanews.com\/index.php\/wp-json\/wp\/v2\/comments?post=113463"}],"version-history":[{"count":0,"href":"https:\/\/www.gaveanews.com\/index.php\/wp-json\/wp\/v2\/posts\/113463\/revisions"}],"wp:featuredmedia":[{"embeddable":true,"href":"https:\/\/www.gaveanews.com\/index.php\/wp-json\/wp\/v2\/media\/83610"}],"wp:attachment":[{"href":"https:\/\/www.gaveanews.com\/index.php\/wp-json\/wp\/v2\/media?parent=113463"}],"wp:term":[{"taxonomy":"category","embeddable":true,"href":"https:\/\/www.gaveanews.com\/index.php\/wp-json\/wp\/v2\/categories?post=113463"},{"taxonomy":"post_tag","embeddable":true,"href":"https:\/\/www.gaveanews.com\/index.php\/wp-json\/wp\/v2\/tags?post=113463"}],"curies":[{"name":"wp","href":"https:\/\/api.w.org\/{rel}","templated":true}]}}