{"id":113475,"date":"2023-11-29T12:26:04","date_gmt":"2023-11-29T15:26:04","guid":{"rendered":"https:\/\/www.gaveanews.com\/?p=113475"},"modified":"2023-11-29T12:26:06","modified_gmt":"2023-11-29T15:26:06","slug":"ex-jogador-do-river-plate-faz-revelacao-do-vestiario-apos-vice-da-libertadores-para-o-flamengo","status":"publish","type":"post","link":"https:\/\/www.gaveanews.com\/index.php\/2023\/11\/29\/ex-jogador-do-river-plate-faz-revelacao-do-vestiario-apos-vice-da-libertadores-para-o-flamengo\/","title":{"rendered":"Ex-jogador do River Plate faz revela\u00e7\u00e3o do vesti\u00e1rio ap\u00f3s vice da Libertadores para o Flamengo\u00a0"},"content":{"rendered":"\n<p>Por: Kayo Silva<br><\/p>\n\n\n\n<p>O atacante Lucas Pratto relembra a final de 2019, fazendo revela\u00e7\u00f5es sobre o estado dos jogadores no vesti\u00e1rio. Atualmente, o argentino atua pelo Defensa y Justicia-ARG. Naquela \u00e9poca, defendendo o River Plate, ele esteve em campo durante a virada do Flamengo.<\/p>\n\n\n\n<p><em>\u201cNo vesti\u00e1rio, a grande maioria estava chorando. O Flamengo ganhou por dois erros nossos&#8230; Bom, isso \u00e9 futebol. Ganhei muitas vezes assim e tamb\u00e9m perdi. Marcelo Gallardo n\u00e3o disse nada. Acredito que foi uma das poucas vezes que ele nos parabenizou ap\u00f3s uma derrota. Fomos melhores, mas perdemos. Os cinco minutos finais foram decisivos, com o empate e o segundo gol resultando de dois erros fatais\u201d<\/em>, desabafou Pratto em entrevista \u00e0 ESPN Argentina.<\/p>\n\n\n\n<figure class=\"wp-block-image size-full\"><img decoding=\"async\" src=\"https:\/\/www.gaveanews.com\/wp-content\/uploads\/2019\/07\/Pratto-durante-comemora\u00e7\u00e3o-de-gol-marcado-pelo-River-Plate.webp\" alt=\"\" class=\"wp-image-23481\"\/><figcaption class=\"wp-element-caption\">Pratto durante comemora\u00e7\u00e3o de gol marcado pelo River Plate (Foto: Marcelo Endelli\/Getty Images)<\/figcaption><\/figure>\n\n\n\n<p>Pratto, que entrou em campo no segundo tempo, acabou contribuindo involuntariamente para o gol de virada do Flamengo. Tentando passar a bola para o ataque, ela acabou nos p\u00e9s de Diego, que iniciou a jogada para o gol de empate do Flamengo. Pouco depois do empate, Diego, com a bola novamente, lan\u00e7ou para o ataque, resultando no gol da virada. As jogadas decisivas ocorreram aos 89 e 92 minutos, definindo o placar final da partida.<\/p>\n\n\n\n<h2 class=\"wp-block-heading\" id=\"h-o-atacante-argentino-confessou-ter-se-sentido-culpado-pelos-erros-contra-o-flamengo-na-final\">O atacante argentino confessou ter se sentido culpado pelos erros contra o Flamengo na final.<\/h2>\n\n\n\n<p>\u201c<em>Erro como todos erram. O time estava cansado, perdi uma bola que n\u00e3o deveria, e assumo as responsabilidades que me cabem. Assim como fiz quando contribu\u00ed positivamente. N\u00e3o era melhor que todos antes, e agora n\u00e3o sou pior\u201d<\/em>, confessou em 2022 ao Di\u00e1rio Ol\u00e9.&#8221;<br><br><a href=\"https:\/\/www.gaveanews.com\/index.php\/2023\/11\/29\/flamengo-negocia-para-contratar-joia-do-racing-da-argentina\/\">Flamengo negocia para contratar joia do Racing, da Argentina<\/a><\/p>\n","protected":false},"excerpt":{"rendered":"<p>Por: Kayo Silva O atacante Lucas Pratto relembra a final de 2019, fazendo revela\u00e7\u00f5es sobre o estado dos jogadores no vesti\u00e1rio. Atualmente, o argentino atua pelo Defensa y Justicia-ARG. Naquela \u00e9poca, defendendo o River Plate, ele esteve em campo durante a virada do Flamengo. \u201cNo vesti\u00e1rio, a grande maioria estava chorando. O Flamengo ganhou por [&hellip;]<\/p>\n","protected":false},"author":10,"featured_media":112686,"comment_status":"open","ping_status":"closed","sticky":false,"template":"","format":"standard","meta":{"footnotes":""},"categories":[1],"tags":[],"class_list":["post-113475","post","type-post","status-publish","format-standard","has-post-thumbnail","hentry","category-flamengo"],"yoast_head":"<!-- This site is optimized with the Yoast SEO Premium plugin v24.2 (Yoast SEO v26.9) - https:\/\/yoast.com\/product\/yoast-seo-premium-wordpress\/ -->\n<title>Ex-jogador do River Plate faz revela\u00e7\u00e3o do vesti\u00e1rio ap\u00f3s vice da Libertadores para o Flamengo\u00a0<\/title>\n<meta name=\"robots\" content=\"index, follow, max-snippet:-1, max-image-preview:large, max-video-preview:-1\" \/>\n<link rel=\"canonical\" href=\"https:\/\/www.gaveanews.com\/index.php\/2023\/11\/29\/ex-jogador-do-river-plate-faz-revelacao-do-vestiario-apos-vice-da-libertadores-para-o-flamengo\/\" \/>\n<meta property=\"og:locale\" content=\"pt_BR\" \/>\n<meta property=\"og:type\" content=\"article\" \/>\n<meta property=\"og:title\" content=\"Ex-jogador do River Plate faz revela\u00e7\u00e3o do vesti\u00e1rio ap\u00f3s vice da Libertadores para o Flamengo\u00a0\" \/>\n<meta property=\"og:description\" content=\"Por: Kayo Silva O atacante Lucas Pratto relembra a final de 2019, fazendo revela\u00e7\u00f5es sobre o estado dos jogadores no vesti\u00e1rio. Atualmente, o argentino atua pelo Defensa y Justicia-ARG. Naquela \u00e9poca, defendendo o River Plate, ele esteve em campo durante a virada do Flamengo. \u201cNo vesti\u00e1rio, a grande maioria estava chorando. O Flamengo ganhou por [&hellip;]\" \/>\n<meta property=\"og:url\" content=\"https:\/\/www.gaveanews.com\/index.php\/2023\/11\/29\/ex-jogador-do-river-plate-faz-revelacao-do-vestiario-apos-vice-da-libertadores-para-o-flamengo\/\" \/>\n<meta property=\"og:site_name\" content=\"G\u00e1vea News\" \/>\n<meta property=\"article:publisher\" content=\"https:\/\/facebook.com\/gaveaNews\/\" \/>\n<meta property=\"article:published_time\" content=\"2023-11-29T15:26:04+00:00\" \/>\n<meta property=\"article:modified_time\" content=\"2023-11-29T15:26:06+00:00\" \/>\n<meta property=\"og:image\" content=\"https:\/\/www.gaveanews.com\/wp-content\/uploads\/gabigol-flamengo-river-plate-final-libertadores.webp\" \/>\n\t<meta property=\"og:image:width\" content=\"640\" \/>\n\t<meta property=\"og:image:height\" content=\"400\" \/>\n\t<meta property=\"og:image:type\" content=\"image\/jpeg\" \/>\n<meta name=\"author\" content=\"Kayo Silva\" \/>\n<meta name=\"twitter:card\" content=\"summary_large_image\" \/>\n<meta name=\"twitter:label1\" content=\"Escrito por\" \/>\n\t<meta name=\"twitter:data1\" content=\"Kayo Silva\" \/>\n\t<meta name=\"twitter:label2\" content=\"Est. tempo de leitura\" \/>\n\t<meta name=\"twitter:data2\" content=\"2 minutos\" \/>\n<script type=\"application\/ld+json\" class=\"yoast-schema-graph\">{\"@context\":\"https:\/\/schema.org\",\"@graph\":[{\"@type\":\"NewsArticle\",\"@id\":\"https:\/\/www.gaveanews.com\/index.php\/2023\/11\/29\/ex-jogador-do-river-plate-faz-revelacao-do-vestiario-apos-vice-da-libertadores-para-o-flamengo\/#article\",\"isPartOf\":{\"@id\":\"https:\/\/www.gaveanews.com\/index.php\/2023\/11\/29\/ex-jogador-do-river-plate-faz-revelacao-do-vestiario-apos-vice-da-libertadores-para-o-flamengo\/\"},\"author\":{\"name\":\"Kayo Silva\",\"@id\":\"https:\/\/www.gaveanews.com\/#\/schema\/person\/51b3ba6a493cf9e7af9ce2c6d0d4ff1c\"},\"headline\":\"Ex-jogador do River Plate faz revela\u00e7\u00e3o do vesti\u00e1rio ap\u00f3s vice da Libertadores para o Flamengo\u00a0\",\"datePublished\":\"2023-11-29T15:26:04+00:00\",\"dateModified\":\"2023-11-29T15:26:06+00:00\",\"mainEntityOfPage\":{\"@id\":\"https:\/\/www.gaveanews.com\/index.php\/2023\/11\/29\/ex-jogador-do-river-plate-faz-revelacao-do-vestiario-apos-vice-da-libertadores-para-o-flamengo\/\"},\"wordCount\":299,\"commentCount\":0,\"image\":{\"@id\":\"https:\/\/www.gaveanews.com\/index.php\/2023\/11\/29\/ex-jogador-do-river-plate-faz-revelacao-do-vestiario-apos-vice-da-libertadores-para-o-flamengo\/#primaryimage\"},\"thumbnailUrl\":\"https:\/\/www.gaveanews.com\/wp-content\/uploads\/gabigol-flamengo-river-plate-final-libertadores.webp\",\"articleSection\":[\"Flamengo\"],\"inLanguage\":\"pt-BR\",\"potentialAction\":[{\"@type\":\"CommentAction\",\"name\":\"Comment\",\"target\":[\"https:\/\/www.gaveanews.com\/index.php\/2023\/11\/29\/ex-jogador-do-river-plate-faz-revelacao-do-vestiario-apos-vice-da-libertadores-para-o-flamengo\/#respond\"]}],\"copyrightYear\":\"2023\",\"copyrightHolder\":{\"@id\":\"https:\/\/www.gaveanews.com\/#organization\"}},{\"@type\":\"WebPage\",\"@id\":\"https:\/\/www.gaveanews.com\/index.php\/2023\/11\/29\/ex-jogador-do-river-plate-faz-revelacao-do-vestiario-apos-vice-da-libertadores-para-o-flamengo\/\",\"url\":\"https:\/\/www.gaveanews.com\/index.php\/2023\/11\/29\/ex-jogador-do-river-plate-faz-revelacao-do-vestiario-apos-vice-da-libertadores-para-o-flamengo\/\",\"name\":\"Ex-jogador do River Plate faz revela\u00e7\u00e3o do vesti\u00e1rio ap\u00f3s vice da Libertadores para o Flamengo\u00a0\",\"isPartOf\":{\"@id\":\"https:\/\/www.gaveanews.com\/#website\"},\"primaryImageOfPage\":{\"@id\":\"https:\/\/www.gaveanews.com\/index.php\/2023\/11\/29\/ex-jogador-do-river-plate-faz-revelacao-do-vestiario-apos-vice-da-libertadores-para-o-flamengo\/#primaryimage\"},\"image\":{\"@id\":\"https:\/\/www.gaveanews.com\/index.php\/2023\/11\/29\/ex-jogador-do-river-plate-faz-revelacao-do-vestiario-apos-vice-da-libertadores-para-o-flamengo\/#primaryimage\"},\"thumbnailUrl\":\"https:\/\/www.gaveanews.com\/wp-content\/uploads\/gabigol-flamengo-river-plate-final-libertadores.webp\",\"datePublished\":\"2023-11-29T15:26:04+00:00\",\"dateModified\":\"2023-11-29T15:26:06+00:00\",\"author\":{\"@id\":\"https:\/\/www.gaveanews.com\/#\/schema\/person\/51b3ba6a493cf9e7af9ce2c6d0d4ff1c\"},\"breadcrumb\":{\"@id\":\"https:\/\/www.gaveanews.com\/index.php\/2023\/11\/29\/ex-jogador-do-river-plate-faz-revelacao-do-vestiario-apos-vice-da-libertadores-para-o-flamengo\/#breadcrumb\"},\"inLanguage\":\"pt-BR\",\"potentialAction\":[{\"@type\":\"ReadAction\",\"target\":[\"https:\/\/www.gaveanews.com\/index.php\/2023\/11\/29\/ex-jogador-do-river-plate-faz-revelacao-do-vestiario-apos-vice-da-libertadores-para-o-flamengo\/\"]}]},{\"@type\":\"ImageObject\",\"inLanguage\":\"pt-BR\",\"@id\":\"https:\/\/www.gaveanews.com\/index.php\/2023\/11\/29\/ex-jogador-do-river-plate-faz-revelacao-do-vestiario-apos-vice-da-libertadores-para-o-flamengo\/#primaryimage\",\"url\":\"https:\/\/www.gaveanews.com\/wp-content\/uploads\/gabigol-flamengo-river-plate-final-libertadores.webp\",\"contentUrl\":\"https:\/\/www.gaveanews.com\/wp-content\/uploads\/gabigol-flamengo-river-plate-final-libertadores.webp\",\"width\":640,\"height\":400,\"caption\":\"Gabigol na final da Libertadores entre Flamengo e River Plate (Foto: Alexandre Vidal\/Flamengo)\"},{\"@type\":\"BreadcrumbList\",\"@id\":\"https:\/\/www.gaveanews.com\/index.php\/2023\/11\/29\/ex-jogador-do-river-plate-faz-revelacao-do-vestiario-apos-vice-da-libertadores-para-o-flamengo\/#breadcrumb\",\"itemListElement\":[{\"@type\":\"ListItem\",\"position\":1,\"name\":\"Home\",\"item\":\"https:\/\/www.gaveanews.com\/\"},{\"@type\":\"ListItem\",\"position\":2,\"name\":\"Ex-jogador do River Plate faz revela\u00e7\u00e3o do vesti\u00e1rio ap\u00f3s vice da Libertadores para o Flamengo\u00a0\"}]},{\"@type\":\"WebSite\",\"@id\":\"https:\/\/www.gaveanews.com\/#website\",\"url\":\"https:\/\/www.gaveanews.com\/\",\"name\":\"G\u00e1vea News\",\"description\":\"Veja todas as not\u00edcias sobre o Flamengo: Contrata\u00e7\u00f5es, categorias de base, resultados das partidas, tabela de classifica\u00e7\u00e3o, pr\u00f3ximos jogos!\",\"potentialAction\":[{\"@type\":\"SearchAction\",\"target\":{\"@type\":\"EntryPoint\",\"urlTemplate\":\"https:\/\/www.gaveanews.com\/?s={search_term_string}\"},\"query-input\":{\"@type\":\"PropertyValueSpecification\",\"valueRequired\":true,\"valueName\":\"search_term_string\"}}],\"inLanguage\":\"pt-BR\"},{\"@type\":\"Person\",\"@id\":\"https:\/\/www.gaveanews.com\/#\/schema\/person\/51b3ba6a493cf9e7af9ce2c6d0d4ff1c\",\"name\":\"Kayo Silva\",\"image\":{\"@type\":\"ImageObject\",\"inLanguage\":\"pt-BR\",\"@id\":\"https:\/\/www.gaveanews.com\/#\/schema\/person\/image\/\",\"url\":\"https:\/\/secure.gravatar.com\/avatar\/af6d65cafc646a65c39c5fcb2a1ef51b863a81461770cfff553ec2fdd931c68c?s=96&d=mm&r=g\",\"contentUrl\":\"https:\/\/secure.gravatar.com\/avatar\/af6d65cafc646a65c39c5fcb2a1ef51b863a81461770cfff553ec2fdd931c68c?s=96&d=mm&r=g\",\"caption\":\"Kayo Silva\"}}]}<\/script>\n<!-- \/ Yoast SEO Premium plugin. -->","yoast_head_json":{"title":"Ex-jogador do River Plate faz revela\u00e7\u00e3o do vesti\u00e1rio ap\u00f3s vice da Libertadores para o Flamengo\u00a0","robots":{"index":"index","follow":"follow","max-snippet":"max-snippet:-1","max-image-preview":"max-image-preview:large","max-video-preview":"max-video-preview:-1"},"canonical":"https:\/\/www.gaveanews.com\/index.php\/2023\/11\/29\/ex-jogador-do-river-plate-faz-revelacao-do-vestiario-apos-vice-da-libertadores-para-o-flamengo\/","og_locale":"pt_BR","og_type":"article","og_title":"Ex-jogador do River Plate faz revela\u00e7\u00e3o do vesti\u00e1rio ap\u00f3s vice da Libertadores para o Flamengo\u00a0","og_description":"Por: Kayo Silva O atacante Lucas Pratto relembra a final de 2019, fazendo revela\u00e7\u00f5es sobre o estado dos jogadores no vesti\u00e1rio. Atualmente, o argentino atua pelo Defensa y Justicia-ARG. Naquela \u00e9poca, defendendo o River Plate, ele esteve em campo durante a virada do Flamengo. \u201cNo vesti\u00e1rio, a grande maioria estava chorando. O Flamengo ganhou por [&hellip;]","og_url":"https:\/\/www.gaveanews.com\/index.php\/2023\/11\/29\/ex-jogador-do-river-plate-faz-revelacao-do-vestiario-apos-vice-da-libertadores-para-o-flamengo\/","og_site_name":"G\u00e1vea News","article_publisher":"https:\/\/facebook.com\/gaveaNews\/","article_published_time":"2023-11-29T15:26:04+00:00","article_modified_time":"2023-11-29T15:26:06+00:00","og_image":[{"width":640,"height":400,"url":"https:\/\/www.gaveanews.com\/wp-content\/uploads\/gabigol-flamengo-river-plate-final-libertadores.webp","type":"image\/jpeg"}],"author":"Kayo Silva","twitter_card":"summary_large_image","twitter_misc":{"Escrito por":"Kayo Silva","Est. tempo de leitura":"2 minutos"},"schema":{"@context":"https:\/\/schema.org","@graph":[{"@type":"NewsArticle","@id":"https:\/\/www.gaveanews.com\/index.php\/2023\/11\/29\/ex-jogador-do-river-plate-faz-revelacao-do-vestiario-apos-vice-da-libertadores-para-o-flamengo\/#article","isPartOf":{"@id":"https:\/\/www.gaveanews.com\/index.php\/2023\/11\/29\/ex-jogador-do-river-plate-faz-revelacao-do-vestiario-apos-vice-da-libertadores-para-o-flamengo\/"},"author":{"name":"Kayo Silva","@id":"https:\/\/www.gaveanews.com\/#\/schema\/person\/51b3ba6a493cf9e7af9ce2c6d0d4ff1c"},"headline":"Ex-jogador do River Plate faz revela\u00e7\u00e3o do vesti\u00e1rio ap\u00f3s vice da Libertadores para o Flamengo\u00a0","datePublished":"2023-11-29T15:26:04+00:00","dateModified":"2023-11-29T15:26:06+00:00","mainEntityOfPage":{"@id":"https:\/\/www.gaveanews.com\/index.php\/2023\/11\/29\/ex-jogador-do-river-plate-faz-revelacao-do-vestiario-apos-vice-da-libertadores-para-o-flamengo\/"},"wordCount":299,"commentCount":0,"image":{"@id":"https:\/\/www.gaveanews.com\/index.php\/2023\/11\/29\/ex-jogador-do-river-plate-faz-revelacao-do-vestiario-apos-vice-da-libertadores-para-o-flamengo\/#primaryimage"},"thumbnailUrl":"https:\/\/www.gaveanews.com\/wp-content\/uploads\/gabigol-flamengo-river-plate-final-libertadores.webp","articleSection":["Flamengo"],"inLanguage":"pt-BR","potentialAction":[{"@type":"CommentAction","name":"Comment","target":["https:\/\/www.gaveanews.com\/index.php\/2023\/11\/29\/ex-jogador-do-river-plate-faz-revelacao-do-vestiario-apos-vice-da-libertadores-para-o-flamengo\/#respond"]}],"copyrightYear":"2023","copyrightHolder":{"@id":"https:\/\/www.gaveanews.com\/#organization"}},{"@type":"WebPage","@id":"https:\/\/www.gaveanews.com\/index.php\/2023\/11\/29\/ex-jogador-do-river-plate-faz-revelacao-do-vestiario-apos-vice-da-libertadores-para-o-flamengo\/","url":"https:\/\/www.gaveanews.com\/index.php\/2023\/11\/29\/ex-jogador-do-river-plate-faz-revelacao-do-vestiario-apos-vice-da-libertadores-para-o-flamengo\/","name":"Ex-jogador do River Plate faz revela\u00e7\u00e3o do vesti\u00e1rio ap\u00f3s vice da Libertadores para o Flamengo\u00a0","isPartOf":{"@id":"https:\/\/www.gaveanews.com\/#website"},"primaryImageOfPage":{"@id":"https:\/\/www.gaveanews.com\/index.php\/2023\/11\/29\/ex-jogador-do-river-plate-faz-revelacao-do-vestiario-apos-vice-da-libertadores-para-o-flamengo\/#primaryimage"},"image":{"@id":"https:\/\/www.gaveanews.com\/index.php\/2023\/11\/29\/ex-jogador-do-river-plate-faz-revelacao-do-vestiario-apos-vice-da-libertadores-para-o-flamengo\/#primaryimage"},"thumbnailUrl":"https:\/\/www.gaveanews.com\/wp-content\/uploads\/gabigol-flamengo-river-plate-final-libertadores.webp","datePublished":"2023-11-29T15:26:04+00:00","dateModified":"2023-11-29T15:26:06+00:00","author":{"@id":"https:\/\/www.gaveanews.com\/#\/schema\/person\/51b3ba6a493cf9e7af9ce2c6d0d4ff1c"},"breadcrumb":{"@id":"https:\/\/www.gaveanews.com\/index.php\/2023\/11\/29\/ex-jogador-do-river-plate-faz-revelacao-do-vestiario-apos-vice-da-libertadores-para-o-flamengo\/#breadcrumb"},"inLanguage":"pt-BR","potentialAction":[{"@type":"ReadAction","target":["https:\/\/www.gaveanews.com\/index.php\/2023\/11\/29\/ex-jogador-do-river-plate-faz-revelacao-do-vestiario-apos-vice-da-libertadores-para-o-flamengo\/"]}]},{"@type":"ImageObject","inLanguage":"pt-BR","@id":"https:\/\/www.gaveanews.com\/index.php\/2023\/11\/29\/ex-jogador-do-river-plate-faz-revelacao-do-vestiario-apos-vice-da-libertadores-para-o-flamengo\/#primaryimage","url":"https:\/\/www.gaveanews.com\/wp-content\/uploads\/gabigol-flamengo-river-plate-final-libertadores.webp","contentUrl":"https:\/\/www.gaveanews.com\/wp-content\/uploads\/gabigol-flamengo-river-plate-final-libertadores.webp","width":640,"height":400,"caption":"Gabigol na final da Libertadores entre Flamengo e River Plate (Foto: Alexandre Vidal\/Flamengo)"},{"@type":"BreadcrumbList","@id":"https:\/\/www.gaveanews.com\/index.php\/2023\/11\/29\/ex-jogador-do-river-plate-faz-revelacao-do-vestiario-apos-vice-da-libertadores-para-o-flamengo\/#breadcrumb","itemListElement":[{"@type":"ListItem","position":1,"name":"Home","item":"https:\/\/www.gaveanews.com\/"},{"@type":"ListItem","position":2,"name":"Ex-jogador do River Plate faz revela\u00e7\u00e3o do vesti\u00e1rio ap\u00f3s vice da Libertadores para o Flamengo\u00a0"}]},{"@type":"WebSite","@id":"https:\/\/www.gaveanews.com\/#website","url":"https:\/\/www.gaveanews.com\/","name":"G\u00e1vea News","description":"Veja todas as not\u00edcias sobre o Flamengo: Contrata\u00e7\u00f5es, categorias de base, resultados das partidas, tabela de classifica\u00e7\u00e3o, pr\u00f3ximos jogos!","potentialAction":[{"@type":"SearchAction","target":{"@type":"EntryPoint","urlTemplate":"https:\/\/www.gaveanews.com\/?s={search_term_string}"},"query-input":{"@type":"PropertyValueSpecification","valueRequired":true,"valueName":"search_term_string"}}],"inLanguage":"pt-BR"},{"@type":"Person","@id":"https:\/\/www.gaveanews.com\/#\/schema\/person\/51b3ba6a493cf9e7af9ce2c6d0d4ff1c","name":"Kayo Silva","image":{"@type":"ImageObject","inLanguage":"pt-BR","@id":"https:\/\/www.gaveanews.com\/#\/schema\/person\/image\/","url":"https:\/\/secure.gravatar.com\/avatar\/af6d65cafc646a65c39c5fcb2a1ef51b863a81461770cfff553ec2fdd931c68c?s=96&d=mm&r=g","contentUrl":"https:\/\/secure.gravatar.com\/avatar\/af6d65cafc646a65c39c5fcb2a1ef51b863a81461770cfff553ec2fdd931c68c?s=96&d=mm&r=g","caption":"Kayo Silva"}}]}},"_links":{"self":[{"href":"https:\/\/www.gaveanews.com\/index.php\/wp-json\/wp\/v2\/posts\/113475","targetHints":{"allow":["GET"]}}],"collection":[{"href":"https:\/\/www.gaveanews.com\/index.php\/wp-json\/wp\/v2\/posts"}],"about":[{"href":"https:\/\/www.gaveanews.com\/index.php\/wp-json\/wp\/v2\/types\/post"}],"author":[{"embeddable":true,"href":"https:\/\/www.gaveanews.com\/index.php\/wp-json\/wp\/v2\/users\/10"}],"replies":[{"embeddable":true,"href":"https:\/\/www.gaveanews.com\/index.php\/wp-json\/wp\/v2\/comments?post=113475"}],"version-history":[{"count":0,"href":"https:\/\/www.gaveanews.com\/index.php\/wp-json\/wp\/v2\/posts\/113475\/revisions"}],"wp:featuredmedia":[{"embeddable":true,"href":"https:\/\/www.gaveanews.com\/index.php\/wp-json\/wp\/v2\/media\/112686"}],"wp:attachment":[{"href":"https:\/\/www.gaveanews.com\/index.php\/wp-json\/wp\/v2\/media?parent=113475"}],"wp:term":[{"taxonomy":"category","embeddable":true,"href":"https:\/\/www.gaveanews.com\/index.php\/wp-json\/wp\/v2\/categories?post=113475"},{"taxonomy":"post_tag","embeddable":true,"href":"https:\/\/www.gaveanews.com\/index.php\/wp-json\/wp\/v2\/tags?post=113475"}],"curies":[{"name":"wp","href":"https:\/\/api.w.org\/{rel}","templated":true}]}}