{"id":114217,"date":"2023-12-04T20:50:43","date_gmt":"2023-12-04T23:50:43","guid":{"rendered":"https:\/\/www.gaveanews.com\/?p=114217"},"modified":"2023-12-04T20:50:45","modified_gmt":"2023-12-04T23:50:45","slug":"filipe-luis-e-sincero-ao-falar-sobre-dorival-junior-vitor-pereira-e-jorge-sampaoli-veja","status":"publish","type":"post","link":"https:\/\/www.gaveanews.com\/index.php\/2023\/12\/04\/filipe-luis-e-sincero-ao-falar-sobre-dorival-junior-vitor-pereira-e-jorge-sampaoli-veja\/","title":{"rendered":"Filipe Lu\u00eds \u00e9 sincero ao falar sobre Dorival J\u00fanior, V\u00edtor Pereira e Jorge Sampaoli; veja"},"content":{"rendered":"\n<p>Por: Henrique Duarte<br><br>Durante sua passagem pelo Flamengo, Filipe Lu\u00eds trabalhou sob a lideran\u00e7a de diversos treinadores, cada um trazendo uma nova vis\u00e3o e abordagem ao jogo. Sua experi\u00eancia com V\u00edtor Pereira \u00e9 um exemplo de como a esperan\u00e7a e a estrat\u00e9gia nem sempre se alinham com a realidade. Apesar de a equipe estar alinhada com a vis\u00e3o de Pereira, os resultados esperados n\u00e3o se materializaram.<\/p>\n\n\n\n<p>A chegada de Sampaoli foi um ponto alto de expectativa para Filipe Lu\u00eds. Ele sonhava com um time invenc\u00edvel, dominando o campo e conquistando t\u00edtulos. Essa vis\u00e3o, infelizmente, permaneceu um sonho, demonstrando a imprevisibilidade do futebol.<\/p>\n\n\n\n<p>No entanto, \u00e9 a sua rela\u00e7\u00e3o com Dorival J\u00fanior que se destaca em suas mem\u00f3rias. Descrevendo-o carinhosamente como um av\u00f4, Filipe Lu\u00eds expressa sua gratid\u00e3o pela influ\u00eancia de Dorival em sua carreira desde os primeiros dias no Figueirense. Esta rela\u00e7\u00e3o vai al\u00e9m do campo, refletindo uma conex\u00e3o pessoal.<\/p>\n\n\n\n<h2 class=\"wp-block-heading\" id=\"h-confira\">Confira:<\/h2>\n\n\n\n<blockquote class=\"twitter-tweet\"><p lang=\"pt\" dir=\"ltr\">Filipe Lu\u00eds aborda os antigos treinadores do Flamengo e comenta as expectativas que surgiram em rela\u00e7\u00e3o ao trabalho deles: <a href=\"https:\/\/t.co\/Vxma2TyotK\">pic.twitter.com\/Vxma2TyotK<\/a><\/p>&mdash; G\u00e1vea News (@GaveaNews_) <a href=\"https:\/\/twitter.com\/GaveaNews_\/status\/1731763975547678956?ref_src=twsrc%5Etfw\">December 4, 2023<\/a><\/blockquote> <script async src=\"https:\/\/platform.twitter.com\/widgets.js\" charset=\"utf-8\"><\/script>\n","protected":false},"excerpt":{"rendered":"<p>Por: Henrique Duarte Durante sua passagem pelo Flamengo, Filipe Lu\u00eds trabalhou sob a lideran\u00e7a de diversos treinadores, cada um trazendo uma nova vis\u00e3o e abordagem ao jogo. Sua experi\u00eancia com V\u00edtor Pereira \u00e9 um exemplo de como a esperan\u00e7a e a estrat\u00e9gia nem sempre se alinham com a realidade. Apesar de a equipe estar alinhada [&hellip;]<\/p>\n","protected":false},"author":15,"featured_media":114219,"comment_status":"open","ping_status":"closed","sticky":false,"template":"","format":"standard","meta":{"footnotes":""},"categories":[40],"tags":[],"class_list":["post-114217","post","type-post","status-publish","format-standard","has-post-thumbnail","hentry","category-video"],"yoast_head":"<!-- This site is optimized with the Yoast SEO Premium plugin v24.2 (Yoast SEO v26.9) - https:\/\/yoast.com\/product\/yoast-seo-premium-wordpress\/ -->\n<title>Filipe Lu\u00eds \u00e9 sincero ao falar sobre Dorival J\u00fanior, V\u00edtor Pereira e Jorge Sampaoli; veja<\/title>\n<meta name=\"robots\" content=\"index, follow, max-snippet:-1, max-image-preview:large, max-video-preview:-1\" \/>\n<link rel=\"canonical\" href=\"https:\/\/www.gaveanews.com\/index.php\/2023\/12\/04\/filipe-luis-e-sincero-ao-falar-sobre-dorival-junior-vitor-pereira-e-jorge-sampaoli-veja\/\" \/>\n<meta property=\"og:locale\" content=\"pt_BR\" \/>\n<meta property=\"og:type\" content=\"article\" \/>\n<meta property=\"og:title\" content=\"Filipe Lu\u00eds \u00e9 sincero ao falar sobre Dorival J\u00fanior, V\u00edtor Pereira e Jorge Sampaoli; veja\" \/>\n<meta property=\"og:description\" content=\"Por: Henrique Duarte Durante sua passagem pelo Flamengo, Filipe Lu\u00eds trabalhou sob a lideran\u00e7a de diversos treinadores, cada um trazendo uma nova vis\u00e3o e abordagem ao jogo. Sua experi\u00eancia com V\u00edtor Pereira \u00e9 um exemplo de como a esperan\u00e7a e a estrat\u00e9gia nem sempre se alinham com a realidade. Apesar de a equipe estar alinhada [&hellip;]\" \/>\n<meta property=\"og:url\" content=\"https:\/\/www.gaveanews.com\/index.php\/2023\/12\/04\/filipe-luis-e-sincero-ao-falar-sobre-dorival-junior-vitor-pereira-e-jorge-sampaoli-veja\/\" \/>\n<meta property=\"og:site_name\" content=\"G\u00e1vea News\" \/>\n<meta property=\"article:publisher\" content=\"https:\/\/facebook.com\/gaveaNews\/\" \/>\n<meta property=\"article:published_time\" content=\"2023-12-04T23:50:43+00:00\" \/>\n<meta property=\"article:modified_time\" content=\"2023-12-04T23:50:45+00:00\" \/>\n<meta property=\"og:image\" content=\"https:\/\/www.gaveanews.com\/wp-content\/uploads\/filipe-luis-coletiva.webp\" \/>\n\t<meta property=\"og:image:width\" content=\"984\" \/>\n\t<meta property=\"og:image:height\" content=\"738\" \/>\n\t<meta property=\"og:image:type\" content=\"image\/webp\" \/>\n<meta name=\"author\" content=\"Henrique Machado\" \/>\n<meta name=\"twitter:card\" content=\"summary_large_image\" \/>\n<meta name=\"twitter:label1\" content=\"Escrito por\" \/>\n\t<meta name=\"twitter:data1\" content=\"Henrique Machado\" \/>\n\t<meta name=\"twitter:label2\" content=\"Est. tempo de leitura\" \/>\n\t<meta name=\"twitter:data2\" content=\"1 minuto\" \/>\n<script type=\"application\/ld+json\" class=\"yoast-schema-graph\">{\"@context\":\"https:\/\/schema.org\",\"@graph\":[{\"@type\":\"NewsArticle\",\"@id\":\"https:\/\/www.gaveanews.com\/index.php\/2023\/12\/04\/filipe-luis-e-sincero-ao-falar-sobre-dorival-junior-vitor-pereira-e-jorge-sampaoli-veja\/#article\",\"isPartOf\":{\"@id\":\"https:\/\/www.gaveanews.com\/index.php\/2023\/12\/04\/filipe-luis-e-sincero-ao-falar-sobre-dorival-junior-vitor-pereira-e-jorge-sampaoli-veja\/\"},\"author\":{\"name\":\"Henrique Machado\",\"@id\":\"https:\/\/www.gaveanews.com\/#\/schema\/person\/fd07635ec039ec3ba74ad18ec8a6dbd6\"},\"headline\":\"Filipe Lu\u00eds \u00e9 sincero ao falar sobre Dorival J\u00fanior, V\u00edtor Pereira e Jorge Sampaoli; veja\",\"datePublished\":\"2023-12-04T23:50:43+00:00\",\"dateModified\":\"2023-12-04T23:50:45+00:00\",\"mainEntityOfPage\":{\"@id\":\"https:\/\/www.gaveanews.com\/index.php\/2023\/12\/04\/filipe-luis-e-sincero-ao-falar-sobre-dorival-junior-vitor-pereira-e-jorge-sampaoli-veja\/\"},\"wordCount\":220,\"commentCount\":0,\"image\":{\"@id\":\"https:\/\/www.gaveanews.com\/index.php\/2023\/12\/04\/filipe-luis-e-sincero-ao-falar-sobre-dorival-junior-vitor-pereira-e-jorge-sampaoli-veja\/#primaryimage\"},\"thumbnailUrl\":\"https:\/\/www.gaveanews.com\/wp-content\/uploads\/filipe-luis-coletiva.webp\",\"articleSection\":[\"V\u00eddeos\"],\"inLanguage\":\"pt-BR\",\"potentialAction\":[{\"@type\":\"CommentAction\",\"name\":\"Comment\",\"target\":[\"https:\/\/www.gaveanews.com\/index.php\/2023\/12\/04\/filipe-luis-e-sincero-ao-falar-sobre-dorival-junior-vitor-pereira-e-jorge-sampaoli-veja\/#respond\"]}],\"copyrightYear\":\"2023\",\"copyrightHolder\":{\"@id\":\"https:\/\/www.gaveanews.com\/#organization\"}},{\"@type\":\"WebPage\",\"@id\":\"https:\/\/www.gaveanews.com\/index.php\/2023\/12\/04\/filipe-luis-e-sincero-ao-falar-sobre-dorival-junior-vitor-pereira-e-jorge-sampaoli-veja\/\",\"url\":\"https:\/\/www.gaveanews.com\/index.php\/2023\/12\/04\/filipe-luis-e-sincero-ao-falar-sobre-dorival-junior-vitor-pereira-e-jorge-sampaoli-veja\/\",\"name\":\"Filipe Lu\u00eds \u00e9 sincero ao falar sobre Dorival J\u00fanior, V\u00edtor Pereira e Jorge Sampaoli; veja\",\"isPartOf\":{\"@id\":\"https:\/\/www.gaveanews.com\/#website\"},\"primaryImageOfPage\":{\"@id\":\"https:\/\/www.gaveanews.com\/index.php\/2023\/12\/04\/filipe-luis-e-sincero-ao-falar-sobre-dorival-junior-vitor-pereira-e-jorge-sampaoli-veja\/#primaryimage\"},\"image\":{\"@id\":\"https:\/\/www.gaveanews.com\/index.php\/2023\/12\/04\/filipe-luis-e-sincero-ao-falar-sobre-dorival-junior-vitor-pereira-e-jorge-sampaoli-veja\/#primaryimage\"},\"thumbnailUrl\":\"https:\/\/www.gaveanews.com\/wp-content\/uploads\/filipe-luis-coletiva.webp\",\"datePublished\":\"2023-12-04T23:50:43+00:00\",\"dateModified\":\"2023-12-04T23:50:45+00:00\",\"author\":{\"@id\":\"https:\/\/www.gaveanews.com\/#\/schema\/person\/fd07635ec039ec3ba74ad18ec8a6dbd6\"},\"breadcrumb\":{\"@id\":\"https:\/\/www.gaveanews.com\/index.php\/2023\/12\/04\/filipe-luis-e-sincero-ao-falar-sobre-dorival-junior-vitor-pereira-e-jorge-sampaoli-veja\/#breadcrumb\"},\"inLanguage\":\"pt-BR\",\"potentialAction\":[{\"@type\":\"ReadAction\",\"target\":[\"https:\/\/www.gaveanews.com\/index.php\/2023\/12\/04\/filipe-luis-e-sincero-ao-falar-sobre-dorival-junior-vitor-pereira-e-jorge-sampaoli-veja\/\"]}]},{\"@type\":\"ImageObject\",\"inLanguage\":\"pt-BR\",\"@id\":\"https:\/\/www.gaveanews.com\/index.php\/2023\/12\/04\/filipe-luis-e-sincero-ao-falar-sobre-dorival-junior-vitor-pereira-e-jorge-sampaoli-veja\/#primaryimage\",\"url\":\"https:\/\/www.gaveanews.com\/wp-content\/uploads\/filipe-luis-coletiva.webp\",\"contentUrl\":\"https:\/\/www.gaveanews.com\/wp-content\/uploads\/filipe-luis-coletiva.webp\",\"width\":984,\"height\":738,\"caption\":\"Filipe Lu\u00eds em entrevista coletiva do Flamengo (Foto: Fred Gomes)\"},{\"@type\":\"BreadcrumbList\",\"@id\":\"https:\/\/www.gaveanews.com\/index.php\/2023\/12\/04\/filipe-luis-e-sincero-ao-falar-sobre-dorival-junior-vitor-pereira-e-jorge-sampaoli-veja\/#breadcrumb\",\"itemListElement\":[{\"@type\":\"ListItem\",\"position\":1,\"name\":\"Home\",\"item\":\"https:\/\/www.gaveanews.com\/\"},{\"@type\":\"ListItem\",\"position\":2,\"name\":\"Filipe Lu\u00eds \u00e9 sincero ao falar sobre Dorival J\u00fanior, V\u00edtor Pereira e Jorge Sampaoli; veja\"}]},{\"@type\":\"WebSite\",\"@id\":\"https:\/\/www.gaveanews.com\/#website\",\"url\":\"https:\/\/www.gaveanews.com\/\",\"name\":\"G\u00e1vea News\",\"description\":\"Veja todas as not\u00edcias sobre o Flamengo: Contrata\u00e7\u00f5es, categorias de base, resultados das partidas, tabela de classifica\u00e7\u00e3o, pr\u00f3ximos jogos!\",\"potentialAction\":[{\"@type\":\"SearchAction\",\"target\":{\"@type\":\"EntryPoint\",\"urlTemplate\":\"https:\/\/www.gaveanews.com\/?s={search_term_string}\"},\"query-input\":{\"@type\":\"PropertyValueSpecification\",\"valueRequired\":true,\"valueName\":\"search_term_string\"}}],\"inLanguage\":\"pt-BR\"},{\"@type\":\"Person\",\"@id\":\"https:\/\/www.gaveanews.com\/#\/schema\/person\/fd07635ec039ec3ba74ad18ec8a6dbd6\",\"name\":\"Henrique Machado\",\"image\":{\"@type\":\"ImageObject\",\"inLanguage\":\"pt-BR\",\"@id\":\"https:\/\/www.gaveanews.com\/#\/schema\/person\/image\/\",\"url\":\"https:\/\/secure.gravatar.com\/avatar\/b95e35997e01d9800c1b6184bd79d4d898d370a3fce2584f5c77b907d5c7d9e9?s=96&d=mm&r=g\",\"contentUrl\":\"https:\/\/secure.gravatar.com\/avatar\/b95e35997e01d9800c1b6184bd79d4d898d370a3fce2584f5c77b907d5c7d9e9?s=96&d=mm&r=g\",\"caption\":\"Henrique Machado\"}}]}<\/script>\n<!-- \/ Yoast SEO Premium plugin. -->","yoast_head_json":{"title":"Filipe Lu\u00eds \u00e9 sincero ao falar sobre Dorival J\u00fanior, V\u00edtor Pereira e Jorge Sampaoli; veja","robots":{"index":"index","follow":"follow","max-snippet":"max-snippet:-1","max-image-preview":"max-image-preview:large","max-video-preview":"max-video-preview:-1"},"canonical":"https:\/\/www.gaveanews.com\/index.php\/2023\/12\/04\/filipe-luis-e-sincero-ao-falar-sobre-dorival-junior-vitor-pereira-e-jorge-sampaoli-veja\/","og_locale":"pt_BR","og_type":"article","og_title":"Filipe Lu\u00eds \u00e9 sincero ao falar sobre Dorival J\u00fanior, V\u00edtor Pereira e Jorge Sampaoli; veja","og_description":"Por: Henrique Duarte Durante sua passagem pelo Flamengo, Filipe Lu\u00eds trabalhou sob a lideran\u00e7a de diversos treinadores, cada um trazendo uma nova vis\u00e3o e abordagem ao jogo. Sua experi\u00eancia com V\u00edtor Pereira \u00e9 um exemplo de como a esperan\u00e7a e a estrat\u00e9gia nem sempre se alinham com a realidade. Apesar de a equipe estar alinhada [&hellip;]","og_url":"https:\/\/www.gaveanews.com\/index.php\/2023\/12\/04\/filipe-luis-e-sincero-ao-falar-sobre-dorival-junior-vitor-pereira-e-jorge-sampaoli-veja\/","og_site_name":"G\u00e1vea News","article_publisher":"https:\/\/facebook.com\/gaveaNews\/","article_published_time":"2023-12-04T23:50:43+00:00","article_modified_time":"2023-12-04T23:50:45+00:00","og_image":[{"width":984,"height":738,"url":"https:\/\/www.gaveanews.com\/wp-content\/uploads\/filipe-luis-coletiva.webp","type":"image\/webp"}],"author":"Henrique Machado","twitter_card":"summary_large_image","twitter_misc":{"Escrito por":"Henrique Machado","Est. tempo de leitura":"1 minuto"},"schema":{"@context":"https:\/\/schema.org","@graph":[{"@type":"NewsArticle","@id":"https:\/\/www.gaveanews.com\/index.php\/2023\/12\/04\/filipe-luis-e-sincero-ao-falar-sobre-dorival-junior-vitor-pereira-e-jorge-sampaoli-veja\/#article","isPartOf":{"@id":"https:\/\/www.gaveanews.com\/index.php\/2023\/12\/04\/filipe-luis-e-sincero-ao-falar-sobre-dorival-junior-vitor-pereira-e-jorge-sampaoli-veja\/"},"author":{"name":"Henrique Machado","@id":"https:\/\/www.gaveanews.com\/#\/schema\/person\/fd07635ec039ec3ba74ad18ec8a6dbd6"},"headline":"Filipe Lu\u00eds \u00e9 sincero ao falar sobre Dorival J\u00fanior, V\u00edtor Pereira e Jorge Sampaoli; veja","datePublished":"2023-12-04T23:50:43+00:00","dateModified":"2023-12-04T23:50:45+00:00","mainEntityOfPage":{"@id":"https:\/\/www.gaveanews.com\/index.php\/2023\/12\/04\/filipe-luis-e-sincero-ao-falar-sobre-dorival-junior-vitor-pereira-e-jorge-sampaoli-veja\/"},"wordCount":220,"commentCount":0,"image":{"@id":"https:\/\/www.gaveanews.com\/index.php\/2023\/12\/04\/filipe-luis-e-sincero-ao-falar-sobre-dorival-junior-vitor-pereira-e-jorge-sampaoli-veja\/#primaryimage"},"thumbnailUrl":"https:\/\/www.gaveanews.com\/wp-content\/uploads\/filipe-luis-coletiva.webp","articleSection":["V\u00eddeos"],"inLanguage":"pt-BR","potentialAction":[{"@type":"CommentAction","name":"Comment","target":["https:\/\/www.gaveanews.com\/index.php\/2023\/12\/04\/filipe-luis-e-sincero-ao-falar-sobre-dorival-junior-vitor-pereira-e-jorge-sampaoli-veja\/#respond"]}],"copyrightYear":"2023","copyrightHolder":{"@id":"https:\/\/www.gaveanews.com\/#organization"}},{"@type":"WebPage","@id":"https:\/\/www.gaveanews.com\/index.php\/2023\/12\/04\/filipe-luis-e-sincero-ao-falar-sobre-dorival-junior-vitor-pereira-e-jorge-sampaoli-veja\/","url":"https:\/\/www.gaveanews.com\/index.php\/2023\/12\/04\/filipe-luis-e-sincero-ao-falar-sobre-dorival-junior-vitor-pereira-e-jorge-sampaoli-veja\/","name":"Filipe Lu\u00eds \u00e9 sincero ao falar sobre Dorival J\u00fanior, V\u00edtor Pereira e Jorge Sampaoli; veja","isPartOf":{"@id":"https:\/\/www.gaveanews.com\/#website"},"primaryImageOfPage":{"@id":"https:\/\/www.gaveanews.com\/index.php\/2023\/12\/04\/filipe-luis-e-sincero-ao-falar-sobre-dorival-junior-vitor-pereira-e-jorge-sampaoli-veja\/#primaryimage"},"image":{"@id":"https:\/\/www.gaveanews.com\/index.php\/2023\/12\/04\/filipe-luis-e-sincero-ao-falar-sobre-dorival-junior-vitor-pereira-e-jorge-sampaoli-veja\/#primaryimage"},"thumbnailUrl":"https:\/\/www.gaveanews.com\/wp-content\/uploads\/filipe-luis-coletiva.webp","datePublished":"2023-12-04T23:50:43+00:00","dateModified":"2023-12-04T23:50:45+00:00","author":{"@id":"https:\/\/www.gaveanews.com\/#\/schema\/person\/fd07635ec039ec3ba74ad18ec8a6dbd6"},"breadcrumb":{"@id":"https:\/\/www.gaveanews.com\/index.php\/2023\/12\/04\/filipe-luis-e-sincero-ao-falar-sobre-dorival-junior-vitor-pereira-e-jorge-sampaoli-veja\/#breadcrumb"},"inLanguage":"pt-BR","potentialAction":[{"@type":"ReadAction","target":["https:\/\/www.gaveanews.com\/index.php\/2023\/12\/04\/filipe-luis-e-sincero-ao-falar-sobre-dorival-junior-vitor-pereira-e-jorge-sampaoli-veja\/"]}]},{"@type":"ImageObject","inLanguage":"pt-BR","@id":"https:\/\/www.gaveanews.com\/index.php\/2023\/12\/04\/filipe-luis-e-sincero-ao-falar-sobre-dorival-junior-vitor-pereira-e-jorge-sampaoli-veja\/#primaryimage","url":"https:\/\/www.gaveanews.com\/wp-content\/uploads\/filipe-luis-coletiva.webp","contentUrl":"https:\/\/www.gaveanews.com\/wp-content\/uploads\/filipe-luis-coletiva.webp","width":984,"height":738,"caption":"Filipe Lu\u00eds em entrevista coletiva do Flamengo (Foto: Fred Gomes)"},{"@type":"BreadcrumbList","@id":"https:\/\/www.gaveanews.com\/index.php\/2023\/12\/04\/filipe-luis-e-sincero-ao-falar-sobre-dorival-junior-vitor-pereira-e-jorge-sampaoli-veja\/#breadcrumb","itemListElement":[{"@type":"ListItem","position":1,"name":"Home","item":"https:\/\/www.gaveanews.com\/"},{"@type":"ListItem","position":2,"name":"Filipe Lu\u00eds \u00e9 sincero ao falar sobre Dorival J\u00fanior, V\u00edtor Pereira e Jorge Sampaoli; veja"}]},{"@type":"WebSite","@id":"https:\/\/www.gaveanews.com\/#website","url":"https:\/\/www.gaveanews.com\/","name":"G\u00e1vea News","description":"Veja todas as not\u00edcias sobre o Flamengo: Contrata\u00e7\u00f5es, categorias de base, resultados das partidas, tabela de classifica\u00e7\u00e3o, pr\u00f3ximos jogos!","potentialAction":[{"@type":"SearchAction","target":{"@type":"EntryPoint","urlTemplate":"https:\/\/www.gaveanews.com\/?s={search_term_string}"},"query-input":{"@type":"PropertyValueSpecification","valueRequired":true,"valueName":"search_term_string"}}],"inLanguage":"pt-BR"},{"@type":"Person","@id":"https:\/\/www.gaveanews.com\/#\/schema\/person\/fd07635ec039ec3ba74ad18ec8a6dbd6","name":"Henrique Machado","image":{"@type":"ImageObject","inLanguage":"pt-BR","@id":"https:\/\/www.gaveanews.com\/#\/schema\/person\/image\/","url":"https:\/\/secure.gravatar.com\/avatar\/b95e35997e01d9800c1b6184bd79d4d898d370a3fce2584f5c77b907d5c7d9e9?s=96&d=mm&r=g","contentUrl":"https:\/\/secure.gravatar.com\/avatar\/b95e35997e01d9800c1b6184bd79d4d898d370a3fce2584f5c77b907d5c7d9e9?s=96&d=mm&r=g","caption":"Henrique Machado"}}]}},"_links":{"self":[{"href":"https:\/\/www.gaveanews.com\/index.php\/wp-json\/wp\/v2\/posts\/114217","targetHints":{"allow":["GET"]}}],"collection":[{"href":"https:\/\/www.gaveanews.com\/index.php\/wp-json\/wp\/v2\/posts"}],"about":[{"href":"https:\/\/www.gaveanews.com\/index.php\/wp-json\/wp\/v2\/types\/post"}],"author":[{"embeddable":true,"href":"https:\/\/www.gaveanews.com\/index.php\/wp-json\/wp\/v2\/users\/15"}],"replies":[{"embeddable":true,"href":"https:\/\/www.gaveanews.com\/index.php\/wp-json\/wp\/v2\/comments?post=114217"}],"version-history":[{"count":0,"href":"https:\/\/www.gaveanews.com\/index.php\/wp-json\/wp\/v2\/posts\/114217\/revisions"}],"wp:featuredmedia":[{"embeddable":true,"href":"https:\/\/www.gaveanews.com\/index.php\/wp-json\/wp\/v2\/media\/114219"}],"wp:attachment":[{"href":"https:\/\/www.gaveanews.com\/index.php\/wp-json\/wp\/v2\/media?parent=114217"}],"wp:term":[{"taxonomy":"category","embeddable":true,"href":"https:\/\/www.gaveanews.com\/index.php\/wp-json\/wp\/v2\/categories?post=114217"},{"taxonomy":"post_tag","embeddable":true,"href":"https:\/\/www.gaveanews.com\/index.php\/wp-json\/wp\/v2\/tags?post=114217"}],"curies":[{"name":"wp","href":"https:\/\/api.w.org\/{rel}","templated":true}]}}