{"id":114358,"date":"2023-12-05T09:37:16","date_gmt":"2023-12-05T12:37:16","guid":{"rendered":"https:\/\/www.gaveanews.com\/?p=114358"},"modified":"2023-12-05T09:37:18","modified_gmt":"2023-12-05T12:37:18","slug":"com-multa-de-670-milhoes-mais-um-jogador-do-flamengo-ira-para-a-europa","status":"publish","type":"post","link":"https:\/\/www.gaveanews.com\/index.php\/2023\/12\/05\/com-multa-de-670-milhoes-mais-um-jogador-do-flamengo-ira-para-a-europa\/","title":{"rendered":"Com multa de 670 milh\u00f5es, mais um jogador do Flamengo ir\u00e1 para a Europa"},"content":{"rendered":"\n<p>O Flamengo est\u00e1 considerando mudan\u00e7as significativas em seu elenco para a temporada de 2024. Entre eles, destaca-se o lateral-direito Wesley, de 20 anos, que despertou interesse de clubes europeus. Segundo informa\u00e7\u00f5es de Diogo Dantas, do jornal \u201cO Globo\u201d, propostas oficiais s\u00e3o esperadas j\u00e1 na pr\u00f3xima semana.<\/p>\n\n\n\n<p>Apesar da multa rescis\u00f3ria de Wesley ser avaliada em cerca de 70 milh\u00f5es de euros (aproximadamente R$ 670 milh\u00f5es), o Flamengo espera ofertas na faixa de 10 a 15 milh\u00f5es de euros. O Barcelona, que inicialmente mostrou interesse no atleta, n\u00e3o prosseguiu com a negocia\u00e7\u00e3o. No entanto, outras equipes europeias, incluindo as geridas por John Textor (dono do Botafogo, Lyon e Crystal Palace), al\u00e9m do Benfica e de times da Premier League, manifestaram interesse pelo jogador ao longo de 2023.<\/p>\n\n\n<div class=\"wp-block-image\">\n<figure class=\"aligncenter size-full\"><img loading=\"lazy\" decoding=\"async\" width=\"900\" height=\"599\" src=\"https:\/\/www.gaveanews.com\/wp-content\/uploads\/wesley-flamengo-vasco.webp\" alt=\"\" class=\"wp-image-100068\" srcset=\"https:\/\/www.gaveanews.com\/wp-content\/uploads\/wesley-flamengo-vasco.webp 900w, https:\/\/www.gaveanews.com\/wp-content\/uploads\/wesley-flamengo-vasco-300x200.webp 300w, https:\/\/www.gaveanews.com\/wp-content\/uploads\/wesley-flamengo-vasco-768x511.webp 768w, https:\/\/www.gaveanews.com\/wp-content\/uploads\/wesley-flamengo-vasco-631x420.webp 631w, https:\/\/www.gaveanews.com\/wp-content\/uploads\/wesley-flamengo-vasco-640x426.webp 640w, https:\/\/www.gaveanews.com\/wp-content\/uploads\/wesley-flamengo-vasco-681x453.webp 681w, https:\/\/www.gaveanews.com\/wp-content\/uploads\/wesley-flamengo-vasco-100x67.webp 100w\" sizes=\"auto, (max-width: 900px) 100vw, 900px\" \/><figcaption class=\"wp-element-caption\">Wesley em a\u00e7\u00e3o pelo Flamengo em cl\u00e1ssico contra o Vasco (Foto: Marcelo Cortes\/Flamengo)<\/figcaption><\/figure>\n<\/div>\n\n\n<p>Wesley se destacou na temporada atual, participando de 55 jogos, sendo titular em 46 deles, e contribuiu com dois gols e uma assist\u00eancia. Sua velocidade e habilidade ofensiva chamaram aten\u00e7\u00e3o, embora ainda apresente oscila\u00e7\u00f5es t\u00edpicas da juventude.<\/p>\n\n\n\n<p>Enquanto isso, o Flamengo j\u00e1 est\u00e1 em busca de um substituto \u00e0 altura, considerando a eventual sa\u00edda de Wesley. Varela, lateral uruguaio que foi a terceira op\u00e7\u00e3o durante a temporada, pode ganhar mais espa\u00e7o no time em 2023.<\/p>\n","protected":false},"excerpt":{"rendered":"<p>O Flamengo est\u00e1 considerando mudan\u00e7as significativas em seu elenco para a temporada de 2024. Entre eles, destaca-se o lateral-direito Wesley, de 20 anos, que despertou interesse de clubes europeus. Segundo informa\u00e7\u00f5es de Diogo Dantas, do jornal \u201cO Globo\u201d, propostas oficiais s\u00e3o esperadas j\u00e1 na pr\u00f3xima semana. Apesar da multa rescis\u00f3ria de Wesley ser avaliada em [&hellip;]<\/p>\n","protected":false},"author":1,"featured_media":109182,"comment_status":"open","ping_status":"closed","sticky":false,"template":"","format":"standard","meta":{"footnotes":""},"categories":[48],"tags":[],"class_list":["post-114358","post","type-post","status-publish","format-standard","has-post-thumbnail","hentry","category-negociacoes"],"yoast_head":"<!-- This site is optimized with the Yoast SEO Premium plugin v24.2 (Yoast SEO v26.9) - https:\/\/yoast.com\/product\/yoast-seo-premium-wordpress\/ -->\n<title>Com multa de 670 milh\u00f5es, mais um jogador do Flamengo ir\u00e1 para a Europa<\/title>\n<meta name=\"robots\" content=\"index, follow, max-snippet:-1, max-image-preview:large, max-video-preview:-1\" \/>\n<link rel=\"canonical\" href=\"https:\/\/www.gaveanews.com\/index.php\/2023\/12\/05\/com-multa-de-670-milhoes-mais-um-jogador-do-flamengo-ira-para-a-europa\/\" \/>\n<meta property=\"og:locale\" content=\"pt_BR\" \/>\n<meta property=\"og:type\" content=\"article\" \/>\n<meta property=\"og:title\" content=\"Com multa de 670 milh\u00f5es, mais um jogador do Flamengo ir\u00e1 para a Europa\" \/>\n<meta property=\"og:description\" content=\"O Flamengo est\u00e1 considerando mudan\u00e7as significativas em seu elenco para a temporada de 2024. Entre eles, destaca-se o lateral-direito Wesley, de 20 anos, que despertou interesse de clubes europeus. Segundo informa\u00e7\u00f5es de Diogo Dantas, do jornal \u201cO Globo\u201d, propostas oficiais s\u00e3o esperadas j\u00e1 na pr\u00f3xima semana. Apesar da multa rescis\u00f3ria de Wesley ser avaliada em [&hellip;]\" \/>\n<meta property=\"og:url\" content=\"https:\/\/www.gaveanews.com\/index.php\/2023\/12\/05\/com-multa-de-670-milhoes-mais-um-jogador-do-flamengo-ira-para-a-europa\/\" \/>\n<meta property=\"og:site_name\" content=\"G\u00e1vea News\" \/>\n<meta property=\"article:publisher\" content=\"https:\/\/facebook.com\/gaveaNews\/\" \/>\n<meta property=\"article:published_time\" content=\"2023-12-05T12:37:16+00:00\" \/>\n<meta property=\"article:modified_time\" content=\"2023-12-05T12:37:18+00:00\" \/>\n<meta property=\"og:image\" content=\"https:\/\/www.gaveanews.com\/wp-content\/uploads\/Marcos-Braz-durante-sua-participacao-no-programa-Selecao-do-SporTV.webp\" \/>\n\t<meta property=\"og:image:width\" content=\"1280\" \/>\n\t<meta property=\"og:image:height\" content=\"720\" \/>\n\t<meta property=\"og:image:type\" content=\"image\/jpeg\" \/>\n<meta name=\"author\" content=\"Equipe G\u00e1vea News\" \/>\n<meta name=\"twitter:card\" content=\"summary_large_image\" \/>\n<meta name=\"twitter:label1\" content=\"Escrito por\" \/>\n\t<meta name=\"twitter:data1\" content=\"Equipe G\u00e1vea News\" \/>\n\t<meta name=\"twitter:label2\" content=\"Est. tempo de leitura\" \/>\n\t<meta name=\"twitter:data2\" content=\"2 minutos\" \/>\n<script type=\"application\/ld+json\" class=\"yoast-schema-graph\">{\"@context\":\"https:\/\/schema.org\",\"@graph\":[{\"@type\":\"NewsArticle\",\"@id\":\"https:\/\/www.gaveanews.com\/index.php\/2023\/12\/05\/com-multa-de-670-milhoes-mais-um-jogador-do-flamengo-ira-para-a-europa\/#article\",\"isPartOf\":{\"@id\":\"https:\/\/www.gaveanews.com\/index.php\/2023\/12\/05\/com-multa-de-670-milhoes-mais-um-jogador-do-flamengo-ira-para-a-europa\/\"},\"author\":{\"name\":\"Equipe G\u00e1vea News\",\"@id\":\"https:\/\/www.gaveanews.com\/#\/schema\/person\/2ec14f73fb96be2caf28f91afb14749d\"},\"headline\":\"Com multa de 670 milh\u00f5es, mais um jogador do Flamengo ir\u00e1 para a Europa\",\"datePublished\":\"2023-12-05T12:37:16+00:00\",\"dateModified\":\"2023-12-05T12:37:18+00:00\",\"mainEntityOfPage\":{\"@id\":\"https:\/\/www.gaveanews.com\/index.php\/2023\/12\/05\/com-multa-de-670-milhoes-mais-um-jogador-do-flamengo-ira-para-a-europa\/\"},\"wordCount\":238,\"commentCount\":0,\"image\":{\"@id\":\"https:\/\/www.gaveanews.com\/index.php\/2023\/12\/05\/com-multa-de-670-milhoes-mais-um-jogador-do-flamengo-ira-para-a-europa\/#primaryimage\"},\"thumbnailUrl\":\"https:\/\/www.gaveanews.com\/wp-content\/uploads\/Marcos-Braz-durante-sua-participacao-no-programa-Selecao-do-SporTV.webp\",\"articleSection\":[\"Negocia\u00e7\u00f5es\"],\"inLanguage\":\"pt-BR\",\"potentialAction\":[{\"@type\":\"CommentAction\",\"name\":\"Comment\",\"target\":[\"https:\/\/www.gaveanews.com\/index.php\/2023\/12\/05\/com-multa-de-670-milhoes-mais-um-jogador-do-flamengo-ira-para-a-europa\/#respond\"]}],\"copyrightYear\":\"2023\",\"copyrightHolder\":{\"@id\":\"https:\/\/www.gaveanews.com\/#organization\"}},{\"@type\":\"WebPage\",\"@id\":\"https:\/\/www.gaveanews.com\/index.php\/2023\/12\/05\/com-multa-de-670-milhoes-mais-um-jogador-do-flamengo-ira-para-a-europa\/\",\"url\":\"https:\/\/www.gaveanews.com\/index.php\/2023\/12\/05\/com-multa-de-670-milhoes-mais-um-jogador-do-flamengo-ira-para-a-europa\/\",\"name\":\"Com multa de 670 milh\u00f5es, mais um jogador do Flamengo ir\u00e1 para a Europa\",\"isPartOf\":{\"@id\":\"https:\/\/www.gaveanews.com\/#website\"},\"primaryImageOfPage\":{\"@id\":\"https:\/\/www.gaveanews.com\/index.php\/2023\/12\/05\/com-multa-de-670-milhoes-mais-um-jogador-do-flamengo-ira-para-a-europa\/#primaryimage\"},\"image\":{\"@id\":\"https:\/\/www.gaveanews.com\/index.php\/2023\/12\/05\/com-multa-de-670-milhoes-mais-um-jogador-do-flamengo-ira-para-a-europa\/#primaryimage\"},\"thumbnailUrl\":\"https:\/\/www.gaveanews.com\/wp-content\/uploads\/Marcos-Braz-durante-sua-participacao-no-programa-Selecao-do-SporTV.webp\",\"datePublished\":\"2023-12-05T12:37:16+00:00\",\"dateModified\":\"2023-12-05T12:37:18+00:00\",\"author\":{\"@id\":\"https:\/\/www.gaveanews.com\/#\/schema\/person\/2ec14f73fb96be2caf28f91afb14749d\"},\"breadcrumb\":{\"@id\":\"https:\/\/www.gaveanews.com\/index.php\/2023\/12\/05\/com-multa-de-670-milhoes-mais-um-jogador-do-flamengo-ira-para-a-europa\/#breadcrumb\"},\"inLanguage\":\"pt-BR\",\"potentialAction\":[{\"@type\":\"ReadAction\",\"target\":[\"https:\/\/www.gaveanews.com\/index.php\/2023\/12\/05\/com-multa-de-670-milhoes-mais-um-jogador-do-flamengo-ira-para-a-europa\/\"]}]},{\"@type\":\"ImageObject\",\"inLanguage\":\"pt-BR\",\"@id\":\"https:\/\/www.gaveanews.com\/index.php\/2023\/12\/05\/com-multa-de-670-milhoes-mais-um-jogador-do-flamengo-ira-para-a-europa\/#primaryimage\",\"url\":\"https:\/\/www.gaveanews.com\/wp-content\/uploads\/Marcos-Braz-durante-sua-participacao-no-programa-Selecao-do-SporTV.webp\",\"contentUrl\":\"https:\/\/www.gaveanews.com\/wp-content\/uploads\/Marcos-Braz-durante-sua-participacao-no-programa-Selecao-do-SporTV.webp\",\"width\":1280,\"height\":720,\"caption\":\"Marcos Braz durante sua participa\u00e7\u00e3o no programa Sele\u00e7\u00e3o do SporTV (Foto: Reprodu\u00e7\u00e3o)\"},{\"@type\":\"BreadcrumbList\",\"@id\":\"https:\/\/www.gaveanews.com\/index.php\/2023\/12\/05\/com-multa-de-670-milhoes-mais-um-jogador-do-flamengo-ira-para-a-europa\/#breadcrumb\",\"itemListElement\":[{\"@type\":\"ListItem\",\"position\":1,\"name\":\"Home\",\"item\":\"https:\/\/www.gaveanews.com\/\"},{\"@type\":\"ListItem\",\"position\":2,\"name\":\"Com multa de 670 milh\u00f5es, mais um jogador do Flamengo ir\u00e1 para a Europa\"}]},{\"@type\":\"WebSite\",\"@id\":\"https:\/\/www.gaveanews.com\/#website\",\"url\":\"https:\/\/www.gaveanews.com\/\",\"name\":\"G\u00e1vea News\",\"description\":\"Veja todas as not\u00edcias sobre o Flamengo: Contrata\u00e7\u00f5es, categorias de base, resultados das partidas, tabela de classifica\u00e7\u00e3o, pr\u00f3ximos jogos!\",\"potentialAction\":[{\"@type\":\"SearchAction\",\"target\":{\"@type\":\"EntryPoint\",\"urlTemplate\":\"https:\/\/www.gaveanews.com\/?s={search_term_string}\"},\"query-input\":{\"@type\":\"PropertyValueSpecification\",\"valueRequired\":true,\"valueName\":\"search_term_string\"}}],\"inLanguage\":\"pt-BR\"},{\"@type\":\"Person\",\"@id\":\"https:\/\/www.gaveanews.com\/#\/schema\/person\/2ec14f73fb96be2caf28f91afb14749d\",\"name\":\"Equipe G\u00e1vea News\",\"image\":{\"@type\":\"ImageObject\",\"inLanguage\":\"pt-BR\",\"@id\":\"https:\/\/www.gaveanews.com\/#\/schema\/person\/image\/\",\"url\":\"https:\/\/secure.gravatar.com\/avatar\/1e1956f1facbffd3f8fa53a326721950116b3b9dc9bd44939c01180fd4a745a9?s=96&d=mm&r=g\",\"contentUrl\":\"https:\/\/secure.gravatar.com\/avatar\/1e1956f1facbffd3f8fa53a326721950116b3b9dc9bd44939c01180fd4a745a9?s=96&d=mm&r=g\",\"caption\":\"Equipe G\u00e1vea News\"}}]}<\/script>\n<!-- \/ Yoast SEO Premium plugin. -->","yoast_head_json":{"title":"Com multa de 670 milh\u00f5es, mais um jogador do Flamengo ir\u00e1 para a Europa","robots":{"index":"index","follow":"follow","max-snippet":"max-snippet:-1","max-image-preview":"max-image-preview:large","max-video-preview":"max-video-preview:-1"},"canonical":"https:\/\/www.gaveanews.com\/index.php\/2023\/12\/05\/com-multa-de-670-milhoes-mais-um-jogador-do-flamengo-ira-para-a-europa\/","og_locale":"pt_BR","og_type":"article","og_title":"Com multa de 670 milh\u00f5es, mais um jogador do Flamengo ir\u00e1 para a Europa","og_description":"O Flamengo est\u00e1 considerando mudan\u00e7as significativas em seu elenco para a temporada de 2024. Entre eles, destaca-se o lateral-direito Wesley, de 20 anos, que despertou interesse de clubes europeus. Segundo informa\u00e7\u00f5es de Diogo Dantas, do jornal \u201cO Globo\u201d, propostas oficiais s\u00e3o esperadas j\u00e1 na pr\u00f3xima semana. Apesar da multa rescis\u00f3ria de Wesley ser avaliada em [&hellip;]","og_url":"https:\/\/www.gaveanews.com\/index.php\/2023\/12\/05\/com-multa-de-670-milhoes-mais-um-jogador-do-flamengo-ira-para-a-europa\/","og_site_name":"G\u00e1vea News","article_publisher":"https:\/\/facebook.com\/gaveaNews\/","article_published_time":"2023-12-05T12:37:16+00:00","article_modified_time":"2023-12-05T12:37:18+00:00","og_image":[{"width":1280,"height":720,"url":"https:\/\/www.gaveanews.com\/wp-content\/uploads\/Marcos-Braz-durante-sua-participacao-no-programa-Selecao-do-SporTV.webp","type":"image\/jpeg"}],"author":"Equipe G\u00e1vea News","twitter_card":"summary_large_image","twitter_misc":{"Escrito por":"Equipe G\u00e1vea News","Est. tempo de leitura":"2 minutos"},"schema":{"@context":"https:\/\/schema.org","@graph":[{"@type":"NewsArticle","@id":"https:\/\/www.gaveanews.com\/index.php\/2023\/12\/05\/com-multa-de-670-milhoes-mais-um-jogador-do-flamengo-ira-para-a-europa\/#article","isPartOf":{"@id":"https:\/\/www.gaveanews.com\/index.php\/2023\/12\/05\/com-multa-de-670-milhoes-mais-um-jogador-do-flamengo-ira-para-a-europa\/"},"author":{"name":"Equipe G\u00e1vea News","@id":"https:\/\/www.gaveanews.com\/#\/schema\/person\/2ec14f73fb96be2caf28f91afb14749d"},"headline":"Com multa de 670 milh\u00f5es, mais um jogador do Flamengo ir\u00e1 para a Europa","datePublished":"2023-12-05T12:37:16+00:00","dateModified":"2023-12-05T12:37:18+00:00","mainEntityOfPage":{"@id":"https:\/\/www.gaveanews.com\/index.php\/2023\/12\/05\/com-multa-de-670-milhoes-mais-um-jogador-do-flamengo-ira-para-a-europa\/"},"wordCount":238,"commentCount":0,"image":{"@id":"https:\/\/www.gaveanews.com\/index.php\/2023\/12\/05\/com-multa-de-670-milhoes-mais-um-jogador-do-flamengo-ira-para-a-europa\/#primaryimage"},"thumbnailUrl":"https:\/\/www.gaveanews.com\/wp-content\/uploads\/Marcos-Braz-durante-sua-participacao-no-programa-Selecao-do-SporTV.webp","articleSection":["Negocia\u00e7\u00f5es"],"inLanguage":"pt-BR","potentialAction":[{"@type":"CommentAction","name":"Comment","target":["https:\/\/www.gaveanews.com\/index.php\/2023\/12\/05\/com-multa-de-670-milhoes-mais-um-jogador-do-flamengo-ira-para-a-europa\/#respond"]}],"copyrightYear":"2023","copyrightHolder":{"@id":"https:\/\/www.gaveanews.com\/#organization"}},{"@type":"WebPage","@id":"https:\/\/www.gaveanews.com\/index.php\/2023\/12\/05\/com-multa-de-670-milhoes-mais-um-jogador-do-flamengo-ira-para-a-europa\/","url":"https:\/\/www.gaveanews.com\/index.php\/2023\/12\/05\/com-multa-de-670-milhoes-mais-um-jogador-do-flamengo-ira-para-a-europa\/","name":"Com multa de 670 milh\u00f5es, mais um jogador do Flamengo ir\u00e1 para a Europa","isPartOf":{"@id":"https:\/\/www.gaveanews.com\/#website"},"primaryImageOfPage":{"@id":"https:\/\/www.gaveanews.com\/index.php\/2023\/12\/05\/com-multa-de-670-milhoes-mais-um-jogador-do-flamengo-ira-para-a-europa\/#primaryimage"},"image":{"@id":"https:\/\/www.gaveanews.com\/index.php\/2023\/12\/05\/com-multa-de-670-milhoes-mais-um-jogador-do-flamengo-ira-para-a-europa\/#primaryimage"},"thumbnailUrl":"https:\/\/www.gaveanews.com\/wp-content\/uploads\/Marcos-Braz-durante-sua-participacao-no-programa-Selecao-do-SporTV.webp","datePublished":"2023-12-05T12:37:16+00:00","dateModified":"2023-12-05T12:37:18+00:00","author":{"@id":"https:\/\/www.gaveanews.com\/#\/schema\/person\/2ec14f73fb96be2caf28f91afb14749d"},"breadcrumb":{"@id":"https:\/\/www.gaveanews.com\/index.php\/2023\/12\/05\/com-multa-de-670-milhoes-mais-um-jogador-do-flamengo-ira-para-a-europa\/#breadcrumb"},"inLanguage":"pt-BR","potentialAction":[{"@type":"ReadAction","target":["https:\/\/www.gaveanews.com\/index.php\/2023\/12\/05\/com-multa-de-670-milhoes-mais-um-jogador-do-flamengo-ira-para-a-europa\/"]}]},{"@type":"ImageObject","inLanguage":"pt-BR","@id":"https:\/\/www.gaveanews.com\/index.php\/2023\/12\/05\/com-multa-de-670-milhoes-mais-um-jogador-do-flamengo-ira-para-a-europa\/#primaryimage","url":"https:\/\/www.gaveanews.com\/wp-content\/uploads\/Marcos-Braz-durante-sua-participacao-no-programa-Selecao-do-SporTV.webp","contentUrl":"https:\/\/www.gaveanews.com\/wp-content\/uploads\/Marcos-Braz-durante-sua-participacao-no-programa-Selecao-do-SporTV.webp","width":1280,"height":720,"caption":"Marcos Braz durante sua participa\u00e7\u00e3o no programa Sele\u00e7\u00e3o do SporTV (Foto: Reprodu\u00e7\u00e3o)"},{"@type":"BreadcrumbList","@id":"https:\/\/www.gaveanews.com\/index.php\/2023\/12\/05\/com-multa-de-670-milhoes-mais-um-jogador-do-flamengo-ira-para-a-europa\/#breadcrumb","itemListElement":[{"@type":"ListItem","position":1,"name":"Home","item":"https:\/\/www.gaveanews.com\/"},{"@type":"ListItem","position":2,"name":"Com multa de 670 milh\u00f5es, mais um jogador do Flamengo ir\u00e1 para a Europa"}]},{"@type":"WebSite","@id":"https:\/\/www.gaveanews.com\/#website","url":"https:\/\/www.gaveanews.com\/","name":"G\u00e1vea News","description":"Veja todas as not\u00edcias sobre o Flamengo: Contrata\u00e7\u00f5es, categorias de base, resultados das partidas, tabela de classifica\u00e7\u00e3o, pr\u00f3ximos jogos!","potentialAction":[{"@type":"SearchAction","target":{"@type":"EntryPoint","urlTemplate":"https:\/\/www.gaveanews.com\/?s={search_term_string}"},"query-input":{"@type":"PropertyValueSpecification","valueRequired":true,"valueName":"search_term_string"}}],"inLanguage":"pt-BR"},{"@type":"Person","@id":"https:\/\/www.gaveanews.com\/#\/schema\/person\/2ec14f73fb96be2caf28f91afb14749d","name":"Equipe G\u00e1vea News","image":{"@type":"ImageObject","inLanguage":"pt-BR","@id":"https:\/\/www.gaveanews.com\/#\/schema\/person\/image\/","url":"https:\/\/secure.gravatar.com\/avatar\/1e1956f1facbffd3f8fa53a326721950116b3b9dc9bd44939c01180fd4a745a9?s=96&d=mm&r=g","contentUrl":"https:\/\/secure.gravatar.com\/avatar\/1e1956f1facbffd3f8fa53a326721950116b3b9dc9bd44939c01180fd4a745a9?s=96&d=mm&r=g","caption":"Equipe G\u00e1vea News"}}]}},"_links":{"self":[{"href":"https:\/\/www.gaveanews.com\/index.php\/wp-json\/wp\/v2\/posts\/114358","targetHints":{"allow":["GET"]}}],"collection":[{"href":"https:\/\/www.gaveanews.com\/index.php\/wp-json\/wp\/v2\/posts"}],"about":[{"href":"https:\/\/www.gaveanews.com\/index.php\/wp-json\/wp\/v2\/types\/post"}],"author":[{"embeddable":true,"href":"https:\/\/www.gaveanews.com\/index.php\/wp-json\/wp\/v2\/users\/1"}],"replies":[{"embeddable":true,"href":"https:\/\/www.gaveanews.com\/index.php\/wp-json\/wp\/v2\/comments?post=114358"}],"version-history":[{"count":0,"href":"https:\/\/www.gaveanews.com\/index.php\/wp-json\/wp\/v2\/posts\/114358\/revisions"}],"wp:featuredmedia":[{"embeddable":true,"href":"https:\/\/www.gaveanews.com\/index.php\/wp-json\/wp\/v2\/media\/109182"}],"wp:attachment":[{"href":"https:\/\/www.gaveanews.com\/index.php\/wp-json\/wp\/v2\/media?parent=114358"}],"wp:term":[{"taxonomy":"category","embeddable":true,"href":"https:\/\/www.gaveanews.com\/index.php\/wp-json\/wp\/v2\/categories?post=114358"},{"taxonomy":"post_tag","embeddable":true,"href":"https:\/\/www.gaveanews.com\/index.php\/wp-json\/wp\/v2\/tags?post=114358"}],"curies":[{"name":"wp","href":"https:\/\/api.w.org\/{rel}","templated":true}]}}