{"id":114379,"date":"2023-12-05T12:16:51","date_gmt":"2023-12-05T15:16:51","guid":{"rendered":"https:\/\/www.gaveanews.com\/?p=114379"},"modified":"2024-04-06T23:06:17","modified_gmt":"2024-04-07T02:06:17","slug":"presidente-eleito-do-corinthians-assume-interesse-em-jogador-do-flamengo-e-atravessar-negociacao-de-outro","status":"publish","type":"post","link":"https:\/\/www.gaveanews.com\/index.php\/2023\/12\/05\/presidente-eleito-do-corinthians-assume-interesse-em-jogador-do-flamengo-e-atravessar-negociacao-de-outro\/","title":{"rendered":"Presidente eleito do Corinthians assume interesse em jogador do Flamengo e atravessar negocia\u00e7\u00e3o de outro"},"content":{"rendered":"<p><span data-contrast=\"none\">Por: Kayo Silva<\/span><\/p>\n<p>O interesse do Corinthians na contrata\u00e7\u00e3o de Gabigol n\u00e3o \u00e9 segredo, e tanto Andr\u00e9 Neg\u00e3o quanto Augusto Melo mostraram-se interessados no atacante. Com a elei\u00e7\u00e3o de Augusto Melo como novo presidente do time paulista, assumindo o cargo apenas em janeiro, as especula\u00e7\u00f5es aumentaram.<\/p>\n<p>Em uma entrevista \u00e0 R\u00e1dio Bandeirantes, Augusto Melo falou sobre a possibilidade de contratar o atacante do Flamengo. Ele revelou que, embora admire Gabigol, o clube tem outros jogadores em vista e n\u00e3o planeja investir na sua contrata\u00e7\u00e3o.<\/p>\n<p>Apesar disso, Melo destacou Gabigol como um jogador com perfil adequado para o Corinthians, elogiando seu talento e capacidade de marcar gols. Contudo, reconheceu que os altos custos envolvidos na contrata\u00e7\u00e3o tornam a negocia\u00e7\u00e3o improv\u00e1vel.<\/p>\n<p><em>&#8220;Existem v\u00e1rios jogadores que se encaixam no perfil do Corinthians. Admiro muitos que se ajustariam bem ao nosso time. Gabigol, por exemplo, \u00e9 um lutador e excelente goleador. S\u00f3 estou citando um exemplo, pois ele tem contrato e seu sal\u00e1rio \u00e9 elevado, mas \u00e9 um jogador que aprecio. Soteldo e Marcos Leonardo tamb\u00e9m s\u00e3o excelentes op\u00e7\u00f5es&#8221;<\/em>, explicou Augusto Melo.<\/p>\n<p>O jornalista Mauro Cezar Pereira j\u00e1 havia comentado sobre as baixas chances de Gabigol se transferir para o Corinthians. Ele apontou os altos valores e a forte liga\u00e7\u00e3o de Gabigol com o Flamengo como barreiras significativas para uma poss\u00edvel transfer\u00eancia.<\/p>\n<p><em>&#8220;\u00c9 preocupante quando n\u00e3o se d\u00e1 o devido valor \u00e0 profiss\u00e3o. Ao falar de um jogador contratado, deve-se primeiramente considerar o custo para tir\u00e1-lo do clube atual. Para contratar Gabigol, seria necess\u00e1rio um acordo at\u00e9 2025, quando termina seu contrato com o Flamengo, em dezembro de 2024. A cl\u00e1usula de rescis\u00e3o \u00e9 de 100 milh\u00f5es de euros, mais de R$ 500 milh\u00f5es&#8221;<\/em>, explicou Mauro no programa Bate Pronto, da Jovem Pan.<\/p>\n<p><a href=\"https:\/\/www.gaveanews.com\/index.php\/2023\/12\/05\/flamengo-define-dois-nomes-para-substituir-rodrigo-caio\/\">Flamengo define dois nomes para substituir Rodrigo Caio<\/a><\/p>\n","protected":false},"excerpt":{"rendered":"<p>Por: Kayo Silva O interesse do Corinthians na contrata\u00e7\u00e3o de Gabigol n\u00e3o \u00e9 segredo, e tanto Andr\u00e9 Neg\u00e3o quanto Augusto Melo mostraram-se interessados no atacante. Com a elei\u00e7\u00e3o de Augusto Melo como novo presidente do time paulista, assumindo o cargo apenas em janeiro, as especula\u00e7\u00f5es aumentaram. Em uma entrevista \u00e0 R\u00e1dio Bandeirantes, Augusto Melo falou [&hellip;]<\/p>\n","protected":false},"author":10,"featured_media":97942,"comment_status":"open","ping_status":"closed","sticky":false,"template":"","format":"standard","meta":{"footnotes":""},"categories":[1],"tags":[170],"class_list":["post-114379","post","type-post","status-publish","format-standard","has-post-thumbnail","hentry","category-flamengo","tag-mauro-cezar-pereira"],"yoast_head":"<!-- This site is optimized with the Yoast SEO Premium plugin v24.2 (Yoast SEO v26.9) - https:\/\/yoast.com\/product\/yoast-seo-premium-wordpress\/ -->\n<title>Presidente eleito do Corinthians assume interesse em jogador do Flamengo e atravessar negocia\u00e7\u00e3o de outro<\/title>\n<meta name=\"description\" content=\"Em uma entrevista \u00e0 R\u00e1dio Bandeirantes, Augusto Melo falou sobre a possibilidade de contratar o atacante do Flamengo.\" \/>\n<meta name=\"robots\" content=\"index, follow, max-snippet:-1, max-image-preview:large, max-video-preview:-1\" \/>\n<link rel=\"canonical\" href=\"https:\/\/www.gaveanews.com\/index.php\/2023\/12\/05\/presidente-eleito-do-corinthians-assume-interesse-em-jogador-do-flamengo-e-atravessar-negociacao-de-outro\/\" \/>\n<meta property=\"og:locale\" content=\"pt_BR\" \/>\n<meta property=\"og:type\" content=\"article\" \/>\n<meta property=\"og:title\" content=\"Presidente eleito do Corinthians assume interesse em jogador do Flamengo e atravessar negocia\u00e7\u00e3o de outro\" \/>\n<meta property=\"og:description\" content=\"Em uma entrevista \u00e0 R\u00e1dio Bandeirantes, Augusto Melo falou sobre a possibilidade de contratar o atacante do Flamengo.\" \/>\n<meta property=\"og:url\" content=\"https:\/\/www.gaveanews.com\/index.php\/2023\/12\/05\/presidente-eleito-do-corinthians-assume-interesse-em-jogador-do-flamengo-e-atravessar-negociacao-de-outro\/\" \/>\n<meta property=\"og:site_name\" content=\"G\u00e1vea News\" \/>\n<meta property=\"article:publisher\" content=\"https:\/\/facebook.com\/gaveaNews\/\" \/>\n<meta property=\"article:published_time\" content=\"2023-12-05T15:16:51+00:00\" \/>\n<meta property=\"article:modified_time\" content=\"2024-04-07T02:06:17+00:00\" \/>\n<meta property=\"og:image\" content=\"https:\/\/www.gaveanews.com\/wp-content\/uploads\/gabigol-pedro-everton-cebolinha-ayrton-lucas-flamengo-maringa-copa-do-brasil.webp\" \/>\n\t<meta property=\"og:image:width\" content=\"900\" \/>\n\t<meta property=\"og:image:height\" content=\"599\" \/>\n\t<meta property=\"og:image:type\" content=\"image\/jpeg\" \/>\n<meta name=\"author\" content=\"Kayo Silva\" \/>\n<meta name=\"twitter:card\" content=\"summary_large_image\" \/>\n<meta name=\"twitter:label1\" content=\"Escrito por\" \/>\n\t<meta name=\"twitter:data1\" content=\"Kayo Silva\" \/>\n\t<meta name=\"twitter:label2\" content=\"Est. tempo de leitura\" \/>\n\t<meta name=\"twitter:data2\" content=\"2 minutos\" \/>\n<script type=\"application\/ld+json\" class=\"yoast-schema-graph\">{\"@context\":\"https:\/\/schema.org\",\"@graph\":[{\"@type\":\"NewsArticle\",\"@id\":\"https:\/\/www.gaveanews.com\/index.php\/2023\/12\/05\/presidente-eleito-do-corinthians-assume-interesse-em-jogador-do-flamengo-e-atravessar-negociacao-de-outro\/#article\",\"isPartOf\":{\"@id\":\"https:\/\/www.gaveanews.com\/index.php\/2023\/12\/05\/presidente-eleito-do-corinthians-assume-interesse-em-jogador-do-flamengo-e-atravessar-negociacao-de-outro\/\"},\"author\":{\"name\":\"Kayo Silva\",\"@id\":\"https:\/\/www.gaveanews.com\/#\/schema\/person\/51b3ba6a493cf9e7af9ce2c6d0d4ff1c\"},\"headline\":\"Presidente eleito do Corinthians assume interesse em jogador do Flamengo e atravessar negocia\u00e7\u00e3o de outro\",\"datePublished\":\"2023-12-05T15:16:51+00:00\",\"dateModified\":\"2024-04-07T02:06:17+00:00\",\"mainEntityOfPage\":{\"@id\":\"https:\/\/www.gaveanews.com\/index.php\/2023\/12\/05\/presidente-eleito-do-corinthians-assume-interesse-em-jogador-do-flamengo-e-atravessar-negociacao-de-outro\/\"},\"wordCount\":328,\"commentCount\":0,\"image\":{\"@id\":\"https:\/\/www.gaveanews.com\/index.php\/2023\/12\/05\/presidente-eleito-do-corinthians-assume-interesse-em-jogador-do-flamengo-e-atravessar-negociacao-de-outro\/#primaryimage\"},\"thumbnailUrl\":\"https:\/\/www.gaveanews.com\/wp-content\/uploads\/gabigol-pedro-everton-cebolinha-ayrton-lucas-flamengo-maringa-copa-do-brasil.webp\",\"keywords\":[\"Mauro Cezar Pereira\"],\"articleSection\":[\"Flamengo\"],\"inLanguage\":\"pt-BR\",\"potentialAction\":[{\"@type\":\"CommentAction\",\"name\":\"Comment\",\"target\":[\"https:\/\/www.gaveanews.com\/index.php\/2023\/12\/05\/presidente-eleito-do-corinthians-assume-interesse-em-jogador-do-flamengo-e-atravessar-negociacao-de-outro\/#respond\"]}],\"copyrightYear\":\"2023\",\"copyrightHolder\":{\"@id\":\"https:\/\/www.gaveanews.com\/#organization\"}},{\"@type\":\"WebPage\",\"@id\":\"https:\/\/www.gaveanews.com\/index.php\/2023\/12\/05\/presidente-eleito-do-corinthians-assume-interesse-em-jogador-do-flamengo-e-atravessar-negociacao-de-outro\/\",\"url\":\"https:\/\/www.gaveanews.com\/index.php\/2023\/12\/05\/presidente-eleito-do-corinthians-assume-interesse-em-jogador-do-flamengo-e-atravessar-negociacao-de-outro\/\",\"name\":\"Presidente eleito do Corinthians assume interesse em jogador do Flamengo e atravessar negocia\u00e7\u00e3o de outro\",\"isPartOf\":{\"@id\":\"https:\/\/www.gaveanews.com\/#website\"},\"primaryImageOfPage\":{\"@id\":\"https:\/\/www.gaveanews.com\/index.php\/2023\/12\/05\/presidente-eleito-do-corinthians-assume-interesse-em-jogador-do-flamengo-e-atravessar-negociacao-de-outro\/#primaryimage\"},\"image\":{\"@id\":\"https:\/\/www.gaveanews.com\/index.php\/2023\/12\/05\/presidente-eleito-do-corinthians-assume-interesse-em-jogador-do-flamengo-e-atravessar-negociacao-de-outro\/#primaryimage\"},\"thumbnailUrl\":\"https:\/\/www.gaveanews.com\/wp-content\/uploads\/gabigol-pedro-everton-cebolinha-ayrton-lucas-flamengo-maringa-copa-do-brasil.webp\",\"datePublished\":\"2023-12-05T15:16:51+00:00\",\"dateModified\":\"2024-04-07T02:06:17+00:00\",\"author\":{\"@id\":\"https:\/\/www.gaveanews.com\/#\/schema\/person\/51b3ba6a493cf9e7af9ce2c6d0d4ff1c\"},\"description\":\"Em uma entrevista \u00e0 R\u00e1dio Bandeirantes, Augusto Melo falou sobre a possibilidade de contratar o atacante do Flamengo.\",\"breadcrumb\":{\"@id\":\"https:\/\/www.gaveanews.com\/index.php\/2023\/12\/05\/presidente-eleito-do-corinthians-assume-interesse-em-jogador-do-flamengo-e-atravessar-negociacao-de-outro\/#breadcrumb\"},\"inLanguage\":\"pt-BR\",\"potentialAction\":[{\"@type\":\"ReadAction\",\"target\":[\"https:\/\/www.gaveanews.com\/index.php\/2023\/12\/05\/presidente-eleito-do-corinthians-assume-interesse-em-jogador-do-flamengo-e-atravessar-negociacao-de-outro\/\"]}]},{\"@type\":\"ImageObject\",\"inLanguage\":\"pt-BR\",\"@id\":\"https:\/\/www.gaveanews.com\/index.php\/2023\/12\/05\/presidente-eleito-do-corinthians-assume-interesse-em-jogador-do-flamengo-e-atravessar-negociacao-de-outro\/#primaryimage\",\"url\":\"https:\/\/www.gaveanews.com\/wp-content\/uploads\/gabigol-pedro-everton-cebolinha-ayrton-lucas-flamengo-maringa-copa-do-brasil.webp\",\"contentUrl\":\"https:\/\/www.gaveanews.com\/wp-content\/uploads\/gabigol-pedro-everton-cebolinha-ayrton-lucas-flamengo-maringa-copa-do-brasil.webp\",\"width\":900,\"height\":599,\"caption\":\"Jogadores do Flamengo comemoram gol marcado contra o Maring\u00e1 pela Copa do Brasil (Foto: Marcelo Cortes\/Flamengo)\"},{\"@type\":\"BreadcrumbList\",\"@id\":\"https:\/\/www.gaveanews.com\/index.php\/2023\/12\/05\/presidente-eleito-do-corinthians-assume-interesse-em-jogador-do-flamengo-e-atravessar-negociacao-de-outro\/#breadcrumb\",\"itemListElement\":[{\"@type\":\"ListItem\",\"position\":1,\"name\":\"Home\",\"item\":\"https:\/\/www.gaveanews.com\/\"},{\"@type\":\"ListItem\",\"position\":2,\"name\":\"Presidente eleito do Corinthians assume interesse em jogador do Flamengo e atravessar negocia\u00e7\u00e3o de outro\"}]},{\"@type\":\"WebSite\",\"@id\":\"https:\/\/www.gaveanews.com\/#website\",\"url\":\"https:\/\/www.gaveanews.com\/\",\"name\":\"G\u00e1vea News\",\"description\":\"Veja todas as not\u00edcias sobre o Flamengo: Contrata\u00e7\u00f5es, categorias de base, resultados das partidas, tabela de classifica\u00e7\u00e3o, pr\u00f3ximos jogos!\",\"potentialAction\":[{\"@type\":\"SearchAction\",\"target\":{\"@type\":\"EntryPoint\",\"urlTemplate\":\"https:\/\/www.gaveanews.com\/?s={search_term_string}\"},\"query-input\":{\"@type\":\"PropertyValueSpecification\",\"valueRequired\":true,\"valueName\":\"search_term_string\"}}],\"inLanguage\":\"pt-BR\"},{\"@type\":\"Person\",\"@id\":\"https:\/\/www.gaveanews.com\/#\/schema\/person\/51b3ba6a493cf9e7af9ce2c6d0d4ff1c\",\"name\":\"Kayo Silva\",\"image\":{\"@type\":\"ImageObject\",\"inLanguage\":\"pt-BR\",\"@id\":\"https:\/\/www.gaveanews.com\/#\/schema\/person\/image\/\",\"url\":\"https:\/\/secure.gravatar.com\/avatar\/af6d65cafc646a65c39c5fcb2a1ef51b863a81461770cfff553ec2fdd931c68c?s=96&d=mm&r=g\",\"contentUrl\":\"https:\/\/secure.gravatar.com\/avatar\/af6d65cafc646a65c39c5fcb2a1ef51b863a81461770cfff553ec2fdd931c68c?s=96&d=mm&r=g\",\"caption\":\"Kayo Silva\"}}]}<\/script>\n<!-- \/ Yoast SEO Premium plugin. -->","yoast_head_json":{"title":"Presidente eleito do Corinthians assume interesse em jogador do Flamengo e atravessar negocia\u00e7\u00e3o de outro","description":"Em uma entrevista \u00e0 R\u00e1dio Bandeirantes, Augusto Melo falou sobre a possibilidade de contratar o atacante do Flamengo.","robots":{"index":"index","follow":"follow","max-snippet":"max-snippet:-1","max-image-preview":"max-image-preview:large","max-video-preview":"max-video-preview:-1"},"canonical":"https:\/\/www.gaveanews.com\/index.php\/2023\/12\/05\/presidente-eleito-do-corinthians-assume-interesse-em-jogador-do-flamengo-e-atravessar-negociacao-de-outro\/","og_locale":"pt_BR","og_type":"article","og_title":"Presidente eleito do Corinthians assume interesse em jogador do Flamengo e atravessar negocia\u00e7\u00e3o de outro","og_description":"Em uma entrevista \u00e0 R\u00e1dio Bandeirantes, Augusto Melo falou sobre a possibilidade de contratar o atacante do Flamengo.","og_url":"https:\/\/www.gaveanews.com\/index.php\/2023\/12\/05\/presidente-eleito-do-corinthians-assume-interesse-em-jogador-do-flamengo-e-atravessar-negociacao-de-outro\/","og_site_name":"G\u00e1vea News","article_publisher":"https:\/\/facebook.com\/gaveaNews\/","article_published_time":"2023-12-05T15:16:51+00:00","article_modified_time":"2024-04-07T02:06:17+00:00","og_image":[{"width":900,"height":599,"url":"https:\/\/www.gaveanews.com\/wp-content\/uploads\/gabigol-pedro-everton-cebolinha-ayrton-lucas-flamengo-maringa-copa-do-brasil.webp","type":"image\/jpeg"}],"author":"Kayo Silva","twitter_card":"summary_large_image","twitter_misc":{"Escrito por":"Kayo Silva","Est. tempo de leitura":"2 minutos"},"schema":{"@context":"https:\/\/schema.org","@graph":[{"@type":"NewsArticle","@id":"https:\/\/www.gaveanews.com\/index.php\/2023\/12\/05\/presidente-eleito-do-corinthians-assume-interesse-em-jogador-do-flamengo-e-atravessar-negociacao-de-outro\/#article","isPartOf":{"@id":"https:\/\/www.gaveanews.com\/index.php\/2023\/12\/05\/presidente-eleito-do-corinthians-assume-interesse-em-jogador-do-flamengo-e-atravessar-negociacao-de-outro\/"},"author":{"name":"Kayo Silva","@id":"https:\/\/www.gaveanews.com\/#\/schema\/person\/51b3ba6a493cf9e7af9ce2c6d0d4ff1c"},"headline":"Presidente eleito do Corinthians assume interesse em jogador do Flamengo e atravessar negocia\u00e7\u00e3o de outro","datePublished":"2023-12-05T15:16:51+00:00","dateModified":"2024-04-07T02:06:17+00:00","mainEntityOfPage":{"@id":"https:\/\/www.gaveanews.com\/index.php\/2023\/12\/05\/presidente-eleito-do-corinthians-assume-interesse-em-jogador-do-flamengo-e-atravessar-negociacao-de-outro\/"},"wordCount":328,"commentCount":0,"image":{"@id":"https:\/\/www.gaveanews.com\/index.php\/2023\/12\/05\/presidente-eleito-do-corinthians-assume-interesse-em-jogador-do-flamengo-e-atravessar-negociacao-de-outro\/#primaryimage"},"thumbnailUrl":"https:\/\/www.gaveanews.com\/wp-content\/uploads\/gabigol-pedro-everton-cebolinha-ayrton-lucas-flamengo-maringa-copa-do-brasil.webp","keywords":["Mauro Cezar Pereira"],"articleSection":["Flamengo"],"inLanguage":"pt-BR","potentialAction":[{"@type":"CommentAction","name":"Comment","target":["https:\/\/www.gaveanews.com\/index.php\/2023\/12\/05\/presidente-eleito-do-corinthians-assume-interesse-em-jogador-do-flamengo-e-atravessar-negociacao-de-outro\/#respond"]}],"copyrightYear":"2023","copyrightHolder":{"@id":"https:\/\/www.gaveanews.com\/#organization"}},{"@type":"WebPage","@id":"https:\/\/www.gaveanews.com\/index.php\/2023\/12\/05\/presidente-eleito-do-corinthians-assume-interesse-em-jogador-do-flamengo-e-atravessar-negociacao-de-outro\/","url":"https:\/\/www.gaveanews.com\/index.php\/2023\/12\/05\/presidente-eleito-do-corinthians-assume-interesse-em-jogador-do-flamengo-e-atravessar-negociacao-de-outro\/","name":"Presidente eleito do Corinthians assume interesse em jogador do Flamengo e atravessar negocia\u00e7\u00e3o de outro","isPartOf":{"@id":"https:\/\/www.gaveanews.com\/#website"},"primaryImageOfPage":{"@id":"https:\/\/www.gaveanews.com\/index.php\/2023\/12\/05\/presidente-eleito-do-corinthians-assume-interesse-em-jogador-do-flamengo-e-atravessar-negociacao-de-outro\/#primaryimage"},"image":{"@id":"https:\/\/www.gaveanews.com\/index.php\/2023\/12\/05\/presidente-eleito-do-corinthians-assume-interesse-em-jogador-do-flamengo-e-atravessar-negociacao-de-outro\/#primaryimage"},"thumbnailUrl":"https:\/\/www.gaveanews.com\/wp-content\/uploads\/gabigol-pedro-everton-cebolinha-ayrton-lucas-flamengo-maringa-copa-do-brasil.webp","datePublished":"2023-12-05T15:16:51+00:00","dateModified":"2024-04-07T02:06:17+00:00","author":{"@id":"https:\/\/www.gaveanews.com\/#\/schema\/person\/51b3ba6a493cf9e7af9ce2c6d0d4ff1c"},"description":"Em uma entrevista \u00e0 R\u00e1dio Bandeirantes, Augusto Melo falou sobre a possibilidade de contratar o atacante do Flamengo.","breadcrumb":{"@id":"https:\/\/www.gaveanews.com\/index.php\/2023\/12\/05\/presidente-eleito-do-corinthians-assume-interesse-em-jogador-do-flamengo-e-atravessar-negociacao-de-outro\/#breadcrumb"},"inLanguage":"pt-BR","potentialAction":[{"@type":"ReadAction","target":["https:\/\/www.gaveanews.com\/index.php\/2023\/12\/05\/presidente-eleito-do-corinthians-assume-interesse-em-jogador-do-flamengo-e-atravessar-negociacao-de-outro\/"]}]},{"@type":"ImageObject","inLanguage":"pt-BR","@id":"https:\/\/www.gaveanews.com\/index.php\/2023\/12\/05\/presidente-eleito-do-corinthians-assume-interesse-em-jogador-do-flamengo-e-atravessar-negociacao-de-outro\/#primaryimage","url":"https:\/\/www.gaveanews.com\/wp-content\/uploads\/gabigol-pedro-everton-cebolinha-ayrton-lucas-flamengo-maringa-copa-do-brasil.webp","contentUrl":"https:\/\/www.gaveanews.com\/wp-content\/uploads\/gabigol-pedro-everton-cebolinha-ayrton-lucas-flamengo-maringa-copa-do-brasil.webp","width":900,"height":599,"caption":"Jogadores do Flamengo comemoram gol marcado contra o Maring\u00e1 pela Copa do Brasil (Foto: Marcelo Cortes\/Flamengo)"},{"@type":"BreadcrumbList","@id":"https:\/\/www.gaveanews.com\/index.php\/2023\/12\/05\/presidente-eleito-do-corinthians-assume-interesse-em-jogador-do-flamengo-e-atravessar-negociacao-de-outro\/#breadcrumb","itemListElement":[{"@type":"ListItem","position":1,"name":"Home","item":"https:\/\/www.gaveanews.com\/"},{"@type":"ListItem","position":2,"name":"Presidente eleito do Corinthians assume interesse em jogador do Flamengo e atravessar negocia\u00e7\u00e3o de outro"}]},{"@type":"WebSite","@id":"https:\/\/www.gaveanews.com\/#website","url":"https:\/\/www.gaveanews.com\/","name":"G\u00e1vea News","description":"Veja todas as not\u00edcias sobre o Flamengo: Contrata\u00e7\u00f5es, categorias de base, resultados das partidas, tabela de classifica\u00e7\u00e3o, pr\u00f3ximos jogos!","potentialAction":[{"@type":"SearchAction","target":{"@type":"EntryPoint","urlTemplate":"https:\/\/www.gaveanews.com\/?s={search_term_string}"},"query-input":{"@type":"PropertyValueSpecification","valueRequired":true,"valueName":"search_term_string"}}],"inLanguage":"pt-BR"},{"@type":"Person","@id":"https:\/\/www.gaveanews.com\/#\/schema\/person\/51b3ba6a493cf9e7af9ce2c6d0d4ff1c","name":"Kayo Silva","image":{"@type":"ImageObject","inLanguage":"pt-BR","@id":"https:\/\/www.gaveanews.com\/#\/schema\/person\/image\/","url":"https:\/\/secure.gravatar.com\/avatar\/af6d65cafc646a65c39c5fcb2a1ef51b863a81461770cfff553ec2fdd931c68c?s=96&d=mm&r=g","contentUrl":"https:\/\/secure.gravatar.com\/avatar\/af6d65cafc646a65c39c5fcb2a1ef51b863a81461770cfff553ec2fdd931c68c?s=96&d=mm&r=g","caption":"Kayo Silva"}}]}},"_links":{"self":[{"href":"https:\/\/www.gaveanews.com\/index.php\/wp-json\/wp\/v2\/posts\/114379","targetHints":{"allow":["GET"]}}],"collection":[{"href":"https:\/\/www.gaveanews.com\/index.php\/wp-json\/wp\/v2\/posts"}],"about":[{"href":"https:\/\/www.gaveanews.com\/index.php\/wp-json\/wp\/v2\/types\/post"}],"author":[{"embeddable":true,"href":"https:\/\/www.gaveanews.com\/index.php\/wp-json\/wp\/v2\/users\/10"}],"replies":[{"embeddable":true,"href":"https:\/\/www.gaveanews.com\/index.php\/wp-json\/wp\/v2\/comments?post=114379"}],"version-history":[{"count":1,"href":"https:\/\/www.gaveanews.com\/index.php\/wp-json\/wp\/v2\/posts\/114379\/revisions"}],"predecessor-version":[{"id":134694,"href":"https:\/\/www.gaveanews.com\/index.php\/wp-json\/wp\/v2\/posts\/114379\/revisions\/134694"}],"wp:featuredmedia":[{"embeddable":true,"href":"https:\/\/www.gaveanews.com\/index.php\/wp-json\/wp\/v2\/media\/97942"}],"wp:attachment":[{"href":"https:\/\/www.gaveanews.com\/index.php\/wp-json\/wp\/v2\/media?parent=114379"}],"wp:term":[{"taxonomy":"category","embeddable":true,"href":"https:\/\/www.gaveanews.com\/index.php\/wp-json\/wp\/v2\/categories?post=114379"},{"taxonomy":"post_tag","embeddable":true,"href":"https:\/\/www.gaveanews.com\/index.php\/wp-json\/wp\/v2\/tags?post=114379"}],"curies":[{"name":"wp","href":"https:\/\/api.w.org\/{rel}","templated":true}]}}