{"id":114430,"date":"2023-12-05T12:58:15","date_gmt":"2023-12-05T15:58:15","guid":{"rendered":"https:\/\/www.gaveanews.com\/?p=114430"},"modified":"2023-12-05T12:58:17","modified_gmt":"2023-12-05T15:58:17","slug":"tem-vaga-jogador-afastado-no-benfica-e-oferecido-ao-flamengo","status":"publish","type":"post","link":"https:\/\/www.gaveanews.com\/index.php\/2023\/12\/05\/tem-vaga-jogador-afastado-no-benfica-e-oferecido-ao-flamengo\/","title":{"rendered":"Tem vaga? Jogador afastado no Benfica \u00e9 oferecido ao Flamengo"},"content":{"rendered":"\n<p>Jo\u00e3o Victor, ex-Corinthians e atual jogador do Benfica, est\u00e1 enfrentando um momento desafiador na sua carreira. Ele foi afastado do time portugu\u00eas por problemas disciplinares e n\u00e3o participou do jogo contra a Inter de Mil\u00e3o pela Champions League. Os jornais &#8216;Record&#8217; e &#8216;A Bola&#8217; relataram que o t\u00e9cnico Roger Schmidt criticou Jo\u00e3o Victor por falta de empenho em um treino, o que levou ao seu afastamento. O zagueiro reagiu nas redes sociais postando sobre sua fam\u00edlia e treinando por conta pr\u00f3pria.<\/p>\n\n\n\n<p>Jo\u00e3o Victor jogou apenas uma partida na temporada 2023\/24 at\u00e9 agora. Antes, foi emprestado ao Nantes, onde atuou em 16 jogos. O Corinthians o vendeu para o Benfica em julho de 2022 por 8 milh\u00f5es de euros, cerca de R$ 44 milh\u00f5es na \u00e9poca. O Benfica faz parte do grupo D da Liga dos Campe\u00f5es, tendo perdido para o RB Salzburg por 2 a 0 na estreia e enfrentar\u00e1 a Real Sociedad em 24 de outubro.<\/p>\n\n\n\n<p>Por outro lado, o Flamengo est\u00e1 considerando uma reformula\u00e7\u00e3o no seu sistema defensivo e v\u00ea Jo\u00e3o Victor como uma poss\u00edvel contrata\u00e7\u00e3o. A jornalista Raisa Simplico informou que o staff do zagueiro prop\u00f4s uma negocia\u00e7\u00e3o ao Flamengo, que j\u00e1 havia demonstrado interesse no jogador em agosto deste ano. A rela\u00e7\u00e3o entre Jo\u00e3o Victor e Schmidt no Benfica tornou-se insustent\u00e1vel, e o jogador foi afastado devido a quest\u00f5es disciplinares.<\/p>\n\n\n\n<p>O Benfica pretende vender Jo\u00e3o Victor, mas um empr\u00e9stimo com op\u00e7\u00e3o de compra tamb\u00e9m \u00e9 uma possibilidade. O Las Palmas, da Espanha, tentou contrat\u00e1-lo, mas sem sucesso. Enquanto isso, o Flamengo estabeleceu L\u00e9o Ortiz como alvo principal para refor\u00e7ar sua zaga em 2024, com planos de formalizar uma proposta ap\u00f3s o fim do Campeonato Brasileiro.<\/p>\n","protected":false},"excerpt":{"rendered":"<p>Jo\u00e3o Victor, ex-Corinthians e atual jogador do Benfica, est\u00e1 enfrentando um momento desafiador na sua carreira. Ele foi afastado do time portugu\u00eas por problemas disciplinares e n\u00e3o participou do jogo contra a Inter de Mil\u00e3o pela Champions League. Os jornais &#8216;Record&#8217; e &#8216;A Bola&#8217; relataram que o t\u00e9cnico Roger Schmidt criticou Jo\u00e3o Victor por falta [&hellip;]<\/p>\n","protected":false},"author":6,"featured_media":114439,"comment_status":"open","ping_status":"closed","sticky":false,"template":"","format":"standard","meta":{"footnotes":""},"categories":[48],"tags":[],"class_list":["post-114430","post","type-post","status-publish","format-standard","has-post-thumbnail","hentry","category-negociacoes"],"yoast_head":"<!-- This site is optimized with the Yoast SEO Premium plugin v24.2 (Yoast SEO v26.9) - https:\/\/yoast.com\/product\/yoast-seo-premium-wordpress\/ -->\n<title>Tem vaga? Jogador afastado no Benfica \u00e9 oferecido ao Flamengo<\/title>\n<meta name=\"description\" content=\"Zagueiro Ex-Corinthians e atualmento jogando pelo Benfica \u00e9 oferecido ao Flamengo\" \/>\n<meta name=\"robots\" content=\"index, follow, max-snippet:-1, max-image-preview:large, max-video-preview:-1\" \/>\n<link rel=\"canonical\" href=\"https:\/\/www.gaveanews.com\/index.php\/2023\/12\/05\/tem-vaga-jogador-afastado-no-benfica-e-oferecido-ao-flamengo\/\" \/>\n<meta property=\"og:locale\" content=\"pt_BR\" \/>\n<meta property=\"og:type\" content=\"article\" \/>\n<meta property=\"og:title\" content=\"Tem vaga? Jogador afastado no Benfica \u00e9 oferecido ao Flamengo\" \/>\n<meta property=\"og:description\" content=\"Zagueiro Ex-Corinthians e atualmento jogando pelo Benfica \u00e9 oferecido ao Flamengo\" \/>\n<meta property=\"og:url\" content=\"https:\/\/www.gaveanews.com\/index.php\/2023\/12\/05\/tem-vaga-jogador-afastado-no-benfica-e-oferecido-ao-flamengo\/\" \/>\n<meta property=\"og:site_name\" content=\"G\u00e1vea News\" \/>\n<meta property=\"article:publisher\" content=\"https:\/\/facebook.com\/gaveaNews\/\" \/>\n<meta property=\"article:published_time\" content=\"2023-12-05T15:58:15+00:00\" \/>\n<meta property=\"article:modified_time\" content=\"2023-12-05T15:58:17+00:00\" \/>\n<meta property=\"og:image\" content=\"https:\/\/www.gaveanews.com\/wp-content\/uploads\/Joao-Vitor.webp\" \/>\n\t<meta property=\"og:image:width\" content=\"720\" \/>\n\t<meta property=\"og:image:height\" content=\"405\" \/>\n\t<meta property=\"og:image:type\" content=\"image\/webp\" \/>\n<meta name=\"author\" content=\"Leonardo Ant\u00f4nio\" \/>\n<meta name=\"twitter:card\" content=\"summary_large_image\" \/>\n<meta name=\"twitter:label1\" content=\"Escrito por\" \/>\n\t<meta name=\"twitter:data1\" content=\"Leonardo Ant\u00f4nio\" \/>\n\t<meta name=\"twitter:label2\" content=\"Est. tempo de leitura\" \/>\n\t<meta name=\"twitter:data2\" content=\"2 minutos\" \/>\n<script type=\"application\/ld+json\" class=\"yoast-schema-graph\">{\"@context\":\"https:\/\/schema.org\",\"@graph\":[{\"@type\":\"NewsArticle\",\"@id\":\"https:\/\/www.gaveanews.com\/index.php\/2023\/12\/05\/tem-vaga-jogador-afastado-no-benfica-e-oferecido-ao-flamengo\/#article\",\"isPartOf\":{\"@id\":\"https:\/\/www.gaveanews.com\/index.php\/2023\/12\/05\/tem-vaga-jogador-afastado-no-benfica-e-oferecido-ao-flamengo\/\"},\"author\":{\"name\":\"Leonardo Ant\u00f4nio\",\"@id\":\"https:\/\/www.gaveanews.com\/#\/schema\/person\/2d29802e96a726e735077717fb5c6f20\"},\"headline\":\"Tem vaga? Jogador afastado no Benfica \u00e9 oferecido ao Flamengo\",\"datePublished\":\"2023-12-05T15:58:15+00:00\",\"dateModified\":\"2023-12-05T15:58:17+00:00\",\"mainEntityOfPage\":{\"@id\":\"https:\/\/www.gaveanews.com\/index.php\/2023\/12\/05\/tem-vaga-jogador-afastado-no-benfica-e-oferecido-ao-flamengo\/\"},\"wordCount\":308,\"commentCount\":0,\"image\":{\"@id\":\"https:\/\/www.gaveanews.com\/index.php\/2023\/12\/05\/tem-vaga-jogador-afastado-no-benfica-e-oferecido-ao-flamengo\/#primaryimage\"},\"thumbnailUrl\":\"https:\/\/www.gaveanews.com\/wp-content\/uploads\/Joao-Vitor.webp\",\"articleSection\":[\"Negocia\u00e7\u00f5es\"],\"inLanguage\":\"pt-BR\",\"potentialAction\":[{\"@type\":\"CommentAction\",\"name\":\"Comment\",\"target\":[\"https:\/\/www.gaveanews.com\/index.php\/2023\/12\/05\/tem-vaga-jogador-afastado-no-benfica-e-oferecido-ao-flamengo\/#respond\"]}],\"copyrightYear\":\"2023\",\"copyrightHolder\":{\"@id\":\"https:\/\/www.gaveanews.com\/#organization\"}},{\"@type\":\"WebPage\",\"@id\":\"https:\/\/www.gaveanews.com\/index.php\/2023\/12\/05\/tem-vaga-jogador-afastado-no-benfica-e-oferecido-ao-flamengo\/\",\"url\":\"https:\/\/www.gaveanews.com\/index.php\/2023\/12\/05\/tem-vaga-jogador-afastado-no-benfica-e-oferecido-ao-flamengo\/\",\"name\":\"Tem vaga? Jogador afastado no Benfica \u00e9 oferecido ao Flamengo\",\"isPartOf\":{\"@id\":\"https:\/\/www.gaveanews.com\/#website\"},\"primaryImageOfPage\":{\"@id\":\"https:\/\/www.gaveanews.com\/index.php\/2023\/12\/05\/tem-vaga-jogador-afastado-no-benfica-e-oferecido-ao-flamengo\/#primaryimage\"},\"image\":{\"@id\":\"https:\/\/www.gaveanews.com\/index.php\/2023\/12\/05\/tem-vaga-jogador-afastado-no-benfica-e-oferecido-ao-flamengo\/#primaryimage\"},\"thumbnailUrl\":\"https:\/\/www.gaveanews.com\/wp-content\/uploads\/Joao-Vitor.webp\",\"datePublished\":\"2023-12-05T15:58:15+00:00\",\"dateModified\":\"2023-12-05T15:58:17+00:00\",\"author\":{\"@id\":\"https:\/\/www.gaveanews.com\/#\/schema\/person\/2d29802e96a726e735077717fb5c6f20\"},\"description\":\"Zagueiro Ex-Corinthians e atualmento jogando pelo Benfica \u00e9 oferecido ao Flamengo\",\"breadcrumb\":{\"@id\":\"https:\/\/www.gaveanews.com\/index.php\/2023\/12\/05\/tem-vaga-jogador-afastado-no-benfica-e-oferecido-ao-flamengo\/#breadcrumb\"},\"inLanguage\":\"pt-BR\",\"potentialAction\":[{\"@type\":\"ReadAction\",\"target\":[\"https:\/\/www.gaveanews.com\/index.php\/2023\/12\/05\/tem-vaga-jogador-afastado-no-benfica-e-oferecido-ao-flamengo\/\"]}]},{\"@type\":\"ImageObject\",\"inLanguage\":\"pt-BR\",\"@id\":\"https:\/\/www.gaveanews.com\/index.php\/2023\/12\/05\/tem-vaga-jogador-afastado-no-benfica-e-oferecido-ao-flamengo\/#primaryimage\",\"url\":\"https:\/\/www.gaveanews.com\/wp-content\/uploads\/Joao-Vitor.webp\",\"contentUrl\":\"https:\/\/www.gaveanews.com\/wp-content\/uploads\/Joao-Vitor.webp\",\"width\":720,\"height\":405},{\"@type\":\"BreadcrumbList\",\"@id\":\"https:\/\/www.gaveanews.com\/index.php\/2023\/12\/05\/tem-vaga-jogador-afastado-no-benfica-e-oferecido-ao-flamengo\/#breadcrumb\",\"itemListElement\":[{\"@type\":\"ListItem\",\"position\":1,\"name\":\"Home\",\"item\":\"https:\/\/www.gaveanews.com\/\"},{\"@type\":\"ListItem\",\"position\":2,\"name\":\"Tem vaga? Jogador afastado no Benfica \u00e9 oferecido ao Flamengo\"}]},{\"@type\":\"WebSite\",\"@id\":\"https:\/\/www.gaveanews.com\/#website\",\"url\":\"https:\/\/www.gaveanews.com\/\",\"name\":\"G\u00e1vea News\",\"description\":\"Veja todas as not\u00edcias sobre o Flamengo: Contrata\u00e7\u00f5es, categorias de base, resultados das partidas, tabela de classifica\u00e7\u00e3o, pr\u00f3ximos jogos!\",\"potentialAction\":[{\"@type\":\"SearchAction\",\"target\":{\"@type\":\"EntryPoint\",\"urlTemplate\":\"https:\/\/www.gaveanews.com\/?s={search_term_string}\"},\"query-input\":{\"@type\":\"PropertyValueSpecification\",\"valueRequired\":true,\"valueName\":\"search_term_string\"}}],\"inLanguage\":\"pt-BR\"},{\"@type\":\"Person\",\"@id\":\"https:\/\/www.gaveanews.com\/#\/schema\/person\/2d29802e96a726e735077717fb5c6f20\",\"name\":\"Leonardo Ant\u00f4nio\",\"image\":{\"@type\":\"ImageObject\",\"inLanguage\":\"pt-BR\",\"@id\":\"https:\/\/www.gaveanews.com\/#\/schema\/person\/image\/\",\"url\":\"https:\/\/secure.gravatar.com\/avatar\/b9ffc9ff64af5c915e7cb1824991ab1b4aa29b902a6a9a83be9d1c8ba449fce8?s=96&d=mm&r=g\",\"contentUrl\":\"https:\/\/secure.gravatar.com\/avatar\/b9ffc9ff64af5c915e7cb1824991ab1b4aa29b902a6a9a83be9d1c8ba449fce8?s=96&d=mm&r=g\",\"caption\":\"Leonardo Ant\u00f4nio\"}}]}<\/script>\n<!-- \/ Yoast SEO Premium plugin. -->","yoast_head_json":{"title":"Tem vaga? Jogador afastado no Benfica \u00e9 oferecido ao Flamengo","description":"Zagueiro Ex-Corinthians e atualmento jogando pelo Benfica \u00e9 oferecido ao Flamengo","robots":{"index":"index","follow":"follow","max-snippet":"max-snippet:-1","max-image-preview":"max-image-preview:large","max-video-preview":"max-video-preview:-1"},"canonical":"https:\/\/www.gaveanews.com\/index.php\/2023\/12\/05\/tem-vaga-jogador-afastado-no-benfica-e-oferecido-ao-flamengo\/","og_locale":"pt_BR","og_type":"article","og_title":"Tem vaga? Jogador afastado no Benfica \u00e9 oferecido ao Flamengo","og_description":"Zagueiro Ex-Corinthians e atualmento jogando pelo Benfica \u00e9 oferecido ao Flamengo","og_url":"https:\/\/www.gaveanews.com\/index.php\/2023\/12\/05\/tem-vaga-jogador-afastado-no-benfica-e-oferecido-ao-flamengo\/","og_site_name":"G\u00e1vea News","article_publisher":"https:\/\/facebook.com\/gaveaNews\/","article_published_time":"2023-12-05T15:58:15+00:00","article_modified_time":"2023-12-05T15:58:17+00:00","og_image":[{"width":720,"height":405,"url":"https:\/\/www.gaveanews.com\/wp-content\/uploads\/Joao-Vitor.webp","type":"image\/webp"}],"author":"Leonardo Ant\u00f4nio","twitter_card":"summary_large_image","twitter_misc":{"Escrito por":"Leonardo Ant\u00f4nio","Est. tempo de leitura":"2 minutos"},"schema":{"@context":"https:\/\/schema.org","@graph":[{"@type":"NewsArticle","@id":"https:\/\/www.gaveanews.com\/index.php\/2023\/12\/05\/tem-vaga-jogador-afastado-no-benfica-e-oferecido-ao-flamengo\/#article","isPartOf":{"@id":"https:\/\/www.gaveanews.com\/index.php\/2023\/12\/05\/tem-vaga-jogador-afastado-no-benfica-e-oferecido-ao-flamengo\/"},"author":{"name":"Leonardo Ant\u00f4nio","@id":"https:\/\/www.gaveanews.com\/#\/schema\/person\/2d29802e96a726e735077717fb5c6f20"},"headline":"Tem vaga? Jogador afastado no Benfica \u00e9 oferecido ao Flamengo","datePublished":"2023-12-05T15:58:15+00:00","dateModified":"2023-12-05T15:58:17+00:00","mainEntityOfPage":{"@id":"https:\/\/www.gaveanews.com\/index.php\/2023\/12\/05\/tem-vaga-jogador-afastado-no-benfica-e-oferecido-ao-flamengo\/"},"wordCount":308,"commentCount":0,"image":{"@id":"https:\/\/www.gaveanews.com\/index.php\/2023\/12\/05\/tem-vaga-jogador-afastado-no-benfica-e-oferecido-ao-flamengo\/#primaryimage"},"thumbnailUrl":"https:\/\/www.gaveanews.com\/wp-content\/uploads\/Joao-Vitor.webp","articleSection":["Negocia\u00e7\u00f5es"],"inLanguage":"pt-BR","potentialAction":[{"@type":"CommentAction","name":"Comment","target":["https:\/\/www.gaveanews.com\/index.php\/2023\/12\/05\/tem-vaga-jogador-afastado-no-benfica-e-oferecido-ao-flamengo\/#respond"]}],"copyrightYear":"2023","copyrightHolder":{"@id":"https:\/\/www.gaveanews.com\/#organization"}},{"@type":"WebPage","@id":"https:\/\/www.gaveanews.com\/index.php\/2023\/12\/05\/tem-vaga-jogador-afastado-no-benfica-e-oferecido-ao-flamengo\/","url":"https:\/\/www.gaveanews.com\/index.php\/2023\/12\/05\/tem-vaga-jogador-afastado-no-benfica-e-oferecido-ao-flamengo\/","name":"Tem vaga? Jogador afastado no Benfica \u00e9 oferecido ao Flamengo","isPartOf":{"@id":"https:\/\/www.gaveanews.com\/#website"},"primaryImageOfPage":{"@id":"https:\/\/www.gaveanews.com\/index.php\/2023\/12\/05\/tem-vaga-jogador-afastado-no-benfica-e-oferecido-ao-flamengo\/#primaryimage"},"image":{"@id":"https:\/\/www.gaveanews.com\/index.php\/2023\/12\/05\/tem-vaga-jogador-afastado-no-benfica-e-oferecido-ao-flamengo\/#primaryimage"},"thumbnailUrl":"https:\/\/www.gaveanews.com\/wp-content\/uploads\/Joao-Vitor.webp","datePublished":"2023-12-05T15:58:15+00:00","dateModified":"2023-12-05T15:58:17+00:00","author":{"@id":"https:\/\/www.gaveanews.com\/#\/schema\/person\/2d29802e96a726e735077717fb5c6f20"},"description":"Zagueiro Ex-Corinthians e atualmento jogando pelo Benfica \u00e9 oferecido ao Flamengo","breadcrumb":{"@id":"https:\/\/www.gaveanews.com\/index.php\/2023\/12\/05\/tem-vaga-jogador-afastado-no-benfica-e-oferecido-ao-flamengo\/#breadcrumb"},"inLanguage":"pt-BR","potentialAction":[{"@type":"ReadAction","target":["https:\/\/www.gaveanews.com\/index.php\/2023\/12\/05\/tem-vaga-jogador-afastado-no-benfica-e-oferecido-ao-flamengo\/"]}]},{"@type":"ImageObject","inLanguage":"pt-BR","@id":"https:\/\/www.gaveanews.com\/index.php\/2023\/12\/05\/tem-vaga-jogador-afastado-no-benfica-e-oferecido-ao-flamengo\/#primaryimage","url":"https:\/\/www.gaveanews.com\/wp-content\/uploads\/Joao-Vitor.webp","contentUrl":"https:\/\/www.gaveanews.com\/wp-content\/uploads\/Joao-Vitor.webp","width":720,"height":405},{"@type":"BreadcrumbList","@id":"https:\/\/www.gaveanews.com\/index.php\/2023\/12\/05\/tem-vaga-jogador-afastado-no-benfica-e-oferecido-ao-flamengo\/#breadcrumb","itemListElement":[{"@type":"ListItem","position":1,"name":"Home","item":"https:\/\/www.gaveanews.com\/"},{"@type":"ListItem","position":2,"name":"Tem vaga? Jogador afastado no Benfica \u00e9 oferecido ao Flamengo"}]},{"@type":"WebSite","@id":"https:\/\/www.gaveanews.com\/#website","url":"https:\/\/www.gaveanews.com\/","name":"G\u00e1vea News","description":"Veja todas as not\u00edcias sobre o Flamengo: Contrata\u00e7\u00f5es, categorias de base, resultados das partidas, tabela de classifica\u00e7\u00e3o, pr\u00f3ximos jogos!","potentialAction":[{"@type":"SearchAction","target":{"@type":"EntryPoint","urlTemplate":"https:\/\/www.gaveanews.com\/?s={search_term_string}"},"query-input":{"@type":"PropertyValueSpecification","valueRequired":true,"valueName":"search_term_string"}}],"inLanguage":"pt-BR"},{"@type":"Person","@id":"https:\/\/www.gaveanews.com\/#\/schema\/person\/2d29802e96a726e735077717fb5c6f20","name":"Leonardo Ant\u00f4nio","image":{"@type":"ImageObject","inLanguage":"pt-BR","@id":"https:\/\/www.gaveanews.com\/#\/schema\/person\/image\/","url":"https:\/\/secure.gravatar.com\/avatar\/b9ffc9ff64af5c915e7cb1824991ab1b4aa29b902a6a9a83be9d1c8ba449fce8?s=96&d=mm&r=g","contentUrl":"https:\/\/secure.gravatar.com\/avatar\/b9ffc9ff64af5c915e7cb1824991ab1b4aa29b902a6a9a83be9d1c8ba449fce8?s=96&d=mm&r=g","caption":"Leonardo Ant\u00f4nio"}}]}},"_links":{"self":[{"href":"https:\/\/www.gaveanews.com\/index.php\/wp-json\/wp\/v2\/posts\/114430","targetHints":{"allow":["GET"]}}],"collection":[{"href":"https:\/\/www.gaveanews.com\/index.php\/wp-json\/wp\/v2\/posts"}],"about":[{"href":"https:\/\/www.gaveanews.com\/index.php\/wp-json\/wp\/v2\/types\/post"}],"author":[{"embeddable":true,"href":"https:\/\/www.gaveanews.com\/index.php\/wp-json\/wp\/v2\/users\/6"}],"replies":[{"embeddable":true,"href":"https:\/\/www.gaveanews.com\/index.php\/wp-json\/wp\/v2\/comments?post=114430"}],"version-history":[{"count":0,"href":"https:\/\/www.gaveanews.com\/index.php\/wp-json\/wp\/v2\/posts\/114430\/revisions"}],"wp:featuredmedia":[{"embeddable":true,"href":"https:\/\/www.gaveanews.com\/index.php\/wp-json\/wp\/v2\/media\/114439"}],"wp:attachment":[{"href":"https:\/\/www.gaveanews.com\/index.php\/wp-json\/wp\/v2\/media?parent=114430"}],"wp:term":[{"taxonomy":"category","embeddable":true,"href":"https:\/\/www.gaveanews.com\/index.php\/wp-json\/wp\/v2\/categories?post=114430"},{"taxonomy":"post_tag","embeddable":true,"href":"https:\/\/www.gaveanews.com\/index.php\/wp-json\/wp\/v2\/tags?post=114430"}],"curies":[{"name":"wp","href":"https:\/\/api.w.org\/{rel}","templated":true}]}}