{"id":114432,"date":"2023-12-05T12:55:08","date_gmt":"2023-12-05T15:55:08","guid":{"rendered":"https:\/\/www.gaveanews.com\/?p=114432"},"modified":"2023-12-05T12:55:11","modified_gmt":"2023-12-05T15:55:11","slug":"real-madrid-quer-pagar-187-milhoes-para-contratar-mais-um-brasileiro","status":"publish","type":"post","link":"https:\/\/www.gaveanews.com\/index.php\/2023\/12\/05\/real-madrid-quer-pagar-187-milhoes-para-contratar-mais-um-brasileiro\/","title":{"rendered":"Real Madrid quer pagar 187 milh\u00f5es para contratar mais um brasileiro"},"content":{"rendered":"\n<p>Emerson Royal, o jovem defensor brasileiro de 24 anos do Tottenham, encontra-se no centro de especula\u00e7\u00f5es sobre uma poss\u00edvel transfer\u00eancia. Desde a chegada de Pedro Porro ao clube londrino, Royal n\u00e3o tem sido prioridade, o que gera d\u00favidas sobre seu futuro no Tottenham.<\/p>\n\n\n\n<p>Recentemente, surgiram relatos do site &#8216;Inter Live&#8217; indicando um forte interesse do Real Madrid no lateral-direito brasileiro. O gigante espanhol, conhecido por sua for\u00e7a financeira, parece disposto a investir na contrata\u00e7\u00e3o de Royal, avaliado pelo Tottenham em cerca de 35 milh\u00f5es de euros (187 milh\u00f5es de reais). Esta oportunidade de retornar \u00e0 Espanha pode ser atraente para Royal, que enfrentou desafios em manter um desempenho consistente no futebol ingl\u00eas.<\/p>\n\n\n<div class=\"wp-block-image\">\n<figure class=\"aligncenter size-large\"><img loading=\"lazy\" decoding=\"async\" width=\"1024\" height=\"1024\" src=\"https:\/\/www.gaveanews.com\/wp-content\/uploads\/Emerson-Royal-durante-treino-do-Brasil-1024x1024.webp\" alt=\"\" class=\"wp-image-114437\" srcset=\"https:\/\/www.gaveanews.com\/wp-content\/uploads\/Emerson-Royal-durante-treino-do-Brasil-1024x1024.webp 1024w, https:\/\/www.gaveanews.com\/wp-content\/uploads\/Emerson-Royal-durante-treino-do-Brasil-300x300.webp 300w, https:\/\/www.gaveanews.com\/wp-content\/uploads\/Emerson-Royal-durante-treino-do-Brasil-150x150.webp 150w, https:\/\/www.gaveanews.com\/wp-content\/uploads\/Emerson-Royal-durante-treino-do-Brasil-768x768.webp 768w, https:\/\/www.gaveanews.com\/wp-content\/uploads\/Emerson-Royal-durante-treino-do-Brasil-420x420.webp 420w, https:\/\/www.gaveanews.com\/wp-content\/uploads\/Emerson-Royal-durante-treino-do-Brasil-840x840.webp 840w, https:\/\/www.gaveanews.com\/wp-content\/uploads\/Emerson-Royal-durante-treino-do-Brasil-640x640.webp 640w, https:\/\/www.gaveanews.com\/wp-content\/uploads\/Emerson-Royal-durante-treino-do-Brasil-681x681.webp 681w, https:\/\/www.gaveanews.com\/wp-content\/uploads\/Emerson-Royal-durante-treino-do-Brasil-100x100.webp 100w, https:\/\/www.gaveanews.com\/wp-content\/uploads\/Emerson-Royal-durante-treino-do-Brasil.webp 1080w\" sizes=\"auto, (max-width: 1024px) 100vw, 1024px\" \/><figcaption class=\"wp-element-caption\">Emerson Royal durante treino do Brasil (Foto: Reprodu\u00e7\u00e3o\/Instagram)<\/figcaption><\/figure>\n<\/div>\n\n\n<p>Por outro lado, o Real Madrid busca um substituto para Dani Carvajal, que est\u00e1 entrando nas fases finais de sua carreira. Portanto Royal, surge como um candidato promissor para preencher essa lacuna. Vale destacar que o Tottenham considera outras op\u00e7\u00f5es, incluindo usar Royal como moeda de troca em negocia\u00e7\u00f5es.<\/p>\n\n\n\n<h2 class=\"wp-block-heading\" id=\"h-proximos-jogos-do-real-madrid\">Pr\u00f3ximos jogos do Real Madrid<\/h2>\n\n\n\n<p>Confira abaixo quais s\u00e3o os pr\u00f3ximos jogos do Real Madrid:<\/p>\n\n\n\n<ul class=\"wp-block-list\">\n<li><strong>Betis<\/strong>&nbsp;(F): 9\/12, 12h15 (de Bras\u00edlia)<\/li>\n\n\n\n<li><strong>Union Berlin<\/strong>&nbsp;(F): 12\/12, 17h (de Bras\u00edlia)<\/li>\n\n\n\n<li><strong>Villarreal<\/strong>&nbsp;(C): 17\/12, 17h (de Bras\u00edlia)<\/li>\n<\/ul>\n","protected":false},"excerpt":{"rendered":"<p>Emerson Royal, o jovem defensor brasileiro de 24 anos do Tottenham, encontra-se no centro de especula\u00e7\u00f5es sobre uma poss\u00edvel transfer\u00eancia. Desde a chegada de Pedro Porro ao clube londrino, Royal n\u00e3o tem sido prioridade, o que gera d\u00favidas sobre seu futuro no Tottenham. Recentemente, surgiram relatos do site &#8216;Inter Live&#8217; indicando um forte interesse do [&hellip;]<\/p>\n","protected":false},"author":1,"featured_media":110238,"comment_status":"open","ping_status":"closed","sticky":false,"template":"","format":"standard","meta":{"footnotes":""},"categories":[78],"tags":[],"class_list":["post-114432","post","type-post","status-publish","format-standard","has-post-thumbnail","hentry","category-futebol-internacional"],"yoast_head":"<!-- This site is optimized with the Yoast SEO Premium plugin v24.2 (Yoast SEO v26.9) - https:\/\/yoast.com\/product\/yoast-seo-premium-wordpress\/ -->\n<title>Real Madrid quer pagar 187 milh\u00f5es para contratar mais um BR<\/title>\n<meta name=\"robots\" content=\"index, follow, max-snippet:-1, max-image-preview:large, max-video-preview:-1\" \/>\n<link rel=\"canonical\" href=\"https:\/\/www.gaveanews.com\/index.php\/2023\/12\/05\/real-madrid-quer-pagar-187-milhoes-para-contratar-mais-um-brasileiro\/\" \/>\n<meta property=\"og:locale\" content=\"pt_BR\" \/>\n<meta property=\"og:type\" content=\"article\" \/>\n<meta property=\"og:title\" content=\"Real Madrid quer pagar 187 milh\u00f5es para contratar mais um brasileiro\" \/>\n<meta property=\"og:description\" content=\"Emerson Royal, o jovem defensor brasileiro de 24 anos do Tottenham, encontra-se no centro de especula\u00e7\u00f5es sobre uma poss\u00edvel transfer\u00eancia. Desde a chegada de Pedro Porro ao clube londrino, Royal n\u00e3o tem sido prioridade, o que gera d\u00favidas sobre seu futuro no Tottenham. Recentemente, surgiram relatos do site &#8216;Inter Live&#8217; indicando um forte interesse do [&hellip;]\" \/>\n<meta property=\"og:url\" content=\"https:\/\/www.gaveanews.com\/index.php\/2023\/12\/05\/real-madrid-quer-pagar-187-milhoes-para-contratar-mais-um-brasileiro\/\" \/>\n<meta property=\"og:site_name\" content=\"G\u00e1vea News\" \/>\n<meta property=\"article:publisher\" content=\"https:\/\/facebook.com\/gaveaNews\/\" \/>\n<meta property=\"article:published_time\" content=\"2023-12-05T15:55:08+00:00\" \/>\n<meta property=\"article:modified_time\" content=\"2023-12-05T15:55:11+00:00\" \/>\n<meta property=\"og:image\" content=\"https:\/\/www.gaveanews.com\/wp-content\/uploads\/Florentino-Perez-posa-para-foto-apos-o-Real-Madrid-ganhar-sua-14a-Champions-League.webp\" \/>\n\t<meta property=\"og:image:width\" content=\"1920\" \/>\n\t<meta property=\"og:image:height\" content=\"1080\" \/>\n\t<meta property=\"og:image:type\" content=\"image\/jpeg\" \/>\n<meta name=\"author\" content=\"Equipe G\u00e1vea News\" \/>\n<meta name=\"twitter:card\" content=\"summary_large_image\" \/>\n<meta name=\"twitter:label1\" content=\"Escrito por\" \/>\n\t<meta name=\"twitter:data1\" content=\"Equipe G\u00e1vea News\" \/>\n\t<meta name=\"twitter:label2\" content=\"Est. tempo de leitura\" \/>\n\t<meta name=\"twitter:data2\" content=\"2 minutos\" \/>\n<script type=\"application\/ld+json\" class=\"yoast-schema-graph\">{\"@context\":\"https:\/\/schema.org\",\"@graph\":[{\"@type\":\"NewsArticle\",\"@id\":\"https:\/\/www.gaveanews.com\/index.php\/2023\/12\/05\/real-madrid-quer-pagar-187-milhoes-para-contratar-mais-um-brasileiro\/#article\",\"isPartOf\":{\"@id\":\"https:\/\/www.gaveanews.com\/index.php\/2023\/12\/05\/real-madrid-quer-pagar-187-milhoes-para-contratar-mais-um-brasileiro\/\"},\"author\":{\"name\":\"Equipe G\u00e1vea News\",\"@id\":\"https:\/\/www.gaveanews.com\/#\/schema\/person\/2ec14f73fb96be2caf28f91afb14749d\"},\"headline\":\"Real Madrid quer pagar 187 milh\u00f5es para contratar mais um brasileiro\",\"datePublished\":\"2023-12-05T15:55:08+00:00\",\"dateModified\":\"2023-12-05T15:55:11+00:00\",\"mainEntityOfPage\":{\"@id\":\"https:\/\/www.gaveanews.com\/index.php\/2023\/12\/05\/real-madrid-quer-pagar-187-milhoes-para-contratar-mais-um-brasileiro\/\"},\"wordCount\":230,\"commentCount\":0,\"image\":{\"@id\":\"https:\/\/www.gaveanews.com\/index.php\/2023\/12\/05\/real-madrid-quer-pagar-187-milhoes-para-contratar-mais-um-brasileiro\/#primaryimage\"},\"thumbnailUrl\":\"https:\/\/www.gaveanews.com\/wp-content\/uploads\/Florentino-Perez-posa-para-foto-apos-o-Real-Madrid-ganhar-sua-14a-Champions-League.webp\",\"articleSection\":[\"Futebol Internacional\"],\"inLanguage\":\"pt-BR\",\"potentialAction\":[{\"@type\":\"CommentAction\",\"name\":\"Comment\",\"target\":[\"https:\/\/www.gaveanews.com\/index.php\/2023\/12\/05\/real-madrid-quer-pagar-187-milhoes-para-contratar-mais-um-brasileiro\/#respond\"]}],\"copyrightYear\":\"2023\",\"copyrightHolder\":{\"@id\":\"https:\/\/www.gaveanews.com\/#organization\"}},{\"@type\":\"WebPage\",\"@id\":\"https:\/\/www.gaveanews.com\/index.php\/2023\/12\/05\/real-madrid-quer-pagar-187-milhoes-para-contratar-mais-um-brasileiro\/\",\"url\":\"https:\/\/www.gaveanews.com\/index.php\/2023\/12\/05\/real-madrid-quer-pagar-187-milhoes-para-contratar-mais-um-brasileiro\/\",\"name\":\"Real Madrid quer pagar 187 milh\u00f5es para contratar mais um BR\",\"isPartOf\":{\"@id\":\"https:\/\/www.gaveanews.com\/#website\"},\"primaryImageOfPage\":{\"@id\":\"https:\/\/www.gaveanews.com\/index.php\/2023\/12\/05\/real-madrid-quer-pagar-187-milhoes-para-contratar-mais-um-brasileiro\/#primaryimage\"},\"image\":{\"@id\":\"https:\/\/www.gaveanews.com\/index.php\/2023\/12\/05\/real-madrid-quer-pagar-187-milhoes-para-contratar-mais-um-brasileiro\/#primaryimage\"},\"thumbnailUrl\":\"https:\/\/www.gaveanews.com\/wp-content\/uploads\/Florentino-Perez-posa-para-foto-apos-o-Real-Madrid-ganhar-sua-14a-Champions-League.webp\",\"datePublished\":\"2023-12-05T15:55:08+00:00\",\"dateModified\":\"2023-12-05T15:55:11+00:00\",\"author\":{\"@id\":\"https:\/\/www.gaveanews.com\/#\/schema\/person\/2ec14f73fb96be2caf28f91afb14749d\"},\"breadcrumb\":{\"@id\":\"https:\/\/www.gaveanews.com\/index.php\/2023\/12\/05\/real-madrid-quer-pagar-187-milhoes-para-contratar-mais-um-brasileiro\/#breadcrumb\"},\"inLanguage\":\"pt-BR\",\"potentialAction\":[{\"@type\":\"ReadAction\",\"target\":[\"https:\/\/www.gaveanews.com\/index.php\/2023\/12\/05\/real-madrid-quer-pagar-187-milhoes-para-contratar-mais-um-brasileiro\/\"]}]},{\"@type\":\"ImageObject\",\"inLanguage\":\"pt-BR\",\"@id\":\"https:\/\/www.gaveanews.com\/index.php\/2023\/12\/05\/real-madrid-quer-pagar-187-milhoes-para-contratar-mais-um-brasileiro\/#primaryimage\",\"url\":\"https:\/\/www.gaveanews.com\/wp-content\/uploads\/Florentino-Perez-posa-para-foto-apos-o-Real-Madrid-ganhar-sua-14a-Champions-League.webp\",\"contentUrl\":\"https:\/\/www.gaveanews.com\/wp-content\/uploads\/Florentino-Perez-posa-para-foto-apos-o-Real-Madrid-ganhar-sua-14a-Champions-League.webp\",\"width\":1920,\"height\":1080,\"caption\":\"Florentino P\u00e9rez posa para foto ap\u00f3s o Real Madrid ganhar sua 14\u00aa Champions League (Foto: Reprodu\u00e7\u00e3o\/Real Madrid)\"},{\"@type\":\"BreadcrumbList\",\"@id\":\"https:\/\/www.gaveanews.com\/index.php\/2023\/12\/05\/real-madrid-quer-pagar-187-milhoes-para-contratar-mais-um-brasileiro\/#breadcrumb\",\"itemListElement\":[{\"@type\":\"ListItem\",\"position\":1,\"name\":\"Home\",\"item\":\"https:\/\/www.gaveanews.com\/\"},{\"@type\":\"ListItem\",\"position\":2,\"name\":\"Real Madrid quer pagar 187 milh\u00f5es para contratar mais um brasileiro\"}]},{\"@type\":\"WebSite\",\"@id\":\"https:\/\/www.gaveanews.com\/#website\",\"url\":\"https:\/\/www.gaveanews.com\/\",\"name\":\"G\u00e1vea News\",\"description\":\"Veja todas as not\u00edcias sobre o Flamengo: Contrata\u00e7\u00f5es, categorias de base, resultados das partidas, tabela de classifica\u00e7\u00e3o, pr\u00f3ximos jogos!\",\"potentialAction\":[{\"@type\":\"SearchAction\",\"target\":{\"@type\":\"EntryPoint\",\"urlTemplate\":\"https:\/\/www.gaveanews.com\/?s={search_term_string}\"},\"query-input\":{\"@type\":\"PropertyValueSpecification\",\"valueRequired\":true,\"valueName\":\"search_term_string\"}}],\"inLanguage\":\"pt-BR\"},{\"@type\":\"Person\",\"@id\":\"https:\/\/www.gaveanews.com\/#\/schema\/person\/2ec14f73fb96be2caf28f91afb14749d\",\"name\":\"Equipe G\u00e1vea News\",\"image\":{\"@type\":\"ImageObject\",\"inLanguage\":\"pt-BR\",\"@id\":\"https:\/\/www.gaveanews.com\/#\/schema\/person\/image\/\",\"url\":\"https:\/\/secure.gravatar.com\/avatar\/1e1956f1facbffd3f8fa53a326721950116b3b9dc9bd44939c01180fd4a745a9?s=96&d=mm&r=g\",\"contentUrl\":\"https:\/\/secure.gravatar.com\/avatar\/1e1956f1facbffd3f8fa53a326721950116b3b9dc9bd44939c01180fd4a745a9?s=96&d=mm&r=g\",\"caption\":\"Equipe G\u00e1vea News\"}}]}<\/script>\n<!-- \/ Yoast SEO Premium plugin. -->","yoast_head_json":{"title":"Real Madrid quer pagar 187 milh\u00f5es para contratar mais um BR","robots":{"index":"index","follow":"follow","max-snippet":"max-snippet:-1","max-image-preview":"max-image-preview:large","max-video-preview":"max-video-preview:-1"},"canonical":"https:\/\/www.gaveanews.com\/index.php\/2023\/12\/05\/real-madrid-quer-pagar-187-milhoes-para-contratar-mais-um-brasileiro\/","og_locale":"pt_BR","og_type":"article","og_title":"Real Madrid quer pagar 187 milh\u00f5es para contratar mais um brasileiro","og_description":"Emerson Royal, o jovem defensor brasileiro de 24 anos do Tottenham, encontra-se no centro de especula\u00e7\u00f5es sobre uma poss\u00edvel transfer\u00eancia. Desde a chegada de Pedro Porro ao clube londrino, Royal n\u00e3o tem sido prioridade, o que gera d\u00favidas sobre seu futuro no Tottenham. Recentemente, surgiram relatos do site &#8216;Inter Live&#8217; indicando um forte interesse do [&hellip;]","og_url":"https:\/\/www.gaveanews.com\/index.php\/2023\/12\/05\/real-madrid-quer-pagar-187-milhoes-para-contratar-mais-um-brasileiro\/","og_site_name":"G\u00e1vea News","article_publisher":"https:\/\/facebook.com\/gaveaNews\/","article_published_time":"2023-12-05T15:55:08+00:00","article_modified_time":"2023-12-05T15:55:11+00:00","og_image":[{"width":1920,"height":1080,"url":"https:\/\/www.gaveanews.com\/wp-content\/uploads\/Florentino-Perez-posa-para-foto-apos-o-Real-Madrid-ganhar-sua-14a-Champions-League.webp","type":"image\/jpeg"}],"author":"Equipe G\u00e1vea News","twitter_card":"summary_large_image","twitter_misc":{"Escrito por":"Equipe G\u00e1vea News","Est. tempo de leitura":"2 minutos"},"schema":{"@context":"https:\/\/schema.org","@graph":[{"@type":"NewsArticle","@id":"https:\/\/www.gaveanews.com\/index.php\/2023\/12\/05\/real-madrid-quer-pagar-187-milhoes-para-contratar-mais-um-brasileiro\/#article","isPartOf":{"@id":"https:\/\/www.gaveanews.com\/index.php\/2023\/12\/05\/real-madrid-quer-pagar-187-milhoes-para-contratar-mais-um-brasileiro\/"},"author":{"name":"Equipe G\u00e1vea News","@id":"https:\/\/www.gaveanews.com\/#\/schema\/person\/2ec14f73fb96be2caf28f91afb14749d"},"headline":"Real Madrid quer pagar 187 milh\u00f5es para contratar mais um brasileiro","datePublished":"2023-12-05T15:55:08+00:00","dateModified":"2023-12-05T15:55:11+00:00","mainEntityOfPage":{"@id":"https:\/\/www.gaveanews.com\/index.php\/2023\/12\/05\/real-madrid-quer-pagar-187-milhoes-para-contratar-mais-um-brasileiro\/"},"wordCount":230,"commentCount":0,"image":{"@id":"https:\/\/www.gaveanews.com\/index.php\/2023\/12\/05\/real-madrid-quer-pagar-187-milhoes-para-contratar-mais-um-brasileiro\/#primaryimage"},"thumbnailUrl":"https:\/\/www.gaveanews.com\/wp-content\/uploads\/Florentino-Perez-posa-para-foto-apos-o-Real-Madrid-ganhar-sua-14a-Champions-League.webp","articleSection":["Futebol Internacional"],"inLanguage":"pt-BR","potentialAction":[{"@type":"CommentAction","name":"Comment","target":["https:\/\/www.gaveanews.com\/index.php\/2023\/12\/05\/real-madrid-quer-pagar-187-milhoes-para-contratar-mais-um-brasileiro\/#respond"]}],"copyrightYear":"2023","copyrightHolder":{"@id":"https:\/\/www.gaveanews.com\/#organization"}},{"@type":"WebPage","@id":"https:\/\/www.gaveanews.com\/index.php\/2023\/12\/05\/real-madrid-quer-pagar-187-milhoes-para-contratar-mais-um-brasileiro\/","url":"https:\/\/www.gaveanews.com\/index.php\/2023\/12\/05\/real-madrid-quer-pagar-187-milhoes-para-contratar-mais-um-brasileiro\/","name":"Real Madrid quer pagar 187 milh\u00f5es para contratar mais um BR","isPartOf":{"@id":"https:\/\/www.gaveanews.com\/#website"},"primaryImageOfPage":{"@id":"https:\/\/www.gaveanews.com\/index.php\/2023\/12\/05\/real-madrid-quer-pagar-187-milhoes-para-contratar-mais-um-brasileiro\/#primaryimage"},"image":{"@id":"https:\/\/www.gaveanews.com\/index.php\/2023\/12\/05\/real-madrid-quer-pagar-187-milhoes-para-contratar-mais-um-brasileiro\/#primaryimage"},"thumbnailUrl":"https:\/\/www.gaveanews.com\/wp-content\/uploads\/Florentino-Perez-posa-para-foto-apos-o-Real-Madrid-ganhar-sua-14a-Champions-League.webp","datePublished":"2023-12-05T15:55:08+00:00","dateModified":"2023-12-05T15:55:11+00:00","author":{"@id":"https:\/\/www.gaveanews.com\/#\/schema\/person\/2ec14f73fb96be2caf28f91afb14749d"},"breadcrumb":{"@id":"https:\/\/www.gaveanews.com\/index.php\/2023\/12\/05\/real-madrid-quer-pagar-187-milhoes-para-contratar-mais-um-brasileiro\/#breadcrumb"},"inLanguage":"pt-BR","potentialAction":[{"@type":"ReadAction","target":["https:\/\/www.gaveanews.com\/index.php\/2023\/12\/05\/real-madrid-quer-pagar-187-milhoes-para-contratar-mais-um-brasileiro\/"]}]},{"@type":"ImageObject","inLanguage":"pt-BR","@id":"https:\/\/www.gaveanews.com\/index.php\/2023\/12\/05\/real-madrid-quer-pagar-187-milhoes-para-contratar-mais-um-brasileiro\/#primaryimage","url":"https:\/\/www.gaveanews.com\/wp-content\/uploads\/Florentino-Perez-posa-para-foto-apos-o-Real-Madrid-ganhar-sua-14a-Champions-League.webp","contentUrl":"https:\/\/www.gaveanews.com\/wp-content\/uploads\/Florentino-Perez-posa-para-foto-apos-o-Real-Madrid-ganhar-sua-14a-Champions-League.webp","width":1920,"height":1080,"caption":"Florentino P\u00e9rez posa para foto ap\u00f3s o Real Madrid ganhar sua 14\u00aa Champions League (Foto: Reprodu\u00e7\u00e3o\/Real Madrid)"},{"@type":"BreadcrumbList","@id":"https:\/\/www.gaveanews.com\/index.php\/2023\/12\/05\/real-madrid-quer-pagar-187-milhoes-para-contratar-mais-um-brasileiro\/#breadcrumb","itemListElement":[{"@type":"ListItem","position":1,"name":"Home","item":"https:\/\/www.gaveanews.com\/"},{"@type":"ListItem","position":2,"name":"Real Madrid quer pagar 187 milh\u00f5es para contratar mais um brasileiro"}]},{"@type":"WebSite","@id":"https:\/\/www.gaveanews.com\/#website","url":"https:\/\/www.gaveanews.com\/","name":"G\u00e1vea News","description":"Veja todas as not\u00edcias sobre o Flamengo: Contrata\u00e7\u00f5es, categorias de base, resultados das partidas, tabela de classifica\u00e7\u00e3o, pr\u00f3ximos jogos!","potentialAction":[{"@type":"SearchAction","target":{"@type":"EntryPoint","urlTemplate":"https:\/\/www.gaveanews.com\/?s={search_term_string}"},"query-input":{"@type":"PropertyValueSpecification","valueRequired":true,"valueName":"search_term_string"}}],"inLanguage":"pt-BR"},{"@type":"Person","@id":"https:\/\/www.gaveanews.com\/#\/schema\/person\/2ec14f73fb96be2caf28f91afb14749d","name":"Equipe G\u00e1vea News","image":{"@type":"ImageObject","inLanguage":"pt-BR","@id":"https:\/\/www.gaveanews.com\/#\/schema\/person\/image\/","url":"https:\/\/secure.gravatar.com\/avatar\/1e1956f1facbffd3f8fa53a326721950116b3b9dc9bd44939c01180fd4a745a9?s=96&d=mm&r=g","contentUrl":"https:\/\/secure.gravatar.com\/avatar\/1e1956f1facbffd3f8fa53a326721950116b3b9dc9bd44939c01180fd4a745a9?s=96&d=mm&r=g","caption":"Equipe G\u00e1vea News"}}]}},"_links":{"self":[{"href":"https:\/\/www.gaveanews.com\/index.php\/wp-json\/wp\/v2\/posts\/114432","targetHints":{"allow":["GET"]}}],"collection":[{"href":"https:\/\/www.gaveanews.com\/index.php\/wp-json\/wp\/v2\/posts"}],"about":[{"href":"https:\/\/www.gaveanews.com\/index.php\/wp-json\/wp\/v2\/types\/post"}],"author":[{"embeddable":true,"href":"https:\/\/www.gaveanews.com\/index.php\/wp-json\/wp\/v2\/users\/1"}],"replies":[{"embeddable":true,"href":"https:\/\/www.gaveanews.com\/index.php\/wp-json\/wp\/v2\/comments?post=114432"}],"version-history":[{"count":0,"href":"https:\/\/www.gaveanews.com\/index.php\/wp-json\/wp\/v2\/posts\/114432\/revisions"}],"wp:featuredmedia":[{"embeddable":true,"href":"https:\/\/www.gaveanews.com\/index.php\/wp-json\/wp\/v2\/media\/110238"}],"wp:attachment":[{"href":"https:\/\/www.gaveanews.com\/index.php\/wp-json\/wp\/v2\/media?parent=114432"}],"wp:term":[{"taxonomy":"category","embeddable":true,"href":"https:\/\/www.gaveanews.com\/index.php\/wp-json\/wp\/v2\/categories?post=114432"},{"taxonomy":"post_tag","embeddable":true,"href":"https:\/\/www.gaveanews.com\/index.php\/wp-json\/wp\/v2\/tags?post=114432"}],"curies":[{"name":"wp","href":"https:\/\/api.w.org\/{rel}","templated":true}]}}