{"id":115230,"date":"2023-12-08T22:25:18","date_gmt":"2023-12-09T01:25:18","guid":{"rendered":"https:\/\/www.gaveanews.com\/?p=115230"},"modified":"2024-04-07T09:42:58","modified_gmt":"2024-04-07T12:42:58","slug":"cano-deixa-a-torcida-do-fluminense-revolta-por-conta-do-flamengo-pra-rescindir-o-contato","status":"publish","type":"post","link":"https:\/\/www.gaveanews.com\/index.php\/2023\/12\/08\/cano-deixa-a-torcida-do-fluminense-revolta-por-conta-do-flamengo-pra-rescindir-o-contato\/","title":{"rendered":"Cano deixa a torcida do Fluminense revoltada por conta do Flamengo: &#8220;Pra rescindir o contato&#8221;"},"content":{"rendered":"\n<ul class=\"wp-block-list\">\n<li><a href=\"https:\/\/www.gaveanews.com\/index.php\/2023\/12\/07\/queima-de-estoque-adidas-da-ate-53-de-descontos-em-tenis-masculinos\/\">Queima de estoque: Adidas d\u00e1 at\u00e9 53% de descontos em t\u00eanis masculinos<\/a><\/li>\n<\/ul>\n\n\n\n<p>Por: Henrique Duarte<br><br>O atacante argentino Germ\u00e1n Cano tem se destacado significativamente no futebol brasileiro. Sua jornada come\u00e7ou a chamar a aten\u00e7\u00e3o no final de 2019, quando foi contratado pelo Vasco da Gama. Apesar de enfrentar desafios relacionados a quest\u00f5es financeiras e administrativas no clube, Cano mostrou seu talento em campo, impressionando com suas habilidades e dedica\u00e7\u00e3o.<\/p>\n\n\n\n<p>Sua trajet\u00f3ria no Fluminense foi igualmente not\u00e1vel. L\u00e1, Cano teve um papel muito importante na Copa Libertadores de 2023. Ele n\u00e3o apenas foi um dos destaques, mas tamb\u00e9m se sagrou artilheiro do torneio, marcando 13 gols, incluindo um na final da competi\u00e7\u00e3o.<\/p>\n\n\n\n<p>Recentemente, uma montagem de Cano vestindo uma camisa com o escudo do Flamengo viralizou e causou grande revolta entre os torcedores do Fluminense. O fato ficou ainda pior se levarmos em conta que o pr\u00f3prio jogador compartilhar a montagem. <\/p>\n\n\n\n<h2 class=\"wp-block-heading\" id=\"h-confira\">Confira:<\/h2>\n\n\n\n<blockquote class=\"twitter-tweet\"><p lang=\"pt\" dir=\"ltr\">E o Cano que repostou uma montagem em que a camisa do Fluminense est\u00e1 com o escudo do Flamengo?<br><br>\ud83d\udcf8 Reprodu\u00e7\u00e3o <a href=\"https:\/\/t.co\/ORIhsYQGgc\">pic.twitter.com\/ORIhsYQGgc<\/a><\/p>&mdash; Planeta do Futebol \ud83c\udf0e (@futebol_info) <a href=\"https:\/\/twitter.com\/futebol_info\/status\/1733255715714683080?ref_src=twsrc%5Etfw\">December 8, 2023<\/a><\/blockquote> <script async src=\"https:\/\/platform.twitter.com\/widgets.js\" charset=\"utf-8\"><\/script>\n\n\n\n<blockquote class=\"twitter-tweet\"><p lang=\"pt\" dir=\"ltr\">Ou ele faz uma publica\u00e7\u00e3o explicando e se retratando ou \u00e9 rescis\u00e3o de contrato\u2026 fodasse! <br><br>O maluco simplesmente colocou aquela merda de escudo em cima do escudo do Fluminense. <br>N\u00e3o tem cabimento!!!<\/p>&mdash; Lanzini \u1da0\u1da0\u1d9c\ud83c\udded\ud83c\uddfa \u271d\ufe0f\ud83c\uddf8\ud83c\udde6 (@lanzrramoss) <a href=\"https:\/\/twitter.com\/lanzrramoss\/status\/1733254089293619203?ref_src=twsrc%5Etfw\">December 8, 2023<\/a><\/blockquote> <script async src=\"https:\/\/platform.twitter.com\/widgets.js\" charset=\"utf-8\"><\/script>\n\n\n\n<blockquote class=\"twitter-tweet\"><p lang=\"pt\" dir=\"ltr\">t\u00f4 bem puta com oq o cano fez \ud83d\udc4d\ud83c\udffc<\/p>&mdash; bia Campe\u00e3 da Am\u00e9rica (@biacruzffc) <a href=\"https:\/\/twitter.com\/biacruzffc\/status\/1733258929671446679?ref_src=twsrc%5Etfw\">December 8, 2023<\/a><\/blockquote> <script async src=\"https:\/\/platform.twitter.com\/widgets.js\" charset=\"utf-8\"><\/script>\n\n\n\n<blockquote class=\"twitter-tweet\"><p lang=\"pt\" dir=\"ltr\">tenho uma opini\u00e3o sobre o caso do cano, mas&#8230;&#8230;.<\/p>&mdash; ana CAMPE\u00c3 DA AMERICA (@analiipo) <a href=\"https:\/\/twitter.com\/analiipo\/status\/1733256142518734860?ref_src=twsrc%5Etfw\">December 8, 2023<\/a><\/blockquote> <script async src=\"https:\/\/platform.twitter.com\/widgets.js\" charset=\"utf-8\"><\/script>\n\n\n\n<blockquote class=\"twitter-tweet\" data-conversation=\"none\"><p lang=\"pt\" dir=\"ltr\">ele quer fazer o L ao lado do BH<\/p>&mdash; \ud835\udc05\ud835\udc28\ud835\udc2b\ud835\udc2d\ud835\udc1e \u1d9c\u02b3\u1da0 (@EduardoForte9) <a href=\"https:\/\/twitter.com\/EduardoForte9\/status\/1733259341887652276?ref_src=twsrc%5Etfw\">December 8, 2023<\/a><\/blockquote> <script async src=\"https:\/\/platform.twitter.com\/widgets.js\" charset=\"utf-8\"><\/script>\n\n\n\n<blockquote class=\"twitter-tweet\" data-conversation=\"none\"><p lang=\"pt\" dir=\"ltr\">Ele tentando realizar o sonho de jogar no maior do Rio<\/p>&mdash; gabii \u1d9c\u02b3\u1da0 TRI, TETRA e OCTA \ud80c\udd50 (@gabi_nardoci) <a href=\"https:\/\/twitter.com\/gabi_nardoci\/status\/1733258666818597129?ref_src=twsrc%5Etfw\">December 8, 2023<\/a><\/blockquote> <script async src=\"https:\/\/platform.twitter.com\/widgets.js\" charset=\"utf-8\"><\/script>\n","protected":false},"excerpt":{"rendered":"<p>Por: Henrique Duarte O atacante argentino Germ\u00e1n Cano tem se destacado significativamente no futebol brasileiro. Sua jornada come\u00e7ou a chamar a aten\u00e7\u00e3o no final de 2019, quando foi contratado pelo Vasco da Gama. Apesar de enfrentar desafios relacionados a quest\u00f5es financeiras e administrativas no clube, Cano mostrou seu talento em campo, impressionando com suas habilidades [&hellip;]<\/p>\n","protected":false},"author":15,"featured_media":90115,"comment_status":"open","ping_status":"closed","sticky":false,"template":"","format":"standard","meta":{"footnotes":""},"categories":[1],"tags":[206],"class_list":["post-115230","post","type-post","status-publish","format-standard","has-post-thumbnail","hentry","category-flamengo","tag-german-ezequiel-cano"],"yoast_head":"<!-- This site is optimized with the Yoast SEO Premium plugin v24.2 (Yoast SEO v26.9) - https:\/\/yoast.com\/product\/yoast-seo-premium-wordpress\/ -->\n<title>Cano deixa a torcida do Fluminense revoltada por conta do Flamengo: &quot;Pra rescindir o contato&quot;<\/title>\n<meta name=\"robots\" content=\"index, follow, max-snippet:-1, max-image-preview:large, max-video-preview:-1\" \/>\n<link rel=\"canonical\" href=\"https:\/\/www.gaveanews.com\/index.php\/2023\/12\/08\/cano-deixa-a-torcida-do-fluminense-revolta-por-conta-do-flamengo-pra-rescindir-o-contato\/\" \/>\n<meta property=\"og:locale\" content=\"pt_BR\" \/>\n<meta property=\"og:type\" content=\"article\" \/>\n<meta property=\"og:title\" content=\"Cano deixa a torcida do Fluminense revoltada por conta do Flamengo: &quot;Pra rescindir o contato&quot;\" \/>\n<meta property=\"og:description\" content=\"Por: Henrique Duarte O atacante argentino Germ\u00e1n Cano tem se destacado significativamente no futebol brasileiro. Sua jornada come\u00e7ou a chamar a aten\u00e7\u00e3o no final de 2019, quando foi contratado pelo Vasco da Gama. Apesar de enfrentar desafios relacionados a quest\u00f5es financeiras e administrativas no clube, Cano mostrou seu talento em campo, impressionando com suas habilidades [&hellip;]\" \/>\n<meta property=\"og:url\" content=\"https:\/\/www.gaveanews.com\/index.php\/2023\/12\/08\/cano-deixa-a-torcida-do-fluminense-revolta-por-conta-do-flamengo-pra-rescindir-o-contato\/\" \/>\n<meta property=\"og:site_name\" content=\"G\u00e1vea News\" \/>\n<meta property=\"article:publisher\" content=\"https:\/\/facebook.com\/gaveaNews\/\" \/>\n<meta property=\"article:published_time\" content=\"2023-12-09T01:25:18+00:00\" \/>\n<meta property=\"article:modified_time\" content=\"2024-04-07T12:42:58+00:00\" \/>\n<meta property=\"og:image\" content=\"https:\/\/www.gaveanews.com\/wp-content\/uploads\/gabigol-cano-flamengo-fluminense.webp\" \/>\n\t<meta property=\"og:image:width\" content=\"799\" \/>\n\t<meta property=\"og:image:height\" content=\"533\" \/>\n\t<meta property=\"og:image:type\" content=\"image\/jpeg\" \/>\n<meta name=\"author\" content=\"Henrique Machado\" \/>\n<meta name=\"twitter:card\" content=\"summary_large_image\" \/>\n<meta name=\"twitter:label1\" content=\"Escrito por\" \/>\n\t<meta name=\"twitter:data1\" content=\"Henrique Machado\" \/>\n\t<meta name=\"twitter:label2\" content=\"Est. tempo de leitura\" \/>\n\t<meta name=\"twitter:data2\" content=\"1 minuto\" \/>\n<script type=\"application\/ld+json\" class=\"yoast-schema-graph\">{\"@context\":\"https:\/\/schema.org\",\"@graph\":[{\"@type\":\"NewsArticle\",\"@id\":\"https:\/\/www.gaveanews.com\/index.php\/2023\/12\/08\/cano-deixa-a-torcida-do-fluminense-revolta-por-conta-do-flamengo-pra-rescindir-o-contato\/#article\",\"isPartOf\":{\"@id\":\"https:\/\/www.gaveanews.com\/index.php\/2023\/12\/08\/cano-deixa-a-torcida-do-fluminense-revolta-por-conta-do-flamengo-pra-rescindir-o-contato\/\"},\"author\":{\"name\":\"Henrique Machado\",\"@id\":\"https:\/\/www.gaveanews.com\/#\/schema\/person\/fd07635ec039ec3ba74ad18ec8a6dbd6\"},\"headline\":\"Cano deixa a torcida do Fluminense revoltada por conta do Flamengo: &#8220;Pra rescindir o contato&#8221;\",\"datePublished\":\"2023-12-09T01:25:18+00:00\",\"dateModified\":\"2024-04-07T12:42:58+00:00\",\"mainEntityOfPage\":{\"@id\":\"https:\/\/www.gaveanews.com\/index.php\/2023\/12\/08\/cano-deixa-a-torcida-do-fluminense-revolta-por-conta-do-flamengo-pra-rescindir-o-contato\/\"},\"wordCount\":309,\"commentCount\":0,\"image\":{\"@id\":\"https:\/\/www.gaveanews.com\/index.php\/2023\/12\/08\/cano-deixa-a-torcida-do-fluminense-revolta-por-conta-do-flamengo-pra-rescindir-o-contato\/#primaryimage\"},\"thumbnailUrl\":\"https:\/\/www.gaveanews.com\/wp-content\/uploads\/gabigol-cano-flamengo-fluminense.webp\",\"keywords\":[\"Germ\u00e1n Ezequiel Cano\"],\"articleSection\":[\"Flamengo\"],\"inLanguage\":\"pt-BR\",\"potentialAction\":[{\"@type\":\"CommentAction\",\"name\":\"Comment\",\"target\":[\"https:\/\/www.gaveanews.com\/index.php\/2023\/12\/08\/cano-deixa-a-torcida-do-fluminense-revolta-por-conta-do-flamengo-pra-rescindir-o-contato\/#respond\"]}],\"copyrightYear\":\"2023\",\"copyrightHolder\":{\"@id\":\"https:\/\/www.gaveanews.com\/#organization\"}},{\"@type\":\"WebPage\",\"@id\":\"https:\/\/www.gaveanews.com\/index.php\/2023\/12\/08\/cano-deixa-a-torcida-do-fluminense-revolta-por-conta-do-flamengo-pra-rescindir-o-contato\/\",\"url\":\"https:\/\/www.gaveanews.com\/index.php\/2023\/12\/08\/cano-deixa-a-torcida-do-fluminense-revolta-por-conta-do-flamengo-pra-rescindir-o-contato\/\",\"name\":\"Cano deixa a torcida do Fluminense revoltada por conta do Flamengo: \\\"Pra rescindir o contato\\\"\",\"isPartOf\":{\"@id\":\"https:\/\/www.gaveanews.com\/#website\"},\"primaryImageOfPage\":{\"@id\":\"https:\/\/www.gaveanews.com\/index.php\/2023\/12\/08\/cano-deixa-a-torcida-do-fluminense-revolta-por-conta-do-flamengo-pra-rescindir-o-contato\/#primaryimage\"},\"image\":{\"@id\":\"https:\/\/www.gaveanews.com\/index.php\/2023\/12\/08\/cano-deixa-a-torcida-do-fluminense-revolta-por-conta-do-flamengo-pra-rescindir-o-contato\/#primaryimage\"},\"thumbnailUrl\":\"https:\/\/www.gaveanews.com\/wp-content\/uploads\/gabigol-cano-flamengo-fluminense.webp\",\"datePublished\":\"2023-12-09T01:25:18+00:00\",\"dateModified\":\"2024-04-07T12:42:58+00:00\",\"author\":{\"@id\":\"https:\/\/www.gaveanews.com\/#\/schema\/person\/fd07635ec039ec3ba74ad18ec8a6dbd6\"},\"breadcrumb\":{\"@id\":\"https:\/\/www.gaveanews.com\/index.php\/2023\/12\/08\/cano-deixa-a-torcida-do-fluminense-revolta-por-conta-do-flamengo-pra-rescindir-o-contato\/#breadcrumb\"},\"inLanguage\":\"pt-BR\",\"potentialAction\":[{\"@type\":\"ReadAction\",\"target\":[\"https:\/\/www.gaveanews.com\/index.php\/2023\/12\/08\/cano-deixa-a-torcida-do-fluminense-revolta-por-conta-do-flamengo-pra-rescindir-o-contato\/\"]}]},{\"@type\":\"ImageObject\",\"inLanguage\":\"pt-BR\",\"@id\":\"https:\/\/www.gaveanews.com\/index.php\/2023\/12\/08\/cano-deixa-a-torcida-do-fluminense-revolta-por-conta-do-flamengo-pra-rescindir-o-contato\/#primaryimage\",\"url\":\"https:\/\/www.gaveanews.com\/wp-content\/uploads\/gabigol-cano-flamengo-fluminense.webp\",\"contentUrl\":\"https:\/\/www.gaveanews.com\/wp-content\/uploads\/gabigol-cano-flamengo-fluminense.webp\",\"width\":799,\"height\":533,\"caption\":\"Gabigol e Cano disputam bola em cl\u00e1ssico entre Flamengo e Fluminense (Foto: Gilvan de Souza\/Flamengo)\"},{\"@type\":\"BreadcrumbList\",\"@id\":\"https:\/\/www.gaveanews.com\/index.php\/2023\/12\/08\/cano-deixa-a-torcida-do-fluminense-revolta-por-conta-do-flamengo-pra-rescindir-o-contato\/#breadcrumb\",\"itemListElement\":[{\"@type\":\"ListItem\",\"position\":1,\"name\":\"Home\",\"item\":\"https:\/\/www.gaveanews.com\/\"},{\"@type\":\"ListItem\",\"position\":2,\"name\":\"Cano deixa a torcida do Fluminense revoltada por conta do Flamengo: &#8220;Pra rescindir o contato&#8221;\"}]},{\"@type\":\"WebSite\",\"@id\":\"https:\/\/www.gaveanews.com\/#website\",\"url\":\"https:\/\/www.gaveanews.com\/\",\"name\":\"G\u00e1vea News\",\"description\":\"Veja todas as not\u00edcias sobre o Flamengo: Contrata\u00e7\u00f5es, categorias de base, resultados das partidas, tabela de classifica\u00e7\u00e3o, pr\u00f3ximos jogos!\",\"potentialAction\":[{\"@type\":\"SearchAction\",\"target\":{\"@type\":\"EntryPoint\",\"urlTemplate\":\"https:\/\/www.gaveanews.com\/?s={search_term_string}\"},\"query-input\":{\"@type\":\"PropertyValueSpecification\",\"valueRequired\":true,\"valueName\":\"search_term_string\"}}],\"inLanguage\":\"pt-BR\"},{\"@type\":\"Person\",\"@id\":\"https:\/\/www.gaveanews.com\/#\/schema\/person\/fd07635ec039ec3ba74ad18ec8a6dbd6\",\"name\":\"Henrique Machado\",\"image\":{\"@type\":\"ImageObject\",\"inLanguage\":\"pt-BR\",\"@id\":\"https:\/\/www.gaveanews.com\/#\/schema\/person\/image\/\",\"url\":\"https:\/\/secure.gravatar.com\/avatar\/b95e35997e01d9800c1b6184bd79d4d898d370a3fce2584f5c77b907d5c7d9e9?s=96&d=mm&r=g\",\"contentUrl\":\"https:\/\/secure.gravatar.com\/avatar\/b95e35997e01d9800c1b6184bd79d4d898d370a3fce2584f5c77b907d5c7d9e9?s=96&d=mm&r=g\",\"caption\":\"Henrique Machado\"}}]}<\/script>\n<!-- \/ Yoast SEO Premium plugin. -->","yoast_head_json":{"title":"Cano deixa a torcida do Fluminense revoltada por conta do Flamengo: \"Pra rescindir o contato\"","robots":{"index":"index","follow":"follow","max-snippet":"max-snippet:-1","max-image-preview":"max-image-preview:large","max-video-preview":"max-video-preview:-1"},"canonical":"https:\/\/www.gaveanews.com\/index.php\/2023\/12\/08\/cano-deixa-a-torcida-do-fluminense-revolta-por-conta-do-flamengo-pra-rescindir-o-contato\/","og_locale":"pt_BR","og_type":"article","og_title":"Cano deixa a torcida do Fluminense revoltada por conta do Flamengo: \"Pra rescindir o contato\"","og_description":"Por: Henrique Duarte O atacante argentino Germ\u00e1n Cano tem se destacado significativamente no futebol brasileiro. Sua jornada come\u00e7ou a chamar a aten\u00e7\u00e3o no final de 2019, quando foi contratado pelo Vasco da Gama. Apesar de enfrentar desafios relacionados a quest\u00f5es financeiras e administrativas no clube, Cano mostrou seu talento em campo, impressionando com suas habilidades [&hellip;]","og_url":"https:\/\/www.gaveanews.com\/index.php\/2023\/12\/08\/cano-deixa-a-torcida-do-fluminense-revolta-por-conta-do-flamengo-pra-rescindir-o-contato\/","og_site_name":"G\u00e1vea News","article_publisher":"https:\/\/facebook.com\/gaveaNews\/","article_published_time":"2023-12-09T01:25:18+00:00","article_modified_time":"2024-04-07T12:42:58+00:00","og_image":[{"width":799,"height":533,"url":"https:\/\/www.gaveanews.com\/wp-content\/uploads\/gabigol-cano-flamengo-fluminense.webp","type":"image\/jpeg"}],"author":"Henrique Machado","twitter_card":"summary_large_image","twitter_misc":{"Escrito por":"Henrique Machado","Est. tempo de leitura":"1 minuto"},"schema":{"@context":"https:\/\/schema.org","@graph":[{"@type":"NewsArticle","@id":"https:\/\/www.gaveanews.com\/index.php\/2023\/12\/08\/cano-deixa-a-torcida-do-fluminense-revolta-por-conta-do-flamengo-pra-rescindir-o-contato\/#article","isPartOf":{"@id":"https:\/\/www.gaveanews.com\/index.php\/2023\/12\/08\/cano-deixa-a-torcida-do-fluminense-revolta-por-conta-do-flamengo-pra-rescindir-o-contato\/"},"author":{"name":"Henrique Machado","@id":"https:\/\/www.gaveanews.com\/#\/schema\/person\/fd07635ec039ec3ba74ad18ec8a6dbd6"},"headline":"Cano deixa a torcida do Fluminense revoltada por conta do Flamengo: &#8220;Pra rescindir o contato&#8221;","datePublished":"2023-12-09T01:25:18+00:00","dateModified":"2024-04-07T12:42:58+00:00","mainEntityOfPage":{"@id":"https:\/\/www.gaveanews.com\/index.php\/2023\/12\/08\/cano-deixa-a-torcida-do-fluminense-revolta-por-conta-do-flamengo-pra-rescindir-o-contato\/"},"wordCount":309,"commentCount":0,"image":{"@id":"https:\/\/www.gaveanews.com\/index.php\/2023\/12\/08\/cano-deixa-a-torcida-do-fluminense-revolta-por-conta-do-flamengo-pra-rescindir-o-contato\/#primaryimage"},"thumbnailUrl":"https:\/\/www.gaveanews.com\/wp-content\/uploads\/gabigol-cano-flamengo-fluminense.webp","keywords":["Germ\u00e1n Ezequiel Cano"],"articleSection":["Flamengo"],"inLanguage":"pt-BR","potentialAction":[{"@type":"CommentAction","name":"Comment","target":["https:\/\/www.gaveanews.com\/index.php\/2023\/12\/08\/cano-deixa-a-torcida-do-fluminense-revolta-por-conta-do-flamengo-pra-rescindir-o-contato\/#respond"]}],"copyrightYear":"2023","copyrightHolder":{"@id":"https:\/\/www.gaveanews.com\/#organization"}},{"@type":"WebPage","@id":"https:\/\/www.gaveanews.com\/index.php\/2023\/12\/08\/cano-deixa-a-torcida-do-fluminense-revolta-por-conta-do-flamengo-pra-rescindir-o-contato\/","url":"https:\/\/www.gaveanews.com\/index.php\/2023\/12\/08\/cano-deixa-a-torcida-do-fluminense-revolta-por-conta-do-flamengo-pra-rescindir-o-contato\/","name":"Cano deixa a torcida do Fluminense revoltada por conta do Flamengo: \"Pra rescindir o contato\"","isPartOf":{"@id":"https:\/\/www.gaveanews.com\/#website"},"primaryImageOfPage":{"@id":"https:\/\/www.gaveanews.com\/index.php\/2023\/12\/08\/cano-deixa-a-torcida-do-fluminense-revolta-por-conta-do-flamengo-pra-rescindir-o-contato\/#primaryimage"},"image":{"@id":"https:\/\/www.gaveanews.com\/index.php\/2023\/12\/08\/cano-deixa-a-torcida-do-fluminense-revolta-por-conta-do-flamengo-pra-rescindir-o-contato\/#primaryimage"},"thumbnailUrl":"https:\/\/www.gaveanews.com\/wp-content\/uploads\/gabigol-cano-flamengo-fluminense.webp","datePublished":"2023-12-09T01:25:18+00:00","dateModified":"2024-04-07T12:42:58+00:00","author":{"@id":"https:\/\/www.gaveanews.com\/#\/schema\/person\/fd07635ec039ec3ba74ad18ec8a6dbd6"},"breadcrumb":{"@id":"https:\/\/www.gaveanews.com\/index.php\/2023\/12\/08\/cano-deixa-a-torcida-do-fluminense-revolta-por-conta-do-flamengo-pra-rescindir-o-contato\/#breadcrumb"},"inLanguage":"pt-BR","potentialAction":[{"@type":"ReadAction","target":["https:\/\/www.gaveanews.com\/index.php\/2023\/12\/08\/cano-deixa-a-torcida-do-fluminense-revolta-por-conta-do-flamengo-pra-rescindir-o-contato\/"]}]},{"@type":"ImageObject","inLanguage":"pt-BR","@id":"https:\/\/www.gaveanews.com\/index.php\/2023\/12\/08\/cano-deixa-a-torcida-do-fluminense-revolta-por-conta-do-flamengo-pra-rescindir-o-contato\/#primaryimage","url":"https:\/\/www.gaveanews.com\/wp-content\/uploads\/gabigol-cano-flamengo-fluminense.webp","contentUrl":"https:\/\/www.gaveanews.com\/wp-content\/uploads\/gabigol-cano-flamengo-fluminense.webp","width":799,"height":533,"caption":"Gabigol e Cano disputam bola em cl\u00e1ssico entre Flamengo e Fluminense (Foto: Gilvan de Souza\/Flamengo)"},{"@type":"BreadcrumbList","@id":"https:\/\/www.gaveanews.com\/index.php\/2023\/12\/08\/cano-deixa-a-torcida-do-fluminense-revolta-por-conta-do-flamengo-pra-rescindir-o-contato\/#breadcrumb","itemListElement":[{"@type":"ListItem","position":1,"name":"Home","item":"https:\/\/www.gaveanews.com\/"},{"@type":"ListItem","position":2,"name":"Cano deixa a torcida do Fluminense revoltada por conta do Flamengo: &#8220;Pra rescindir o contato&#8221;"}]},{"@type":"WebSite","@id":"https:\/\/www.gaveanews.com\/#website","url":"https:\/\/www.gaveanews.com\/","name":"G\u00e1vea News","description":"Veja todas as not\u00edcias sobre o Flamengo: Contrata\u00e7\u00f5es, categorias de base, resultados das partidas, tabela de classifica\u00e7\u00e3o, pr\u00f3ximos jogos!","potentialAction":[{"@type":"SearchAction","target":{"@type":"EntryPoint","urlTemplate":"https:\/\/www.gaveanews.com\/?s={search_term_string}"},"query-input":{"@type":"PropertyValueSpecification","valueRequired":true,"valueName":"search_term_string"}}],"inLanguage":"pt-BR"},{"@type":"Person","@id":"https:\/\/www.gaveanews.com\/#\/schema\/person\/fd07635ec039ec3ba74ad18ec8a6dbd6","name":"Henrique Machado","image":{"@type":"ImageObject","inLanguage":"pt-BR","@id":"https:\/\/www.gaveanews.com\/#\/schema\/person\/image\/","url":"https:\/\/secure.gravatar.com\/avatar\/b95e35997e01d9800c1b6184bd79d4d898d370a3fce2584f5c77b907d5c7d9e9?s=96&d=mm&r=g","contentUrl":"https:\/\/secure.gravatar.com\/avatar\/b95e35997e01d9800c1b6184bd79d4d898d370a3fce2584f5c77b907d5c7d9e9?s=96&d=mm&r=g","caption":"Henrique Machado"}}]}},"_links":{"self":[{"href":"https:\/\/www.gaveanews.com\/index.php\/wp-json\/wp\/v2\/posts\/115230","targetHints":{"allow":["GET"]}}],"collection":[{"href":"https:\/\/www.gaveanews.com\/index.php\/wp-json\/wp\/v2\/posts"}],"about":[{"href":"https:\/\/www.gaveanews.com\/index.php\/wp-json\/wp\/v2\/types\/post"}],"author":[{"embeddable":true,"href":"https:\/\/www.gaveanews.com\/index.php\/wp-json\/wp\/v2\/users\/15"}],"replies":[{"embeddable":true,"href":"https:\/\/www.gaveanews.com\/index.php\/wp-json\/wp\/v2\/comments?post=115230"}],"version-history":[{"count":1,"href":"https:\/\/www.gaveanews.com\/index.php\/wp-json\/wp\/v2\/posts\/115230\/revisions"}],"predecessor-version":[{"id":137148,"href":"https:\/\/www.gaveanews.com\/index.php\/wp-json\/wp\/v2\/posts\/115230\/revisions\/137148"}],"wp:featuredmedia":[{"embeddable":true,"href":"https:\/\/www.gaveanews.com\/index.php\/wp-json\/wp\/v2\/media\/90115"}],"wp:attachment":[{"href":"https:\/\/www.gaveanews.com\/index.php\/wp-json\/wp\/v2\/media?parent=115230"}],"wp:term":[{"taxonomy":"category","embeddable":true,"href":"https:\/\/www.gaveanews.com\/index.php\/wp-json\/wp\/v2\/categories?post=115230"},{"taxonomy":"post_tag","embeddable":true,"href":"https:\/\/www.gaveanews.com\/index.php\/wp-json\/wp\/v2\/tags?post=115230"}],"curies":[{"name":"wp","href":"https:\/\/api.w.org\/{rel}","templated":true}]}}