{"id":115476,"date":"2023-12-09T23:26:06","date_gmt":"2023-12-10T02:26:06","guid":{"rendered":"https:\/\/www.gaveanews.com\/?p=115476"},"modified":"2024-04-07T09:08:41","modified_gmt":"2024-04-07T12:08:41","slug":"tv-de-portugal-escolhe-time-ideal-entre-flamengo-de-jorge-jesus-e-palmeiras-de-abel-ferreira-veja-quem-ganhou","status":"publish","type":"post","link":"https:\/\/www.gaveanews.com\/index.php\/2023\/12\/09\/tv-de-portugal-escolhe-time-ideal-entre-flamengo-de-jorge-jesus-e-palmeiras-de-abel-ferreira-veja-quem-ganhou\/","title":{"rendered":"TV de Portugal escolhe time ideal entre Flamengo de Jorge Jesus e Palmeiras de Abel ferreira; veja quem ganhou"},"content":{"rendered":"\n<p>Em um programa inovador e intrigante, o Canal 11 de Portugal aceitou o desafio de formar uma equipe ideal, combinando os melhores jogadores do Flamengo sob a lideran\u00e7a de Jorge Jesus e do Palmeiras sob a gest\u00e3o de Abel Ferreira. Para isso, o programa utilizou um m\u00e9todo de compara\u00e7\u00e3o direta, emparelhando jogadores de posi\u00e7\u00f5es correspondentes para estabelecer um crit\u00e9rio justo e imparcial.<\/p>\n\n\n\n<p>Representando o Flamengo, foram selecionados Diego Alves, Rafinha, Rodrigo Caio, Pablo Mar\u00ed, Filipe Lu\u00eds, Willian Ar\u00e3o, Gerson, Arrascaeta, Everton Ribeiro, Bruno Henrique e Gabigol. Por outro lado, o Palmeiras teve Weverton, Marcos Rocha, Gustavo G\u00f3mez, Murilo, Piquerez, Danilo, Gabriel Menino, Gustavo Scarpa, Raphael Veiga, Dudu e Endrick como seus representantes.<\/p>\n\n\n\n<p>O programa enfrentou alguns desafios, especialmente ao comparar jogadores de caracter\u00edsticas distintas, como foi o caso de Everton Ribeiro e Danilo. No entanto, a an\u00e1lise cuidadosa levou a uma sele\u00e7\u00e3o final que viu sete jogadores do Flamengo e quatro do Palmeiras formarem o time ideal.<\/p>\n\n\n\n<p>A equipe resultante, um verdadeiro esquadr\u00e3o dos sonhos, foi composta por Weverton; Rafinha, Gustavo G\u00f3mez, Pablo Mar\u00ed, Filipe Lu\u00eds; Gabriel Menino, Gerson, Arrascaeta, Everton Ribeiro; Dudu e Gabigol. Este time reflete a excel\u00eancia e a diversidade do futebol brasileiro, destacando o impacto significativo dos t\u00e9cnicos portugueses no cen\u00e1rio esportivo nacional. \u00c9 uma homenagem merecida aos jogadores que marcaram suas \u00e9pocas sob a orienta\u00e7\u00e3o de Jorge Jesus e Abel Ferreira, dois treinadores que deixaram uma marca indel\u00e9vel no futebol brasileiro.<\/p>\n\n\n\n<h2 class=\"wp-block-heading\" id=\"h-veja-os-vencedores-de-cada-duelo\">Veja os vencedores de cada duelo:<\/h2>\n\n\n\n<ul class=\"wp-block-list\">\n<li>WEVERTON ganhou de DIEGO ALVES<\/li>\n\n\n\n<li>RAFINHA ganhou de MARCOS ROCHA<\/li>\n\n\n\n<li>GUSTAVO G\u00d3MEZ ganhou de RODRIGO CAIO<\/li>\n\n\n\n<li>PABLO MAR\u00cd ganhou de MURILO<\/li>\n\n\n\n<li>FILIPE LUIS ganhou de PIQUEREZ<\/li>\n\n\n\n<li>GABRIEL MENINO ganhou de WILLIAN AR\u00c3O<\/li>\n\n\n\n<li>GERSON ganhou de GUSTAVO SCARPA<\/li>\n\n\n\n<li>ARRASCAETA ganhou de RAPHAEL VEIGA<\/li>\n\n\n\n<li>EVERTON RIBEIRO ganhou de DANILO<\/li>\n\n\n\n<li>DUDU ganhou de BRUNO HENRIQUE<\/li>\n\n\n\n<li>GABIGOL ganhou de ENDRICK<\/li>\n<\/ul>\n\n\n\n<p>Dessa forma, o time do Flamengo de Jorge Jesus ganhando por 7 a 4 contra o Palmeiras de Abel ferreira.<\/p>\n\n\n\n<p>A equipe resultante, um verdadeiro esquadr\u00e3o dos sonhos, foi composta por Weverton; Rafinha, Gustavo G\u00f3mez, Pablo Mar\u00ed, Filipe Lu\u00eds; Gabriel Menino, Gerson, Arrascaeta, Everton Ribeiro; Dudu e Gabigol. Este time reflete a excel\u00eancia e a diversidade do futebol brasileiro, destacando o impacto significativo dos t\u00e9cnicos portugueses no cen\u00e1rio esportivo nacional. \u00c9 uma homenagem merecida aos jogadores que marcaram suas \u00e9pocas sob a orienta\u00e7\u00e3o de Jorge Jesus e Abel Ferreira, dois treinadores que deixaram uma marca indel\u00e9vel no futebol brasileiro.<\/p>\n","protected":false},"excerpt":{"rendered":"<p>Em um programa inovador e intrigante, o Canal 11 de Portugal aceitou o desafio de formar uma equipe ideal, combinando os melhores jogadores do Flamengo sob a lideran\u00e7a de Jorge Jesus e do Palmeiras sob a gest\u00e3o de Abel Ferreira. Para isso, o programa utilizou um m\u00e9todo de compara\u00e7\u00e3o direta, emparelhando jogadores de posi\u00e7\u00f5es correspondentes [&hellip;]<\/p>\n","protected":false},"author":6,"featured_media":70094,"comment_status":"open","ping_status":"closed","sticky":false,"template":"","format":"standard","meta":{"footnotes":""},"categories":[1],"tags":[201,197],"class_list":["post-115476","post","type-post","status-publish","format-standard","has-post-thumbnail","hentry","category-flamengo","tag-abel-fernando-moreira-ferreira","tag-jorge-jesus"],"yoast_head":"<!-- This site is optimized with the Yoast SEO Premium plugin v24.2 (Yoast SEO v26.9) - https:\/\/yoast.com\/product\/yoast-seo-premium-wordpress\/ -->\n<title>TV de Portugal escolhe time ideal entre Flamengo de Jorge Jesus e Palmeiras de Abel ferreira; veja quem ganhou<\/title>\n<meta name=\"robots\" content=\"index, follow, max-snippet:-1, max-image-preview:large, max-video-preview:-1\" \/>\n<link rel=\"canonical\" href=\"https:\/\/www.gaveanews.com\/index.php\/2023\/12\/09\/tv-de-portugal-escolhe-time-ideal-entre-flamengo-de-jorge-jesus-e-palmeiras-de-abel-ferreira-veja-quem-ganhou\/\" \/>\n<meta property=\"og:locale\" content=\"pt_BR\" \/>\n<meta property=\"og:type\" content=\"article\" \/>\n<meta property=\"og:title\" content=\"TV de Portugal escolhe time ideal entre Flamengo de Jorge Jesus e Palmeiras de Abel ferreira; veja quem ganhou\" \/>\n<meta property=\"og:description\" content=\"Em um programa inovador e intrigante, o Canal 11 de Portugal aceitou o desafio de formar uma equipe ideal, combinando os melhores jogadores do Flamengo sob a lideran\u00e7a de Jorge Jesus e do Palmeiras sob a gest\u00e3o de Abel Ferreira. Para isso, o programa utilizou um m\u00e9todo de compara\u00e7\u00e3o direta, emparelhando jogadores de posi\u00e7\u00f5es correspondentes [&hellip;]\" \/>\n<meta property=\"og:url\" content=\"https:\/\/www.gaveanews.com\/index.php\/2023\/12\/09\/tv-de-portugal-escolhe-time-ideal-entre-flamengo-de-jorge-jesus-e-palmeiras-de-abel-ferreira-veja-quem-ganhou\/\" \/>\n<meta property=\"og:site_name\" content=\"G\u00e1vea News\" \/>\n<meta property=\"article:publisher\" content=\"https:\/\/facebook.com\/gaveaNews\/\" \/>\n<meta property=\"article:published_time\" content=\"2023-12-10T02:26:06+00:00\" \/>\n<meta property=\"article:modified_time\" content=\"2024-04-07T12:08:41+00:00\" \/>\n<meta property=\"og:image\" content=\"https:\/\/www.gaveanews.com\/wp-content\/uploads\/Jogadores-erguem-Jorge-Jesus-apos-Flamengo-conquistar-titulo.webp\" \/>\n\t<meta property=\"og:image:width\" content=\"640\" \/>\n\t<meta property=\"og:image:height\" content=\"400\" \/>\n\t<meta property=\"og:image:type\" content=\"image\/jpeg\" \/>\n<meta name=\"author\" content=\"Leonardo Ant\u00f4nio\" \/>\n<meta name=\"twitter:card\" content=\"summary_large_image\" \/>\n<meta name=\"twitter:label1\" content=\"Escrito por\" \/>\n\t<meta name=\"twitter:data1\" content=\"Leonardo Ant\u00f4nio\" \/>\n\t<meta name=\"twitter:label2\" content=\"Est. tempo de leitura\" \/>\n\t<meta name=\"twitter:data2\" content=\"3 minutos\" \/>\n<script type=\"application\/ld+json\" class=\"yoast-schema-graph\">{\"@context\":\"https:\/\/schema.org\",\"@graph\":[{\"@type\":\"NewsArticle\",\"@id\":\"https:\/\/www.gaveanews.com\/index.php\/2023\/12\/09\/tv-de-portugal-escolhe-time-ideal-entre-flamengo-de-jorge-jesus-e-palmeiras-de-abel-ferreira-veja-quem-ganhou\/#article\",\"isPartOf\":{\"@id\":\"https:\/\/www.gaveanews.com\/index.php\/2023\/12\/09\/tv-de-portugal-escolhe-time-ideal-entre-flamengo-de-jorge-jesus-e-palmeiras-de-abel-ferreira-veja-quem-ganhou\/\"},\"author\":{\"name\":\"Leonardo Ant\u00f4nio\",\"@id\":\"https:\/\/www.gaveanews.com\/#\/schema\/person\/2d29802e96a726e735077717fb5c6f20\"},\"headline\":\"TV de Portugal escolhe time ideal entre Flamengo de Jorge Jesus e Palmeiras de Abel ferreira; veja quem ganhou\",\"datePublished\":\"2023-12-10T02:26:06+00:00\",\"dateModified\":\"2024-04-07T12:08:41+00:00\",\"mainEntityOfPage\":{\"@id\":\"https:\/\/www.gaveanews.com\/index.php\/2023\/12\/09\/tv-de-portugal-escolhe-time-ideal-entre-flamengo-de-jorge-jesus-e-palmeiras-de-abel-ferreira-veja-quem-ganhou\/\"},\"wordCount\":441,\"commentCount\":0,\"image\":{\"@id\":\"https:\/\/www.gaveanews.com\/index.php\/2023\/12\/09\/tv-de-portugal-escolhe-time-ideal-entre-flamengo-de-jorge-jesus-e-palmeiras-de-abel-ferreira-veja-quem-ganhou\/#primaryimage\"},\"thumbnailUrl\":\"https:\/\/www.gaveanews.com\/wp-content\/uploads\/Jogadores-erguem-Jorge-Jesus-apos-Flamengo-conquistar-titulo.webp\",\"keywords\":[\"Abel Fernando Moreira Ferreira\",\"Jorge Jesus\"],\"articleSection\":[\"Flamengo\"],\"inLanguage\":\"pt-BR\",\"potentialAction\":[{\"@type\":\"CommentAction\",\"name\":\"Comment\",\"target\":[\"https:\/\/www.gaveanews.com\/index.php\/2023\/12\/09\/tv-de-portugal-escolhe-time-ideal-entre-flamengo-de-jorge-jesus-e-palmeiras-de-abel-ferreira-veja-quem-ganhou\/#respond\"]}],\"copyrightYear\":\"2023\",\"copyrightHolder\":{\"@id\":\"https:\/\/www.gaveanews.com\/#organization\"}},{\"@type\":\"WebPage\",\"@id\":\"https:\/\/www.gaveanews.com\/index.php\/2023\/12\/09\/tv-de-portugal-escolhe-time-ideal-entre-flamengo-de-jorge-jesus-e-palmeiras-de-abel-ferreira-veja-quem-ganhou\/\",\"url\":\"https:\/\/www.gaveanews.com\/index.php\/2023\/12\/09\/tv-de-portugal-escolhe-time-ideal-entre-flamengo-de-jorge-jesus-e-palmeiras-de-abel-ferreira-veja-quem-ganhou\/\",\"name\":\"TV de Portugal escolhe time ideal entre Flamengo de Jorge Jesus e Palmeiras de Abel ferreira; veja quem ganhou\",\"isPartOf\":{\"@id\":\"https:\/\/www.gaveanews.com\/#website\"},\"primaryImageOfPage\":{\"@id\":\"https:\/\/www.gaveanews.com\/index.php\/2023\/12\/09\/tv-de-portugal-escolhe-time-ideal-entre-flamengo-de-jorge-jesus-e-palmeiras-de-abel-ferreira-veja-quem-ganhou\/#primaryimage\"},\"image\":{\"@id\":\"https:\/\/www.gaveanews.com\/index.php\/2023\/12\/09\/tv-de-portugal-escolhe-time-ideal-entre-flamengo-de-jorge-jesus-e-palmeiras-de-abel-ferreira-veja-quem-ganhou\/#primaryimage\"},\"thumbnailUrl\":\"https:\/\/www.gaveanews.com\/wp-content\/uploads\/Jogadores-erguem-Jorge-Jesus-apos-Flamengo-conquistar-titulo.webp\",\"datePublished\":\"2023-12-10T02:26:06+00:00\",\"dateModified\":\"2024-04-07T12:08:41+00:00\",\"author\":{\"@id\":\"https:\/\/www.gaveanews.com\/#\/schema\/person\/2d29802e96a726e735077717fb5c6f20\"},\"breadcrumb\":{\"@id\":\"https:\/\/www.gaveanews.com\/index.php\/2023\/12\/09\/tv-de-portugal-escolhe-time-ideal-entre-flamengo-de-jorge-jesus-e-palmeiras-de-abel-ferreira-veja-quem-ganhou\/#breadcrumb\"},\"inLanguage\":\"pt-BR\",\"potentialAction\":[{\"@type\":\"ReadAction\",\"target\":[\"https:\/\/www.gaveanews.com\/index.php\/2023\/12\/09\/tv-de-portugal-escolhe-time-ideal-entre-flamengo-de-jorge-jesus-e-palmeiras-de-abel-ferreira-veja-quem-ganhou\/\"]}]},{\"@type\":\"ImageObject\",\"inLanguage\":\"pt-BR\",\"@id\":\"https:\/\/www.gaveanews.com\/index.php\/2023\/12\/09\/tv-de-portugal-escolhe-time-ideal-entre-flamengo-de-jorge-jesus-e-palmeiras-de-abel-ferreira-veja-quem-ganhou\/#primaryimage\",\"url\":\"https:\/\/www.gaveanews.com\/wp-content\/uploads\/Jogadores-erguem-Jorge-Jesus-apos-Flamengo-conquistar-titulo.webp\",\"contentUrl\":\"https:\/\/www.gaveanews.com\/wp-content\/uploads\/Jogadores-erguem-Jorge-Jesus-apos-Flamengo-conquistar-titulo.webp\",\"width\":640,\"height\":400,\"caption\":\"Jogadores erguem Jorge Jesus ap\u00f3s Flamengo conquistar t\u00edtulo (Foto: Andr\u00e9 Mour\u00e3o\/GE)\"},{\"@type\":\"BreadcrumbList\",\"@id\":\"https:\/\/www.gaveanews.com\/index.php\/2023\/12\/09\/tv-de-portugal-escolhe-time-ideal-entre-flamengo-de-jorge-jesus-e-palmeiras-de-abel-ferreira-veja-quem-ganhou\/#breadcrumb\",\"itemListElement\":[{\"@type\":\"ListItem\",\"position\":1,\"name\":\"Home\",\"item\":\"https:\/\/www.gaveanews.com\/\"},{\"@type\":\"ListItem\",\"position\":2,\"name\":\"TV de Portugal escolhe time ideal entre Flamengo de Jorge Jesus e Palmeiras de Abel ferreira; veja quem ganhou\"}]},{\"@type\":\"WebSite\",\"@id\":\"https:\/\/www.gaveanews.com\/#website\",\"url\":\"https:\/\/www.gaveanews.com\/\",\"name\":\"G\u00e1vea News\",\"description\":\"Veja todas as not\u00edcias sobre o Flamengo: Contrata\u00e7\u00f5es, categorias de base, resultados das partidas, tabela de classifica\u00e7\u00e3o, pr\u00f3ximos jogos!\",\"potentialAction\":[{\"@type\":\"SearchAction\",\"target\":{\"@type\":\"EntryPoint\",\"urlTemplate\":\"https:\/\/www.gaveanews.com\/?s={search_term_string}\"},\"query-input\":{\"@type\":\"PropertyValueSpecification\",\"valueRequired\":true,\"valueName\":\"search_term_string\"}}],\"inLanguage\":\"pt-BR\"},{\"@type\":\"Person\",\"@id\":\"https:\/\/www.gaveanews.com\/#\/schema\/person\/2d29802e96a726e735077717fb5c6f20\",\"name\":\"Leonardo Ant\u00f4nio\",\"image\":{\"@type\":\"ImageObject\",\"inLanguage\":\"pt-BR\",\"@id\":\"https:\/\/www.gaveanews.com\/#\/schema\/person\/image\/\",\"url\":\"https:\/\/secure.gravatar.com\/avatar\/b9ffc9ff64af5c915e7cb1824991ab1b4aa29b902a6a9a83be9d1c8ba449fce8?s=96&d=mm&r=g\",\"contentUrl\":\"https:\/\/secure.gravatar.com\/avatar\/b9ffc9ff64af5c915e7cb1824991ab1b4aa29b902a6a9a83be9d1c8ba449fce8?s=96&d=mm&r=g\",\"caption\":\"Leonardo Ant\u00f4nio\"}}]}<\/script>\n<!-- \/ Yoast SEO Premium plugin. -->","yoast_head_json":{"title":"TV de Portugal escolhe time ideal entre Flamengo de Jorge Jesus e Palmeiras de Abel ferreira; veja quem ganhou","robots":{"index":"index","follow":"follow","max-snippet":"max-snippet:-1","max-image-preview":"max-image-preview:large","max-video-preview":"max-video-preview:-1"},"canonical":"https:\/\/www.gaveanews.com\/index.php\/2023\/12\/09\/tv-de-portugal-escolhe-time-ideal-entre-flamengo-de-jorge-jesus-e-palmeiras-de-abel-ferreira-veja-quem-ganhou\/","og_locale":"pt_BR","og_type":"article","og_title":"TV de Portugal escolhe time ideal entre Flamengo de Jorge Jesus e Palmeiras de Abel ferreira; veja quem ganhou","og_description":"Em um programa inovador e intrigante, o Canal 11 de Portugal aceitou o desafio de formar uma equipe ideal, combinando os melhores jogadores do Flamengo sob a lideran\u00e7a de Jorge Jesus e do Palmeiras sob a gest\u00e3o de Abel Ferreira. Para isso, o programa utilizou um m\u00e9todo de compara\u00e7\u00e3o direta, emparelhando jogadores de posi\u00e7\u00f5es correspondentes [&hellip;]","og_url":"https:\/\/www.gaveanews.com\/index.php\/2023\/12\/09\/tv-de-portugal-escolhe-time-ideal-entre-flamengo-de-jorge-jesus-e-palmeiras-de-abel-ferreira-veja-quem-ganhou\/","og_site_name":"G\u00e1vea News","article_publisher":"https:\/\/facebook.com\/gaveaNews\/","article_published_time":"2023-12-10T02:26:06+00:00","article_modified_time":"2024-04-07T12:08:41+00:00","og_image":[{"width":640,"height":400,"url":"https:\/\/www.gaveanews.com\/wp-content\/uploads\/Jogadores-erguem-Jorge-Jesus-apos-Flamengo-conquistar-titulo.webp","type":"image\/jpeg"}],"author":"Leonardo Ant\u00f4nio","twitter_card":"summary_large_image","twitter_misc":{"Escrito por":"Leonardo Ant\u00f4nio","Est. tempo de leitura":"3 minutos"},"schema":{"@context":"https:\/\/schema.org","@graph":[{"@type":"NewsArticle","@id":"https:\/\/www.gaveanews.com\/index.php\/2023\/12\/09\/tv-de-portugal-escolhe-time-ideal-entre-flamengo-de-jorge-jesus-e-palmeiras-de-abel-ferreira-veja-quem-ganhou\/#article","isPartOf":{"@id":"https:\/\/www.gaveanews.com\/index.php\/2023\/12\/09\/tv-de-portugal-escolhe-time-ideal-entre-flamengo-de-jorge-jesus-e-palmeiras-de-abel-ferreira-veja-quem-ganhou\/"},"author":{"name":"Leonardo Ant\u00f4nio","@id":"https:\/\/www.gaveanews.com\/#\/schema\/person\/2d29802e96a726e735077717fb5c6f20"},"headline":"TV de Portugal escolhe time ideal entre Flamengo de Jorge Jesus e Palmeiras de Abel ferreira; veja quem ganhou","datePublished":"2023-12-10T02:26:06+00:00","dateModified":"2024-04-07T12:08:41+00:00","mainEntityOfPage":{"@id":"https:\/\/www.gaveanews.com\/index.php\/2023\/12\/09\/tv-de-portugal-escolhe-time-ideal-entre-flamengo-de-jorge-jesus-e-palmeiras-de-abel-ferreira-veja-quem-ganhou\/"},"wordCount":441,"commentCount":0,"image":{"@id":"https:\/\/www.gaveanews.com\/index.php\/2023\/12\/09\/tv-de-portugal-escolhe-time-ideal-entre-flamengo-de-jorge-jesus-e-palmeiras-de-abel-ferreira-veja-quem-ganhou\/#primaryimage"},"thumbnailUrl":"https:\/\/www.gaveanews.com\/wp-content\/uploads\/Jogadores-erguem-Jorge-Jesus-apos-Flamengo-conquistar-titulo.webp","keywords":["Abel Fernando Moreira Ferreira","Jorge Jesus"],"articleSection":["Flamengo"],"inLanguage":"pt-BR","potentialAction":[{"@type":"CommentAction","name":"Comment","target":["https:\/\/www.gaveanews.com\/index.php\/2023\/12\/09\/tv-de-portugal-escolhe-time-ideal-entre-flamengo-de-jorge-jesus-e-palmeiras-de-abel-ferreira-veja-quem-ganhou\/#respond"]}],"copyrightYear":"2023","copyrightHolder":{"@id":"https:\/\/www.gaveanews.com\/#organization"}},{"@type":"WebPage","@id":"https:\/\/www.gaveanews.com\/index.php\/2023\/12\/09\/tv-de-portugal-escolhe-time-ideal-entre-flamengo-de-jorge-jesus-e-palmeiras-de-abel-ferreira-veja-quem-ganhou\/","url":"https:\/\/www.gaveanews.com\/index.php\/2023\/12\/09\/tv-de-portugal-escolhe-time-ideal-entre-flamengo-de-jorge-jesus-e-palmeiras-de-abel-ferreira-veja-quem-ganhou\/","name":"TV de Portugal escolhe time ideal entre Flamengo de Jorge Jesus e Palmeiras de Abel ferreira; veja quem ganhou","isPartOf":{"@id":"https:\/\/www.gaveanews.com\/#website"},"primaryImageOfPage":{"@id":"https:\/\/www.gaveanews.com\/index.php\/2023\/12\/09\/tv-de-portugal-escolhe-time-ideal-entre-flamengo-de-jorge-jesus-e-palmeiras-de-abel-ferreira-veja-quem-ganhou\/#primaryimage"},"image":{"@id":"https:\/\/www.gaveanews.com\/index.php\/2023\/12\/09\/tv-de-portugal-escolhe-time-ideal-entre-flamengo-de-jorge-jesus-e-palmeiras-de-abel-ferreira-veja-quem-ganhou\/#primaryimage"},"thumbnailUrl":"https:\/\/www.gaveanews.com\/wp-content\/uploads\/Jogadores-erguem-Jorge-Jesus-apos-Flamengo-conquistar-titulo.webp","datePublished":"2023-12-10T02:26:06+00:00","dateModified":"2024-04-07T12:08:41+00:00","author":{"@id":"https:\/\/www.gaveanews.com\/#\/schema\/person\/2d29802e96a726e735077717fb5c6f20"},"breadcrumb":{"@id":"https:\/\/www.gaveanews.com\/index.php\/2023\/12\/09\/tv-de-portugal-escolhe-time-ideal-entre-flamengo-de-jorge-jesus-e-palmeiras-de-abel-ferreira-veja-quem-ganhou\/#breadcrumb"},"inLanguage":"pt-BR","potentialAction":[{"@type":"ReadAction","target":["https:\/\/www.gaveanews.com\/index.php\/2023\/12\/09\/tv-de-portugal-escolhe-time-ideal-entre-flamengo-de-jorge-jesus-e-palmeiras-de-abel-ferreira-veja-quem-ganhou\/"]}]},{"@type":"ImageObject","inLanguage":"pt-BR","@id":"https:\/\/www.gaveanews.com\/index.php\/2023\/12\/09\/tv-de-portugal-escolhe-time-ideal-entre-flamengo-de-jorge-jesus-e-palmeiras-de-abel-ferreira-veja-quem-ganhou\/#primaryimage","url":"https:\/\/www.gaveanews.com\/wp-content\/uploads\/Jogadores-erguem-Jorge-Jesus-apos-Flamengo-conquistar-titulo.webp","contentUrl":"https:\/\/www.gaveanews.com\/wp-content\/uploads\/Jogadores-erguem-Jorge-Jesus-apos-Flamengo-conquistar-titulo.webp","width":640,"height":400,"caption":"Jogadores erguem Jorge Jesus ap\u00f3s Flamengo conquistar t\u00edtulo (Foto: Andr\u00e9 Mour\u00e3o\/GE)"},{"@type":"BreadcrumbList","@id":"https:\/\/www.gaveanews.com\/index.php\/2023\/12\/09\/tv-de-portugal-escolhe-time-ideal-entre-flamengo-de-jorge-jesus-e-palmeiras-de-abel-ferreira-veja-quem-ganhou\/#breadcrumb","itemListElement":[{"@type":"ListItem","position":1,"name":"Home","item":"https:\/\/www.gaveanews.com\/"},{"@type":"ListItem","position":2,"name":"TV de Portugal escolhe time ideal entre Flamengo de Jorge Jesus e Palmeiras de Abel ferreira; veja quem ganhou"}]},{"@type":"WebSite","@id":"https:\/\/www.gaveanews.com\/#website","url":"https:\/\/www.gaveanews.com\/","name":"G\u00e1vea News","description":"Veja todas as not\u00edcias sobre o Flamengo: Contrata\u00e7\u00f5es, categorias de base, resultados das partidas, tabela de classifica\u00e7\u00e3o, pr\u00f3ximos jogos!","potentialAction":[{"@type":"SearchAction","target":{"@type":"EntryPoint","urlTemplate":"https:\/\/www.gaveanews.com\/?s={search_term_string}"},"query-input":{"@type":"PropertyValueSpecification","valueRequired":true,"valueName":"search_term_string"}}],"inLanguage":"pt-BR"},{"@type":"Person","@id":"https:\/\/www.gaveanews.com\/#\/schema\/person\/2d29802e96a726e735077717fb5c6f20","name":"Leonardo Ant\u00f4nio","image":{"@type":"ImageObject","inLanguage":"pt-BR","@id":"https:\/\/www.gaveanews.com\/#\/schema\/person\/image\/","url":"https:\/\/secure.gravatar.com\/avatar\/b9ffc9ff64af5c915e7cb1824991ab1b4aa29b902a6a9a83be9d1c8ba449fce8?s=96&d=mm&r=g","contentUrl":"https:\/\/secure.gravatar.com\/avatar\/b9ffc9ff64af5c915e7cb1824991ab1b4aa29b902a6a9a83be9d1c8ba449fce8?s=96&d=mm&r=g","caption":"Leonardo Ant\u00f4nio"}}]}},"_links":{"self":[{"href":"https:\/\/www.gaveanews.com\/index.php\/wp-json\/wp\/v2\/posts\/115476","targetHints":{"allow":["GET"]}}],"collection":[{"href":"https:\/\/www.gaveanews.com\/index.php\/wp-json\/wp\/v2\/posts"}],"about":[{"href":"https:\/\/www.gaveanews.com\/index.php\/wp-json\/wp\/v2\/types\/post"}],"author":[{"embeddable":true,"href":"https:\/\/www.gaveanews.com\/index.php\/wp-json\/wp\/v2\/users\/6"}],"replies":[{"embeddable":true,"href":"https:\/\/www.gaveanews.com\/index.php\/wp-json\/wp\/v2\/comments?post=115476"}],"version-history":[{"count":1,"href":"https:\/\/www.gaveanews.com\/index.php\/wp-json\/wp\/v2\/posts\/115476\/revisions"}],"predecessor-version":[{"id":136532,"href":"https:\/\/www.gaveanews.com\/index.php\/wp-json\/wp\/v2\/posts\/115476\/revisions\/136532"}],"wp:featuredmedia":[{"embeddable":true,"href":"https:\/\/www.gaveanews.com\/index.php\/wp-json\/wp\/v2\/media\/70094"}],"wp:attachment":[{"href":"https:\/\/www.gaveanews.com\/index.php\/wp-json\/wp\/v2\/media?parent=115476"}],"wp:term":[{"taxonomy":"category","embeddable":true,"href":"https:\/\/www.gaveanews.com\/index.php\/wp-json\/wp\/v2\/categories?post=115476"},{"taxonomy":"post_tag","embeddable":true,"href":"https:\/\/www.gaveanews.com\/index.php\/wp-json\/wp\/v2\/tags?post=115476"}],"curies":[{"name":"wp","href":"https:\/\/api.w.org\/{rel}","templated":true}]}}