{"id":115660,"date":"2023-12-13T05:25:37","date_gmt":"2023-12-13T08:25:37","guid":{"rendered":"https:\/\/www.gaveanews.com\/?p=115660"},"modified":"2024-04-06T23:06:15","modified_gmt":"2024-04-07T02:06:15","slug":"ex-dirigente-do-flamengo-sugere-naming-rights-para-o-estadio","status":"publish","type":"post","link":"https:\/\/www.gaveanews.com\/index.php\/2023\/12\/13\/ex-dirigente-do-flamengo-sugere-naming-rights-para-o-estadio\/","title":{"rendered":"Ex-dirigente do Flamengo sugere naming rights para o est\u00e1dio"},"content":{"rendered":"\n<p>Por: Kayo Silva\u00a0<br><br>Recentemente, em um debate organizado pelo jornalista Mauro Cezar Pereira, discutiu-se a gest\u00e3o do Flamengo. Durante o evento, Wallim Vasconcellos, ex-presidente de finan\u00e7as da gest\u00e3o Landim, fez uma sugest\u00e3o intrigante: oferecer \u00e0 Coca-Cola o direito de nomear o novo est\u00e1dio planejado pelo clube, chamando-o de &#8220;Coca-Cola Arena&#8221;. A proposta surgiu como uma maneira de transformar uma situa\u00e7\u00e3o desafiadora em oportunidade, ap\u00f3s cr\u00edticas dirigidas ao presidente do Flamengo, Rodolfo Landim.<\/p>\n\n\n\n<p><em>\u2014 Fazendo do lim\u00e3o uma limonada, vamos botar a Coca-Cola para ser o naming rights do est\u00e1dio. Acho que seria legal, j\u00e1 pensou? A\u00ed os torcedores iam beber Coca-Cola no est\u00e1dio do Flamengo com o naming rights Coca-Cola Arena.<\/em><\/p>\n\n\n\n<p>Landim, em entrevista anterior, havia comparado os s\u00f3cios do Flamengo aos consumidores de Coca-Cola. Segundo ele, embora os torcedores sejam essenciais, os s\u00f3cios det\u00eam o poder de decis\u00e3o. Esta fala gerou controv\u00e9rsia, com opositores como Walter Monteiro e Ricardo Hinrichsen expressando descontentamento. <\/p>\n\n\n\n<p><em>\u2014 Quando voc\u00ea tem uma institui\u00e7\u00e3o, uma empresa, o mais importante que ela tem \u00e9 o cliente. O que e mais importante para a Coca-Cola? Os clientes que tomam Coca-Cola, s\u00e3o viciados em Coca-Cola. E para sobreviver ela precisa encantar seu cliente. Para mim o torcedor do Flamengo \u00e9 o que de mais importante o clube tem. [Mas] dono da empresa \u00e9 aquele que tem poder de decis\u00e3o. Eu poderia dizer que o Flamengo \u00e9 do seus torcedores, mas seria uma ret\u00f3rica de pol\u00edtico. A verdade \u00e9 que o Flamengo \u00e9 de seus s\u00f3cios, que s\u00e3o os gestores do clube. Nem todo tomador de Coca-Cola decidir\u00e1 o futuro da Coca-Cola. O S\u00f3cio Torcedor n\u00e3o faz investimento para isso, ele foi criado com outro objetivo, ter desconto em ingressos, prioridade na compra etc<\/em>, afirmou Landim.<\/p>\n","protected":false},"excerpt":{"rendered":"<p>Por: Kayo Silva\u00a0 Recentemente, em um debate organizado pelo jornalista Mauro Cezar Pereira, discutiu-se a gest\u00e3o do Flamengo. Durante o evento, Wallim Vasconcellos, ex-presidente de finan\u00e7as da gest\u00e3o Landim, fez uma sugest\u00e3o intrigante: oferecer \u00e0 Coca-Cola o direito de nomear o novo est\u00e1dio planejado pelo clube, chamando-o de &#8220;Coca-Cola Arena&#8221;. A proposta surgiu como uma [&hellip;]<\/p>\n","protected":false},"author":10,"featured_media":36802,"comment_status":"open","ping_status":"closed","sticky":false,"template":"","format":"standard","meta":{"footnotes":""},"categories":[1],"tags":[170],"class_list":["post-115660","post","type-post","status-publish","format-standard","has-post-thumbnail","hentry","category-flamengo","tag-mauro-cezar-pereira"],"yoast_head":"<!-- This site is optimized with the Yoast SEO Premium plugin v24.2 (Yoast SEO v26.9) - https:\/\/yoast.com\/product\/yoast-seo-premium-wordpress\/ -->\n<title>Ex-dirigente do Flamengo sugere naming rights para o est\u00e1dio<\/title>\n<meta name=\"robots\" content=\"index, follow, max-snippet:-1, max-image-preview:large, max-video-preview:-1\" \/>\n<link rel=\"canonical\" href=\"https:\/\/www.gaveanews.com\/index.php\/2023\/12\/13\/ex-dirigente-do-flamengo-sugere-naming-rights-para-o-estadio\/\" \/>\n<meta property=\"og:locale\" content=\"pt_BR\" \/>\n<meta property=\"og:type\" content=\"article\" \/>\n<meta property=\"og:title\" content=\"Ex-dirigente do Flamengo sugere naming rights para o est\u00e1dio\" \/>\n<meta property=\"og:description\" content=\"Por: Kayo Silva\u00a0 Recentemente, em um debate organizado pelo jornalista Mauro Cezar Pereira, discutiu-se a gest\u00e3o do Flamengo. Durante o evento, Wallim Vasconcellos, ex-presidente de finan\u00e7as da gest\u00e3o Landim, fez uma sugest\u00e3o intrigante: oferecer \u00e0 Coca-Cola o direito de nomear o novo est\u00e1dio planejado pelo clube, chamando-o de &#8220;Coca-Cola Arena&#8221;. A proposta surgiu como uma [&hellip;]\" \/>\n<meta property=\"og:url\" content=\"https:\/\/www.gaveanews.com\/index.php\/2023\/12\/13\/ex-dirigente-do-flamengo-sugere-naming-rights-para-o-estadio\/\" \/>\n<meta property=\"og:site_name\" content=\"G\u00e1vea News\" \/>\n<meta property=\"article:publisher\" content=\"https:\/\/facebook.com\/gaveaNews\/\" \/>\n<meta property=\"article:published_time\" content=\"2023-12-13T08:25:37+00:00\" \/>\n<meta property=\"article:modified_time\" content=\"2024-04-07T02:06:15+00:00\" \/>\n<meta property=\"og:image\" content=\"https:\/\/www.gaveanews.com\/wp-content\/uploads\/Wallim-Vasconcellos.webp\" \/>\n\t<meta property=\"og:image:width\" content=\"1280\" \/>\n\t<meta property=\"og:image:height\" content=\"720\" \/>\n\t<meta property=\"og:image:type\" content=\"image\/jpeg\" \/>\n<meta name=\"author\" content=\"Kayo Silva\" \/>\n<meta name=\"twitter:card\" content=\"summary_large_image\" \/>\n<meta name=\"twitter:label1\" content=\"Escrito por\" \/>\n\t<meta name=\"twitter:data1\" content=\"Kayo Silva\" \/>\n\t<meta name=\"twitter:label2\" content=\"Est. tempo de leitura\" \/>\n\t<meta name=\"twitter:data2\" content=\"2 minutos\" \/>\n<script type=\"application\/ld+json\" class=\"yoast-schema-graph\">{\"@context\":\"https:\/\/schema.org\",\"@graph\":[{\"@type\":\"NewsArticle\",\"@id\":\"https:\/\/www.gaveanews.com\/index.php\/2023\/12\/13\/ex-dirigente-do-flamengo-sugere-naming-rights-para-o-estadio\/#article\",\"isPartOf\":{\"@id\":\"https:\/\/www.gaveanews.com\/index.php\/2023\/12\/13\/ex-dirigente-do-flamengo-sugere-naming-rights-para-o-estadio\/\"},\"author\":{\"name\":\"Kayo Silva\",\"@id\":\"https:\/\/www.gaveanews.com\/#\/schema\/person\/51b3ba6a493cf9e7af9ce2c6d0d4ff1c\"},\"headline\":\"Ex-dirigente do Flamengo sugere naming rights para o est\u00e1dio\",\"datePublished\":\"2023-12-13T08:25:37+00:00\",\"dateModified\":\"2024-04-07T02:06:15+00:00\",\"mainEntityOfPage\":{\"@id\":\"https:\/\/www.gaveanews.com\/index.php\/2023\/12\/13\/ex-dirigente-do-flamengo-sugere-naming-rights-para-o-estadio\/\"},\"wordCount\":313,\"commentCount\":0,\"image\":{\"@id\":\"https:\/\/www.gaveanews.com\/index.php\/2023\/12\/13\/ex-dirigente-do-flamengo-sugere-naming-rights-para-o-estadio\/#primaryimage\"},\"thumbnailUrl\":\"https:\/\/www.gaveanews.com\/wp-content\/uploads\/Wallim-Vasconcellos.webp\",\"keywords\":[\"Mauro Cezar Pereira\"],\"articleSection\":[\"Flamengo\"],\"inLanguage\":\"pt-BR\",\"potentialAction\":[{\"@type\":\"CommentAction\",\"name\":\"Comment\",\"target\":[\"https:\/\/www.gaveanews.com\/index.php\/2023\/12\/13\/ex-dirigente-do-flamengo-sugere-naming-rights-para-o-estadio\/#respond\"]}],\"copyrightYear\":\"2023\",\"copyrightHolder\":{\"@id\":\"https:\/\/www.gaveanews.com\/#organization\"}},{\"@type\":\"WebPage\",\"@id\":\"https:\/\/www.gaveanews.com\/index.php\/2023\/12\/13\/ex-dirigente-do-flamengo-sugere-naming-rights-para-o-estadio\/\",\"url\":\"https:\/\/www.gaveanews.com\/index.php\/2023\/12\/13\/ex-dirigente-do-flamengo-sugere-naming-rights-para-o-estadio\/\",\"name\":\"Ex-dirigente do Flamengo sugere naming rights para o est\u00e1dio\",\"isPartOf\":{\"@id\":\"https:\/\/www.gaveanews.com\/#website\"},\"primaryImageOfPage\":{\"@id\":\"https:\/\/www.gaveanews.com\/index.php\/2023\/12\/13\/ex-dirigente-do-flamengo-sugere-naming-rights-para-o-estadio\/#primaryimage\"},\"image\":{\"@id\":\"https:\/\/www.gaveanews.com\/index.php\/2023\/12\/13\/ex-dirigente-do-flamengo-sugere-naming-rights-para-o-estadio\/#primaryimage\"},\"thumbnailUrl\":\"https:\/\/www.gaveanews.com\/wp-content\/uploads\/Wallim-Vasconcellos.webp\",\"datePublished\":\"2023-12-13T08:25:37+00:00\",\"dateModified\":\"2024-04-07T02:06:15+00:00\",\"author\":{\"@id\":\"https:\/\/www.gaveanews.com\/#\/schema\/person\/51b3ba6a493cf9e7af9ce2c6d0d4ff1c\"},\"breadcrumb\":{\"@id\":\"https:\/\/www.gaveanews.com\/index.php\/2023\/12\/13\/ex-dirigente-do-flamengo-sugere-naming-rights-para-o-estadio\/#breadcrumb\"},\"inLanguage\":\"pt-BR\",\"potentialAction\":[{\"@type\":\"ReadAction\",\"target\":[\"https:\/\/www.gaveanews.com\/index.php\/2023\/12\/13\/ex-dirigente-do-flamengo-sugere-naming-rights-para-o-estadio\/\"]}]},{\"@type\":\"ImageObject\",\"inLanguage\":\"pt-BR\",\"@id\":\"https:\/\/www.gaveanews.com\/index.php\/2023\/12\/13\/ex-dirigente-do-flamengo-sugere-naming-rights-para-o-estadio\/#primaryimage\",\"url\":\"https:\/\/www.gaveanews.com\/wp-content\/uploads\/Wallim-Vasconcellos.webp\",\"contentUrl\":\"https:\/\/www.gaveanews.com\/wp-content\/uploads\/Wallim-Vasconcellos.webp\",\"width\":1280,\"height\":720,\"caption\":\"Wallim Vasconcellos\"},{\"@type\":\"BreadcrumbList\",\"@id\":\"https:\/\/www.gaveanews.com\/index.php\/2023\/12\/13\/ex-dirigente-do-flamengo-sugere-naming-rights-para-o-estadio\/#breadcrumb\",\"itemListElement\":[{\"@type\":\"ListItem\",\"position\":1,\"name\":\"Home\",\"item\":\"https:\/\/www.gaveanews.com\/\"},{\"@type\":\"ListItem\",\"position\":2,\"name\":\"Ex-dirigente do Flamengo sugere naming rights para o est\u00e1dio\"}]},{\"@type\":\"WebSite\",\"@id\":\"https:\/\/www.gaveanews.com\/#website\",\"url\":\"https:\/\/www.gaveanews.com\/\",\"name\":\"G\u00e1vea News\",\"description\":\"Veja todas as not\u00edcias sobre o Flamengo: Contrata\u00e7\u00f5es, categorias de base, resultados das partidas, tabela de classifica\u00e7\u00e3o, pr\u00f3ximos jogos!\",\"potentialAction\":[{\"@type\":\"SearchAction\",\"target\":{\"@type\":\"EntryPoint\",\"urlTemplate\":\"https:\/\/www.gaveanews.com\/?s={search_term_string}\"},\"query-input\":{\"@type\":\"PropertyValueSpecification\",\"valueRequired\":true,\"valueName\":\"search_term_string\"}}],\"inLanguage\":\"pt-BR\"},{\"@type\":\"Person\",\"@id\":\"https:\/\/www.gaveanews.com\/#\/schema\/person\/51b3ba6a493cf9e7af9ce2c6d0d4ff1c\",\"name\":\"Kayo Silva\",\"image\":{\"@type\":\"ImageObject\",\"inLanguage\":\"pt-BR\",\"@id\":\"https:\/\/www.gaveanews.com\/#\/schema\/person\/image\/\",\"url\":\"https:\/\/secure.gravatar.com\/avatar\/af6d65cafc646a65c39c5fcb2a1ef51b863a81461770cfff553ec2fdd931c68c?s=96&d=mm&r=g\",\"contentUrl\":\"https:\/\/secure.gravatar.com\/avatar\/af6d65cafc646a65c39c5fcb2a1ef51b863a81461770cfff553ec2fdd931c68c?s=96&d=mm&r=g\",\"caption\":\"Kayo Silva\"}}]}<\/script>\n<!-- \/ Yoast SEO Premium plugin. -->","yoast_head_json":{"title":"Ex-dirigente do Flamengo sugere naming rights para o est\u00e1dio","robots":{"index":"index","follow":"follow","max-snippet":"max-snippet:-1","max-image-preview":"max-image-preview:large","max-video-preview":"max-video-preview:-1"},"canonical":"https:\/\/www.gaveanews.com\/index.php\/2023\/12\/13\/ex-dirigente-do-flamengo-sugere-naming-rights-para-o-estadio\/","og_locale":"pt_BR","og_type":"article","og_title":"Ex-dirigente do Flamengo sugere naming rights para o est\u00e1dio","og_description":"Por: Kayo Silva\u00a0 Recentemente, em um debate organizado pelo jornalista Mauro Cezar Pereira, discutiu-se a gest\u00e3o do Flamengo. Durante o evento, Wallim Vasconcellos, ex-presidente de finan\u00e7as da gest\u00e3o Landim, fez uma sugest\u00e3o intrigante: oferecer \u00e0 Coca-Cola o direito de nomear o novo est\u00e1dio planejado pelo clube, chamando-o de &#8220;Coca-Cola Arena&#8221;. A proposta surgiu como uma [&hellip;]","og_url":"https:\/\/www.gaveanews.com\/index.php\/2023\/12\/13\/ex-dirigente-do-flamengo-sugere-naming-rights-para-o-estadio\/","og_site_name":"G\u00e1vea News","article_publisher":"https:\/\/facebook.com\/gaveaNews\/","article_published_time":"2023-12-13T08:25:37+00:00","article_modified_time":"2024-04-07T02:06:15+00:00","og_image":[{"width":1280,"height":720,"url":"https:\/\/www.gaveanews.com\/wp-content\/uploads\/Wallim-Vasconcellos.webp","type":"image\/jpeg"}],"author":"Kayo Silva","twitter_card":"summary_large_image","twitter_misc":{"Escrito por":"Kayo Silva","Est. tempo de leitura":"2 minutos"},"schema":{"@context":"https:\/\/schema.org","@graph":[{"@type":"NewsArticle","@id":"https:\/\/www.gaveanews.com\/index.php\/2023\/12\/13\/ex-dirigente-do-flamengo-sugere-naming-rights-para-o-estadio\/#article","isPartOf":{"@id":"https:\/\/www.gaveanews.com\/index.php\/2023\/12\/13\/ex-dirigente-do-flamengo-sugere-naming-rights-para-o-estadio\/"},"author":{"name":"Kayo Silva","@id":"https:\/\/www.gaveanews.com\/#\/schema\/person\/51b3ba6a493cf9e7af9ce2c6d0d4ff1c"},"headline":"Ex-dirigente do Flamengo sugere naming rights para o est\u00e1dio","datePublished":"2023-12-13T08:25:37+00:00","dateModified":"2024-04-07T02:06:15+00:00","mainEntityOfPage":{"@id":"https:\/\/www.gaveanews.com\/index.php\/2023\/12\/13\/ex-dirigente-do-flamengo-sugere-naming-rights-para-o-estadio\/"},"wordCount":313,"commentCount":0,"image":{"@id":"https:\/\/www.gaveanews.com\/index.php\/2023\/12\/13\/ex-dirigente-do-flamengo-sugere-naming-rights-para-o-estadio\/#primaryimage"},"thumbnailUrl":"https:\/\/www.gaveanews.com\/wp-content\/uploads\/Wallim-Vasconcellos.webp","keywords":["Mauro Cezar Pereira"],"articleSection":["Flamengo"],"inLanguage":"pt-BR","potentialAction":[{"@type":"CommentAction","name":"Comment","target":["https:\/\/www.gaveanews.com\/index.php\/2023\/12\/13\/ex-dirigente-do-flamengo-sugere-naming-rights-para-o-estadio\/#respond"]}],"copyrightYear":"2023","copyrightHolder":{"@id":"https:\/\/www.gaveanews.com\/#organization"}},{"@type":"WebPage","@id":"https:\/\/www.gaveanews.com\/index.php\/2023\/12\/13\/ex-dirigente-do-flamengo-sugere-naming-rights-para-o-estadio\/","url":"https:\/\/www.gaveanews.com\/index.php\/2023\/12\/13\/ex-dirigente-do-flamengo-sugere-naming-rights-para-o-estadio\/","name":"Ex-dirigente do Flamengo sugere naming rights para o est\u00e1dio","isPartOf":{"@id":"https:\/\/www.gaveanews.com\/#website"},"primaryImageOfPage":{"@id":"https:\/\/www.gaveanews.com\/index.php\/2023\/12\/13\/ex-dirigente-do-flamengo-sugere-naming-rights-para-o-estadio\/#primaryimage"},"image":{"@id":"https:\/\/www.gaveanews.com\/index.php\/2023\/12\/13\/ex-dirigente-do-flamengo-sugere-naming-rights-para-o-estadio\/#primaryimage"},"thumbnailUrl":"https:\/\/www.gaveanews.com\/wp-content\/uploads\/Wallim-Vasconcellos.webp","datePublished":"2023-12-13T08:25:37+00:00","dateModified":"2024-04-07T02:06:15+00:00","author":{"@id":"https:\/\/www.gaveanews.com\/#\/schema\/person\/51b3ba6a493cf9e7af9ce2c6d0d4ff1c"},"breadcrumb":{"@id":"https:\/\/www.gaveanews.com\/index.php\/2023\/12\/13\/ex-dirigente-do-flamengo-sugere-naming-rights-para-o-estadio\/#breadcrumb"},"inLanguage":"pt-BR","potentialAction":[{"@type":"ReadAction","target":["https:\/\/www.gaveanews.com\/index.php\/2023\/12\/13\/ex-dirigente-do-flamengo-sugere-naming-rights-para-o-estadio\/"]}]},{"@type":"ImageObject","inLanguage":"pt-BR","@id":"https:\/\/www.gaveanews.com\/index.php\/2023\/12\/13\/ex-dirigente-do-flamengo-sugere-naming-rights-para-o-estadio\/#primaryimage","url":"https:\/\/www.gaveanews.com\/wp-content\/uploads\/Wallim-Vasconcellos.webp","contentUrl":"https:\/\/www.gaveanews.com\/wp-content\/uploads\/Wallim-Vasconcellos.webp","width":1280,"height":720,"caption":"Wallim Vasconcellos"},{"@type":"BreadcrumbList","@id":"https:\/\/www.gaveanews.com\/index.php\/2023\/12\/13\/ex-dirigente-do-flamengo-sugere-naming-rights-para-o-estadio\/#breadcrumb","itemListElement":[{"@type":"ListItem","position":1,"name":"Home","item":"https:\/\/www.gaveanews.com\/"},{"@type":"ListItem","position":2,"name":"Ex-dirigente do Flamengo sugere naming rights para o est\u00e1dio"}]},{"@type":"WebSite","@id":"https:\/\/www.gaveanews.com\/#website","url":"https:\/\/www.gaveanews.com\/","name":"G\u00e1vea News","description":"Veja todas as not\u00edcias sobre o Flamengo: Contrata\u00e7\u00f5es, categorias de base, resultados das partidas, tabela de classifica\u00e7\u00e3o, pr\u00f3ximos jogos!","potentialAction":[{"@type":"SearchAction","target":{"@type":"EntryPoint","urlTemplate":"https:\/\/www.gaveanews.com\/?s={search_term_string}"},"query-input":{"@type":"PropertyValueSpecification","valueRequired":true,"valueName":"search_term_string"}}],"inLanguage":"pt-BR"},{"@type":"Person","@id":"https:\/\/www.gaveanews.com\/#\/schema\/person\/51b3ba6a493cf9e7af9ce2c6d0d4ff1c","name":"Kayo Silva","image":{"@type":"ImageObject","inLanguage":"pt-BR","@id":"https:\/\/www.gaveanews.com\/#\/schema\/person\/image\/","url":"https:\/\/secure.gravatar.com\/avatar\/af6d65cafc646a65c39c5fcb2a1ef51b863a81461770cfff553ec2fdd931c68c?s=96&d=mm&r=g","contentUrl":"https:\/\/secure.gravatar.com\/avatar\/af6d65cafc646a65c39c5fcb2a1ef51b863a81461770cfff553ec2fdd931c68c?s=96&d=mm&r=g","caption":"Kayo Silva"}}]}},"_links":{"self":[{"href":"https:\/\/www.gaveanews.com\/index.php\/wp-json\/wp\/v2\/posts\/115660","targetHints":{"allow":["GET"]}}],"collection":[{"href":"https:\/\/www.gaveanews.com\/index.php\/wp-json\/wp\/v2\/posts"}],"about":[{"href":"https:\/\/www.gaveanews.com\/index.php\/wp-json\/wp\/v2\/types\/post"}],"author":[{"embeddable":true,"href":"https:\/\/www.gaveanews.com\/index.php\/wp-json\/wp\/v2\/users\/10"}],"replies":[{"embeddable":true,"href":"https:\/\/www.gaveanews.com\/index.php\/wp-json\/wp\/v2\/comments?post=115660"}],"version-history":[{"count":1,"href":"https:\/\/www.gaveanews.com\/index.php\/wp-json\/wp\/v2\/posts\/115660\/revisions"}],"predecessor-version":[{"id":134692,"href":"https:\/\/www.gaveanews.com\/index.php\/wp-json\/wp\/v2\/posts\/115660\/revisions\/134692"}],"wp:featuredmedia":[{"embeddable":true,"href":"https:\/\/www.gaveanews.com\/index.php\/wp-json\/wp\/v2\/media\/36802"}],"wp:attachment":[{"href":"https:\/\/www.gaveanews.com\/index.php\/wp-json\/wp\/v2\/media?parent=115660"}],"wp:term":[{"taxonomy":"category","embeddable":true,"href":"https:\/\/www.gaveanews.com\/index.php\/wp-json\/wp\/v2\/categories?post=115660"},{"taxonomy":"post_tag","embeddable":true,"href":"https:\/\/www.gaveanews.com\/index.php\/wp-json\/wp\/v2\/tags?post=115660"}],"curies":[{"name":"wp","href":"https:\/\/api.w.org\/{rel}","templated":true}]}}