{"id":115844,"date":"2023-12-13T04:24:11","date_gmt":"2023-12-13T07:24:11","guid":{"rendered":"https:\/\/www.gaveanews.com\/?p=115844"},"modified":"2023-12-13T04:24:13","modified_gmt":"2023-12-13T07:24:13","slug":"8-jogadores-que-interessam-ao-flamengo-para-a-proxima-temporada","status":"publish","type":"post","link":"https:\/\/www.gaveanews.com\/index.php\/2023\/12\/13\/8-jogadores-que-interessam-ao-flamengo-para-a-proxima-temporada\/","title":{"rendered":"8 jogadores que interessam ao Flamengo para a pr\u00f3xima temporada"},"content":{"rendered":"\n<p>Por: Leonardo Ant\u00f4nio<br><br>Para a temporada de 2024, o Flamengo est\u00e1 avaliando diversos jogadores para fortalecer seu elenco. Aqui est\u00e3o alguns dos nomes que est\u00e3o sendo discutidos, com detalhes sobre suas situa\u00e7\u00f5es contratuais, valor de mercado e interesse de outros clubes.<\/p>\n\n\n\n<p>\u00c9 importante destacar que o nome de De La Cruz n\u00e3o consta nesta lista pois o Flamengo j\u00e1 chegou a um acordo com o jogador e inclusive, Tite j\u00e1 foi avisado de tal situa\u00e7\u00e3o (<a href=\"https:\/\/www.gaveanews.com\/index.php\/2023\/12\/12\/agora-e-oficial-flamengo-contrata-nicolas-de-la-cruz\/\">clique aqui e leia mais<\/a>).<\/p>\n\n\n\n<h2 class=\"wp-block-heading\" id=\"h-alex-sandro-e-alex-telles\">Alex Sandro e Alex Telles<\/h2>\n\n\n<div class=\"wp-block-image\">\n<figure class=\"aligncenter size-full\"><img loading=\"lazy\" decoding=\"async\" width=\"910\" height=\"607\" src=\"https:\/\/www.gaveanews.com\/wp-content\/uploads\/alex-sandro-selecao-brasileira-flamengo.webp\" alt=\"\" class=\"wp-image-95296\" srcset=\"https:\/\/www.gaveanews.com\/wp-content\/uploads\/alex-sandro-selecao-brasileira-flamengo.webp 910w, https:\/\/www.gaveanews.com\/wp-content\/uploads\/alex-sandro-selecao-brasileira-flamengo-300x200.webp 300w, https:\/\/www.gaveanews.com\/wp-content\/uploads\/alex-sandro-selecao-brasileira-flamengo-768x512.webp 768w, https:\/\/www.gaveanews.com\/wp-content\/uploads\/alex-sandro-selecao-brasileira-flamengo-630x420.webp 630w, https:\/\/www.gaveanews.com\/wp-content\/uploads\/alex-sandro-selecao-brasileira-flamengo-640x427.webp 640w, https:\/\/www.gaveanews.com\/wp-content\/uploads\/alex-sandro-selecao-brasileira-flamengo-681x454.webp 681w, https:\/\/www.gaveanews.com\/wp-content\/uploads\/alex-sandro-selecao-brasileira-flamengo-100x67.webp 100w\" sizes=\"auto, (max-width: 910px) 100vw, 910px\" \/><figcaption class=\"wp-element-caption\">Alex Sandro em campo pela Sele\u00e7\u00e3o Brasileira (Foto: Lucas Figueiredo\/CBF)<\/figcaption><\/figure>\n<\/div>\n\n\n<p>Para a posi\u00e7\u00e3o de lateral-esquerdo, o Flamengo est\u00e1 considerando Alex Sandro, que est\u00e1 pr\u00f3ximo do fim de seu contrato com a Juventus-ITA, e Alex Telles, que joga pelo Al Nassr. Alex Sandro poder\u00e1 assinar um pr\u00e9-contrato a partir de janeiro de 2024, enquanto Alex Telles tem contrato at\u00e9 junho de 2025.<\/p>\n\n\n\n<h2 class=\"wp-block-heading\" id=\"h-leo-ortiz-e-bruno-mendez\">L\u00e9o Ortiz e Bruno M\u00e9ndez<\/h2>\n\n\n<div class=\"wp-block-image\">\n<figure class=\"aligncenter size-full\"><img loading=\"lazy\" decoding=\"async\" width=\"750\" height=\"422\" src=\"https:\/\/www.gaveanews.com\/wp-content\/uploads\/bruno-mendez-zagueiro-corinthians.webp\" alt=\"\" class=\"wp-image-107018\" srcset=\"https:\/\/www.gaveanews.com\/wp-content\/uploads\/bruno-mendez-zagueiro-corinthians.webp 750w, https:\/\/www.gaveanews.com\/wp-content\/uploads\/bruno-mendez-zagueiro-corinthians-300x169.webp 300w, https:\/\/www.gaveanews.com\/wp-content\/uploads\/bruno-mendez-zagueiro-corinthians-746x420.webp 746w, https:\/\/www.gaveanews.com\/wp-content\/uploads\/bruno-mendez-zagueiro-corinthians-640x360.webp 640w, https:\/\/www.gaveanews.com\/wp-content\/uploads\/bruno-mendez-zagueiro-corinthians-681x383.webp 681w, https:\/\/www.gaveanews.com\/wp-content\/uploads\/bruno-mendez-zagueiro-corinthians-100x56.webp 100w\" sizes=\"auto, (max-width: 750px) 100vw, 750px\" \/><figcaption class=\"wp-element-caption\">Bruno M\u00e9ndez, zagueiro do Corinthians (Foto: Rodrigo Coca\/Ag\u00eancia Corinthians)<\/figcaption><\/figure>\n<\/div>\n\n\n<p>Na defesa, L\u00e9o Ortiz, do Red Bull Bragantino, e Bruno M\u00e9ndez, do Corinthians, s\u00e3o os alvos. L\u00e9o Ortiz j\u00e1 confirmou negocia\u00e7\u00f5es, e Bruno M\u00e9ndez, que tem propostas de diversos clubes, inclusive do Flamengo, tem contrato com o Corinthians somente at\u00e9 o final de 2023.<\/p>\n\n\n\n<h2 class=\"wp-block-heading\" id=\"h-gilberto\">Gilberto<\/h2>\n\n\n<div class=\"wp-block-image\">\n<figure class=\"aligncenter size-full\"><img loading=\"lazy\" decoding=\"async\" width=\"984\" height=\"699\" src=\"https:\/\/www.gaveanews.com\/wp-content\/uploads\/gilberto-benfica.webp\" alt=\"\" class=\"wp-image-91723\" srcset=\"https:\/\/www.gaveanews.com\/wp-content\/uploads\/gilberto-benfica.webp 984w, https:\/\/www.gaveanews.com\/wp-content\/uploads\/gilberto-benfica-300x213.webp 300w, https:\/\/www.gaveanews.com\/wp-content\/uploads\/gilberto-benfica-768x546.webp 768w, https:\/\/www.gaveanews.com\/wp-content\/uploads\/gilberto-benfica-591x420.webp 591w, https:\/\/www.gaveanews.com\/wp-content\/uploads\/gilberto-benfica-640x455.webp 640w, https:\/\/www.gaveanews.com\/wp-content\/uploads\/gilberto-benfica-681x484.webp 681w, https:\/\/www.gaveanews.com\/wp-content\/uploads\/gilberto-benfica-100x71.webp 100w\" sizes=\"auto, (max-width: 984px) 100vw, 984px\" \/><figcaption class=\"wp-element-caption\">Gilberto em partida pelo Benfica (Foto: Reuters)<\/figcaption><\/figure>\n<\/div>\n\n\n<p>Para a posi\u00e7\u00e3o de lateral-direito, Gilberto, que defende o Bahia, \u00e9 uma op\u00e7\u00e3o que agrada \u00e0 diretoria.<\/p>\n\n\n\n<h2 class=\"wp-block-heading\" id=\"h-cauly\">Cauly<\/h2>\n\n\n\n<figure class=\"wp-block-embed is-type-photo is-provider-flickr wp-block-embed-flickr\"><div class=\"wp-block-embed__wrapper\">\n<a href=\"https:\/\/www.flickr.com\/photos\/184920610@N03\/53393680232\/in\/dateposted-public\/\"><img loading=\"lazy\" decoding=\"async\" src=\"https:\/\/live.staticflickr.com\/65535\/53393680232_b7fe0b362b_z.webp\" alt=\"53130474136_ffa20ef97f_k\" width=\"640\" height=\"427\" \/><\/a>\n<\/div><\/figure>\n\n\n\n<p>Meia do Bahia, tamb\u00e9m est\u00e1 no radar do Flamengo, embora os valores da multa rescis\u00f3ria sejam considerados altos para o mercado brasileiro.<\/p>\n\n\n\n<h2 class=\"wp-block-heading\" id=\"h-juan-sforza\">Juan Sforza<\/h2>\n\n\n\n<figure class=\"wp-block-embed aligncenter is-type-photo is-provider-flickr wp-block-embed-flickr\"><div class=\"wp-block-embed__wrapper\">\n<a href=\"https:\/\/www.flickr.com\/photos\/184920610@N03\/53395046840\/in\/dateposted-public\/\"><img loading=\"lazy\" decoding=\"async\" src=\"https:\/\/live.staticflickr.com\/65535\/53395046840_4c012d1f17_z.webp\" alt=\"hq720\" width=\"640\" height=\"360\" \/><\/a>\n<\/div><\/figure>\n\n\n\n<p>Meia argentino do Newell\u2019s Old Boys, \u00e9 outro jogador que despertou o interesse do Flamengo, que ainda n\u00e3o fez uma proposta oficial por ele. Um clube italiano tamb\u00e9m estaria interessado em Sforza.<\/p>\n\n\n\n<h2 class=\"wp-block-heading\" id=\"h-wendel\">Wendel<\/h2>\n\n\n<div class=\"wp-block-image\">\n<figure class=\"aligncenter size-large\"><img loading=\"lazy\" decoding=\"async\" width=\"1024\" height=\"631\" src=\"https:\/\/www.gaveanews.com\/wp-content\/uploads\/Wendel-1024x631.webp\" alt=\"\" class=\"wp-image-103086\" srcset=\"https:\/\/www.gaveanews.com\/wp-content\/uploads\/Wendel-1024x631.webp 1024w, https:\/\/www.gaveanews.com\/wp-content\/uploads\/Wendel-300x185.webp 300w, https:\/\/www.gaveanews.com\/wp-content\/uploads\/Wendel-768x474.webp 768w, https:\/\/www.gaveanews.com\/wp-content\/uploads\/Wendel-681x420.webp 681w, https:\/\/www.gaveanews.com\/wp-content\/uploads\/Wendel-640x395.webp 640w, https:\/\/www.gaveanews.com\/wp-content\/uploads\/Wendel-100x62.webp 100w, https:\/\/www.gaveanews.com\/wp-content\/uploads\/Wendel.webp 1200w\" sizes=\"auto, (max-width: 1024px) 100vw, 1024px\" \/><figcaption class=\"wp-element-caption\">Wendel em jogo pelo Zenit &#8211; Foto: Getty Images<\/figcaption><\/figure>\n<\/div>\n\n\n<p>Meio-campista do Zenit, foi alvo do Flamengo em 2022 e 2023, mas a transfer\u00eancia n\u00e3o se concretizou. Wendel deixou seu futuro em aberto para a pr\u00f3xima janela de transfer\u00eancias.<\/p>\n\n\n\n<p>O Flamengo, visando refor\u00e7ar sua equipe para uma temporada de reden\u00e7\u00e3o em 2024, est\u00e1 ativamente buscando talentos em v\u00e1rias posi\u00e7\u00f5es. Com a aproxima\u00e7\u00e3o da janela de transfer\u00eancias, o clube carioca mira nomes com experi\u00eancia internacional e promissores talentos locais, tentando equilibrar habilidade, experi\u00eancia e custo-benef\u00edcio em suas contrata\u00e7\u00f5es. Estes jogadores, se contratados, poderiam trazer uma nova din\u00e2mica ao elenco do Flamengo, oferecendo uma mistura de experi\u00eancia internacional e jovens talentos emergentes.<\/p>\n","protected":false},"excerpt":{"rendered":"<p>Por: Leonardo Ant\u00f4nio Para a temporada de 2024, o Flamengo est\u00e1 avaliando diversos jogadores para fortalecer seu elenco. Aqui est\u00e3o alguns dos nomes que est\u00e3o sendo discutidos, com detalhes sobre suas situa\u00e7\u00f5es contratuais, valor de mercado e interesse de outros clubes. \u00c9 importante destacar que o nome de De La Cruz n\u00e3o consta nesta lista [&hellip;]<\/p>\n","protected":false},"author":6,"featured_media":113516,"comment_status":"open","ping_status":"closed","sticky":false,"template":"","format":"standard","meta":{"footnotes":""},"categories":[48],"tags":[],"class_list":["post-115844","post","type-post","status-publish","format-standard","has-post-thumbnail","hentry","category-negociacoes"],"yoast_head":"<!-- This site is optimized with the Yoast SEO Premium plugin v24.2 (Yoast SEO v26.9) - https:\/\/yoast.com\/product\/yoast-seo-premium-wordpress\/ -->\n<title>8 jogadores que interessam ao Flamengo para a pr\u00f3xima temporada<\/title>\n<meta name=\"robots\" content=\"index, follow, max-snippet:-1, max-image-preview:large, max-video-preview:-1\" \/>\n<link rel=\"canonical\" href=\"https:\/\/www.gaveanews.com\/index.php\/2023\/12\/13\/8-jogadores-que-interessam-ao-flamengo-para-a-proxima-temporada\/\" \/>\n<meta property=\"og:locale\" content=\"pt_BR\" \/>\n<meta property=\"og:type\" content=\"article\" \/>\n<meta property=\"og:title\" content=\"8 jogadores que interessam ao Flamengo para a pr\u00f3xima temporada\" \/>\n<meta property=\"og:description\" content=\"Por: Leonardo Ant\u00f4nio Para a temporada de 2024, o Flamengo est\u00e1 avaliando diversos jogadores para fortalecer seu elenco. Aqui est\u00e3o alguns dos nomes que est\u00e3o sendo discutidos, com detalhes sobre suas situa\u00e7\u00f5es contratuais, valor de mercado e interesse de outros clubes. \u00c9 importante destacar que o nome de De La Cruz n\u00e3o consta nesta lista [&hellip;]\" \/>\n<meta property=\"og:url\" content=\"https:\/\/www.gaveanews.com\/index.php\/2023\/12\/13\/8-jogadores-que-interessam-ao-flamengo-para-a-proxima-temporada\/\" \/>\n<meta property=\"og:site_name\" content=\"G\u00e1vea News\" \/>\n<meta property=\"article:publisher\" content=\"https:\/\/facebook.com\/gaveaNews\/\" \/>\n<meta property=\"article:published_time\" content=\"2023-12-13T07:24:11+00:00\" \/>\n<meta property=\"article:modified_time\" content=\"2023-12-13T07:24:13+00:00\" \/>\n<meta property=\"og:image\" content=\"https:\/\/www.gaveanews.com\/wp-content\/uploads\/mercado-da-bola.webp\" \/>\n\t<meta property=\"og:image:width\" content=\"601\" \/>\n\t<meta property=\"og:image:height\" content=\"338\" \/>\n\t<meta property=\"og:image:type\" content=\"image\/webp\" \/>\n<meta name=\"author\" content=\"Leonardo Ant\u00f4nio\" \/>\n<meta name=\"twitter:card\" content=\"summary_large_image\" \/>\n<meta name=\"twitter:label1\" content=\"Escrito por\" \/>\n\t<meta name=\"twitter:data1\" content=\"Leonardo Ant\u00f4nio\" \/>\n\t<meta name=\"twitter:label2\" content=\"Est. tempo de leitura\" \/>\n\t<meta name=\"twitter:data2\" content=\"3 minutos\" \/>\n<script type=\"application\/ld+json\" class=\"yoast-schema-graph\">{\"@context\":\"https:\/\/schema.org\",\"@graph\":[{\"@type\":\"NewsArticle\",\"@id\":\"https:\/\/www.gaveanews.com\/index.php\/2023\/12\/13\/8-jogadores-que-interessam-ao-flamengo-para-a-proxima-temporada\/#article\",\"isPartOf\":{\"@id\":\"https:\/\/www.gaveanews.com\/index.php\/2023\/12\/13\/8-jogadores-que-interessam-ao-flamengo-para-a-proxima-temporada\/\"},\"author\":{\"name\":\"Leonardo Ant\u00f4nio\",\"@id\":\"https:\/\/www.gaveanews.com\/#\/schema\/person\/2d29802e96a726e735077717fb5c6f20\"},\"headline\":\"8 jogadores que interessam ao Flamengo para a pr\u00f3xima temporada\",\"datePublished\":\"2023-12-13T07:24:11+00:00\",\"dateModified\":\"2023-12-13T07:24:13+00:00\",\"mainEntityOfPage\":{\"@id\":\"https:\/\/www.gaveanews.com\/index.php\/2023\/12\/13\/8-jogadores-que-interessam-ao-flamengo-para-a-proxima-temporada\/\"},\"wordCount\":456,\"commentCount\":0,\"image\":{\"@id\":\"https:\/\/www.gaveanews.com\/index.php\/2023\/12\/13\/8-jogadores-que-interessam-ao-flamengo-para-a-proxima-temporada\/#primaryimage\"},\"thumbnailUrl\":\"https:\/\/www.gaveanews.com\/wp-content\/uploads\/mercado-da-bola.webp\",\"articleSection\":[\"Negocia\u00e7\u00f5es\"],\"inLanguage\":\"pt-BR\",\"potentialAction\":[{\"@type\":\"CommentAction\",\"name\":\"Comment\",\"target\":[\"https:\/\/www.gaveanews.com\/index.php\/2023\/12\/13\/8-jogadores-que-interessam-ao-flamengo-para-a-proxima-temporada\/#respond\"]}],\"copyrightYear\":\"2023\",\"copyrightHolder\":{\"@id\":\"https:\/\/www.gaveanews.com\/#organization\"}},{\"@type\":\"WebPage\",\"@id\":\"https:\/\/www.gaveanews.com\/index.php\/2023\/12\/13\/8-jogadores-que-interessam-ao-flamengo-para-a-proxima-temporada\/\",\"url\":\"https:\/\/www.gaveanews.com\/index.php\/2023\/12\/13\/8-jogadores-que-interessam-ao-flamengo-para-a-proxima-temporada\/\",\"name\":\"8 jogadores que interessam ao Flamengo para a pr\u00f3xima temporada\",\"isPartOf\":{\"@id\":\"https:\/\/www.gaveanews.com\/#website\"},\"primaryImageOfPage\":{\"@id\":\"https:\/\/www.gaveanews.com\/index.php\/2023\/12\/13\/8-jogadores-que-interessam-ao-flamengo-para-a-proxima-temporada\/#primaryimage\"},\"image\":{\"@id\":\"https:\/\/www.gaveanews.com\/index.php\/2023\/12\/13\/8-jogadores-que-interessam-ao-flamengo-para-a-proxima-temporada\/#primaryimage\"},\"thumbnailUrl\":\"https:\/\/www.gaveanews.com\/wp-content\/uploads\/mercado-da-bola.webp\",\"datePublished\":\"2023-12-13T07:24:11+00:00\",\"dateModified\":\"2023-12-13T07:24:13+00:00\",\"author\":{\"@id\":\"https:\/\/www.gaveanews.com\/#\/schema\/person\/2d29802e96a726e735077717fb5c6f20\"},\"breadcrumb\":{\"@id\":\"https:\/\/www.gaveanews.com\/index.php\/2023\/12\/13\/8-jogadores-que-interessam-ao-flamengo-para-a-proxima-temporada\/#breadcrumb\"},\"inLanguage\":\"pt-BR\",\"potentialAction\":[{\"@type\":\"ReadAction\",\"target\":[\"https:\/\/www.gaveanews.com\/index.php\/2023\/12\/13\/8-jogadores-que-interessam-ao-flamengo-para-a-proxima-temporada\/\"]}]},{\"@type\":\"ImageObject\",\"inLanguage\":\"pt-BR\",\"@id\":\"https:\/\/www.gaveanews.com\/index.php\/2023\/12\/13\/8-jogadores-que-interessam-ao-flamengo-para-a-proxima-temporada\/#primaryimage\",\"url\":\"https:\/\/www.gaveanews.com\/wp-content\/uploads\/mercado-da-bola.webp\",\"contentUrl\":\"https:\/\/www.gaveanews.com\/wp-content\/uploads\/mercado-da-bola.webp\",\"width\":601,\"height\":338,\"caption\":\"mercado da bola - Foto Geraldo Neto\/A Gazeta\"},{\"@type\":\"BreadcrumbList\",\"@id\":\"https:\/\/www.gaveanews.com\/index.php\/2023\/12\/13\/8-jogadores-que-interessam-ao-flamengo-para-a-proxima-temporada\/#breadcrumb\",\"itemListElement\":[{\"@type\":\"ListItem\",\"position\":1,\"name\":\"Home\",\"item\":\"https:\/\/www.gaveanews.com\/\"},{\"@type\":\"ListItem\",\"position\":2,\"name\":\"8 jogadores que interessam ao Flamengo para a pr\u00f3xima temporada\"}]},{\"@type\":\"WebSite\",\"@id\":\"https:\/\/www.gaveanews.com\/#website\",\"url\":\"https:\/\/www.gaveanews.com\/\",\"name\":\"G\u00e1vea News\",\"description\":\"Veja todas as not\u00edcias sobre o Flamengo: Contrata\u00e7\u00f5es, categorias de base, resultados das partidas, tabela de classifica\u00e7\u00e3o, pr\u00f3ximos jogos!\",\"potentialAction\":[{\"@type\":\"SearchAction\",\"target\":{\"@type\":\"EntryPoint\",\"urlTemplate\":\"https:\/\/www.gaveanews.com\/?s={search_term_string}\"},\"query-input\":{\"@type\":\"PropertyValueSpecification\",\"valueRequired\":true,\"valueName\":\"search_term_string\"}}],\"inLanguage\":\"pt-BR\"},{\"@type\":\"Person\",\"@id\":\"https:\/\/www.gaveanews.com\/#\/schema\/person\/2d29802e96a726e735077717fb5c6f20\",\"name\":\"Leonardo Ant\u00f4nio\",\"image\":{\"@type\":\"ImageObject\",\"inLanguage\":\"pt-BR\",\"@id\":\"https:\/\/www.gaveanews.com\/#\/schema\/person\/image\/\",\"url\":\"https:\/\/secure.gravatar.com\/avatar\/b9ffc9ff64af5c915e7cb1824991ab1b4aa29b902a6a9a83be9d1c8ba449fce8?s=96&d=mm&r=g\",\"contentUrl\":\"https:\/\/secure.gravatar.com\/avatar\/b9ffc9ff64af5c915e7cb1824991ab1b4aa29b902a6a9a83be9d1c8ba449fce8?s=96&d=mm&r=g\",\"caption\":\"Leonardo Ant\u00f4nio\"}}]}<\/script>\n<!-- \/ Yoast SEO Premium plugin. -->","yoast_head_json":{"title":"8 jogadores que interessam ao Flamengo para a pr\u00f3xima temporada","robots":{"index":"index","follow":"follow","max-snippet":"max-snippet:-1","max-image-preview":"max-image-preview:large","max-video-preview":"max-video-preview:-1"},"canonical":"https:\/\/www.gaveanews.com\/index.php\/2023\/12\/13\/8-jogadores-que-interessam-ao-flamengo-para-a-proxima-temporada\/","og_locale":"pt_BR","og_type":"article","og_title":"8 jogadores que interessam ao Flamengo para a pr\u00f3xima temporada","og_description":"Por: Leonardo Ant\u00f4nio Para a temporada de 2024, o Flamengo est\u00e1 avaliando diversos jogadores para fortalecer seu elenco. Aqui est\u00e3o alguns dos nomes que est\u00e3o sendo discutidos, com detalhes sobre suas situa\u00e7\u00f5es contratuais, valor de mercado e interesse de outros clubes. \u00c9 importante destacar que o nome de De La Cruz n\u00e3o consta nesta lista [&hellip;]","og_url":"https:\/\/www.gaveanews.com\/index.php\/2023\/12\/13\/8-jogadores-que-interessam-ao-flamengo-para-a-proxima-temporada\/","og_site_name":"G\u00e1vea News","article_publisher":"https:\/\/facebook.com\/gaveaNews\/","article_published_time":"2023-12-13T07:24:11+00:00","article_modified_time":"2023-12-13T07:24:13+00:00","og_image":[{"width":601,"height":338,"url":"https:\/\/www.gaveanews.com\/wp-content\/uploads\/mercado-da-bola.webp","type":"image\/webp"}],"author":"Leonardo Ant\u00f4nio","twitter_card":"summary_large_image","twitter_misc":{"Escrito por":"Leonardo Ant\u00f4nio","Est. tempo de leitura":"3 minutos"},"schema":{"@context":"https:\/\/schema.org","@graph":[{"@type":"NewsArticle","@id":"https:\/\/www.gaveanews.com\/index.php\/2023\/12\/13\/8-jogadores-que-interessam-ao-flamengo-para-a-proxima-temporada\/#article","isPartOf":{"@id":"https:\/\/www.gaveanews.com\/index.php\/2023\/12\/13\/8-jogadores-que-interessam-ao-flamengo-para-a-proxima-temporada\/"},"author":{"name":"Leonardo Ant\u00f4nio","@id":"https:\/\/www.gaveanews.com\/#\/schema\/person\/2d29802e96a726e735077717fb5c6f20"},"headline":"8 jogadores que interessam ao Flamengo para a pr\u00f3xima temporada","datePublished":"2023-12-13T07:24:11+00:00","dateModified":"2023-12-13T07:24:13+00:00","mainEntityOfPage":{"@id":"https:\/\/www.gaveanews.com\/index.php\/2023\/12\/13\/8-jogadores-que-interessam-ao-flamengo-para-a-proxima-temporada\/"},"wordCount":456,"commentCount":0,"image":{"@id":"https:\/\/www.gaveanews.com\/index.php\/2023\/12\/13\/8-jogadores-que-interessam-ao-flamengo-para-a-proxima-temporada\/#primaryimage"},"thumbnailUrl":"https:\/\/www.gaveanews.com\/wp-content\/uploads\/mercado-da-bola.webp","articleSection":["Negocia\u00e7\u00f5es"],"inLanguage":"pt-BR","potentialAction":[{"@type":"CommentAction","name":"Comment","target":["https:\/\/www.gaveanews.com\/index.php\/2023\/12\/13\/8-jogadores-que-interessam-ao-flamengo-para-a-proxima-temporada\/#respond"]}],"copyrightYear":"2023","copyrightHolder":{"@id":"https:\/\/www.gaveanews.com\/#organization"}},{"@type":"WebPage","@id":"https:\/\/www.gaveanews.com\/index.php\/2023\/12\/13\/8-jogadores-que-interessam-ao-flamengo-para-a-proxima-temporada\/","url":"https:\/\/www.gaveanews.com\/index.php\/2023\/12\/13\/8-jogadores-que-interessam-ao-flamengo-para-a-proxima-temporada\/","name":"8 jogadores que interessam ao Flamengo para a pr\u00f3xima temporada","isPartOf":{"@id":"https:\/\/www.gaveanews.com\/#website"},"primaryImageOfPage":{"@id":"https:\/\/www.gaveanews.com\/index.php\/2023\/12\/13\/8-jogadores-que-interessam-ao-flamengo-para-a-proxima-temporada\/#primaryimage"},"image":{"@id":"https:\/\/www.gaveanews.com\/index.php\/2023\/12\/13\/8-jogadores-que-interessam-ao-flamengo-para-a-proxima-temporada\/#primaryimage"},"thumbnailUrl":"https:\/\/www.gaveanews.com\/wp-content\/uploads\/mercado-da-bola.webp","datePublished":"2023-12-13T07:24:11+00:00","dateModified":"2023-12-13T07:24:13+00:00","author":{"@id":"https:\/\/www.gaveanews.com\/#\/schema\/person\/2d29802e96a726e735077717fb5c6f20"},"breadcrumb":{"@id":"https:\/\/www.gaveanews.com\/index.php\/2023\/12\/13\/8-jogadores-que-interessam-ao-flamengo-para-a-proxima-temporada\/#breadcrumb"},"inLanguage":"pt-BR","potentialAction":[{"@type":"ReadAction","target":["https:\/\/www.gaveanews.com\/index.php\/2023\/12\/13\/8-jogadores-que-interessam-ao-flamengo-para-a-proxima-temporada\/"]}]},{"@type":"ImageObject","inLanguage":"pt-BR","@id":"https:\/\/www.gaveanews.com\/index.php\/2023\/12\/13\/8-jogadores-que-interessam-ao-flamengo-para-a-proxima-temporada\/#primaryimage","url":"https:\/\/www.gaveanews.com\/wp-content\/uploads\/mercado-da-bola.webp","contentUrl":"https:\/\/www.gaveanews.com\/wp-content\/uploads\/mercado-da-bola.webp","width":601,"height":338,"caption":"mercado da bola - Foto Geraldo Neto\/A Gazeta"},{"@type":"BreadcrumbList","@id":"https:\/\/www.gaveanews.com\/index.php\/2023\/12\/13\/8-jogadores-que-interessam-ao-flamengo-para-a-proxima-temporada\/#breadcrumb","itemListElement":[{"@type":"ListItem","position":1,"name":"Home","item":"https:\/\/www.gaveanews.com\/"},{"@type":"ListItem","position":2,"name":"8 jogadores que interessam ao Flamengo para a pr\u00f3xima temporada"}]},{"@type":"WebSite","@id":"https:\/\/www.gaveanews.com\/#website","url":"https:\/\/www.gaveanews.com\/","name":"G\u00e1vea News","description":"Veja todas as not\u00edcias sobre o Flamengo: Contrata\u00e7\u00f5es, categorias de base, resultados das partidas, tabela de classifica\u00e7\u00e3o, pr\u00f3ximos jogos!","potentialAction":[{"@type":"SearchAction","target":{"@type":"EntryPoint","urlTemplate":"https:\/\/www.gaveanews.com\/?s={search_term_string}"},"query-input":{"@type":"PropertyValueSpecification","valueRequired":true,"valueName":"search_term_string"}}],"inLanguage":"pt-BR"},{"@type":"Person","@id":"https:\/\/www.gaveanews.com\/#\/schema\/person\/2d29802e96a726e735077717fb5c6f20","name":"Leonardo Ant\u00f4nio","image":{"@type":"ImageObject","inLanguage":"pt-BR","@id":"https:\/\/www.gaveanews.com\/#\/schema\/person\/image\/","url":"https:\/\/secure.gravatar.com\/avatar\/b9ffc9ff64af5c915e7cb1824991ab1b4aa29b902a6a9a83be9d1c8ba449fce8?s=96&d=mm&r=g","contentUrl":"https:\/\/secure.gravatar.com\/avatar\/b9ffc9ff64af5c915e7cb1824991ab1b4aa29b902a6a9a83be9d1c8ba449fce8?s=96&d=mm&r=g","caption":"Leonardo Ant\u00f4nio"}}]}},"_links":{"self":[{"href":"https:\/\/www.gaveanews.com\/index.php\/wp-json\/wp\/v2\/posts\/115844","targetHints":{"allow":["GET"]}}],"collection":[{"href":"https:\/\/www.gaveanews.com\/index.php\/wp-json\/wp\/v2\/posts"}],"about":[{"href":"https:\/\/www.gaveanews.com\/index.php\/wp-json\/wp\/v2\/types\/post"}],"author":[{"embeddable":true,"href":"https:\/\/www.gaveanews.com\/index.php\/wp-json\/wp\/v2\/users\/6"}],"replies":[{"embeddable":true,"href":"https:\/\/www.gaveanews.com\/index.php\/wp-json\/wp\/v2\/comments?post=115844"}],"version-history":[{"count":0,"href":"https:\/\/www.gaveanews.com\/index.php\/wp-json\/wp\/v2\/posts\/115844\/revisions"}],"wp:featuredmedia":[{"embeddable":true,"href":"https:\/\/www.gaveanews.com\/index.php\/wp-json\/wp\/v2\/media\/113516"}],"wp:attachment":[{"href":"https:\/\/www.gaveanews.com\/index.php\/wp-json\/wp\/v2\/media?parent=115844"}],"wp:term":[{"taxonomy":"category","embeddable":true,"href":"https:\/\/www.gaveanews.com\/index.php\/wp-json\/wp\/v2\/categories?post=115844"},{"taxonomy":"post_tag","embeddable":true,"href":"https:\/\/www.gaveanews.com\/index.php\/wp-json\/wp\/v2\/tags?post=115844"}],"curies":[{"name":"wp","href":"https:\/\/api.w.org\/{rel}","templated":true}]}}