{"id":116126,"date":"2023-12-13T11:23:29","date_gmt":"2023-12-13T14:23:29","guid":{"rendered":"https:\/\/www.gaveanews.com\/?p=116126"},"modified":"2023-12-13T11:23:32","modified_gmt":"2023-12-13T14:23:32","slug":"jornal-da-europa-faz-um-quem-e-o-melhor-jogador-entre-vinicius-jr-ou-pedri","status":"publish","type":"post","link":"https:\/\/www.gaveanews.com\/index.php\/2023\/12\/13\/jornal-da-europa-faz-um-quem-e-o-melhor-jogador-entre-vinicius-jr-ou-pedri\/","title":{"rendered":"Jornal da Europa faz um &#8220;Quem \u00e9 o melhor jogador?&#8221; entre  Vinicius Jr ou Pedri"},"content":{"rendered":"\n<p>Por: Leonardo Ant\u00f4nio<br><br>A era contempor\u00e2nea do futebol espanhol tem sido marcada pela ascens\u00e3o de dois jovens talentos excepcionais: Vinicius Jr. do Real Madrid e Pedri do Barcelona. Esses dois jogadores emergiram como figuras-chave em seus respectivos clubes, trazendo uma nova energia e dinamismo para o palco do futebol espanhol e internacional.<\/p>\n\n\n\n<blockquote class=\"twitter-tweet\"><p lang=\"en\" dir=\"ltr\">Will Pedri or Vinicius Jr win the Ballon d&#39;Or 1st&#8230; \ud83c\uddea\ud83c\uddf8\ud83c\udde7\ud83c\uddf7\ud83e\udd47 <a href=\"https:\/\/t.co\/CTm9KioZ4z\">pic.twitter.com\/CTm9KioZ4z<\/a><\/p>&mdash; Sport360\u00b0 (@Sport360) <a href=\"https:\/\/twitter.com\/Sport360\/status\/1480132245495025667?ref_src=twsrc%5Etfw\">January 9, 2022<\/a><\/blockquote> <script async src=\"https:\/\/platform.twitter.com\/widgets.js\" charset=\"utf-8\"><\/script>\n\n\n\n<p>Vinicius Jr., com sua velocidade estonteante e habilidade de driblar os advers\u00e1rios, tem sido uma for\u00e7a vital para o Real Madrid. Desde sua chegada ao clube, proveniente do Flamengo, ele tem evolu\u00eddo continuamente, tornando-se um dos atacantes mais temidos da La Liga. Em 2023, Vinicius demonstrou uma capacidade not\u00e1vel de preencher a lacuna deixada por Cristiano Ronaldo, formando uma nova e promissora parceria com Jude Bellingham e Rodrygo. Seu arsenal de t\u00edtulos, que inclui m\u00faltiplas conquistas da La Liga e uma Liga dos Campe\u00f5es, fala por si s\u00f3.<\/p>\n\n\n\n<p>Por outro lado, Pedri, conhecido como o &#8220;Menino de Ouro&#8221; de 2021, tem se destacado no meio-campo do Barcelona. Sua vis\u00e3o de jogo, controle de bola e intelig\u00eancia t\u00e1tica o tornaram uma pe\u00e7a central na estrat\u00e9gia do Barcelona, especialmente na aus\u00eancia de lendas como Messi. Apesar de o Barcelona ter enfrentado um per\u00edodo menos frut\u00edfero em termos de conquistas de t\u00edtulos, Pedri tem sido um raio de esperan\u00e7a, impulsionando o meio-campo com sua criatividade e habilidade de ligar a defesa ao ataque.<\/p>\n\n\n\n<blockquote class=\"twitter-tweet\"><p lang=\"en\" dir=\"ltr\">Vinicius Junior with the Sul-Americano winners trophy, best player trophy and top scorer trophy. 7 goals in 8 games (3 assists too). <a href=\"https:\/\/t.co\/rxVr4x3FWi\">pic.twitter.com\/rxVr4x3FWi<\/a><\/p>&mdash; Escojar (@Escojar) <a href=\"https:\/\/twitter.com\/Escojar\/status\/843804253986717698?ref_src=twsrc%5Etfw\">March 20, 2017<\/a><\/blockquote> <script async src=\"https:\/\/platform.twitter.com\/widgets.js\" charset=\"utf-8\"><\/script>\n\n\n\n<p>No cen\u00e1rio internacional, ambos os jogadores t\u00eam demonstrado seu valor. Pedri, apesar de sua juventude, j\u00e1 deixou uma marca significativa na sele\u00e7\u00e3o espanhola, sendo um dos jogadores mais destacados na Euro 2020 e nas Olimp\u00edadas de T\u00f3quio. Vinicius Jr., com suas conquistas nas categorias de base pela sele\u00e7\u00e3o brasileira e a promessa de uma parceria eficaz com estrelas como Neymar e Casemiro, sugere um futuro brilhante para o Brasil nos palcos internacionais.<\/p>\n\n\n\n<p>Em termos de honrarias individuais, ambos os jogadores acumularam uma s\u00e9rie de pr\u00eamios que refletem sua excepcionalidade e contribui\u00e7\u00e3o ao esporte. Enquanto Vinicius Jr. conquistou reconhecimento na Champions League e na La Liga, Pedri n\u00e3o ficou atr\u00e1s, recebendo pr\u00eamios de prest\u00edgio como o Trof\u00e9u Kopa e sendo nomeado o Melhor Jogador Juvenil do Mundo pela IFFHS. Esta compara\u00e7\u00e3o de trajet\u00f3rias e conquistas torna dif\u00edcil determinar quem leva vantagem, pois ambos est\u00e3o em constante evolu\u00e7\u00e3o e t\u00eam um futuro promissor pela frente.<br><\/p>\n\n\n\n<h2 class=\"wp-block-heading\" id=\"h-homenagens-individuais-de-vinicius-jr\">Homenagens individuais de Vinicius Jr:<\/h2>\n\n\n\n<ul class=\"wp-block-list\">\n<li>Copa S\u00e3o Paulo de Futebol J\u00fanior Melhor Lateral Esquerdo: 2017<\/li>\n\n\n\n<li>Melhor Jogador do Campeonato Sul-Americano Sub-17: 2017<\/li>\n\n\n\n<li>Jogador do m\u00eas da La Liga: novembro de 2021<\/li>\n\n\n\n<li>Equipe da temporada da UEFA Champions League: 2021\u201322, 2022\u201323<\/li>\n\n\n\n<li>Jovem Jogador da Temporada da UEFA Champions League: 2021\u201322<\/li>\n\n\n\n<li>Equipe da temporada da La Liga: 2021\u201322, 2022\u201323<\/li>\n\n\n\n<li>Bola de Ouro da Copa do Mundo de Clubes da FIFA: 2022<\/li>\n\n\n\n<li>Pr\u00e9mio S\u00f3crates: 2023<\/li>\n<\/ul>\n\n\n\n<h2 class=\"wp-block-heading\" id=\"h-homenagens-individuais-de-pedri-gonzalez\">Homenagens individuais de Pedri Gonzalez:<\/h2>\n\n\n\n<ul class=\"wp-block-list\">\n<li>XI Revela\u00e7\u00e3o da Liga dos Campe\u00f5es da UEFA: 2020<\/li>\n\n\n\n<li>Jovem Jogador do Torneio do Campeonato da Europa da UEFA: 2020<\/li>\n\n\n\n<li>Equipa do Torneio do Campeonato da Europa da UEFA: 2020<\/li>\n\n\n\n<li>Trof\u00e9u Aldo Rovira: 2020\u201321<\/li>\n\n\n\n<li>Menino de Ouro: 2021<\/li>\n\n\n\n<li>Trof\u00e9u Kopa: 2021<\/li>\n\n\n\n<li>Melhor Jogador Juvenil (Sub-20) do Mundo da IFFHS: 2021<\/li>\n\n\n\n<li>Equipe da temporada da La Liga: 2021\u201322, 2022\u201323<\/li>\n\n\n\n<li>Trofeo Aldo Rovira: 2020\u201321<\/li>\n\n\n\n<li>Premi Bar\u00e7a Jugadors (Pr\u00eamio Jogadores do Bar\u00e7a): 2021\u201322<\/li>\n<\/ul>\n\n\n\n<h2 class=\"wp-block-heading\" id=\"h-a-definicao-do-jornal-foi\">A defini\u00e7\u00e3o do Jornal foi:<\/h2>\n\n\n\n<p><em>&#8220;Pelas compara\u00e7\u00f5es acima, Vinicius est\u00e1 \u00e0 frente de Pedri.\u00a0Pedri tem uma grande vantagem sobre Vini, pois \u00e9 2 anos mais novo que ele e pode ultrapass\u00e1-lo num futuro pr\u00f3ximo.\u00a0Se formos compar\u00e1-los com base no cen\u00e1rio atual h\u00e1 menos chances de Pedri assumir o lugar de Vinicius no futuro pr\u00f3ximo.&#8221;<\/em> , concluiu o Feed Me Goal<\/p>\n\n\n\n<blockquote class=\"twitter-tweet\"><p lang=\"en\" dir=\"ltr\">Vinicius jumped because he didn\u2019t want to step on the Real Madrid logo.<br><br>Respect \ud83d\udcc8 <a href=\"https:\/\/t.co\/Bjcgq9KyA9\">pic.twitter.com\/Bjcgq9KyA9<\/a><\/p>&mdash; ESPN FC (@ESPNFC) <a href=\"https:\/\/twitter.com\/ESPNFC\/status\/1479939061393641474?ref_src=twsrc%5Etfw\">January 8, 2022<\/a><\/blockquote> <script async src=\"https:\/\/platform.twitter.com\/widgets.js\" charset=\"utf-8\"><\/script>\n\n\n\n<p>Assim, enquanto o debate sobre quem \u00e9 o melhor entre Vinicius Jr. e Pedri continua, o que \u00e9 ineg\u00e1vel \u00e9 o impacto que ambos tiveram no futebol espanhol. Seus estilos de jogo distintos, conquistas e contribui\u00e7\u00f5es para seus clubes e sele\u00e7\u00f5es nacionais os estabeleceram como dois dos jovens jogadores mais empolgantes da atualidade, prometendo elevar ainda mais o n\u00edvel do esporte nos pr\u00f3ximos anos.<\/p>\n","protected":false},"excerpt":{"rendered":"<p>Por: Leonardo Ant\u00f4nio A era contempor\u00e2nea do futebol espanhol tem sido marcada pela ascens\u00e3o de dois jovens talentos excepcionais: Vinicius Jr. do Real Madrid e Pedri do Barcelona. Esses dois jogadores emergiram como figuras-chave em seus respectivos clubes, trazendo uma nova energia e dinamismo para o palco do futebol espanhol e internacional. Will Pedri or [&hellip;]<\/p>\n","protected":false},"author":6,"featured_media":96404,"comment_status":"open","ping_status":"closed","sticky":false,"template":"","format":"standard","meta":{"footnotes":""},"categories":[78],"tags":[],"class_list":["post-116126","post","type-post","status-publish","format-standard","has-post-thumbnail","hentry","category-futebol-internacional"],"yoast_head":"<!-- This site is optimized with the Yoast SEO Premium plugin v24.2 (Yoast SEO v26.9) - https:\/\/yoast.com\/product\/yoast-seo-premium-wordpress\/ -->\n<title>Jornal da Europa faz um &quot;Quem \u00e9 o melhor jogador?&quot; entre Vinicius Jr ou Pedri<\/title>\n<meta name=\"robots\" content=\"index, follow, max-snippet:-1, max-image-preview:large, max-video-preview:-1\" \/>\n<link rel=\"canonical\" href=\"https:\/\/www.gaveanews.com\/index.php\/2023\/12\/13\/jornal-da-europa-faz-um-quem-e-o-melhor-jogador-entre-vinicius-jr-ou-pedri\/\" \/>\n<meta property=\"og:locale\" content=\"pt_BR\" \/>\n<meta property=\"og:type\" content=\"article\" \/>\n<meta property=\"og:title\" content=\"Jornal da Europa faz um &quot;Quem \u00e9 o melhor jogador?&quot; entre Vinicius Jr ou Pedri\" \/>\n<meta property=\"og:description\" content=\"Por: Leonardo Ant\u00f4nio A era contempor\u00e2nea do futebol espanhol tem sido marcada pela ascens\u00e3o de dois jovens talentos excepcionais: Vinicius Jr. do Real Madrid e Pedri do Barcelona. Esses dois jogadores emergiram como figuras-chave em seus respectivos clubes, trazendo uma nova energia e dinamismo para o palco do futebol espanhol e internacional. Will Pedri or [&hellip;]\" \/>\n<meta property=\"og:url\" content=\"https:\/\/www.gaveanews.com\/index.php\/2023\/12\/13\/jornal-da-europa-faz-um-quem-e-o-melhor-jogador-entre-vinicius-jr-ou-pedri\/\" \/>\n<meta property=\"og:site_name\" content=\"G\u00e1vea News\" \/>\n<meta property=\"article:publisher\" content=\"https:\/\/facebook.com\/gaveaNews\/\" \/>\n<meta property=\"article:published_time\" content=\"2023-12-13T14:23:29+00:00\" \/>\n<meta property=\"article:modified_time\" content=\"2023-12-13T14:23:32+00:00\" \/>\n<meta property=\"og:image\" content=\"https:\/\/www.gaveanews.com\/wp-content\/uploads\/Vinicius-Junior-exibe-o-escudo-do-Real-Madrid-apos-marcar-um-gol-pelo-time-da-Espanha.webp\" \/>\n\t<meta property=\"og:image:width\" content=\"1440\" \/>\n\t<meta property=\"og:image:height\" content=\"1800\" \/>\n\t<meta property=\"og:image:type\" content=\"image\/jpeg\" \/>\n<meta name=\"author\" content=\"Leonardo Ant\u00f4nio\" \/>\n<meta name=\"twitter:card\" content=\"summary_large_image\" \/>\n<meta name=\"twitter:label1\" content=\"Escrito por\" \/>\n\t<meta name=\"twitter:data1\" content=\"Leonardo Ant\u00f4nio\" \/>\n\t<meta name=\"twitter:label2\" content=\"Est. tempo de leitura\" \/>\n\t<meta name=\"twitter:data2\" content=\"4 minutos\" \/>\n<script type=\"application\/ld+json\" class=\"yoast-schema-graph\">{\"@context\":\"https:\/\/schema.org\",\"@graph\":[{\"@type\":\"NewsArticle\",\"@id\":\"https:\/\/www.gaveanews.com\/index.php\/2023\/12\/13\/jornal-da-europa-faz-um-quem-e-o-melhor-jogador-entre-vinicius-jr-ou-pedri\/#article\",\"isPartOf\":{\"@id\":\"https:\/\/www.gaveanews.com\/index.php\/2023\/12\/13\/jornal-da-europa-faz-um-quem-e-o-melhor-jogador-entre-vinicius-jr-ou-pedri\/\"},\"author\":{\"name\":\"Leonardo Ant\u00f4nio\",\"@id\":\"https:\/\/www.gaveanews.com\/#\/schema\/person\/2d29802e96a726e735077717fb5c6f20\"},\"headline\":\"Jornal da Europa faz um &#8220;Quem \u00e9 o melhor jogador?&#8221; entre Vinicius Jr ou Pedri\",\"datePublished\":\"2023-12-13T14:23:29+00:00\",\"dateModified\":\"2023-12-13T14:23:32+00:00\",\"mainEntityOfPage\":{\"@id\":\"https:\/\/www.gaveanews.com\/index.php\/2023\/12\/13\/jornal-da-europa-faz-um-quem-e-o-melhor-jogador-entre-vinicius-jr-ou-pedri\/\"},\"wordCount\":770,\"commentCount\":0,\"image\":{\"@id\":\"https:\/\/www.gaveanews.com\/index.php\/2023\/12\/13\/jornal-da-europa-faz-um-quem-e-o-melhor-jogador-entre-vinicius-jr-ou-pedri\/#primaryimage\"},\"thumbnailUrl\":\"https:\/\/www.gaveanews.com\/wp-content\/uploads\/Vinicius-Junior-exibe-o-escudo-do-Real-Madrid-apos-marcar-um-gol-pelo-time-da-Espanha.webp\",\"articleSection\":[\"Futebol Internacional\"],\"inLanguage\":\"pt-BR\",\"potentialAction\":[{\"@type\":\"CommentAction\",\"name\":\"Comment\",\"target\":[\"https:\/\/www.gaveanews.com\/index.php\/2023\/12\/13\/jornal-da-europa-faz-um-quem-e-o-melhor-jogador-entre-vinicius-jr-ou-pedri\/#respond\"]}],\"copyrightYear\":\"2023\",\"copyrightHolder\":{\"@id\":\"https:\/\/www.gaveanews.com\/#organization\"}},{\"@type\":\"WebPage\",\"@id\":\"https:\/\/www.gaveanews.com\/index.php\/2023\/12\/13\/jornal-da-europa-faz-um-quem-e-o-melhor-jogador-entre-vinicius-jr-ou-pedri\/\",\"url\":\"https:\/\/www.gaveanews.com\/index.php\/2023\/12\/13\/jornal-da-europa-faz-um-quem-e-o-melhor-jogador-entre-vinicius-jr-ou-pedri\/\",\"name\":\"Jornal da Europa faz um \\\"Quem \u00e9 o melhor jogador?\\\" entre Vinicius Jr ou Pedri\",\"isPartOf\":{\"@id\":\"https:\/\/www.gaveanews.com\/#website\"},\"primaryImageOfPage\":{\"@id\":\"https:\/\/www.gaveanews.com\/index.php\/2023\/12\/13\/jornal-da-europa-faz-um-quem-e-o-melhor-jogador-entre-vinicius-jr-ou-pedri\/#primaryimage\"},\"image\":{\"@id\":\"https:\/\/www.gaveanews.com\/index.php\/2023\/12\/13\/jornal-da-europa-faz-um-quem-e-o-melhor-jogador-entre-vinicius-jr-ou-pedri\/#primaryimage\"},\"thumbnailUrl\":\"https:\/\/www.gaveanews.com\/wp-content\/uploads\/Vinicius-Junior-exibe-o-escudo-do-Real-Madrid-apos-marcar-um-gol-pelo-time-da-Espanha.webp\",\"datePublished\":\"2023-12-13T14:23:29+00:00\",\"dateModified\":\"2023-12-13T14:23:32+00:00\",\"author\":{\"@id\":\"https:\/\/www.gaveanews.com\/#\/schema\/person\/2d29802e96a726e735077717fb5c6f20\"},\"breadcrumb\":{\"@id\":\"https:\/\/www.gaveanews.com\/index.php\/2023\/12\/13\/jornal-da-europa-faz-um-quem-e-o-melhor-jogador-entre-vinicius-jr-ou-pedri\/#breadcrumb\"},\"inLanguage\":\"pt-BR\",\"potentialAction\":[{\"@type\":\"ReadAction\",\"target\":[\"https:\/\/www.gaveanews.com\/index.php\/2023\/12\/13\/jornal-da-europa-faz-um-quem-e-o-melhor-jogador-entre-vinicius-jr-ou-pedri\/\"]}]},{\"@type\":\"ImageObject\",\"inLanguage\":\"pt-BR\",\"@id\":\"https:\/\/www.gaveanews.com\/index.php\/2023\/12\/13\/jornal-da-europa-faz-um-quem-e-o-melhor-jogador-entre-vinicius-jr-ou-pedri\/#primaryimage\",\"url\":\"https:\/\/www.gaveanews.com\/wp-content\/uploads\/Vinicius-Junior-exibe-o-escudo-do-Real-Madrid-apos-marcar-um-gol-pelo-time-da-Espanha.webp\",\"contentUrl\":\"https:\/\/www.gaveanews.com\/wp-content\/uploads\/Vinicius-Junior-exibe-o-escudo-do-Real-Madrid-apos-marcar-um-gol-pelo-time-da-Espanha.webp\",\"width\":1440,\"height\":1800,\"caption\":\"Vinicius J\u00fanior exibe o escudo do Real Madrid ap\u00f3s marcar um gol pelo time da Espanha (Foto: Reprodu\u00e7\u00e3o\/Instagram)\"},{\"@type\":\"BreadcrumbList\",\"@id\":\"https:\/\/www.gaveanews.com\/index.php\/2023\/12\/13\/jornal-da-europa-faz-um-quem-e-o-melhor-jogador-entre-vinicius-jr-ou-pedri\/#breadcrumb\",\"itemListElement\":[{\"@type\":\"ListItem\",\"position\":1,\"name\":\"Home\",\"item\":\"https:\/\/www.gaveanews.com\/\"},{\"@type\":\"ListItem\",\"position\":2,\"name\":\"Jornal da Europa faz um &#8220;Quem \u00e9 o melhor jogador?&#8221; entre Vinicius Jr ou Pedri\"}]},{\"@type\":\"WebSite\",\"@id\":\"https:\/\/www.gaveanews.com\/#website\",\"url\":\"https:\/\/www.gaveanews.com\/\",\"name\":\"G\u00e1vea News\",\"description\":\"Veja todas as not\u00edcias sobre o Flamengo: Contrata\u00e7\u00f5es, categorias de base, resultados das partidas, tabela de classifica\u00e7\u00e3o, pr\u00f3ximos jogos!\",\"potentialAction\":[{\"@type\":\"SearchAction\",\"target\":{\"@type\":\"EntryPoint\",\"urlTemplate\":\"https:\/\/www.gaveanews.com\/?s={search_term_string}\"},\"query-input\":{\"@type\":\"PropertyValueSpecification\",\"valueRequired\":true,\"valueName\":\"search_term_string\"}}],\"inLanguage\":\"pt-BR\"},{\"@type\":\"Person\",\"@id\":\"https:\/\/www.gaveanews.com\/#\/schema\/person\/2d29802e96a726e735077717fb5c6f20\",\"name\":\"Leonardo Ant\u00f4nio\",\"image\":{\"@type\":\"ImageObject\",\"inLanguage\":\"pt-BR\",\"@id\":\"https:\/\/www.gaveanews.com\/#\/schema\/person\/image\/\",\"url\":\"https:\/\/secure.gravatar.com\/avatar\/b9ffc9ff64af5c915e7cb1824991ab1b4aa29b902a6a9a83be9d1c8ba449fce8?s=96&d=mm&r=g\",\"contentUrl\":\"https:\/\/secure.gravatar.com\/avatar\/b9ffc9ff64af5c915e7cb1824991ab1b4aa29b902a6a9a83be9d1c8ba449fce8?s=96&d=mm&r=g\",\"caption\":\"Leonardo Ant\u00f4nio\"}}]}<\/script>\n<!-- \/ Yoast SEO Premium plugin. -->","yoast_head_json":{"title":"Jornal da Europa faz um \"Quem \u00e9 o melhor jogador?\" entre Vinicius Jr ou Pedri","robots":{"index":"index","follow":"follow","max-snippet":"max-snippet:-1","max-image-preview":"max-image-preview:large","max-video-preview":"max-video-preview:-1"},"canonical":"https:\/\/www.gaveanews.com\/index.php\/2023\/12\/13\/jornal-da-europa-faz-um-quem-e-o-melhor-jogador-entre-vinicius-jr-ou-pedri\/","og_locale":"pt_BR","og_type":"article","og_title":"Jornal da Europa faz um \"Quem \u00e9 o melhor jogador?\" entre Vinicius Jr ou Pedri","og_description":"Por: Leonardo Ant\u00f4nio A era contempor\u00e2nea do futebol espanhol tem sido marcada pela ascens\u00e3o de dois jovens talentos excepcionais: Vinicius Jr. do Real Madrid e Pedri do Barcelona. Esses dois jogadores emergiram como figuras-chave em seus respectivos clubes, trazendo uma nova energia e dinamismo para o palco do futebol espanhol e internacional. Will Pedri or [&hellip;]","og_url":"https:\/\/www.gaveanews.com\/index.php\/2023\/12\/13\/jornal-da-europa-faz-um-quem-e-o-melhor-jogador-entre-vinicius-jr-ou-pedri\/","og_site_name":"G\u00e1vea News","article_publisher":"https:\/\/facebook.com\/gaveaNews\/","article_published_time":"2023-12-13T14:23:29+00:00","article_modified_time":"2023-12-13T14:23:32+00:00","og_image":[{"width":1440,"height":1800,"url":"https:\/\/www.gaveanews.com\/wp-content\/uploads\/Vinicius-Junior-exibe-o-escudo-do-Real-Madrid-apos-marcar-um-gol-pelo-time-da-Espanha.webp","type":"image\/jpeg"}],"author":"Leonardo Ant\u00f4nio","twitter_card":"summary_large_image","twitter_misc":{"Escrito por":"Leonardo Ant\u00f4nio","Est. tempo de leitura":"4 minutos"},"schema":{"@context":"https:\/\/schema.org","@graph":[{"@type":"NewsArticle","@id":"https:\/\/www.gaveanews.com\/index.php\/2023\/12\/13\/jornal-da-europa-faz-um-quem-e-o-melhor-jogador-entre-vinicius-jr-ou-pedri\/#article","isPartOf":{"@id":"https:\/\/www.gaveanews.com\/index.php\/2023\/12\/13\/jornal-da-europa-faz-um-quem-e-o-melhor-jogador-entre-vinicius-jr-ou-pedri\/"},"author":{"name":"Leonardo Ant\u00f4nio","@id":"https:\/\/www.gaveanews.com\/#\/schema\/person\/2d29802e96a726e735077717fb5c6f20"},"headline":"Jornal da Europa faz um &#8220;Quem \u00e9 o melhor jogador?&#8221; entre Vinicius Jr ou Pedri","datePublished":"2023-12-13T14:23:29+00:00","dateModified":"2023-12-13T14:23:32+00:00","mainEntityOfPage":{"@id":"https:\/\/www.gaveanews.com\/index.php\/2023\/12\/13\/jornal-da-europa-faz-um-quem-e-o-melhor-jogador-entre-vinicius-jr-ou-pedri\/"},"wordCount":770,"commentCount":0,"image":{"@id":"https:\/\/www.gaveanews.com\/index.php\/2023\/12\/13\/jornal-da-europa-faz-um-quem-e-o-melhor-jogador-entre-vinicius-jr-ou-pedri\/#primaryimage"},"thumbnailUrl":"https:\/\/www.gaveanews.com\/wp-content\/uploads\/Vinicius-Junior-exibe-o-escudo-do-Real-Madrid-apos-marcar-um-gol-pelo-time-da-Espanha.webp","articleSection":["Futebol Internacional"],"inLanguage":"pt-BR","potentialAction":[{"@type":"CommentAction","name":"Comment","target":["https:\/\/www.gaveanews.com\/index.php\/2023\/12\/13\/jornal-da-europa-faz-um-quem-e-o-melhor-jogador-entre-vinicius-jr-ou-pedri\/#respond"]}],"copyrightYear":"2023","copyrightHolder":{"@id":"https:\/\/www.gaveanews.com\/#organization"}},{"@type":"WebPage","@id":"https:\/\/www.gaveanews.com\/index.php\/2023\/12\/13\/jornal-da-europa-faz-um-quem-e-o-melhor-jogador-entre-vinicius-jr-ou-pedri\/","url":"https:\/\/www.gaveanews.com\/index.php\/2023\/12\/13\/jornal-da-europa-faz-um-quem-e-o-melhor-jogador-entre-vinicius-jr-ou-pedri\/","name":"Jornal da Europa faz um \"Quem \u00e9 o melhor jogador?\" entre Vinicius Jr ou Pedri","isPartOf":{"@id":"https:\/\/www.gaveanews.com\/#website"},"primaryImageOfPage":{"@id":"https:\/\/www.gaveanews.com\/index.php\/2023\/12\/13\/jornal-da-europa-faz-um-quem-e-o-melhor-jogador-entre-vinicius-jr-ou-pedri\/#primaryimage"},"image":{"@id":"https:\/\/www.gaveanews.com\/index.php\/2023\/12\/13\/jornal-da-europa-faz-um-quem-e-o-melhor-jogador-entre-vinicius-jr-ou-pedri\/#primaryimage"},"thumbnailUrl":"https:\/\/www.gaveanews.com\/wp-content\/uploads\/Vinicius-Junior-exibe-o-escudo-do-Real-Madrid-apos-marcar-um-gol-pelo-time-da-Espanha.webp","datePublished":"2023-12-13T14:23:29+00:00","dateModified":"2023-12-13T14:23:32+00:00","author":{"@id":"https:\/\/www.gaveanews.com\/#\/schema\/person\/2d29802e96a726e735077717fb5c6f20"},"breadcrumb":{"@id":"https:\/\/www.gaveanews.com\/index.php\/2023\/12\/13\/jornal-da-europa-faz-um-quem-e-o-melhor-jogador-entre-vinicius-jr-ou-pedri\/#breadcrumb"},"inLanguage":"pt-BR","potentialAction":[{"@type":"ReadAction","target":["https:\/\/www.gaveanews.com\/index.php\/2023\/12\/13\/jornal-da-europa-faz-um-quem-e-o-melhor-jogador-entre-vinicius-jr-ou-pedri\/"]}]},{"@type":"ImageObject","inLanguage":"pt-BR","@id":"https:\/\/www.gaveanews.com\/index.php\/2023\/12\/13\/jornal-da-europa-faz-um-quem-e-o-melhor-jogador-entre-vinicius-jr-ou-pedri\/#primaryimage","url":"https:\/\/www.gaveanews.com\/wp-content\/uploads\/Vinicius-Junior-exibe-o-escudo-do-Real-Madrid-apos-marcar-um-gol-pelo-time-da-Espanha.webp","contentUrl":"https:\/\/www.gaveanews.com\/wp-content\/uploads\/Vinicius-Junior-exibe-o-escudo-do-Real-Madrid-apos-marcar-um-gol-pelo-time-da-Espanha.webp","width":1440,"height":1800,"caption":"Vinicius J\u00fanior exibe o escudo do Real Madrid ap\u00f3s marcar um gol pelo time da Espanha (Foto: Reprodu\u00e7\u00e3o\/Instagram)"},{"@type":"BreadcrumbList","@id":"https:\/\/www.gaveanews.com\/index.php\/2023\/12\/13\/jornal-da-europa-faz-um-quem-e-o-melhor-jogador-entre-vinicius-jr-ou-pedri\/#breadcrumb","itemListElement":[{"@type":"ListItem","position":1,"name":"Home","item":"https:\/\/www.gaveanews.com\/"},{"@type":"ListItem","position":2,"name":"Jornal da Europa faz um &#8220;Quem \u00e9 o melhor jogador?&#8221; entre Vinicius Jr ou Pedri"}]},{"@type":"WebSite","@id":"https:\/\/www.gaveanews.com\/#website","url":"https:\/\/www.gaveanews.com\/","name":"G\u00e1vea News","description":"Veja todas as not\u00edcias sobre o Flamengo: Contrata\u00e7\u00f5es, categorias de base, resultados das partidas, tabela de classifica\u00e7\u00e3o, pr\u00f3ximos jogos!","potentialAction":[{"@type":"SearchAction","target":{"@type":"EntryPoint","urlTemplate":"https:\/\/www.gaveanews.com\/?s={search_term_string}"},"query-input":{"@type":"PropertyValueSpecification","valueRequired":true,"valueName":"search_term_string"}}],"inLanguage":"pt-BR"},{"@type":"Person","@id":"https:\/\/www.gaveanews.com\/#\/schema\/person\/2d29802e96a726e735077717fb5c6f20","name":"Leonardo Ant\u00f4nio","image":{"@type":"ImageObject","inLanguage":"pt-BR","@id":"https:\/\/www.gaveanews.com\/#\/schema\/person\/image\/","url":"https:\/\/secure.gravatar.com\/avatar\/b9ffc9ff64af5c915e7cb1824991ab1b4aa29b902a6a9a83be9d1c8ba449fce8?s=96&d=mm&r=g","contentUrl":"https:\/\/secure.gravatar.com\/avatar\/b9ffc9ff64af5c915e7cb1824991ab1b4aa29b902a6a9a83be9d1c8ba449fce8?s=96&d=mm&r=g","caption":"Leonardo Ant\u00f4nio"}}]}},"_links":{"self":[{"href":"https:\/\/www.gaveanews.com\/index.php\/wp-json\/wp\/v2\/posts\/116126","targetHints":{"allow":["GET"]}}],"collection":[{"href":"https:\/\/www.gaveanews.com\/index.php\/wp-json\/wp\/v2\/posts"}],"about":[{"href":"https:\/\/www.gaveanews.com\/index.php\/wp-json\/wp\/v2\/types\/post"}],"author":[{"embeddable":true,"href":"https:\/\/www.gaveanews.com\/index.php\/wp-json\/wp\/v2\/users\/6"}],"replies":[{"embeddable":true,"href":"https:\/\/www.gaveanews.com\/index.php\/wp-json\/wp\/v2\/comments?post=116126"}],"version-history":[{"count":0,"href":"https:\/\/www.gaveanews.com\/index.php\/wp-json\/wp\/v2\/posts\/116126\/revisions"}],"wp:featuredmedia":[{"embeddable":true,"href":"https:\/\/www.gaveanews.com\/index.php\/wp-json\/wp\/v2\/media\/96404"}],"wp:attachment":[{"href":"https:\/\/www.gaveanews.com\/index.php\/wp-json\/wp\/v2\/media?parent=116126"}],"wp:term":[{"taxonomy":"category","embeddable":true,"href":"https:\/\/www.gaveanews.com\/index.php\/wp-json\/wp\/v2\/categories?post=116126"},{"taxonomy":"post_tag","embeddable":true,"href":"https:\/\/www.gaveanews.com\/index.php\/wp-json\/wp\/v2\/tags?post=116126"}],"curies":[{"name":"wp","href":"https:\/\/api.w.org\/{rel}","templated":true}]}}