{"id":116135,"date":"2023-12-13T12:25:09","date_gmt":"2023-12-13T15:25:09","guid":{"rendered":"https:\/\/www.gaveanews.com\/?p=116135"},"modified":"2023-12-13T12:25:12","modified_gmt":"2023-12-13T15:25:12","slug":"matheuzinho-varela-e-wesley-saiba-ate-quando-vao-os-contratos-dos-laterais-direitos-do-flamengo","status":"publish","type":"post","link":"https:\/\/www.gaveanews.com\/index.php\/2023\/12\/13\/matheuzinho-varela-e-wesley-saiba-ate-quando-vao-os-contratos-dos-laterais-direitos-do-flamengo\/","title":{"rendered":"Matheuzinho, Varela e Wesley: saiba at\u00e9 quando v\u00e3o os contratos dos laterais-direitos do Flamengo"},"content":{"rendered":"\n<p>Por: Let\u00edcia Gerheim<br><br>O Flamengo encerra 2023 com diversos pontos a serem melhorados e um processo de reformula\u00e7\u00e3o de elenco para dar continuidade. Um das posi\u00e7\u00f5es que teve vaga rotativa na temporada foi a lateral-direita.<\/p>\n\n\n\n<p>Apesar de ter tr\u00eas op\u00e7\u00f5es para o posto, nenhum deles conseguiu se manter como titular com todos os t\u00e9cnicos que passaram pelo clube no ano. Do trio, apenas Wesley teve sequ\u00eancia e somou mais partidas como titular, embora tenha encerrado a temporada recebendo menos oportunidades sob o comando de Tite.<\/p>\n\n\n\n<h2 class=\"wp-block-heading\" id=\"h-matheuzinho\">Matheuzinho<\/h2>\n\n\n\n<figure class=\"wp-block-image size-full\"><img loading=\"lazy\" decoding=\"async\" width=\"900\" height=\"532\" src=\"https:\/\/www.gaveanews.com\/wp-content\/uploads\/matheuzinho-flamengo.webp\" alt=\"\" class=\"wp-image-112726\" srcset=\"https:\/\/www.gaveanews.com\/wp-content\/uploads\/matheuzinho-flamengo.webp 900w, https:\/\/www.gaveanews.com\/wp-content\/uploads\/matheuzinho-flamengo-300x177.webp 300w, https:\/\/www.gaveanews.com\/wp-content\/uploads\/matheuzinho-flamengo-768x454.webp 768w, https:\/\/www.gaveanews.com\/wp-content\/uploads\/matheuzinho-flamengo-711x420.webp 711w, https:\/\/www.gaveanews.com\/wp-content\/uploads\/matheuzinho-flamengo-640x378.webp 640w, https:\/\/www.gaveanews.com\/wp-content\/uploads\/matheuzinho-flamengo-681x403.webp 681w, https:\/\/www.gaveanews.com\/wp-content\/uploads\/matheuzinho-flamengo-100x59.webp 100w\" sizes=\"auto, (max-width: 900px) 100vw, 900px\" \/><figcaption class=\"wp-element-caption\">Matheuzinho em a\u00e7\u00e3o pelo Flamengo (Foto: Gilvan de Souza e Marcelo Cortes\/Flamengo)<\/figcaption><\/figure>\n\n\n\n<p>Desde que foi profissionalizado, o jovem sempre esteve entre as principais op\u00e7\u00f5es para o time titular, embora tenha ficado no banco parte do tempo. Por conta da visibilidade ganha nestas temporadas, o atleta interessa a outros times. O Flamengo ainda ir\u00e1 avaliar se continua com Matheuzinho ou se negocia o defensor, que tem contrato com o clube at\u00e9 dezembro de 2026.<\/p>\n\n\n\n<h2 class=\"wp-block-heading\" id=\"h-varela\">Varela<\/h2>\n\n\n\n<figure class=\"wp-block-image size-full\"><img loading=\"lazy\" decoding=\"async\" width=\"799\" height=\"533\" src=\"https:\/\/www.gaveanews.com\/wp-content\/uploads\/Guilhermo-Varela-em-treino-do-Flamengo-no-Ninho-do-Urubu.webp\" alt=\"\" class=\"wp-image-85815\" srcset=\"https:\/\/www.gaveanews.com\/wp-content\/uploads\/Guilhermo-Varela-em-treino-do-Flamengo-no-Ninho-do-Urubu.webp 799w, https:\/\/www.gaveanews.com\/wp-content\/uploads\/Guilhermo-Varela-em-treino-do-Flamengo-no-Ninho-do-Urubu-300x200.webp 300w, https:\/\/www.gaveanews.com\/wp-content\/uploads\/Guilhermo-Varela-em-treino-do-Flamengo-no-Ninho-do-Urubu-768x512.webp 768w, https:\/\/www.gaveanews.com\/wp-content\/uploads\/Guilhermo-Varela-em-treino-do-Flamengo-no-Ninho-do-Urubu-630x420.webp 630w, https:\/\/www.gaveanews.com\/wp-content\/uploads\/Guilhermo-Varela-em-treino-do-Flamengo-no-Ninho-do-Urubu-640x427.webp 640w, https:\/\/www.gaveanews.com\/wp-content\/uploads\/Guilhermo-Varela-em-treino-do-Flamengo-no-Ninho-do-Urubu-681x454.webp 681w, https:\/\/www.gaveanews.com\/wp-content\/uploads\/Guilhermo-Varela-em-treino-do-Flamengo-no-Ninho-do-Urubu-100x67.webp 100w\" sizes=\"auto, (max-width: 799px) 100vw, 799px\" \/><figcaption class=\"wp-element-caption\">Guilhermo Varela em treino do Flamengo no Ninho do Urubu (Foto: Gilvan de Souza\/Flamengo)<\/figcaption><\/figure>\n\n\n\n<p>Contratado no ano passado por empr\u00e9stimo e com contrato definitivo desde janeiro deste ano, Varela continua brigando por vaga no time do Flamengo. O jogador somou poucas participa\u00e7\u00f5es em 2023, mas apesar disso n\u00e3o deve ser negociado pois agrada a Tite. O contrato do uruguaio com o Flamengo vai at\u00e9 2025.<\/p>\n\n\n\n<h2 class=\"wp-block-heading\" id=\"h-wesley\">Wesley<\/h2>\n\n\n\n<figure class=\"wp-block-image size-full\"><img loading=\"lazy\" decoding=\"async\" width=\"900\" height=\"599\" src=\"https:\/\/www.gaveanews.com\/wp-content\/uploads\/wesley-flamengo-vasco.webp\" alt=\"\" class=\"wp-image-100068\" srcset=\"https:\/\/www.gaveanews.com\/wp-content\/uploads\/wesley-flamengo-vasco.webp 900w, https:\/\/www.gaveanews.com\/wp-content\/uploads\/wesley-flamengo-vasco-300x200.webp 300w, https:\/\/www.gaveanews.com\/wp-content\/uploads\/wesley-flamengo-vasco-768x511.webp 768w, https:\/\/www.gaveanews.com\/wp-content\/uploads\/wesley-flamengo-vasco-631x420.webp 631w, https:\/\/www.gaveanews.com\/wp-content\/uploads\/wesley-flamengo-vasco-640x426.webp 640w, https:\/\/www.gaveanews.com\/wp-content\/uploads\/wesley-flamengo-vasco-681x453.webp 681w, https:\/\/www.gaveanews.com\/wp-content\/uploads\/wesley-flamengo-vasco-100x67.webp 100w\" sizes=\"auto, (max-width: 900px) 100vw, 900px\" \/><figcaption class=\"wp-element-caption\">Wesley em a\u00e7\u00e3o pelo Flamengo em cl\u00e1ssico contra o Vasco (Foto: Marcelo Cortes\/Flamengo)<\/figcaption><\/figure>\n\n\n\n<p>Wesley \u00e9 o mais jovem dos tr\u00eas e foi profissionalizado h\u00e1 pouco tempo. O atleta de 20 anos teve muitas oportunidades em 2023 e passou boa parte do ano como titular. Sabendo da aten\u00e7\u00e3o chamada pelo jogador, o Rubro-Negro estuda negoci\u00e1-lo em 2024. O v\u00ednculo entre as partes vai at\u00e9 dezembro de 2025.<\/p>\n","protected":false},"excerpt":{"rendered":"<p>Por: Let\u00edcia Gerheim O Flamengo encerra 2023 com diversos pontos a serem melhorados e um processo de reformula\u00e7\u00e3o de elenco para dar continuidade. Um das posi\u00e7\u00f5es que teve vaga rotativa na temporada foi a lateral-direita. Apesar de ter tr\u00eas op\u00e7\u00f5es para o posto, nenhum deles conseguiu se manter como titular com todos os t\u00e9cnicos que [&hellip;]<\/p>\n","protected":false},"author":4,"featured_media":114086,"comment_status":"open","ping_status":"closed","sticky":false,"template":"","format":"standard","meta":{"footnotes":""},"categories":[1],"tags":[],"class_list":["post-116135","post","type-post","status-publish","format-standard","has-post-thumbnail","hentry","category-flamengo"],"yoast_head":"<!-- This site is optimized with the Yoast SEO Premium plugin v24.2 (Yoast SEO v26.9) - https:\/\/yoast.com\/product\/yoast-seo-premium-wordpress\/ -->\n<title>Matheuzinho, Varela e Wesley: saiba at\u00e9 quando v\u00e3o os contratos dos laterais-direitos do Flamengo<\/title>\n<meta name=\"robots\" content=\"index, follow, max-snippet:-1, max-image-preview:large, max-video-preview:-1\" \/>\n<link rel=\"canonical\" href=\"https:\/\/www.gaveanews.com\/index.php\/2023\/12\/13\/matheuzinho-varela-e-wesley-saiba-ate-quando-vao-os-contratos-dos-laterais-direitos-do-flamengo\/\" \/>\n<meta property=\"og:locale\" content=\"pt_BR\" \/>\n<meta property=\"og:type\" content=\"article\" \/>\n<meta property=\"og:title\" content=\"Matheuzinho, Varela e Wesley: saiba at\u00e9 quando v\u00e3o os contratos dos laterais-direitos do Flamengo\" \/>\n<meta property=\"og:description\" content=\"Por: Let\u00edcia Gerheim O Flamengo encerra 2023 com diversos pontos a serem melhorados e um processo de reformula\u00e7\u00e3o de elenco para dar continuidade. Um das posi\u00e7\u00f5es que teve vaga rotativa na temporada foi a lateral-direita. Apesar de ter tr\u00eas op\u00e7\u00f5es para o posto, nenhum deles conseguiu se manter como titular com todos os t\u00e9cnicos que [&hellip;]\" \/>\n<meta property=\"og:url\" content=\"https:\/\/www.gaveanews.com\/index.php\/2023\/12\/13\/matheuzinho-varela-e-wesley-saiba-ate-quando-vao-os-contratos-dos-laterais-direitos-do-flamengo\/\" \/>\n<meta property=\"og:site_name\" content=\"G\u00e1vea News\" \/>\n<meta property=\"article:publisher\" content=\"https:\/\/facebook.com\/gaveaNews\/\" \/>\n<meta property=\"article:published_time\" content=\"2023-12-13T15:25:09+00:00\" \/>\n<meta property=\"article:modified_time\" content=\"2023-12-13T15:25:12+00:00\" \/>\n<meta property=\"og:image\" content=\"https:\/\/www.gaveanews.com\/wp-content\/uploads\/despedida-rodrigo-caio-filipe-luis-flamengo.webp\" \/>\n\t<meta property=\"og:image:width\" content=\"900\" \/>\n\t<meta property=\"og:image:height\" content=\"600\" \/>\n\t<meta property=\"og:image:type\" content=\"image\/jpeg\" \/>\n<meta name=\"author\" content=\"Let\u00edcia Gerheim\" \/>\n<meta name=\"twitter:card\" content=\"summary_large_image\" \/>\n<meta name=\"twitter:label1\" content=\"Escrito por\" \/>\n\t<meta name=\"twitter:data1\" content=\"Let\u00edcia Gerheim\" \/>\n\t<meta name=\"twitter:label2\" content=\"Est. tempo de leitura\" \/>\n\t<meta name=\"twitter:data2\" content=\"3 minutos\" \/>\n<script type=\"application\/ld+json\" class=\"yoast-schema-graph\">{\"@context\":\"https:\/\/schema.org\",\"@graph\":[{\"@type\":\"NewsArticle\",\"@id\":\"https:\/\/www.gaveanews.com\/index.php\/2023\/12\/13\/matheuzinho-varela-e-wesley-saiba-ate-quando-vao-os-contratos-dos-laterais-direitos-do-flamengo\/#article\",\"isPartOf\":{\"@id\":\"https:\/\/www.gaveanews.com\/index.php\/2023\/12\/13\/matheuzinho-varela-e-wesley-saiba-ate-quando-vao-os-contratos-dos-laterais-direitos-do-flamengo\/\"},\"author\":{\"name\":\"Let\u00edcia Gerheim\",\"@id\":\"https:\/\/www.gaveanews.com\/#\/schema\/person\/714c67050b836198af2450ba1c142a67\"},\"headline\":\"Matheuzinho, Varela e Wesley: saiba at\u00e9 quando v\u00e3o os contratos dos laterais-direitos do Flamengo\",\"datePublished\":\"2023-12-13T15:25:09+00:00\",\"dateModified\":\"2023-12-13T15:25:12+00:00\",\"mainEntityOfPage\":{\"@id\":\"https:\/\/www.gaveanews.com\/index.php\/2023\/12\/13\/matheuzinho-varela-e-wesley-saiba-ate-quando-vao-os-contratos-dos-laterais-direitos-do-flamengo\/\"},\"wordCount\":319,\"commentCount\":0,\"image\":{\"@id\":\"https:\/\/www.gaveanews.com\/index.php\/2023\/12\/13\/matheuzinho-varela-e-wesley-saiba-ate-quando-vao-os-contratos-dos-laterais-direitos-do-flamengo\/#primaryimage\"},\"thumbnailUrl\":\"https:\/\/www.gaveanews.com\/wp-content\/uploads\/despedida-rodrigo-caio-filipe-luis-flamengo.webp\",\"articleSection\":[\"Flamengo\"],\"inLanguage\":\"pt-BR\",\"potentialAction\":[{\"@type\":\"CommentAction\",\"name\":\"Comment\",\"target\":[\"https:\/\/www.gaveanews.com\/index.php\/2023\/12\/13\/matheuzinho-varela-e-wesley-saiba-ate-quando-vao-os-contratos-dos-laterais-direitos-do-flamengo\/#respond\"]}],\"copyrightYear\":\"2023\",\"copyrightHolder\":{\"@id\":\"https:\/\/www.gaveanews.com\/#organization\"}},{\"@type\":\"WebPage\",\"@id\":\"https:\/\/www.gaveanews.com\/index.php\/2023\/12\/13\/matheuzinho-varela-e-wesley-saiba-ate-quando-vao-os-contratos-dos-laterais-direitos-do-flamengo\/\",\"url\":\"https:\/\/www.gaveanews.com\/index.php\/2023\/12\/13\/matheuzinho-varela-e-wesley-saiba-ate-quando-vao-os-contratos-dos-laterais-direitos-do-flamengo\/\",\"name\":\"Matheuzinho, Varela e Wesley: saiba at\u00e9 quando v\u00e3o os contratos dos laterais-direitos do Flamengo\",\"isPartOf\":{\"@id\":\"https:\/\/www.gaveanews.com\/#website\"},\"primaryImageOfPage\":{\"@id\":\"https:\/\/www.gaveanews.com\/index.php\/2023\/12\/13\/matheuzinho-varela-e-wesley-saiba-ate-quando-vao-os-contratos-dos-laterais-direitos-do-flamengo\/#primaryimage\"},\"image\":{\"@id\":\"https:\/\/www.gaveanews.com\/index.php\/2023\/12\/13\/matheuzinho-varela-e-wesley-saiba-ate-quando-vao-os-contratos-dos-laterais-direitos-do-flamengo\/#primaryimage\"},\"thumbnailUrl\":\"https:\/\/www.gaveanews.com\/wp-content\/uploads\/despedida-rodrigo-caio-filipe-luis-flamengo.webp\",\"datePublished\":\"2023-12-13T15:25:09+00:00\",\"dateModified\":\"2023-12-13T15:25:12+00:00\",\"author\":{\"@id\":\"https:\/\/www.gaveanews.com\/#\/schema\/person\/714c67050b836198af2450ba1c142a67\"},\"breadcrumb\":{\"@id\":\"https:\/\/www.gaveanews.com\/index.php\/2023\/12\/13\/matheuzinho-varela-e-wesley-saiba-ate-quando-vao-os-contratos-dos-laterais-direitos-do-flamengo\/#breadcrumb\"},\"inLanguage\":\"pt-BR\",\"potentialAction\":[{\"@type\":\"ReadAction\",\"target\":[\"https:\/\/www.gaveanews.com\/index.php\/2023\/12\/13\/matheuzinho-varela-e-wesley-saiba-ate-quando-vao-os-contratos-dos-laterais-direitos-do-flamengo\/\"]}]},{\"@type\":\"ImageObject\",\"inLanguage\":\"pt-BR\",\"@id\":\"https:\/\/www.gaveanews.com\/index.php\/2023\/12\/13\/matheuzinho-varela-e-wesley-saiba-ate-quando-vao-os-contratos-dos-laterais-direitos-do-flamengo\/#primaryimage\",\"url\":\"https:\/\/www.gaveanews.com\/wp-content\/uploads\/despedida-rodrigo-caio-filipe-luis-flamengo.webp\",\"contentUrl\":\"https:\/\/www.gaveanews.com\/wp-content\/uploads\/despedida-rodrigo-caio-filipe-luis-flamengo.webp\",\"width\":900,\"height\":600,\"caption\":\"Elenco do Flamengo em despedida de Filipe Lu\u00eds e Rodrigo Caio no Maracan\u00e3 (Foto: Gilvan de Souza\/Flamengo)\"},{\"@type\":\"BreadcrumbList\",\"@id\":\"https:\/\/www.gaveanews.com\/index.php\/2023\/12\/13\/matheuzinho-varela-e-wesley-saiba-ate-quando-vao-os-contratos-dos-laterais-direitos-do-flamengo\/#breadcrumb\",\"itemListElement\":[{\"@type\":\"ListItem\",\"position\":1,\"name\":\"Home\",\"item\":\"https:\/\/www.gaveanews.com\/\"},{\"@type\":\"ListItem\",\"position\":2,\"name\":\"Matheuzinho, Varela e Wesley: saiba at\u00e9 quando v\u00e3o os contratos dos laterais-direitos do Flamengo\"}]},{\"@type\":\"WebSite\",\"@id\":\"https:\/\/www.gaveanews.com\/#website\",\"url\":\"https:\/\/www.gaveanews.com\/\",\"name\":\"G\u00e1vea News\",\"description\":\"Veja todas as not\u00edcias sobre o Flamengo: Contrata\u00e7\u00f5es, categorias de base, resultados das partidas, tabela de classifica\u00e7\u00e3o, pr\u00f3ximos jogos!\",\"potentialAction\":[{\"@type\":\"SearchAction\",\"target\":{\"@type\":\"EntryPoint\",\"urlTemplate\":\"https:\/\/www.gaveanews.com\/?s={search_term_string}\"},\"query-input\":{\"@type\":\"PropertyValueSpecification\",\"valueRequired\":true,\"valueName\":\"search_term_string\"}}],\"inLanguage\":\"pt-BR\"},{\"@type\":\"Person\",\"@id\":\"https:\/\/www.gaveanews.com\/#\/schema\/person\/714c67050b836198af2450ba1c142a67\",\"name\":\"Let\u00edcia Gerheim\",\"image\":{\"@type\":\"ImageObject\",\"inLanguage\":\"pt-BR\",\"@id\":\"https:\/\/www.gaveanews.com\/#\/schema\/person\/image\/\",\"url\":\"https:\/\/secure.gravatar.com\/avatar\/60734739c50fcebfbac509e2a826ccd0ff405c019bc73aab9354f19ecad1dcb4?s=96&d=mm&r=g\",\"contentUrl\":\"https:\/\/secure.gravatar.com\/avatar\/60734739c50fcebfbac509e2a826ccd0ff405c019bc73aab9354f19ecad1dcb4?s=96&d=mm&r=g\",\"caption\":\"Let\u00edcia Gerheim\"}}]}<\/script>\n<!-- \/ Yoast SEO Premium plugin. -->","yoast_head_json":{"title":"Matheuzinho, Varela e Wesley: saiba at\u00e9 quando v\u00e3o os contratos dos laterais-direitos do Flamengo","robots":{"index":"index","follow":"follow","max-snippet":"max-snippet:-1","max-image-preview":"max-image-preview:large","max-video-preview":"max-video-preview:-1"},"canonical":"https:\/\/www.gaveanews.com\/index.php\/2023\/12\/13\/matheuzinho-varela-e-wesley-saiba-ate-quando-vao-os-contratos-dos-laterais-direitos-do-flamengo\/","og_locale":"pt_BR","og_type":"article","og_title":"Matheuzinho, Varela e Wesley: saiba at\u00e9 quando v\u00e3o os contratos dos laterais-direitos do Flamengo","og_description":"Por: Let\u00edcia Gerheim O Flamengo encerra 2023 com diversos pontos a serem melhorados e um processo de reformula\u00e7\u00e3o de elenco para dar continuidade. Um das posi\u00e7\u00f5es que teve vaga rotativa na temporada foi a lateral-direita. Apesar de ter tr\u00eas op\u00e7\u00f5es para o posto, nenhum deles conseguiu se manter como titular com todos os t\u00e9cnicos que [&hellip;]","og_url":"https:\/\/www.gaveanews.com\/index.php\/2023\/12\/13\/matheuzinho-varela-e-wesley-saiba-ate-quando-vao-os-contratos-dos-laterais-direitos-do-flamengo\/","og_site_name":"G\u00e1vea News","article_publisher":"https:\/\/facebook.com\/gaveaNews\/","article_published_time":"2023-12-13T15:25:09+00:00","article_modified_time":"2023-12-13T15:25:12+00:00","og_image":[{"width":900,"height":600,"url":"https:\/\/www.gaveanews.com\/wp-content\/uploads\/despedida-rodrigo-caio-filipe-luis-flamengo.webp","type":"image\/jpeg"}],"author":"Let\u00edcia Gerheim","twitter_card":"summary_large_image","twitter_misc":{"Escrito por":"Let\u00edcia Gerheim","Est. tempo de leitura":"3 minutos"},"schema":{"@context":"https:\/\/schema.org","@graph":[{"@type":"NewsArticle","@id":"https:\/\/www.gaveanews.com\/index.php\/2023\/12\/13\/matheuzinho-varela-e-wesley-saiba-ate-quando-vao-os-contratos-dos-laterais-direitos-do-flamengo\/#article","isPartOf":{"@id":"https:\/\/www.gaveanews.com\/index.php\/2023\/12\/13\/matheuzinho-varela-e-wesley-saiba-ate-quando-vao-os-contratos-dos-laterais-direitos-do-flamengo\/"},"author":{"name":"Let\u00edcia Gerheim","@id":"https:\/\/www.gaveanews.com\/#\/schema\/person\/714c67050b836198af2450ba1c142a67"},"headline":"Matheuzinho, Varela e Wesley: saiba at\u00e9 quando v\u00e3o os contratos dos laterais-direitos do Flamengo","datePublished":"2023-12-13T15:25:09+00:00","dateModified":"2023-12-13T15:25:12+00:00","mainEntityOfPage":{"@id":"https:\/\/www.gaveanews.com\/index.php\/2023\/12\/13\/matheuzinho-varela-e-wesley-saiba-ate-quando-vao-os-contratos-dos-laterais-direitos-do-flamengo\/"},"wordCount":319,"commentCount":0,"image":{"@id":"https:\/\/www.gaveanews.com\/index.php\/2023\/12\/13\/matheuzinho-varela-e-wesley-saiba-ate-quando-vao-os-contratos-dos-laterais-direitos-do-flamengo\/#primaryimage"},"thumbnailUrl":"https:\/\/www.gaveanews.com\/wp-content\/uploads\/despedida-rodrigo-caio-filipe-luis-flamengo.webp","articleSection":["Flamengo"],"inLanguage":"pt-BR","potentialAction":[{"@type":"CommentAction","name":"Comment","target":["https:\/\/www.gaveanews.com\/index.php\/2023\/12\/13\/matheuzinho-varela-e-wesley-saiba-ate-quando-vao-os-contratos-dos-laterais-direitos-do-flamengo\/#respond"]}],"copyrightYear":"2023","copyrightHolder":{"@id":"https:\/\/www.gaveanews.com\/#organization"}},{"@type":"WebPage","@id":"https:\/\/www.gaveanews.com\/index.php\/2023\/12\/13\/matheuzinho-varela-e-wesley-saiba-ate-quando-vao-os-contratos-dos-laterais-direitos-do-flamengo\/","url":"https:\/\/www.gaveanews.com\/index.php\/2023\/12\/13\/matheuzinho-varela-e-wesley-saiba-ate-quando-vao-os-contratos-dos-laterais-direitos-do-flamengo\/","name":"Matheuzinho, Varela e Wesley: saiba at\u00e9 quando v\u00e3o os contratos dos laterais-direitos do Flamengo","isPartOf":{"@id":"https:\/\/www.gaveanews.com\/#website"},"primaryImageOfPage":{"@id":"https:\/\/www.gaveanews.com\/index.php\/2023\/12\/13\/matheuzinho-varela-e-wesley-saiba-ate-quando-vao-os-contratos-dos-laterais-direitos-do-flamengo\/#primaryimage"},"image":{"@id":"https:\/\/www.gaveanews.com\/index.php\/2023\/12\/13\/matheuzinho-varela-e-wesley-saiba-ate-quando-vao-os-contratos-dos-laterais-direitos-do-flamengo\/#primaryimage"},"thumbnailUrl":"https:\/\/www.gaveanews.com\/wp-content\/uploads\/despedida-rodrigo-caio-filipe-luis-flamengo.webp","datePublished":"2023-12-13T15:25:09+00:00","dateModified":"2023-12-13T15:25:12+00:00","author":{"@id":"https:\/\/www.gaveanews.com\/#\/schema\/person\/714c67050b836198af2450ba1c142a67"},"breadcrumb":{"@id":"https:\/\/www.gaveanews.com\/index.php\/2023\/12\/13\/matheuzinho-varela-e-wesley-saiba-ate-quando-vao-os-contratos-dos-laterais-direitos-do-flamengo\/#breadcrumb"},"inLanguage":"pt-BR","potentialAction":[{"@type":"ReadAction","target":["https:\/\/www.gaveanews.com\/index.php\/2023\/12\/13\/matheuzinho-varela-e-wesley-saiba-ate-quando-vao-os-contratos-dos-laterais-direitos-do-flamengo\/"]}]},{"@type":"ImageObject","inLanguage":"pt-BR","@id":"https:\/\/www.gaveanews.com\/index.php\/2023\/12\/13\/matheuzinho-varela-e-wesley-saiba-ate-quando-vao-os-contratos-dos-laterais-direitos-do-flamengo\/#primaryimage","url":"https:\/\/www.gaveanews.com\/wp-content\/uploads\/despedida-rodrigo-caio-filipe-luis-flamengo.webp","contentUrl":"https:\/\/www.gaveanews.com\/wp-content\/uploads\/despedida-rodrigo-caio-filipe-luis-flamengo.webp","width":900,"height":600,"caption":"Elenco do Flamengo em despedida de Filipe Lu\u00eds e Rodrigo Caio no Maracan\u00e3 (Foto: Gilvan de Souza\/Flamengo)"},{"@type":"BreadcrumbList","@id":"https:\/\/www.gaveanews.com\/index.php\/2023\/12\/13\/matheuzinho-varela-e-wesley-saiba-ate-quando-vao-os-contratos-dos-laterais-direitos-do-flamengo\/#breadcrumb","itemListElement":[{"@type":"ListItem","position":1,"name":"Home","item":"https:\/\/www.gaveanews.com\/"},{"@type":"ListItem","position":2,"name":"Matheuzinho, Varela e Wesley: saiba at\u00e9 quando v\u00e3o os contratos dos laterais-direitos do Flamengo"}]},{"@type":"WebSite","@id":"https:\/\/www.gaveanews.com\/#website","url":"https:\/\/www.gaveanews.com\/","name":"G\u00e1vea News","description":"Veja todas as not\u00edcias sobre o Flamengo: Contrata\u00e7\u00f5es, categorias de base, resultados das partidas, tabela de classifica\u00e7\u00e3o, pr\u00f3ximos jogos!","potentialAction":[{"@type":"SearchAction","target":{"@type":"EntryPoint","urlTemplate":"https:\/\/www.gaveanews.com\/?s={search_term_string}"},"query-input":{"@type":"PropertyValueSpecification","valueRequired":true,"valueName":"search_term_string"}}],"inLanguage":"pt-BR"},{"@type":"Person","@id":"https:\/\/www.gaveanews.com\/#\/schema\/person\/714c67050b836198af2450ba1c142a67","name":"Let\u00edcia Gerheim","image":{"@type":"ImageObject","inLanguage":"pt-BR","@id":"https:\/\/www.gaveanews.com\/#\/schema\/person\/image\/","url":"https:\/\/secure.gravatar.com\/avatar\/60734739c50fcebfbac509e2a826ccd0ff405c019bc73aab9354f19ecad1dcb4?s=96&d=mm&r=g","contentUrl":"https:\/\/secure.gravatar.com\/avatar\/60734739c50fcebfbac509e2a826ccd0ff405c019bc73aab9354f19ecad1dcb4?s=96&d=mm&r=g","caption":"Let\u00edcia Gerheim"}}]}},"_links":{"self":[{"href":"https:\/\/www.gaveanews.com\/index.php\/wp-json\/wp\/v2\/posts\/116135","targetHints":{"allow":["GET"]}}],"collection":[{"href":"https:\/\/www.gaveanews.com\/index.php\/wp-json\/wp\/v2\/posts"}],"about":[{"href":"https:\/\/www.gaveanews.com\/index.php\/wp-json\/wp\/v2\/types\/post"}],"author":[{"embeddable":true,"href":"https:\/\/www.gaveanews.com\/index.php\/wp-json\/wp\/v2\/users\/4"}],"replies":[{"embeddable":true,"href":"https:\/\/www.gaveanews.com\/index.php\/wp-json\/wp\/v2\/comments?post=116135"}],"version-history":[{"count":0,"href":"https:\/\/www.gaveanews.com\/index.php\/wp-json\/wp\/v2\/posts\/116135\/revisions"}],"wp:featuredmedia":[{"embeddable":true,"href":"https:\/\/www.gaveanews.com\/index.php\/wp-json\/wp\/v2\/media\/114086"}],"wp:attachment":[{"href":"https:\/\/www.gaveanews.com\/index.php\/wp-json\/wp\/v2\/media?parent=116135"}],"wp:term":[{"taxonomy":"category","embeddable":true,"href":"https:\/\/www.gaveanews.com\/index.php\/wp-json\/wp\/v2\/categories?post=116135"},{"taxonomy":"post_tag","embeddable":true,"href":"https:\/\/www.gaveanews.com\/index.php\/wp-json\/wp\/v2\/tags?post=116135"}],"curies":[{"name":"wp","href":"https:\/\/api.w.org\/{rel}","templated":true}]}}