{"id":116158,"date":"2023-12-13T12:21:30","date_gmt":"2023-12-13T15:21:30","guid":{"rendered":"https:\/\/www.gaveanews.com\/?p=116158"},"modified":"2023-12-13T12:21:33","modified_gmt":"2023-12-13T15:21:33","slug":"meia-ex-flamengo-e-anunciado-por-novo-clube-como-grande-reforco-para-a-proxima-temporada","status":"publish","type":"post","link":"https:\/\/www.gaveanews.com\/index.php\/2023\/12\/13\/meia-ex-flamengo-e-anunciado-por-novo-clube-como-grande-reforco-para-a-proxima-temporada\/","title":{"rendered":"Meia ex-Flamengo, \u00e9 anunciado por novo clube como grande refor\u00e7o para a pr\u00f3xima temporada"},"content":{"rendered":"\n<p>Por: Leonardo Ant\u00f4nio<br><br>O Cear\u00e1 anunciou importantes contrata\u00e7\u00f5es para a temporada de 2024, trazendo dois jogadores experientes para refor\u00e7ar seu elenco. Lucas Mugni, meio-campista argentino, e Fernando Miguel, goleiro brasileiro, assinaram pr\u00e9-contratos com o clube, sinalizando mudan\u00e7as significativas tanto para eles quanto para o Cear\u00e1.<\/p>\n\n\n\n<p>Lucas Mugni, com 31 anos, chega ao Cear\u00e1 ap\u00f3s uma passagem produtiva pelo Bahia, onde disputou 98 jogos, marcando oito gols e realizando oito assist\u00eancias. Sua carreira come\u00e7ou no Col\u00f3n, na Argentina, e incluiu passagens pelo Flamengo, Sport, e at\u00e9 uma aventura na Turquia com o Gen\u00e7lerbirligi. Mugni, conhecido por sua habilidade t\u00e9cnica e experi\u00eancia internacional, promete ser um refor\u00e7o valioso para o meio-campo do Cear\u00e1.<\/p>\n\n\n\n<blockquote class=\"twitter-tweet\"><p lang=\"pt\" dir=\"ltr\">Mais um refor\u00e7o para o Alvinegro! \u26ab\u26aa<br><br>O argentino Lucas Mugni, meio-campista de 31 anos, tem pr\u00e9-contrato assinado com o Time do Povo.<br><br>Seja bem-vindo e sucesso com a camisa alvinegra. \ud83c\udfc1<br><br>\ud83d\udd17 Saiba mais: <a href=\"https:\/\/t.co\/bk5HrdektI\">https:\/\/t.co\/bk5HrdektI<\/a><a href=\"https:\/\/twitter.com\/hashtag\/Cear%C3%A1SC?src=hash&amp;ref_src=twsrc%5Etfw\">#Cear\u00e1SC<\/a> <a href=\"https:\/\/twitter.com\/hashtag\/Voz%C3%A3o?src=hash&amp;ref_src=twsrc%5Etfw\">#Voz\u00e3o<\/a> <a href=\"https:\/\/t.co\/eq8PmX6ZCP\">pic.twitter.com\/eq8PmX6ZCP<\/a><\/p>&mdash; Cear\u00e1 Sporting Club (@CearaSC) <a href=\"https:\/\/twitter.com\/CearaSC\/status\/1734643114336235924?ref_src=twsrc%5Etfw\">December 12, 2023<\/a><\/blockquote> <script async src=\"https:\/\/platform.twitter.com\/widgets.js\" charset=\"utf-8\"><\/script>\n\n\n\n<p>Por outro lado, Fernando Miguel, aos 38 anos, \u00e9 um goleiro com vasta experi\u00eancia no futebol brasileiro. Formado nas categorias de base do Gr\u00eamio, sua carreira incluiu passagens por v\u00e1rios clubes brasileiros, como Vit\u00f3ria, Vasco e Atl\u00e9tico-GO, e mais recentemente o Fortaleza. Nos \u00faltimos dois anos, atuou em 54 partidas pelo Fortaleza, servindo como reserva imediato de Jo\u00e3o Ricardo. Sua chegada ao Cear\u00e1 traz seguran\u00e7a e experi\u00eancia para a posi\u00e7\u00e3o de goleiro.<\/p>\n\n\n\n<p>Estas contrata\u00e7\u00f5es representam movimentos estrat\u00e9gicos do Cear\u00e1, buscando fortalecer sua equipe com jogadores de comprovada habilidade e experi\u00eancia. Tanto Lucas Mugni quanto Fernando Miguel s\u00e3o vistos como adi\u00e7\u00f5es que podem ajudar o Cear\u00e1 a alcan\u00e7ar seus objetivos na pr\u00f3xima temporada, trazendo um misto de t\u00e9cnica, experi\u00eancia e conhecimento do futebol brasileiro e internacional.<\/p>\n\n\n\n<p>O Cear\u00e1, com essas novas adi\u00e7\u00f5es, sinaliza suas ambi\u00e7\u00f5es para a pr\u00f3xima temporada, buscando n\u00e3o apenas competir, mas tamb\u00e9m se destacar no cen\u00e1rio do futebol brasileiro.<\/p>\n","protected":false},"excerpt":{"rendered":"<p>Por: Leonardo Ant\u00f4nio O Cear\u00e1 anunciou importantes contrata\u00e7\u00f5es para a temporada de 2024, trazendo dois jogadores experientes para refor\u00e7ar seu elenco. Lucas Mugni, meio-campista argentino, e Fernando Miguel, goleiro brasileiro, assinaram pr\u00e9-contratos com o clube, sinalizando mudan\u00e7as significativas tanto para eles quanto para o Cear\u00e1. Lucas Mugni, com 31 anos, chega ao Cear\u00e1 ap\u00f3s uma [&hellip;]<\/p>\n","protected":false},"author":6,"featured_media":116167,"comment_status":"open","ping_status":"closed","sticky":false,"template":"","format":"standard","meta":{"footnotes":""},"categories":[1],"tags":[],"class_list":["post-116158","post","type-post","status-publish","format-standard","has-post-thumbnail","hentry","category-flamengo"],"yoast_head":"<!-- This site is optimized with the Yoast SEO Premium plugin v24.2 (Yoast SEO v26.9) - https:\/\/yoast.com\/product\/yoast-seo-premium-wordpress\/ -->\n<title>Meia ex-Flamengo, \u00e9 anunciado por novo clube como grande refor\u00e7o para a pr\u00f3xima temporada<\/title>\n<meta name=\"description\" content=\"Meia ex-Flamengo foi anunciado como a principal contrata\u00e7\u00e3o do time para a temporada de 2024, junto com o Goleiro Fernando Miguel\" \/>\n<meta name=\"robots\" content=\"index, follow, max-snippet:-1, max-image-preview:large, max-video-preview:-1\" \/>\n<link rel=\"canonical\" href=\"https:\/\/www.gaveanews.com\/index.php\/2023\/12\/13\/meia-ex-flamengo-e-anunciado-por-novo-clube-como-grande-reforco-para-a-proxima-temporada\/\" \/>\n<meta property=\"og:locale\" content=\"pt_BR\" \/>\n<meta property=\"og:type\" content=\"article\" \/>\n<meta property=\"og:title\" content=\"Meia ex-Flamengo, \u00e9 anunciado por novo clube como grande refor\u00e7o para a pr\u00f3xima temporada\" \/>\n<meta property=\"og:description\" content=\"Meia ex-Flamengo foi anunciado como a principal contrata\u00e7\u00e3o do time para a temporada de 2024, junto com o Goleiro Fernando Miguel\" \/>\n<meta property=\"og:url\" content=\"https:\/\/www.gaveanews.com\/index.php\/2023\/12\/13\/meia-ex-flamengo-e-anunciado-por-novo-clube-como-grande-reforco-para-a-proxima-temporada\/\" \/>\n<meta property=\"og:site_name\" content=\"G\u00e1vea News\" \/>\n<meta property=\"article:publisher\" content=\"https:\/\/facebook.com\/gaveaNews\/\" \/>\n<meta property=\"article:published_time\" content=\"2023-12-13T15:21:30+00:00\" \/>\n<meta property=\"article:modified_time\" content=\"2023-12-13T15:21:33+00:00\" \/>\n<meta property=\"og:image\" content=\"https:\/\/www.gaveanews.com\/wp-content\/uploads\/bahia-anuncia-renovacao-com-meia-lucas-mugni.webp\" \/>\n\t<meta property=\"og:image:width\" content=\"1240\" \/>\n\t<meta property=\"og:image:height\" content=\"826\" \/>\n\t<meta property=\"og:image:type\" content=\"image\/jpeg\" \/>\n<meta name=\"author\" content=\"Leonardo Ant\u00f4nio\" \/>\n<meta name=\"twitter:card\" content=\"summary_large_image\" \/>\n<meta name=\"twitter:label1\" content=\"Escrito por\" \/>\n\t<meta name=\"twitter:data1\" content=\"Leonardo Ant\u00f4nio\" \/>\n\t<meta name=\"twitter:label2\" content=\"Est. tempo de leitura\" \/>\n\t<meta name=\"twitter:data2\" content=\"2 minutos\" \/>\n<script type=\"application\/ld+json\" class=\"yoast-schema-graph\">{\"@context\":\"https:\/\/schema.org\",\"@graph\":[{\"@type\":\"NewsArticle\",\"@id\":\"https:\/\/www.gaveanews.com\/index.php\/2023\/12\/13\/meia-ex-flamengo-e-anunciado-por-novo-clube-como-grande-reforco-para-a-proxima-temporada\/#article\",\"isPartOf\":{\"@id\":\"https:\/\/www.gaveanews.com\/index.php\/2023\/12\/13\/meia-ex-flamengo-e-anunciado-por-novo-clube-como-grande-reforco-para-a-proxima-temporada\/\"},\"author\":{\"name\":\"Leonardo Ant\u00f4nio\",\"@id\":\"https:\/\/www.gaveanews.com\/#\/schema\/person\/2d29802e96a726e735077717fb5c6f20\"},\"headline\":\"Meia ex-Flamengo, \u00e9 anunciado por novo clube como grande refor\u00e7o para a pr\u00f3xima temporada\",\"datePublished\":\"2023-12-13T15:21:30+00:00\",\"dateModified\":\"2023-12-13T15:21:33+00:00\",\"mainEntityOfPage\":{\"@id\":\"https:\/\/www.gaveanews.com\/index.php\/2023\/12\/13\/meia-ex-flamengo-e-anunciado-por-novo-clube-como-grande-reforco-para-a-proxima-temporada\/\"},\"wordCount\":362,\"commentCount\":0,\"image\":{\"@id\":\"https:\/\/www.gaveanews.com\/index.php\/2023\/12\/13\/meia-ex-flamengo-e-anunciado-por-novo-clube-como-grande-reforco-para-a-proxima-temporada\/#primaryimage\"},\"thumbnailUrl\":\"https:\/\/www.gaveanews.com\/wp-content\/uploads\/bahia-anuncia-renovacao-com-meia-lucas-mugni.webp\",\"articleSection\":[\"Flamengo\"],\"inLanguage\":\"pt-BR\",\"potentialAction\":[{\"@type\":\"CommentAction\",\"name\":\"Comment\",\"target\":[\"https:\/\/www.gaveanews.com\/index.php\/2023\/12\/13\/meia-ex-flamengo-e-anunciado-por-novo-clube-como-grande-reforco-para-a-proxima-temporada\/#respond\"]}],\"copyrightYear\":\"2023\",\"copyrightHolder\":{\"@id\":\"https:\/\/www.gaveanews.com\/#organization\"}},{\"@type\":\"WebPage\",\"@id\":\"https:\/\/www.gaveanews.com\/index.php\/2023\/12\/13\/meia-ex-flamengo-e-anunciado-por-novo-clube-como-grande-reforco-para-a-proxima-temporada\/\",\"url\":\"https:\/\/www.gaveanews.com\/index.php\/2023\/12\/13\/meia-ex-flamengo-e-anunciado-por-novo-clube-como-grande-reforco-para-a-proxima-temporada\/\",\"name\":\"Meia ex-Flamengo, \u00e9 anunciado por novo clube como grande refor\u00e7o para a pr\u00f3xima temporada\",\"isPartOf\":{\"@id\":\"https:\/\/www.gaveanews.com\/#website\"},\"primaryImageOfPage\":{\"@id\":\"https:\/\/www.gaveanews.com\/index.php\/2023\/12\/13\/meia-ex-flamengo-e-anunciado-por-novo-clube-como-grande-reforco-para-a-proxima-temporada\/#primaryimage\"},\"image\":{\"@id\":\"https:\/\/www.gaveanews.com\/index.php\/2023\/12\/13\/meia-ex-flamengo-e-anunciado-por-novo-clube-como-grande-reforco-para-a-proxima-temporada\/#primaryimage\"},\"thumbnailUrl\":\"https:\/\/www.gaveanews.com\/wp-content\/uploads\/bahia-anuncia-renovacao-com-meia-lucas-mugni.webp\",\"datePublished\":\"2023-12-13T15:21:30+00:00\",\"dateModified\":\"2023-12-13T15:21:33+00:00\",\"author\":{\"@id\":\"https:\/\/www.gaveanews.com\/#\/schema\/person\/2d29802e96a726e735077717fb5c6f20\"},\"description\":\"Meia ex-Flamengo foi anunciado como a principal contrata\u00e7\u00e3o do time para a temporada de 2024, junto com o Goleiro Fernando Miguel\",\"breadcrumb\":{\"@id\":\"https:\/\/www.gaveanews.com\/index.php\/2023\/12\/13\/meia-ex-flamengo-e-anunciado-por-novo-clube-como-grande-reforco-para-a-proxima-temporada\/#breadcrumb\"},\"inLanguage\":\"pt-BR\",\"potentialAction\":[{\"@type\":\"ReadAction\",\"target\":[\"https:\/\/www.gaveanews.com\/index.php\/2023\/12\/13\/meia-ex-flamengo-e-anunciado-por-novo-clube-como-grande-reforco-para-a-proxima-temporada\/\"]}]},{\"@type\":\"ImageObject\",\"inLanguage\":\"pt-BR\",\"@id\":\"https:\/\/www.gaveanews.com\/index.php\/2023\/12\/13\/meia-ex-flamengo-e-anunciado-por-novo-clube-como-grande-reforco-para-a-proxima-temporada\/#primaryimage\",\"url\":\"https:\/\/www.gaveanews.com\/wp-content\/uploads\/bahia-anuncia-renovacao-com-meia-lucas-mugni.webp\",\"contentUrl\":\"https:\/\/www.gaveanews.com\/wp-content\/uploads\/bahia-anuncia-renovacao-com-meia-lucas-mugni.webp\",\"width\":1240,\"height\":826,\"caption\":\"Lucas Mugni jogando pelo bahia - Foto: Felipe Oliveira \/ AC bAHIA\"},{\"@type\":\"BreadcrumbList\",\"@id\":\"https:\/\/www.gaveanews.com\/index.php\/2023\/12\/13\/meia-ex-flamengo-e-anunciado-por-novo-clube-como-grande-reforco-para-a-proxima-temporada\/#breadcrumb\",\"itemListElement\":[{\"@type\":\"ListItem\",\"position\":1,\"name\":\"Home\",\"item\":\"https:\/\/www.gaveanews.com\/\"},{\"@type\":\"ListItem\",\"position\":2,\"name\":\"Meia ex-Flamengo, \u00e9 anunciado por novo clube como grande refor\u00e7o para a pr\u00f3xima temporada\"}]},{\"@type\":\"WebSite\",\"@id\":\"https:\/\/www.gaveanews.com\/#website\",\"url\":\"https:\/\/www.gaveanews.com\/\",\"name\":\"G\u00e1vea News\",\"description\":\"Veja todas as not\u00edcias sobre o Flamengo: Contrata\u00e7\u00f5es, categorias de base, resultados das partidas, tabela de classifica\u00e7\u00e3o, pr\u00f3ximos jogos!\",\"potentialAction\":[{\"@type\":\"SearchAction\",\"target\":{\"@type\":\"EntryPoint\",\"urlTemplate\":\"https:\/\/www.gaveanews.com\/?s={search_term_string}\"},\"query-input\":{\"@type\":\"PropertyValueSpecification\",\"valueRequired\":true,\"valueName\":\"search_term_string\"}}],\"inLanguage\":\"pt-BR\"},{\"@type\":\"Person\",\"@id\":\"https:\/\/www.gaveanews.com\/#\/schema\/person\/2d29802e96a726e735077717fb5c6f20\",\"name\":\"Leonardo Ant\u00f4nio\",\"image\":{\"@type\":\"ImageObject\",\"inLanguage\":\"pt-BR\",\"@id\":\"https:\/\/www.gaveanews.com\/#\/schema\/person\/image\/\",\"url\":\"https:\/\/secure.gravatar.com\/avatar\/b9ffc9ff64af5c915e7cb1824991ab1b4aa29b902a6a9a83be9d1c8ba449fce8?s=96&d=mm&r=g\",\"contentUrl\":\"https:\/\/secure.gravatar.com\/avatar\/b9ffc9ff64af5c915e7cb1824991ab1b4aa29b902a6a9a83be9d1c8ba449fce8?s=96&d=mm&r=g\",\"caption\":\"Leonardo Ant\u00f4nio\"}}]}<\/script>\n<!-- \/ Yoast SEO Premium plugin. -->","yoast_head_json":{"title":"Meia ex-Flamengo, \u00e9 anunciado por novo clube como grande refor\u00e7o para a pr\u00f3xima temporada","description":"Meia ex-Flamengo foi anunciado como a principal contrata\u00e7\u00e3o do time para a temporada de 2024, junto com o Goleiro Fernando Miguel","robots":{"index":"index","follow":"follow","max-snippet":"max-snippet:-1","max-image-preview":"max-image-preview:large","max-video-preview":"max-video-preview:-1"},"canonical":"https:\/\/www.gaveanews.com\/index.php\/2023\/12\/13\/meia-ex-flamengo-e-anunciado-por-novo-clube-como-grande-reforco-para-a-proxima-temporada\/","og_locale":"pt_BR","og_type":"article","og_title":"Meia ex-Flamengo, \u00e9 anunciado por novo clube como grande refor\u00e7o para a pr\u00f3xima temporada","og_description":"Meia ex-Flamengo foi anunciado como a principal contrata\u00e7\u00e3o do time para a temporada de 2024, junto com o Goleiro Fernando Miguel","og_url":"https:\/\/www.gaveanews.com\/index.php\/2023\/12\/13\/meia-ex-flamengo-e-anunciado-por-novo-clube-como-grande-reforco-para-a-proxima-temporada\/","og_site_name":"G\u00e1vea News","article_publisher":"https:\/\/facebook.com\/gaveaNews\/","article_published_time":"2023-12-13T15:21:30+00:00","article_modified_time":"2023-12-13T15:21:33+00:00","og_image":[{"width":1240,"height":826,"url":"https:\/\/www.gaveanews.com\/wp-content\/uploads\/bahia-anuncia-renovacao-com-meia-lucas-mugni.webp","type":"image\/jpeg"}],"author":"Leonardo Ant\u00f4nio","twitter_card":"summary_large_image","twitter_misc":{"Escrito por":"Leonardo Ant\u00f4nio","Est. tempo de leitura":"2 minutos"},"schema":{"@context":"https:\/\/schema.org","@graph":[{"@type":"NewsArticle","@id":"https:\/\/www.gaveanews.com\/index.php\/2023\/12\/13\/meia-ex-flamengo-e-anunciado-por-novo-clube-como-grande-reforco-para-a-proxima-temporada\/#article","isPartOf":{"@id":"https:\/\/www.gaveanews.com\/index.php\/2023\/12\/13\/meia-ex-flamengo-e-anunciado-por-novo-clube-como-grande-reforco-para-a-proxima-temporada\/"},"author":{"name":"Leonardo Ant\u00f4nio","@id":"https:\/\/www.gaveanews.com\/#\/schema\/person\/2d29802e96a726e735077717fb5c6f20"},"headline":"Meia ex-Flamengo, \u00e9 anunciado por novo clube como grande refor\u00e7o para a pr\u00f3xima temporada","datePublished":"2023-12-13T15:21:30+00:00","dateModified":"2023-12-13T15:21:33+00:00","mainEntityOfPage":{"@id":"https:\/\/www.gaveanews.com\/index.php\/2023\/12\/13\/meia-ex-flamengo-e-anunciado-por-novo-clube-como-grande-reforco-para-a-proxima-temporada\/"},"wordCount":362,"commentCount":0,"image":{"@id":"https:\/\/www.gaveanews.com\/index.php\/2023\/12\/13\/meia-ex-flamengo-e-anunciado-por-novo-clube-como-grande-reforco-para-a-proxima-temporada\/#primaryimage"},"thumbnailUrl":"https:\/\/www.gaveanews.com\/wp-content\/uploads\/bahia-anuncia-renovacao-com-meia-lucas-mugni.webp","articleSection":["Flamengo"],"inLanguage":"pt-BR","potentialAction":[{"@type":"CommentAction","name":"Comment","target":["https:\/\/www.gaveanews.com\/index.php\/2023\/12\/13\/meia-ex-flamengo-e-anunciado-por-novo-clube-como-grande-reforco-para-a-proxima-temporada\/#respond"]}],"copyrightYear":"2023","copyrightHolder":{"@id":"https:\/\/www.gaveanews.com\/#organization"}},{"@type":"WebPage","@id":"https:\/\/www.gaveanews.com\/index.php\/2023\/12\/13\/meia-ex-flamengo-e-anunciado-por-novo-clube-como-grande-reforco-para-a-proxima-temporada\/","url":"https:\/\/www.gaveanews.com\/index.php\/2023\/12\/13\/meia-ex-flamengo-e-anunciado-por-novo-clube-como-grande-reforco-para-a-proxima-temporada\/","name":"Meia ex-Flamengo, \u00e9 anunciado por novo clube como grande refor\u00e7o para a pr\u00f3xima temporada","isPartOf":{"@id":"https:\/\/www.gaveanews.com\/#website"},"primaryImageOfPage":{"@id":"https:\/\/www.gaveanews.com\/index.php\/2023\/12\/13\/meia-ex-flamengo-e-anunciado-por-novo-clube-como-grande-reforco-para-a-proxima-temporada\/#primaryimage"},"image":{"@id":"https:\/\/www.gaveanews.com\/index.php\/2023\/12\/13\/meia-ex-flamengo-e-anunciado-por-novo-clube-como-grande-reforco-para-a-proxima-temporada\/#primaryimage"},"thumbnailUrl":"https:\/\/www.gaveanews.com\/wp-content\/uploads\/bahia-anuncia-renovacao-com-meia-lucas-mugni.webp","datePublished":"2023-12-13T15:21:30+00:00","dateModified":"2023-12-13T15:21:33+00:00","author":{"@id":"https:\/\/www.gaveanews.com\/#\/schema\/person\/2d29802e96a726e735077717fb5c6f20"},"description":"Meia ex-Flamengo foi anunciado como a principal contrata\u00e7\u00e3o do time para a temporada de 2024, junto com o Goleiro Fernando Miguel","breadcrumb":{"@id":"https:\/\/www.gaveanews.com\/index.php\/2023\/12\/13\/meia-ex-flamengo-e-anunciado-por-novo-clube-como-grande-reforco-para-a-proxima-temporada\/#breadcrumb"},"inLanguage":"pt-BR","potentialAction":[{"@type":"ReadAction","target":["https:\/\/www.gaveanews.com\/index.php\/2023\/12\/13\/meia-ex-flamengo-e-anunciado-por-novo-clube-como-grande-reforco-para-a-proxima-temporada\/"]}]},{"@type":"ImageObject","inLanguage":"pt-BR","@id":"https:\/\/www.gaveanews.com\/index.php\/2023\/12\/13\/meia-ex-flamengo-e-anunciado-por-novo-clube-como-grande-reforco-para-a-proxima-temporada\/#primaryimage","url":"https:\/\/www.gaveanews.com\/wp-content\/uploads\/bahia-anuncia-renovacao-com-meia-lucas-mugni.webp","contentUrl":"https:\/\/www.gaveanews.com\/wp-content\/uploads\/bahia-anuncia-renovacao-com-meia-lucas-mugni.webp","width":1240,"height":826,"caption":"Lucas Mugni jogando pelo bahia - Foto: Felipe Oliveira \/ AC bAHIA"},{"@type":"BreadcrumbList","@id":"https:\/\/www.gaveanews.com\/index.php\/2023\/12\/13\/meia-ex-flamengo-e-anunciado-por-novo-clube-como-grande-reforco-para-a-proxima-temporada\/#breadcrumb","itemListElement":[{"@type":"ListItem","position":1,"name":"Home","item":"https:\/\/www.gaveanews.com\/"},{"@type":"ListItem","position":2,"name":"Meia ex-Flamengo, \u00e9 anunciado por novo clube como grande refor\u00e7o para a pr\u00f3xima temporada"}]},{"@type":"WebSite","@id":"https:\/\/www.gaveanews.com\/#website","url":"https:\/\/www.gaveanews.com\/","name":"G\u00e1vea News","description":"Veja todas as not\u00edcias sobre o Flamengo: Contrata\u00e7\u00f5es, categorias de base, resultados das partidas, tabela de classifica\u00e7\u00e3o, pr\u00f3ximos jogos!","potentialAction":[{"@type":"SearchAction","target":{"@type":"EntryPoint","urlTemplate":"https:\/\/www.gaveanews.com\/?s={search_term_string}"},"query-input":{"@type":"PropertyValueSpecification","valueRequired":true,"valueName":"search_term_string"}}],"inLanguage":"pt-BR"},{"@type":"Person","@id":"https:\/\/www.gaveanews.com\/#\/schema\/person\/2d29802e96a726e735077717fb5c6f20","name":"Leonardo Ant\u00f4nio","image":{"@type":"ImageObject","inLanguage":"pt-BR","@id":"https:\/\/www.gaveanews.com\/#\/schema\/person\/image\/","url":"https:\/\/secure.gravatar.com\/avatar\/b9ffc9ff64af5c915e7cb1824991ab1b4aa29b902a6a9a83be9d1c8ba449fce8?s=96&d=mm&r=g","contentUrl":"https:\/\/secure.gravatar.com\/avatar\/b9ffc9ff64af5c915e7cb1824991ab1b4aa29b902a6a9a83be9d1c8ba449fce8?s=96&d=mm&r=g","caption":"Leonardo Ant\u00f4nio"}}]}},"_links":{"self":[{"href":"https:\/\/www.gaveanews.com\/index.php\/wp-json\/wp\/v2\/posts\/116158","targetHints":{"allow":["GET"]}}],"collection":[{"href":"https:\/\/www.gaveanews.com\/index.php\/wp-json\/wp\/v2\/posts"}],"about":[{"href":"https:\/\/www.gaveanews.com\/index.php\/wp-json\/wp\/v2\/types\/post"}],"author":[{"embeddable":true,"href":"https:\/\/www.gaveanews.com\/index.php\/wp-json\/wp\/v2\/users\/6"}],"replies":[{"embeddable":true,"href":"https:\/\/www.gaveanews.com\/index.php\/wp-json\/wp\/v2\/comments?post=116158"}],"version-history":[{"count":0,"href":"https:\/\/www.gaveanews.com\/index.php\/wp-json\/wp\/v2\/posts\/116158\/revisions"}],"wp:featuredmedia":[{"embeddable":true,"href":"https:\/\/www.gaveanews.com\/index.php\/wp-json\/wp\/v2\/media\/116167"}],"wp:attachment":[{"href":"https:\/\/www.gaveanews.com\/index.php\/wp-json\/wp\/v2\/media?parent=116158"}],"wp:term":[{"taxonomy":"category","embeddable":true,"href":"https:\/\/www.gaveanews.com\/index.php\/wp-json\/wp\/v2\/categories?post=116158"},{"taxonomy":"post_tag","embeddable":true,"href":"https:\/\/www.gaveanews.com\/index.php\/wp-json\/wp\/v2\/tags?post=116158"}],"curies":[{"name":"wp","href":"https:\/\/api.w.org\/{rel}","templated":true}]}}