{"id":117125,"date":"2023-12-18T20:47:49","date_gmt":"2023-12-18T23:47:49","guid":{"rendered":"https:\/\/www.gaveanews.com\/?p=117125"},"modified":"2023-12-18T20:48:43","modified_gmt":"2023-12-18T23:48:43","slug":"ex-atacante-do-flamengo-anuncia-aposentadoria","status":"publish","type":"post","link":"https:\/\/www.gaveanews.com\/index.php\/2023\/12\/18\/ex-atacante-do-flamengo-anuncia-aposentadoria\/","title":{"rendered":"Ex-atacante do Flamengo anuncia aposentadoria"},"content":{"rendered":"\n<p>O atacante argentino Rubens Sambueza, com passagem pelo Flamengo em 2008, anunciou sua aposentadoria do futebol aos 39 anos. Completando 20 anos de uma carreira repleta de altos e baixos, Sambueza encerra seu percurso profissional no clube argentino Deportivo Maip\u00fa.<\/p>\n\n\n\n<p>Sua jornada no Flamengo foi breve e marcada por expectativas n\u00e3o atendidas. Apesar de chegar com grande expectativa, proveniente do River Plate, Sambueza teve poucas oportunidades de brilhar no clube carioca. Em sua passagem pelo Mais Querido, disputou apenas sete partidas, contribuindo com uma assist\u00eancia e sem marcar gols.<\/p>\n\n\n\n<p>No entanto, foi no futebol mexicano que Sambueza realmente se destacou. Revelado pelo River Plate, o atacante argentino teve uma passagem significativa pelo Am\u00e9rica do M\u00e9xico e pelo Toluca, onde passou a maior parte de sua carreira. Essa fase foi marcada por sucesso e conquistas, incluindo dois t\u00edtulos do Campeonato Mexicano e duas Copas dos Campe\u00f5es da Concacaf.<\/p>\n\n\n\n<figure class=\"wp-block-embed is-type-photo is-provider-flickr wp-block-embed-flickr\"><div class=\"wp-block-embed__wrapper\">\n<a href=\"https:\/\/www.flickr.com\/photos\/184920610@N03\/53405872352\/in\/dateposted-public\/\"><img loading=\"lazy\" decoding=\"async\" src=\"https:\/\/live.staticflickr.com\/65535\/53405872352_0c9768b66a_z.webp\" alt=\"Sambueza\" width=\"640\" height=\"400\" \/><\/a>\n<\/div><figcaption class=\"wp-element-caption\">Sambueza durante treino do Flamengo<\/figcaption><\/figure>\n\n\n\n<p>Ao longo de sua trajet\u00f3ria, Sambueza acumulou 627 jogos disputados, 74 gols marcados e 45 assist\u00eancias. Em sua mensagem de despedida, ele expressou profunda gratid\u00e3o aos clubes e torcedores, enfatizando a paix\u00e3o e dedica\u00e7\u00e3o com que jogou em cada partida.<\/p>\n\n\n\n<p>Enquanto isso, o Flamengo segue ativo no mercado, realizando investimentos significativos no elenco e buscando refor\u00e7os. Recentemente, o clube anunciou a contrata\u00e7\u00e3o do meio-campista uruguaio Nicol\u00e1s de la Cruz, do River Plate, e mant\u00e9m interesse em outros jogadores, como L\u00e9o Ortiz do Red Bull Bragantino e Gustavo Scarpa do Nottingham Forest.<\/p>\n","protected":false},"excerpt":{"rendered":"<p>O atacante argentino Rubens Sambueza, com passagem pelo Flamengo em 2008, anunciou sua aposentadoria do futebol aos 39 anos. Completando 20 anos de uma carreira repleta de altos e baixos, Sambueza encerra seu percurso profissional no clube argentino Deportivo Maip\u00fa. Sua jornada no Flamengo foi breve e marcada por expectativas n\u00e3o atendidas. Apesar de chegar [&hellip;]<\/p>\n","protected":false},"author":1,"featured_media":108574,"comment_status":"open","ping_status":"closed","sticky":false,"template":"","format":"standard","meta":{"footnotes":""},"categories":[1],"tags":[],"class_list":["post-117125","post","type-post","status-publish","format-standard","has-post-thumbnail","hentry","category-flamengo"],"yoast_head":"<!-- This site is optimized with the Yoast SEO Premium plugin v24.2 (Yoast SEO v26.9) - https:\/\/yoast.com\/product\/yoast-seo-premium-wordpress\/ -->\n<title>Ex-atacante do Flamengo anuncia aposentadoria<\/title>\n<meta name=\"description\" content=\"A informa\u00e7\u00e3o sobre a sua aposentadoria foi divulgada pelo pr\u00f3prio jogador atrav\u00e9s de seu perfil oficial no Instagram.\" \/>\n<meta name=\"robots\" content=\"index, follow, max-snippet:-1, max-image-preview:large, max-video-preview:-1\" \/>\n<link rel=\"canonical\" href=\"https:\/\/www.gaveanews.com\/index.php\/2023\/12\/18\/ex-atacante-do-flamengo-anuncia-aposentadoria\/\" \/>\n<meta property=\"og:locale\" content=\"pt_BR\" \/>\n<meta property=\"og:type\" content=\"article\" \/>\n<meta property=\"og:title\" content=\"Ex-atacante do Flamengo anuncia aposentadoria\" \/>\n<meta property=\"og:description\" content=\"A informa\u00e7\u00e3o sobre a sua aposentadoria foi divulgada pelo pr\u00f3prio jogador atrav\u00e9s de seu perfil oficial no Instagram.\" \/>\n<meta property=\"og:url\" content=\"https:\/\/www.gaveanews.com\/index.php\/2023\/12\/18\/ex-atacante-do-flamengo-anuncia-aposentadoria\/\" \/>\n<meta property=\"og:site_name\" content=\"G\u00e1vea News\" \/>\n<meta property=\"article:publisher\" content=\"https:\/\/facebook.com\/gaveaNews\/\" \/>\n<meta property=\"article:published_time\" content=\"2023-12-18T23:47:49+00:00\" \/>\n<meta property=\"article:modified_time\" content=\"2023-12-18T23:48:43+00:00\" \/>\n<meta property=\"og:image\" content=\"https:\/\/www.gaveanews.com\/wp-content\/uploads\/treino-jogadores-flamengo-1.webp\" \/>\n\t<meta property=\"og:image:width\" content=\"900\" \/>\n\t<meta property=\"og:image:height\" content=\"600\" \/>\n\t<meta property=\"og:image:type\" content=\"image\/jpeg\" \/>\n<meta name=\"author\" content=\"Equipe G\u00e1vea News\" \/>\n<meta name=\"twitter:card\" content=\"summary_large_image\" \/>\n<meta name=\"twitter:label1\" content=\"Escrito por\" \/>\n\t<meta name=\"twitter:data1\" content=\"Equipe G\u00e1vea News\" \/>\n\t<meta name=\"twitter:label2\" content=\"Est. tempo de leitura\" \/>\n\t<meta name=\"twitter:data2\" content=\"2 minutos\" \/>\n<script type=\"application\/ld+json\" class=\"yoast-schema-graph\">{\"@context\":\"https:\/\/schema.org\",\"@graph\":[{\"@type\":\"NewsArticle\",\"@id\":\"https:\/\/www.gaveanews.com\/index.php\/2023\/12\/18\/ex-atacante-do-flamengo-anuncia-aposentadoria\/#article\",\"isPartOf\":{\"@id\":\"https:\/\/www.gaveanews.com\/index.php\/2023\/12\/18\/ex-atacante-do-flamengo-anuncia-aposentadoria\/\"},\"author\":{\"name\":\"Equipe G\u00e1vea News\",\"@id\":\"https:\/\/www.gaveanews.com\/#\/schema\/person\/2ec14f73fb96be2caf28f91afb14749d\"},\"headline\":\"Ex-atacante do Flamengo anuncia aposentadoria\",\"datePublished\":\"2023-12-18T23:47:49+00:00\",\"dateModified\":\"2023-12-18T23:48:43+00:00\",\"mainEntityOfPage\":{\"@id\":\"https:\/\/www.gaveanews.com\/index.php\/2023\/12\/18\/ex-atacante-do-flamengo-anuncia-aposentadoria\/\"},\"wordCount\":266,\"commentCount\":0,\"image\":{\"@id\":\"https:\/\/www.gaveanews.com\/index.php\/2023\/12\/18\/ex-atacante-do-flamengo-anuncia-aposentadoria\/#primaryimage\"},\"thumbnailUrl\":\"https:\/\/www.gaveanews.com\/wp-content\/uploads\/treino-jogadores-flamengo-1.webp\",\"articleSection\":[\"Flamengo\"],\"inLanguage\":\"pt-BR\",\"potentialAction\":[{\"@type\":\"CommentAction\",\"name\":\"Comment\",\"target\":[\"https:\/\/www.gaveanews.com\/index.php\/2023\/12\/18\/ex-atacante-do-flamengo-anuncia-aposentadoria\/#respond\"]}],\"copyrightYear\":\"2023\",\"copyrightHolder\":{\"@id\":\"https:\/\/www.gaveanews.com\/#organization\"}},{\"@type\":\"WebPage\",\"@id\":\"https:\/\/www.gaveanews.com\/index.php\/2023\/12\/18\/ex-atacante-do-flamengo-anuncia-aposentadoria\/\",\"url\":\"https:\/\/www.gaveanews.com\/index.php\/2023\/12\/18\/ex-atacante-do-flamengo-anuncia-aposentadoria\/\",\"name\":\"Ex-atacante do Flamengo anuncia aposentadoria\",\"isPartOf\":{\"@id\":\"https:\/\/www.gaveanews.com\/#website\"},\"primaryImageOfPage\":{\"@id\":\"https:\/\/www.gaveanews.com\/index.php\/2023\/12\/18\/ex-atacante-do-flamengo-anuncia-aposentadoria\/#primaryimage\"},\"image\":{\"@id\":\"https:\/\/www.gaveanews.com\/index.php\/2023\/12\/18\/ex-atacante-do-flamengo-anuncia-aposentadoria\/#primaryimage\"},\"thumbnailUrl\":\"https:\/\/www.gaveanews.com\/wp-content\/uploads\/treino-jogadores-flamengo-1.webp\",\"datePublished\":\"2023-12-18T23:47:49+00:00\",\"dateModified\":\"2023-12-18T23:48:43+00:00\",\"author\":{\"@id\":\"https:\/\/www.gaveanews.com\/#\/schema\/person\/2ec14f73fb96be2caf28f91afb14749d\"},\"description\":\"A informa\u00e7\u00e3o sobre a sua aposentadoria foi divulgada pelo pr\u00f3prio jogador atrav\u00e9s de seu perfil oficial no Instagram.\",\"breadcrumb\":{\"@id\":\"https:\/\/www.gaveanews.com\/index.php\/2023\/12\/18\/ex-atacante-do-flamengo-anuncia-aposentadoria\/#breadcrumb\"},\"inLanguage\":\"pt-BR\",\"potentialAction\":[{\"@type\":\"ReadAction\",\"target\":[\"https:\/\/www.gaveanews.com\/index.php\/2023\/12\/18\/ex-atacante-do-flamengo-anuncia-aposentadoria\/\"]}]},{\"@type\":\"ImageObject\",\"inLanguage\":\"pt-BR\",\"@id\":\"https:\/\/www.gaveanews.com\/index.php\/2023\/12\/18\/ex-atacante-do-flamengo-anuncia-aposentadoria\/#primaryimage\",\"url\":\"https:\/\/www.gaveanews.com\/wp-content\/uploads\/treino-jogadores-flamengo-1.webp\",\"contentUrl\":\"https:\/\/www.gaveanews.com\/wp-content\/uploads\/treino-jogadores-flamengo-1.webp\",\"width\":900,\"height\":600,\"caption\":\"Jogadores do Flamengo em treino no Ninho do Urubu (Foto: Gilvan de Souza\/Flamengo)\"},{\"@type\":\"BreadcrumbList\",\"@id\":\"https:\/\/www.gaveanews.com\/index.php\/2023\/12\/18\/ex-atacante-do-flamengo-anuncia-aposentadoria\/#breadcrumb\",\"itemListElement\":[{\"@type\":\"ListItem\",\"position\":1,\"name\":\"Home\",\"item\":\"https:\/\/www.gaveanews.com\/\"},{\"@type\":\"ListItem\",\"position\":2,\"name\":\"Ex-atacante do Flamengo anuncia aposentadoria\"}]},{\"@type\":\"WebSite\",\"@id\":\"https:\/\/www.gaveanews.com\/#website\",\"url\":\"https:\/\/www.gaveanews.com\/\",\"name\":\"G\u00e1vea News\",\"description\":\"Veja todas as not\u00edcias sobre o Flamengo: Contrata\u00e7\u00f5es, categorias de base, resultados das partidas, tabela de classifica\u00e7\u00e3o, pr\u00f3ximos jogos!\",\"potentialAction\":[{\"@type\":\"SearchAction\",\"target\":{\"@type\":\"EntryPoint\",\"urlTemplate\":\"https:\/\/www.gaveanews.com\/?s={search_term_string}\"},\"query-input\":{\"@type\":\"PropertyValueSpecification\",\"valueRequired\":true,\"valueName\":\"search_term_string\"}}],\"inLanguage\":\"pt-BR\"},{\"@type\":\"Person\",\"@id\":\"https:\/\/www.gaveanews.com\/#\/schema\/person\/2ec14f73fb96be2caf28f91afb14749d\",\"name\":\"Equipe G\u00e1vea News\",\"image\":{\"@type\":\"ImageObject\",\"inLanguage\":\"pt-BR\",\"@id\":\"https:\/\/www.gaveanews.com\/#\/schema\/person\/image\/\",\"url\":\"https:\/\/secure.gravatar.com\/avatar\/1e1956f1facbffd3f8fa53a326721950116b3b9dc9bd44939c01180fd4a745a9?s=96&d=mm&r=g\",\"contentUrl\":\"https:\/\/secure.gravatar.com\/avatar\/1e1956f1facbffd3f8fa53a326721950116b3b9dc9bd44939c01180fd4a745a9?s=96&d=mm&r=g\",\"caption\":\"Equipe G\u00e1vea News\"}}]}<\/script>\n<!-- \/ Yoast SEO Premium plugin. -->","yoast_head_json":{"title":"Ex-atacante do Flamengo anuncia aposentadoria","description":"A informa\u00e7\u00e3o sobre a sua aposentadoria foi divulgada pelo pr\u00f3prio jogador atrav\u00e9s de seu perfil oficial no Instagram.","robots":{"index":"index","follow":"follow","max-snippet":"max-snippet:-1","max-image-preview":"max-image-preview:large","max-video-preview":"max-video-preview:-1"},"canonical":"https:\/\/www.gaveanews.com\/index.php\/2023\/12\/18\/ex-atacante-do-flamengo-anuncia-aposentadoria\/","og_locale":"pt_BR","og_type":"article","og_title":"Ex-atacante do Flamengo anuncia aposentadoria","og_description":"A informa\u00e7\u00e3o sobre a sua aposentadoria foi divulgada pelo pr\u00f3prio jogador atrav\u00e9s de seu perfil oficial no Instagram.","og_url":"https:\/\/www.gaveanews.com\/index.php\/2023\/12\/18\/ex-atacante-do-flamengo-anuncia-aposentadoria\/","og_site_name":"G\u00e1vea News","article_publisher":"https:\/\/facebook.com\/gaveaNews\/","article_published_time":"2023-12-18T23:47:49+00:00","article_modified_time":"2023-12-18T23:48:43+00:00","og_image":[{"width":900,"height":600,"url":"https:\/\/www.gaveanews.com\/wp-content\/uploads\/treino-jogadores-flamengo-1.webp","type":"image\/jpeg"}],"author":"Equipe G\u00e1vea News","twitter_card":"summary_large_image","twitter_misc":{"Escrito por":"Equipe G\u00e1vea News","Est. tempo de leitura":"2 minutos"},"schema":{"@context":"https:\/\/schema.org","@graph":[{"@type":"NewsArticle","@id":"https:\/\/www.gaveanews.com\/index.php\/2023\/12\/18\/ex-atacante-do-flamengo-anuncia-aposentadoria\/#article","isPartOf":{"@id":"https:\/\/www.gaveanews.com\/index.php\/2023\/12\/18\/ex-atacante-do-flamengo-anuncia-aposentadoria\/"},"author":{"name":"Equipe G\u00e1vea News","@id":"https:\/\/www.gaveanews.com\/#\/schema\/person\/2ec14f73fb96be2caf28f91afb14749d"},"headline":"Ex-atacante do Flamengo anuncia aposentadoria","datePublished":"2023-12-18T23:47:49+00:00","dateModified":"2023-12-18T23:48:43+00:00","mainEntityOfPage":{"@id":"https:\/\/www.gaveanews.com\/index.php\/2023\/12\/18\/ex-atacante-do-flamengo-anuncia-aposentadoria\/"},"wordCount":266,"commentCount":0,"image":{"@id":"https:\/\/www.gaveanews.com\/index.php\/2023\/12\/18\/ex-atacante-do-flamengo-anuncia-aposentadoria\/#primaryimage"},"thumbnailUrl":"https:\/\/www.gaveanews.com\/wp-content\/uploads\/treino-jogadores-flamengo-1.webp","articleSection":["Flamengo"],"inLanguage":"pt-BR","potentialAction":[{"@type":"CommentAction","name":"Comment","target":["https:\/\/www.gaveanews.com\/index.php\/2023\/12\/18\/ex-atacante-do-flamengo-anuncia-aposentadoria\/#respond"]}],"copyrightYear":"2023","copyrightHolder":{"@id":"https:\/\/www.gaveanews.com\/#organization"}},{"@type":"WebPage","@id":"https:\/\/www.gaveanews.com\/index.php\/2023\/12\/18\/ex-atacante-do-flamengo-anuncia-aposentadoria\/","url":"https:\/\/www.gaveanews.com\/index.php\/2023\/12\/18\/ex-atacante-do-flamengo-anuncia-aposentadoria\/","name":"Ex-atacante do Flamengo anuncia aposentadoria","isPartOf":{"@id":"https:\/\/www.gaveanews.com\/#website"},"primaryImageOfPage":{"@id":"https:\/\/www.gaveanews.com\/index.php\/2023\/12\/18\/ex-atacante-do-flamengo-anuncia-aposentadoria\/#primaryimage"},"image":{"@id":"https:\/\/www.gaveanews.com\/index.php\/2023\/12\/18\/ex-atacante-do-flamengo-anuncia-aposentadoria\/#primaryimage"},"thumbnailUrl":"https:\/\/www.gaveanews.com\/wp-content\/uploads\/treino-jogadores-flamengo-1.webp","datePublished":"2023-12-18T23:47:49+00:00","dateModified":"2023-12-18T23:48:43+00:00","author":{"@id":"https:\/\/www.gaveanews.com\/#\/schema\/person\/2ec14f73fb96be2caf28f91afb14749d"},"description":"A informa\u00e7\u00e3o sobre a sua aposentadoria foi divulgada pelo pr\u00f3prio jogador atrav\u00e9s de seu perfil oficial no Instagram.","breadcrumb":{"@id":"https:\/\/www.gaveanews.com\/index.php\/2023\/12\/18\/ex-atacante-do-flamengo-anuncia-aposentadoria\/#breadcrumb"},"inLanguage":"pt-BR","potentialAction":[{"@type":"ReadAction","target":["https:\/\/www.gaveanews.com\/index.php\/2023\/12\/18\/ex-atacante-do-flamengo-anuncia-aposentadoria\/"]}]},{"@type":"ImageObject","inLanguage":"pt-BR","@id":"https:\/\/www.gaveanews.com\/index.php\/2023\/12\/18\/ex-atacante-do-flamengo-anuncia-aposentadoria\/#primaryimage","url":"https:\/\/www.gaveanews.com\/wp-content\/uploads\/treino-jogadores-flamengo-1.webp","contentUrl":"https:\/\/www.gaveanews.com\/wp-content\/uploads\/treino-jogadores-flamengo-1.webp","width":900,"height":600,"caption":"Jogadores do Flamengo em treino no Ninho do Urubu (Foto: Gilvan de Souza\/Flamengo)"},{"@type":"BreadcrumbList","@id":"https:\/\/www.gaveanews.com\/index.php\/2023\/12\/18\/ex-atacante-do-flamengo-anuncia-aposentadoria\/#breadcrumb","itemListElement":[{"@type":"ListItem","position":1,"name":"Home","item":"https:\/\/www.gaveanews.com\/"},{"@type":"ListItem","position":2,"name":"Ex-atacante do Flamengo anuncia aposentadoria"}]},{"@type":"WebSite","@id":"https:\/\/www.gaveanews.com\/#website","url":"https:\/\/www.gaveanews.com\/","name":"G\u00e1vea News","description":"Veja todas as not\u00edcias sobre o Flamengo: Contrata\u00e7\u00f5es, categorias de base, resultados das partidas, tabela de classifica\u00e7\u00e3o, pr\u00f3ximos jogos!","potentialAction":[{"@type":"SearchAction","target":{"@type":"EntryPoint","urlTemplate":"https:\/\/www.gaveanews.com\/?s={search_term_string}"},"query-input":{"@type":"PropertyValueSpecification","valueRequired":true,"valueName":"search_term_string"}}],"inLanguage":"pt-BR"},{"@type":"Person","@id":"https:\/\/www.gaveanews.com\/#\/schema\/person\/2ec14f73fb96be2caf28f91afb14749d","name":"Equipe G\u00e1vea News","image":{"@type":"ImageObject","inLanguage":"pt-BR","@id":"https:\/\/www.gaveanews.com\/#\/schema\/person\/image\/","url":"https:\/\/secure.gravatar.com\/avatar\/1e1956f1facbffd3f8fa53a326721950116b3b9dc9bd44939c01180fd4a745a9?s=96&d=mm&r=g","contentUrl":"https:\/\/secure.gravatar.com\/avatar\/1e1956f1facbffd3f8fa53a326721950116b3b9dc9bd44939c01180fd4a745a9?s=96&d=mm&r=g","caption":"Equipe G\u00e1vea News"}}]}},"_links":{"self":[{"href":"https:\/\/www.gaveanews.com\/index.php\/wp-json\/wp\/v2\/posts\/117125","targetHints":{"allow":["GET"]}}],"collection":[{"href":"https:\/\/www.gaveanews.com\/index.php\/wp-json\/wp\/v2\/posts"}],"about":[{"href":"https:\/\/www.gaveanews.com\/index.php\/wp-json\/wp\/v2\/types\/post"}],"author":[{"embeddable":true,"href":"https:\/\/www.gaveanews.com\/index.php\/wp-json\/wp\/v2\/users\/1"}],"replies":[{"embeddable":true,"href":"https:\/\/www.gaveanews.com\/index.php\/wp-json\/wp\/v2\/comments?post=117125"}],"version-history":[{"count":0,"href":"https:\/\/www.gaveanews.com\/index.php\/wp-json\/wp\/v2\/posts\/117125\/revisions"}],"wp:featuredmedia":[{"embeddable":true,"href":"https:\/\/www.gaveanews.com\/index.php\/wp-json\/wp\/v2\/media\/108574"}],"wp:attachment":[{"href":"https:\/\/www.gaveanews.com\/index.php\/wp-json\/wp\/v2\/media?parent=117125"}],"wp:term":[{"taxonomy":"category","embeddable":true,"href":"https:\/\/www.gaveanews.com\/index.php\/wp-json\/wp\/v2\/categories?post=117125"},{"taxonomy":"post_tag","embeddable":true,"href":"https:\/\/www.gaveanews.com\/index.php\/wp-json\/wp\/v2\/tags?post=117125"}],"curies":[{"name":"wp","href":"https:\/\/api.w.org\/{rel}","templated":true}]}}