{"id":117160,"date":"2023-12-18T22:03:02","date_gmt":"2023-12-19T01:03:02","guid":{"rendered":"https:\/\/www.gaveanews.com\/?p=117160"},"modified":"2023-12-18T22:03:05","modified_gmt":"2023-12-19T01:03:05","slug":"tragedia-tempestade-deixa-13-mortos-confira-o-video","status":"publish","type":"post","link":"https:\/\/www.gaveanews.com\/index.php\/2023\/12\/18\/tragedia-tempestade-deixa-13-mortos-confira-o-video\/","title":{"rendered":"Trag\u00e9dia! Tempestade deixa 13 mortos; confira o v\u00eddeo"},"content":{"rendered":"\n<p>A Argentina foi assolada por severas tempestades neste fim de semana, causando graves consequ\u00eancias em v\u00e1rias regi\u00f5es. Em Bah\u00eda Blanca, cidade portu\u00e1ria no sudoeste do pa\u00eds, um forte temporal no s\u00e1bado resultou na morte de pelo menos 13 pessoas. O incidente ocorreu devido ao desabamento do telhado de um clube durante uma competi\u00e7\u00e3o de skate, evidenciando a intensidade das chuvas e dos ventos que ultrapassaram 140 km\/h.<\/p>\n\n\n\n<p>Al\u00e9m dos preju\u00edzos humanos, Bah\u00eda Blanca enfrentou cortes de energia el\u00e9trica, e o tempo adverso se estendeu para cidades vizinhas, com registros de ventos intensos e queda de granizo.<\/p>\n\n\n\n<blockquote class=\"twitter-tweet\" data-media-max-width=\"560\"><p lang=\"pt\" dir=\"ltr\">Tempestade deixa 13 mortos no sudoeste da Argentina. V\u00eddeo mostra for\u00e7a dos ventos.<br><br>Cr\u00e9dito: Rede Social<a href=\"https:\/\/twitter.com\/hashtag\/ODia?src=hash&amp;ref_src=twsrc%5Etfw\">#ODia<\/a> <a href=\"https:\/\/t.co\/yGEbG1fe5v\">pic.twitter.com\/yGEbG1fe5v<\/a><\/p>&mdash; Jornal O Dia (@jornalodia) <a href=\"https:\/\/twitter.com\/jornalodia\/status\/1736396102075593100?ref_src=twsrc%5Etfw\">December 17, 2023<\/a><\/blockquote> <script async src=\"https:\/\/platform.twitter.com\/widgets.js\" charset=\"utf-8\"><\/script>\n\n\n\n<p>Na capital, Buenos Aires, a situa\u00e7\u00e3o n\u00e3o foi menos alarmante. Uma tempestade na madrugada de domingo provocou o desabamento de uma estrutura no hip\u00f3dromo de Palermo, onde ocorria uma festa. Cerca de 15 pessoas ficaram feridas, algumas com ferimentos graves, incluindo traumatismos cranianos e fraturas tor\u00e1cicas.<\/p>\n\n\n\n<p>Os aeroportos Jorge Newbery e Ezeiza tamb\u00e9m sofreram com a tempestade. Foram observados danos em estruturas, al\u00e9m de atrasos e cancelamentos de voos, afetando significativamente o tr\u00e1fego a\u00e9reo na regi\u00e3o.<\/p>\n\n\n\n<p>Autoridades meteorol\u00f3gicas explicaram que as tempestades foram resultado da colis\u00e3o entre uma massa de ar muito fria, vinda do sul, e uma massa de ar quente sobre o centro da Argentina e Uruguai. Espera-se que o tempo melhore apenas na quinta-feira, dia 21.<\/p>\n","protected":false},"excerpt":{"rendered":"<p>A Argentina foi assolada por severas tempestades neste fim de semana, causando graves consequ\u00eancias em v\u00e1rias regi\u00f5es. Em Bah\u00eda Blanca, cidade portu\u00e1ria no sudoeste do pa\u00eds, um forte temporal no s\u00e1bado resultou na morte de pelo menos 13 pessoas. O incidente ocorreu devido ao desabamento do telhado de um clube durante uma competi\u00e7\u00e3o de skate, [&hellip;]<\/p>\n","protected":false},"author":1,"featured_media":31951,"comment_status":"open","ping_status":"closed","sticky":false,"template":"","format":"standard","meta":{"footnotes":""},"categories":[1],"tags":[],"class_list":["post-117160","post","type-post","status-publish","format-standard","has-post-thumbnail","hentry","category-flamengo"],"yoast_head":"<!-- This site is optimized with the Yoast SEO Premium plugin v24.2 (Yoast SEO v26.9) - https:\/\/yoast.com\/product\/yoast-seo-premium-wordpress\/ -->\n<title>Trag\u00e9dia! Tempestade deixa 13 mortos; confira o v\u00eddeo<\/title>\n<meta name=\"description\" content=\"A regi\u00e3o foi assolada por severas tempestades neste fim de semana, causando graves consequ\u00eancias em v\u00e1rias regi\u00f5es\" \/>\n<meta name=\"robots\" content=\"index, follow, max-snippet:-1, max-image-preview:large, max-video-preview:-1\" \/>\n<link rel=\"canonical\" href=\"https:\/\/www.gaveanews.com\/index.php\/2023\/12\/18\/tragedia-tempestade-deixa-13-mortos-confira-o-video\/\" \/>\n<meta property=\"og:locale\" content=\"pt_BR\" \/>\n<meta property=\"og:type\" content=\"article\" \/>\n<meta property=\"og:title\" content=\"Trag\u00e9dia! Tempestade deixa 13 mortos; confira o v\u00eddeo\" \/>\n<meta property=\"og:description\" content=\"A regi\u00e3o foi assolada por severas tempestades neste fim de semana, causando graves consequ\u00eancias em v\u00e1rias regi\u00f5es\" \/>\n<meta property=\"og:url\" content=\"https:\/\/www.gaveanews.com\/index.php\/2023\/12\/18\/tragedia-tempestade-deixa-13-mortos-confira-o-video\/\" \/>\n<meta property=\"og:site_name\" content=\"G\u00e1vea News\" \/>\n<meta property=\"article:publisher\" content=\"https:\/\/facebook.com\/gaveaNews\/\" \/>\n<meta property=\"article:published_time\" content=\"2023-12-19T01:03:02+00:00\" \/>\n<meta property=\"article:modified_time\" content=\"2023-12-19T01:03:05+00:00\" \/>\n<meta property=\"og:image\" content=\"https:\/\/www.gaveanews.com\/wp-content\/uploads\/luto-o-que-e.webp\" \/>\n\t<meta property=\"og:image:width\" content=\"640\" \/>\n\t<meta property=\"og:image:height\" content=\"424\" \/>\n\t<meta property=\"og:image:type\" content=\"image\/jpeg\" \/>\n<meta name=\"author\" content=\"Equipe G\u00e1vea News\" \/>\n<meta name=\"twitter:card\" content=\"summary_large_image\" \/>\n<meta name=\"twitter:label1\" content=\"Escrito por\" \/>\n\t<meta name=\"twitter:data1\" content=\"Equipe G\u00e1vea News\" \/>\n\t<meta name=\"twitter:label2\" content=\"Est. tempo de leitura\" \/>\n\t<meta name=\"twitter:data2\" content=\"2 minutos\" \/>\n<script type=\"application\/ld+json\" class=\"yoast-schema-graph\">{\"@context\":\"https:\/\/schema.org\",\"@graph\":[{\"@type\":\"NewsArticle\",\"@id\":\"https:\/\/www.gaveanews.com\/index.php\/2023\/12\/18\/tragedia-tempestade-deixa-13-mortos-confira-o-video\/#article\",\"isPartOf\":{\"@id\":\"https:\/\/www.gaveanews.com\/index.php\/2023\/12\/18\/tragedia-tempestade-deixa-13-mortos-confira-o-video\/\"},\"author\":{\"name\":\"Equipe G\u00e1vea News\",\"@id\":\"https:\/\/www.gaveanews.com\/#\/schema\/person\/2ec14f73fb96be2caf28f91afb14749d\"},\"headline\":\"Trag\u00e9dia! Tempestade deixa 13 mortos; confira o v\u00eddeo\",\"datePublished\":\"2023-12-19T01:03:02+00:00\",\"dateModified\":\"2023-12-19T01:03:05+00:00\",\"mainEntityOfPage\":{\"@id\":\"https:\/\/www.gaveanews.com\/index.php\/2023\/12\/18\/tragedia-tempestade-deixa-13-mortos-confira-o-video\/\"},\"wordCount\":275,\"commentCount\":0,\"image\":{\"@id\":\"https:\/\/www.gaveanews.com\/index.php\/2023\/12\/18\/tragedia-tempestade-deixa-13-mortos-confira-o-video\/#primaryimage\"},\"thumbnailUrl\":\"https:\/\/www.gaveanews.com\/wp-content\/uploads\/luto-o-que-e.webp\",\"articleSection\":[\"Flamengo\"],\"inLanguage\":\"pt-BR\",\"potentialAction\":[{\"@type\":\"CommentAction\",\"name\":\"Comment\",\"target\":[\"https:\/\/www.gaveanews.com\/index.php\/2023\/12\/18\/tragedia-tempestade-deixa-13-mortos-confira-o-video\/#respond\"]}],\"copyrightYear\":\"2023\",\"copyrightHolder\":{\"@id\":\"https:\/\/www.gaveanews.com\/#organization\"}},{\"@type\":\"WebPage\",\"@id\":\"https:\/\/www.gaveanews.com\/index.php\/2023\/12\/18\/tragedia-tempestade-deixa-13-mortos-confira-o-video\/\",\"url\":\"https:\/\/www.gaveanews.com\/index.php\/2023\/12\/18\/tragedia-tempestade-deixa-13-mortos-confira-o-video\/\",\"name\":\"Trag\u00e9dia! Tempestade deixa 13 mortos; confira o v\u00eddeo\",\"isPartOf\":{\"@id\":\"https:\/\/www.gaveanews.com\/#website\"},\"primaryImageOfPage\":{\"@id\":\"https:\/\/www.gaveanews.com\/index.php\/2023\/12\/18\/tragedia-tempestade-deixa-13-mortos-confira-o-video\/#primaryimage\"},\"image\":{\"@id\":\"https:\/\/www.gaveanews.com\/index.php\/2023\/12\/18\/tragedia-tempestade-deixa-13-mortos-confira-o-video\/#primaryimage\"},\"thumbnailUrl\":\"https:\/\/www.gaveanews.com\/wp-content\/uploads\/luto-o-que-e.webp\",\"datePublished\":\"2023-12-19T01:03:02+00:00\",\"dateModified\":\"2023-12-19T01:03:05+00:00\",\"author\":{\"@id\":\"https:\/\/www.gaveanews.com\/#\/schema\/person\/2ec14f73fb96be2caf28f91afb14749d\"},\"description\":\"A regi\u00e3o foi assolada por severas tempestades neste fim de semana, causando graves consequ\u00eancias em v\u00e1rias regi\u00f5es\",\"breadcrumb\":{\"@id\":\"https:\/\/www.gaveanews.com\/index.php\/2023\/12\/18\/tragedia-tempestade-deixa-13-mortos-confira-o-video\/#breadcrumb\"},\"inLanguage\":\"pt-BR\",\"potentialAction\":[{\"@type\":\"ReadAction\",\"target\":[\"https:\/\/www.gaveanews.com\/index.php\/2023\/12\/18\/tragedia-tempestade-deixa-13-mortos-confira-o-video\/\"]}]},{\"@type\":\"ImageObject\",\"inLanguage\":\"pt-BR\",\"@id\":\"https:\/\/www.gaveanews.com\/index.php\/2023\/12\/18\/tragedia-tempestade-deixa-13-mortos-confira-o-video\/#primaryimage\",\"url\":\"https:\/\/www.gaveanews.com\/wp-content\/uploads\/luto-o-que-e.webp\",\"contentUrl\":\"https:\/\/www.gaveanews.com\/wp-content\/uploads\/luto-o-que-e.webp\",\"width\":640,\"height\":424},{\"@type\":\"BreadcrumbList\",\"@id\":\"https:\/\/www.gaveanews.com\/index.php\/2023\/12\/18\/tragedia-tempestade-deixa-13-mortos-confira-o-video\/#breadcrumb\",\"itemListElement\":[{\"@type\":\"ListItem\",\"position\":1,\"name\":\"Home\",\"item\":\"https:\/\/www.gaveanews.com\/\"},{\"@type\":\"ListItem\",\"position\":2,\"name\":\"Trag\u00e9dia! Tempestade deixa 13 mortos; confira o v\u00eddeo\"}]},{\"@type\":\"WebSite\",\"@id\":\"https:\/\/www.gaveanews.com\/#website\",\"url\":\"https:\/\/www.gaveanews.com\/\",\"name\":\"G\u00e1vea News\",\"description\":\"Veja todas as not\u00edcias sobre o Flamengo: Contrata\u00e7\u00f5es, categorias de base, resultados das partidas, tabela de classifica\u00e7\u00e3o, pr\u00f3ximos jogos!\",\"potentialAction\":[{\"@type\":\"SearchAction\",\"target\":{\"@type\":\"EntryPoint\",\"urlTemplate\":\"https:\/\/www.gaveanews.com\/?s={search_term_string}\"},\"query-input\":{\"@type\":\"PropertyValueSpecification\",\"valueRequired\":true,\"valueName\":\"search_term_string\"}}],\"inLanguage\":\"pt-BR\"},{\"@type\":\"Person\",\"@id\":\"https:\/\/www.gaveanews.com\/#\/schema\/person\/2ec14f73fb96be2caf28f91afb14749d\",\"name\":\"Equipe G\u00e1vea News\",\"image\":{\"@type\":\"ImageObject\",\"inLanguage\":\"pt-BR\",\"@id\":\"https:\/\/www.gaveanews.com\/#\/schema\/person\/image\/\",\"url\":\"https:\/\/secure.gravatar.com\/avatar\/1e1956f1facbffd3f8fa53a326721950116b3b9dc9bd44939c01180fd4a745a9?s=96&d=mm&r=g\",\"contentUrl\":\"https:\/\/secure.gravatar.com\/avatar\/1e1956f1facbffd3f8fa53a326721950116b3b9dc9bd44939c01180fd4a745a9?s=96&d=mm&r=g\",\"caption\":\"Equipe G\u00e1vea News\"}}]}<\/script>\n<!-- \/ Yoast SEO Premium plugin. -->","yoast_head_json":{"title":"Trag\u00e9dia! Tempestade deixa 13 mortos; confira o v\u00eddeo","description":"A regi\u00e3o foi assolada por severas tempestades neste fim de semana, causando graves consequ\u00eancias em v\u00e1rias regi\u00f5es","robots":{"index":"index","follow":"follow","max-snippet":"max-snippet:-1","max-image-preview":"max-image-preview:large","max-video-preview":"max-video-preview:-1"},"canonical":"https:\/\/www.gaveanews.com\/index.php\/2023\/12\/18\/tragedia-tempestade-deixa-13-mortos-confira-o-video\/","og_locale":"pt_BR","og_type":"article","og_title":"Trag\u00e9dia! Tempestade deixa 13 mortos; confira o v\u00eddeo","og_description":"A regi\u00e3o foi assolada por severas tempestades neste fim de semana, causando graves consequ\u00eancias em v\u00e1rias regi\u00f5es","og_url":"https:\/\/www.gaveanews.com\/index.php\/2023\/12\/18\/tragedia-tempestade-deixa-13-mortos-confira-o-video\/","og_site_name":"G\u00e1vea News","article_publisher":"https:\/\/facebook.com\/gaveaNews\/","article_published_time":"2023-12-19T01:03:02+00:00","article_modified_time":"2023-12-19T01:03:05+00:00","og_image":[{"width":640,"height":424,"url":"https:\/\/www.gaveanews.com\/wp-content\/uploads\/luto-o-que-e.webp","type":"image\/jpeg"}],"author":"Equipe G\u00e1vea News","twitter_card":"summary_large_image","twitter_misc":{"Escrito por":"Equipe G\u00e1vea News","Est. tempo de leitura":"2 minutos"},"schema":{"@context":"https:\/\/schema.org","@graph":[{"@type":"NewsArticle","@id":"https:\/\/www.gaveanews.com\/index.php\/2023\/12\/18\/tragedia-tempestade-deixa-13-mortos-confira-o-video\/#article","isPartOf":{"@id":"https:\/\/www.gaveanews.com\/index.php\/2023\/12\/18\/tragedia-tempestade-deixa-13-mortos-confira-o-video\/"},"author":{"name":"Equipe G\u00e1vea News","@id":"https:\/\/www.gaveanews.com\/#\/schema\/person\/2ec14f73fb96be2caf28f91afb14749d"},"headline":"Trag\u00e9dia! Tempestade deixa 13 mortos; confira o v\u00eddeo","datePublished":"2023-12-19T01:03:02+00:00","dateModified":"2023-12-19T01:03:05+00:00","mainEntityOfPage":{"@id":"https:\/\/www.gaveanews.com\/index.php\/2023\/12\/18\/tragedia-tempestade-deixa-13-mortos-confira-o-video\/"},"wordCount":275,"commentCount":0,"image":{"@id":"https:\/\/www.gaveanews.com\/index.php\/2023\/12\/18\/tragedia-tempestade-deixa-13-mortos-confira-o-video\/#primaryimage"},"thumbnailUrl":"https:\/\/www.gaveanews.com\/wp-content\/uploads\/luto-o-que-e.webp","articleSection":["Flamengo"],"inLanguage":"pt-BR","potentialAction":[{"@type":"CommentAction","name":"Comment","target":["https:\/\/www.gaveanews.com\/index.php\/2023\/12\/18\/tragedia-tempestade-deixa-13-mortos-confira-o-video\/#respond"]}],"copyrightYear":"2023","copyrightHolder":{"@id":"https:\/\/www.gaveanews.com\/#organization"}},{"@type":"WebPage","@id":"https:\/\/www.gaveanews.com\/index.php\/2023\/12\/18\/tragedia-tempestade-deixa-13-mortos-confira-o-video\/","url":"https:\/\/www.gaveanews.com\/index.php\/2023\/12\/18\/tragedia-tempestade-deixa-13-mortos-confira-o-video\/","name":"Trag\u00e9dia! Tempestade deixa 13 mortos; confira o v\u00eddeo","isPartOf":{"@id":"https:\/\/www.gaveanews.com\/#website"},"primaryImageOfPage":{"@id":"https:\/\/www.gaveanews.com\/index.php\/2023\/12\/18\/tragedia-tempestade-deixa-13-mortos-confira-o-video\/#primaryimage"},"image":{"@id":"https:\/\/www.gaveanews.com\/index.php\/2023\/12\/18\/tragedia-tempestade-deixa-13-mortos-confira-o-video\/#primaryimage"},"thumbnailUrl":"https:\/\/www.gaveanews.com\/wp-content\/uploads\/luto-o-que-e.webp","datePublished":"2023-12-19T01:03:02+00:00","dateModified":"2023-12-19T01:03:05+00:00","author":{"@id":"https:\/\/www.gaveanews.com\/#\/schema\/person\/2ec14f73fb96be2caf28f91afb14749d"},"description":"A regi\u00e3o foi assolada por severas tempestades neste fim de semana, causando graves consequ\u00eancias em v\u00e1rias regi\u00f5es","breadcrumb":{"@id":"https:\/\/www.gaveanews.com\/index.php\/2023\/12\/18\/tragedia-tempestade-deixa-13-mortos-confira-o-video\/#breadcrumb"},"inLanguage":"pt-BR","potentialAction":[{"@type":"ReadAction","target":["https:\/\/www.gaveanews.com\/index.php\/2023\/12\/18\/tragedia-tempestade-deixa-13-mortos-confira-o-video\/"]}]},{"@type":"ImageObject","inLanguage":"pt-BR","@id":"https:\/\/www.gaveanews.com\/index.php\/2023\/12\/18\/tragedia-tempestade-deixa-13-mortos-confira-o-video\/#primaryimage","url":"https:\/\/www.gaveanews.com\/wp-content\/uploads\/luto-o-que-e.webp","contentUrl":"https:\/\/www.gaveanews.com\/wp-content\/uploads\/luto-o-que-e.webp","width":640,"height":424},{"@type":"BreadcrumbList","@id":"https:\/\/www.gaveanews.com\/index.php\/2023\/12\/18\/tragedia-tempestade-deixa-13-mortos-confira-o-video\/#breadcrumb","itemListElement":[{"@type":"ListItem","position":1,"name":"Home","item":"https:\/\/www.gaveanews.com\/"},{"@type":"ListItem","position":2,"name":"Trag\u00e9dia! Tempestade deixa 13 mortos; confira o v\u00eddeo"}]},{"@type":"WebSite","@id":"https:\/\/www.gaveanews.com\/#website","url":"https:\/\/www.gaveanews.com\/","name":"G\u00e1vea News","description":"Veja todas as not\u00edcias sobre o Flamengo: Contrata\u00e7\u00f5es, categorias de base, resultados das partidas, tabela de classifica\u00e7\u00e3o, pr\u00f3ximos jogos!","potentialAction":[{"@type":"SearchAction","target":{"@type":"EntryPoint","urlTemplate":"https:\/\/www.gaveanews.com\/?s={search_term_string}"},"query-input":{"@type":"PropertyValueSpecification","valueRequired":true,"valueName":"search_term_string"}}],"inLanguage":"pt-BR"},{"@type":"Person","@id":"https:\/\/www.gaveanews.com\/#\/schema\/person\/2ec14f73fb96be2caf28f91afb14749d","name":"Equipe G\u00e1vea News","image":{"@type":"ImageObject","inLanguage":"pt-BR","@id":"https:\/\/www.gaveanews.com\/#\/schema\/person\/image\/","url":"https:\/\/secure.gravatar.com\/avatar\/1e1956f1facbffd3f8fa53a326721950116b3b9dc9bd44939c01180fd4a745a9?s=96&d=mm&r=g","contentUrl":"https:\/\/secure.gravatar.com\/avatar\/1e1956f1facbffd3f8fa53a326721950116b3b9dc9bd44939c01180fd4a745a9?s=96&d=mm&r=g","caption":"Equipe G\u00e1vea News"}}]}},"_links":{"self":[{"href":"https:\/\/www.gaveanews.com\/index.php\/wp-json\/wp\/v2\/posts\/117160","targetHints":{"allow":["GET"]}}],"collection":[{"href":"https:\/\/www.gaveanews.com\/index.php\/wp-json\/wp\/v2\/posts"}],"about":[{"href":"https:\/\/www.gaveanews.com\/index.php\/wp-json\/wp\/v2\/types\/post"}],"author":[{"embeddable":true,"href":"https:\/\/www.gaveanews.com\/index.php\/wp-json\/wp\/v2\/users\/1"}],"replies":[{"embeddable":true,"href":"https:\/\/www.gaveanews.com\/index.php\/wp-json\/wp\/v2\/comments?post=117160"}],"version-history":[{"count":0,"href":"https:\/\/www.gaveanews.com\/index.php\/wp-json\/wp\/v2\/posts\/117160\/revisions"}],"wp:featuredmedia":[{"embeddable":true,"href":"https:\/\/www.gaveanews.com\/index.php\/wp-json\/wp\/v2\/media\/31951"}],"wp:attachment":[{"href":"https:\/\/www.gaveanews.com\/index.php\/wp-json\/wp\/v2\/media?parent=117160"}],"wp:term":[{"taxonomy":"category","embeddable":true,"href":"https:\/\/www.gaveanews.com\/index.php\/wp-json\/wp\/v2\/categories?post=117160"},{"taxonomy":"post_tag","embeddable":true,"href":"https:\/\/www.gaveanews.com\/index.php\/wp-json\/wp\/v2\/tags?post=117160"}],"curies":[{"name":"wp","href":"https:\/\/api.w.org\/{rel}","templated":true}]}}