{"id":117163,"date":"2023-12-18T22:16:24","date_gmt":"2023-12-19T01:16:24","guid":{"rendered":"https:\/\/www.gaveanews.com\/?p=117163"},"modified":"2023-12-18T22:16:27","modified_gmt":"2023-12-19T01:16:27","slug":"161-milhoes-flamengo-sera-obrigado-a-vender-meia-para-bater-meta","status":"publish","type":"post","link":"https:\/\/www.gaveanews.com\/index.php\/2023\/12\/18\/161-milhoes-flamengo-sera-obrigado-a-vender-meia-para-bater-meta\/","title":{"rendered":"161 milh\u00f5es: Flamengo ser\u00e1 &#8216;obrigado&#8217; a vender meia para bater meta"},"content":{"rendered":"\n<p>O Flamengo, j\u00e1 de olho em 2024, est\u00e1 com grandes planos para o mercado de transfer\u00eancias. Com a confirma\u00e7\u00e3o de De La Cruz como refor\u00e7o e poss\u00edveis contrata\u00e7\u00f5es adicionais, o clube carioca parece disposto a realizar um investimento significativo, ultrapassando os R$ 200 milh\u00f5es. Este cen\u00e1rio coloca em destaque a situa\u00e7\u00e3o do meio-campista Victor Hugo.<\/p>\n\n\n\n<p>Apesar do talento reconhecido de Victor Hugo, sua venda se torna quase uma necessidade para o Flamengo atingir a meta de vendas estipulada em R$ 107 milh\u00f5es. Com a chegada de De La Cruz e o potencial acordo com Gustavo Scarpa, o espa\u00e7o de Victor Hugo no elenco parece ainda mais reduzido, especialmente considerando o limitado tempo de jogo que teve sob o comando de Tite. A venda do jovem atleta, portanto, aparece n\u00e3o apenas como uma op\u00e7\u00e3o financeira, mas tamb\u00e9m como uma decis\u00e3o estrat\u00e9gica diante do novo cen\u00e1rio do clube.<\/p>\n\n\n\n<p>O interesse de clubes da Premier League em Victor Hugo n\u00e3o \u00e9 novidade, e o Flamengo est\u00e1 aberto a propostas, especialmente agora que a venda do jogador se alinha com suas necessidades financeiras e de reformula\u00e7\u00e3o do elenco. Anteriormente, o Wolverhampton j\u00e1 havia feito uma oferta de 20 milh\u00f5es de euros por Victor Hugo, valor que j\u00e1 supera a meta de vendas do clube.<\/p>\n\n\n<div class=\"wp-block-image\">\n<figure class=\"aligncenter size-full\"><img loading=\"lazy\" decoding=\"async\" width=\"598\" height=\"900\" src=\"https:\/\/www.gaveanews.com\/wp-content\/uploads\/victor-hugo-gol-flamengo-aucas-libertadores-1.webp\" alt=\"\" class=\"wp-image-101476\" srcset=\"https:\/\/www.gaveanews.com\/wp-content\/uploads\/victor-hugo-gol-flamengo-aucas-libertadores-1.webp 598w, https:\/\/www.gaveanews.com\/wp-content\/uploads\/victor-hugo-gol-flamengo-aucas-libertadores-1-199x300.webp 199w, https:\/\/www.gaveanews.com\/wp-content\/uploads\/victor-hugo-gol-flamengo-aucas-libertadores-1-279x420.webp 279w, https:\/\/www.gaveanews.com\/wp-content\/uploads\/victor-hugo-gol-flamengo-aucas-libertadores-1-558x840.webp 558w, https:\/\/www.gaveanews.com\/wp-content\/uploads\/victor-hugo-gol-flamengo-aucas-libertadores-1-100x151.webp 100w\" sizes=\"auto, (max-width: 598px) 100vw, 598px\" \/><figcaption class=\"wp-element-caption\">Victor Hugo comemora gol marcado pelo Flamengo contra o Aucas na Libertadores (Foto: Gilvan de Souza\/Flamengo)<\/figcaption><\/figure>\n<\/div>\n\n\n<p>No entanto, a diretoria do Flamengo acredita no potencial de negociar o jogador por um valor ainda maior, entre 25 e 30 milh\u00f5es de euros, o que representa at\u00e9 R$ 161,5 milh\u00f5es. Al\u00e9m de uma venda lucrativa, o clube pretende manter uma porcentagem nos direitos econ\u00f4micos do jogador, visando lucros futuros em poss\u00edveis transfer\u00eancias.<\/p>\n","protected":false},"excerpt":{"rendered":"<p>O Flamengo, j\u00e1 de olho em 2024, est\u00e1 com grandes planos para o mercado de transfer\u00eancias. Com a confirma\u00e7\u00e3o de De La Cruz como refor\u00e7o e poss\u00edveis contrata\u00e7\u00f5es adicionais, o clube carioca parece disposto a realizar um investimento significativo, ultrapassando os R$ 200 milh\u00f5es. Este cen\u00e1rio coloca em destaque a situa\u00e7\u00e3o do meio-campista Victor Hugo. [&hellip;]<\/p>\n","protected":false},"author":1,"featured_media":75887,"comment_status":"open","ping_status":"closed","sticky":false,"template":"","format":"standard","meta":{"footnotes":""},"categories":[48],"tags":[],"class_list":["post-117163","post","type-post","status-publish","format-standard","has-post-thumbnail","hentry","category-negociacoes"],"yoast_head":"<!-- This site is optimized with the Yoast SEO Premium plugin v24.2 (Yoast SEO v26.9) - https:\/\/yoast.com\/product\/yoast-seo-premium-wordpress\/ -->\n<title>161 milh\u00f5es: Flamengo ser\u00e1 &#039;obrigado&#039; a vender meia para bater meta<\/title>\n<meta name=\"robots\" content=\"index, follow, max-snippet:-1, max-image-preview:large, max-video-preview:-1\" \/>\n<link rel=\"canonical\" href=\"https:\/\/www.gaveanews.com\/index.php\/2023\/12\/18\/161-milhoes-flamengo-sera-obrigado-a-vender-meia-para-bater-meta\/\" \/>\n<meta property=\"og:locale\" content=\"pt_BR\" \/>\n<meta property=\"og:type\" content=\"article\" \/>\n<meta property=\"og:title\" content=\"161 milh\u00f5es: Flamengo ser\u00e1 &#039;obrigado&#039; a vender meia para bater meta\" \/>\n<meta property=\"og:description\" content=\"O Flamengo, j\u00e1 de olho em 2024, est\u00e1 com grandes planos para o mercado de transfer\u00eancias. Com a confirma\u00e7\u00e3o de De La Cruz como refor\u00e7o e poss\u00edveis contrata\u00e7\u00f5es adicionais, o clube carioca parece disposto a realizar um investimento significativo, ultrapassando os R$ 200 milh\u00f5es. Este cen\u00e1rio coloca em destaque a situa\u00e7\u00e3o do meio-campista Victor Hugo. [&hellip;]\" \/>\n<meta property=\"og:url\" content=\"https:\/\/www.gaveanews.com\/index.php\/2023\/12\/18\/161-milhoes-flamengo-sera-obrigado-a-vender-meia-para-bater-meta\/\" \/>\n<meta property=\"og:site_name\" content=\"G\u00e1vea News\" \/>\n<meta property=\"article:publisher\" content=\"https:\/\/facebook.com\/gaveaNews\/\" \/>\n<meta property=\"article:published_time\" content=\"2023-12-19T01:16:24+00:00\" \/>\n<meta property=\"article:modified_time\" content=\"2023-12-19T01:16:27+00:00\" \/>\n<meta property=\"og:image\" content=\"https:\/\/www.gaveanews.com\/wp-content\/uploads\/Marcos-Braz-em-entrevista-no-CT-do-Flamengo.webp\" \/>\n\t<meta property=\"og:image:width\" content=\"799\" \/>\n\t<meta property=\"og:image:height\" content=\"533\" \/>\n\t<meta property=\"og:image:type\" content=\"image\/jpeg\" \/>\n<meta name=\"author\" content=\"Equipe G\u00e1vea News\" \/>\n<meta name=\"twitter:card\" content=\"summary_large_image\" \/>\n<meta name=\"twitter:label1\" content=\"Escrito por\" \/>\n\t<meta name=\"twitter:data1\" content=\"Equipe G\u00e1vea News\" \/>\n\t<meta name=\"twitter:label2\" content=\"Est. tempo de leitura\" \/>\n\t<meta name=\"twitter:data2\" content=\"2 minutos\" \/>\n<script type=\"application\/ld+json\" class=\"yoast-schema-graph\">{\"@context\":\"https:\/\/schema.org\",\"@graph\":[{\"@type\":\"NewsArticle\",\"@id\":\"https:\/\/www.gaveanews.com\/index.php\/2023\/12\/18\/161-milhoes-flamengo-sera-obrigado-a-vender-meia-para-bater-meta\/#article\",\"isPartOf\":{\"@id\":\"https:\/\/www.gaveanews.com\/index.php\/2023\/12\/18\/161-milhoes-flamengo-sera-obrigado-a-vender-meia-para-bater-meta\/\"},\"author\":{\"name\":\"Equipe G\u00e1vea News\",\"@id\":\"https:\/\/www.gaveanews.com\/#\/schema\/person\/2ec14f73fb96be2caf28f91afb14749d\"},\"headline\":\"161 milh\u00f5es: Flamengo ser\u00e1 &#8216;obrigado&#8217; a vender meia para bater meta\",\"datePublished\":\"2023-12-19T01:16:24+00:00\",\"dateModified\":\"2023-12-19T01:16:27+00:00\",\"mainEntityOfPage\":{\"@id\":\"https:\/\/www.gaveanews.com\/index.php\/2023\/12\/18\/161-milhoes-flamengo-sera-obrigado-a-vender-meia-para-bater-meta\/\"},\"wordCount\":309,\"commentCount\":0,\"image\":{\"@id\":\"https:\/\/www.gaveanews.com\/index.php\/2023\/12\/18\/161-milhoes-flamengo-sera-obrigado-a-vender-meia-para-bater-meta\/#primaryimage\"},\"thumbnailUrl\":\"https:\/\/www.gaveanews.com\/wp-content\/uploads\/Marcos-Braz-em-entrevista-no-CT-do-Flamengo.webp\",\"articleSection\":[\"Negocia\u00e7\u00f5es\"],\"inLanguage\":\"pt-BR\",\"potentialAction\":[{\"@type\":\"CommentAction\",\"name\":\"Comment\",\"target\":[\"https:\/\/www.gaveanews.com\/index.php\/2023\/12\/18\/161-milhoes-flamengo-sera-obrigado-a-vender-meia-para-bater-meta\/#respond\"]}],\"copyrightYear\":\"2023\",\"copyrightHolder\":{\"@id\":\"https:\/\/www.gaveanews.com\/#organization\"}},{\"@type\":\"WebPage\",\"@id\":\"https:\/\/www.gaveanews.com\/index.php\/2023\/12\/18\/161-milhoes-flamengo-sera-obrigado-a-vender-meia-para-bater-meta\/\",\"url\":\"https:\/\/www.gaveanews.com\/index.php\/2023\/12\/18\/161-milhoes-flamengo-sera-obrigado-a-vender-meia-para-bater-meta\/\",\"name\":\"161 milh\u00f5es: Flamengo ser\u00e1 'obrigado' a vender meia para bater meta\",\"isPartOf\":{\"@id\":\"https:\/\/www.gaveanews.com\/#website\"},\"primaryImageOfPage\":{\"@id\":\"https:\/\/www.gaveanews.com\/index.php\/2023\/12\/18\/161-milhoes-flamengo-sera-obrigado-a-vender-meia-para-bater-meta\/#primaryimage\"},\"image\":{\"@id\":\"https:\/\/www.gaveanews.com\/index.php\/2023\/12\/18\/161-milhoes-flamengo-sera-obrigado-a-vender-meia-para-bater-meta\/#primaryimage\"},\"thumbnailUrl\":\"https:\/\/www.gaveanews.com\/wp-content\/uploads\/Marcos-Braz-em-entrevista-no-CT-do-Flamengo.webp\",\"datePublished\":\"2023-12-19T01:16:24+00:00\",\"dateModified\":\"2023-12-19T01:16:27+00:00\",\"author\":{\"@id\":\"https:\/\/www.gaveanews.com\/#\/schema\/person\/2ec14f73fb96be2caf28f91afb14749d\"},\"breadcrumb\":{\"@id\":\"https:\/\/www.gaveanews.com\/index.php\/2023\/12\/18\/161-milhoes-flamengo-sera-obrigado-a-vender-meia-para-bater-meta\/#breadcrumb\"},\"inLanguage\":\"pt-BR\",\"potentialAction\":[{\"@type\":\"ReadAction\",\"target\":[\"https:\/\/www.gaveanews.com\/index.php\/2023\/12\/18\/161-milhoes-flamengo-sera-obrigado-a-vender-meia-para-bater-meta\/\"]}]},{\"@type\":\"ImageObject\",\"inLanguage\":\"pt-BR\",\"@id\":\"https:\/\/www.gaveanews.com\/index.php\/2023\/12\/18\/161-milhoes-flamengo-sera-obrigado-a-vender-meia-para-bater-meta\/#primaryimage\",\"url\":\"https:\/\/www.gaveanews.com\/wp-content\/uploads\/Marcos-Braz-em-entrevista-no-CT-do-Flamengo.webp\",\"contentUrl\":\"https:\/\/www.gaveanews.com\/wp-content\/uploads\/Marcos-Braz-em-entrevista-no-CT-do-Flamengo.webp\",\"width\":799,\"height\":533,\"caption\":\"Marcos Braz em entrevista no CT do Flamengo (Foto: Gilvan de Souza\/Flamengo)\"},{\"@type\":\"BreadcrumbList\",\"@id\":\"https:\/\/www.gaveanews.com\/index.php\/2023\/12\/18\/161-milhoes-flamengo-sera-obrigado-a-vender-meia-para-bater-meta\/#breadcrumb\",\"itemListElement\":[{\"@type\":\"ListItem\",\"position\":1,\"name\":\"Home\",\"item\":\"https:\/\/www.gaveanews.com\/\"},{\"@type\":\"ListItem\",\"position\":2,\"name\":\"161 milh\u00f5es: Flamengo ser\u00e1 &#8216;obrigado&#8217; a vender meia para bater meta\"}]},{\"@type\":\"WebSite\",\"@id\":\"https:\/\/www.gaveanews.com\/#website\",\"url\":\"https:\/\/www.gaveanews.com\/\",\"name\":\"G\u00e1vea News\",\"description\":\"Veja todas as not\u00edcias sobre o Flamengo: Contrata\u00e7\u00f5es, categorias de base, resultados das partidas, tabela de classifica\u00e7\u00e3o, pr\u00f3ximos jogos!\",\"potentialAction\":[{\"@type\":\"SearchAction\",\"target\":{\"@type\":\"EntryPoint\",\"urlTemplate\":\"https:\/\/www.gaveanews.com\/?s={search_term_string}\"},\"query-input\":{\"@type\":\"PropertyValueSpecification\",\"valueRequired\":true,\"valueName\":\"search_term_string\"}}],\"inLanguage\":\"pt-BR\"},{\"@type\":\"Person\",\"@id\":\"https:\/\/www.gaveanews.com\/#\/schema\/person\/2ec14f73fb96be2caf28f91afb14749d\",\"name\":\"Equipe G\u00e1vea News\",\"image\":{\"@type\":\"ImageObject\",\"inLanguage\":\"pt-BR\",\"@id\":\"https:\/\/www.gaveanews.com\/#\/schema\/person\/image\/\",\"url\":\"https:\/\/secure.gravatar.com\/avatar\/1e1956f1facbffd3f8fa53a326721950116b3b9dc9bd44939c01180fd4a745a9?s=96&d=mm&r=g\",\"contentUrl\":\"https:\/\/secure.gravatar.com\/avatar\/1e1956f1facbffd3f8fa53a326721950116b3b9dc9bd44939c01180fd4a745a9?s=96&d=mm&r=g\",\"caption\":\"Equipe G\u00e1vea News\"}}]}<\/script>\n<!-- \/ Yoast SEO Premium plugin. -->","yoast_head_json":{"title":"161 milh\u00f5es: Flamengo ser\u00e1 'obrigado' a vender meia para bater meta","robots":{"index":"index","follow":"follow","max-snippet":"max-snippet:-1","max-image-preview":"max-image-preview:large","max-video-preview":"max-video-preview:-1"},"canonical":"https:\/\/www.gaveanews.com\/index.php\/2023\/12\/18\/161-milhoes-flamengo-sera-obrigado-a-vender-meia-para-bater-meta\/","og_locale":"pt_BR","og_type":"article","og_title":"161 milh\u00f5es: Flamengo ser\u00e1 'obrigado' a vender meia para bater meta","og_description":"O Flamengo, j\u00e1 de olho em 2024, est\u00e1 com grandes planos para o mercado de transfer\u00eancias. Com a confirma\u00e7\u00e3o de De La Cruz como refor\u00e7o e poss\u00edveis contrata\u00e7\u00f5es adicionais, o clube carioca parece disposto a realizar um investimento significativo, ultrapassando os R$ 200 milh\u00f5es. Este cen\u00e1rio coloca em destaque a situa\u00e7\u00e3o do meio-campista Victor Hugo. [&hellip;]","og_url":"https:\/\/www.gaveanews.com\/index.php\/2023\/12\/18\/161-milhoes-flamengo-sera-obrigado-a-vender-meia-para-bater-meta\/","og_site_name":"G\u00e1vea News","article_publisher":"https:\/\/facebook.com\/gaveaNews\/","article_published_time":"2023-12-19T01:16:24+00:00","article_modified_time":"2023-12-19T01:16:27+00:00","og_image":[{"width":799,"height":533,"url":"https:\/\/www.gaveanews.com\/wp-content\/uploads\/Marcos-Braz-em-entrevista-no-CT-do-Flamengo.webp","type":"image\/jpeg"}],"author":"Equipe G\u00e1vea News","twitter_card":"summary_large_image","twitter_misc":{"Escrito por":"Equipe G\u00e1vea News","Est. tempo de leitura":"2 minutos"},"schema":{"@context":"https:\/\/schema.org","@graph":[{"@type":"NewsArticle","@id":"https:\/\/www.gaveanews.com\/index.php\/2023\/12\/18\/161-milhoes-flamengo-sera-obrigado-a-vender-meia-para-bater-meta\/#article","isPartOf":{"@id":"https:\/\/www.gaveanews.com\/index.php\/2023\/12\/18\/161-milhoes-flamengo-sera-obrigado-a-vender-meia-para-bater-meta\/"},"author":{"name":"Equipe G\u00e1vea News","@id":"https:\/\/www.gaveanews.com\/#\/schema\/person\/2ec14f73fb96be2caf28f91afb14749d"},"headline":"161 milh\u00f5es: Flamengo ser\u00e1 &#8216;obrigado&#8217; a vender meia para bater meta","datePublished":"2023-12-19T01:16:24+00:00","dateModified":"2023-12-19T01:16:27+00:00","mainEntityOfPage":{"@id":"https:\/\/www.gaveanews.com\/index.php\/2023\/12\/18\/161-milhoes-flamengo-sera-obrigado-a-vender-meia-para-bater-meta\/"},"wordCount":309,"commentCount":0,"image":{"@id":"https:\/\/www.gaveanews.com\/index.php\/2023\/12\/18\/161-milhoes-flamengo-sera-obrigado-a-vender-meia-para-bater-meta\/#primaryimage"},"thumbnailUrl":"https:\/\/www.gaveanews.com\/wp-content\/uploads\/Marcos-Braz-em-entrevista-no-CT-do-Flamengo.webp","articleSection":["Negocia\u00e7\u00f5es"],"inLanguage":"pt-BR","potentialAction":[{"@type":"CommentAction","name":"Comment","target":["https:\/\/www.gaveanews.com\/index.php\/2023\/12\/18\/161-milhoes-flamengo-sera-obrigado-a-vender-meia-para-bater-meta\/#respond"]}],"copyrightYear":"2023","copyrightHolder":{"@id":"https:\/\/www.gaveanews.com\/#organization"}},{"@type":"WebPage","@id":"https:\/\/www.gaveanews.com\/index.php\/2023\/12\/18\/161-milhoes-flamengo-sera-obrigado-a-vender-meia-para-bater-meta\/","url":"https:\/\/www.gaveanews.com\/index.php\/2023\/12\/18\/161-milhoes-flamengo-sera-obrigado-a-vender-meia-para-bater-meta\/","name":"161 milh\u00f5es: Flamengo ser\u00e1 'obrigado' a vender meia para bater meta","isPartOf":{"@id":"https:\/\/www.gaveanews.com\/#website"},"primaryImageOfPage":{"@id":"https:\/\/www.gaveanews.com\/index.php\/2023\/12\/18\/161-milhoes-flamengo-sera-obrigado-a-vender-meia-para-bater-meta\/#primaryimage"},"image":{"@id":"https:\/\/www.gaveanews.com\/index.php\/2023\/12\/18\/161-milhoes-flamengo-sera-obrigado-a-vender-meia-para-bater-meta\/#primaryimage"},"thumbnailUrl":"https:\/\/www.gaveanews.com\/wp-content\/uploads\/Marcos-Braz-em-entrevista-no-CT-do-Flamengo.webp","datePublished":"2023-12-19T01:16:24+00:00","dateModified":"2023-12-19T01:16:27+00:00","author":{"@id":"https:\/\/www.gaveanews.com\/#\/schema\/person\/2ec14f73fb96be2caf28f91afb14749d"},"breadcrumb":{"@id":"https:\/\/www.gaveanews.com\/index.php\/2023\/12\/18\/161-milhoes-flamengo-sera-obrigado-a-vender-meia-para-bater-meta\/#breadcrumb"},"inLanguage":"pt-BR","potentialAction":[{"@type":"ReadAction","target":["https:\/\/www.gaveanews.com\/index.php\/2023\/12\/18\/161-milhoes-flamengo-sera-obrigado-a-vender-meia-para-bater-meta\/"]}]},{"@type":"ImageObject","inLanguage":"pt-BR","@id":"https:\/\/www.gaveanews.com\/index.php\/2023\/12\/18\/161-milhoes-flamengo-sera-obrigado-a-vender-meia-para-bater-meta\/#primaryimage","url":"https:\/\/www.gaveanews.com\/wp-content\/uploads\/Marcos-Braz-em-entrevista-no-CT-do-Flamengo.webp","contentUrl":"https:\/\/www.gaveanews.com\/wp-content\/uploads\/Marcos-Braz-em-entrevista-no-CT-do-Flamengo.webp","width":799,"height":533,"caption":"Marcos Braz em entrevista no CT do Flamengo (Foto: Gilvan de Souza\/Flamengo)"},{"@type":"BreadcrumbList","@id":"https:\/\/www.gaveanews.com\/index.php\/2023\/12\/18\/161-milhoes-flamengo-sera-obrigado-a-vender-meia-para-bater-meta\/#breadcrumb","itemListElement":[{"@type":"ListItem","position":1,"name":"Home","item":"https:\/\/www.gaveanews.com\/"},{"@type":"ListItem","position":2,"name":"161 milh\u00f5es: Flamengo ser\u00e1 &#8216;obrigado&#8217; a vender meia para bater meta"}]},{"@type":"WebSite","@id":"https:\/\/www.gaveanews.com\/#website","url":"https:\/\/www.gaveanews.com\/","name":"G\u00e1vea News","description":"Veja todas as not\u00edcias sobre o Flamengo: Contrata\u00e7\u00f5es, categorias de base, resultados das partidas, tabela de classifica\u00e7\u00e3o, pr\u00f3ximos jogos!","potentialAction":[{"@type":"SearchAction","target":{"@type":"EntryPoint","urlTemplate":"https:\/\/www.gaveanews.com\/?s={search_term_string}"},"query-input":{"@type":"PropertyValueSpecification","valueRequired":true,"valueName":"search_term_string"}}],"inLanguage":"pt-BR"},{"@type":"Person","@id":"https:\/\/www.gaveanews.com\/#\/schema\/person\/2ec14f73fb96be2caf28f91afb14749d","name":"Equipe G\u00e1vea News","image":{"@type":"ImageObject","inLanguage":"pt-BR","@id":"https:\/\/www.gaveanews.com\/#\/schema\/person\/image\/","url":"https:\/\/secure.gravatar.com\/avatar\/1e1956f1facbffd3f8fa53a326721950116b3b9dc9bd44939c01180fd4a745a9?s=96&d=mm&r=g","contentUrl":"https:\/\/secure.gravatar.com\/avatar\/1e1956f1facbffd3f8fa53a326721950116b3b9dc9bd44939c01180fd4a745a9?s=96&d=mm&r=g","caption":"Equipe G\u00e1vea News"}}]}},"_links":{"self":[{"href":"https:\/\/www.gaveanews.com\/index.php\/wp-json\/wp\/v2\/posts\/117163","targetHints":{"allow":["GET"]}}],"collection":[{"href":"https:\/\/www.gaveanews.com\/index.php\/wp-json\/wp\/v2\/posts"}],"about":[{"href":"https:\/\/www.gaveanews.com\/index.php\/wp-json\/wp\/v2\/types\/post"}],"author":[{"embeddable":true,"href":"https:\/\/www.gaveanews.com\/index.php\/wp-json\/wp\/v2\/users\/1"}],"replies":[{"embeddable":true,"href":"https:\/\/www.gaveanews.com\/index.php\/wp-json\/wp\/v2\/comments?post=117163"}],"version-history":[{"count":0,"href":"https:\/\/www.gaveanews.com\/index.php\/wp-json\/wp\/v2\/posts\/117163\/revisions"}],"wp:featuredmedia":[{"embeddable":true,"href":"https:\/\/www.gaveanews.com\/index.php\/wp-json\/wp\/v2\/media\/75887"}],"wp:attachment":[{"href":"https:\/\/www.gaveanews.com\/index.php\/wp-json\/wp\/v2\/media?parent=117163"}],"wp:term":[{"taxonomy":"category","embeddable":true,"href":"https:\/\/www.gaveanews.com\/index.php\/wp-json\/wp\/v2\/categories?post=117163"},{"taxonomy":"post_tag","embeddable":true,"href":"https:\/\/www.gaveanews.com\/index.php\/wp-json\/wp\/v2\/tags?post=117163"}],"curies":[{"name":"wp","href":"https:\/\/api.w.org\/{rel}","templated":true}]}}