{"id":117256,"date":"2023-12-19T11:08:05","date_gmt":"2023-12-19T14:08:05","guid":{"rendered":"https:\/\/www.gaveanews.com\/?p=117256"},"modified":"2023-12-19T11:08:07","modified_gmt":"2023-12-19T14:08:07","slug":"libertadores-conmebol-define-potes-do-sorteio-da-fase-de-grupos","status":"publish","type":"post","link":"https:\/\/www.gaveanews.com\/index.php\/2023\/12\/19\/libertadores-conmebol-define-potes-do-sorteio-da-fase-de-grupos\/","title":{"rendered":"Libertadores: Conmebol define potes do sorteio da fase de grupos"},"content":{"rendered":"\n<p>Por: Let\u00edcia Gerheim<br><br>A Conmebol iniciou a semana definindo seu ranking e clubes, o que consequentemente tamb\u00e9m determinou os potes de sorteio da fase de grupos da Libertadores.<\/p>\n\n\n\n<p>O Flamengo novamente ser\u00e1 cabe\u00e7a de chave, assim como outros quatro brasileiros (Fluminense, Palmeiras, S\u00e3o Paulo e Gr\u00eamio). O \u00faltimo time nacional classificado, o Atl\u00e9tico-MG, ficar\u00e1 no segundo pote.<\/p>\n\n\n\n<p>Vale destacar ainda que o Brasil pode ter outros dois representantes na competi\u00e7\u00e3o. Isso porque Botafogo e Bragantino disputar\u00e3o a pr\u00e9-Libertadores e poder\u00e3o entrar no quarto pote.<\/p>\n\n\n\n<p>Apesar de estar no segundo pote, o Atl\u00e9tico-MG n\u00e3o poder\u00e1 se alocado em nenhum grupo que tiver outro brasileiro. Em contrapartida, Botafogo e Bragantino poder\u00e3o enfrentar times do Brasil pois vir\u00e3o da fase preliminar da competi\u00e7\u00e3o. Isto \u00e9, se conseguirem chegar na fase de grupos.<\/p>\n\n\n\n<h3 class=\"wp-block-heading\" id=\"h-pote-1\">Pote 1:<\/h3>\n\n\n\n<ul class=\"wp-block-list\">\n<li>Fluminense<\/li>\n\n\n\n<li>Palmeiras<\/li>\n\n\n\n<li>River Plate (ARG)<\/li>\n\n\n\n<li>Flamengo<\/li>\n\n\n\n<li>Gr\u00eamio<\/li>\n\n\n\n<li>Pe\u00f1arol (URU)<\/li>\n\n\n\n<li>S\u00e3o Paulo<\/li>\n\n\n\n<li>LDU (EQU)<\/li>\n<\/ul>\n\n\n\n<h3 class=\"wp-block-heading\" id=\"h-pote-2\">Pote 2:<\/h3>\n\n\n\n<ul class=\"wp-block-list\">\n<li>Atl\u00e9tico-MG<\/li>\n\n\n\n<li>Independiente del Valle (EQU)<\/li>\n\n\n\n<li>Libertad (PAR)<\/li>\n\n\n\n<li>Cerro Porte\u00f1o (PAR)<\/li>\n\n\n\n<li>Estudiantes (ARG)<\/li>\n\n\n\n<li>Barcelona de Guayaquil (EQU)<\/li>\n\n\n\n<li>Bol\u00edvar (BOL)<\/li>\n\n\n\n<li>Junior Barranquilla (COL)<\/li>\n<\/ul>\n\n\n\n<h3 class=\"wp-block-heading\" id=\"h-pote-3\">Pote 3:<\/h3>\n\n\n\n<ul class=\"wp-block-list\">\n<li>San Lorenzo (ARG)<\/li>\n\n\n\n<li>The Strongest (BOL)<\/li>\n\n\n\n<li>Universitario (PER)<\/li>\n\n\n\n<li>Deportivo T\u00e1chira (VEN)<\/li>\n\n\n\n<li>Rosario Central (ARG)<\/li>\n\n\n\n<li>Alianza Lima (PER)<\/li>\n\n\n\n<li>Millonarios (COL)<\/li>\n\n\n\n<li>Talleres (ARG)<\/li>\n<\/ul>\n\n\n\n<h3 class=\"wp-block-heading\" id=\"h-pote-4\">Pote 4:<\/h3>\n\n\n\n<ul class=\"wp-block-list\">\n<li>Caracas (VEN)<\/li>\n\n\n\n<li>Liverpool (URU)<\/li>\n\n\n\n<li>Huachipato (CHI)<\/li>\n\n\n\n<li>Cobresal (CHI)<\/li>\n\n\n\n<li>Classificado da pr\u00e9-Libertadores<\/li>\n\n\n\n<li>Classificado da pr\u00e9-Libertadores<\/li>\n\n\n\n<li>Classificado da pr\u00e9-Libertadores<\/li>\n\n\n\n<li>Classificado da pr\u00e9-Libertadores<\/li>\n<\/ul>\n\n\n\n<p>O sorteio da fase de grupos da Libertadores est\u00e1 estimado para ser realizado em mar\u00e7o do ano que vem.<\/p>\n","protected":false},"excerpt":{"rendered":"<p>Por: Let\u00edcia Gerheim A Conmebol iniciou a semana definindo seu ranking e clubes, o que consequentemente tamb\u00e9m determinou os potes de sorteio da fase de grupos da Libertadores. O Flamengo novamente ser\u00e1 cabe\u00e7a de chave, assim como outros quatro brasileiros (Fluminense, Palmeiras, S\u00e3o Paulo e Gr\u00eamio). O \u00faltimo time nacional classificado, o Atl\u00e9tico-MG, ficar\u00e1 no [&hellip;]<\/p>\n","protected":false},"author":4,"featured_media":68615,"comment_status":"open","ping_status":"closed","sticky":false,"template":"","format":"standard","meta":{"footnotes":""},"categories":[47],"tags":[],"class_list":["post-117256","post","type-post","status-publish","format-standard","has-post-thumbnail","hentry","category-destaques"],"yoast_head":"<!-- This site is optimized with the Yoast SEO Premium plugin v24.2 (Yoast SEO v26.9) - https:\/\/yoast.com\/product\/yoast-seo-premium-wordpress\/ -->\n<title>Libertadores: Conmebol define potes do sorteio da fase de grupos<\/title>\n<meta name=\"robots\" content=\"index, follow, max-snippet:-1, max-image-preview:large, max-video-preview:-1\" \/>\n<link rel=\"canonical\" href=\"https:\/\/www.gaveanews.com\/index.php\/2023\/12\/19\/libertadores-conmebol-define-potes-do-sorteio-da-fase-de-grupos\/\" \/>\n<meta property=\"og:locale\" content=\"pt_BR\" \/>\n<meta property=\"og:type\" content=\"article\" \/>\n<meta property=\"og:title\" content=\"Libertadores: Conmebol define potes do sorteio da fase de grupos\" \/>\n<meta property=\"og:description\" content=\"Por: Let\u00edcia Gerheim A Conmebol iniciou a semana definindo seu ranking e clubes, o que consequentemente tamb\u00e9m determinou os potes de sorteio da fase de grupos da Libertadores. O Flamengo novamente ser\u00e1 cabe\u00e7a de chave, assim como outros quatro brasileiros (Fluminense, Palmeiras, S\u00e3o Paulo e Gr\u00eamio). O \u00faltimo time nacional classificado, o Atl\u00e9tico-MG, ficar\u00e1 no [&hellip;]\" \/>\n<meta property=\"og:url\" content=\"https:\/\/www.gaveanews.com\/index.php\/2023\/12\/19\/libertadores-conmebol-define-potes-do-sorteio-da-fase-de-grupos\/\" \/>\n<meta property=\"og:site_name\" content=\"G\u00e1vea News\" \/>\n<meta property=\"article:publisher\" content=\"https:\/\/facebook.com\/gaveaNews\/\" \/>\n<meta property=\"article:published_time\" content=\"2023-12-19T14:08:05+00:00\" \/>\n<meta property=\"article:modified_time\" content=\"2023-12-19T14:08:07+00:00\" \/>\n<meta property=\"og:image\" content=\"https:\/\/www.gaveanews.com\/wp-content\/uploads\/Taca-da-Libertadores-e-bandeira-do-Flamengo-no-estadio-do-Maracana.webp\" \/>\n\t<meta property=\"og:image:width\" content=\"900\" \/>\n\t<meta property=\"og:image:height\" content=\"1200\" \/>\n\t<meta property=\"og:image:type\" content=\"image\/jpeg\" \/>\n<meta name=\"author\" content=\"Let\u00edcia Gerheim\" \/>\n<meta name=\"twitter:card\" content=\"summary_large_image\" \/>\n<meta name=\"twitter:label1\" content=\"Escrito por\" \/>\n\t<meta name=\"twitter:data1\" content=\"Let\u00edcia Gerheim\" \/>\n\t<meta name=\"twitter:label2\" content=\"Est. tempo de leitura\" \/>\n\t<meta name=\"twitter:data2\" content=\"2 minutos\" \/>\n<script type=\"application\/ld+json\" class=\"yoast-schema-graph\">{\"@context\":\"https:\/\/schema.org\",\"@graph\":[{\"@type\":\"NewsArticle\",\"@id\":\"https:\/\/www.gaveanews.com\/index.php\/2023\/12\/19\/libertadores-conmebol-define-potes-do-sorteio-da-fase-de-grupos\/#article\",\"isPartOf\":{\"@id\":\"https:\/\/www.gaveanews.com\/index.php\/2023\/12\/19\/libertadores-conmebol-define-potes-do-sorteio-da-fase-de-grupos\/\"},\"author\":{\"name\":\"Let\u00edcia Gerheim\",\"@id\":\"https:\/\/www.gaveanews.com\/#\/schema\/person\/714c67050b836198af2450ba1c142a67\"},\"headline\":\"Libertadores: Conmebol define potes do sorteio da fase de grupos\",\"datePublished\":\"2023-12-19T14:08:05+00:00\",\"dateModified\":\"2023-12-19T14:08:07+00:00\",\"mainEntityOfPage\":{\"@id\":\"https:\/\/www.gaveanews.com\/index.php\/2023\/12\/19\/libertadores-conmebol-define-potes-do-sorteio-da-fase-de-grupos\/\"},\"wordCount\":263,\"commentCount\":0,\"image\":{\"@id\":\"https:\/\/www.gaveanews.com\/index.php\/2023\/12\/19\/libertadores-conmebol-define-potes-do-sorteio-da-fase-de-grupos\/#primaryimage\"},\"thumbnailUrl\":\"https:\/\/www.gaveanews.com\/wp-content\/uploads\/Taca-da-Libertadores-e-bandeira-do-Flamengo-no-estadio-do-Maracana.webp\",\"articleSection\":[\"Destaques\"],\"inLanguage\":\"pt-BR\",\"potentialAction\":[{\"@type\":\"CommentAction\",\"name\":\"Comment\",\"target\":[\"https:\/\/www.gaveanews.com\/index.php\/2023\/12\/19\/libertadores-conmebol-define-potes-do-sorteio-da-fase-de-grupos\/#respond\"]}],\"copyrightYear\":\"2023\",\"copyrightHolder\":{\"@id\":\"https:\/\/www.gaveanews.com\/#organization\"}},{\"@type\":\"WebPage\",\"@id\":\"https:\/\/www.gaveanews.com\/index.php\/2023\/12\/19\/libertadores-conmebol-define-potes-do-sorteio-da-fase-de-grupos\/\",\"url\":\"https:\/\/www.gaveanews.com\/index.php\/2023\/12\/19\/libertadores-conmebol-define-potes-do-sorteio-da-fase-de-grupos\/\",\"name\":\"Libertadores: Conmebol define potes do sorteio da fase de grupos\",\"isPartOf\":{\"@id\":\"https:\/\/www.gaveanews.com\/#website\"},\"primaryImageOfPage\":{\"@id\":\"https:\/\/www.gaveanews.com\/index.php\/2023\/12\/19\/libertadores-conmebol-define-potes-do-sorteio-da-fase-de-grupos\/#primaryimage\"},\"image\":{\"@id\":\"https:\/\/www.gaveanews.com\/index.php\/2023\/12\/19\/libertadores-conmebol-define-potes-do-sorteio-da-fase-de-grupos\/#primaryimage\"},\"thumbnailUrl\":\"https:\/\/www.gaveanews.com\/wp-content\/uploads\/Taca-da-Libertadores-e-bandeira-do-Flamengo-no-estadio-do-Maracana.webp\",\"datePublished\":\"2023-12-19T14:08:05+00:00\",\"dateModified\":\"2023-12-19T14:08:07+00:00\",\"author\":{\"@id\":\"https:\/\/www.gaveanews.com\/#\/schema\/person\/714c67050b836198af2450ba1c142a67\"},\"breadcrumb\":{\"@id\":\"https:\/\/www.gaveanews.com\/index.php\/2023\/12\/19\/libertadores-conmebol-define-potes-do-sorteio-da-fase-de-grupos\/#breadcrumb\"},\"inLanguage\":\"pt-BR\",\"potentialAction\":[{\"@type\":\"ReadAction\",\"target\":[\"https:\/\/www.gaveanews.com\/index.php\/2023\/12\/19\/libertadores-conmebol-define-potes-do-sorteio-da-fase-de-grupos\/\"]}]},{\"@type\":\"ImageObject\",\"inLanguage\":\"pt-BR\",\"@id\":\"https:\/\/www.gaveanews.com\/index.php\/2023\/12\/19\/libertadores-conmebol-define-potes-do-sorteio-da-fase-de-grupos\/#primaryimage\",\"url\":\"https:\/\/www.gaveanews.com\/wp-content\/uploads\/Taca-da-Libertadores-e-bandeira-do-Flamengo-no-estadio-do-Maracana.webp\",\"contentUrl\":\"https:\/\/www.gaveanews.com\/wp-content\/uploads\/Taca-da-Libertadores-e-bandeira-do-Flamengo-no-estadio-do-Maracana.webp\",\"width\":900,\"height\":1200,\"caption\":\"Ta\u00e7a da Libertadores e bandeira do Flamengo no est\u00e1dio do Maracan\u00e3 (Foto: Reprodu\u00e7\u00e3o\/ Rodrigo Dunshee de Abranches\/Twitter)\"},{\"@type\":\"BreadcrumbList\",\"@id\":\"https:\/\/www.gaveanews.com\/index.php\/2023\/12\/19\/libertadores-conmebol-define-potes-do-sorteio-da-fase-de-grupos\/#breadcrumb\",\"itemListElement\":[{\"@type\":\"ListItem\",\"position\":1,\"name\":\"Home\",\"item\":\"https:\/\/www.gaveanews.com\/\"},{\"@type\":\"ListItem\",\"position\":2,\"name\":\"Libertadores: Conmebol define potes do sorteio da fase de grupos\"}]},{\"@type\":\"WebSite\",\"@id\":\"https:\/\/www.gaveanews.com\/#website\",\"url\":\"https:\/\/www.gaveanews.com\/\",\"name\":\"G\u00e1vea News\",\"description\":\"Veja todas as not\u00edcias sobre o Flamengo: Contrata\u00e7\u00f5es, categorias de base, resultados das partidas, tabela de classifica\u00e7\u00e3o, pr\u00f3ximos jogos!\",\"potentialAction\":[{\"@type\":\"SearchAction\",\"target\":{\"@type\":\"EntryPoint\",\"urlTemplate\":\"https:\/\/www.gaveanews.com\/?s={search_term_string}\"},\"query-input\":{\"@type\":\"PropertyValueSpecification\",\"valueRequired\":true,\"valueName\":\"search_term_string\"}}],\"inLanguage\":\"pt-BR\"},{\"@type\":\"Person\",\"@id\":\"https:\/\/www.gaveanews.com\/#\/schema\/person\/714c67050b836198af2450ba1c142a67\",\"name\":\"Let\u00edcia Gerheim\",\"image\":{\"@type\":\"ImageObject\",\"inLanguage\":\"pt-BR\",\"@id\":\"https:\/\/www.gaveanews.com\/#\/schema\/person\/image\/\",\"url\":\"https:\/\/secure.gravatar.com\/avatar\/60734739c50fcebfbac509e2a826ccd0ff405c019bc73aab9354f19ecad1dcb4?s=96&d=mm&r=g\",\"contentUrl\":\"https:\/\/secure.gravatar.com\/avatar\/60734739c50fcebfbac509e2a826ccd0ff405c019bc73aab9354f19ecad1dcb4?s=96&d=mm&r=g\",\"caption\":\"Let\u00edcia Gerheim\"}}]}<\/script>\n<!-- \/ Yoast SEO Premium plugin. -->","yoast_head_json":{"title":"Libertadores: Conmebol define potes do sorteio da fase de grupos","robots":{"index":"index","follow":"follow","max-snippet":"max-snippet:-1","max-image-preview":"max-image-preview:large","max-video-preview":"max-video-preview:-1"},"canonical":"https:\/\/www.gaveanews.com\/index.php\/2023\/12\/19\/libertadores-conmebol-define-potes-do-sorteio-da-fase-de-grupos\/","og_locale":"pt_BR","og_type":"article","og_title":"Libertadores: Conmebol define potes do sorteio da fase de grupos","og_description":"Por: Let\u00edcia Gerheim A Conmebol iniciou a semana definindo seu ranking e clubes, o que consequentemente tamb\u00e9m determinou os potes de sorteio da fase de grupos da Libertadores. O Flamengo novamente ser\u00e1 cabe\u00e7a de chave, assim como outros quatro brasileiros (Fluminense, Palmeiras, S\u00e3o Paulo e Gr\u00eamio). O \u00faltimo time nacional classificado, o Atl\u00e9tico-MG, ficar\u00e1 no [&hellip;]","og_url":"https:\/\/www.gaveanews.com\/index.php\/2023\/12\/19\/libertadores-conmebol-define-potes-do-sorteio-da-fase-de-grupos\/","og_site_name":"G\u00e1vea News","article_publisher":"https:\/\/facebook.com\/gaveaNews\/","article_published_time":"2023-12-19T14:08:05+00:00","article_modified_time":"2023-12-19T14:08:07+00:00","og_image":[{"width":900,"height":1200,"url":"https:\/\/www.gaveanews.com\/wp-content\/uploads\/Taca-da-Libertadores-e-bandeira-do-Flamengo-no-estadio-do-Maracana.webp","type":"image\/jpeg"}],"author":"Let\u00edcia Gerheim","twitter_card":"summary_large_image","twitter_misc":{"Escrito por":"Let\u00edcia Gerheim","Est. tempo de leitura":"2 minutos"},"schema":{"@context":"https:\/\/schema.org","@graph":[{"@type":"NewsArticle","@id":"https:\/\/www.gaveanews.com\/index.php\/2023\/12\/19\/libertadores-conmebol-define-potes-do-sorteio-da-fase-de-grupos\/#article","isPartOf":{"@id":"https:\/\/www.gaveanews.com\/index.php\/2023\/12\/19\/libertadores-conmebol-define-potes-do-sorteio-da-fase-de-grupos\/"},"author":{"name":"Let\u00edcia Gerheim","@id":"https:\/\/www.gaveanews.com\/#\/schema\/person\/714c67050b836198af2450ba1c142a67"},"headline":"Libertadores: Conmebol define potes do sorteio da fase de grupos","datePublished":"2023-12-19T14:08:05+00:00","dateModified":"2023-12-19T14:08:07+00:00","mainEntityOfPage":{"@id":"https:\/\/www.gaveanews.com\/index.php\/2023\/12\/19\/libertadores-conmebol-define-potes-do-sorteio-da-fase-de-grupos\/"},"wordCount":263,"commentCount":0,"image":{"@id":"https:\/\/www.gaveanews.com\/index.php\/2023\/12\/19\/libertadores-conmebol-define-potes-do-sorteio-da-fase-de-grupos\/#primaryimage"},"thumbnailUrl":"https:\/\/www.gaveanews.com\/wp-content\/uploads\/Taca-da-Libertadores-e-bandeira-do-Flamengo-no-estadio-do-Maracana.webp","articleSection":["Destaques"],"inLanguage":"pt-BR","potentialAction":[{"@type":"CommentAction","name":"Comment","target":["https:\/\/www.gaveanews.com\/index.php\/2023\/12\/19\/libertadores-conmebol-define-potes-do-sorteio-da-fase-de-grupos\/#respond"]}],"copyrightYear":"2023","copyrightHolder":{"@id":"https:\/\/www.gaveanews.com\/#organization"}},{"@type":"WebPage","@id":"https:\/\/www.gaveanews.com\/index.php\/2023\/12\/19\/libertadores-conmebol-define-potes-do-sorteio-da-fase-de-grupos\/","url":"https:\/\/www.gaveanews.com\/index.php\/2023\/12\/19\/libertadores-conmebol-define-potes-do-sorteio-da-fase-de-grupos\/","name":"Libertadores: Conmebol define potes do sorteio da fase de grupos","isPartOf":{"@id":"https:\/\/www.gaveanews.com\/#website"},"primaryImageOfPage":{"@id":"https:\/\/www.gaveanews.com\/index.php\/2023\/12\/19\/libertadores-conmebol-define-potes-do-sorteio-da-fase-de-grupos\/#primaryimage"},"image":{"@id":"https:\/\/www.gaveanews.com\/index.php\/2023\/12\/19\/libertadores-conmebol-define-potes-do-sorteio-da-fase-de-grupos\/#primaryimage"},"thumbnailUrl":"https:\/\/www.gaveanews.com\/wp-content\/uploads\/Taca-da-Libertadores-e-bandeira-do-Flamengo-no-estadio-do-Maracana.webp","datePublished":"2023-12-19T14:08:05+00:00","dateModified":"2023-12-19T14:08:07+00:00","author":{"@id":"https:\/\/www.gaveanews.com\/#\/schema\/person\/714c67050b836198af2450ba1c142a67"},"breadcrumb":{"@id":"https:\/\/www.gaveanews.com\/index.php\/2023\/12\/19\/libertadores-conmebol-define-potes-do-sorteio-da-fase-de-grupos\/#breadcrumb"},"inLanguage":"pt-BR","potentialAction":[{"@type":"ReadAction","target":["https:\/\/www.gaveanews.com\/index.php\/2023\/12\/19\/libertadores-conmebol-define-potes-do-sorteio-da-fase-de-grupos\/"]}]},{"@type":"ImageObject","inLanguage":"pt-BR","@id":"https:\/\/www.gaveanews.com\/index.php\/2023\/12\/19\/libertadores-conmebol-define-potes-do-sorteio-da-fase-de-grupos\/#primaryimage","url":"https:\/\/www.gaveanews.com\/wp-content\/uploads\/Taca-da-Libertadores-e-bandeira-do-Flamengo-no-estadio-do-Maracana.webp","contentUrl":"https:\/\/www.gaveanews.com\/wp-content\/uploads\/Taca-da-Libertadores-e-bandeira-do-Flamengo-no-estadio-do-Maracana.webp","width":900,"height":1200,"caption":"Ta\u00e7a da Libertadores e bandeira do Flamengo no est\u00e1dio do Maracan\u00e3 (Foto: Reprodu\u00e7\u00e3o\/ Rodrigo Dunshee de Abranches\/Twitter)"},{"@type":"BreadcrumbList","@id":"https:\/\/www.gaveanews.com\/index.php\/2023\/12\/19\/libertadores-conmebol-define-potes-do-sorteio-da-fase-de-grupos\/#breadcrumb","itemListElement":[{"@type":"ListItem","position":1,"name":"Home","item":"https:\/\/www.gaveanews.com\/"},{"@type":"ListItem","position":2,"name":"Libertadores: Conmebol define potes do sorteio da fase de grupos"}]},{"@type":"WebSite","@id":"https:\/\/www.gaveanews.com\/#website","url":"https:\/\/www.gaveanews.com\/","name":"G\u00e1vea News","description":"Veja todas as not\u00edcias sobre o Flamengo: Contrata\u00e7\u00f5es, categorias de base, resultados das partidas, tabela de classifica\u00e7\u00e3o, pr\u00f3ximos jogos!","potentialAction":[{"@type":"SearchAction","target":{"@type":"EntryPoint","urlTemplate":"https:\/\/www.gaveanews.com\/?s={search_term_string}"},"query-input":{"@type":"PropertyValueSpecification","valueRequired":true,"valueName":"search_term_string"}}],"inLanguage":"pt-BR"},{"@type":"Person","@id":"https:\/\/www.gaveanews.com\/#\/schema\/person\/714c67050b836198af2450ba1c142a67","name":"Let\u00edcia Gerheim","image":{"@type":"ImageObject","inLanguage":"pt-BR","@id":"https:\/\/www.gaveanews.com\/#\/schema\/person\/image\/","url":"https:\/\/secure.gravatar.com\/avatar\/60734739c50fcebfbac509e2a826ccd0ff405c019bc73aab9354f19ecad1dcb4?s=96&d=mm&r=g","contentUrl":"https:\/\/secure.gravatar.com\/avatar\/60734739c50fcebfbac509e2a826ccd0ff405c019bc73aab9354f19ecad1dcb4?s=96&d=mm&r=g","caption":"Let\u00edcia Gerheim"}}]}},"_links":{"self":[{"href":"https:\/\/www.gaveanews.com\/index.php\/wp-json\/wp\/v2\/posts\/117256","targetHints":{"allow":["GET"]}}],"collection":[{"href":"https:\/\/www.gaveanews.com\/index.php\/wp-json\/wp\/v2\/posts"}],"about":[{"href":"https:\/\/www.gaveanews.com\/index.php\/wp-json\/wp\/v2\/types\/post"}],"author":[{"embeddable":true,"href":"https:\/\/www.gaveanews.com\/index.php\/wp-json\/wp\/v2\/users\/4"}],"replies":[{"embeddable":true,"href":"https:\/\/www.gaveanews.com\/index.php\/wp-json\/wp\/v2\/comments?post=117256"}],"version-history":[{"count":0,"href":"https:\/\/www.gaveanews.com\/index.php\/wp-json\/wp\/v2\/posts\/117256\/revisions"}],"wp:featuredmedia":[{"embeddable":true,"href":"https:\/\/www.gaveanews.com\/index.php\/wp-json\/wp\/v2\/media\/68615"}],"wp:attachment":[{"href":"https:\/\/www.gaveanews.com\/index.php\/wp-json\/wp\/v2\/media?parent=117256"}],"wp:term":[{"taxonomy":"category","embeddable":true,"href":"https:\/\/www.gaveanews.com\/index.php\/wp-json\/wp\/v2\/categories?post=117256"},{"taxonomy":"post_tag","embeddable":true,"href":"https:\/\/www.gaveanews.com\/index.php\/wp-json\/wp\/v2\/tags?post=117256"}],"curies":[{"name":"wp","href":"https:\/\/api.w.org\/{rel}","templated":true}]}}