{"id":121178,"date":"2024-01-12T20:44:19","date_gmt":"2024-01-12T23:44:19","guid":{"rendered":"https:\/\/www.gaveanews.com\/?p=121178"},"modified":"2024-01-12T20:44:19","modified_gmt":"2024-01-12T23:44:19","slug":"flamengo-pode-se-tornar-saf-nas-proximas-semanas","status":"publish","type":"post","link":"https:\/\/www.gaveanews.com\/index.php\/2024\/01\/12\/flamengo-pode-se-tornar-saf-nas-proximas-semanas\/","title":{"rendered":"Flamengo pode se tornar SAF nas pr\u00f3ximas semanas"},"content":{"rendered":"\n<p>O presidente do Flamengo, Rodolfo Landim, est\u00e1 determinado a levar o clube a um novo patamar de governan\u00e7a. Seu objetivo \u00e9 transformar o Flamengo em uma Sociedade An\u00f4nima do Futebol (SAF) at\u00e9 mar\u00e7o deste ano. Este ambicioso plano busca trazer mudan\u00e7as significativas \u00e0 estrutura e gest\u00e3o do clube.<\/p>\n\n\n\n<p>Uma das caracter\u00edsticas essenciais desse plano \u00e9 a preserva\u00e7\u00e3o do controle do clube nas m\u00e3os do Flamengo. Landim enfatiza a inten\u00e7\u00e3o de n\u00e3o vender qualquer parcela do controle, o que significaria que o Mais Querido manteria 100% das a\u00e7\u00f5es, garantindo a continuidade da identidade e gest\u00e3o do clube.<\/p>\n\n\n\n<p>Para viabilizar essa transforma\u00e7\u00e3o, o Flamengo pretende captar recursos financeiros junto a investidores. A ideia \u00e9 que esses investidores emprestem dinheiro ao clube com a promessa de um retorno sobre o investimento no futuro, com um per\u00edodo m\u00ednimo de dois anos. A remunera\u00e7\u00e3o oferecida deve ser, no m\u00ednimo, equivalente \u00e0 da poupan\u00e7a, tornando o acordo atrativo para os investidores.<\/p>\n\n\n\n<p>No entanto, antes que o Flamengo possa se tornar uma SAF, a vota\u00e7\u00e3o dos s\u00f3cios propriet\u00e1rios do clube \u00e9 essencial. Landim est\u00e1 empenhado em convencer os eleitores a votarem a favor da Sociedade An\u00f4nima do Futebol, e para isso, realiza reuni\u00f5es tanto na G\u00e1vea quanto fora da sede do clube. Atualmente, a posi\u00e7\u00e3o dos s\u00f3cios \u00e9 dividida em rela\u00e7\u00e3o a essa medida, tornando a vota\u00e7\u00e3o um ponto crucial no processo de transforma\u00e7\u00e3o do Flamengo.<\/p>\n","protected":false},"excerpt":{"rendered":"<p>O presidente do Flamengo, Rodolfo Landim, est\u00e1 determinado a levar o clube a um novo patamar de governan\u00e7a. Seu objetivo \u00e9 transformar o Flamengo em uma Sociedade An\u00f4nima do Futebol (SAF) at\u00e9 mar\u00e7o deste ano. Este ambicioso plano busca trazer mudan\u00e7as significativas \u00e0 estrutura e gest\u00e3o do clube. Uma das caracter\u00edsticas essenciais desse plano \u00e9 [&hellip;]<\/p>\n","protected":false},"author":15,"featured_media":117670,"comment_status":"open","ping_status":"closed","sticky":false,"template":"","format":"standard","meta":{"footnotes":""},"categories":[1],"tags":[],"class_list":["post-121178","post","type-post","status-publish","format-standard","has-post-thumbnail","hentry","category-flamengo"],"yoast_head":"<!-- This site is optimized with the Yoast SEO Premium plugin v24.2 (Yoast SEO v26.9) - https:\/\/yoast.com\/product\/yoast-seo-premium-wordpress\/ -->\n<title>Flamengo pode se tornar SAF nas pr\u00f3ximas semanas<\/title>\n<meta name=\"robots\" content=\"index, follow, max-snippet:-1, max-image-preview:large, max-video-preview:-1\" \/>\n<link rel=\"canonical\" href=\"https:\/\/www.gaveanews.com\/index.php\/2024\/01\/12\/flamengo-pode-se-tornar-saf-nas-proximas-semanas\/\" \/>\n<meta property=\"og:locale\" content=\"pt_BR\" \/>\n<meta property=\"og:type\" content=\"article\" \/>\n<meta property=\"og:title\" content=\"Flamengo pode se tornar SAF nas pr\u00f3ximas semanas\" \/>\n<meta property=\"og:description\" content=\"O presidente do Flamengo, Rodolfo Landim, est\u00e1 determinado a levar o clube a um novo patamar de governan\u00e7a. Seu objetivo \u00e9 transformar o Flamengo em uma Sociedade An\u00f4nima do Futebol (SAF) at\u00e9 mar\u00e7o deste ano. Este ambicioso plano busca trazer mudan\u00e7as significativas \u00e0 estrutura e gest\u00e3o do clube. Uma das caracter\u00edsticas essenciais desse plano \u00e9 [&hellip;]\" \/>\n<meta property=\"og:url\" content=\"https:\/\/www.gaveanews.com\/index.php\/2024\/01\/12\/flamengo-pode-se-tornar-saf-nas-proximas-semanas\/\" \/>\n<meta property=\"og:site_name\" content=\"G\u00e1vea News\" \/>\n<meta property=\"article:publisher\" content=\"https:\/\/facebook.com\/gaveaNews\/\" \/>\n<meta property=\"article:published_time\" content=\"2024-01-12T23:44:19+00:00\" \/>\n<meta property=\"og:image\" content=\"https:\/\/www.gaveanews.com\/wp-content\/uploads\/Marcos-Braz-e-Rodolfo-Landim-durante-coletiva-promovida-pelo-Flamengo.webp\" \/>\n\t<meta property=\"og:image:width\" content=\"1080\" \/>\n\t<meta property=\"og:image:height\" content=\"608\" \/>\n\t<meta property=\"og:image:type\" content=\"image\/webp\" \/>\n<meta name=\"author\" content=\"Henrique Machado\" \/>\n<meta name=\"twitter:card\" content=\"summary_large_image\" \/>\n<meta name=\"twitter:label1\" content=\"Escrito por\" \/>\n\t<meta name=\"twitter:data1\" content=\"Henrique Machado\" \/>\n\t<meta name=\"twitter:label2\" content=\"Est. tempo de leitura\" \/>\n\t<meta name=\"twitter:data2\" content=\"2 minutos\" \/>\n<script type=\"application\/ld+json\" class=\"yoast-schema-graph\">{\"@context\":\"https:\/\/schema.org\",\"@graph\":[{\"@type\":\"NewsArticle\",\"@id\":\"https:\/\/www.gaveanews.com\/index.php\/2024\/01\/12\/flamengo-pode-se-tornar-saf-nas-proximas-semanas\/#article\",\"isPartOf\":{\"@id\":\"https:\/\/www.gaveanews.com\/index.php\/2024\/01\/12\/flamengo-pode-se-tornar-saf-nas-proximas-semanas\/\"},\"author\":{\"name\":\"Henrique Machado\",\"@id\":\"https:\/\/www.gaveanews.com\/#\/schema\/person\/fd07635ec039ec3ba74ad18ec8a6dbd6\"},\"headline\":\"Flamengo pode se tornar SAF nas pr\u00f3ximas semanas\",\"datePublished\":\"2024-01-12T23:44:19+00:00\",\"mainEntityOfPage\":{\"@id\":\"https:\/\/www.gaveanews.com\/index.php\/2024\/01\/12\/flamengo-pode-se-tornar-saf-nas-proximas-semanas\/\"},\"wordCount\":259,\"commentCount\":0,\"image\":{\"@id\":\"https:\/\/www.gaveanews.com\/index.php\/2024\/01\/12\/flamengo-pode-se-tornar-saf-nas-proximas-semanas\/#primaryimage\"},\"thumbnailUrl\":\"https:\/\/www.gaveanews.com\/wp-content\/uploads\/Marcos-Braz-e-Rodolfo-Landim-durante-coletiva-promovida-pelo-Flamengo.webp\",\"articleSection\":[\"Flamengo\"],\"inLanguage\":\"pt-BR\",\"potentialAction\":[{\"@type\":\"CommentAction\",\"name\":\"Comment\",\"target\":[\"https:\/\/www.gaveanews.com\/index.php\/2024\/01\/12\/flamengo-pode-se-tornar-saf-nas-proximas-semanas\/#respond\"]}],\"copyrightYear\":\"2024\",\"copyrightHolder\":{\"@id\":\"https:\/\/www.gaveanews.com\/#organization\"}},{\"@type\":\"WebPage\",\"@id\":\"https:\/\/www.gaveanews.com\/index.php\/2024\/01\/12\/flamengo-pode-se-tornar-saf-nas-proximas-semanas\/\",\"url\":\"https:\/\/www.gaveanews.com\/index.php\/2024\/01\/12\/flamengo-pode-se-tornar-saf-nas-proximas-semanas\/\",\"name\":\"Flamengo pode se tornar SAF nas pr\u00f3ximas semanas\",\"isPartOf\":{\"@id\":\"https:\/\/www.gaveanews.com\/#website\"},\"primaryImageOfPage\":{\"@id\":\"https:\/\/www.gaveanews.com\/index.php\/2024\/01\/12\/flamengo-pode-se-tornar-saf-nas-proximas-semanas\/#primaryimage\"},\"image\":{\"@id\":\"https:\/\/www.gaveanews.com\/index.php\/2024\/01\/12\/flamengo-pode-se-tornar-saf-nas-proximas-semanas\/#primaryimage\"},\"thumbnailUrl\":\"https:\/\/www.gaveanews.com\/wp-content\/uploads\/Marcos-Braz-e-Rodolfo-Landim-durante-coletiva-promovida-pelo-Flamengo.webp\",\"datePublished\":\"2024-01-12T23:44:19+00:00\",\"author\":{\"@id\":\"https:\/\/www.gaveanews.com\/#\/schema\/person\/fd07635ec039ec3ba74ad18ec8a6dbd6\"},\"breadcrumb\":{\"@id\":\"https:\/\/www.gaveanews.com\/index.php\/2024\/01\/12\/flamengo-pode-se-tornar-saf-nas-proximas-semanas\/#breadcrumb\"},\"inLanguage\":\"pt-BR\",\"potentialAction\":[{\"@type\":\"ReadAction\",\"target\":[\"https:\/\/www.gaveanews.com\/index.php\/2024\/01\/12\/flamengo-pode-se-tornar-saf-nas-proximas-semanas\/\"]}]},{\"@type\":\"ImageObject\",\"inLanguage\":\"pt-BR\",\"@id\":\"https:\/\/www.gaveanews.com\/index.php\/2024\/01\/12\/flamengo-pode-se-tornar-saf-nas-proximas-semanas\/#primaryimage\",\"url\":\"https:\/\/www.gaveanews.com\/wp-content\/uploads\/Marcos-Braz-e-Rodolfo-Landim-durante-coletiva-promovida-pelo-Flamengo.webp\",\"contentUrl\":\"https:\/\/www.gaveanews.com\/wp-content\/uploads\/Marcos-Braz-e-Rodolfo-Landim-durante-coletiva-promovida-pelo-Flamengo.webp\",\"width\":1080,\"height\":608,\"caption\":\"Marcos Braz e Rodolfo Landim durante coletiva promovida pelo Flamengo (Foto: Alexandre Vidal\/Flamengo)\"},{\"@type\":\"BreadcrumbList\",\"@id\":\"https:\/\/www.gaveanews.com\/index.php\/2024\/01\/12\/flamengo-pode-se-tornar-saf-nas-proximas-semanas\/#breadcrumb\",\"itemListElement\":[{\"@type\":\"ListItem\",\"position\":1,\"name\":\"Home\",\"item\":\"https:\/\/www.gaveanews.com\/\"},{\"@type\":\"ListItem\",\"position\":2,\"name\":\"Flamengo pode se tornar SAF nas pr\u00f3ximas semanas\"}]},{\"@type\":\"WebSite\",\"@id\":\"https:\/\/www.gaveanews.com\/#website\",\"url\":\"https:\/\/www.gaveanews.com\/\",\"name\":\"G\u00e1vea News\",\"description\":\"Veja todas as not\u00edcias sobre o Flamengo: Contrata\u00e7\u00f5es, categorias de base, resultados das partidas, tabela de classifica\u00e7\u00e3o, pr\u00f3ximos jogos!\",\"potentialAction\":[{\"@type\":\"SearchAction\",\"target\":{\"@type\":\"EntryPoint\",\"urlTemplate\":\"https:\/\/www.gaveanews.com\/?s={search_term_string}\"},\"query-input\":{\"@type\":\"PropertyValueSpecification\",\"valueRequired\":true,\"valueName\":\"search_term_string\"}}],\"inLanguage\":\"pt-BR\"},{\"@type\":\"Person\",\"@id\":\"https:\/\/www.gaveanews.com\/#\/schema\/person\/fd07635ec039ec3ba74ad18ec8a6dbd6\",\"name\":\"Henrique Machado\",\"image\":{\"@type\":\"ImageObject\",\"inLanguage\":\"pt-BR\",\"@id\":\"https:\/\/www.gaveanews.com\/#\/schema\/person\/image\/\",\"url\":\"https:\/\/secure.gravatar.com\/avatar\/b95e35997e01d9800c1b6184bd79d4d898d370a3fce2584f5c77b907d5c7d9e9?s=96&d=mm&r=g\",\"contentUrl\":\"https:\/\/secure.gravatar.com\/avatar\/b95e35997e01d9800c1b6184bd79d4d898d370a3fce2584f5c77b907d5c7d9e9?s=96&d=mm&r=g\",\"caption\":\"Henrique Machado\"}}]}<\/script>\n<!-- \/ Yoast SEO Premium plugin. -->","yoast_head_json":{"title":"Flamengo pode se tornar SAF nas pr\u00f3ximas semanas","robots":{"index":"index","follow":"follow","max-snippet":"max-snippet:-1","max-image-preview":"max-image-preview:large","max-video-preview":"max-video-preview:-1"},"canonical":"https:\/\/www.gaveanews.com\/index.php\/2024\/01\/12\/flamengo-pode-se-tornar-saf-nas-proximas-semanas\/","og_locale":"pt_BR","og_type":"article","og_title":"Flamengo pode se tornar SAF nas pr\u00f3ximas semanas","og_description":"O presidente do Flamengo, Rodolfo Landim, est\u00e1 determinado a levar o clube a um novo patamar de governan\u00e7a. Seu objetivo \u00e9 transformar o Flamengo em uma Sociedade An\u00f4nima do Futebol (SAF) at\u00e9 mar\u00e7o deste ano. Este ambicioso plano busca trazer mudan\u00e7as significativas \u00e0 estrutura e gest\u00e3o do clube. Uma das caracter\u00edsticas essenciais desse plano \u00e9 [&hellip;]","og_url":"https:\/\/www.gaveanews.com\/index.php\/2024\/01\/12\/flamengo-pode-se-tornar-saf-nas-proximas-semanas\/","og_site_name":"G\u00e1vea News","article_publisher":"https:\/\/facebook.com\/gaveaNews\/","article_published_time":"2024-01-12T23:44:19+00:00","og_image":[{"width":1080,"height":608,"url":"https:\/\/www.gaveanews.com\/wp-content\/uploads\/Marcos-Braz-e-Rodolfo-Landim-durante-coletiva-promovida-pelo-Flamengo.webp","type":"image\/webp"}],"author":"Henrique Machado","twitter_card":"summary_large_image","twitter_misc":{"Escrito por":"Henrique Machado","Est. tempo de leitura":"2 minutos"},"schema":{"@context":"https:\/\/schema.org","@graph":[{"@type":"NewsArticle","@id":"https:\/\/www.gaveanews.com\/index.php\/2024\/01\/12\/flamengo-pode-se-tornar-saf-nas-proximas-semanas\/#article","isPartOf":{"@id":"https:\/\/www.gaveanews.com\/index.php\/2024\/01\/12\/flamengo-pode-se-tornar-saf-nas-proximas-semanas\/"},"author":{"name":"Henrique Machado","@id":"https:\/\/www.gaveanews.com\/#\/schema\/person\/fd07635ec039ec3ba74ad18ec8a6dbd6"},"headline":"Flamengo pode se tornar SAF nas pr\u00f3ximas semanas","datePublished":"2024-01-12T23:44:19+00:00","mainEntityOfPage":{"@id":"https:\/\/www.gaveanews.com\/index.php\/2024\/01\/12\/flamengo-pode-se-tornar-saf-nas-proximas-semanas\/"},"wordCount":259,"commentCount":0,"image":{"@id":"https:\/\/www.gaveanews.com\/index.php\/2024\/01\/12\/flamengo-pode-se-tornar-saf-nas-proximas-semanas\/#primaryimage"},"thumbnailUrl":"https:\/\/www.gaveanews.com\/wp-content\/uploads\/Marcos-Braz-e-Rodolfo-Landim-durante-coletiva-promovida-pelo-Flamengo.webp","articleSection":["Flamengo"],"inLanguage":"pt-BR","potentialAction":[{"@type":"CommentAction","name":"Comment","target":["https:\/\/www.gaveanews.com\/index.php\/2024\/01\/12\/flamengo-pode-se-tornar-saf-nas-proximas-semanas\/#respond"]}],"copyrightYear":"2024","copyrightHolder":{"@id":"https:\/\/www.gaveanews.com\/#organization"}},{"@type":"WebPage","@id":"https:\/\/www.gaveanews.com\/index.php\/2024\/01\/12\/flamengo-pode-se-tornar-saf-nas-proximas-semanas\/","url":"https:\/\/www.gaveanews.com\/index.php\/2024\/01\/12\/flamengo-pode-se-tornar-saf-nas-proximas-semanas\/","name":"Flamengo pode se tornar SAF nas pr\u00f3ximas semanas","isPartOf":{"@id":"https:\/\/www.gaveanews.com\/#website"},"primaryImageOfPage":{"@id":"https:\/\/www.gaveanews.com\/index.php\/2024\/01\/12\/flamengo-pode-se-tornar-saf-nas-proximas-semanas\/#primaryimage"},"image":{"@id":"https:\/\/www.gaveanews.com\/index.php\/2024\/01\/12\/flamengo-pode-se-tornar-saf-nas-proximas-semanas\/#primaryimage"},"thumbnailUrl":"https:\/\/www.gaveanews.com\/wp-content\/uploads\/Marcos-Braz-e-Rodolfo-Landim-durante-coletiva-promovida-pelo-Flamengo.webp","datePublished":"2024-01-12T23:44:19+00:00","author":{"@id":"https:\/\/www.gaveanews.com\/#\/schema\/person\/fd07635ec039ec3ba74ad18ec8a6dbd6"},"breadcrumb":{"@id":"https:\/\/www.gaveanews.com\/index.php\/2024\/01\/12\/flamengo-pode-se-tornar-saf-nas-proximas-semanas\/#breadcrumb"},"inLanguage":"pt-BR","potentialAction":[{"@type":"ReadAction","target":["https:\/\/www.gaveanews.com\/index.php\/2024\/01\/12\/flamengo-pode-se-tornar-saf-nas-proximas-semanas\/"]}]},{"@type":"ImageObject","inLanguage":"pt-BR","@id":"https:\/\/www.gaveanews.com\/index.php\/2024\/01\/12\/flamengo-pode-se-tornar-saf-nas-proximas-semanas\/#primaryimage","url":"https:\/\/www.gaveanews.com\/wp-content\/uploads\/Marcos-Braz-e-Rodolfo-Landim-durante-coletiva-promovida-pelo-Flamengo.webp","contentUrl":"https:\/\/www.gaveanews.com\/wp-content\/uploads\/Marcos-Braz-e-Rodolfo-Landim-durante-coletiva-promovida-pelo-Flamengo.webp","width":1080,"height":608,"caption":"Marcos Braz e Rodolfo Landim durante coletiva promovida pelo Flamengo (Foto: Alexandre Vidal\/Flamengo)"},{"@type":"BreadcrumbList","@id":"https:\/\/www.gaveanews.com\/index.php\/2024\/01\/12\/flamengo-pode-se-tornar-saf-nas-proximas-semanas\/#breadcrumb","itemListElement":[{"@type":"ListItem","position":1,"name":"Home","item":"https:\/\/www.gaveanews.com\/"},{"@type":"ListItem","position":2,"name":"Flamengo pode se tornar SAF nas pr\u00f3ximas semanas"}]},{"@type":"WebSite","@id":"https:\/\/www.gaveanews.com\/#website","url":"https:\/\/www.gaveanews.com\/","name":"G\u00e1vea News","description":"Veja todas as not\u00edcias sobre o Flamengo: Contrata\u00e7\u00f5es, categorias de base, resultados das partidas, tabela de classifica\u00e7\u00e3o, pr\u00f3ximos jogos!","potentialAction":[{"@type":"SearchAction","target":{"@type":"EntryPoint","urlTemplate":"https:\/\/www.gaveanews.com\/?s={search_term_string}"},"query-input":{"@type":"PropertyValueSpecification","valueRequired":true,"valueName":"search_term_string"}}],"inLanguage":"pt-BR"},{"@type":"Person","@id":"https:\/\/www.gaveanews.com\/#\/schema\/person\/fd07635ec039ec3ba74ad18ec8a6dbd6","name":"Henrique Machado","image":{"@type":"ImageObject","inLanguage":"pt-BR","@id":"https:\/\/www.gaveanews.com\/#\/schema\/person\/image\/","url":"https:\/\/secure.gravatar.com\/avatar\/b95e35997e01d9800c1b6184bd79d4d898d370a3fce2584f5c77b907d5c7d9e9?s=96&d=mm&r=g","contentUrl":"https:\/\/secure.gravatar.com\/avatar\/b95e35997e01d9800c1b6184bd79d4d898d370a3fce2584f5c77b907d5c7d9e9?s=96&d=mm&r=g","caption":"Henrique Machado"}}]}},"_links":{"self":[{"href":"https:\/\/www.gaveanews.com\/index.php\/wp-json\/wp\/v2\/posts\/121178","targetHints":{"allow":["GET"]}}],"collection":[{"href":"https:\/\/www.gaveanews.com\/index.php\/wp-json\/wp\/v2\/posts"}],"about":[{"href":"https:\/\/www.gaveanews.com\/index.php\/wp-json\/wp\/v2\/types\/post"}],"author":[{"embeddable":true,"href":"https:\/\/www.gaveanews.com\/index.php\/wp-json\/wp\/v2\/users\/15"}],"replies":[{"embeddable":true,"href":"https:\/\/www.gaveanews.com\/index.php\/wp-json\/wp\/v2\/comments?post=121178"}],"version-history":[{"count":0,"href":"https:\/\/www.gaveanews.com\/index.php\/wp-json\/wp\/v2\/posts\/121178\/revisions"}],"wp:featuredmedia":[{"embeddable":true,"href":"https:\/\/www.gaveanews.com\/index.php\/wp-json\/wp\/v2\/media\/117670"}],"wp:attachment":[{"href":"https:\/\/www.gaveanews.com\/index.php\/wp-json\/wp\/v2\/media?parent=121178"}],"wp:term":[{"taxonomy":"category","embeddable":true,"href":"https:\/\/www.gaveanews.com\/index.php\/wp-json\/wp\/v2\/categories?post=121178"},{"taxonomy":"post_tag","embeddable":true,"href":"https:\/\/www.gaveanews.com\/index.php\/wp-json\/wp\/v2\/tags?post=121178"}],"curies":[{"name":"wp","href":"https:\/\/api.w.org\/{rel}","templated":true}]}}