{"id":121217,"date":"2024-01-12T22:48:15","date_gmt":"2024-01-13T01:48:15","guid":{"rendered":"https:\/\/www.gaveanews.com\/?p=121217"},"modified":"2024-01-12T22:48:17","modified_gmt":"2024-01-13T01:48:17","slug":"rede-globo-volta-a-ter-campeonato-carioca-apos-4-anos","status":"publish","type":"post","link":"https:\/\/www.gaveanews.com\/index.php\/2024\/01\/12\/rede-globo-volta-a-ter-campeonato-carioca-apos-4-anos\/","title":{"rendered":"Rede Globo volta a ter Campeonato Carioca ap\u00f3s 4 anos"},"content":{"rendered":"\n<p>Depois de um hiato de quatro anos, a Rede Globo est\u00e1 de volta ao cen\u00e1rio do Campeonato Carioca, desta vez adquirindo os direitos de transmiss\u00e3o dos jogos do Vasco da Gama como mandante. Este acordo significa que os torcedores poder\u00e3o acompanhar o desempenho do time cruzmaltino atrav\u00e9s dos canais SporTV e Premiere, plataformas conhecidas por sua cobertura esportiva.<\/p>\n\n\n\n<p>A estreia dessa nova fase se dar\u00e1 j\u00e1 na abertura do campeonato, na partida que acontece na pr\u00f3xima quinta-feira, 18 de janeiro, \u00e0s 19h30. O Vasco enfrentar\u00e1 o Boavista em seu pr\u00f3prio est\u00e1dio, S\u00e3o Janu\u00e1rio, marcando o in\u00edcio de sua jornada no torneio deste ano.<\/p>\n\n\n\n<p>Na primeira fase do Carioca, que conta com 11 rodadas e \u00e9 conhecida como Ta\u00e7a Guanabara, o Vasco ser\u00e1 mandante em seis jogos importantes. Al\u00e9m do Boavista, o clube enfrentar\u00e1 equipes como Madureira, Flamengo, Audax, Volta Redonda e Portuguesa. Vale ressaltar que o hor\u00e1rio de alguns desses jogos ainda ser\u00e1 definido, mantendo os torcedores em expectativa.<\/p>\n\n\n\n<p>Al\u00e9m dos jogos na primeira fase, o contrato entre a Globo e o Vasco tamb\u00e9m inclui a transmiss\u00e3o de eventuais partidas que o clube dispute como mandante nas semifinais e finais do campeonato. Este detalhe assegura que, caso o Vasco avance para as etapas decisivas, seus torcedores poder\u00e3o acompanhar cada momento pela TV.<\/p>\n\n\n\n<p>O Campeonato Carioca de 2024, que se estende de 17 de janeiro a 7 de abril, promete ser um evento cheio de emo\u00e7\u00f5es e jogos memor\u00e1veis. Com a Globo, Band, Canal Goat e Caz\u00e9 TV transmitindo diferentes partidas, os f\u00e3s de futebol ter\u00e3o v\u00e1rias op\u00e7\u00f5es para curtir os jogos.<\/p>\n\n\n\n<p>Este retorno da Globo ao Campeonato Carioca e a \u00eanfase nos jogos do Vasco representam um momento significativo para o futebol carioca, oferecendo aos torcedores mais uma forma de se conectar com seu time do cora\u00e7\u00e3o.<\/p>\n","protected":false},"excerpt":{"rendered":"<p>Depois de um hiato de quatro anos, a Rede Globo est\u00e1 de volta ao cen\u00e1rio do Campeonato Carioca, desta vez adquirindo os direitos de transmiss\u00e3o dos jogos do Vasco da Gama como mandante. Este acordo significa que os torcedores poder\u00e3o acompanhar o desempenho do time cruzmaltino atrav\u00e9s dos canais SporTV e Premiere, plataformas conhecidas por [&hellip;]<\/p>\n","protected":false},"author":1,"featured_media":17043,"comment_status":"open","ping_status":"closed","sticky":false,"template":"","format":"standard","meta":{"footnotes":""},"categories":[1],"tags":[],"class_list":["post-121217","post","type-post","status-publish","format-standard","has-post-thumbnail","hentry","category-flamengo"],"yoast_head":"<!-- This site is optimized with the Yoast SEO Premium plugin v24.2 (Yoast SEO v26.9) - https:\/\/yoast.com\/product\/yoast-seo-premium-wordpress\/ -->\n<title>Rede Globo volta a ter Campeonato Carioca ap\u00f3s 4 anos<\/title>\n<meta name=\"robots\" content=\"index, follow, max-snippet:-1, max-image-preview:large, max-video-preview:-1\" \/>\n<link rel=\"canonical\" href=\"https:\/\/www.gaveanews.com\/index.php\/2024\/01\/12\/rede-globo-volta-a-ter-campeonato-carioca-apos-4-anos\/\" \/>\n<meta property=\"og:locale\" content=\"pt_BR\" \/>\n<meta property=\"og:type\" content=\"article\" \/>\n<meta property=\"og:title\" content=\"Rede Globo volta a ter Campeonato Carioca ap\u00f3s 4 anos\" \/>\n<meta property=\"og:description\" content=\"Depois de um hiato de quatro anos, a Rede Globo est\u00e1 de volta ao cen\u00e1rio do Campeonato Carioca, desta vez adquirindo os direitos de transmiss\u00e3o dos jogos do Vasco da Gama como mandante. Este acordo significa que os torcedores poder\u00e3o acompanhar o desempenho do time cruzmaltino atrav\u00e9s dos canais SporTV e Premiere, plataformas conhecidas por [&hellip;]\" \/>\n<meta property=\"og:url\" content=\"https:\/\/www.gaveanews.com\/index.php\/2024\/01\/12\/rede-globo-volta-a-ter-campeonato-carioca-apos-4-anos\/\" \/>\n<meta property=\"og:site_name\" content=\"G\u00e1vea News\" \/>\n<meta property=\"article:publisher\" content=\"https:\/\/facebook.com\/gaveaNews\/\" \/>\n<meta property=\"article:published_time\" content=\"2024-01-13T01:48:15+00:00\" \/>\n<meta property=\"article:modified_time\" content=\"2024-01-13T01:48:17+00:00\" \/>\n<meta property=\"og:image\" content=\"https:\/\/www.gaveanews.com\/wp-content\/uploads\/2019\/04\/Logomarca-da-Rede-Globo.webp\" \/>\n\t<meta property=\"og:image:width\" content=\"1920\" \/>\n\t<meta property=\"og:image:height\" content=\"1076\" \/>\n\t<meta property=\"og:image:type\" content=\"image\/png\" \/>\n<meta name=\"author\" content=\"Equipe G\u00e1vea News\" \/>\n<meta name=\"twitter:card\" content=\"summary_large_image\" \/>\n<meta name=\"twitter:label1\" content=\"Escrito por\" \/>\n\t<meta name=\"twitter:data1\" content=\"Equipe G\u00e1vea News\" \/>\n\t<meta name=\"twitter:label2\" content=\"Est. tempo de leitura\" \/>\n\t<meta name=\"twitter:data2\" content=\"2 minutos\" \/>\n<script type=\"application\/ld+json\" class=\"yoast-schema-graph\">{\"@context\":\"https:\/\/schema.org\",\"@graph\":[{\"@type\":\"NewsArticle\",\"@id\":\"https:\/\/www.gaveanews.com\/index.php\/2024\/01\/12\/rede-globo-volta-a-ter-campeonato-carioca-apos-4-anos\/#article\",\"isPartOf\":{\"@id\":\"https:\/\/www.gaveanews.com\/index.php\/2024\/01\/12\/rede-globo-volta-a-ter-campeonato-carioca-apos-4-anos\/\"},\"author\":{\"name\":\"Equipe G\u00e1vea News\",\"@id\":\"https:\/\/www.gaveanews.com\/#\/schema\/person\/2ec14f73fb96be2caf28f91afb14749d\"},\"headline\":\"Rede Globo volta a ter Campeonato Carioca ap\u00f3s 4 anos\",\"datePublished\":\"2024-01-13T01:48:15+00:00\",\"dateModified\":\"2024-01-13T01:48:17+00:00\",\"mainEntityOfPage\":{\"@id\":\"https:\/\/www.gaveanews.com\/index.php\/2024\/01\/12\/rede-globo-volta-a-ter-campeonato-carioca-apos-4-anos\/\"},\"wordCount\":325,\"commentCount\":0,\"image\":{\"@id\":\"https:\/\/www.gaveanews.com\/index.php\/2024\/01\/12\/rede-globo-volta-a-ter-campeonato-carioca-apos-4-anos\/#primaryimage\"},\"thumbnailUrl\":\"https:\/\/www.gaveanews.com\/wp-content\/uploads\/2019\/04\/Logomarca-da-Rede-Globo.webp\",\"articleSection\":[\"Flamengo\"],\"inLanguage\":\"pt-BR\",\"potentialAction\":[{\"@type\":\"CommentAction\",\"name\":\"Comment\",\"target\":[\"https:\/\/www.gaveanews.com\/index.php\/2024\/01\/12\/rede-globo-volta-a-ter-campeonato-carioca-apos-4-anos\/#respond\"]}],\"copyrightYear\":\"2024\",\"copyrightHolder\":{\"@id\":\"https:\/\/www.gaveanews.com\/#organization\"}},{\"@type\":\"WebPage\",\"@id\":\"https:\/\/www.gaveanews.com\/index.php\/2024\/01\/12\/rede-globo-volta-a-ter-campeonato-carioca-apos-4-anos\/\",\"url\":\"https:\/\/www.gaveanews.com\/index.php\/2024\/01\/12\/rede-globo-volta-a-ter-campeonato-carioca-apos-4-anos\/\",\"name\":\"Rede Globo volta a ter Campeonato Carioca ap\u00f3s 4 anos\",\"isPartOf\":{\"@id\":\"https:\/\/www.gaveanews.com\/#website\"},\"primaryImageOfPage\":{\"@id\":\"https:\/\/www.gaveanews.com\/index.php\/2024\/01\/12\/rede-globo-volta-a-ter-campeonato-carioca-apos-4-anos\/#primaryimage\"},\"image\":{\"@id\":\"https:\/\/www.gaveanews.com\/index.php\/2024\/01\/12\/rede-globo-volta-a-ter-campeonato-carioca-apos-4-anos\/#primaryimage\"},\"thumbnailUrl\":\"https:\/\/www.gaveanews.com\/wp-content\/uploads\/2019\/04\/Logomarca-da-Rede-Globo.webp\",\"datePublished\":\"2024-01-13T01:48:15+00:00\",\"dateModified\":\"2024-01-13T01:48:17+00:00\",\"author\":{\"@id\":\"https:\/\/www.gaveanews.com\/#\/schema\/person\/2ec14f73fb96be2caf28f91afb14749d\"},\"breadcrumb\":{\"@id\":\"https:\/\/www.gaveanews.com\/index.php\/2024\/01\/12\/rede-globo-volta-a-ter-campeonato-carioca-apos-4-anos\/#breadcrumb\"},\"inLanguage\":\"pt-BR\",\"potentialAction\":[{\"@type\":\"ReadAction\",\"target\":[\"https:\/\/www.gaveanews.com\/index.php\/2024\/01\/12\/rede-globo-volta-a-ter-campeonato-carioca-apos-4-anos\/\"]}]},{\"@type\":\"ImageObject\",\"inLanguage\":\"pt-BR\",\"@id\":\"https:\/\/www.gaveanews.com\/index.php\/2024\/01\/12\/rede-globo-volta-a-ter-campeonato-carioca-apos-4-anos\/#primaryimage\",\"url\":\"https:\/\/www.gaveanews.com\/wp-content\/uploads\/2019\/04\/Logomarca-da-Rede-Globo.webp\",\"contentUrl\":\"https:\/\/www.gaveanews.com\/wp-content\/uploads\/2019\/04\/Logomarca-da-Rede-Globo.webp\",\"width\":1920,\"height\":1076,\"caption\":\"Logomarca da Rede Globo (Foto: Reprodu\u00e7\u00e3o)\"},{\"@type\":\"BreadcrumbList\",\"@id\":\"https:\/\/www.gaveanews.com\/index.php\/2024\/01\/12\/rede-globo-volta-a-ter-campeonato-carioca-apos-4-anos\/#breadcrumb\",\"itemListElement\":[{\"@type\":\"ListItem\",\"position\":1,\"name\":\"Home\",\"item\":\"https:\/\/www.gaveanews.com\/\"},{\"@type\":\"ListItem\",\"position\":2,\"name\":\"Rede Globo volta a ter Campeonato Carioca ap\u00f3s 4 anos\"}]},{\"@type\":\"WebSite\",\"@id\":\"https:\/\/www.gaveanews.com\/#website\",\"url\":\"https:\/\/www.gaveanews.com\/\",\"name\":\"G\u00e1vea News\",\"description\":\"Veja todas as not\u00edcias sobre o Flamengo: Contrata\u00e7\u00f5es, categorias de base, resultados das partidas, tabela de classifica\u00e7\u00e3o, pr\u00f3ximos jogos!\",\"potentialAction\":[{\"@type\":\"SearchAction\",\"target\":{\"@type\":\"EntryPoint\",\"urlTemplate\":\"https:\/\/www.gaveanews.com\/?s={search_term_string}\"},\"query-input\":{\"@type\":\"PropertyValueSpecification\",\"valueRequired\":true,\"valueName\":\"search_term_string\"}}],\"inLanguage\":\"pt-BR\"},{\"@type\":\"Person\",\"@id\":\"https:\/\/www.gaveanews.com\/#\/schema\/person\/2ec14f73fb96be2caf28f91afb14749d\",\"name\":\"Equipe G\u00e1vea News\",\"image\":{\"@type\":\"ImageObject\",\"inLanguage\":\"pt-BR\",\"@id\":\"https:\/\/www.gaveanews.com\/#\/schema\/person\/image\/\",\"url\":\"https:\/\/secure.gravatar.com\/avatar\/1e1956f1facbffd3f8fa53a326721950116b3b9dc9bd44939c01180fd4a745a9?s=96&d=mm&r=g\",\"contentUrl\":\"https:\/\/secure.gravatar.com\/avatar\/1e1956f1facbffd3f8fa53a326721950116b3b9dc9bd44939c01180fd4a745a9?s=96&d=mm&r=g\",\"caption\":\"Equipe G\u00e1vea News\"}}]}<\/script>\n<!-- \/ Yoast SEO Premium plugin. -->","yoast_head_json":{"title":"Rede Globo volta a ter Campeonato Carioca ap\u00f3s 4 anos","robots":{"index":"index","follow":"follow","max-snippet":"max-snippet:-1","max-image-preview":"max-image-preview:large","max-video-preview":"max-video-preview:-1"},"canonical":"https:\/\/www.gaveanews.com\/index.php\/2024\/01\/12\/rede-globo-volta-a-ter-campeonato-carioca-apos-4-anos\/","og_locale":"pt_BR","og_type":"article","og_title":"Rede Globo volta a ter Campeonato Carioca ap\u00f3s 4 anos","og_description":"Depois de um hiato de quatro anos, a Rede Globo est\u00e1 de volta ao cen\u00e1rio do Campeonato Carioca, desta vez adquirindo os direitos de transmiss\u00e3o dos jogos do Vasco da Gama como mandante. Este acordo significa que os torcedores poder\u00e3o acompanhar o desempenho do time cruzmaltino atrav\u00e9s dos canais SporTV e Premiere, plataformas conhecidas por [&hellip;]","og_url":"https:\/\/www.gaveanews.com\/index.php\/2024\/01\/12\/rede-globo-volta-a-ter-campeonato-carioca-apos-4-anos\/","og_site_name":"G\u00e1vea News","article_publisher":"https:\/\/facebook.com\/gaveaNews\/","article_published_time":"2024-01-13T01:48:15+00:00","article_modified_time":"2024-01-13T01:48:17+00:00","og_image":[{"width":1920,"height":1076,"url":"https:\/\/www.gaveanews.com\/wp-content\/uploads\/2019\/04\/Logomarca-da-Rede-Globo.webp","type":"image\/png"}],"author":"Equipe G\u00e1vea News","twitter_card":"summary_large_image","twitter_misc":{"Escrito por":"Equipe G\u00e1vea News","Est. tempo de leitura":"2 minutos"},"schema":{"@context":"https:\/\/schema.org","@graph":[{"@type":"NewsArticle","@id":"https:\/\/www.gaveanews.com\/index.php\/2024\/01\/12\/rede-globo-volta-a-ter-campeonato-carioca-apos-4-anos\/#article","isPartOf":{"@id":"https:\/\/www.gaveanews.com\/index.php\/2024\/01\/12\/rede-globo-volta-a-ter-campeonato-carioca-apos-4-anos\/"},"author":{"name":"Equipe G\u00e1vea News","@id":"https:\/\/www.gaveanews.com\/#\/schema\/person\/2ec14f73fb96be2caf28f91afb14749d"},"headline":"Rede Globo volta a ter Campeonato Carioca ap\u00f3s 4 anos","datePublished":"2024-01-13T01:48:15+00:00","dateModified":"2024-01-13T01:48:17+00:00","mainEntityOfPage":{"@id":"https:\/\/www.gaveanews.com\/index.php\/2024\/01\/12\/rede-globo-volta-a-ter-campeonato-carioca-apos-4-anos\/"},"wordCount":325,"commentCount":0,"image":{"@id":"https:\/\/www.gaveanews.com\/index.php\/2024\/01\/12\/rede-globo-volta-a-ter-campeonato-carioca-apos-4-anos\/#primaryimage"},"thumbnailUrl":"https:\/\/www.gaveanews.com\/wp-content\/uploads\/2019\/04\/Logomarca-da-Rede-Globo.webp","articleSection":["Flamengo"],"inLanguage":"pt-BR","potentialAction":[{"@type":"CommentAction","name":"Comment","target":["https:\/\/www.gaveanews.com\/index.php\/2024\/01\/12\/rede-globo-volta-a-ter-campeonato-carioca-apos-4-anos\/#respond"]}],"copyrightYear":"2024","copyrightHolder":{"@id":"https:\/\/www.gaveanews.com\/#organization"}},{"@type":"WebPage","@id":"https:\/\/www.gaveanews.com\/index.php\/2024\/01\/12\/rede-globo-volta-a-ter-campeonato-carioca-apos-4-anos\/","url":"https:\/\/www.gaveanews.com\/index.php\/2024\/01\/12\/rede-globo-volta-a-ter-campeonato-carioca-apos-4-anos\/","name":"Rede Globo volta a ter Campeonato Carioca ap\u00f3s 4 anos","isPartOf":{"@id":"https:\/\/www.gaveanews.com\/#website"},"primaryImageOfPage":{"@id":"https:\/\/www.gaveanews.com\/index.php\/2024\/01\/12\/rede-globo-volta-a-ter-campeonato-carioca-apos-4-anos\/#primaryimage"},"image":{"@id":"https:\/\/www.gaveanews.com\/index.php\/2024\/01\/12\/rede-globo-volta-a-ter-campeonato-carioca-apos-4-anos\/#primaryimage"},"thumbnailUrl":"https:\/\/www.gaveanews.com\/wp-content\/uploads\/2019\/04\/Logomarca-da-Rede-Globo.webp","datePublished":"2024-01-13T01:48:15+00:00","dateModified":"2024-01-13T01:48:17+00:00","author":{"@id":"https:\/\/www.gaveanews.com\/#\/schema\/person\/2ec14f73fb96be2caf28f91afb14749d"},"breadcrumb":{"@id":"https:\/\/www.gaveanews.com\/index.php\/2024\/01\/12\/rede-globo-volta-a-ter-campeonato-carioca-apos-4-anos\/#breadcrumb"},"inLanguage":"pt-BR","potentialAction":[{"@type":"ReadAction","target":["https:\/\/www.gaveanews.com\/index.php\/2024\/01\/12\/rede-globo-volta-a-ter-campeonato-carioca-apos-4-anos\/"]}]},{"@type":"ImageObject","inLanguage":"pt-BR","@id":"https:\/\/www.gaveanews.com\/index.php\/2024\/01\/12\/rede-globo-volta-a-ter-campeonato-carioca-apos-4-anos\/#primaryimage","url":"https:\/\/www.gaveanews.com\/wp-content\/uploads\/2019\/04\/Logomarca-da-Rede-Globo.webp","contentUrl":"https:\/\/www.gaveanews.com\/wp-content\/uploads\/2019\/04\/Logomarca-da-Rede-Globo.webp","width":1920,"height":1076,"caption":"Logomarca da Rede Globo (Foto: Reprodu\u00e7\u00e3o)"},{"@type":"BreadcrumbList","@id":"https:\/\/www.gaveanews.com\/index.php\/2024\/01\/12\/rede-globo-volta-a-ter-campeonato-carioca-apos-4-anos\/#breadcrumb","itemListElement":[{"@type":"ListItem","position":1,"name":"Home","item":"https:\/\/www.gaveanews.com\/"},{"@type":"ListItem","position":2,"name":"Rede Globo volta a ter Campeonato Carioca ap\u00f3s 4 anos"}]},{"@type":"WebSite","@id":"https:\/\/www.gaveanews.com\/#website","url":"https:\/\/www.gaveanews.com\/","name":"G\u00e1vea News","description":"Veja todas as not\u00edcias sobre o Flamengo: Contrata\u00e7\u00f5es, categorias de base, resultados das partidas, tabela de classifica\u00e7\u00e3o, pr\u00f3ximos jogos!","potentialAction":[{"@type":"SearchAction","target":{"@type":"EntryPoint","urlTemplate":"https:\/\/www.gaveanews.com\/?s={search_term_string}"},"query-input":{"@type":"PropertyValueSpecification","valueRequired":true,"valueName":"search_term_string"}}],"inLanguage":"pt-BR"},{"@type":"Person","@id":"https:\/\/www.gaveanews.com\/#\/schema\/person\/2ec14f73fb96be2caf28f91afb14749d","name":"Equipe G\u00e1vea News","image":{"@type":"ImageObject","inLanguage":"pt-BR","@id":"https:\/\/www.gaveanews.com\/#\/schema\/person\/image\/","url":"https:\/\/secure.gravatar.com\/avatar\/1e1956f1facbffd3f8fa53a326721950116b3b9dc9bd44939c01180fd4a745a9?s=96&d=mm&r=g","contentUrl":"https:\/\/secure.gravatar.com\/avatar\/1e1956f1facbffd3f8fa53a326721950116b3b9dc9bd44939c01180fd4a745a9?s=96&d=mm&r=g","caption":"Equipe G\u00e1vea News"}}]}},"_links":{"self":[{"href":"https:\/\/www.gaveanews.com\/index.php\/wp-json\/wp\/v2\/posts\/121217","targetHints":{"allow":["GET"]}}],"collection":[{"href":"https:\/\/www.gaveanews.com\/index.php\/wp-json\/wp\/v2\/posts"}],"about":[{"href":"https:\/\/www.gaveanews.com\/index.php\/wp-json\/wp\/v2\/types\/post"}],"author":[{"embeddable":true,"href":"https:\/\/www.gaveanews.com\/index.php\/wp-json\/wp\/v2\/users\/1"}],"replies":[{"embeddable":true,"href":"https:\/\/www.gaveanews.com\/index.php\/wp-json\/wp\/v2\/comments?post=121217"}],"version-history":[{"count":0,"href":"https:\/\/www.gaveanews.com\/index.php\/wp-json\/wp\/v2\/posts\/121217\/revisions"}],"wp:featuredmedia":[{"embeddable":true,"href":"https:\/\/www.gaveanews.com\/index.php\/wp-json\/wp\/v2\/media\/17043"}],"wp:attachment":[{"href":"https:\/\/www.gaveanews.com\/index.php\/wp-json\/wp\/v2\/media?parent=121217"}],"wp:term":[{"taxonomy":"category","embeddable":true,"href":"https:\/\/www.gaveanews.com\/index.php\/wp-json\/wp\/v2\/categories?post=121217"},{"taxonomy":"post_tag","embeddable":true,"href":"https:\/\/www.gaveanews.com\/index.php\/wp-json\/wp\/v2\/tags?post=121217"}],"curies":[{"name":"wp","href":"https:\/\/api.w.org\/{rel}","templated":true}]}}