{"id":121704,"date":"2024-01-17T15:00:36","date_gmt":"2024-01-17T18:00:36","guid":{"rendered":"https:\/\/www.gaveanews.com\/?p=121704"},"modified":"2024-01-17T04:15:11","modified_gmt":"2024-01-17T07:15:11","slug":"atacante-brasileiro-e-vendido-pelo-milan","status":"publish","type":"post","link":"https:\/\/www.gaveanews.com\/index.php\/2024\/01\/17\/atacante-brasileiro-e-vendido-pelo-milan\/","title":{"rendered":"Atacante brasileiro \u00e9 vendido pelo Milan"},"content":{"rendered":"\n<p>Em agosto de 2023, o Genoa trouxe Junior Messias por empr\u00e9stimo do Milan, pagando cerca de 1,5 milh\u00e3o de euros (equivalente a 8 milh\u00f5es de reais na cota\u00e7\u00e3o atual) para concretizar o acordo. Al\u00e9m disso, o clube italiano assegurou o direito de exercer a op\u00e7\u00e3o de compra do jogador.<\/p>\n\n\n\n<p>Agora, em janeiro, o Genoa tomou uma decis\u00e3o importante, ativando a cl\u00e1usula de compra para adquirir Junior Messias em definitivo. Esse acordo envolve um valor total de \u20ac3 milh\u00f5es (16 milh\u00f5es de reais na cota\u00e7\u00e3o atual), consolidando a perman\u00eancia do jogador brasileiro no clube italiano.<\/p>\n\n\n\n<p>Embora Junior Messias tenha despertado interesse de clubes como Torino e Besiktas, o jogador brasileiro optou por permanecer no Genoa. Sua escolha foi motivada pela perspectiva de obter mais tempo de jogo no Genoa, uma oportunidade que ele considerou ben\u00e9fica para sua carreira.<\/p>\n\n\n\n<figure class=\"wp-block-image size-full\"><img loading=\"lazy\" decoding=\"async\" width=\"720\" height=\"480\" src=\"https:\/\/www.gaveanews.com\/wp-content\/uploads\/messias_w_jr30_1705418162988.webp\" alt=\"\" class=\"wp-image-121713\" srcset=\"https:\/\/www.gaveanews.com\/wp-content\/uploads\/messias_w_jr30_1705418162988.webp 720w, https:\/\/www.gaveanews.com\/wp-content\/uploads\/messias_w_jr30_1705418162988-300x200.webp 300w, https:\/\/www.gaveanews.com\/wp-content\/uploads\/messias_w_jr30_1705418162988-630x420.webp 630w, https:\/\/www.gaveanews.com\/wp-content\/uploads\/messias_w_jr30_1705418162988-640x427.webp 640w, https:\/\/www.gaveanews.com\/wp-content\/uploads\/messias_w_jr30_1705418162988-681x454.webp 681w, https:\/\/www.gaveanews.com\/wp-content\/uploads\/messias_w_jr30_1705418162988-100x67.webp 100w\" sizes=\"auto, (max-width: 720px) 100vw, 720px\" \/><figcaption class=\"wp-element-caption\">Junior Messias em a\u00e7\u00e3o pelo Genoa (Foto: Reprodu\u00e7\u00e3o\/Instagram)<\/figcaption><\/figure>\n\n\n\n<p>Com 32 anos, Junior Messias ganhou reconhecimento na It\u00e1lia devido \u00e0s suas impressionantes atua\u00e7\u00f5es durante sua passagem pelo Crotone em 2020. No Milan, onde participou de 68 partidas, ele contribuiu com 12 gols e cinco assist\u00eancias, demonstrando sua habilidade e versatilidade como jogador.<\/p>\n","protected":false},"excerpt":{"rendered":"<p>Em agosto de 2023, o Genoa trouxe Junior Messias por empr\u00e9stimo do Milan, pagando cerca de 1,5 milh\u00e3o de euros (equivalente a 8 milh\u00f5es de reais na cota\u00e7\u00e3o atual) para concretizar o acordo. Al\u00e9m disso, o clube italiano assegurou o direito de exercer a op\u00e7\u00e3o de compra do jogador. Agora, em janeiro, o Genoa tomou [&hellip;]<\/p>\n","protected":false},"author":15,"featured_media":121574,"comment_status":"open","ping_status":"closed","sticky":false,"template":"","format":"standard","meta":{"footnotes":""},"categories":[78],"tags":[],"class_list":["post-121704","post","type-post","status-publish","format-standard","has-post-thumbnail","hentry","category-futebol-internacional"],"yoast_head":"<!-- This site is optimized with the Yoast SEO Premium plugin v24.2 (Yoast SEO v26.9) - https:\/\/yoast.com\/product\/yoast-seo-premium-wordpress\/ -->\n<title>Atacante brasileiro \u00e9 vendido pelo Milan<\/title>\n<meta name=\"robots\" content=\"index, follow, max-snippet:-1, max-image-preview:large, max-video-preview:-1\" \/>\n<link rel=\"canonical\" href=\"https:\/\/www.gaveanews.com\/index.php\/2024\/01\/17\/atacante-brasileiro-e-vendido-pelo-milan\/\" \/>\n<meta property=\"og:locale\" content=\"pt_BR\" \/>\n<meta property=\"og:type\" content=\"article\" \/>\n<meta property=\"og:title\" content=\"Atacante brasileiro \u00e9 vendido pelo Milan\" \/>\n<meta property=\"og:description\" content=\"Em agosto de 2023, o Genoa trouxe Junior Messias por empr\u00e9stimo do Milan, pagando cerca de 1,5 milh\u00e3o de euros (equivalente a 8 milh\u00f5es de reais na cota\u00e7\u00e3o atual) para concretizar o acordo. Al\u00e9m disso, o clube italiano assegurou o direito de exercer a op\u00e7\u00e3o de compra do jogador. Agora, em janeiro, o Genoa tomou [&hellip;]\" \/>\n<meta property=\"og:url\" content=\"https:\/\/www.gaveanews.com\/index.php\/2024\/01\/17\/atacante-brasileiro-e-vendido-pelo-milan\/\" \/>\n<meta property=\"og:site_name\" content=\"G\u00e1vea News\" \/>\n<meta property=\"article:publisher\" content=\"https:\/\/facebook.com\/gaveaNews\/\" \/>\n<meta property=\"article:published_time\" content=\"2024-01-17T18:00:36+00:00\" \/>\n<meta property=\"og:image\" content=\"https:\/\/www.gaveanews.com\/wp-content\/uploads\/milanescudo.webp\" \/>\n\t<meta property=\"og:image:width\" content=\"711\" \/>\n\t<meta property=\"og:image:height\" content=\"410\" \/>\n\t<meta property=\"og:image:type\" content=\"image\/webp\" \/>\n<meta name=\"author\" content=\"Henrique Machado\" \/>\n<meta name=\"twitter:card\" content=\"summary_large_image\" \/>\n<meta name=\"twitter:label1\" content=\"Escrito por\" \/>\n\t<meta name=\"twitter:data1\" content=\"Henrique Machado\" \/>\n\t<meta name=\"twitter:label2\" content=\"Est. tempo de leitura\" \/>\n\t<meta name=\"twitter:data2\" content=\"2 minutos\" \/>\n<script type=\"application\/ld+json\" class=\"yoast-schema-graph\">{\"@context\":\"https:\/\/schema.org\",\"@graph\":[{\"@type\":\"NewsArticle\",\"@id\":\"https:\/\/www.gaveanews.com\/index.php\/2024\/01\/17\/atacante-brasileiro-e-vendido-pelo-milan\/#article\",\"isPartOf\":{\"@id\":\"https:\/\/www.gaveanews.com\/index.php\/2024\/01\/17\/atacante-brasileiro-e-vendido-pelo-milan\/\"},\"author\":{\"name\":\"Henrique Machado\",\"@id\":\"https:\/\/www.gaveanews.com\/#\/schema\/person\/fd07635ec039ec3ba74ad18ec8a6dbd6\"},\"headline\":\"Atacante brasileiro \u00e9 vendido pelo Milan\",\"datePublished\":\"2024-01-17T18:00:36+00:00\",\"mainEntityOfPage\":{\"@id\":\"https:\/\/www.gaveanews.com\/index.php\/2024\/01\/17\/atacante-brasileiro-e-vendido-pelo-milan\/\"},\"wordCount\":203,\"commentCount\":0,\"image\":{\"@id\":\"https:\/\/www.gaveanews.com\/index.php\/2024\/01\/17\/atacante-brasileiro-e-vendido-pelo-milan\/#primaryimage\"},\"thumbnailUrl\":\"https:\/\/www.gaveanews.com\/wp-content\/uploads\/milanescudo.webp\",\"articleSection\":[\"Futebol Internacional\"],\"inLanguage\":\"pt-BR\",\"potentialAction\":[{\"@type\":\"CommentAction\",\"name\":\"Comment\",\"target\":[\"https:\/\/www.gaveanews.com\/index.php\/2024\/01\/17\/atacante-brasileiro-e-vendido-pelo-milan\/#respond\"]}],\"copyrightYear\":\"2024\",\"copyrightHolder\":{\"@id\":\"https:\/\/www.gaveanews.com\/#organization\"}},{\"@type\":\"WebPage\",\"@id\":\"https:\/\/www.gaveanews.com\/index.php\/2024\/01\/17\/atacante-brasileiro-e-vendido-pelo-milan\/\",\"url\":\"https:\/\/www.gaveanews.com\/index.php\/2024\/01\/17\/atacante-brasileiro-e-vendido-pelo-milan\/\",\"name\":\"Atacante brasileiro \u00e9 vendido pelo Milan\",\"isPartOf\":{\"@id\":\"https:\/\/www.gaveanews.com\/#website\"},\"primaryImageOfPage\":{\"@id\":\"https:\/\/www.gaveanews.com\/index.php\/2024\/01\/17\/atacante-brasileiro-e-vendido-pelo-milan\/#primaryimage\"},\"image\":{\"@id\":\"https:\/\/www.gaveanews.com\/index.php\/2024\/01\/17\/atacante-brasileiro-e-vendido-pelo-milan\/#primaryimage\"},\"thumbnailUrl\":\"https:\/\/www.gaveanews.com\/wp-content\/uploads\/milanescudo.webp\",\"datePublished\":\"2024-01-17T18:00:36+00:00\",\"author\":{\"@id\":\"https:\/\/www.gaveanews.com\/#\/schema\/person\/fd07635ec039ec3ba74ad18ec8a6dbd6\"},\"breadcrumb\":{\"@id\":\"https:\/\/www.gaveanews.com\/index.php\/2024\/01\/17\/atacante-brasileiro-e-vendido-pelo-milan\/#breadcrumb\"},\"inLanguage\":\"pt-BR\",\"potentialAction\":[{\"@type\":\"ReadAction\",\"target\":[\"https:\/\/www.gaveanews.com\/index.php\/2024\/01\/17\/atacante-brasileiro-e-vendido-pelo-milan\/\"]}]},{\"@type\":\"ImageObject\",\"inLanguage\":\"pt-BR\",\"@id\":\"https:\/\/www.gaveanews.com\/index.php\/2024\/01\/17\/atacante-brasileiro-e-vendido-pelo-milan\/#primaryimage\",\"url\":\"https:\/\/www.gaveanews.com\/wp-content\/uploads\/milanescudo.webp\",\"contentUrl\":\"https:\/\/www.gaveanews.com\/wp-content\/uploads\/milanescudo.webp\",\"width\":711,\"height\":410,\"caption\":\"Escudo do Milan (Foto: Reprodu\u00e7\u00e3o)\"},{\"@type\":\"BreadcrumbList\",\"@id\":\"https:\/\/www.gaveanews.com\/index.php\/2024\/01\/17\/atacante-brasileiro-e-vendido-pelo-milan\/#breadcrumb\",\"itemListElement\":[{\"@type\":\"ListItem\",\"position\":1,\"name\":\"Home\",\"item\":\"https:\/\/www.gaveanews.com\/\"},{\"@type\":\"ListItem\",\"position\":2,\"name\":\"Atacante brasileiro \u00e9 vendido pelo Milan\"}]},{\"@type\":\"WebSite\",\"@id\":\"https:\/\/www.gaveanews.com\/#website\",\"url\":\"https:\/\/www.gaveanews.com\/\",\"name\":\"G\u00e1vea News\",\"description\":\"Veja todas as not\u00edcias sobre o Flamengo: Contrata\u00e7\u00f5es, categorias de base, resultados das partidas, tabela de classifica\u00e7\u00e3o, pr\u00f3ximos jogos!\",\"potentialAction\":[{\"@type\":\"SearchAction\",\"target\":{\"@type\":\"EntryPoint\",\"urlTemplate\":\"https:\/\/www.gaveanews.com\/?s={search_term_string}\"},\"query-input\":{\"@type\":\"PropertyValueSpecification\",\"valueRequired\":true,\"valueName\":\"search_term_string\"}}],\"inLanguage\":\"pt-BR\"},{\"@type\":\"Person\",\"@id\":\"https:\/\/www.gaveanews.com\/#\/schema\/person\/fd07635ec039ec3ba74ad18ec8a6dbd6\",\"name\":\"Henrique Machado\",\"image\":{\"@type\":\"ImageObject\",\"inLanguage\":\"pt-BR\",\"@id\":\"https:\/\/www.gaveanews.com\/#\/schema\/person\/image\/\",\"url\":\"https:\/\/secure.gravatar.com\/avatar\/b95e35997e01d9800c1b6184bd79d4d898d370a3fce2584f5c77b907d5c7d9e9?s=96&d=mm&r=g\",\"contentUrl\":\"https:\/\/secure.gravatar.com\/avatar\/b95e35997e01d9800c1b6184bd79d4d898d370a3fce2584f5c77b907d5c7d9e9?s=96&d=mm&r=g\",\"caption\":\"Henrique Machado\"}}]}<\/script>\n<!-- \/ Yoast SEO Premium plugin. -->","yoast_head_json":{"title":"Atacante brasileiro \u00e9 vendido pelo Milan","robots":{"index":"index","follow":"follow","max-snippet":"max-snippet:-1","max-image-preview":"max-image-preview:large","max-video-preview":"max-video-preview:-1"},"canonical":"https:\/\/www.gaveanews.com\/index.php\/2024\/01\/17\/atacante-brasileiro-e-vendido-pelo-milan\/","og_locale":"pt_BR","og_type":"article","og_title":"Atacante brasileiro \u00e9 vendido pelo Milan","og_description":"Em agosto de 2023, o Genoa trouxe Junior Messias por empr\u00e9stimo do Milan, pagando cerca de 1,5 milh\u00e3o de euros (equivalente a 8 milh\u00f5es de reais na cota\u00e7\u00e3o atual) para concretizar o acordo. Al\u00e9m disso, o clube italiano assegurou o direito de exercer a op\u00e7\u00e3o de compra do jogador. Agora, em janeiro, o Genoa tomou [&hellip;]","og_url":"https:\/\/www.gaveanews.com\/index.php\/2024\/01\/17\/atacante-brasileiro-e-vendido-pelo-milan\/","og_site_name":"G\u00e1vea News","article_publisher":"https:\/\/facebook.com\/gaveaNews\/","article_published_time":"2024-01-17T18:00:36+00:00","og_image":[{"width":711,"height":410,"url":"https:\/\/www.gaveanews.com\/wp-content\/uploads\/milanescudo.webp","type":"image\/webp"}],"author":"Henrique Machado","twitter_card":"summary_large_image","twitter_misc":{"Escrito por":"Henrique Machado","Est. tempo de leitura":"2 minutos"},"schema":{"@context":"https:\/\/schema.org","@graph":[{"@type":"NewsArticle","@id":"https:\/\/www.gaveanews.com\/index.php\/2024\/01\/17\/atacante-brasileiro-e-vendido-pelo-milan\/#article","isPartOf":{"@id":"https:\/\/www.gaveanews.com\/index.php\/2024\/01\/17\/atacante-brasileiro-e-vendido-pelo-milan\/"},"author":{"name":"Henrique Machado","@id":"https:\/\/www.gaveanews.com\/#\/schema\/person\/fd07635ec039ec3ba74ad18ec8a6dbd6"},"headline":"Atacante brasileiro \u00e9 vendido pelo Milan","datePublished":"2024-01-17T18:00:36+00:00","mainEntityOfPage":{"@id":"https:\/\/www.gaveanews.com\/index.php\/2024\/01\/17\/atacante-brasileiro-e-vendido-pelo-milan\/"},"wordCount":203,"commentCount":0,"image":{"@id":"https:\/\/www.gaveanews.com\/index.php\/2024\/01\/17\/atacante-brasileiro-e-vendido-pelo-milan\/#primaryimage"},"thumbnailUrl":"https:\/\/www.gaveanews.com\/wp-content\/uploads\/milanescudo.webp","articleSection":["Futebol Internacional"],"inLanguage":"pt-BR","potentialAction":[{"@type":"CommentAction","name":"Comment","target":["https:\/\/www.gaveanews.com\/index.php\/2024\/01\/17\/atacante-brasileiro-e-vendido-pelo-milan\/#respond"]}],"copyrightYear":"2024","copyrightHolder":{"@id":"https:\/\/www.gaveanews.com\/#organization"}},{"@type":"WebPage","@id":"https:\/\/www.gaveanews.com\/index.php\/2024\/01\/17\/atacante-brasileiro-e-vendido-pelo-milan\/","url":"https:\/\/www.gaveanews.com\/index.php\/2024\/01\/17\/atacante-brasileiro-e-vendido-pelo-milan\/","name":"Atacante brasileiro \u00e9 vendido pelo Milan","isPartOf":{"@id":"https:\/\/www.gaveanews.com\/#website"},"primaryImageOfPage":{"@id":"https:\/\/www.gaveanews.com\/index.php\/2024\/01\/17\/atacante-brasileiro-e-vendido-pelo-milan\/#primaryimage"},"image":{"@id":"https:\/\/www.gaveanews.com\/index.php\/2024\/01\/17\/atacante-brasileiro-e-vendido-pelo-milan\/#primaryimage"},"thumbnailUrl":"https:\/\/www.gaveanews.com\/wp-content\/uploads\/milanescudo.webp","datePublished":"2024-01-17T18:00:36+00:00","author":{"@id":"https:\/\/www.gaveanews.com\/#\/schema\/person\/fd07635ec039ec3ba74ad18ec8a6dbd6"},"breadcrumb":{"@id":"https:\/\/www.gaveanews.com\/index.php\/2024\/01\/17\/atacante-brasileiro-e-vendido-pelo-milan\/#breadcrumb"},"inLanguage":"pt-BR","potentialAction":[{"@type":"ReadAction","target":["https:\/\/www.gaveanews.com\/index.php\/2024\/01\/17\/atacante-brasileiro-e-vendido-pelo-milan\/"]}]},{"@type":"ImageObject","inLanguage":"pt-BR","@id":"https:\/\/www.gaveanews.com\/index.php\/2024\/01\/17\/atacante-brasileiro-e-vendido-pelo-milan\/#primaryimage","url":"https:\/\/www.gaveanews.com\/wp-content\/uploads\/milanescudo.webp","contentUrl":"https:\/\/www.gaveanews.com\/wp-content\/uploads\/milanescudo.webp","width":711,"height":410,"caption":"Escudo do Milan (Foto: Reprodu\u00e7\u00e3o)"},{"@type":"BreadcrumbList","@id":"https:\/\/www.gaveanews.com\/index.php\/2024\/01\/17\/atacante-brasileiro-e-vendido-pelo-milan\/#breadcrumb","itemListElement":[{"@type":"ListItem","position":1,"name":"Home","item":"https:\/\/www.gaveanews.com\/"},{"@type":"ListItem","position":2,"name":"Atacante brasileiro \u00e9 vendido pelo Milan"}]},{"@type":"WebSite","@id":"https:\/\/www.gaveanews.com\/#website","url":"https:\/\/www.gaveanews.com\/","name":"G\u00e1vea News","description":"Veja todas as not\u00edcias sobre o Flamengo: Contrata\u00e7\u00f5es, categorias de base, resultados das partidas, tabela de classifica\u00e7\u00e3o, pr\u00f3ximos jogos!","potentialAction":[{"@type":"SearchAction","target":{"@type":"EntryPoint","urlTemplate":"https:\/\/www.gaveanews.com\/?s={search_term_string}"},"query-input":{"@type":"PropertyValueSpecification","valueRequired":true,"valueName":"search_term_string"}}],"inLanguage":"pt-BR"},{"@type":"Person","@id":"https:\/\/www.gaveanews.com\/#\/schema\/person\/fd07635ec039ec3ba74ad18ec8a6dbd6","name":"Henrique Machado","image":{"@type":"ImageObject","inLanguage":"pt-BR","@id":"https:\/\/www.gaveanews.com\/#\/schema\/person\/image\/","url":"https:\/\/secure.gravatar.com\/avatar\/b95e35997e01d9800c1b6184bd79d4d898d370a3fce2584f5c77b907d5c7d9e9?s=96&d=mm&r=g","contentUrl":"https:\/\/secure.gravatar.com\/avatar\/b95e35997e01d9800c1b6184bd79d4d898d370a3fce2584f5c77b907d5c7d9e9?s=96&d=mm&r=g","caption":"Henrique Machado"}}]}},"_links":{"self":[{"href":"https:\/\/www.gaveanews.com\/index.php\/wp-json\/wp\/v2\/posts\/121704","targetHints":{"allow":["GET"]}}],"collection":[{"href":"https:\/\/www.gaveanews.com\/index.php\/wp-json\/wp\/v2\/posts"}],"about":[{"href":"https:\/\/www.gaveanews.com\/index.php\/wp-json\/wp\/v2\/types\/post"}],"author":[{"embeddable":true,"href":"https:\/\/www.gaveanews.com\/index.php\/wp-json\/wp\/v2\/users\/15"}],"replies":[{"embeddable":true,"href":"https:\/\/www.gaveanews.com\/index.php\/wp-json\/wp\/v2\/comments?post=121704"}],"version-history":[{"count":0,"href":"https:\/\/www.gaveanews.com\/index.php\/wp-json\/wp\/v2\/posts\/121704\/revisions"}],"wp:featuredmedia":[{"embeddable":true,"href":"https:\/\/www.gaveanews.com\/index.php\/wp-json\/wp\/v2\/media\/121574"}],"wp:attachment":[{"href":"https:\/\/www.gaveanews.com\/index.php\/wp-json\/wp\/v2\/media?parent=121704"}],"wp:term":[{"taxonomy":"category","embeddable":true,"href":"https:\/\/www.gaveanews.com\/index.php\/wp-json\/wp\/v2\/categories?post=121704"},{"taxonomy":"post_tag","embeddable":true,"href":"https:\/\/www.gaveanews.com\/index.php\/wp-json\/wp\/v2\/tags?post=121704"}],"curies":[{"name":"wp","href":"https:\/\/api.w.org\/{rel}","templated":true}]}}