{"id":121919,"date":"2024-01-16T22:22:11","date_gmt":"2024-01-17T01:22:11","guid":{"rendered":"https:\/\/www.gaveanews.com\/?p=121919"},"modified":"2024-01-16T22:22:13","modified_gmt":"2024-01-17T01:22:13","slug":"imprensa-da-europa-afirma-que-vinicius-junior-pode-deixar-o-real-madrid","status":"publish","type":"post","link":"https:\/\/www.gaveanews.com\/index.php\/2024\/01\/16\/imprensa-da-europa-afirma-que-vinicius-junior-pode-deixar-o-real-madrid\/","title":{"rendered":"Imprensa da Europa afirma que Vinicius J\u00fanior pode deixar o Real Madrid"},"content":{"rendered":"\n<p>O Manchester United, sob nova dire\u00e7\u00e3o com Sir James Ratcliffe, parece pronto para agitar o mercado de transfer\u00eancias. O foco? Ningu\u00e9m menos que Vin\u00edcius J\u00fanior, o prod\u00edgio brasileiro que tem deslumbrado na Europa com o manto do Real Madrid. A proposta? Astron\u00f4mica! Estamos falando de uma cifra na casa dos 150 milh\u00f5es de euros, algo em torno de R$ 800 milh\u00f5es.<\/p>\n\n\n\n<p>Desde que Ratcliffe assumiu 25% do clube ingl\u00eas, o vento parece soprar a favor de Old Trafford. O magnata promete investimentos robustos e a contrata\u00e7\u00e3o de Vin\u00edcius seria uma declara\u00e7\u00e3o de inten\u00e7\u00f5es, uma jogada de mestre no xadrez do futebol europeu. O brasileiro, com seus dribles estonteantes e gols decisivos, n\u00e3o apenas elevaria o n\u00edvel t\u00e9cnico do United mas tamb\u00e9m traria aquele brilho, aquela magia que os torcedores tanto anseiam.<\/p>\n\n\n\n<p>Do outro lado, o Real Madrid, sob a batuta de Florentino P\u00e9rez, n\u00e3o fecha as portas para uma negocia\u00e7\u00e3o. Afinal, no futebol de alto n\u00edvel, cada jogada \u00e9 um lance estrat\u00e9gico e P\u00e9rez sabe disso. A venda de Vin\u00edcius poderia abrir os cofres para a chegada de Kylian Mbapp\u00e9, outro nome que faz o mercado ferver. E se tem algo que o Real Madrid entende bem, \u00e9 como jogar esse jogo.<\/p>\n\n\n\n<p>Vin\u00edcius, por sua vez, tem provado seu valor. Um hat-trick na Supercopa da Espanha e a nomea\u00e7\u00e3o para o time ideal do mundo no The Best da FIFA s\u00e3o cart\u00f5es de visitas que poucos podem apresentar. Apesar de uma temporada marcada por les\u00f5es, o brasileiro n\u00e3o deixou sua estrela se apagar. Ao contr\u00e1rio, cada vez que pisa no gramado, mostra porque clubes como o Manchester United est\u00e3o dispostos a abrir seus cofres.<\/p>\n\n\n\n<p>Para o Flamengo, clube que revelou Vin\u00edcius, a negocia\u00e7\u00e3o tamb\u00e9m \u00e9 vista com bons olhos. Afinal, 2,5% de uma transfer\u00eancia desse calibre n\u00e3o \u00e9 algo que se possa ignorar. <\/p>\n","protected":false},"excerpt":{"rendered":"<p>O Manchester United, sob nova dire\u00e7\u00e3o com Sir James Ratcliffe, parece pronto para agitar o mercado de transfer\u00eancias. O foco? Ningu\u00e9m menos que Vin\u00edcius J\u00fanior, o prod\u00edgio brasileiro que tem deslumbrado na Europa com o manto do Real Madrid. A proposta? Astron\u00f4mica! Estamos falando de uma cifra na casa dos 150 milh\u00f5es de euros, algo [&hellip;]<\/p>\n","protected":false},"author":1,"featured_media":96403,"comment_status":"open","ping_status":"closed","sticky":false,"template":"","format":"standard","meta":{"footnotes":""},"categories":[1],"tags":[],"class_list":["post-121919","post","type-post","status-publish","format-standard","has-post-thumbnail","hentry","category-flamengo"],"yoast_head":"<!-- This site is optimized with the Yoast SEO Premium plugin v24.2 (Yoast SEO v26.9) - https:\/\/yoast.com\/product\/yoast-seo-premium-wordpress\/ -->\n<title>Imprensa da Europa afirma que Vinicius J\u00fanior pode deixar o Real Madrid<\/title>\n<meta name=\"robots\" content=\"index, follow, max-snippet:-1, max-image-preview:large, max-video-preview:-1\" \/>\n<link rel=\"canonical\" href=\"https:\/\/www.gaveanews.com\/index.php\/2024\/01\/16\/imprensa-da-europa-afirma-que-vinicius-junior-pode-deixar-o-real-madrid\/\" \/>\n<meta property=\"og:locale\" content=\"pt_BR\" \/>\n<meta property=\"og:type\" content=\"article\" \/>\n<meta property=\"og:title\" content=\"Imprensa da Europa afirma que Vinicius J\u00fanior pode deixar o Real Madrid\" \/>\n<meta property=\"og:description\" content=\"O Manchester United, sob nova dire\u00e7\u00e3o com Sir James Ratcliffe, parece pronto para agitar o mercado de transfer\u00eancias. O foco? Ningu\u00e9m menos que Vin\u00edcius J\u00fanior, o prod\u00edgio brasileiro que tem deslumbrado na Europa com o manto do Real Madrid. A proposta? Astron\u00f4mica! Estamos falando de uma cifra na casa dos 150 milh\u00f5es de euros, algo [&hellip;]\" \/>\n<meta property=\"og:url\" content=\"https:\/\/www.gaveanews.com\/index.php\/2024\/01\/16\/imprensa-da-europa-afirma-que-vinicius-junior-pode-deixar-o-real-madrid\/\" \/>\n<meta property=\"og:site_name\" content=\"G\u00e1vea News\" \/>\n<meta property=\"article:publisher\" content=\"https:\/\/facebook.com\/gaveaNews\/\" \/>\n<meta property=\"article:published_time\" content=\"2024-01-17T01:22:11+00:00\" \/>\n<meta property=\"article:modified_time\" content=\"2024-01-17T01:22:13+00:00\" \/>\n<meta property=\"og:image\" content=\"https:\/\/www.gaveanews.com\/wp-content\/uploads\/De-forma-descontraida-Vinicius-Junior-danca-apos-marcar-um-gol-pelo-Real-Madrid.webp\" \/>\n\t<meta property=\"og:image:width\" content=\"1440\" \/>\n\t<meta property=\"og:image:height\" content=\"1798\" \/>\n\t<meta property=\"og:image:type\" content=\"image\/jpeg\" \/>\n<meta name=\"author\" content=\"Equipe G\u00e1vea News\" \/>\n<meta name=\"twitter:card\" content=\"summary_large_image\" \/>\n<meta name=\"twitter:label1\" content=\"Escrito por\" \/>\n\t<meta name=\"twitter:data1\" content=\"Equipe G\u00e1vea News\" \/>\n\t<meta name=\"twitter:label2\" content=\"Est. tempo de leitura\" \/>\n\t<meta name=\"twitter:data2\" content=\"2 minutos\" \/>\n<script type=\"application\/ld+json\" class=\"yoast-schema-graph\">{\"@context\":\"https:\/\/schema.org\",\"@graph\":[{\"@type\":\"NewsArticle\",\"@id\":\"https:\/\/www.gaveanews.com\/index.php\/2024\/01\/16\/imprensa-da-europa-afirma-que-vinicius-junior-pode-deixar-o-real-madrid\/#article\",\"isPartOf\":{\"@id\":\"https:\/\/www.gaveanews.com\/index.php\/2024\/01\/16\/imprensa-da-europa-afirma-que-vinicius-junior-pode-deixar-o-real-madrid\/\"},\"author\":{\"name\":\"Equipe G\u00e1vea News\",\"@id\":\"https:\/\/www.gaveanews.com\/#\/schema\/person\/2ec14f73fb96be2caf28f91afb14749d\"},\"headline\":\"Imprensa da Europa afirma que Vinicius J\u00fanior pode deixar o Real Madrid\",\"datePublished\":\"2024-01-17T01:22:11+00:00\",\"dateModified\":\"2024-01-17T01:22:13+00:00\",\"mainEntityOfPage\":{\"@id\":\"https:\/\/www.gaveanews.com\/index.php\/2024\/01\/16\/imprensa-da-europa-afirma-que-vinicius-junior-pode-deixar-o-real-madrid\/\"},\"wordCount\":346,\"commentCount\":0,\"image\":{\"@id\":\"https:\/\/www.gaveanews.com\/index.php\/2024\/01\/16\/imprensa-da-europa-afirma-que-vinicius-junior-pode-deixar-o-real-madrid\/#primaryimage\"},\"thumbnailUrl\":\"https:\/\/www.gaveanews.com\/wp-content\/uploads\/De-forma-descontraida-Vinicius-Junior-danca-apos-marcar-um-gol-pelo-Real-Madrid.webp\",\"articleSection\":[\"Flamengo\"],\"inLanguage\":\"pt-BR\",\"potentialAction\":[{\"@type\":\"CommentAction\",\"name\":\"Comment\",\"target\":[\"https:\/\/www.gaveanews.com\/index.php\/2024\/01\/16\/imprensa-da-europa-afirma-que-vinicius-junior-pode-deixar-o-real-madrid\/#respond\"]}],\"copyrightYear\":\"2024\",\"copyrightHolder\":{\"@id\":\"https:\/\/www.gaveanews.com\/#organization\"}},{\"@type\":\"WebPage\",\"@id\":\"https:\/\/www.gaveanews.com\/index.php\/2024\/01\/16\/imprensa-da-europa-afirma-que-vinicius-junior-pode-deixar-o-real-madrid\/\",\"url\":\"https:\/\/www.gaveanews.com\/index.php\/2024\/01\/16\/imprensa-da-europa-afirma-que-vinicius-junior-pode-deixar-o-real-madrid\/\",\"name\":\"Imprensa da Europa afirma que Vinicius J\u00fanior pode deixar o Real Madrid\",\"isPartOf\":{\"@id\":\"https:\/\/www.gaveanews.com\/#website\"},\"primaryImageOfPage\":{\"@id\":\"https:\/\/www.gaveanews.com\/index.php\/2024\/01\/16\/imprensa-da-europa-afirma-que-vinicius-junior-pode-deixar-o-real-madrid\/#primaryimage\"},\"image\":{\"@id\":\"https:\/\/www.gaveanews.com\/index.php\/2024\/01\/16\/imprensa-da-europa-afirma-que-vinicius-junior-pode-deixar-o-real-madrid\/#primaryimage\"},\"thumbnailUrl\":\"https:\/\/www.gaveanews.com\/wp-content\/uploads\/De-forma-descontraida-Vinicius-Junior-danca-apos-marcar-um-gol-pelo-Real-Madrid.webp\",\"datePublished\":\"2024-01-17T01:22:11+00:00\",\"dateModified\":\"2024-01-17T01:22:13+00:00\",\"author\":{\"@id\":\"https:\/\/www.gaveanews.com\/#\/schema\/person\/2ec14f73fb96be2caf28f91afb14749d\"},\"breadcrumb\":{\"@id\":\"https:\/\/www.gaveanews.com\/index.php\/2024\/01\/16\/imprensa-da-europa-afirma-que-vinicius-junior-pode-deixar-o-real-madrid\/#breadcrumb\"},\"inLanguage\":\"pt-BR\",\"potentialAction\":[{\"@type\":\"ReadAction\",\"target\":[\"https:\/\/www.gaveanews.com\/index.php\/2024\/01\/16\/imprensa-da-europa-afirma-que-vinicius-junior-pode-deixar-o-real-madrid\/\"]}]},{\"@type\":\"ImageObject\",\"inLanguage\":\"pt-BR\",\"@id\":\"https:\/\/www.gaveanews.com\/index.php\/2024\/01\/16\/imprensa-da-europa-afirma-que-vinicius-junior-pode-deixar-o-real-madrid\/#primaryimage\",\"url\":\"https:\/\/www.gaveanews.com\/wp-content\/uploads\/De-forma-descontraida-Vinicius-Junior-danca-apos-marcar-um-gol-pelo-Real-Madrid.webp\",\"contentUrl\":\"https:\/\/www.gaveanews.com\/wp-content\/uploads\/De-forma-descontraida-Vinicius-Junior-danca-apos-marcar-um-gol-pelo-Real-Madrid.webp\",\"width\":1440,\"height\":1798,\"caption\":\"De forma descontra\u00edda, Vinicius J\u00fanior dan\u00e7a ap\u00f3s marcar um gol pelo Real Madrid (Foto: Reprodu\u00e7\u00e3o\/Instagram)\"},{\"@type\":\"BreadcrumbList\",\"@id\":\"https:\/\/www.gaveanews.com\/index.php\/2024\/01\/16\/imprensa-da-europa-afirma-que-vinicius-junior-pode-deixar-o-real-madrid\/#breadcrumb\",\"itemListElement\":[{\"@type\":\"ListItem\",\"position\":1,\"name\":\"Home\",\"item\":\"https:\/\/www.gaveanews.com\/\"},{\"@type\":\"ListItem\",\"position\":2,\"name\":\"Imprensa da Europa afirma que Vinicius J\u00fanior pode deixar o Real Madrid\"}]},{\"@type\":\"WebSite\",\"@id\":\"https:\/\/www.gaveanews.com\/#website\",\"url\":\"https:\/\/www.gaveanews.com\/\",\"name\":\"G\u00e1vea News\",\"description\":\"Veja todas as not\u00edcias sobre o Flamengo: Contrata\u00e7\u00f5es, categorias de base, resultados das partidas, tabela de classifica\u00e7\u00e3o, pr\u00f3ximos jogos!\",\"potentialAction\":[{\"@type\":\"SearchAction\",\"target\":{\"@type\":\"EntryPoint\",\"urlTemplate\":\"https:\/\/www.gaveanews.com\/?s={search_term_string}\"},\"query-input\":{\"@type\":\"PropertyValueSpecification\",\"valueRequired\":true,\"valueName\":\"search_term_string\"}}],\"inLanguage\":\"pt-BR\"},{\"@type\":\"Person\",\"@id\":\"https:\/\/www.gaveanews.com\/#\/schema\/person\/2ec14f73fb96be2caf28f91afb14749d\",\"name\":\"Equipe G\u00e1vea News\",\"image\":{\"@type\":\"ImageObject\",\"inLanguage\":\"pt-BR\",\"@id\":\"https:\/\/www.gaveanews.com\/#\/schema\/person\/image\/\",\"url\":\"https:\/\/secure.gravatar.com\/avatar\/1e1956f1facbffd3f8fa53a326721950116b3b9dc9bd44939c01180fd4a745a9?s=96&d=mm&r=g\",\"contentUrl\":\"https:\/\/secure.gravatar.com\/avatar\/1e1956f1facbffd3f8fa53a326721950116b3b9dc9bd44939c01180fd4a745a9?s=96&d=mm&r=g\",\"caption\":\"Equipe G\u00e1vea News\"}}]}<\/script>\n<!-- \/ Yoast SEO Premium plugin. -->","yoast_head_json":{"title":"Imprensa da Europa afirma que Vinicius J\u00fanior pode deixar o Real Madrid","robots":{"index":"index","follow":"follow","max-snippet":"max-snippet:-1","max-image-preview":"max-image-preview:large","max-video-preview":"max-video-preview:-1"},"canonical":"https:\/\/www.gaveanews.com\/index.php\/2024\/01\/16\/imprensa-da-europa-afirma-que-vinicius-junior-pode-deixar-o-real-madrid\/","og_locale":"pt_BR","og_type":"article","og_title":"Imprensa da Europa afirma que Vinicius J\u00fanior pode deixar o Real Madrid","og_description":"O Manchester United, sob nova dire\u00e7\u00e3o com Sir James Ratcliffe, parece pronto para agitar o mercado de transfer\u00eancias. O foco? Ningu\u00e9m menos que Vin\u00edcius J\u00fanior, o prod\u00edgio brasileiro que tem deslumbrado na Europa com o manto do Real Madrid. A proposta? Astron\u00f4mica! Estamos falando de uma cifra na casa dos 150 milh\u00f5es de euros, algo [&hellip;]","og_url":"https:\/\/www.gaveanews.com\/index.php\/2024\/01\/16\/imprensa-da-europa-afirma-que-vinicius-junior-pode-deixar-o-real-madrid\/","og_site_name":"G\u00e1vea News","article_publisher":"https:\/\/facebook.com\/gaveaNews\/","article_published_time":"2024-01-17T01:22:11+00:00","article_modified_time":"2024-01-17T01:22:13+00:00","og_image":[{"width":1440,"height":1798,"url":"https:\/\/www.gaveanews.com\/wp-content\/uploads\/De-forma-descontraida-Vinicius-Junior-danca-apos-marcar-um-gol-pelo-Real-Madrid.webp","type":"image\/jpeg"}],"author":"Equipe G\u00e1vea News","twitter_card":"summary_large_image","twitter_misc":{"Escrito por":"Equipe G\u00e1vea News","Est. tempo de leitura":"2 minutos"},"schema":{"@context":"https:\/\/schema.org","@graph":[{"@type":"NewsArticle","@id":"https:\/\/www.gaveanews.com\/index.php\/2024\/01\/16\/imprensa-da-europa-afirma-que-vinicius-junior-pode-deixar-o-real-madrid\/#article","isPartOf":{"@id":"https:\/\/www.gaveanews.com\/index.php\/2024\/01\/16\/imprensa-da-europa-afirma-que-vinicius-junior-pode-deixar-o-real-madrid\/"},"author":{"name":"Equipe G\u00e1vea News","@id":"https:\/\/www.gaveanews.com\/#\/schema\/person\/2ec14f73fb96be2caf28f91afb14749d"},"headline":"Imprensa da Europa afirma que Vinicius J\u00fanior pode deixar o Real Madrid","datePublished":"2024-01-17T01:22:11+00:00","dateModified":"2024-01-17T01:22:13+00:00","mainEntityOfPage":{"@id":"https:\/\/www.gaveanews.com\/index.php\/2024\/01\/16\/imprensa-da-europa-afirma-que-vinicius-junior-pode-deixar-o-real-madrid\/"},"wordCount":346,"commentCount":0,"image":{"@id":"https:\/\/www.gaveanews.com\/index.php\/2024\/01\/16\/imprensa-da-europa-afirma-que-vinicius-junior-pode-deixar-o-real-madrid\/#primaryimage"},"thumbnailUrl":"https:\/\/www.gaveanews.com\/wp-content\/uploads\/De-forma-descontraida-Vinicius-Junior-danca-apos-marcar-um-gol-pelo-Real-Madrid.webp","articleSection":["Flamengo"],"inLanguage":"pt-BR","potentialAction":[{"@type":"CommentAction","name":"Comment","target":["https:\/\/www.gaveanews.com\/index.php\/2024\/01\/16\/imprensa-da-europa-afirma-que-vinicius-junior-pode-deixar-o-real-madrid\/#respond"]}],"copyrightYear":"2024","copyrightHolder":{"@id":"https:\/\/www.gaveanews.com\/#organization"}},{"@type":"WebPage","@id":"https:\/\/www.gaveanews.com\/index.php\/2024\/01\/16\/imprensa-da-europa-afirma-que-vinicius-junior-pode-deixar-o-real-madrid\/","url":"https:\/\/www.gaveanews.com\/index.php\/2024\/01\/16\/imprensa-da-europa-afirma-que-vinicius-junior-pode-deixar-o-real-madrid\/","name":"Imprensa da Europa afirma que Vinicius J\u00fanior pode deixar o Real Madrid","isPartOf":{"@id":"https:\/\/www.gaveanews.com\/#website"},"primaryImageOfPage":{"@id":"https:\/\/www.gaveanews.com\/index.php\/2024\/01\/16\/imprensa-da-europa-afirma-que-vinicius-junior-pode-deixar-o-real-madrid\/#primaryimage"},"image":{"@id":"https:\/\/www.gaveanews.com\/index.php\/2024\/01\/16\/imprensa-da-europa-afirma-que-vinicius-junior-pode-deixar-o-real-madrid\/#primaryimage"},"thumbnailUrl":"https:\/\/www.gaveanews.com\/wp-content\/uploads\/De-forma-descontraida-Vinicius-Junior-danca-apos-marcar-um-gol-pelo-Real-Madrid.webp","datePublished":"2024-01-17T01:22:11+00:00","dateModified":"2024-01-17T01:22:13+00:00","author":{"@id":"https:\/\/www.gaveanews.com\/#\/schema\/person\/2ec14f73fb96be2caf28f91afb14749d"},"breadcrumb":{"@id":"https:\/\/www.gaveanews.com\/index.php\/2024\/01\/16\/imprensa-da-europa-afirma-que-vinicius-junior-pode-deixar-o-real-madrid\/#breadcrumb"},"inLanguage":"pt-BR","potentialAction":[{"@type":"ReadAction","target":["https:\/\/www.gaveanews.com\/index.php\/2024\/01\/16\/imprensa-da-europa-afirma-que-vinicius-junior-pode-deixar-o-real-madrid\/"]}]},{"@type":"ImageObject","inLanguage":"pt-BR","@id":"https:\/\/www.gaveanews.com\/index.php\/2024\/01\/16\/imprensa-da-europa-afirma-que-vinicius-junior-pode-deixar-o-real-madrid\/#primaryimage","url":"https:\/\/www.gaveanews.com\/wp-content\/uploads\/De-forma-descontraida-Vinicius-Junior-danca-apos-marcar-um-gol-pelo-Real-Madrid.webp","contentUrl":"https:\/\/www.gaveanews.com\/wp-content\/uploads\/De-forma-descontraida-Vinicius-Junior-danca-apos-marcar-um-gol-pelo-Real-Madrid.webp","width":1440,"height":1798,"caption":"De forma descontra\u00edda, Vinicius J\u00fanior dan\u00e7a ap\u00f3s marcar um gol pelo Real Madrid (Foto: Reprodu\u00e7\u00e3o\/Instagram)"},{"@type":"BreadcrumbList","@id":"https:\/\/www.gaveanews.com\/index.php\/2024\/01\/16\/imprensa-da-europa-afirma-que-vinicius-junior-pode-deixar-o-real-madrid\/#breadcrumb","itemListElement":[{"@type":"ListItem","position":1,"name":"Home","item":"https:\/\/www.gaveanews.com\/"},{"@type":"ListItem","position":2,"name":"Imprensa da Europa afirma que Vinicius J\u00fanior pode deixar o Real Madrid"}]},{"@type":"WebSite","@id":"https:\/\/www.gaveanews.com\/#website","url":"https:\/\/www.gaveanews.com\/","name":"G\u00e1vea News","description":"Veja todas as not\u00edcias sobre o Flamengo: Contrata\u00e7\u00f5es, categorias de base, resultados das partidas, tabela de classifica\u00e7\u00e3o, pr\u00f3ximos jogos!","potentialAction":[{"@type":"SearchAction","target":{"@type":"EntryPoint","urlTemplate":"https:\/\/www.gaveanews.com\/?s={search_term_string}"},"query-input":{"@type":"PropertyValueSpecification","valueRequired":true,"valueName":"search_term_string"}}],"inLanguage":"pt-BR"},{"@type":"Person","@id":"https:\/\/www.gaveanews.com\/#\/schema\/person\/2ec14f73fb96be2caf28f91afb14749d","name":"Equipe G\u00e1vea News","image":{"@type":"ImageObject","inLanguage":"pt-BR","@id":"https:\/\/www.gaveanews.com\/#\/schema\/person\/image\/","url":"https:\/\/secure.gravatar.com\/avatar\/1e1956f1facbffd3f8fa53a326721950116b3b9dc9bd44939c01180fd4a745a9?s=96&d=mm&r=g","contentUrl":"https:\/\/secure.gravatar.com\/avatar\/1e1956f1facbffd3f8fa53a326721950116b3b9dc9bd44939c01180fd4a745a9?s=96&d=mm&r=g","caption":"Equipe G\u00e1vea News"}}]}},"_links":{"self":[{"href":"https:\/\/www.gaveanews.com\/index.php\/wp-json\/wp\/v2\/posts\/121919","targetHints":{"allow":["GET"]}}],"collection":[{"href":"https:\/\/www.gaveanews.com\/index.php\/wp-json\/wp\/v2\/posts"}],"about":[{"href":"https:\/\/www.gaveanews.com\/index.php\/wp-json\/wp\/v2\/types\/post"}],"author":[{"embeddable":true,"href":"https:\/\/www.gaveanews.com\/index.php\/wp-json\/wp\/v2\/users\/1"}],"replies":[{"embeddable":true,"href":"https:\/\/www.gaveanews.com\/index.php\/wp-json\/wp\/v2\/comments?post=121919"}],"version-history":[{"count":0,"href":"https:\/\/www.gaveanews.com\/index.php\/wp-json\/wp\/v2\/posts\/121919\/revisions"}],"wp:featuredmedia":[{"embeddable":true,"href":"https:\/\/www.gaveanews.com\/index.php\/wp-json\/wp\/v2\/media\/96403"}],"wp:attachment":[{"href":"https:\/\/www.gaveanews.com\/index.php\/wp-json\/wp\/v2\/media?parent=121919"}],"wp:term":[{"taxonomy":"category","embeddable":true,"href":"https:\/\/www.gaveanews.com\/index.php\/wp-json\/wp\/v2\/categories?post=121919"},{"taxonomy":"post_tag","embeddable":true,"href":"https:\/\/www.gaveanews.com\/index.php\/wp-json\/wp\/v2\/tags?post=121919"}],"curies":[{"name":"wp","href":"https:\/\/api.w.org\/{rel}","templated":true}]}}