{"id":121929,"date":"2024-01-16T22:45:48","date_gmt":"2024-01-17T01:45:48","guid":{"rendered":"https:\/\/www.gaveanews.com\/?p=121929"},"modified":"2024-01-16T22:45:50","modified_gmt":"2024-01-17T01:45:50","slug":"mais-um-jogo-do-flamengo-pode-ser-disputado-fora-do-rio-de-janeiro","status":"publish","type":"post","link":"https:\/\/www.gaveanews.com\/index.php\/2024\/01\/16\/mais-um-jogo-do-flamengo-pode-ser-disputado-fora-do-rio-de-janeiro\/","title":{"rendered":"Mais um jogo do Flamengo pode ser disputado fora do Rio de Janeiro"},"content":{"rendered":"\n<p>O Flamengo iniciou sua jornada fora do Rio de Janeiro, desembarcando em Manaus nesta ter\u00e7a-feira (16) para uma s\u00e9rie de jogos que prometem agitar o Campeonato Carioca. O primeiro desafio do Rubro-Negro, j\u00e1 na quarta-feira (17) \u00e0s 21h30 (hor\u00e1rio de Bras\u00edlia), ser\u00e1 contra o Audax-RJ na Arena Amaz\u00f4nia. Esta partida marca o in\u00edcio de uma estrat\u00e9gia ambiciosa e bem recebida de levar o clube para mais perto de sua ampla torcida espalhada pelo pa\u00eds.<\/p>\n\n\n\n<p>A decis\u00e3o de jogar fora do estado n\u00e3o se limita apenas \u00e0 capital amazonense. Jo\u00e3o Pessoa-PB, Natal-RN e Bel\u00e9m-PA tamb\u00e9m est\u00e3o na agenda do clube, com jogos contra Nova Igua\u00e7u, Portuguesa e Sampaio Corr\u00eaa, respectivamente. Estes encontros n\u00e3o apenas fortalecem a presen\u00e7a do Flamengo em outras regi\u00f5es, mas tamb\u00e9m refor\u00e7am a ideia de tornar o Campeonato Carioca um evento de alcance nacional, como destacou o presidente Rodolfo Landim.<\/p>\n\n\n\n<p>Landim, na chegada da equipe em Manaus, ressaltou a import\u00e2ncia dessa iniciativa. Ele citou que, dos 44 milh\u00f5es de torcedores do Flamengo, apenas 8 milh\u00f5es residem no Rio de Janeiro, evidenciando a extensa base de torcedores do clube pelo Brasil. A possibilidade de realizar mais um jogo fora do Rio foi mencionada, aumentando a expectativa entre os torcedores, especialmente com as especula\u00e7\u00f5es sobre Aracaju como um poss\u00edvel destino para um confronto contra o Bangu.<\/p>\n\n\n\n<p><em>\u2014 Essa \u00e9 uma coisa que a gente j\u00e1 vem discutindo h\u00e1 muito tempo: tornar o Campeonato Carioca um campeonato mais nacional. O Flamengo \u00e9 um clube que tem uma presen\u00e7a em todo o territ\u00f3rio nacional. Temos 44 milh\u00f5es de torcedores, mas tem 8 milh\u00f5es s\u00f3 no Rio de Janeiro<\/em>, disse Landim, antes de finalizar:<\/p>\n\n\n\n<p><em>\u2014 Os demais torcedores est\u00e3o espalhados pelo Brasil. \u00c9 muito importante que a gente leve o Flamengo para eles tamb\u00e9m. Esse \u00e9 um trabalho que a gente vem fazendo com a federa\u00e7\u00e3o, e esse ano a gente est\u00e1 pelo menos fazendo quatro jogos do Flamengo em outras cidades. Come\u00e7amos por Manaus, vamos passar por Jo\u00e3o Pessoa, Natal e Bel\u00e9m<\/em>, ressaltou.<\/p>\n\n\n\n<p>Enquanto o clube avan\u00e7a com essa abordagem inovadora, os torcedores podem esperar confrontos emocionantes, tanto em territ\u00f3rios familiares quanto em novos horizontes, refor\u00e7ando o v\u00ednculo entre o Flamengo e seus devotos seguidores por todo o pa\u00eds. A expectativa \u00e9 grande, e os olhos estar\u00e3o voltados para ver como essa estrat\u00e9gia se desenrola nos pr\u00f3ximos jogos, incluindo o cl\u00e1ssico contra o Vasco, j\u00e1 confirmado para o dia 04 de fevereiro no Maracan\u00e3.<\/p>\n","protected":false},"excerpt":{"rendered":"<p>O Flamengo iniciou sua jornada fora do Rio de Janeiro, desembarcando em Manaus nesta ter\u00e7a-feira (16) para uma s\u00e9rie de jogos que prometem agitar o Campeonato Carioca. O primeiro desafio do Rubro-Negro, j\u00e1 na quarta-feira (17) \u00e0s 21h30 (hor\u00e1rio de Bras\u00edlia), ser\u00e1 contra o Audax-RJ na Arena Amaz\u00f4nia. Esta partida marca o in\u00edcio de uma [&hellip;]<\/p>\n","protected":false},"author":1,"featured_media":15077,"comment_status":"open","ping_status":"closed","sticky":false,"template":"","format":"standard","meta":{"footnotes":""},"categories":[1],"tags":[],"class_list":["post-121929","post","type-post","status-publish","format-standard","has-post-thumbnail","hentry","category-flamengo"],"yoast_head":"<!-- This site is optimized with the Yoast SEO Premium plugin v24.2 (Yoast SEO v26.9) - https:\/\/yoast.com\/product\/yoast-seo-premium-wordpress\/ -->\n<title>Mais um jogo do Flamengo pode ser disputado fora do Rio de Janeiro<\/title>\n<meta name=\"robots\" content=\"index, follow, max-snippet:-1, max-image-preview:large, max-video-preview:-1\" \/>\n<link rel=\"canonical\" href=\"https:\/\/www.gaveanews.com\/index.php\/2024\/01\/16\/mais-um-jogo-do-flamengo-pode-ser-disputado-fora-do-rio-de-janeiro\/\" \/>\n<meta property=\"og:locale\" content=\"pt_BR\" \/>\n<meta property=\"og:type\" content=\"article\" \/>\n<meta property=\"og:title\" content=\"Mais um jogo do Flamengo pode ser disputado fora do Rio de Janeiro\" \/>\n<meta property=\"og:description\" content=\"O Flamengo iniciou sua jornada fora do Rio de Janeiro, desembarcando em Manaus nesta ter\u00e7a-feira (16) para uma s\u00e9rie de jogos que prometem agitar o Campeonato Carioca. O primeiro desafio do Rubro-Negro, j\u00e1 na quarta-feira (17) \u00e0s 21h30 (hor\u00e1rio de Bras\u00edlia), ser\u00e1 contra o Audax-RJ na Arena Amaz\u00f4nia. Esta partida marca o in\u00edcio de uma [&hellip;]\" \/>\n<meta property=\"og:url\" content=\"https:\/\/www.gaveanews.com\/index.php\/2024\/01\/16\/mais-um-jogo-do-flamengo-pode-ser-disputado-fora-do-rio-de-janeiro\/\" \/>\n<meta property=\"og:site_name\" content=\"G\u00e1vea News\" \/>\n<meta property=\"article:publisher\" content=\"https:\/\/facebook.com\/gaveaNews\/\" \/>\n<meta property=\"article:published_time\" content=\"2024-01-17T01:45:48+00:00\" \/>\n<meta property=\"article:modified_time\" content=\"2024-01-17T01:45:50+00:00\" \/>\n<meta property=\"og:image\" content=\"https:\/\/www.gaveanews.com\/wp-content\/uploads\/2019\/03\/Rodolfo-Landim-durante-entrevista-coletiva-na-Gavea.webp\" \/>\n\t<meta property=\"og:image:width\" content=\"1\" \/>\n\t<meta property=\"og:image:height\" content=\"1\" \/>\n\t<meta property=\"og:image:type\" content=\"image\/jpeg\" \/>\n<meta name=\"author\" content=\"Equipe G\u00e1vea News\" \/>\n<meta name=\"twitter:card\" content=\"summary_large_image\" \/>\n<meta name=\"twitter:label1\" content=\"Escrito por\" \/>\n\t<meta name=\"twitter:data1\" content=\"Equipe G\u00e1vea News\" \/>\n\t<meta name=\"twitter:label2\" content=\"Est. tempo de leitura\" \/>\n\t<meta name=\"twitter:data2\" content=\"3 minutos\" \/>\n<script type=\"application\/ld+json\" class=\"yoast-schema-graph\">{\"@context\":\"https:\/\/schema.org\",\"@graph\":[{\"@type\":\"NewsArticle\",\"@id\":\"https:\/\/www.gaveanews.com\/index.php\/2024\/01\/16\/mais-um-jogo-do-flamengo-pode-ser-disputado-fora-do-rio-de-janeiro\/#article\",\"isPartOf\":{\"@id\":\"https:\/\/www.gaveanews.com\/index.php\/2024\/01\/16\/mais-um-jogo-do-flamengo-pode-ser-disputado-fora-do-rio-de-janeiro\/\"},\"author\":{\"name\":\"Equipe G\u00e1vea News\",\"@id\":\"https:\/\/www.gaveanews.com\/#\/schema\/person\/2ec14f73fb96be2caf28f91afb14749d\"},\"headline\":\"Mais um jogo do Flamengo pode ser disputado fora do Rio de Janeiro\",\"datePublished\":\"2024-01-17T01:45:48+00:00\",\"dateModified\":\"2024-01-17T01:45:50+00:00\",\"mainEntityOfPage\":{\"@id\":\"https:\/\/www.gaveanews.com\/index.php\/2024\/01\/16\/mais-um-jogo-do-flamengo-pode-ser-disputado-fora-do-rio-de-janeiro\/\"},\"wordCount\":445,\"commentCount\":0,\"image\":{\"@id\":\"https:\/\/www.gaveanews.com\/index.php\/2024\/01\/16\/mais-um-jogo-do-flamengo-pode-ser-disputado-fora-do-rio-de-janeiro\/#primaryimage\"},\"thumbnailUrl\":\"https:\/\/www.gaveanews.com\/wp-content\/uploads\/2019\/03\/Rodolfo-Landim-durante-entrevista-coletiva-na-Gavea.webp\",\"articleSection\":[\"Flamengo\"],\"inLanguage\":\"pt-BR\",\"potentialAction\":[{\"@type\":\"CommentAction\",\"name\":\"Comment\",\"target\":[\"https:\/\/www.gaveanews.com\/index.php\/2024\/01\/16\/mais-um-jogo-do-flamengo-pode-ser-disputado-fora-do-rio-de-janeiro\/#respond\"]}],\"copyrightYear\":\"2024\",\"copyrightHolder\":{\"@id\":\"https:\/\/www.gaveanews.com\/#organization\"}},{\"@type\":\"WebPage\",\"@id\":\"https:\/\/www.gaveanews.com\/index.php\/2024\/01\/16\/mais-um-jogo-do-flamengo-pode-ser-disputado-fora-do-rio-de-janeiro\/\",\"url\":\"https:\/\/www.gaveanews.com\/index.php\/2024\/01\/16\/mais-um-jogo-do-flamengo-pode-ser-disputado-fora-do-rio-de-janeiro\/\",\"name\":\"Mais um jogo do Flamengo pode ser disputado fora do Rio de Janeiro\",\"isPartOf\":{\"@id\":\"https:\/\/www.gaveanews.com\/#website\"},\"primaryImageOfPage\":{\"@id\":\"https:\/\/www.gaveanews.com\/index.php\/2024\/01\/16\/mais-um-jogo-do-flamengo-pode-ser-disputado-fora-do-rio-de-janeiro\/#primaryimage\"},\"image\":{\"@id\":\"https:\/\/www.gaveanews.com\/index.php\/2024\/01\/16\/mais-um-jogo-do-flamengo-pode-ser-disputado-fora-do-rio-de-janeiro\/#primaryimage\"},\"thumbnailUrl\":\"https:\/\/www.gaveanews.com\/wp-content\/uploads\/2019\/03\/Rodolfo-Landim-durante-entrevista-coletiva-na-Gavea.webp\",\"datePublished\":\"2024-01-17T01:45:48+00:00\",\"dateModified\":\"2024-01-17T01:45:50+00:00\",\"author\":{\"@id\":\"https:\/\/www.gaveanews.com\/#\/schema\/person\/2ec14f73fb96be2caf28f91afb14749d\"},\"breadcrumb\":{\"@id\":\"https:\/\/www.gaveanews.com\/index.php\/2024\/01\/16\/mais-um-jogo-do-flamengo-pode-ser-disputado-fora-do-rio-de-janeiro\/#breadcrumb\"},\"inLanguage\":\"pt-BR\",\"potentialAction\":[{\"@type\":\"ReadAction\",\"target\":[\"https:\/\/www.gaveanews.com\/index.php\/2024\/01\/16\/mais-um-jogo-do-flamengo-pode-ser-disputado-fora-do-rio-de-janeiro\/\"]}]},{\"@type\":\"ImageObject\",\"inLanguage\":\"pt-BR\",\"@id\":\"https:\/\/www.gaveanews.com\/index.php\/2024\/01\/16\/mais-um-jogo-do-flamengo-pode-ser-disputado-fora-do-rio-de-janeiro\/#primaryimage\",\"url\":\"https:\/\/www.gaveanews.com\/wp-content\/uploads\/2019\/03\/Rodolfo-Landim-durante-entrevista-coletiva-na-Gavea.webp\",\"contentUrl\":\"https:\/\/www.gaveanews.com\/wp-content\/uploads\/2019\/03\/Rodolfo-Landim-durante-entrevista-coletiva-na-Gavea.webp\",\"width\":900,\"height\":599,\"caption\":\"Rodolfo Landim durante entrevista coletiva na G\u00e1vea (Foto: Ag\u00eancia Foto BR)\"},{\"@type\":\"BreadcrumbList\",\"@id\":\"https:\/\/www.gaveanews.com\/index.php\/2024\/01\/16\/mais-um-jogo-do-flamengo-pode-ser-disputado-fora-do-rio-de-janeiro\/#breadcrumb\",\"itemListElement\":[{\"@type\":\"ListItem\",\"position\":1,\"name\":\"Home\",\"item\":\"https:\/\/www.gaveanews.com\/\"},{\"@type\":\"ListItem\",\"position\":2,\"name\":\"Mais um jogo do Flamengo pode ser disputado fora do Rio de Janeiro\"}]},{\"@type\":\"WebSite\",\"@id\":\"https:\/\/www.gaveanews.com\/#website\",\"url\":\"https:\/\/www.gaveanews.com\/\",\"name\":\"G\u00e1vea News\",\"description\":\"Veja todas as not\u00edcias sobre o Flamengo: Contrata\u00e7\u00f5es, categorias de base, resultados das partidas, tabela de classifica\u00e7\u00e3o, pr\u00f3ximos jogos!\",\"potentialAction\":[{\"@type\":\"SearchAction\",\"target\":{\"@type\":\"EntryPoint\",\"urlTemplate\":\"https:\/\/www.gaveanews.com\/?s={search_term_string}\"},\"query-input\":{\"@type\":\"PropertyValueSpecification\",\"valueRequired\":true,\"valueName\":\"search_term_string\"}}],\"inLanguage\":\"pt-BR\"},{\"@type\":\"Person\",\"@id\":\"https:\/\/www.gaveanews.com\/#\/schema\/person\/2ec14f73fb96be2caf28f91afb14749d\",\"name\":\"Equipe G\u00e1vea News\",\"image\":{\"@type\":\"ImageObject\",\"inLanguage\":\"pt-BR\",\"@id\":\"https:\/\/www.gaveanews.com\/#\/schema\/person\/image\/\",\"url\":\"https:\/\/secure.gravatar.com\/avatar\/1e1956f1facbffd3f8fa53a326721950116b3b9dc9bd44939c01180fd4a745a9?s=96&d=mm&r=g\",\"contentUrl\":\"https:\/\/secure.gravatar.com\/avatar\/1e1956f1facbffd3f8fa53a326721950116b3b9dc9bd44939c01180fd4a745a9?s=96&d=mm&r=g\",\"caption\":\"Equipe G\u00e1vea News\"}}]}<\/script>\n<!-- \/ Yoast SEO Premium plugin. -->","yoast_head_json":{"title":"Mais um jogo do Flamengo pode ser disputado fora do Rio de Janeiro","robots":{"index":"index","follow":"follow","max-snippet":"max-snippet:-1","max-image-preview":"max-image-preview:large","max-video-preview":"max-video-preview:-1"},"canonical":"https:\/\/www.gaveanews.com\/index.php\/2024\/01\/16\/mais-um-jogo-do-flamengo-pode-ser-disputado-fora-do-rio-de-janeiro\/","og_locale":"pt_BR","og_type":"article","og_title":"Mais um jogo do Flamengo pode ser disputado fora do Rio de Janeiro","og_description":"O Flamengo iniciou sua jornada fora do Rio de Janeiro, desembarcando em Manaus nesta ter\u00e7a-feira (16) para uma s\u00e9rie de jogos que prometem agitar o Campeonato Carioca. O primeiro desafio do Rubro-Negro, j\u00e1 na quarta-feira (17) \u00e0s 21h30 (hor\u00e1rio de Bras\u00edlia), ser\u00e1 contra o Audax-RJ na Arena Amaz\u00f4nia. Esta partida marca o in\u00edcio de uma [&hellip;]","og_url":"https:\/\/www.gaveanews.com\/index.php\/2024\/01\/16\/mais-um-jogo-do-flamengo-pode-ser-disputado-fora-do-rio-de-janeiro\/","og_site_name":"G\u00e1vea News","article_publisher":"https:\/\/facebook.com\/gaveaNews\/","article_published_time":"2024-01-17T01:45:48+00:00","article_modified_time":"2024-01-17T01:45:50+00:00","og_image":[{"url":"https:\/\/www.gaveanews.com\/wp-content\/uploads\/2019\/03\/Rodolfo-Landim-durante-entrevista-coletiva-na-Gavea.webp","width":1,"height":1,"type":"image\/jpeg"}],"author":"Equipe G\u00e1vea News","twitter_card":"summary_large_image","twitter_misc":{"Escrito por":"Equipe G\u00e1vea News","Est. tempo de leitura":"3 minutos"},"schema":{"@context":"https:\/\/schema.org","@graph":[{"@type":"NewsArticle","@id":"https:\/\/www.gaveanews.com\/index.php\/2024\/01\/16\/mais-um-jogo-do-flamengo-pode-ser-disputado-fora-do-rio-de-janeiro\/#article","isPartOf":{"@id":"https:\/\/www.gaveanews.com\/index.php\/2024\/01\/16\/mais-um-jogo-do-flamengo-pode-ser-disputado-fora-do-rio-de-janeiro\/"},"author":{"name":"Equipe G\u00e1vea News","@id":"https:\/\/www.gaveanews.com\/#\/schema\/person\/2ec14f73fb96be2caf28f91afb14749d"},"headline":"Mais um jogo do Flamengo pode ser disputado fora do Rio de Janeiro","datePublished":"2024-01-17T01:45:48+00:00","dateModified":"2024-01-17T01:45:50+00:00","mainEntityOfPage":{"@id":"https:\/\/www.gaveanews.com\/index.php\/2024\/01\/16\/mais-um-jogo-do-flamengo-pode-ser-disputado-fora-do-rio-de-janeiro\/"},"wordCount":445,"commentCount":0,"image":{"@id":"https:\/\/www.gaveanews.com\/index.php\/2024\/01\/16\/mais-um-jogo-do-flamengo-pode-ser-disputado-fora-do-rio-de-janeiro\/#primaryimage"},"thumbnailUrl":"https:\/\/www.gaveanews.com\/wp-content\/uploads\/2019\/03\/Rodolfo-Landim-durante-entrevista-coletiva-na-Gavea.webp","articleSection":["Flamengo"],"inLanguage":"pt-BR","potentialAction":[{"@type":"CommentAction","name":"Comment","target":["https:\/\/www.gaveanews.com\/index.php\/2024\/01\/16\/mais-um-jogo-do-flamengo-pode-ser-disputado-fora-do-rio-de-janeiro\/#respond"]}],"copyrightYear":"2024","copyrightHolder":{"@id":"https:\/\/www.gaveanews.com\/#organization"}},{"@type":"WebPage","@id":"https:\/\/www.gaveanews.com\/index.php\/2024\/01\/16\/mais-um-jogo-do-flamengo-pode-ser-disputado-fora-do-rio-de-janeiro\/","url":"https:\/\/www.gaveanews.com\/index.php\/2024\/01\/16\/mais-um-jogo-do-flamengo-pode-ser-disputado-fora-do-rio-de-janeiro\/","name":"Mais um jogo do Flamengo pode ser disputado fora do Rio de Janeiro","isPartOf":{"@id":"https:\/\/www.gaveanews.com\/#website"},"primaryImageOfPage":{"@id":"https:\/\/www.gaveanews.com\/index.php\/2024\/01\/16\/mais-um-jogo-do-flamengo-pode-ser-disputado-fora-do-rio-de-janeiro\/#primaryimage"},"image":{"@id":"https:\/\/www.gaveanews.com\/index.php\/2024\/01\/16\/mais-um-jogo-do-flamengo-pode-ser-disputado-fora-do-rio-de-janeiro\/#primaryimage"},"thumbnailUrl":"https:\/\/www.gaveanews.com\/wp-content\/uploads\/2019\/03\/Rodolfo-Landim-durante-entrevista-coletiva-na-Gavea.webp","datePublished":"2024-01-17T01:45:48+00:00","dateModified":"2024-01-17T01:45:50+00:00","author":{"@id":"https:\/\/www.gaveanews.com\/#\/schema\/person\/2ec14f73fb96be2caf28f91afb14749d"},"breadcrumb":{"@id":"https:\/\/www.gaveanews.com\/index.php\/2024\/01\/16\/mais-um-jogo-do-flamengo-pode-ser-disputado-fora-do-rio-de-janeiro\/#breadcrumb"},"inLanguage":"pt-BR","potentialAction":[{"@type":"ReadAction","target":["https:\/\/www.gaveanews.com\/index.php\/2024\/01\/16\/mais-um-jogo-do-flamengo-pode-ser-disputado-fora-do-rio-de-janeiro\/"]}]},{"@type":"ImageObject","inLanguage":"pt-BR","@id":"https:\/\/www.gaveanews.com\/index.php\/2024\/01\/16\/mais-um-jogo-do-flamengo-pode-ser-disputado-fora-do-rio-de-janeiro\/#primaryimage","url":"https:\/\/www.gaveanews.com\/wp-content\/uploads\/2019\/03\/Rodolfo-Landim-durante-entrevista-coletiva-na-Gavea.webp","contentUrl":"https:\/\/www.gaveanews.com\/wp-content\/uploads\/2019\/03\/Rodolfo-Landim-durante-entrevista-coletiva-na-Gavea.webp","width":900,"height":599,"caption":"Rodolfo Landim durante entrevista coletiva na G\u00e1vea (Foto: Ag\u00eancia Foto BR)"},{"@type":"BreadcrumbList","@id":"https:\/\/www.gaveanews.com\/index.php\/2024\/01\/16\/mais-um-jogo-do-flamengo-pode-ser-disputado-fora-do-rio-de-janeiro\/#breadcrumb","itemListElement":[{"@type":"ListItem","position":1,"name":"Home","item":"https:\/\/www.gaveanews.com\/"},{"@type":"ListItem","position":2,"name":"Mais um jogo do Flamengo pode ser disputado fora do Rio de Janeiro"}]},{"@type":"WebSite","@id":"https:\/\/www.gaveanews.com\/#website","url":"https:\/\/www.gaveanews.com\/","name":"G\u00e1vea News","description":"Veja todas as not\u00edcias sobre o Flamengo: Contrata\u00e7\u00f5es, categorias de base, resultados das partidas, tabela de classifica\u00e7\u00e3o, pr\u00f3ximos jogos!","potentialAction":[{"@type":"SearchAction","target":{"@type":"EntryPoint","urlTemplate":"https:\/\/www.gaveanews.com\/?s={search_term_string}"},"query-input":{"@type":"PropertyValueSpecification","valueRequired":true,"valueName":"search_term_string"}}],"inLanguage":"pt-BR"},{"@type":"Person","@id":"https:\/\/www.gaveanews.com\/#\/schema\/person\/2ec14f73fb96be2caf28f91afb14749d","name":"Equipe G\u00e1vea News","image":{"@type":"ImageObject","inLanguage":"pt-BR","@id":"https:\/\/www.gaveanews.com\/#\/schema\/person\/image\/","url":"https:\/\/secure.gravatar.com\/avatar\/1e1956f1facbffd3f8fa53a326721950116b3b9dc9bd44939c01180fd4a745a9?s=96&d=mm&r=g","contentUrl":"https:\/\/secure.gravatar.com\/avatar\/1e1956f1facbffd3f8fa53a326721950116b3b9dc9bd44939c01180fd4a745a9?s=96&d=mm&r=g","caption":"Equipe G\u00e1vea News"}}]}},"_links":{"self":[{"href":"https:\/\/www.gaveanews.com\/index.php\/wp-json\/wp\/v2\/posts\/121929","targetHints":{"allow":["GET"]}}],"collection":[{"href":"https:\/\/www.gaveanews.com\/index.php\/wp-json\/wp\/v2\/posts"}],"about":[{"href":"https:\/\/www.gaveanews.com\/index.php\/wp-json\/wp\/v2\/types\/post"}],"author":[{"embeddable":true,"href":"https:\/\/www.gaveanews.com\/index.php\/wp-json\/wp\/v2\/users\/1"}],"replies":[{"embeddable":true,"href":"https:\/\/www.gaveanews.com\/index.php\/wp-json\/wp\/v2\/comments?post=121929"}],"version-history":[{"count":0,"href":"https:\/\/www.gaveanews.com\/index.php\/wp-json\/wp\/v2\/posts\/121929\/revisions"}],"wp:featuredmedia":[{"embeddable":true,"href":"https:\/\/www.gaveanews.com\/index.php\/wp-json\/wp\/v2\/media\/15077"}],"wp:attachment":[{"href":"https:\/\/www.gaveanews.com\/index.php\/wp-json\/wp\/v2\/media?parent=121929"}],"wp:term":[{"taxonomy":"category","embeddable":true,"href":"https:\/\/www.gaveanews.com\/index.php\/wp-json\/wp\/v2\/categories?post=121929"},{"taxonomy":"post_tag","embeddable":true,"href":"https:\/\/www.gaveanews.com\/index.php\/wp-json\/wp\/v2\/tags?post=121929"}],"curies":[{"name":"wp","href":"https:\/\/api.w.org\/{rel}","templated":true}]}}