{"id":124050,"date":"2024-01-28T00:12:35","date_gmt":"2024-01-28T03:12:35","guid":{"rendered":"https:\/\/www.gaveanews.com\/?p=124050"},"modified":"2024-01-28T00:13:02","modified_gmt":"2024-01-28T03:13:02","slug":"flamengo-aceita-proposta-realizada-pelo-botafogo","status":"publish","type":"post","link":"https:\/\/www.gaveanews.com\/index.php\/2024\/01\/28\/flamengo-aceita-proposta-realizada-pelo-botafogo\/","title":{"rendered":"Flamengo aceita proposta realizada pelo Botafogo"},"content":{"rendered":"\n<p>O mercado da bola est\u00e1 agitado com a not\u00edcia de que o Flamengo aceitou a proposta do Botafogo pelo lateral-direito Matheuzinho. A oferta, no valor de 4 milh\u00f5es de euros (aproximadamente R$ 21,2 milh\u00f5es), foi confirmada ap\u00f3s uma reuni\u00e3o entre Rodolfo Landim, presidente do Flamengo, e John Textor, dono do Botafogo, realizada em Orlando, nos Estados Unidos. O acordo envolve 60% dos direitos econ\u00f4micos do jogador.<\/p>\n\n\n\n<p>Matheuzinho, que atuou pelo Flamengo no empate em 0 a 0 com a Portuguesa pelo Campeonato Carioca, tem uma decis\u00e3o importante pela frente. Ele est\u00e1 programado para se reunir com seus empres\u00e1rios neste domingo para analisar a proposta do Botafogo. O lateral, que j\u00e1 teve uma passagem breve pelo Corinthians e recusou uma oferta do Bragantino, ainda n\u00e3o se posicionou sobre a mudan\u00e7a para o Alvinegro.<\/p>\n\n\n\n<p>O Botafogo, sob a lideran\u00e7a de Textor, aposta na sua rede multiclubes, que inclui times como Crystal Palace na Inglaterra e Lyon na Fran\u00e7a, para convencer o atleta a fazer parte do projeto. A expectativa \u00e9 que essa estrat\u00e9gia possa abrir portas para Matheuzinho na Europa, aumentando as chances de um acordo ser firmado rapidamente.<\/p>\n\n\n\n<figure class=\"wp-block-image size-full\"><img loading=\"lazy\" decoding=\"async\" width=\"800\" height=\"533\" src=\"https:\/\/www.gaveanews.com\/wp-content\/uploads\/Matheuzinho-em-acao-pelo-Flamengo-durante-o-jogo-contra-o-Nova-Iguacu-no-Campeonato-Carioca-de-2021.webp\" alt=\"\" class=\"wp-image-57064\" srcset=\"https:\/\/www.gaveanews.com\/wp-content\/uploads\/Matheuzinho-em-acao-pelo-Flamengo-durante-o-jogo-contra-o-Nova-Iguacu-no-Campeonato-Carioca-de-2021.webp 800w, https:\/\/www.gaveanews.com\/wp-content\/uploads\/Matheuzinho-em-acao-pelo-Flamengo-durante-o-jogo-contra-o-Nova-Iguacu-no-Campeonato-Carioca-de-2021-300x200.webp 300w, https:\/\/www.gaveanews.com\/wp-content\/uploads\/Matheuzinho-em-acao-pelo-Flamengo-durante-o-jogo-contra-o-Nova-Iguacu-no-Campeonato-Carioca-de-2021-768x512.webp 768w, https:\/\/www.gaveanews.com\/wp-content\/uploads\/Matheuzinho-em-acao-pelo-Flamengo-durante-o-jogo-contra-o-Nova-Iguacu-no-Campeonato-Carioca-de-2021-630x420.webp 630w, https:\/\/www.gaveanews.com\/wp-content\/uploads\/Matheuzinho-em-acao-pelo-Flamengo-durante-o-jogo-contra-o-Nova-Iguacu-no-Campeonato-Carioca-de-2021-640x426.webp 640w, https:\/\/www.gaveanews.com\/wp-content\/uploads\/Matheuzinho-em-acao-pelo-Flamengo-durante-o-jogo-contra-o-Nova-Iguacu-no-Campeonato-Carioca-de-2021-681x454.webp 681w, https:\/\/www.gaveanews.com\/wp-content\/uploads\/Matheuzinho-em-acao-pelo-Flamengo-durante-o-jogo-contra-o-Nova-Iguacu-no-Campeonato-Carioca-de-2021-100x67.webp 100w\" sizes=\"auto, (max-width: 800px) 100vw, 800px\" \/><figcaption class=\"wp-element-caption\">Matheuzinho em a\u00e7\u00e3o pelo Flamengo durante o jogo contra o Nova Igua\u00e7u no Campeonato Carioca de 2021 (Foto: Paula Reis\/Flamengo)<\/figcaption><\/figure>\n\n\n\n<p>Em 2023, o desempenho concentrou-se em 26 jogos disputados e quatro assist\u00eancias. Sua poss\u00edvel transfer\u00eancia para o Botafogo \u00e9 vista como um movimento estrat\u00e9gico para ambas as equipes, marcando mais um cap\u00edtulo interessante no futebol brasileiro.<\/p>\n","protected":false},"excerpt":{"rendered":"<p>O mercado da bola est\u00e1 agitado com a not\u00edcia de que o Flamengo aceitou a proposta do Botafogo pelo lateral-direito Matheuzinho. A oferta, no valor de 4 milh\u00f5es de euros (aproximadamente R$ 21,2 milh\u00f5es), foi confirmada ap\u00f3s uma reuni\u00e3o entre Rodolfo Landim, presidente do Flamengo, e John Textor, dono do Botafogo, realizada em Orlando, nos [&hellip;]<\/p>\n","protected":false},"author":1,"featured_media":101461,"comment_status":"open","ping_status":"closed","sticky":false,"template":"","format":"standard","meta":{"footnotes":""},"categories":[48],"tags":[],"class_list":["post-124050","post","type-post","status-publish","format-standard","has-post-thumbnail","hentry","category-negociacoes"],"yoast_head":"<!-- This site is optimized with the Yoast SEO Premium plugin v24.2 (Yoast SEO v26.9) - https:\/\/yoast.com\/product\/yoast-seo-premium-wordpress\/ -->\n<title>Flamengo aceita proposta realizada pelo Botafogo<\/title>\n<meta name=\"robots\" content=\"index, follow, max-snippet:-1, max-image-preview:large, max-video-preview:-1\" \/>\n<link rel=\"canonical\" href=\"https:\/\/www.gaveanews.com\/index.php\/2024\/01\/28\/flamengo-aceita-proposta-realizada-pelo-botafogo\/\" \/>\n<meta property=\"og:locale\" content=\"pt_BR\" \/>\n<meta property=\"og:type\" content=\"article\" \/>\n<meta property=\"og:title\" content=\"Flamengo aceita proposta realizada pelo Botafogo\" \/>\n<meta property=\"og:description\" content=\"O mercado da bola est\u00e1 agitado com a not\u00edcia de que o Flamengo aceitou a proposta do Botafogo pelo lateral-direito Matheuzinho. A oferta, no valor de 4 milh\u00f5es de euros (aproximadamente R$ 21,2 milh\u00f5es), foi confirmada ap\u00f3s uma reuni\u00e3o entre Rodolfo Landim, presidente do Flamengo, e John Textor, dono do Botafogo, realizada em Orlando, nos [&hellip;]\" \/>\n<meta property=\"og:url\" content=\"https:\/\/www.gaveanews.com\/index.php\/2024\/01\/28\/flamengo-aceita-proposta-realizada-pelo-botafogo\/\" \/>\n<meta property=\"og:site_name\" content=\"G\u00e1vea News\" \/>\n<meta property=\"article:publisher\" content=\"https:\/\/facebook.com\/gaveaNews\/\" \/>\n<meta property=\"article:published_time\" content=\"2024-01-28T03:12:35+00:00\" \/>\n<meta property=\"article:modified_time\" content=\"2024-01-28T03:13:02+00:00\" \/>\n<meta property=\"og:image\" content=\"https:\/\/www.gaveanews.com\/wp-content\/uploads\/Textor-durante-coletiva-de-imprensa-do-Botafogo.webp\" \/>\n\t<meta property=\"og:image:width\" content=\"754\" \/>\n\t<meta property=\"og:image:height\" content=\"471\" \/>\n\t<meta property=\"og:image:type\" content=\"image\/webp\" \/>\n<meta name=\"author\" content=\"Equipe G\u00e1vea News\" \/>\n<meta name=\"twitter:card\" content=\"summary_large_image\" \/>\n<meta name=\"twitter:label1\" content=\"Escrito por\" \/>\n\t<meta name=\"twitter:data1\" content=\"Equipe G\u00e1vea News\" \/>\n\t<meta name=\"twitter:label2\" content=\"Est. tempo de leitura\" \/>\n\t<meta name=\"twitter:data2\" content=\"2 minutos\" \/>\n<script type=\"application\/ld+json\" class=\"yoast-schema-graph\">{\"@context\":\"https:\/\/schema.org\",\"@graph\":[{\"@type\":\"NewsArticle\",\"@id\":\"https:\/\/www.gaveanews.com\/index.php\/2024\/01\/28\/flamengo-aceita-proposta-realizada-pelo-botafogo\/#article\",\"isPartOf\":{\"@id\":\"https:\/\/www.gaveanews.com\/index.php\/2024\/01\/28\/flamengo-aceita-proposta-realizada-pelo-botafogo\/\"},\"author\":{\"name\":\"Equipe G\u00e1vea News\",\"@id\":\"https:\/\/www.gaveanews.com\/#\/schema\/person\/2ec14f73fb96be2caf28f91afb14749d\"},\"headline\":\"Flamengo aceita proposta realizada pelo Botafogo\",\"datePublished\":\"2024-01-28T03:12:35+00:00\",\"dateModified\":\"2024-01-28T03:13:02+00:00\",\"mainEntityOfPage\":{\"@id\":\"https:\/\/www.gaveanews.com\/index.php\/2024\/01\/28\/flamengo-aceita-proposta-realizada-pelo-botafogo\/\"},\"wordCount\":260,\"commentCount\":0,\"image\":{\"@id\":\"https:\/\/www.gaveanews.com\/index.php\/2024\/01\/28\/flamengo-aceita-proposta-realizada-pelo-botafogo\/#primaryimage\"},\"thumbnailUrl\":\"https:\/\/www.gaveanews.com\/wp-content\/uploads\/Textor-durante-coletiva-de-imprensa-do-Botafogo.webp\",\"articleSection\":[\"Negocia\u00e7\u00f5es\"],\"inLanguage\":\"pt-BR\",\"potentialAction\":[{\"@type\":\"CommentAction\",\"name\":\"Comment\",\"target\":[\"https:\/\/www.gaveanews.com\/index.php\/2024\/01\/28\/flamengo-aceita-proposta-realizada-pelo-botafogo\/#respond\"]}],\"copyrightYear\":\"2024\",\"copyrightHolder\":{\"@id\":\"https:\/\/www.gaveanews.com\/#organization\"}},{\"@type\":\"WebPage\",\"@id\":\"https:\/\/www.gaveanews.com\/index.php\/2024\/01\/28\/flamengo-aceita-proposta-realizada-pelo-botafogo\/\",\"url\":\"https:\/\/www.gaveanews.com\/index.php\/2024\/01\/28\/flamengo-aceita-proposta-realizada-pelo-botafogo\/\",\"name\":\"Flamengo aceita proposta realizada pelo Botafogo\",\"isPartOf\":{\"@id\":\"https:\/\/www.gaveanews.com\/#website\"},\"primaryImageOfPage\":{\"@id\":\"https:\/\/www.gaveanews.com\/index.php\/2024\/01\/28\/flamengo-aceita-proposta-realizada-pelo-botafogo\/#primaryimage\"},\"image\":{\"@id\":\"https:\/\/www.gaveanews.com\/index.php\/2024\/01\/28\/flamengo-aceita-proposta-realizada-pelo-botafogo\/#primaryimage\"},\"thumbnailUrl\":\"https:\/\/www.gaveanews.com\/wp-content\/uploads\/Textor-durante-coletiva-de-imprensa-do-Botafogo.webp\",\"datePublished\":\"2024-01-28T03:12:35+00:00\",\"dateModified\":\"2024-01-28T03:13:02+00:00\",\"author\":{\"@id\":\"https:\/\/www.gaveanews.com\/#\/schema\/person\/2ec14f73fb96be2caf28f91afb14749d\"},\"breadcrumb\":{\"@id\":\"https:\/\/www.gaveanews.com\/index.php\/2024\/01\/28\/flamengo-aceita-proposta-realizada-pelo-botafogo\/#breadcrumb\"},\"inLanguage\":\"pt-BR\",\"potentialAction\":[{\"@type\":\"ReadAction\",\"target\":[\"https:\/\/www.gaveanews.com\/index.php\/2024\/01\/28\/flamengo-aceita-proposta-realizada-pelo-botafogo\/\"]}]},{\"@type\":\"ImageObject\",\"inLanguage\":\"pt-BR\",\"@id\":\"https:\/\/www.gaveanews.com\/index.php\/2024\/01\/28\/flamengo-aceita-proposta-realizada-pelo-botafogo\/#primaryimage\",\"url\":\"https:\/\/www.gaveanews.com\/wp-content\/uploads\/Textor-durante-coletiva-de-imprensa-do-Botafogo.webp\",\"contentUrl\":\"https:\/\/www.gaveanews.com\/wp-content\/uploads\/Textor-durante-coletiva-de-imprensa-do-Botafogo.webp\",\"width\":754,\"height\":471,\"caption\":\"Textor durante coletiva de imprensa do Botafogo (Foto: V\u00edtor Silva\/Botafogo FR)\"},{\"@type\":\"BreadcrumbList\",\"@id\":\"https:\/\/www.gaveanews.com\/index.php\/2024\/01\/28\/flamengo-aceita-proposta-realizada-pelo-botafogo\/#breadcrumb\",\"itemListElement\":[{\"@type\":\"ListItem\",\"position\":1,\"name\":\"Home\",\"item\":\"https:\/\/www.gaveanews.com\/\"},{\"@type\":\"ListItem\",\"position\":2,\"name\":\"Flamengo aceita proposta realizada pelo Botafogo\"}]},{\"@type\":\"WebSite\",\"@id\":\"https:\/\/www.gaveanews.com\/#website\",\"url\":\"https:\/\/www.gaveanews.com\/\",\"name\":\"G\u00e1vea News\",\"description\":\"Veja todas as not\u00edcias sobre o Flamengo: Contrata\u00e7\u00f5es, categorias de base, resultados das partidas, tabela de classifica\u00e7\u00e3o, pr\u00f3ximos jogos!\",\"potentialAction\":[{\"@type\":\"SearchAction\",\"target\":{\"@type\":\"EntryPoint\",\"urlTemplate\":\"https:\/\/www.gaveanews.com\/?s={search_term_string}\"},\"query-input\":{\"@type\":\"PropertyValueSpecification\",\"valueRequired\":true,\"valueName\":\"search_term_string\"}}],\"inLanguage\":\"pt-BR\"},{\"@type\":\"Person\",\"@id\":\"https:\/\/www.gaveanews.com\/#\/schema\/person\/2ec14f73fb96be2caf28f91afb14749d\",\"name\":\"Equipe G\u00e1vea News\",\"image\":{\"@type\":\"ImageObject\",\"inLanguage\":\"pt-BR\",\"@id\":\"https:\/\/www.gaveanews.com\/#\/schema\/person\/image\/\",\"url\":\"https:\/\/secure.gravatar.com\/avatar\/1e1956f1facbffd3f8fa53a326721950116b3b9dc9bd44939c01180fd4a745a9?s=96&d=mm&r=g\",\"contentUrl\":\"https:\/\/secure.gravatar.com\/avatar\/1e1956f1facbffd3f8fa53a326721950116b3b9dc9bd44939c01180fd4a745a9?s=96&d=mm&r=g\",\"caption\":\"Equipe G\u00e1vea News\"}}]}<\/script>\n<!-- \/ Yoast SEO Premium plugin. -->","yoast_head_json":{"title":"Flamengo aceita proposta realizada pelo Botafogo","robots":{"index":"index","follow":"follow","max-snippet":"max-snippet:-1","max-image-preview":"max-image-preview:large","max-video-preview":"max-video-preview:-1"},"canonical":"https:\/\/www.gaveanews.com\/index.php\/2024\/01\/28\/flamengo-aceita-proposta-realizada-pelo-botafogo\/","og_locale":"pt_BR","og_type":"article","og_title":"Flamengo aceita proposta realizada pelo Botafogo","og_description":"O mercado da bola est\u00e1 agitado com a not\u00edcia de que o Flamengo aceitou a proposta do Botafogo pelo lateral-direito Matheuzinho. A oferta, no valor de 4 milh\u00f5es de euros (aproximadamente R$ 21,2 milh\u00f5es), foi confirmada ap\u00f3s uma reuni\u00e3o entre Rodolfo Landim, presidente do Flamengo, e John Textor, dono do Botafogo, realizada em Orlando, nos [&hellip;]","og_url":"https:\/\/www.gaveanews.com\/index.php\/2024\/01\/28\/flamengo-aceita-proposta-realizada-pelo-botafogo\/","og_site_name":"G\u00e1vea News","article_publisher":"https:\/\/facebook.com\/gaveaNews\/","article_published_time":"2024-01-28T03:12:35+00:00","article_modified_time":"2024-01-28T03:13:02+00:00","og_image":[{"width":754,"height":471,"url":"https:\/\/www.gaveanews.com\/wp-content\/uploads\/Textor-durante-coletiva-de-imprensa-do-Botafogo.webp","type":"image\/webp"}],"author":"Equipe G\u00e1vea News","twitter_card":"summary_large_image","twitter_misc":{"Escrito por":"Equipe G\u00e1vea News","Est. tempo de leitura":"2 minutos"},"schema":{"@context":"https:\/\/schema.org","@graph":[{"@type":"NewsArticle","@id":"https:\/\/www.gaveanews.com\/index.php\/2024\/01\/28\/flamengo-aceita-proposta-realizada-pelo-botafogo\/#article","isPartOf":{"@id":"https:\/\/www.gaveanews.com\/index.php\/2024\/01\/28\/flamengo-aceita-proposta-realizada-pelo-botafogo\/"},"author":{"name":"Equipe G\u00e1vea News","@id":"https:\/\/www.gaveanews.com\/#\/schema\/person\/2ec14f73fb96be2caf28f91afb14749d"},"headline":"Flamengo aceita proposta realizada pelo Botafogo","datePublished":"2024-01-28T03:12:35+00:00","dateModified":"2024-01-28T03:13:02+00:00","mainEntityOfPage":{"@id":"https:\/\/www.gaveanews.com\/index.php\/2024\/01\/28\/flamengo-aceita-proposta-realizada-pelo-botafogo\/"},"wordCount":260,"commentCount":0,"image":{"@id":"https:\/\/www.gaveanews.com\/index.php\/2024\/01\/28\/flamengo-aceita-proposta-realizada-pelo-botafogo\/#primaryimage"},"thumbnailUrl":"https:\/\/www.gaveanews.com\/wp-content\/uploads\/Textor-durante-coletiva-de-imprensa-do-Botafogo.webp","articleSection":["Negocia\u00e7\u00f5es"],"inLanguage":"pt-BR","potentialAction":[{"@type":"CommentAction","name":"Comment","target":["https:\/\/www.gaveanews.com\/index.php\/2024\/01\/28\/flamengo-aceita-proposta-realizada-pelo-botafogo\/#respond"]}],"copyrightYear":"2024","copyrightHolder":{"@id":"https:\/\/www.gaveanews.com\/#organization"}},{"@type":"WebPage","@id":"https:\/\/www.gaveanews.com\/index.php\/2024\/01\/28\/flamengo-aceita-proposta-realizada-pelo-botafogo\/","url":"https:\/\/www.gaveanews.com\/index.php\/2024\/01\/28\/flamengo-aceita-proposta-realizada-pelo-botafogo\/","name":"Flamengo aceita proposta realizada pelo Botafogo","isPartOf":{"@id":"https:\/\/www.gaveanews.com\/#website"},"primaryImageOfPage":{"@id":"https:\/\/www.gaveanews.com\/index.php\/2024\/01\/28\/flamengo-aceita-proposta-realizada-pelo-botafogo\/#primaryimage"},"image":{"@id":"https:\/\/www.gaveanews.com\/index.php\/2024\/01\/28\/flamengo-aceita-proposta-realizada-pelo-botafogo\/#primaryimage"},"thumbnailUrl":"https:\/\/www.gaveanews.com\/wp-content\/uploads\/Textor-durante-coletiva-de-imprensa-do-Botafogo.webp","datePublished":"2024-01-28T03:12:35+00:00","dateModified":"2024-01-28T03:13:02+00:00","author":{"@id":"https:\/\/www.gaveanews.com\/#\/schema\/person\/2ec14f73fb96be2caf28f91afb14749d"},"breadcrumb":{"@id":"https:\/\/www.gaveanews.com\/index.php\/2024\/01\/28\/flamengo-aceita-proposta-realizada-pelo-botafogo\/#breadcrumb"},"inLanguage":"pt-BR","potentialAction":[{"@type":"ReadAction","target":["https:\/\/www.gaveanews.com\/index.php\/2024\/01\/28\/flamengo-aceita-proposta-realizada-pelo-botafogo\/"]}]},{"@type":"ImageObject","inLanguage":"pt-BR","@id":"https:\/\/www.gaveanews.com\/index.php\/2024\/01\/28\/flamengo-aceita-proposta-realizada-pelo-botafogo\/#primaryimage","url":"https:\/\/www.gaveanews.com\/wp-content\/uploads\/Textor-durante-coletiva-de-imprensa-do-Botafogo.webp","contentUrl":"https:\/\/www.gaveanews.com\/wp-content\/uploads\/Textor-durante-coletiva-de-imprensa-do-Botafogo.webp","width":754,"height":471,"caption":"Textor durante coletiva de imprensa do Botafogo (Foto: V\u00edtor Silva\/Botafogo FR)"},{"@type":"BreadcrumbList","@id":"https:\/\/www.gaveanews.com\/index.php\/2024\/01\/28\/flamengo-aceita-proposta-realizada-pelo-botafogo\/#breadcrumb","itemListElement":[{"@type":"ListItem","position":1,"name":"Home","item":"https:\/\/www.gaveanews.com\/"},{"@type":"ListItem","position":2,"name":"Flamengo aceita proposta realizada pelo Botafogo"}]},{"@type":"WebSite","@id":"https:\/\/www.gaveanews.com\/#website","url":"https:\/\/www.gaveanews.com\/","name":"G\u00e1vea News","description":"Veja todas as not\u00edcias sobre o Flamengo: Contrata\u00e7\u00f5es, categorias de base, resultados das partidas, tabela de classifica\u00e7\u00e3o, pr\u00f3ximos jogos!","potentialAction":[{"@type":"SearchAction","target":{"@type":"EntryPoint","urlTemplate":"https:\/\/www.gaveanews.com\/?s={search_term_string}"},"query-input":{"@type":"PropertyValueSpecification","valueRequired":true,"valueName":"search_term_string"}}],"inLanguage":"pt-BR"},{"@type":"Person","@id":"https:\/\/www.gaveanews.com\/#\/schema\/person\/2ec14f73fb96be2caf28f91afb14749d","name":"Equipe G\u00e1vea News","image":{"@type":"ImageObject","inLanguage":"pt-BR","@id":"https:\/\/www.gaveanews.com\/#\/schema\/person\/image\/","url":"https:\/\/secure.gravatar.com\/avatar\/1e1956f1facbffd3f8fa53a326721950116b3b9dc9bd44939c01180fd4a745a9?s=96&d=mm&r=g","contentUrl":"https:\/\/secure.gravatar.com\/avatar\/1e1956f1facbffd3f8fa53a326721950116b3b9dc9bd44939c01180fd4a745a9?s=96&d=mm&r=g","caption":"Equipe G\u00e1vea News"}}]}},"_links":{"self":[{"href":"https:\/\/www.gaveanews.com\/index.php\/wp-json\/wp\/v2\/posts\/124050","targetHints":{"allow":["GET"]}}],"collection":[{"href":"https:\/\/www.gaveanews.com\/index.php\/wp-json\/wp\/v2\/posts"}],"about":[{"href":"https:\/\/www.gaveanews.com\/index.php\/wp-json\/wp\/v2\/types\/post"}],"author":[{"embeddable":true,"href":"https:\/\/www.gaveanews.com\/index.php\/wp-json\/wp\/v2\/users\/1"}],"replies":[{"embeddable":true,"href":"https:\/\/www.gaveanews.com\/index.php\/wp-json\/wp\/v2\/comments?post=124050"}],"version-history":[{"count":0,"href":"https:\/\/www.gaveanews.com\/index.php\/wp-json\/wp\/v2\/posts\/124050\/revisions"}],"wp:featuredmedia":[{"embeddable":true,"href":"https:\/\/www.gaveanews.com\/index.php\/wp-json\/wp\/v2\/media\/101461"}],"wp:attachment":[{"href":"https:\/\/www.gaveanews.com\/index.php\/wp-json\/wp\/v2\/media?parent=124050"}],"wp:term":[{"taxonomy":"category","embeddable":true,"href":"https:\/\/www.gaveanews.com\/index.php\/wp-json\/wp\/v2\/categories?post=124050"},{"taxonomy":"post_tag","embeddable":true,"href":"https:\/\/www.gaveanews.com\/index.php\/wp-json\/wp\/v2\/tags?post=124050"}],"curies":[{"name":"wp","href":"https:\/\/api.w.org\/{rel}","templated":true}]}}