{"id":126481,"date":"2024-02-09T06:25:27","date_gmt":"2024-02-09T09:25:27","guid":{"rendered":"https:\/\/www.gaveanews.com\/?p=126481"},"modified":"2024-04-06T23:23:14","modified_gmt":"2024-04-07T02:23:14","slug":"flamengo-pagara-valor-milionario-ao-benfica-veja-detalhes","status":"publish","type":"post","link":"https:\/\/www.gaveanews.com\/index.php\/2024\/02\/09\/flamengo-pagara-valor-milionario-ao-benfica-veja-detalhes\/","title":{"rendered":"Flamengo pagar\u00e1 valor milion\u00e1rio ao Benfica; veja detalhes"},"content":{"rendered":"\n<p>Everton Cebolinha, camisa 11 do Flamengo, alcan\u00e7ou a marca de 100 jogos pelo clube na vit\u00f3ria de 1 a 0 sobre o Botafogo, no Maracan\u00e3. Essa participa\u00e7\u00e3o n\u00e3o apenas reafirmou seu valor para o time, mas tamb\u00e9m ativou uma cl\u00e1usula de seu contrato com o Benfica, exigindo que o Flamengo pagasse R$ 7,9 milh\u00f5es ao clube portugu\u00eas. Este valor se soma aos 13,5 milh\u00f5es de euros (cerca de R$ 72,49 milh\u00f5es na \u00e9poca) anteriormente investidos na sua contrata\u00e7\u00e3o em junho de 2022, elevando o investimento total na transfer\u00eancia do atleta.<\/p>\n\n\n\n<p>A chegada de Tite ao comando t\u00e9cnico do Flamengo, em outubro de 2023, marcou um ponto de virada na trajet\u00f3ria de Cebolinha no clube. Ap\u00f3s um per\u00edodo inicial desafiador sob a dire\u00e7\u00e3o de Dorival J\u00fanior, V\u00edtor Pereira e Jorge Sampaoli, no qual teve poucas oportunidades e enfrentou cr\u00edticas dos torcedores, a confian\u00e7a do novo treinador permitiu que Cebolinha retomasse seu espa\u00e7o, assumindo a titularidade na ponta esquerda e relegando Bruno Henrique ao banco de reservas.<\/p>\n\n\n\n<p>Esta mudan\u00e7a de cen\u00e1rio \u00e9 refletida no desempenho de Cebolinha, que, apesar de uma atua\u00e7\u00e3o discreta no cl\u00e1ssico contra o Botafogo, onde acertou 64% de seus passes e n\u00e3o finalizou ao gol, tem sido um dos destaques do Flamengo na temporada. Sua habilidade de superar um per\u00edodo turbulento e se reafirmar como uma pe\u00e7a chave no esquema de Tite evidencia sua resili\u00eancia e capacidade de adapta\u00e7\u00e3o.<\/p>\n\n\n\n<p>Com Everton Cebolinha dispon\u00edvel, o Flamengo se prepara para seu pr\u00f3ximo compromisso contra o Volta Redonda, em um jogo atrasado v\u00e1lido pela terceira rodada do Campeonato Carioca, marcado para s\u00e1bado \u00e0s 16h (hor\u00e1rio de Bras\u00edlia), no Maracan\u00e3. Este confronto representa mais uma oportunidade para Cebolinha demonstrar sua import\u00e2ncia para a equipe, buscando melhorar seu desempenho e contribuir para o sucesso do Flamengo.<\/p>\n\n\n\n<p>A trajet\u00f3ria de Everton Cebolinha no Flamengo exemplifica a din\u00e2mica do futebol, onde desafios e cr\u00edticas podem ser transformados em oportunidades e conquistas. Sua recupera\u00e7\u00e3o de confian\u00e7a e espa\u00e7o no time sob a lideran\u00e7a de Tite destaca a import\u00e2ncia de uma gest\u00e3o t\u00e9cnica capaz de reconhecer e potencializar o talento dos jogadores.<\/p>\n\n\n\n<p>Conforme o Flamengo segue adiante, a contribui\u00e7\u00e3o de Everton Cebolinha ser\u00e1 crucial para as aspira\u00e7\u00f5es do clube nas competi\u00e7\u00f5es em andamento. Seu desenvolvimento e adapta\u00e7\u00e3o ao estilo de jogo proposto por Tite ilustram o potencial de evolu\u00e7\u00e3o dentro do elenco rubro-negro, oferecendo esperan\u00e7as de mais conquistas e momentos memor\u00e1veis para os torcedores.<\/p>\n","protected":false},"excerpt":{"rendered":"<p>Everton Cebolinha, camisa 11 do Flamengo, alcan\u00e7ou a marca de 100 jogos pelo clube na vit\u00f3ria de 1 a 0 sobre o Botafogo, no Maracan\u00e3. Essa participa\u00e7\u00e3o n\u00e3o apenas reafirmou seu valor para o time, mas tamb\u00e9m ativou uma cl\u00e1usula de seu contrato com o Benfica, exigindo que o Flamengo pagasse R$ 7,9 milh\u00f5es ao [&hellip;]<\/p>\n","protected":false},"author":1,"featured_media":74667,"comment_status":"open","ping_status":"closed","sticky":false,"template":"","format":"standard","meta":{"footnotes":""},"categories":[1],"tags":[171],"class_list":["post-126481","post","type-post","status-publish","format-standard","has-post-thumbnail","hentry","category-flamengo","tag-adenor-leonardo-bachi-tite"],"yoast_head":"<!-- This site is optimized with the Yoast SEO Premium plugin v24.2 (Yoast SEO v26.9) - https:\/\/yoast.com\/product\/yoast-seo-premium-wordpress\/ -->\n<title>Flamengo pagar\u00e1 valor milion\u00e1rio ao Benfica; veja detalhes<\/title>\n<meta name=\"description\" content=\"A chegada de Tite ao comando t\u00e9cnico do Flamengo, no m\u00eas de outubro de 2023, marcou um ponto de virada no clube.\" \/>\n<meta name=\"robots\" content=\"index, follow, max-snippet:-1, max-image-preview:large, max-video-preview:-1\" \/>\n<link rel=\"canonical\" href=\"https:\/\/www.gaveanews.com\/index.php\/2024\/02\/09\/flamengo-pagara-valor-milionario-ao-benfica-veja-detalhes\/\" \/>\n<meta property=\"og:locale\" content=\"pt_BR\" \/>\n<meta property=\"og:type\" content=\"article\" \/>\n<meta property=\"og:title\" content=\"Flamengo pagar\u00e1 valor milion\u00e1rio ao Benfica; veja detalhes\" \/>\n<meta property=\"og:description\" content=\"A chegada de Tite ao comando t\u00e9cnico do Flamengo, no m\u00eas de outubro de 2023, marcou um ponto de virada no clube.\" \/>\n<meta property=\"og:url\" content=\"https:\/\/www.gaveanews.com\/index.php\/2024\/02\/09\/flamengo-pagara-valor-milionario-ao-benfica-veja-detalhes\/\" \/>\n<meta property=\"og:site_name\" content=\"G\u00e1vea News\" \/>\n<meta property=\"article:publisher\" content=\"https:\/\/facebook.com\/gaveaNews\/\" \/>\n<meta property=\"article:published_time\" content=\"2024-02-09T09:25:27+00:00\" \/>\n<meta property=\"article:modified_time\" content=\"2024-04-07T02:23:14+00:00\" \/>\n<meta property=\"og:image\" content=\"https:\/\/www.gaveanews.com\/wp-content\/uploads\/Rodolfo-Landim-e-Bruno-Spindel-em-entrevista-coletiva-no-Ninho-do-Urubu.webp\" \/>\n\t<meta property=\"og:image:width\" content=\"799\" \/>\n\t<meta property=\"og:image:height\" content=\"532\" \/>\n\t<meta property=\"og:image:type\" content=\"image\/jpeg\" \/>\n<meta name=\"author\" content=\"Equipe G\u00e1vea News\" \/>\n<meta name=\"twitter:card\" content=\"summary_large_image\" \/>\n<meta name=\"twitter:label1\" content=\"Escrito por\" \/>\n\t<meta name=\"twitter:data1\" content=\"Equipe G\u00e1vea News\" \/>\n\t<meta name=\"twitter:label2\" content=\"Est. tempo de leitura\" \/>\n\t<meta name=\"twitter:data2\" content=\"3 minutos\" \/>\n<script type=\"application\/ld+json\" class=\"yoast-schema-graph\">{\"@context\":\"https:\/\/schema.org\",\"@graph\":[{\"@type\":\"NewsArticle\",\"@id\":\"https:\/\/www.gaveanews.com\/index.php\/2024\/02\/09\/flamengo-pagara-valor-milionario-ao-benfica-veja-detalhes\/#article\",\"isPartOf\":{\"@id\":\"https:\/\/www.gaveanews.com\/index.php\/2024\/02\/09\/flamengo-pagara-valor-milionario-ao-benfica-veja-detalhes\/\"},\"author\":{\"name\":\"Equipe G\u00e1vea News\",\"@id\":\"https:\/\/www.gaveanews.com\/#\/schema\/person\/2ec14f73fb96be2caf28f91afb14749d\"},\"headline\":\"Flamengo pagar\u00e1 valor milion\u00e1rio ao Benfica; veja detalhes\",\"datePublished\":\"2024-02-09T09:25:27+00:00\",\"dateModified\":\"2024-04-07T02:23:14+00:00\",\"mainEntityOfPage\":{\"@id\":\"https:\/\/www.gaveanews.com\/index.php\/2024\/02\/09\/flamengo-pagara-valor-milionario-ao-benfica-veja-detalhes\/\"},\"wordCount\":450,\"commentCount\":0,\"image\":{\"@id\":\"https:\/\/www.gaveanews.com\/index.php\/2024\/02\/09\/flamengo-pagara-valor-milionario-ao-benfica-veja-detalhes\/#primaryimage\"},\"thumbnailUrl\":\"https:\/\/www.gaveanews.com\/wp-content\/uploads\/Rodolfo-Landim-e-Bruno-Spindel-em-entrevista-coletiva-no-Ninho-do-Urubu.webp\",\"keywords\":[\"Adenor Leonardo Bachi\"],\"articleSection\":[\"Flamengo\"],\"inLanguage\":\"pt-BR\",\"potentialAction\":[{\"@type\":\"CommentAction\",\"name\":\"Comment\",\"target\":[\"https:\/\/www.gaveanews.com\/index.php\/2024\/02\/09\/flamengo-pagara-valor-milionario-ao-benfica-veja-detalhes\/#respond\"]}],\"copyrightYear\":\"2024\",\"copyrightHolder\":{\"@id\":\"https:\/\/www.gaveanews.com\/#organization\"}},{\"@type\":\"WebPage\",\"@id\":\"https:\/\/www.gaveanews.com\/index.php\/2024\/02\/09\/flamengo-pagara-valor-milionario-ao-benfica-veja-detalhes\/\",\"url\":\"https:\/\/www.gaveanews.com\/index.php\/2024\/02\/09\/flamengo-pagara-valor-milionario-ao-benfica-veja-detalhes\/\",\"name\":\"Flamengo pagar\u00e1 valor milion\u00e1rio ao Benfica; veja detalhes\",\"isPartOf\":{\"@id\":\"https:\/\/www.gaveanews.com\/#website\"},\"primaryImageOfPage\":{\"@id\":\"https:\/\/www.gaveanews.com\/index.php\/2024\/02\/09\/flamengo-pagara-valor-milionario-ao-benfica-veja-detalhes\/#primaryimage\"},\"image\":{\"@id\":\"https:\/\/www.gaveanews.com\/index.php\/2024\/02\/09\/flamengo-pagara-valor-milionario-ao-benfica-veja-detalhes\/#primaryimage\"},\"thumbnailUrl\":\"https:\/\/www.gaveanews.com\/wp-content\/uploads\/Rodolfo-Landim-e-Bruno-Spindel-em-entrevista-coletiva-no-Ninho-do-Urubu.webp\",\"datePublished\":\"2024-02-09T09:25:27+00:00\",\"dateModified\":\"2024-04-07T02:23:14+00:00\",\"author\":{\"@id\":\"https:\/\/www.gaveanews.com\/#\/schema\/person\/2ec14f73fb96be2caf28f91afb14749d\"},\"description\":\"A chegada de Tite ao comando t\u00e9cnico do Flamengo, no m\u00eas de outubro de 2023, marcou um ponto de virada no clube.\",\"breadcrumb\":{\"@id\":\"https:\/\/www.gaveanews.com\/index.php\/2024\/02\/09\/flamengo-pagara-valor-milionario-ao-benfica-veja-detalhes\/#breadcrumb\"},\"inLanguage\":\"pt-BR\",\"potentialAction\":[{\"@type\":\"ReadAction\",\"target\":[\"https:\/\/www.gaveanews.com\/index.php\/2024\/02\/09\/flamengo-pagara-valor-milionario-ao-benfica-veja-detalhes\/\"]}]},{\"@type\":\"ImageObject\",\"inLanguage\":\"pt-BR\",\"@id\":\"https:\/\/www.gaveanews.com\/index.php\/2024\/02\/09\/flamengo-pagara-valor-milionario-ao-benfica-veja-detalhes\/#primaryimage\",\"url\":\"https:\/\/www.gaveanews.com\/wp-content\/uploads\/Rodolfo-Landim-e-Bruno-Spindel-em-entrevista-coletiva-no-Ninho-do-Urubu.webp\",\"contentUrl\":\"https:\/\/www.gaveanews.com\/wp-content\/uploads\/Rodolfo-Landim-e-Bruno-Spindel-em-entrevista-coletiva-no-Ninho-do-Urubu.webp\",\"width\":799,\"height\":532,\"caption\":\"Rodolfo Landim e Bruno Spindel em entrevista coletiva no Ninho do Urubu (Foto: Alexandre Vidal\/Flamengo)\"},{\"@type\":\"BreadcrumbList\",\"@id\":\"https:\/\/www.gaveanews.com\/index.php\/2024\/02\/09\/flamengo-pagara-valor-milionario-ao-benfica-veja-detalhes\/#breadcrumb\",\"itemListElement\":[{\"@type\":\"ListItem\",\"position\":1,\"name\":\"Home\",\"item\":\"https:\/\/www.gaveanews.com\/\"},{\"@type\":\"ListItem\",\"position\":2,\"name\":\"Flamengo pagar\u00e1 valor milion\u00e1rio ao Benfica; veja detalhes\"}]},{\"@type\":\"WebSite\",\"@id\":\"https:\/\/www.gaveanews.com\/#website\",\"url\":\"https:\/\/www.gaveanews.com\/\",\"name\":\"G\u00e1vea News\",\"description\":\"Veja todas as not\u00edcias sobre o Flamengo: Contrata\u00e7\u00f5es, categorias de base, resultados das partidas, tabela de classifica\u00e7\u00e3o, pr\u00f3ximos jogos!\",\"potentialAction\":[{\"@type\":\"SearchAction\",\"target\":{\"@type\":\"EntryPoint\",\"urlTemplate\":\"https:\/\/www.gaveanews.com\/?s={search_term_string}\"},\"query-input\":{\"@type\":\"PropertyValueSpecification\",\"valueRequired\":true,\"valueName\":\"search_term_string\"}}],\"inLanguage\":\"pt-BR\"},{\"@type\":\"Person\",\"@id\":\"https:\/\/www.gaveanews.com\/#\/schema\/person\/2ec14f73fb96be2caf28f91afb14749d\",\"name\":\"Equipe G\u00e1vea News\",\"image\":{\"@type\":\"ImageObject\",\"inLanguage\":\"pt-BR\",\"@id\":\"https:\/\/www.gaveanews.com\/#\/schema\/person\/image\/\",\"url\":\"https:\/\/secure.gravatar.com\/avatar\/1e1956f1facbffd3f8fa53a326721950116b3b9dc9bd44939c01180fd4a745a9?s=96&d=mm&r=g\",\"contentUrl\":\"https:\/\/secure.gravatar.com\/avatar\/1e1956f1facbffd3f8fa53a326721950116b3b9dc9bd44939c01180fd4a745a9?s=96&d=mm&r=g\",\"caption\":\"Equipe G\u00e1vea News\"}}]}<\/script>\n<!-- \/ Yoast SEO Premium plugin. -->","yoast_head_json":{"title":"Flamengo pagar\u00e1 valor milion\u00e1rio ao Benfica; veja detalhes","description":"A chegada de Tite ao comando t\u00e9cnico do Flamengo, no m\u00eas de outubro de 2023, marcou um ponto de virada no clube.","robots":{"index":"index","follow":"follow","max-snippet":"max-snippet:-1","max-image-preview":"max-image-preview:large","max-video-preview":"max-video-preview:-1"},"canonical":"https:\/\/www.gaveanews.com\/index.php\/2024\/02\/09\/flamengo-pagara-valor-milionario-ao-benfica-veja-detalhes\/","og_locale":"pt_BR","og_type":"article","og_title":"Flamengo pagar\u00e1 valor milion\u00e1rio ao Benfica; veja detalhes","og_description":"A chegada de Tite ao comando t\u00e9cnico do Flamengo, no m\u00eas de outubro de 2023, marcou um ponto de virada no clube.","og_url":"https:\/\/www.gaveanews.com\/index.php\/2024\/02\/09\/flamengo-pagara-valor-milionario-ao-benfica-veja-detalhes\/","og_site_name":"G\u00e1vea News","article_publisher":"https:\/\/facebook.com\/gaveaNews\/","article_published_time":"2024-02-09T09:25:27+00:00","article_modified_time":"2024-04-07T02:23:14+00:00","og_image":[{"width":799,"height":532,"url":"https:\/\/www.gaveanews.com\/wp-content\/uploads\/Rodolfo-Landim-e-Bruno-Spindel-em-entrevista-coletiva-no-Ninho-do-Urubu.webp","type":"image\/jpeg"}],"author":"Equipe G\u00e1vea News","twitter_card":"summary_large_image","twitter_misc":{"Escrito por":"Equipe G\u00e1vea News","Est. tempo de leitura":"3 minutos"},"schema":{"@context":"https:\/\/schema.org","@graph":[{"@type":"NewsArticle","@id":"https:\/\/www.gaveanews.com\/index.php\/2024\/02\/09\/flamengo-pagara-valor-milionario-ao-benfica-veja-detalhes\/#article","isPartOf":{"@id":"https:\/\/www.gaveanews.com\/index.php\/2024\/02\/09\/flamengo-pagara-valor-milionario-ao-benfica-veja-detalhes\/"},"author":{"name":"Equipe G\u00e1vea News","@id":"https:\/\/www.gaveanews.com\/#\/schema\/person\/2ec14f73fb96be2caf28f91afb14749d"},"headline":"Flamengo pagar\u00e1 valor milion\u00e1rio ao Benfica; veja detalhes","datePublished":"2024-02-09T09:25:27+00:00","dateModified":"2024-04-07T02:23:14+00:00","mainEntityOfPage":{"@id":"https:\/\/www.gaveanews.com\/index.php\/2024\/02\/09\/flamengo-pagara-valor-milionario-ao-benfica-veja-detalhes\/"},"wordCount":450,"commentCount":0,"image":{"@id":"https:\/\/www.gaveanews.com\/index.php\/2024\/02\/09\/flamengo-pagara-valor-milionario-ao-benfica-veja-detalhes\/#primaryimage"},"thumbnailUrl":"https:\/\/www.gaveanews.com\/wp-content\/uploads\/Rodolfo-Landim-e-Bruno-Spindel-em-entrevista-coletiva-no-Ninho-do-Urubu.webp","keywords":["Adenor Leonardo Bachi"],"articleSection":["Flamengo"],"inLanguage":"pt-BR","potentialAction":[{"@type":"CommentAction","name":"Comment","target":["https:\/\/www.gaveanews.com\/index.php\/2024\/02\/09\/flamengo-pagara-valor-milionario-ao-benfica-veja-detalhes\/#respond"]}],"copyrightYear":"2024","copyrightHolder":{"@id":"https:\/\/www.gaveanews.com\/#organization"}},{"@type":"WebPage","@id":"https:\/\/www.gaveanews.com\/index.php\/2024\/02\/09\/flamengo-pagara-valor-milionario-ao-benfica-veja-detalhes\/","url":"https:\/\/www.gaveanews.com\/index.php\/2024\/02\/09\/flamengo-pagara-valor-milionario-ao-benfica-veja-detalhes\/","name":"Flamengo pagar\u00e1 valor milion\u00e1rio ao Benfica; veja detalhes","isPartOf":{"@id":"https:\/\/www.gaveanews.com\/#website"},"primaryImageOfPage":{"@id":"https:\/\/www.gaveanews.com\/index.php\/2024\/02\/09\/flamengo-pagara-valor-milionario-ao-benfica-veja-detalhes\/#primaryimage"},"image":{"@id":"https:\/\/www.gaveanews.com\/index.php\/2024\/02\/09\/flamengo-pagara-valor-milionario-ao-benfica-veja-detalhes\/#primaryimage"},"thumbnailUrl":"https:\/\/www.gaveanews.com\/wp-content\/uploads\/Rodolfo-Landim-e-Bruno-Spindel-em-entrevista-coletiva-no-Ninho-do-Urubu.webp","datePublished":"2024-02-09T09:25:27+00:00","dateModified":"2024-04-07T02:23:14+00:00","author":{"@id":"https:\/\/www.gaveanews.com\/#\/schema\/person\/2ec14f73fb96be2caf28f91afb14749d"},"description":"A chegada de Tite ao comando t\u00e9cnico do Flamengo, no m\u00eas de outubro de 2023, marcou um ponto de virada no clube.","breadcrumb":{"@id":"https:\/\/www.gaveanews.com\/index.php\/2024\/02\/09\/flamengo-pagara-valor-milionario-ao-benfica-veja-detalhes\/#breadcrumb"},"inLanguage":"pt-BR","potentialAction":[{"@type":"ReadAction","target":["https:\/\/www.gaveanews.com\/index.php\/2024\/02\/09\/flamengo-pagara-valor-milionario-ao-benfica-veja-detalhes\/"]}]},{"@type":"ImageObject","inLanguage":"pt-BR","@id":"https:\/\/www.gaveanews.com\/index.php\/2024\/02\/09\/flamengo-pagara-valor-milionario-ao-benfica-veja-detalhes\/#primaryimage","url":"https:\/\/www.gaveanews.com\/wp-content\/uploads\/Rodolfo-Landim-e-Bruno-Spindel-em-entrevista-coletiva-no-Ninho-do-Urubu.webp","contentUrl":"https:\/\/www.gaveanews.com\/wp-content\/uploads\/Rodolfo-Landim-e-Bruno-Spindel-em-entrevista-coletiva-no-Ninho-do-Urubu.webp","width":799,"height":532,"caption":"Rodolfo Landim e Bruno Spindel em entrevista coletiva no Ninho do Urubu (Foto: Alexandre Vidal\/Flamengo)"},{"@type":"BreadcrumbList","@id":"https:\/\/www.gaveanews.com\/index.php\/2024\/02\/09\/flamengo-pagara-valor-milionario-ao-benfica-veja-detalhes\/#breadcrumb","itemListElement":[{"@type":"ListItem","position":1,"name":"Home","item":"https:\/\/www.gaveanews.com\/"},{"@type":"ListItem","position":2,"name":"Flamengo pagar\u00e1 valor milion\u00e1rio ao Benfica; veja detalhes"}]},{"@type":"WebSite","@id":"https:\/\/www.gaveanews.com\/#website","url":"https:\/\/www.gaveanews.com\/","name":"G\u00e1vea News","description":"Veja todas as not\u00edcias sobre o Flamengo: Contrata\u00e7\u00f5es, categorias de base, resultados das partidas, tabela de classifica\u00e7\u00e3o, pr\u00f3ximos jogos!","potentialAction":[{"@type":"SearchAction","target":{"@type":"EntryPoint","urlTemplate":"https:\/\/www.gaveanews.com\/?s={search_term_string}"},"query-input":{"@type":"PropertyValueSpecification","valueRequired":true,"valueName":"search_term_string"}}],"inLanguage":"pt-BR"},{"@type":"Person","@id":"https:\/\/www.gaveanews.com\/#\/schema\/person\/2ec14f73fb96be2caf28f91afb14749d","name":"Equipe G\u00e1vea News","image":{"@type":"ImageObject","inLanguage":"pt-BR","@id":"https:\/\/www.gaveanews.com\/#\/schema\/person\/image\/","url":"https:\/\/secure.gravatar.com\/avatar\/1e1956f1facbffd3f8fa53a326721950116b3b9dc9bd44939c01180fd4a745a9?s=96&d=mm&r=g","contentUrl":"https:\/\/secure.gravatar.com\/avatar\/1e1956f1facbffd3f8fa53a326721950116b3b9dc9bd44939c01180fd4a745a9?s=96&d=mm&r=g","caption":"Equipe G\u00e1vea News"}}]}},"_links":{"self":[{"href":"https:\/\/www.gaveanews.com\/index.php\/wp-json\/wp\/v2\/posts\/126481","targetHints":{"allow":["GET"]}}],"collection":[{"href":"https:\/\/www.gaveanews.com\/index.php\/wp-json\/wp\/v2\/posts"}],"about":[{"href":"https:\/\/www.gaveanews.com\/index.php\/wp-json\/wp\/v2\/types\/post"}],"author":[{"embeddable":true,"href":"https:\/\/www.gaveanews.com\/index.php\/wp-json\/wp\/v2\/users\/1"}],"replies":[{"embeddable":true,"href":"https:\/\/www.gaveanews.com\/index.php\/wp-json\/wp\/v2\/comments?post=126481"}],"version-history":[{"count":1,"href":"https:\/\/www.gaveanews.com\/index.php\/wp-json\/wp\/v2\/posts\/126481\/revisions"}],"predecessor-version":[{"id":135255,"href":"https:\/\/www.gaveanews.com\/index.php\/wp-json\/wp\/v2\/posts\/126481\/revisions\/135255"}],"wp:featuredmedia":[{"embeddable":true,"href":"https:\/\/www.gaveanews.com\/index.php\/wp-json\/wp\/v2\/media\/74667"}],"wp:attachment":[{"href":"https:\/\/www.gaveanews.com\/index.php\/wp-json\/wp\/v2\/media?parent=126481"}],"wp:term":[{"taxonomy":"category","embeddable":true,"href":"https:\/\/www.gaveanews.com\/index.php\/wp-json\/wp\/v2\/categories?post=126481"},{"taxonomy":"post_tag","embeddable":true,"href":"https:\/\/www.gaveanews.com\/index.php\/wp-json\/wp\/v2\/tags?post=126481"}],"curies":[{"name":"wp","href":"https:\/\/api.w.org\/{rel}","templated":true}]}}