{"id":127093,"date":"2024-02-15T06:00:00","date_gmt":"2024-02-15T09:00:00","guid":{"rendered":"https:\/\/www.gaveanews.com\/?p=127093"},"modified":"2024-04-06T23:23:01","modified_gmt":"2024-04-07T02:23:01","slug":"alvo-desejado-pela-diretoria-fica-livre-flamengo-perde-jogador-importante-e-cbf-convoca-atleta-do-fla-veja-as-ultimas-noticias-do-flamengo","status":"publish","type":"post","link":"https:\/\/www.gaveanews.com\/index.php\/2024\/02\/15\/alvo-desejado-pela-diretoria-fica-livre-flamengo-perde-jogador-importante-e-cbf-convoca-atleta-do-fla-veja-as-ultimas-noticias-do-flamengo\/","title":{"rendered":"Alvo desejado pela diretoria fica livre, Flamengo perde jogador importante e CBF convoca atleta do Fla: veja as \u00faltimas not\u00edcias do Flamengo"},"content":{"rendered":"\n<p>Nas \u00faltimas horas, as aten\u00e7\u00f5es se voltam para os bastidores do Flamengo, com not\u00edcias destacando a disponibilidade do alvo desejado pela diretoria no mercado e a convoca\u00e7\u00e3o de um atleta do clube pela CBF.<\/p>\n\n\n\n<p>Por conta deste contexto, leia abaixo um resumo preparado pela equipe do portal G\u00e1vea News para lhe manter muito bem informado!<\/p>\n\n\n\n<h2 class=\"wp-block-heading\" id=\"h-fla-perde-jogador-importante\">Fla perde jogador importante<\/h2>\n\n\n\n<figure class=\"wp-block-image size-full\"><img loading=\"lazy\" decoding=\"async\" width=\"900\" height=\"600\" src=\"https:\/\/www.gaveanews.com\/wp-content\/uploads\/allan-treino-flamengo-1.webp\" alt=\"\" class=\"wp-image-101869\" srcset=\"https:\/\/www.gaveanews.com\/wp-content\/uploads\/allan-treino-flamengo-1.webp 900w, https:\/\/www.gaveanews.com\/wp-content\/uploads\/allan-treino-flamengo-1-300x200.webp 300w, https:\/\/www.gaveanews.com\/wp-content\/uploads\/allan-treino-flamengo-1-768x512.webp 768w, https:\/\/www.gaveanews.com\/wp-content\/uploads\/allan-treino-flamengo-1-630x420.webp 630w, https:\/\/www.gaveanews.com\/wp-content\/uploads\/allan-treino-flamengo-1-640x427.webp 640w, https:\/\/www.gaveanews.com\/wp-content\/uploads\/allan-treino-flamengo-1-681x454.webp 681w, https:\/\/www.gaveanews.com\/wp-content\/uploads\/allan-treino-flamengo-1-100x67.webp 100w\" sizes=\"auto, (max-width: 900px) 100vw, 900px\" \/><figcaption class=\"wp-element-caption\">Allan em treino do Flamengo no Ninho do Urubu (Foto: Gilvan de Souza\/Flamengo)<\/figcaption><\/figure>\n\n\n\n<p>A temporada de 2024 come\u00e7ou com expectativas altas para Allan, volante do Flamengo, que buscava consolidar sua posi\u00e7\u00e3o como titular sob a dire\u00e7\u00e3o de Tite. Apesar de sua import\u00e2ncia t\u00e1tica para o time, Allan enfrenta um rev\u00e9s significativo com o an\u00fancio de que ficar\u00e1 fora dos campos por 12 dias para um trabalho de reequil\u00edbrio muscular e controle de carga. Este per\u00edodo de recupera\u00e7\u00e3o visa manter sua condi\u00e7\u00e3o f\u00edsica e desempenho, destacando a precau\u00e7\u00e3o do Flamengo com a sa\u00fade de seus atletas.<\/p>\n\n\n\n<p>Durante a aus\u00eancia de Allan, o Flamengo ter\u00e1 o desafio de disputar tr\u00eas partidas cruciais pela Ta\u00e7a Guanabara sem sua contribui\u00e7\u00e3o. Estes jogos incluem confrontos contra Bangu, Boavista, e um cl\u00e1ssico altamente antecipado contra o Fluminense, marcados para os dias 15, 20 e 25 de fevereiro. A aus\u00eancia de Allan nessas partidas representa um teste significativo para a equipe, que dever\u00e1 adaptar sua estrat\u00e9gia e composi\u00e7\u00e3o para manter seu desempenho na competi\u00e7\u00e3o.<\/p>\n\n\n\n<p>Apesar do contratempo, a expectativa \u00e9 que Allan retorne ao campo no jogo contra o Madureira na primeira semana de mar\u00e7o, ap\u00f3s a recupera\u00e7\u00e3o e o cl\u00e1ssico contra o Fluminense. Sua presen\u00e7a \u00e9 considerada valiosa para o Flamengo, n\u00e3o apenas pela habilidade em campo mas tamb\u00e9m pela experi\u00eancia em partidas de alta import\u00e2ncia. A equipe e os torcedores aguardam ansiosamente seu retorno, esperando que ele contribua significativamente para o sucesso do Flamengo no decorrer da temporada.<\/p>\n\n\n\n<h2 class=\"wp-block-heading\" id=\"h-alvo-desejado-pela-diretoria-esta-livre\">Alvo desejado pela diretoria est\u00e1 livre<\/h2>\n\n\n\n<figure class=\"wp-block-image size-full\"><img loading=\"lazy\" decoding=\"async\" width=\"1000\" height=\"666\" src=\"https:\/\/www.gaveanews.com\/wp-content\/uploads\/Oscar-em-acao-pelo-Shanghai-Port.webp\" alt=\"\" class=\"wp-image-85211\" srcset=\"https:\/\/www.gaveanews.com\/wp-content\/uploads\/Oscar-em-acao-pelo-Shanghai-Port.webp 1000w, https:\/\/www.gaveanews.com\/wp-content\/uploads\/Oscar-em-acao-pelo-Shanghai-Port-300x200.webp 300w, https:\/\/www.gaveanews.com\/wp-content\/uploads\/Oscar-em-acao-pelo-Shanghai-Port-768x511.webp 768w, https:\/\/www.gaveanews.com\/wp-content\/uploads\/Oscar-em-acao-pelo-Shanghai-Port-631x420.webp 631w, https:\/\/www.gaveanews.com\/wp-content\/uploads\/Oscar-em-acao-pelo-Shanghai-Port-640x426.webp 640w, https:\/\/www.gaveanews.com\/wp-content\/uploads\/Oscar-em-acao-pelo-Shanghai-Port-681x454.webp 681w, https:\/\/www.gaveanews.com\/wp-content\/uploads\/Oscar-em-acao-pelo-Shanghai-Port-100x67.webp 100w\" sizes=\"auto, (max-width: 1000px) 100vw, 1000px\" \/><figcaption class=\"wp-element-caption\">Oscar em a\u00e7\u00e3o pelo Shanghai Port (Foto: Divulga\u00e7\u00e3o)<\/figcaption><\/figure>\n\n\n\n<p>O Flamengo mant\u00e9m-se ativo no mercado de transfer\u00eancias, visando refor\u00e7ar seu elenco j\u00e1 competitivo com novas contrata\u00e7\u00f5es. O meio-campista brasileiro Oscar, com uma destacada carreira internacional no Shanghai Port da China, ressurge como um alvo potencial para o clube. A possibilidade de sua transfer\u00eancia ganha novo impulso devido \u00e0 sua disposi\u00e7\u00e3o em reduzir suas exig\u00eancias salariais, facilitando assim as negocia\u00e7\u00f5es para o Flamengo, que h\u00e1 tempos demonstra interesse em sua contrata\u00e7\u00e3o.<\/p>\n\n\n\n<p>Aos 32 anos, Oscar tem contrato com o Shanghai Port at\u00e9 novembro de 2024, mas expressou o desejo de mudar de clube ap\u00f3s o t\u00e9rmino de seu contrato, aceitando negociar um sal\u00e1rio menor. Com um hist\u00f3rico de ganhos na faixa dos 24 milh\u00f5es de euros por ano, a abertura do jogador para discutir redu\u00e7\u00f5es salariais representa um momento chave para facilitar sua transfer\u00eancia. Essa nova postura do atleta \u00e9 vista como um passo decisivo para superar os obst\u00e1culos financeiros anteriormente enfrentados por clubes interessados, incluindo o Flamengo.<\/p>\n\n\n\n<p>O interesse do Flamengo em Oscar n\u00e3o \u00e9 novidade, tendo as partes chegado a um acordo em 2022 que n\u00e3o se concretizou devido \u00e0 recusa do Shanghai Port em liberar o jogador. Com a nova disposi\u00e7\u00e3o de Oscar em negociar termos salariais mais flex\u00edveis, aumentam as esperan\u00e7as de um desfecho positivo nas negocia\u00e7\u00f5es. Enquanto isso, o Flamengo continua sua campanha no Campeonato Carioca, com o pr\u00f3ximo jogo marcado contra o Bangu, demonstrando o foco do time tanto em competi\u00e7\u00f5es atuais quanto no fortalecimento de seu elenco para o futuro.<\/p>\n\n\n\n<h2 class=\"wp-block-heading\" id=\"h-cbf-convoca-atleta-do-flamengo\">CBF convoca atleta do Flamengo<\/h2>\n\n\n<div class=\"wp-block-image\">\n<figure class=\"aligncenter size-large\"><img decoding=\"async\" src=\"https:\/\/s2-ge.glbimg.com\/cSfOQk8TuqLwgHVXGXsIWNXFQ-4=\/0x0:910x607\/984x0\/smart\/filters:strip_icc()\/i.s3.glbimg.com\/v1\/AUTH_bc8228b6673f488aa253bbcb03c80ec5\/internal_photos\/bs\/2024\/f\/i\/rk2kHNSx2hxTb78QzAXA\/20220824023503-638.webp\" alt=\"\"\/><figcaption class=\"wp-element-caption\">Gabi Barbieri \u00e9 goleira do Flamengo e ir\u00e1 disputar a Copa Ouro com a Sele\u00e7\u00e3o feminina (Foto: Thais Magalh\u00e3es\/CBF)<\/figcaption><\/figure>\n<\/div>\n\n\n<p>A Sele\u00e7\u00e3o Brasileira feminina de futebol se prepara para as Olimp\u00edadas de Paris com a convoca\u00e7\u00e3o de Gabi Barbieri, goleira do Flamengo, para a Copa Ouro Concacaf nos Estados Unidos, de 20 de fevereiro a 10 de mar\u00e7o. A chamada de Barbieri vem ap\u00f3s a les\u00e3o de Lel\u00ea, goleira do Corinthians, que sofreu um dano no ligamento cruzado anterior, afastando-a por 8 a 12 meses. Com uma carreira que come\u00e7ou na Chapecoense e destacou-se no Internacional, Barbieri j\u00e1 contribuiu para a sele\u00e7\u00e3o sub-20 com uma medalha de bronze no Mundial, al\u00e9m de sua recente transfer\u00eancia para o Flamengo, refor\u00e7ando suas qualifica\u00e7\u00f5es e experi\u00eancia.<\/p>\n\n\n\n<p>A estrat\u00e9gia do t\u00e9cnico Arthur Elias ao incluir Gabi na sele\u00e7\u00e3o visa fortalecer o time para os desafios internacionais antes das Olimp\u00edadas, considerando a Copa Ouro Concacaf uma oportunidade essencial para ajustes e adapta\u00e7\u00f5es. Este torneio, al\u00e9m de contar com a presen\u00e7a de outras sele\u00e7\u00f5es sul-americanas como Col\u00f4mbia, Argentina e Paraguai pela primeira vez, promove uma integra\u00e7\u00e3o e eleva o n\u00edvel competitivo, preparando as equipes para eventos significativos como as Olimp\u00edadas, destacando-se como um momento importante para o futebol feminino brasileiro em sua jornada para Paris.<\/p>\n\n\n\n<p>A convoca\u00e7\u00e3o de Gabi Barbieri e a participa\u00e7\u00e3o na Copa Ouro Concacaf geram altas expectativas para a Sele\u00e7\u00e3o Brasileira feminina, servindo n\u00e3o apenas como prepara\u00e7\u00e3o para as Olimp\u00edadas, mas tamb\u00e9m como uma chance de destacar a for\u00e7a e o talento do futebol feminino do Brasil no cen\u00e1rio internacional. Este momento \u00e9 crucial para o desenvolvimento e a demonstra\u00e7\u00e3o da capacidade da equipe em enfrentar competi\u00e7\u00f5es de alto n\u00edvel, antecipando um desempenho not\u00e1vel nas Olimp\u00edadas de Paris.<\/p>\n","protected":false},"excerpt":{"rendered":"<p>Nas \u00faltimas horas, as aten\u00e7\u00f5es se voltam para os bastidores do Flamengo, com not\u00edcias destacando a disponibilidade do alvo desejado pela diretoria no mercado e a convoca\u00e7\u00e3o de um atleta do clube pela CBF. Por conta deste contexto, leia abaixo um resumo preparado pela equipe do portal G\u00e1vea News para lhe manter muito bem informado! [&hellip;]<\/p>\n","protected":false},"author":15,"featured_media":118011,"comment_status":"open","ping_status":"closed","sticky":false,"template":"","format":"standard","meta":{"footnotes":""},"categories":[1],"tags":[171],"class_list":["post-127093","post","type-post","status-publish","format-standard","has-post-thumbnail","hentry","category-flamengo","tag-adenor-leonardo-bachi-tite"],"yoast_head":"<!-- This site is optimized with the Yoast SEO Premium plugin v24.2 (Yoast SEO v26.9) - https:\/\/yoast.com\/product\/yoast-seo-premium-wordpress\/ -->\n<title>Alvo desejado pela diretoria fica livre, Flamengo perde jogador importante e CBF convoca atleta do Fla: veja as \u00faltimas not\u00edcias do Flamengo<\/title>\n<meta name=\"robots\" content=\"index, follow, max-snippet:-1, max-image-preview:large, max-video-preview:-1\" \/>\n<link rel=\"canonical\" href=\"https:\/\/www.gaveanews.com\/index.php\/2024\/02\/15\/alvo-desejado-pela-diretoria-fica-livre-flamengo-perde-jogador-importante-e-cbf-convoca-atleta-do-fla-veja-as-ultimas-noticias-do-flamengo\/\" \/>\n<meta property=\"og:locale\" content=\"pt_BR\" \/>\n<meta property=\"og:type\" content=\"article\" \/>\n<meta property=\"og:title\" content=\"Alvo desejado pela diretoria fica livre, Flamengo perde jogador importante e CBF convoca atleta do Fla: veja as \u00faltimas not\u00edcias do Flamengo\" \/>\n<meta property=\"og:description\" content=\"Nas \u00faltimas horas, as aten\u00e7\u00f5es se voltam para os bastidores do Flamengo, com not\u00edcias destacando a disponibilidade do alvo desejado pela diretoria no mercado e a convoca\u00e7\u00e3o de um atleta do clube pela CBF. Por conta deste contexto, leia abaixo um resumo preparado pela equipe do portal G\u00e1vea News para lhe manter muito bem informado! [&hellip;]\" \/>\n<meta property=\"og:url\" content=\"https:\/\/www.gaveanews.com\/index.php\/2024\/02\/15\/alvo-desejado-pela-diretoria-fica-livre-flamengo-perde-jogador-importante-e-cbf-convoca-atleta-do-fla-veja-as-ultimas-noticias-do-flamengo\/\" \/>\n<meta property=\"og:site_name\" content=\"G\u00e1vea News\" \/>\n<meta property=\"article:publisher\" content=\"https:\/\/facebook.com\/gaveaNews\/\" \/>\n<meta property=\"article:published_time\" content=\"2024-02-15T09:00:00+00:00\" \/>\n<meta property=\"article:modified_time\" content=\"2024-04-07T02:23:01+00:00\" \/>\n<meta property=\"og:image\" content=\"https:\/\/www.gaveanews.com\/wp-content\/uploads\/landim-e-marco-braz.webp\" \/>\n\t<meta property=\"og:image:width\" content=\"1500\" \/>\n\t<meta property=\"og:image:height\" content=\"844\" \/>\n\t<meta property=\"og:image:type\" content=\"image\/webp\" \/>\n<meta name=\"author\" content=\"Henrique Machado\" \/>\n<meta name=\"twitter:card\" content=\"summary_large_image\" \/>\n<meta name=\"twitter:label1\" content=\"Escrito por\" \/>\n\t<meta name=\"twitter:data1\" content=\"Henrique Machado\" \/>\n\t<meta name=\"twitter:label2\" content=\"Est. tempo de leitura\" \/>\n\t<meta name=\"twitter:data2\" content=\"6 minutos\" \/>\n<script type=\"application\/ld+json\" class=\"yoast-schema-graph\">{\"@context\":\"https:\/\/schema.org\",\"@graph\":[{\"@type\":\"NewsArticle\",\"@id\":\"https:\/\/www.gaveanews.com\/index.php\/2024\/02\/15\/alvo-desejado-pela-diretoria-fica-livre-flamengo-perde-jogador-importante-e-cbf-convoca-atleta-do-fla-veja-as-ultimas-noticias-do-flamengo\/#article\",\"isPartOf\":{\"@id\":\"https:\/\/www.gaveanews.com\/index.php\/2024\/02\/15\/alvo-desejado-pela-diretoria-fica-livre-flamengo-perde-jogador-importante-e-cbf-convoca-atleta-do-fla-veja-as-ultimas-noticias-do-flamengo\/\"},\"author\":{\"name\":\"Henrique Machado\",\"@id\":\"https:\/\/www.gaveanews.com\/#\/schema\/person\/fd07635ec039ec3ba74ad18ec8a6dbd6\"},\"headline\":\"Alvo desejado pela diretoria fica livre, Flamengo perde jogador importante e CBF convoca atleta do Fla: veja as \u00faltimas not\u00edcias do Flamengo\",\"datePublished\":\"2024-02-15T09:00:00+00:00\",\"dateModified\":\"2024-04-07T02:23:01+00:00\",\"mainEntityOfPage\":{\"@id\":\"https:\/\/www.gaveanews.com\/index.php\/2024\/02\/15\/alvo-desejado-pela-diretoria-fica-livre-flamengo-perde-jogador-importante-e-cbf-convoca-atleta-do-fla-veja-as-ultimas-noticias-do-flamengo\/\"},\"wordCount\":960,\"commentCount\":0,\"image\":{\"@id\":\"https:\/\/www.gaveanews.com\/index.php\/2024\/02\/15\/alvo-desejado-pela-diretoria-fica-livre-flamengo-perde-jogador-importante-e-cbf-convoca-atleta-do-fla-veja-as-ultimas-noticias-do-flamengo\/#primaryimage\"},\"thumbnailUrl\":\"https:\/\/www.gaveanews.com\/wp-content\/uploads\/landim-e-marco-braz.webp\",\"keywords\":[\"Adenor Leonardo Bachi\"],\"articleSection\":[\"Flamengo\"],\"inLanguage\":\"pt-BR\",\"potentialAction\":[{\"@type\":\"CommentAction\",\"name\":\"Comment\",\"target\":[\"https:\/\/www.gaveanews.com\/index.php\/2024\/02\/15\/alvo-desejado-pela-diretoria-fica-livre-flamengo-perde-jogador-importante-e-cbf-convoca-atleta-do-fla-veja-as-ultimas-noticias-do-flamengo\/#respond\"]}],\"copyrightYear\":\"2024\",\"copyrightHolder\":{\"@id\":\"https:\/\/www.gaveanews.com\/#organization\"}},{\"@type\":\"WebPage\",\"@id\":\"https:\/\/www.gaveanews.com\/index.php\/2024\/02\/15\/alvo-desejado-pela-diretoria-fica-livre-flamengo-perde-jogador-importante-e-cbf-convoca-atleta-do-fla-veja-as-ultimas-noticias-do-flamengo\/\",\"url\":\"https:\/\/www.gaveanews.com\/index.php\/2024\/02\/15\/alvo-desejado-pela-diretoria-fica-livre-flamengo-perde-jogador-importante-e-cbf-convoca-atleta-do-fla-veja-as-ultimas-noticias-do-flamengo\/\",\"name\":\"Alvo desejado pela diretoria fica livre, Flamengo perde jogador importante e CBF convoca atleta do Fla: veja as \u00faltimas not\u00edcias do Flamengo\",\"isPartOf\":{\"@id\":\"https:\/\/www.gaveanews.com\/#website\"},\"primaryImageOfPage\":{\"@id\":\"https:\/\/www.gaveanews.com\/index.php\/2024\/02\/15\/alvo-desejado-pela-diretoria-fica-livre-flamengo-perde-jogador-importante-e-cbf-convoca-atleta-do-fla-veja-as-ultimas-noticias-do-flamengo\/#primaryimage\"},\"image\":{\"@id\":\"https:\/\/www.gaveanews.com\/index.php\/2024\/02\/15\/alvo-desejado-pela-diretoria-fica-livre-flamengo-perde-jogador-importante-e-cbf-convoca-atleta-do-fla-veja-as-ultimas-noticias-do-flamengo\/#primaryimage\"},\"thumbnailUrl\":\"https:\/\/www.gaveanews.com\/wp-content\/uploads\/landim-e-marco-braz.webp\",\"datePublished\":\"2024-02-15T09:00:00+00:00\",\"dateModified\":\"2024-04-07T02:23:01+00:00\",\"author\":{\"@id\":\"https:\/\/www.gaveanews.com\/#\/schema\/person\/fd07635ec039ec3ba74ad18ec8a6dbd6\"},\"breadcrumb\":{\"@id\":\"https:\/\/www.gaveanews.com\/index.php\/2024\/02\/15\/alvo-desejado-pela-diretoria-fica-livre-flamengo-perde-jogador-importante-e-cbf-convoca-atleta-do-fla-veja-as-ultimas-noticias-do-flamengo\/#breadcrumb\"},\"inLanguage\":\"pt-BR\",\"potentialAction\":[{\"@type\":\"ReadAction\",\"target\":[\"https:\/\/www.gaveanews.com\/index.php\/2024\/02\/15\/alvo-desejado-pela-diretoria-fica-livre-flamengo-perde-jogador-importante-e-cbf-convoca-atleta-do-fla-veja-as-ultimas-noticias-do-flamengo\/\"]}]},{\"@type\":\"ImageObject\",\"inLanguage\":\"pt-BR\",\"@id\":\"https:\/\/www.gaveanews.com\/index.php\/2024\/02\/15\/alvo-desejado-pela-diretoria-fica-livre-flamengo-perde-jogador-importante-e-cbf-convoca-atleta-do-fla-veja-as-ultimas-noticias-do-flamengo\/#primaryimage\",\"url\":\"https:\/\/www.gaveanews.com\/wp-content\/uploads\/landim-e-marco-braz.webp\",\"contentUrl\":\"https:\/\/www.gaveanews.com\/wp-content\/uploads\/landim-e-marco-braz.webp\",\"width\":1500,\"height\":844,\"caption\":\"Rodolfo Landim, presidente do Flamengo, e Marcos Braz, vice de futebol do clube (Foto: Reprodu\u00e7\u00e3o\/ Goal)\"},{\"@type\":\"BreadcrumbList\",\"@id\":\"https:\/\/www.gaveanews.com\/index.php\/2024\/02\/15\/alvo-desejado-pela-diretoria-fica-livre-flamengo-perde-jogador-importante-e-cbf-convoca-atleta-do-fla-veja-as-ultimas-noticias-do-flamengo\/#breadcrumb\",\"itemListElement\":[{\"@type\":\"ListItem\",\"position\":1,\"name\":\"Home\",\"item\":\"https:\/\/www.gaveanews.com\/\"},{\"@type\":\"ListItem\",\"position\":2,\"name\":\"Alvo desejado pela diretoria fica livre, Flamengo perde jogador importante e CBF convoca atleta do Fla: veja as \u00faltimas not\u00edcias do Flamengo\"}]},{\"@type\":\"WebSite\",\"@id\":\"https:\/\/www.gaveanews.com\/#website\",\"url\":\"https:\/\/www.gaveanews.com\/\",\"name\":\"G\u00e1vea News\",\"description\":\"Veja todas as not\u00edcias sobre o Flamengo: Contrata\u00e7\u00f5es, categorias de base, resultados das partidas, tabela de classifica\u00e7\u00e3o, pr\u00f3ximos jogos!\",\"potentialAction\":[{\"@type\":\"SearchAction\",\"target\":{\"@type\":\"EntryPoint\",\"urlTemplate\":\"https:\/\/www.gaveanews.com\/?s={search_term_string}\"},\"query-input\":{\"@type\":\"PropertyValueSpecification\",\"valueRequired\":true,\"valueName\":\"search_term_string\"}}],\"inLanguage\":\"pt-BR\"},{\"@type\":\"Person\",\"@id\":\"https:\/\/www.gaveanews.com\/#\/schema\/person\/fd07635ec039ec3ba74ad18ec8a6dbd6\",\"name\":\"Henrique Machado\",\"image\":{\"@type\":\"ImageObject\",\"inLanguage\":\"pt-BR\",\"@id\":\"https:\/\/www.gaveanews.com\/#\/schema\/person\/image\/\",\"url\":\"https:\/\/secure.gravatar.com\/avatar\/b95e35997e01d9800c1b6184bd79d4d898d370a3fce2584f5c77b907d5c7d9e9?s=96&d=mm&r=g\",\"contentUrl\":\"https:\/\/secure.gravatar.com\/avatar\/b95e35997e01d9800c1b6184bd79d4d898d370a3fce2584f5c77b907d5c7d9e9?s=96&d=mm&r=g\",\"caption\":\"Henrique Machado\"}}]}<\/script>\n<!-- \/ Yoast SEO Premium plugin. -->","yoast_head_json":{"title":"Alvo desejado pela diretoria fica livre, Flamengo perde jogador importante e CBF convoca atleta do Fla: veja as \u00faltimas not\u00edcias do Flamengo","robots":{"index":"index","follow":"follow","max-snippet":"max-snippet:-1","max-image-preview":"max-image-preview:large","max-video-preview":"max-video-preview:-1"},"canonical":"https:\/\/www.gaveanews.com\/index.php\/2024\/02\/15\/alvo-desejado-pela-diretoria-fica-livre-flamengo-perde-jogador-importante-e-cbf-convoca-atleta-do-fla-veja-as-ultimas-noticias-do-flamengo\/","og_locale":"pt_BR","og_type":"article","og_title":"Alvo desejado pela diretoria fica livre, Flamengo perde jogador importante e CBF convoca atleta do Fla: veja as \u00faltimas not\u00edcias do Flamengo","og_description":"Nas \u00faltimas horas, as aten\u00e7\u00f5es se voltam para os bastidores do Flamengo, com not\u00edcias destacando a disponibilidade do alvo desejado pela diretoria no mercado e a convoca\u00e7\u00e3o de um atleta do clube pela CBF. Por conta deste contexto, leia abaixo um resumo preparado pela equipe do portal G\u00e1vea News para lhe manter muito bem informado! [&hellip;]","og_url":"https:\/\/www.gaveanews.com\/index.php\/2024\/02\/15\/alvo-desejado-pela-diretoria-fica-livre-flamengo-perde-jogador-importante-e-cbf-convoca-atleta-do-fla-veja-as-ultimas-noticias-do-flamengo\/","og_site_name":"G\u00e1vea News","article_publisher":"https:\/\/facebook.com\/gaveaNews\/","article_published_time":"2024-02-15T09:00:00+00:00","article_modified_time":"2024-04-07T02:23:01+00:00","og_image":[{"width":1500,"height":844,"url":"https:\/\/www.gaveanews.com\/wp-content\/uploads\/landim-e-marco-braz.webp","type":"image\/webp"}],"author":"Henrique Machado","twitter_card":"summary_large_image","twitter_misc":{"Escrito por":"Henrique Machado","Est. tempo de leitura":"6 minutos"},"schema":{"@context":"https:\/\/schema.org","@graph":[{"@type":"NewsArticle","@id":"https:\/\/www.gaveanews.com\/index.php\/2024\/02\/15\/alvo-desejado-pela-diretoria-fica-livre-flamengo-perde-jogador-importante-e-cbf-convoca-atleta-do-fla-veja-as-ultimas-noticias-do-flamengo\/#article","isPartOf":{"@id":"https:\/\/www.gaveanews.com\/index.php\/2024\/02\/15\/alvo-desejado-pela-diretoria-fica-livre-flamengo-perde-jogador-importante-e-cbf-convoca-atleta-do-fla-veja-as-ultimas-noticias-do-flamengo\/"},"author":{"name":"Henrique Machado","@id":"https:\/\/www.gaveanews.com\/#\/schema\/person\/fd07635ec039ec3ba74ad18ec8a6dbd6"},"headline":"Alvo desejado pela diretoria fica livre, Flamengo perde jogador importante e CBF convoca atleta do Fla: veja as \u00faltimas not\u00edcias do Flamengo","datePublished":"2024-02-15T09:00:00+00:00","dateModified":"2024-04-07T02:23:01+00:00","mainEntityOfPage":{"@id":"https:\/\/www.gaveanews.com\/index.php\/2024\/02\/15\/alvo-desejado-pela-diretoria-fica-livre-flamengo-perde-jogador-importante-e-cbf-convoca-atleta-do-fla-veja-as-ultimas-noticias-do-flamengo\/"},"wordCount":960,"commentCount":0,"image":{"@id":"https:\/\/www.gaveanews.com\/index.php\/2024\/02\/15\/alvo-desejado-pela-diretoria-fica-livre-flamengo-perde-jogador-importante-e-cbf-convoca-atleta-do-fla-veja-as-ultimas-noticias-do-flamengo\/#primaryimage"},"thumbnailUrl":"https:\/\/www.gaveanews.com\/wp-content\/uploads\/landim-e-marco-braz.webp","keywords":["Adenor Leonardo Bachi"],"articleSection":["Flamengo"],"inLanguage":"pt-BR","potentialAction":[{"@type":"CommentAction","name":"Comment","target":["https:\/\/www.gaveanews.com\/index.php\/2024\/02\/15\/alvo-desejado-pela-diretoria-fica-livre-flamengo-perde-jogador-importante-e-cbf-convoca-atleta-do-fla-veja-as-ultimas-noticias-do-flamengo\/#respond"]}],"copyrightYear":"2024","copyrightHolder":{"@id":"https:\/\/www.gaveanews.com\/#organization"}},{"@type":"WebPage","@id":"https:\/\/www.gaveanews.com\/index.php\/2024\/02\/15\/alvo-desejado-pela-diretoria-fica-livre-flamengo-perde-jogador-importante-e-cbf-convoca-atleta-do-fla-veja-as-ultimas-noticias-do-flamengo\/","url":"https:\/\/www.gaveanews.com\/index.php\/2024\/02\/15\/alvo-desejado-pela-diretoria-fica-livre-flamengo-perde-jogador-importante-e-cbf-convoca-atleta-do-fla-veja-as-ultimas-noticias-do-flamengo\/","name":"Alvo desejado pela diretoria fica livre, Flamengo perde jogador importante e CBF convoca atleta do Fla: veja as \u00faltimas not\u00edcias do Flamengo","isPartOf":{"@id":"https:\/\/www.gaveanews.com\/#website"},"primaryImageOfPage":{"@id":"https:\/\/www.gaveanews.com\/index.php\/2024\/02\/15\/alvo-desejado-pela-diretoria-fica-livre-flamengo-perde-jogador-importante-e-cbf-convoca-atleta-do-fla-veja-as-ultimas-noticias-do-flamengo\/#primaryimage"},"image":{"@id":"https:\/\/www.gaveanews.com\/index.php\/2024\/02\/15\/alvo-desejado-pela-diretoria-fica-livre-flamengo-perde-jogador-importante-e-cbf-convoca-atleta-do-fla-veja-as-ultimas-noticias-do-flamengo\/#primaryimage"},"thumbnailUrl":"https:\/\/www.gaveanews.com\/wp-content\/uploads\/landim-e-marco-braz.webp","datePublished":"2024-02-15T09:00:00+00:00","dateModified":"2024-04-07T02:23:01+00:00","author":{"@id":"https:\/\/www.gaveanews.com\/#\/schema\/person\/fd07635ec039ec3ba74ad18ec8a6dbd6"},"breadcrumb":{"@id":"https:\/\/www.gaveanews.com\/index.php\/2024\/02\/15\/alvo-desejado-pela-diretoria-fica-livre-flamengo-perde-jogador-importante-e-cbf-convoca-atleta-do-fla-veja-as-ultimas-noticias-do-flamengo\/#breadcrumb"},"inLanguage":"pt-BR","potentialAction":[{"@type":"ReadAction","target":["https:\/\/www.gaveanews.com\/index.php\/2024\/02\/15\/alvo-desejado-pela-diretoria-fica-livre-flamengo-perde-jogador-importante-e-cbf-convoca-atleta-do-fla-veja-as-ultimas-noticias-do-flamengo\/"]}]},{"@type":"ImageObject","inLanguage":"pt-BR","@id":"https:\/\/www.gaveanews.com\/index.php\/2024\/02\/15\/alvo-desejado-pela-diretoria-fica-livre-flamengo-perde-jogador-importante-e-cbf-convoca-atleta-do-fla-veja-as-ultimas-noticias-do-flamengo\/#primaryimage","url":"https:\/\/www.gaveanews.com\/wp-content\/uploads\/landim-e-marco-braz.webp","contentUrl":"https:\/\/www.gaveanews.com\/wp-content\/uploads\/landim-e-marco-braz.webp","width":1500,"height":844,"caption":"Rodolfo Landim, presidente do Flamengo, e Marcos Braz, vice de futebol do clube (Foto: Reprodu\u00e7\u00e3o\/ Goal)"},{"@type":"BreadcrumbList","@id":"https:\/\/www.gaveanews.com\/index.php\/2024\/02\/15\/alvo-desejado-pela-diretoria-fica-livre-flamengo-perde-jogador-importante-e-cbf-convoca-atleta-do-fla-veja-as-ultimas-noticias-do-flamengo\/#breadcrumb","itemListElement":[{"@type":"ListItem","position":1,"name":"Home","item":"https:\/\/www.gaveanews.com\/"},{"@type":"ListItem","position":2,"name":"Alvo desejado pela diretoria fica livre, Flamengo perde jogador importante e CBF convoca atleta do Fla: veja as \u00faltimas not\u00edcias do Flamengo"}]},{"@type":"WebSite","@id":"https:\/\/www.gaveanews.com\/#website","url":"https:\/\/www.gaveanews.com\/","name":"G\u00e1vea News","description":"Veja todas as not\u00edcias sobre o Flamengo: Contrata\u00e7\u00f5es, categorias de base, resultados das partidas, tabela de classifica\u00e7\u00e3o, pr\u00f3ximos jogos!","potentialAction":[{"@type":"SearchAction","target":{"@type":"EntryPoint","urlTemplate":"https:\/\/www.gaveanews.com\/?s={search_term_string}"},"query-input":{"@type":"PropertyValueSpecification","valueRequired":true,"valueName":"search_term_string"}}],"inLanguage":"pt-BR"},{"@type":"Person","@id":"https:\/\/www.gaveanews.com\/#\/schema\/person\/fd07635ec039ec3ba74ad18ec8a6dbd6","name":"Henrique Machado","image":{"@type":"ImageObject","inLanguage":"pt-BR","@id":"https:\/\/www.gaveanews.com\/#\/schema\/person\/image\/","url":"https:\/\/secure.gravatar.com\/avatar\/b95e35997e01d9800c1b6184bd79d4d898d370a3fce2584f5c77b907d5c7d9e9?s=96&d=mm&r=g","contentUrl":"https:\/\/secure.gravatar.com\/avatar\/b95e35997e01d9800c1b6184bd79d4d898d370a3fce2584f5c77b907d5c7d9e9?s=96&d=mm&r=g","caption":"Henrique Machado"}}]}},"_links":{"self":[{"href":"https:\/\/www.gaveanews.com\/index.php\/wp-json\/wp\/v2\/posts\/127093","targetHints":{"allow":["GET"]}}],"collection":[{"href":"https:\/\/www.gaveanews.com\/index.php\/wp-json\/wp\/v2\/posts"}],"about":[{"href":"https:\/\/www.gaveanews.com\/index.php\/wp-json\/wp\/v2\/types\/post"}],"author":[{"embeddable":true,"href":"https:\/\/www.gaveanews.com\/index.php\/wp-json\/wp\/v2\/users\/15"}],"replies":[{"embeddable":true,"href":"https:\/\/www.gaveanews.com\/index.php\/wp-json\/wp\/v2\/comments?post=127093"}],"version-history":[{"count":1,"href":"https:\/\/www.gaveanews.com\/index.php\/wp-json\/wp\/v2\/posts\/127093\/revisions"}],"predecessor-version":[{"id":135197,"href":"https:\/\/www.gaveanews.com\/index.php\/wp-json\/wp\/v2\/posts\/127093\/revisions\/135197"}],"wp:featuredmedia":[{"embeddable":true,"href":"https:\/\/www.gaveanews.com\/index.php\/wp-json\/wp\/v2\/media\/118011"}],"wp:attachment":[{"href":"https:\/\/www.gaveanews.com\/index.php\/wp-json\/wp\/v2\/media?parent=127093"}],"wp:term":[{"taxonomy":"category","embeddable":true,"href":"https:\/\/www.gaveanews.com\/index.php\/wp-json\/wp\/v2\/categories?post=127093"},{"taxonomy":"post_tag","embeddable":true,"href":"https:\/\/www.gaveanews.com\/index.php\/wp-json\/wp\/v2\/tags?post=127093"}],"curies":[{"name":"wp","href":"https:\/\/api.w.org\/{rel}","templated":true}]}}