{"id":127243,"date":"2024-02-16T11:34:59","date_gmt":"2024-02-16T14:34:59","guid":{"rendered":"https:\/\/www.gaveanews.com\/?p=127243"},"modified":"2024-04-06T23:55:43","modified_gmt":"2024-04-07T02:55:43","slug":"__trashed-9","status":"publish","type":"post","link":"https:\/\/www.gaveanews.com\/index.php\/2024\/02\/16\/__trashed-9\/","title":{"rendered":"Rodolfo Landim \u00e9 sincero ao falar de situa\u00e7\u00e3o de Thiago Maia no Flamengo"},"content":{"rendered":"\n<p>A situa\u00e7\u00e3o do meio-campista Thiago Maia vem gerando bastante especula\u00e7\u00e3o no mercado da bola. Inicialmente vinculado ao Flamengo, o jogador se encontrou no centro de uma negocia\u00e7\u00e3o com o Internacional, al\u00e9m de ter chamado a aten\u00e7\u00e3o do Corinthians em um momento anterior. O presidente do Flamengo, Rodolfo Landim, tem sido uma figura central nesta trama, oferecendo declara\u00e7\u00f5es que mant\u00eam o futuro do atleta em aberto.<\/p>\n\n\n\n<p>Rodolfo Landim, em uma entrevista ao &#8220;Canal do Felipe Fontoura&#8221; no YouTube, abordou a quest\u00e3o de Thiago Maia com um tom que sugere uma negocia\u00e7\u00e3o em andamento, mas ainda sem um desfecho. Landim afirmou: <em>&#8220;Tem conversa, mas n\u00e3o tem nada decidido. N\u00e3o est\u00e1 no in\u00edcio, mas envolve aspectos comerciais que ainda est\u00e3o distantes de um n\u00edvel aceit\u00e1vel para o Flamengo&#8221;<\/em>. Este coment\u00e1rio reflete a complexidade das negocia\u00e7\u00f5es, destacando que os aspectos financeiros s\u00e3o um grande impasse para a conclus\u00e3o do neg\u00f3cio\u200b<a href=\"https:\/\/jc.ne10.uol.com.br\/blogs\/torcedor\/2024\/01\/15660384-fora-do-inter-flamengo-trava-negociacao-com-internacional-por-thiago-maia-entenda.html\" target=\"_blank\" rel=\"noreferrer noopener\"><\/a>\u200b.<\/p>\n\n\n\n<figure class=\"wp-block-image size-full\"><img loading=\"lazy\" decoding=\"async\" width=\"900\" height=\"599\" src=\"https:\/\/www.gaveanews.com\/wp-content\/uploads\/thiago-maia-flamengo-vasco.webp\" alt=\"\" class=\"wp-image-100064\" srcset=\"https:\/\/www.gaveanews.com\/wp-content\/uploads\/thiago-maia-flamengo-vasco.webp 900w, https:\/\/www.gaveanews.com\/wp-content\/uploads\/thiago-maia-flamengo-vasco-300x200.webp 300w, https:\/\/www.gaveanews.com\/wp-content\/uploads\/thiago-maia-flamengo-vasco-768x511.webp 768w, https:\/\/www.gaveanews.com\/wp-content\/uploads\/thiago-maia-flamengo-vasco-631x420.webp 631w, https:\/\/www.gaveanews.com\/wp-content\/uploads\/thiago-maia-flamengo-vasco-640x426.webp 640w, https:\/\/www.gaveanews.com\/wp-content\/uploads\/thiago-maia-flamengo-vasco-681x453.webp 681w, https:\/\/www.gaveanews.com\/wp-content\/uploads\/thiago-maia-flamengo-vasco-100x67.webp 100w\" sizes=\"auto, (max-width: 900px) 100vw, 900px\" \/><figcaption class=\"wp-element-caption\">Thiago Maia em jogo do Flamengo contra o Vasco (Foto: Marcelo Cortes\/Flamengo)<\/figcaption><\/figure>\n\n\n\n<p>Apesar do interesse do Internacional, que chegou a aumentar sua oferta para R$ 21 milh\u00f5es, segundo informa\u00e7\u00f5es do di\u00e1rio ga\u00facho Zero Hora, o Flamengo parece manter uma posi\u00e7\u00e3o firme quanto \u00e0s suas expectativas financeiras\u200b<a href=\"https:\/\/jc.ne10.uol.com.br\/blogs\/torcedor\/2024\/01\/15660384-fora-do-inter-flamengo-trava-negociacao-com-internacional-por-thiago-maia-entenda.html\" target=\"_blank\" rel=\"noreferrer noopener\"><\/a>\u200b. Landim, reiterando seu ponto em outra ocasi\u00e3o, destacou que Thiago Maia est\u00e1 treinando e ser\u00e1 escalado para os pr\u00f3ximos jogos, o que pode ser interpretado como um sinal de que o Flamengo n\u00e3o est\u00e1 disposto a facilitar a sa\u00edda do jogador sem atender \u00e0s suas condi\u00e7\u00f5es\u200b<a href=\"https:\/\/www.revistacolorada.com.br\/a-resposta-do-presidente-do-flamengo-sobre-a-proposta-do-inter-por-thiago-maia\/\" target=\"_blank\" rel=\"noreferrer noopener\"><\/a>\u200b\u200b<a href=\"https:\/\/portaldocolorado.com.br\/presidente-do-flamengo-resolve-quebrar-o-silencio-sobre-thiago-maia\/\" target=\"_blank\" rel=\"noreferrer noopener\"><\/a>\u200b.<\/p>\n\n\n\n<p>O Internacional v\u00ea em Thiago Maia a pe\u00e7a ideal para refor\u00e7ar seu meio-campo, especialmente ap\u00f3s a sa\u00edda de Johnny, criando uma lacuna que o clube busca preencher. O processo, descrito como uma &#8220;montanha-russa&#8221; de negocia\u00e7\u00f5es, reflete a din\u00e2mica usual do mercado de transfer\u00eancias, onde as conversas podem rapidamente alternar entre progressos e impasses\u200b<a href=\"https:\/\/portaldocolorado.com.br\/presidente-do-flamengo-resolve-quebrar-o-silencio-sobre-thiago-maia\/\" target=\"_blank\" rel=\"noreferrer noopener\"><\/a>\u200b.<\/p>\n\n\n\n<p>O Flamengo, por sua vez, deixou claro que qualquer negocia\u00e7\u00e3o envolvendo Thiago Maia precisa ser vantajosa financeiramente, indicando que n\u00e3o h\u00e1 interesse em uma troca pelo jogador, mas sim em uma venda que contribua para os cofres do clube\u200b<a href=\"https:\/\/colunadofla.com\/2024\/01\/thiago-maia-volta-a-entrar-na-mira-do-internacional\/\" target=\"_blank\" rel=\"noreferrer noopener\"><\/a>\u200b. Este cen\u00e1rio sugere uma estrat\u00e9gia do Flamengo em valorizar seus ativos, mantendo a equipe competitiva tanto dentro quanto fora de campo.<\/p>\n\n\n\n<p>A janela de transfer\u00eancias \u00e9 sempre um per\u00edodo de muitas especula\u00e7\u00f5es e movimenta\u00e7\u00f5es. No caso de Thiago Maia, a expectativa \u00e9 que o desenrolar das negocia\u00e7\u00f5es possa finalmente levar a um acordo que satisfa\u00e7a todas as partes envolvidas. Por\u00e9m, at\u00e9 o momento, a incerteza prevalece, e os torcedores do Flamengo e do Internacional permanecem na expectativa sobre o desfecho dessa saga.<\/p>\n\n\n\n<h2 class=\"wp-block-heading\" id=\"h-quando-vai-ser-o-proximo-jogo-do-flamengo\">Quando vai ser o pr\u00f3ximo jogo do Flamengo?<\/h2>\n\n\n\n<p>O Flamengo enfrenta o Boavista, na pr\u00f3xima ter\u00e7a-feira (20), pela nona rodada do Carioca. O jogo acontece no Maracan\u00e3, Rio de Janeiro a partir das 21h30 (hor\u00e1rio de Bras\u00edlia). A partida ter\u00e1 transmiss\u00e3o da Band (TV aberta), Band Sports (TV fechada), Canal Goat (Youtube).<\/p>\n\n\n\n<p>Confira abaixo a agenda completa do Flamengo do m\u00eas de fevereiro:<\/p>\n\n\n\n<p>04-02 \u2013 Vasco 0 x 0 Flamengo<br>07-02 \u2013 Flamengo 1 x 0 Botafogo<br>10-02 \u2013 Flamengo 3 x 0 Volta Redonda<br>15-02 \u2013 Bangu 0 x 3 Flamengo<br>20-02 \u2013 Flamengo x Boavista<br>25-02 \u2013 Flamengo x Fluminense<\/p>\n","protected":false},"excerpt":{"rendered":"<p>A situa\u00e7\u00e3o do meio-campista Thiago Maia vem gerando bastante especula\u00e7\u00e3o no mercado da bola. Inicialmente vinculado ao Flamengo, o jogador se encontrou no centro de uma negocia\u00e7\u00e3o com o Internacional, al\u00e9m de ter chamado a aten\u00e7\u00e3o do Corinthians em um momento anterior. O presidente do Flamengo, Rodolfo Landim, tem sido uma figura central nesta trama, [&hellip;]<\/p>\n","protected":false},"author":6,"featured_media":64406,"comment_status":"open","ping_status":"closed","sticky":false,"template":"","format":"standard","meta":{"footnotes":""},"categories":[48],"tags":[172],"class_list":["post-127243","post","type-post","status-publish","format-standard","has-post-thumbnail","hentry","category-negociacoes","tag-luiz-rodolfo-landim-machado"],"yoast_head":"<!-- This site is optimized with the Yoast SEO Premium plugin v24.2 (Yoast SEO v26.9) - https:\/\/yoast.com\/product\/yoast-seo-premium-wordpress\/ -->\n<title>Rodolfo Landim \u00e9 sincero ao falar de situa\u00e7\u00e3o de Thiago Maia no Flamengo<\/title>\n<meta name=\"robots\" content=\"index, follow, max-snippet:-1, max-image-preview:large, max-video-preview:-1\" \/>\n<link rel=\"canonical\" href=\"https:\/\/www.gaveanews.com\/index.php\/2024\/02\/16\/__trashed-9\/\" \/>\n<meta property=\"og:locale\" content=\"pt_BR\" \/>\n<meta property=\"og:type\" content=\"article\" \/>\n<meta property=\"og:title\" content=\"Rodolfo Landim \u00e9 sincero ao falar de situa\u00e7\u00e3o de Thiago Maia no Flamengo\" \/>\n<meta property=\"og:description\" content=\"A situa\u00e7\u00e3o do meio-campista Thiago Maia vem gerando bastante especula\u00e7\u00e3o no mercado da bola. Inicialmente vinculado ao Flamengo, o jogador se encontrou no centro de uma negocia\u00e7\u00e3o com o Internacional, al\u00e9m de ter chamado a aten\u00e7\u00e3o do Corinthians em um momento anterior. O presidente do Flamengo, Rodolfo Landim, tem sido uma figura central nesta trama, [&hellip;]\" \/>\n<meta property=\"og:url\" content=\"https:\/\/www.gaveanews.com\/index.php\/2024\/02\/16\/__trashed-9\/\" \/>\n<meta property=\"og:site_name\" content=\"G\u00e1vea News\" \/>\n<meta property=\"article:publisher\" content=\"https:\/\/facebook.com\/gaveaNews\/\" \/>\n<meta property=\"article:published_time\" content=\"2024-02-16T14:34:59+00:00\" \/>\n<meta property=\"article:modified_time\" content=\"2024-04-07T02:55:43+00:00\" \/>\n<meta property=\"og:image\" content=\"https:\/\/www.gaveanews.com\/wp-content\/uploads\/Rodolfo-Landim-em-entrevista-coletiva-no-Ninho-do-Urubu.webp\" \/>\n\t<meta property=\"og:image:width\" content=\"799\" \/>\n\t<meta property=\"og:image:height\" content=\"532\" \/>\n\t<meta property=\"og:image:type\" content=\"image\/jpeg\" \/>\n<meta name=\"author\" content=\"Leonardo Ant\u00f4nio\" \/>\n<meta name=\"twitter:card\" content=\"summary_large_image\" \/>\n<meta name=\"twitter:label1\" content=\"Escrito por\" \/>\n\t<meta name=\"twitter:data1\" content=\"Leonardo Ant\u00f4nio\" \/>\n\t<meta name=\"twitter:label2\" content=\"Est. tempo de leitura\" \/>\n\t<meta name=\"twitter:data2\" content=\"4 minutos\" \/>\n<script type=\"application\/ld+json\" class=\"yoast-schema-graph\">{\"@context\":\"https:\/\/schema.org\",\"@graph\":[{\"@type\":\"NewsArticle\",\"@id\":\"https:\/\/www.gaveanews.com\/index.php\/2024\/02\/16\/__trashed-9\/#article\",\"isPartOf\":{\"@id\":\"https:\/\/www.gaveanews.com\/index.php\/2024\/02\/16\/__trashed-9\/\"},\"author\":{\"name\":\"Leonardo Ant\u00f4nio\",\"@id\":\"https:\/\/www.gaveanews.com\/#\/schema\/person\/2d29802e96a726e735077717fb5c6f20\"},\"headline\":\"Rodolfo Landim \u00e9 sincero ao falar de situa\u00e7\u00e3o de Thiago Maia no Flamengo\",\"datePublished\":\"2024-02-16T14:34:59+00:00\",\"dateModified\":\"2024-04-07T02:55:43+00:00\",\"mainEntityOfPage\":{\"@id\":\"https:\/\/www.gaveanews.com\/index.php\/2024\/02\/16\/__trashed-9\/\"},\"wordCount\":565,\"commentCount\":0,\"image\":{\"@id\":\"https:\/\/www.gaveanews.com\/index.php\/2024\/02\/16\/__trashed-9\/#primaryimage\"},\"thumbnailUrl\":\"https:\/\/www.gaveanews.com\/wp-content\/uploads\/Rodolfo-Landim-em-entrevista-coletiva-no-Ninho-do-Urubu.webp\",\"keywords\":[\"Luiz Rodolfo Landim Machado\"],\"articleSection\":[\"Negocia\u00e7\u00f5es\"],\"inLanguage\":\"pt-BR\",\"potentialAction\":[{\"@type\":\"CommentAction\",\"name\":\"Comment\",\"target\":[\"https:\/\/www.gaveanews.com\/index.php\/2024\/02\/16\/__trashed-9\/#respond\"]}],\"copyrightYear\":\"2024\",\"copyrightHolder\":{\"@id\":\"https:\/\/www.gaveanews.com\/#organization\"}},{\"@type\":\"WebPage\",\"@id\":\"https:\/\/www.gaveanews.com\/index.php\/2024\/02\/16\/__trashed-9\/\",\"url\":\"https:\/\/www.gaveanews.com\/index.php\/2024\/02\/16\/__trashed-9\/\",\"name\":\"Rodolfo Landim \u00e9 sincero ao falar de situa\u00e7\u00e3o de Thiago Maia no Flamengo\",\"isPartOf\":{\"@id\":\"https:\/\/www.gaveanews.com\/#website\"},\"primaryImageOfPage\":{\"@id\":\"https:\/\/www.gaveanews.com\/index.php\/2024\/02\/16\/__trashed-9\/#primaryimage\"},\"image\":{\"@id\":\"https:\/\/www.gaveanews.com\/index.php\/2024\/02\/16\/__trashed-9\/#primaryimage\"},\"thumbnailUrl\":\"https:\/\/www.gaveanews.com\/wp-content\/uploads\/Rodolfo-Landim-em-entrevista-coletiva-no-Ninho-do-Urubu.webp\",\"datePublished\":\"2024-02-16T14:34:59+00:00\",\"dateModified\":\"2024-04-07T02:55:43+00:00\",\"author\":{\"@id\":\"https:\/\/www.gaveanews.com\/#\/schema\/person\/2d29802e96a726e735077717fb5c6f20\"},\"breadcrumb\":{\"@id\":\"https:\/\/www.gaveanews.com\/index.php\/2024\/02\/16\/__trashed-9\/#breadcrumb\"},\"inLanguage\":\"pt-BR\",\"potentialAction\":[{\"@type\":\"ReadAction\",\"target\":[\"https:\/\/www.gaveanews.com\/index.php\/2024\/02\/16\/__trashed-9\/\"]}]},{\"@type\":\"ImageObject\",\"inLanguage\":\"pt-BR\",\"@id\":\"https:\/\/www.gaveanews.com\/index.php\/2024\/02\/16\/__trashed-9\/#primaryimage\",\"url\":\"https:\/\/www.gaveanews.com\/wp-content\/uploads\/Rodolfo-Landim-em-entrevista-coletiva-no-Ninho-do-Urubu.webp\",\"contentUrl\":\"https:\/\/www.gaveanews.com\/wp-content\/uploads\/Rodolfo-Landim-em-entrevista-coletiva-no-Ninho-do-Urubu.webp\",\"width\":799,\"height\":532,\"caption\":\"Rodolfo Landim em entrevista coletiva no Ninho do Urubu (Foto: Alexandre Vidal\/Flamengo)\"},{\"@type\":\"BreadcrumbList\",\"@id\":\"https:\/\/www.gaveanews.com\/index.php\/2024\/02\/16\/__trashed-9\/#breadcrumb\",\"itemListElement\":[{\"@type\":\"ListItem\",\"position\":1,\"name\":\"Home\",\"item\":\"https:\/\/www.gaveanews.com\/\"},{\"@type\":\"ListItem\",\"position\":2,\"name\":\"Rodolfo Landim \u00e9 sincero ao falar de situa\u00e7\u00e3o de Thiago Maia no Flamengo\"}]},{\"@type\":\"WebSite\",\"@id\":\"https:\/\/www.gaveanews.com\/#website\",\"url\":\"https:\/\/www.gaveanews.com\/\",\"name\":\"G\u00e1vea News\",\"description\":\"Veja todas as not\u00edcias sobre o Flamengo: Contrata\u00e7\u00f5es, categorias de base, resultados das partidas, tabela de classifica\u00e7\u00e3o, pr\u00f3ximos jogos!\",\"potentialAction\":[{\"@type\":\"SearchAction\",\"target\":{\"@type\":\"EntryPoint\",\"urlTemplate\":\"https:\/\/www.gaveanews.com\/?s={search_term_string}\"},\"query-input\":{\"@type\":\"PropertyValueSpecification\",\"valueRequired\":true,\"valueName\":\"search_term_string\"}}],\"inLanguage\":\"pt-BR\"},{\"@type\":\"Person\",\"@id\":\"https:\/\/www.gaveanews.com\/#\/schema\/person\/2d29802e96a726e735077717fb5c6f20\",\"name\":\"Leonardo Ant\u00f4nio\",\"image\":{\"@type\":\"ImageObject\",\"inLanguage\":\"pt-BR\",\"@id\":\"https:\/\/www.gaveanews.com\/#\/schema\/person\/image\/\",\"url\":\"https:\/\/secure.gravatar.com\/avatar\/b9ffc9ff64af5c915e7cb1824991ab1b4aa29b902a6a9a83be9d1c8ba449fce8?s=96&d=mm&r=g\",\"contentUrl\":\"https:\/\/secure.gravatar.com\/avatar\/b9ffc9ff64af5c915e7cb1824991ab1b4aa29b902a6a9a83be9d1c8ba449fce8?s=96&d=mm&r=g\",\"caption\":\"Leonardo Ant\u00f4nio\"}}]}<\/script>\n<!-- \/ Yoast SEO Premium plugin. -->","yoast_head_json":{"title":"Rodolfo Landim \u00e9 sincero ao falar de situa\u00e7\u00e3o de Thiago Maia no Flamengo","robots":{"index":"index","follow":"follow","max-snippet":"max-snippet:-1","max-image-preview":"max-image-preview:large","max-video-preview":"max-video-preview:-1"},"canonical":"https:\/\/www.gaveanews.com\/index.php\/2024\/02\/16\/__trashed-9\/","og_locale":"pt_BR","og_type":"article","og_title":"Rodolfo Landim \u00e9 sincero ao falar de situa\u00e7\u00e3o de Thiago Maia no Flamengo","og_description":"A situa\u00e7\u00e3o do meio-campista Thiago Maia vem gerando bastante especula\u00e7\u00e3o no mercado da bola. Inicialmente vinculado ao Flamengo, o jogador se encontrou no centro de uma negocia\u00e7\u00e3o com o Internacional, al\u00e9m de ter chamado a aten\u00e7\u00e3o do Corinthians em um momento anterior. O presidente do Flamengo, Rodolfo Landim, tem sido uma figura central nesta trama, [&hellip;]","og_url":"https:\/\/www.gaveanews.com\/index.php\/2024\/02\/16\/__trashed-9\/","og_site_name":"G\u00e1vea News","article_publisher":"https:\/\/facebook.com\/gaveaNews\/","article_published_time":"2024-02-16T14:34:59+00:00","article_modified_time":"2024-04-07T02:55:43+00:00","og_image":[{"width":799,"height":532,"url":"https:\/\/www.gaveanews.com\/wp-content\/uploads\/Rodolfo-Landim-em-entrevista-coletiva-no-Ninho-do-Urubu.webp","type":"image\/jpeg"}],"author":"Leonardo Ant\u00f4nio","twitter_card":"summary_large_image","twitter_misc":{"Escrito por":"Leonardo Ant\u00f4nio","Est. tempo de leitura":"4 minutos"},"schema":{"@context":"https:\/\/schema.org","@graph":[{"@type":"NewsArticle","@id":"https:\/\/www.gaveanews.com\/index.php\/2024\/02\/16\/__trashed-9\/#article","isPartOf":{"@id":"https:\/\/www.gaveanews.com\/index.php\/2024\/02\/16\/__trashed-9\/"},"author":{"name":"Leonardo Ant\u00f4nio","@id":"https:\/\/www.gaveanews.com\/#\/schema\/person\/2d29802e96a726e735077717fb5c6f20"},"headline":"Rodolfo Landim \u00e9 sincero ao falar de situa\u00e7\u00e3o de Thiago Maia no Flamengo","datePublished":"2024-02-16T14:34:59+00:00","dateModified":"2024-04-07T02:55:43+00:00","mainEntityOfPage":{"@id":"https:\/\/www.gaveanews.com\/index.php\/2024\/02\/16\/__trashed-9\/"},"wordCount":565,"commentCount":0,"image":{"@id":"https:\/\/www.gaveanews.com\/index.php\/2024\/02\/16\/__trashed-9\/#primaryimage"},"thumbnailUrl":"https:\/\/www.gaveanews.com\/wp-content\/uploads\/Rodolfo-Landim-em-entrevista-coletiva-no-Ninho-do-Urubu.webp","keywords":["Luiz Rodolfo Landim Machado"],"articleSection":["Negocia\u00e7\u00f5es"],"inLanguage":"pt-BR","potentialAction":[{"@type":"CommentAction","name":"Comment","target":["https:\/\/www.gaveanews.com\/index.php\/2024\/02\/16\/__trashed-9\/#respond"]}],"copyrightYear":"2024","copyrightHolder":{"@id":"https:\/\/www.gaveanews.com\/#organization"}},{"@type":"WebPage","@id":"https:\/\/www.gaveanews.com\/index.php\/2024\/02\/16\/__trashed-9\/","url":"https:\/\/www.gaveanews.com\/index.php\/2024\/02\/16\/__trashed-9\/","name":"Rodolfo Landim \u00e9 sincero ao falar de situa\u00e7\u00e3o de Thiago Maia no Flamengo","isPartOf":{"@id":"https:\/\/www.gaveanews.com\/#website"},"primaryImageOfPage":{"@id":"https:\/\/www.gaveanews.com\/index.php\/2024\/02\/16\/__trashed-9\/#primaryimage"},"image":{"@id":"https:\/\/www.gaveanews.com\/index.php\/2024\/02\/16\/__trashed-9\/#primaryimage"},"thumbnailUrl":"https:\/\/www.gaveanews.com\/wp-content\/uploads\/Rodolfo-Landim-em-entrevista-coletiva-no-Ninho-do-Urubu.webp","datePublished":"2024-02-16T14:34:59+00:00","dateModified":"2024-04-07T02:55:43+00:00","author":{"@id":"https:\/\/www.gaveanews.com\/#\/schema\/person\/2d29802e96a726e735077717fb5c6f20"},"breadcrumb":{"@id":"https:\/\/www.gaveanews.com\/index.php\/2024\/02\/16\/__trashed-9\/#breadcrumb"},"inLanguage":"pt-BR","potentialAction":[{"@type":"ReadAction","target":["https:\/\/www.gaveanews.com\/index.php\/2024\/02\/16\/__trashed-9\/"]}]},{"@type":"ImageObject","inLanguage":"pt-BR","@id":"https:\/\/www.gaveanews.com\/index.php\/2024\/02\/16\/__trashed-9\/#primaryimage","url":"https:\/\/www.gaveanews.com\/wp-content\/uploads\/Rodolfo-Landim-em-entrevista-coletiva-no-Ninho-do-Urubu.webp","contentUrl":"https:\/\/www.gaveanews.com\/wp-content\/uploads\/Rodolfo-Landim-em-entrevista-coletiva-no-Ninho-do-Urubu.webp","width":799,"height":532,"caption":"Rodolfo Landim em entrevista coletiva no Ninho do Urubu (Foto: Alexandre Vidal\/Flamengo)"},{"@type":"BreadcrumbList","@id":"https:\/\/www.gaveanews.com\/index.php\/2024\/02\/16\/__trashed-9\/#breadcrumb","itemListElement":[{"@type":"ListItem","position":1,"name":"Home","item":"https:\/\/www.gaveanews.com\/"},{"@type":"ListItem","position":2,"name":"Rodolfo Landim \u00e9 sincero ao falar de situa\u00e7\u00e3o de Thiago Maia no Flamengo"}]},{"@type":"WebSite","@id":"https:\/\/www.gaveanews.com\/#website","url":"https:\/\/www.gaveanews.com\/","name":"G\u00e1vea News","description":"Veja todas as not\u00edcias sobre o Flamengo: Contrata\u00e7\u00f5es, categorias de base, resultados das partidas, tabela de classifica\u00e7\u00e3o, pr\u00f3ximos jogos!","potentialAction":[{"@type":"SearchAction","target":{"@type":"EntryPoint","urlTemplate":"https:\/\/www.gaveanews.com\/?s={search_term_string}"},"query-input":{"@type":"PropertyValueSpecification","valueRequired":true,"valueName":"search_term_string"}}],"inLanguage":"pt-BR"},{"@type":"Person","@id":"https:\/\/www.gaveanews.com\/#\/schema\/person\/2d29802e96a726e735077717fb5c6f20","name":"Leonardo Ant\u00f4nio","image":{"@type":"ImageObject","inLanguage":"pt-BR","@id":"https:\/\/www.gaveanews.com\/#\/schema\/person\/image\/","url":"https:\/\/secure.gravatar.com\/avatar\/b9ffc9ff64af5c915e7cb1824991ab1b4aa29b902a6a9a83be9d1c8ba449fce8?s=96&d=mm&r=g","contentUrl":"https:\/\/secure.gravatar.com\/avatar\/b9ffc9ff64af5c915e7cb1824991ab1b4aa29b902a6a9a83be9d1c8ba449fce8?s=96&d=mm&r=g","caption":"Leonardo Ant\u00f4nio"}}]}},"_links":{"self":[{"href":"https:\/\/www.gaveanews.com\/index.php\/wp-json\/wp\/v2\/posts\/127243","targetHints":{"allow":["GET"]}}],"collection":[{"href":"https:\/\/www.gaveanews.com\/index.php\/wp-json\/wp\/v2\/posts"}],"about":[{"href":"https:\/\/www.gaveanews.com\/index.php\/wp-json\/wp\/v2\/types\/post"}],"author":[{"embeddable":true,"href":"https:\/\/www.gaveanews.com\/index.php\/wp-json\/wp\/v2\/users\/6"}],"replies":[{"embeddable":true,"href":"https:\/\/www.gaveanews.com\/index.php\/wp-json\/wp\/v2\/comments?post=127243"}],"version-history":[{"count":1,"href":"https:\/\/www.gaveanews.com\/index.php\/wp-json\/wp\/v2\/posts\/127243\/revisions"}],"predecessor-version":[{"id":135332,"href":"https:\/\/www.gaveanews.com\/index.php\/wp-json\/wp\/v2\/posts\/127243\/revisions\/135332"}],"wp:featuredmedia":[{"embeddable":true,"href":"https:\/\/www.gaveanews.com\/index.php\/wp-json\/wp\/v2\/media\/64406"}],"wp:attachment":[{"href":"https:\/\/www.gaveanews.com\/index.php\/wp-json\/wp\/v2\/media?parent=127243"}],"wp:term":[{"taxonomy":"category","embeddable":true,"href":"https:\/\/www.gaveanews.com\/index.php\/wp-json\/wp\/v2\/categories?post=127243"},{"taxonomy":"post_tag","embeddable":true,"href":"https:\/\/www.gaveanews.com\/index.php\/wp-json\/wp\/v2\/tags?post=127243"}],"curies":[{"name":"wp","href":"https:\/\/api.w.org\/{rel}","templated":true}]}}