{"id":128765,"date":"2024-02-26T21:57:44","date_gmt":"2024-02-27T00:57:44","guid":{"rendered":"https:\/\/www.gaveanews.com\/?p=128765"},"modified":"2024-04-07T09:39:07","modified_gmt":"2024-04-07T12:39:07","slug":"torcida-do-flamengo-cobra-leo-pereira-por-conta-de-pedro","status":"publish","type":"post","link":"https:\/\/www.gaveanews.com\/index.php\/2024\/02\/26\/torcida-do-flamengo-cobra-leo-pereira-por-conta-de-pedro\/","title":{"rendered":"Torcida do Flamengo &#8216;cobra&#8217; L\u00e9o Pereira por conta de Pedro"},"content":{"rendered":"\n<p>No \u00faltimo domingo (25), o Flamengo assegurou uma vit\u00f3ria importante no Campeonato Carioca ao derrotar o Fluminense por 2 a 0 no Maracan\u00e3, aproximando-se do t\u00edtulo da Ta\u00e7a Guanabara. A partida, v\u00e1lida pela 10\u00aa rodada, n\u00e3o apenas consolidou a posi\u00e7\u00e3o de lideran\u00e7a do time rubro-negro no campeonato, mas tamb\u00e9m evidenciou sua consist\u00eancia em campo, com uma defesa s\u00f3lida e um ataque eficiente.<\/p>\n\n\n\n<p>Durante o jogo, o atacante Pedro, do Flamengo, compartilhou uma emocionante not\u00edcia, ele e sua esposa, a psic\u00f3loga Fernanda Nogueira, esperam g\u00eameos. O an\u00fancio gerou grande entusiasmo entre os torcedores rubro-negros. L\u00e9o Pereira, companheiro de equipe de Pedro, parabenizou o amigo pela not\u00edcia, demonstrando o clima de uni\u00e3o e apoio dentro do elenco.<\/p>\n\n\n\n<p>No entanto, os coment\u00e1rios dos f\u00e3s nas redes sociais n\u00e3o se limitaram apenas \u00e0s congratula\u00e7\u00f5es. Muitos seguidores dirigiram-se a L\u00e9o Pereira, questionando quando ele e sua parceira, Karoline Lima, teriam filhos juntos.<\/p>\n\n\n\n<h2 class=\"wp-block-heading\" id=\"h-confira\">Confira:<\/h2>\n\n\n\n<figure class=\"wp-block-embed is-type-photo is-provider-flickr wp-block-embed-flickr\"><div class=\"wp-block-embed__wrapper\">\n<a href=\"https:\/\/flic.kr\/p\/2pAtB9b\"><img loading=\"lazy\" decoding=\"async\" src=\"https:\/\/live.staticflickr.com\/65535\/53555045310_68ae851315_z.webp\" alt=\"imagem_2024-02-26_215424039\" width=\"598\" height=\"640\" \/><\/a>\n<\/div><\/figure>\n\n\n\n<p>Vale destacar que L\u00e9o Pereira j\u00e1 \u00e9 pai de dois filhos com sua ex-parceira, a influenciadora Tain\u00e1 Castro. Por sua vez, Karoline Lima, tamb\u00e9m conhecida por sua rela\u00e7\u00e3o anterior com Pedro, \u00e9 m\u00e3e de Cec\u00edlia, fruto de seu relacionamento com \u00c9der Milit\u00e3o, zagueiro do Real Madrid.<\/p>\n\n\n\n<h2 class=\"wp-block-heading\" id=\"h-quando-sera-o-proximo-jogo-do-flamengo\">Quando ser\u00e1 o pr\u00f3ximo jogo do Flamengo?<\/h2>\n\n\n\n<p>O Flamengo enfrentar\u00e1 o Madureira no pr\u00f3ximo s\u00e1bado (02), pela d\u00e9cima primeira rodada do Campeonato Carioca. A partida ocorrer\u00e1 no Maracan\u00e3, no Rio de Janeiro, com in\u00edcio \u00e0s 16h (hor\u00e1rio de Bras\u00edlia).<\/p>\n\n\n\n<p>Confira abaixo a agenda completa do Flamengo:<\/p>\n\n\n\n<ul class=\"wp-block-list\">\n<li>04\/02 \u2013 Vasco 0 x 0 Flamengo<\/li>\n\n\n\n<li>07\/02 \u2013 Flamengo 1 x 0 Botafogo<\/li>\n\n\n\n<li>10\/02 \u2013 Flamengo 3 x 0 Volta Redonda<\/li>\n\n\n\n<li>15\/02 \u2013 Bangu 0 x 3 Flamengo<\/li>\n\n\n\n<li>20\/02 \u2013 Flamengo 4 x 0 Boavista<\/li>\n\n\n\n<li>25\/02 \u2013 Flamengo 2 x 0 Fluminense<\/li>\n\n\n\n<li>02\/03 &#8211; Flamengo x Madureira<\/li>\n<\/ul>\n","protected":false},"excerpt":{"rendered":"<p>No \u00faltimo domingo (25), o Flamengo assegurou uma vit\u00f3ria importante no Campeonato Carioca ao derrotar o Fluminense por 2 a 0 no Maracan\u00e3, aproximando-se do t\u00edtulo da Ta\u00e7a Guanabara. A partida, v\u00e1lida pela 10\u00aa rodada, n\u00e3o apenas consolidou a posi\u00e7\u00e3o de lideran\u00e7a do time rubro-negro no campeonato, mas tamb\u00e9m evidenciou sua consist\u00eancia em campo, com [&hellip;]<\/p>\n","protected":false},"author":15,"featured_media":126257,"comment_status":"open","ping_status":"closed","sticky":false,"template":"","format":"standard","meta":{"footnotes":""},"categories":[1],"tags":[175],"class_list":["post-128765","post","type-post","status-publish","format-standard","has-post-thumbnail","hentry","category-flamengo","tag-leonardo-leo-pereira"],"yoast_head":"<!-- This site is optimized with the Yoast SEO Premium plugin v24.2 (Yoast SEO v26.9) - https:\/\/yoast.com\/product\/yoast-seo-premium-wordpress\/ -->\n<title>Torcida do Flamengo &#039;cobra&#039; L\u00e9o Pereira por conta de Pedro<\/title>\n<meta name=\"robots\" content=\"index, follow, max-snippet:-1, max-image-preview:large, max-video-preview:-1\" \/>\n<link rel=\"canonical\" href=\"https:\/\/www.gaveanews.com\/index.php\/2024\/02\/26\/torcida-do-flamengo-cobra-leo-pereira-por-conta-de-pedro\/\" \/>\n<meta property=\"og:locale\" content=\"pt_BR\" \/>\n<meta property=\"og:type\" content=\"article\" \/>\n<meta property=\"og:title\" content=\"Torcida do Flamengo &#039;cobra&#039; L\u00e9o Pereira por conta de Pedro\" \/>\n<meta property=\"og:description\" content=\"No \u00faltimo domingo (25), o Flamengo assegurou uma vit\u00f3ria importante no Campeonato Carioca ao derrotar o Fluminense por 2 a 0 no Maracan\u00e3, aproximando-se do t\u00edtulo da Ta\u00e7a Guanabara. A partida, v\u00e1lida pela 10\u00aa rodada, n\u00e3o apenas consolidou a posi\u00e7\u00e3o de lideran\u00e7a do time rubro-negro no campeonato, mas tamb\u00e9m evidenciou sua consist\u00eancia em campo, com [&hellip;]\" \/>\n<meta property=\"og:url\" content=\"https:\/\/www.gaveanews.com\/index.php\/2024\/02\/26\/torcida-do-flamengo-cobra-leo-pereira-por-conta-de-pedro\/\" \/>\n<meta property=\"og:site_name\" content=\"G\u00e1vea News\" \/>\n<meta property=\"article:publisher\" content=\"https:\/\/facebook.com\/gaveaNews\/\" \/>\n<meta property=\"article:published_time\" content=\"2024-02-27T00:57:44+00:00\" \/>\n<meta property=\"article:modified_time\" content=\"2024-04-07T12:39:07+00:00\" \/>\n<meta property=\"og:image\" content=\"https:\/\/www.gaveanews.com\/wp-content\/uploads\/leo-pereira-gol-flamengo.webp\" \/>\n\t<meta property=\"og:image:width\" content=\"1065\" \/>\n\t<meta property=\"og:image:height\" content=\"710\" \/>\n\t<meta property=\"og:image:type\" content=\"image\/jpeg\" \/>\n<meta name=\"author\" content=\"Henrique Machado\" \/>\n<meta name=\"twitter:card\" content=\"summary_large_image\" \/>\n<meta name=\"twitter:label1\" content=\"Escrito por\" \/>\n\t<meta name=\"twitter:data1\" content=\"Henrique Machado\" \/>\n\t<meta name=\"twitter:label2\" content=\"Est. tempo de leitura\" \/>\n\t<meta name=\"twitter:data2\" content=\"2 minutos\" \/>\n<script type=\"application\/ld+json\" class=\"yoast-schema-graph\">{\"@context\":\"https:\/\/schema.org\",\"@graph\":[{\"@type\":\"NewsArticle\",\"@id\":\"https:\/\/www.gaveanews.com\/index.php\/2024\/02\/26\/torcida-do-flamengo-cobra-leo-pereira-por-conta-de-pedro\/#article\",\"isPartOf\":{\"@id\":\"https:\/\/www.gaveanews.com\/index.php\/2024\/02\/26\/torcida-do-flamengo-cobra-leo-pereira-por-conta-de-pedro\/\"},\"author\":{\"name\":\"Henrique Machado\",\"@id\":\"https:\/\/www.gaveanews.com\/#\/schema\/person\/fd07635ec039ec3ba74ad18ec8a6dbd6\"},\"headline\":\"Torcida do Flamengo &#8216;cobra&#8217; L\u00e9o Pereira por conta de Pedro\",\"datePublished\":\"2024-02-27T00:57:44+00:00\",\"dateModified\":\"2024-04-07T12:39:07+00:00\",\"mainEntityOfPage\":{\"@id\":\"https:\/\/www.gaveanews.com\/index.php\/2024\/02\/26\/torcida-do-flamengo-cobra-leo-pereira-por-conta-de-pedro\/\"},\"wordCount\":308,\"commentCount\":0,\"image\":{\"@id\":\"https:\/\/www.gaveanews.com\/index.php\/2024\/02\/26\/torcida-do-flamengo-cobra-leo-pereira-por-conta-de-pedro\/#primaryimage\"},\"thumbnailUrl\":\"https:\/\/www.gaveanews.com\/wp-content\/uploads\/leo-pereira-gol-flamengo.webp\",\"keywords\":[\"Leonardo Pereira\"],\"articleSection\":[\"Flamengo\"],\"inLanguage\":\"pt-BR\",\"potentialAction\":[{\"@type\":\"CommentAction\",\"name\":\"Comment\",\"target\":[\"https:\/\/www.gaveanews.com\/index.php\/2024\/02\/26\/torcida-do-flamengo-cobra-leo-pereira-por-conta-de-pedro\/#respond\"]}],\"copyrightYear\":\"2024\",\"copyrightHolder\":{\"@id\":\"https:\/\/www.gaveanews.com\/#organization\"}},{\"@type\":\"WebPage\",\"@id\":\"https:\/\/www.gaveanews.com\/index.php\/2024\/02\/26\/torcida-do-flamengo-cobra-leo-pereira-por-conta-de-pedro\/\",\"url\":\"https:\/\/www.gaveanews.com\/index.php\/2024\/02\/26\/torcida-do-flamengo-cobra-leo-pereira-por-conta-de-pedro\/\",\"name\":\"Torcida do Flamengo 'cobra' L\u00e9o Pereira por conta de Pedro\",\"isPartOf\":{\"@id\":\"https:\/\/www.gaveanews.com\/#website\"},\"primaryImageOfPage\":{\"@id\":\"https:\/\/www.gaveanews.com\/index.php\/2024\/02\/26\/torcida-do-flamengo-cobra-leo-pereira-por-conta-de-pedro\/#primaryimage\"},\"image\":{\"@id\":\"https:\/\/www.gaveanews.com\/index.php\/2024\/02\/26\/torcida-do-flamengo-cobra-leo-pereira-por-conta-de-pedro\/#primaryimage\"},\"thumbnailUrl\":\"https:\/\/www.gaveanews.com\/wp-content\/uploads\/leo-pereira-gol-flamengo.webp\",\"datePublished\":\"2024-02-27T00:57:44+00:00\",\"dateModified\":\"2024-04-07T12:39:07+00:00\",\"author\":{\"@id\":\"https:\/\/www.gaveanews.com\/#\/schema\/person\/fd07635ec039ec3ba74ad18ec8a6dbd6\"},\"breadcrumb\":{\"@id\":\"https:\/\/www.gaveanews.com\/index.php\/2024\/02\/26\/torcida-do-flamengo-cobra-leo-pereira-por-conta-de-pedro\/#breadcrumb\"},\"inLanguage\":\"pt-BR\",\"potentialAction\":[{\"@type\":\"ReadAction\",\"target\":[\"https:\/\/www.gaveanews.com\/index.php\/2024\/02\/26\/torcida-do-flamengo-cobra-leo-pereira-por-conta-de-pedro\/\"]}]},{\"@type\":\"ImageObject\",\"inLanguage\":\"pt-BR\",\"@id\":\"https:\/\/www.gaveanews.com\/index.php\/2024\/02\/26\/torcida-do-flamengo-cobra-leo-pereira-por-conta-de-pedro\/#primaryimage\",\"url\":\"https:\/\/www.gaveanews.com\/wp-content\/uploads\/leo-pereira-gol-flamengo.webp\",\"contentUrl\":\"https:\/\/www.gaveanews.com\/wp-content\/uploads\/leo-pereira-gol-flamengo.webp\",\"width\":1065,\"height\":710,\"caption\":\"L\u00e9o Pereira comemora gol marcado pelo Flamengo (Foto: Gilvan de Souza\/Flamengo)\"},{\"@type\":\"BreadcrumbList\",\"@id\":\"https:\/\/www.gaveanews.com\/index.php\/2024\/02\/26\/torcida-do-flamengo-cobra-leo-pereira-por-conta-de-pedro\/#breadcrumb\",\"itemListElement\":[{\"@type\":\"ListItem\",\"position\":1,\"name\":\"Home\",\"item\":\"https:\/\/www.gaveanews.com\/\"},{\"@type\":\"ListItem\",\"position\":2,\"name\":\"Torcida do Flamengo &#8216;cobra&#8217; L\u00e9o Pereira por conta de Pedro\"}]},{\"@type\":\"WebSite\",\"@id\":\"https:\/\/www.gaveanews.com\/#website\",\"url\":\"https:\/\/www.gaveanews.com\/\",\"name\":\"G\u00e1vea News\",\"description\":\"Veja todas as not\u00edcias sobre o Flamengo: Contrata\u00e7\u00f5es, categorias de base, resultados das partidas, tabela de classifica\u00e7\u00e3o, pr\u00f3ximos jogos!\",\"potentialAction\":[{\"@type\":\"SearchAction\",\"target\":{\"@type\":\"EntryPoint\",\"urlTemplate\":\"https:\/\/www.gaveanews.com\/?s={search_term_string}\"},\"query-input\":{\"@type\":\"PropertyValueSpecification\",\"valueRequired\":true,\"valueName\":\"search_term_string\"}}],\"inLanguage\":\"pt-BR\"},{\"@type\":\"Person\",\"@id\":\"https:\/\/www.gaveanews.com\/#\/schema\/person\/fd07635ec039ec3ba74ad18ec8a6dbd6\",\"name\":\"Henrique Machado\",\"image\":{\"@type\":\"ImageObject\",\"inLanguage\":\"pt-BR\",\"@id\":\"https:\/\/www.gaveanews.com\/#\/schema\/person\/image\/\",\"url\":\"https:\/\/secure.gravatar.com\/avatar\/b95e35997e01d9800c1b6184bd79d4d898d370a3fce2584f5c77b907d5c7d9e9?s=96&d=mm&r=g\",\"contentUrl\":\"https:\/\/secure.gravatar.com\/avatar\/b95e35997e01d9800c1b6184bd79d4d898d370a3fce2584f5c77b907d5c7d9e9?s=96&d=mm&r=g\",\"caption\":\"Henrique Machado\"}}]}<\/script>\n<!-- \/ Yoast SEO Premium plugin. -->","yoast_head_json":{"title":"Torcida do Flamengo 'cobra' L\u00e9o Pereira por conta de Pedro","robots":{"index":"index","follow":"follow","max-snippet":"max-snippet:-1","max-image-preview":"max-image-preview:large","max-video-preview":"max-video-preview:-1"},"canonical":"https:\/\/www.gaveanews.com\/index.php\/2024\/02\/26\/torcida-do-flamengo-cobra-leo-pereira-por-conta-de-pedro\/","og_locale":"pt_BR","og_type":"article","og_title":"Torcida do Flamengo 'cobra' L\u00e9o Pereira por conta de Pedro","og_description":"No \u00faltimo domingo (25), o Flamengo assegurou uma vit\u00f3ria importante no Campeonato Carioca ao derrotar o Fluminense por 2 a 0 no Maracan\u00e3, aproximando-se do t\u00edtulo da Ta\u00e7a Guanabara. A partida, v\u00e1lida pela 10\u00aa rodada, n\u00e3o apenas consolidou a posi\u00e7\u00e3o de lideran\u00e7a do time rubro-negro no campeonato, mas tamb\u00e9m evidenciou sua consist\u00eancia em campo, com [&hellip;]","og_url":"https:\/\/www.gaveanews.com\/index.php\/2024\/02\/26\/torcida-do-flamengo-cobra-leo-pereira-por-conta-de-pedro\/","og_site_name":"G\u00e1vea News","article_publisher":"https:\/\/facebook.com\/gaveaNews\/","article_published_time":"2024-02-27T00:57:44+00:00","article_modified_time":"2024-04-07T12:39:07+00:00","og_image":[{"width":1065,"height":710,"url":"https:\/\/www.gaveanews.com\/wp-content\/uploads\/leo-pereira-gol-flamengo.webp","type":"image\/jpeg"}],"author":"Henrique Machado","twitter_card":"summary_large_image","twitter_misc":{"Escrito por":"Henrique Machado","Est. tempo de leitura":"2 minutos"},"schema":{"@context":"https:\/\/schema.org","@graph":[{"@type":"NewsArticle","@id":"https:\/\/www.gaveanews.com\/index.php\/2024\/02\/26\/torcida-do-flamengo-cobra-leo-pereira-por-conta-de-pedro\/#article","isPartOf":{"@id":"https:\/\/www.gaveanews.com\/index.php\/2024\/02\/26\/torcida-do-flamengo-cobra-leo-pereira-por-conta-de-pedro\/"},"author":{"name":"Henrique Machado","@id":"https:\/\/www.gaveanews.com\/#\/schema\/person\/fd07635ec039ec3ba74ad18ec8a6dbd6"},"headline":"Torcida do Flamengo &#8216;cobra&#8217; L\u00e9o Pereira por conta de Pedro","datePublished":"2024-02-27T00:57:44+00:00","dateModified":"2024-04-07T12:39:07+00:00","mainEntityOfPage":{"@id":"https:\/\/www.gaveanews.com\/index.php\/2024\/02\/26\/torcida-do-flamengo-cobra-leo-pereira-por-conta-de-pedro\/"},"wordCount":308,"commentCount":0,"image":{"@id":"https:\/\/www.gaveanews.com\/index.php\/2024\/02\/26\/torcida-do-flamengo-cobra-leo-pereira-por-conta-de-pedro\/#primaryimage"},"thumbnailUrl":"https:\/\/www.gaveanews.com\/wp-content\/uploads\/leo-pereira-gol-flamengo.webp","keywords":["Leonardo Pereira"],"articleSection":["Flamengo"],"inLanguage":"pt-BR","potentialAction":[{"@type":"CommentAction","name":"Comment","target":["https:\/\/www.gaveanews.com\/index.php\/2024\/02\/26\/torcida-do-flamengo-cobra-leo-pereira-por-conta-de-pedro\/#respond"]}],"copyrightYear":"2024","copyrightHolder":{"@id":"https:\/\/www.gaveanews.com\/#organization"}},{"@type":"WebPage","@id":"https:\/\/www.gaveanews.com\/index.php\/2024\/02\/26\/torcida-do-flamengo-cobra-leo-pereira-por-conta-de-pedro\/","url":"https:\/\/www.gaveanews.com\/index.php\/2024\/02\/26\/torcida-do-flamengo-cobra-leo-pereira-por-conta-de-pedro\/","name":"Torcida do Flamengo 'cobra' L\u00e9o Pereira por conta de Pedro","isPartOf":{"@id":"https:\/\/www.gaveanews.com\/#website"},"primaryImageOfPage":{"@id":"https:\/\/www.gaveanews.com\/index.php\/2024\/02\/26\/torcida-do-flamengo-cobra-leo-pereira-por-conta-de-pedro\/#primaryimage"},"image":{"@id":"https:\/\/www.gaveanews.com\/index.php\/2024\/02\/26\/torcida-do-flamengo-cobra-leo-pereira-por-conta-de-pedro\/#primaryimage"},"thumbnailUrl":"https:\/\/www.gaveanews.com\/wp-content\/uploads\/leo-pereira-gol-flamengo.webp","datePublished":"2024-02-27T00:57:44+00:00","dateModified":"2024-04-07T12:39:07+00:00","author":{"@id":"https:\/\/www.gaveanews.com\/#\/schema\/person\/fd07635ec039ec3ba74ad18ec8a6dbd6"},"breadcrumb":{"@id":"https:\/\/www.gaveanews.com\/index.php\/2024\/02\/26\/torcida-do-flamengo-cobra-leo-pereira-por-conta-de-pedro\/#breadcrumb"},"inLanguage":"pt-BR","potentialAction":[{"@type":"ReadAction","target":["https:\/\/www.gaveanews.com\/index.php\/2024\/02\/26\/torcida-do-flamengo-cobra-leo-pereira-por-conta-de-pedro\/"]}]},{"@type":"ImageObject","inLanguage":"pt-BR","@id":"https:\/\/www.gaveanews.com\/index.php\/2024\/02\/26\/torcida-do-flamengo-cobra-leo-pereira-por-conta-de-pedro\/#primaryimage","url":"https:\/\/www.gaveanews.com\/wp-content\/uploads\/leo-pereira-gol-flamengo.webp","contentUrl":"https:\/\/www.gaveanews.com\/wp-content\/uploads\/leo-pereira-gol-flamengo.webp","width":1065,"height":710,"caption":"L\u00e9o Pereira comemora gol marcado pelo Flamengo (Foto: Gilvan de Souza\/Flamengo)"},{"@type":"BreadcrumbList","@id":"https:\/\/www.gaveanews.com\/index.php\/2024\/02\/26\/torcida-do-flamengo-cobra-leo-pereira-por-conta-de-pedro\/#breadcrumb","itemListElement":[{"@type":"ListItem","position":1,"name":"Home","item":"https:\/\/www.gaveanews.com\/"},{"@type":"ListItem","position":2,"name":"Torcida do Flamengo &#8216;cobra&#8217; L\u00e9o Pereira por conta de Pedro"}]},{"@type":"WebSite","@id":"https:\/\/www.gaveanews.com\/#website","url":"https:\/\/www.gaveanews.com\/","name":"G\u00e1vea News","description":"Veja todas as not\u00edcias sobre o Flamengo: Contrata\u00e7\u00f5es, categorias de base, resultados das partidas, tabela de classifica\u00e7\u00e3o, pr\u00f3ximos jogos!","potentialAction":[{"@type":"SearchAction","target":{"@type":"EntryPoint","urlTemplate":"https:\/\/www.gaveanews.com\/?s={search_term_string}"},"query-input":{"@type":"PropertyValueSpecification","valueRequired":true,"valueName":"search_term_string"}}],"inLanguage":"pt-BR"},{"@type":"Person","@id":"https:\/\/www.gaveanews.com\/#\/schema\/person\/fd07635ec039ec3ba74ad18ec8a6dbd6","name":"Henrique Machado","image":{"@type":"ImageObject","inLanguage":"pt-BR","@id":"https:\/\/www.gaveanews.com\/#\/schema\/person\/image\/","url":"https:\/\/secure.gravatar.com\/avatar\/b95e35997e01d9800c1b6184bd79d4d898d370a3fce2584f5c77b907d5c7d9e9?s=96&d=mm&r=g","contentUrl":"https:\/\/secure.gravatar.com\/avatar\/b95e35997e01d9800c1b6184bd79d4d898d370a3fce2584f5c77b907d5c7d9e9?s=96&d=mm&r=g","caption":"Henrique Machado"}}]}},"_links":{"self":[{"href":"https:\/\/www.gaveanews.com\/index.php\/wp-json\/wp\/v2\/posts\/128765","targetHints":{"allow":["GET"]}}],"collection":[{"href":"https:\/\/www.gaveanews.com\/index.php\/wp-json\/wp\/v2\/posts"}],"about":[{"href":"https:\/\/www.gaveanews.com\/index.php\/wp-json\/wp\/v2\/types\/post"}],"author":[{"embeddable":true,"href":"https:\/\/www.gaveanews.com\/index.php\/wp-json\/wp\/v2\/users\/15"}],"replies":[{"embeddable":true,"href":"https:\/\/www.gaveanews.com\/index.php\/wp-json\/wp\/v2\/comments?post=128765"}],"version-history":[{"count":7,"href":"https:\/\/www.gaveanews.com\/index.php\/wp-json\/wp\/v2\/posts\/128765\/revisions"}],"predecessor-version":[{"id":128784,"href":"https:\/\/www.gaveanews.com\/index.php\/wp-json\/wp\/v2\/posts\/128765\/revisions\/128784"}],"wp:featuredmedia":[{"embeddable":true,"href":"https:\/\/www.gaveanews.com\/index.php\/wp-json\/wp\/v2\/media\/126257"}],"wp:attachment":[{"href":"https:\/\/www.gaveanews.com\/index.php\/wp-json\/wp\/v2\/media?parent=128765"}],"wp:term":[{"taxonomy":"category","embeddable":true,"href":"https:\/\/www.gaveanews.com\/index.php\/wp-json\/wp\/v2\/categories?post=128765"},{"taxonomy":"post_tag","embeddable":true,"href":"https:\/\/www.gaveanews.com\/index.php\/wp-json\/wp\/v2\/tags?post=128765"}],"curies":[{"name":"wp","href":"https:\/\/api.w.org\/{rel}","templated":true}]}}