{"id":128906,"date":"2024-02-27T17:17:39","date_gmt":"2024-02-27T20:17:39","guid":{"rendered":"https:\/\/www.gaveanews.com\/?p=128906"},"modified":"2024-02-27T17:17:42","modified_gmt":"2024-02-27T20:17:42","slug":"flamengo-perto-de-acerto-para-saida-de-meia","status":"publish","type":"post","link":"https:\/\/www.gaveanews.com\/index.php\/2024\/02\/27\/flamengo-perto-de-acerto-para-saida-de-meia\/","title":{"rendered":"Flamengo perto de acerto para sa\u00edda de meia"},"content":{"rendered":"\n<p>A negocia\u00e7\u00e3o entre Flamengo e Internacional por Thiago Maia tem sido um dos assuntos mais aguardados no mercado da bola brasileiro. O volante, que tem contrato com o Flamengo at\u00e9 dezembro de 2026, vive um momento de incerteza em rela\u00e7\u00e3o ao seu futuro, enquanto as negocia\u00e7\u00f5es entre os dois clubes enfrentam impasses\u200b<a href=\"https:\/\/www.terra.com.br\/esportes\/futebol\/desentendimento-entre-flamengo-e-internacional-emperra-negociacao-de-thiago-maia,44ca34096c31dff91a6c5db93276b4bfztkcknyv.html\" target=\"_blank\" rel=\"noreferrer noopener\"><\/a>\u200b\u200b<a href=\"https:\/\/www.sambafoot.com\/br\/noticias\/negociacao-entre-internacional-e-flamengo-por-thiago-maia-enfrenta-impasses\" target=\"_blank\" rel=\"noreferrer noopener\"><\/a>\u200b.<\/p>\n\n\n\n<p>O Flamengo liberou Thiago Maia da pr\u00e9-temporada nos Estados Unidos, o que indica que o clube carioca est\u00e1 aberto a negociar o atleta. Apesar disso, a negocia\u00e7\u00e3o com o Internacional tem sido complicada devido a diverg\u00eancias nos valores da transfer\u00eancia. O Internacional apresentou uma proposta de 3 milh\u00f5es de euros por 50% dos direitos do jogador, valor consideravelmente abaixo dos 5 milh\u00f5es de euros desejados pelo Flamengo\u200b<a href=\"https:\/\/tntsports.com.br\/futebolbrasileiro\/Flamengo-e-Internacional-divergem-entre-valores-e-negociacao-por-Thiago-Maia-trava-20240122-0017.html\" target=\"_blank\" rel=\"noreferrer noopener\"><\/a>\u200b.<\/p>\n\n\n\n<figure class=\"wp-block-image size-full\"><img loading=\"lazy\" decoding=\"async\" width=\"900\" height=\"599\" src=\"https:\/\/www.gaveanews.com\/wp-content\/uploads\/thiago-maia-flamengo-gremio-1.webp\" alt=\"\" class=\"wp-image-103452\" srcset=\"https:\/\/www.gaveanews.com\/wp-content\/uploads\/thiago-maia-flamengo-gremio-1.webp 900w, https:\/\/www.gaveanews.com\/wp-content\/uploads\/thiago-maia-flamengo-gremio-1-300x200.webp 300w, https:\/\/www.gaveanews.com\/wp-content\/uploads\/thiago-maia-flamengo-gremio-1-768x511.webp 768w, https:\/\/www.gaveanews.com\/wp-content\/uploads\/thiago-maia-flamengo-gremio-1-631x420.webp 631w, https:\/\/www.gaveanews.com\/wp-content\/uploads\/thiago-maia-flamengo-gremio-1-640x426.webp 640w, https:\/\/www.gaveanews.com\/wp-content\/uploads\/thiago-maia-flamengo-gremio-1-681x453.webp 681w, https:\/\/www.gaveanews.com\/wp-content\/uploads\/thiago-maia-flamengo-gremio-1-100x67.webp 100w\" sizes=\"auto, (max-width: 900px) 100vw, 900px\" \/><figcaption class=\"wp-element-caption\">Thiago Maia em a\u00e7\u00e3o pelo Flamengo contra o Gr\u00eamio (Foto: Marcelo Cortes\/Flamengo)<\/figcaption><\/figure>\n\n\n\n<p>O Internacional, reconhecendo a import\u00e2ncia de Maia para a equipe, prepara-se para apresentar uma nova proposta, buscando alcan\u00e7ar um meio-termo que satisfa\u00e7a ambas as partes. Apesar de o Flamengo demandar inicialmente 5 milh\u00f5es de euros por 50% dos direitos econ\u00f4micos do jogador, o Internacional mostrou hesita\u00e7\u00e3o em atender a essa avalia\u00e7\u00e3o. No entanto, com Coudet pressionando pela contrata\u00e7\u00e3o, espera-se que uma oferta revista esteja a caminho, mesmo que n\u00e3o atinja o valor total desejado pelo Flamengo\u200b<a href=\"https:\/\/br.bolavip.com\/flamengo\/surge-novidade-negocicao-flamengo-internacional-thiago-maia-20240122-BBR-358409.html\" target=\"_blank\" rel=\"noreferrer noopener\"><\/a>\u200b.<\/p>\n\n\n\n<p>Esse avan\u00e7o nas tratativas entre os dois clubes brasileiros reflete a din\u00e2mica fluida do mercado de transfer\u00eancias, onde a negocia\u00e7\u00e3o e a estrat\u00e9gia desempenham pap\u00e9is fundamentais. O futuro de Thiago Maia no futebol brasileiro permanece, portanto, em aberto, com as pr\u00f3ximas semanas prometendo ser decisivas para o desfecho dessa transa\u00e7\u00e3o. As expectativas s\u00e3o altas tanto para os torcedores do Internacional, ansiosos por refor\u00e7ar seu elenco, quanto para os do Flamengo, que acompanham atentamente os desenvolvimentos envolvendo um de seus jogadores\u200b<a href=\"https:\/\/tntsports.com.br\/futebolbrasileiro\/Flamengo-e-Internacional-divergem-entre-valores-e-negociacao-por-Thiago-Maia-trava-20240122-0017.html\" target=\"_blank\" rel=\"noreferrer noopener\"><\/a>\u200b\u200b<a href=\"https:\/\/br.bolavip.com\/flamengo\/surge-novidade-negocicao-flamengo-internacional-thiago-maia-20240122-BBR-358409.html\" target=\"_blank\" rel=\"noreferrer noopener\"><\/a>\u200b.<\/p>\n\n\n\n<h2 class=\"wp-block-heading\" id=\"h-quando-vai-ser-o-proximo-jogo-do-flamengo\">Quando vai ser o pr\u00f3ximo jogo do Flamengo?<\/h2>\n\n\n\n<p>O Flamengo enfrentar\u00e1 o Madureira no pr\u00f3ximo s\u00e1bado (02), pela d\u00e9cima primeira rodada do Campeonato Carioca. A partida ocorrer\u00e1 no Maracan\u00e3, no Rio de Janeiro, com in\u00edcio \u00e0s 16h (hor\u00e1rio de Bras\u00edlia).. A partida ter\u00e1 transmiss\u00e3o da Band (TV aberta), Band Sports (TV fechada), Canal Goat (Youtube).<\/p>\n\n\n\n<p>Confira abaixo a agenda do Flamengo:<\/p>\n\n\n\n<p>04\/02 \u2013 Vasco 0 x 0 Flamengo<br>07\/02 \u2013 Flamengo 1 x 0 Botafogo<br>10\/02 \u2013 Flamengo 3 x 0 Volta Redonda<br>15\/02 \u2013 Bangu 0 x 3 Flamengo<br>20\/02 \u2013 Flamengo 4 x 0 Boavista<br>25\/02 \u2013 Flamengo 2 x 0 Fluminense<br>02\/03 \u2013 Flamengo x Madureira<\/p>\n","protected":false},"excerpt":{"rendered":"<p>A negocia\u00e7\u00e3o entre Flamengo e Internacional por Thiago Maia tem sido um dos assuntos mais aguardados no mercado da bola brasileiro. O volante, que tem contrato com o Flamengo at\u00e9 dezembro de 2026, vive um momento de incerteza em rela\u00e7\u00e3o ao seu futuro, enquanto as negocia\u00e7\u00f5es entre os dois clubes enfrentam impasses\u200b\u200b\u200b\u200b. O Flamengo liberou [&hellip;]<\/p>\n","protected":false},"author":6,"featured_media":110138,"comment_status":"open","ping_status":"closed","sticky":false,"template":"","format":"standard","meta":{"footnotes":""},"categories":[48],"tags":[],"class_list":["post-128906","post","type-post","status-publish","format-standard","has-post-thumbnail","hentry","category-negociacoes"],"yoast_head":"<!-- This site is optimized with the Yoast SEO Premium plugin v24.2 (Yoast SEO v26.9) - https:\/\/yoast.com\/product\/yoast-seo-premium-wordpress\/ -->\n<title>Flamengo perto de acerto para sa\u00edda de meia<\/title>\n<meta name=\"robots\" content=\"index, follow, max-snippet:-1, max-image-preview:large, max-video-preview:-1\" \/>\n<link rel=\"canonical\" href=\"https:\/\/www.gaveanews.com\/index.php\/2024\/02\/27\/flamengo-perto-de-acerto-para-saida-de-meia\/\" \/>\n<meta property=\"og:locale\" content=\"pt_BR\" \/>\n<meta property=\"og:type\" content=\"article\" \/>\n<meta property=\"og:title\" content=\"Flamengo perto de acerto para sa\u00edda de meia\" \/>\n<meta property=\"og:description\" content=\"A negocia\u00e7\u00e3o entre Flamengo e Internacional por Thiago Maia tem sido um dos assuntos mais aguardados no mercado da bola brasileiro. O volante, que tem contrato com o Flamengo at\u00e9 dezembro de 2026, vive um momento de incerteza em rela\u00e7\u00e3o ao seu futuro, enquanto as negocia\u00e7\u00f5es entre os dois clubes enfrentam impasses\u200b\u200b\u200b\u200b. O Flamengo liberou [&hellip;]\" \/>\n<meta property=\"og:url\" content=\"https:\/\/www.gaveanews.com\/index.php\/2024\/02\/27\/flamengo-perto-de-acerto-para-saida-de-meia\/\" \/>\n<meta property=\"og:site_name\" content=\"G\u00e1vea News\" \/>\n<meta property=\"article:publisher\" content=\"https:\/\/facebook.com\/gaveaNews\/\" \/>\n<meta property=\"article:published_time\" content=\"2024-02-27T20:17:39+00:00\" \/>\n<meta property=\"article:modified_time\" content=\"2024-02-27T20:17:42+00:00\" \/>\n<meta property=\"og:image\" content=\"https:\/\/www.gaveanews.com\/wp-content\/uploads\/Marcos-Braz-durante-uma-coletiva-de-imprensa-no-Ninho-do-Urubu.webp\" \/>\n\t<meta property=\"og:image:width\" content=\"1200\" \/>\n\t<meta property=\"og:image:height\" content=\"799\" \/>\n\t<meta property=\"og:image:type\" content=\"image\/webp\" \/>\n<meta name=\"author\" content=\"Leonardo Ant\u00f4nio\" \/>\n<meta name=\"twitter:card\" content=\"summary_large_image\" \/>\n<meta name=\"twitter:label1\" content=\"Escrito por\" \/>\n\t<meta name=\"twitter:data1\" content=\"Leonardo Ant\u00f4nio\" \/>\n\t<meta name=\"twitter:label2\" content=\"Est. tempo de leitura\" \/>\n\t<meta name=\"twitter:data2\" content=\"3 minutos\" \/>\n<script type=\"application\/ld+json\" class=\"yoast-schema-graph\">{\"@context\":\"https:\/\/schema.org\",\"@graph\":[{\"@type\":\"NewsArticle\",\"@id\":\"https:\/\/www.gaveanews.com\/index.php\/2024\/02\/27\/flamengo-perto-de-acerto-para-saida-de-meia\/#article\",\"isPartOf\":{\"@id\":\"https:\/\/www.gaveanews.com\/index.php\/2024\/02\/27\/flamengo-perto-de-acerto-para-saida-de-meia\/\"},\"author\":{\"name\":\"Leonardo Ant\u00f4nio\",\"@id\":\"https:\/\/www.gaveanews.com\/#\/schema\/person\/2d29802e96a726e735077717fb5c6f20\"},\"headline\":\"Flamengo perto de acerto para sa\u00edda de meia\",\"datePublished\":\"2024-02-27T20:17:39+00:00\",\"dateModified\":\"2024-02-27T20:17:42+00:00\",\"mainEntityOfPage\":{\"@id\":\"https:\/\/www.gaveanews.com\/index.php\/2024\/02\/27\/flamengo-perto-de-acerto-para-saida-de-meia\/\"},\"wordCount\":411,\"commentCount\":0,\"image\":{\"@id\":\"https:\/\/www.gaveanews.com\/index.php\/2024\/02\/27\/flamengo-perto-de-acerto-para-saida-de-meia\/#primaryimage\"},\"thumbnailUrl\":\"https:\/\/www.gaveanews.com\/wp-content\/uploads\/Marcos-Braz-durante-uma-coletiva-de-imprensa-no-Ninho-do-Urubu.webp\",\"articleSection\":[\"Negocia\u00e7\u00f5es\"],\"inLanguage\":\"pt-BR\",\"potentialAction\":[{\"@type\":\"CommentAction\",\"name\":\"Comment\",\"target\":[\"https:\/\/www.gaveanews.com\/index.php\/2024\/02\/27\/flamengo-perto-de-acerto-para-saida-de-meia\/#respond\"]}],\"copyrightYear\":\"2024\",\"copyrightHolder\":{\"@id\":\"https:\/\/www.gaveanews.com\/#organization\"}},{\"@type\":\"WebPage\",\"@id\":\"https:\/\/www.gaveanews.com\/index.php\/2024\/02\/27\/flamengo-perto-de-acerto-para-saida-de-meia\/\",\"url\":\"https:\/\/www.gaveanews.com\/index.php\/2024\/02\/27\/flamengo-perto-de-acerto-para-saida-de-meia\/\",\"name\":\"Flamengo perto de acerto para sa\u00edda de meia\",\"isPartOf\":{\"@id\":\"https:\/\/www.gaveanews.com\/#website\"},\"primaryImageOfPage\":{\"@id\":\"https:\/\/www.gaveanews.com\/index.php\/2024\/02\/27\/flamengo-perto-de-acerto-para-saida-de-meia\/#primaryimage\"},\"image\":{\"@id\":\"https:\/\/www.gaveanews.com\/index.php\/2024\/02\/27\/flamengo-perto-de-acerto-para-saida-de-meia\/#primaryimage\"},\"thumbnailUrl\":\"https:\/\/www.gaveanews.com\/wp-content\/uploads\/Marcos-Braz-durante-uma-coletiva-de-imprensa-no-Ninho-do-Urubu.webp\",\"datePublished\":\"2024-02-27T20:17:39+00:00\",\"dateModified\":\"2024-02-27T20:17:42+00:00\",\"author\":{\"@id\":\"https:\/\/www.gaveanews.com\/#\/schema\/person\/2d29802e96a726e735077717fb5c6f20\"},\"breadcrumb\":{\"@id\":\"https:\/\/www.gaveanews.com\/index.php\/2024\/02\/27\/flamengo-perto-de-acerto-para-saida-de-meia\/#breadcrumb\"},\"inLanguage\":\"pt-BR\",\"potentialAction\":[{\"@type\":\"ReadAction\",\"target\":[\"https:\/\/www.gaveanews.com\/index.php\/2024\/02\/27\/flamengo-perto-de-acerto-para-saida-de-meia\/\"]}]},{\"@type\":\"ImageObject\",\"inLanguage\":\"pt-BR\",\"@id\":\"https:\/\/www.gaveanews.com\/index.php\/2024\/02\/27\/flamengo-perto-de-acerto-para-saida-de-meia\/#primaryimage\",\"url\":\"https:\/\/www.gaveanews.com\/wp-content\/uploads\/Marcos-Braz-durante-uma-coletiva-de-imprensa-no-Ninho-do-Urubu.webp\",\"contentUrl\":\"https:\/\/www.gaveanews.com\/wp-content\/uploads\/Marcos-Braz-durante-uma-coletiva-de-imprensa-no-Ninho-do-Urubu.webp\",\"width\":1200,\"height\":799,\"caption\":\"Marcos Braz durante uma coletiva de imprensa no Ninho do Urubu (Foto: Reprodu\u00e7\u00e3o\/Flamengo)\"},{\"@type\":\"BreadcrumbList\",\"@id\":\"https:\/\/www.gaveanews.com\/index.php\/2024\/02\/27\/flamengo-perto-de-acerto-para-saida-de-meia\/#breadcrumb\",\"itemListElement\":[{\"@type\":\"ListItem\",\"position\":1,\"name\":\"Home\",\"item\":\"https:\/\/www.gaveanews.com\/\"},{\"@type\":\"ListItem\",\"position\":2,\"name\":\"Flamengo perto de acerto para sa\u00edda de meia\"}]},{\"@type\":\"WebSite\",\"@id\":\"https:\/\/www.gaveanews.com\/#website\",\"url\":\"https:\/\/www.gaveanews.com\/\",\"name\":\"G\u00e1vea News\",\"description\":\"Veja todas as not\u00edcias sobre o Flamengo: Contrata\u00e7\u00f5es, categorias de base, resultados das partidas, tabela de classifica\u00e7\u00e3o, pr\u00f3ximos jogos!\",\"potentialAction\":[{\"@type\":\"SearchAction\",\"target\":{\"@type\":\"EntryPoint\",\"urlTemplate\":\"https:\/\/www.gaveanews.com\/?s={search_term_string}\"},\"query-input\":{\"@type\":\"PropertyValueSpecification\",\"valueRequired\":true,\"valueName\":\"search_term_string\"}}],\"inLanguage\":\"pt-BR\"},{\"@type\":\"Person\",\"@id\":\"https:\/\/www.gaveanews.com\/#\/schema\/person\/2d29802e96a726e735077717fb5c6f20\",\"name\":\"Leonardo Ant\u00f4nio\",\"image\":{\"@type\":\"ImageObject\",\"inLanguage\":\"pt-BR\",\"@id\":\"https:\/\/www.gaveanews.com\/#\/schema\/person\/image\/\",\"url\":\"https:\/\/secure.gravatar.com\/avatar\/b9ffc9ff64af5c915e7cb1824991ab1b4aa29b902a6a9a83be9d1c8ba449fce8?s=96&d=mm&r=g\",\"contentUrl\":\"https:\/\/secure.gravatar.com\/avatar\/b9ffc9ff64af5c915e7cb1824991ab1b4aa29b902a6a9a83be9d1c8ba449fce8?s=96&d=mm&r=g\",\"caption\":\"Leonardo Ant\u00f4nio\"}}]}<\/script>\n<!-- \/ Yoast SEO Premium plugin. -->","yoast_head_json":{"title":"Flamengo perto de acerto para sa\u00edda de meia","robots":{"index":"index","follow":"follow","max-snippet":"max-snippet:-1","max-image-preview":"max-image-preview:large","max-video-preview":"max-video-preview:-1"},"canonical":"https:\/\/www.gaveanews.com\/index.php\/2024\/02\/27\/flamengo-perto-de-acerto-para-saida-de-meia\/","og_locale":"pt_BR","og_type":"article","og_title":"Flamengo perto de acerto para sa\u00edda de meia","og_description":"A negocia\u00e7\u00e3o entre Flamengo e Internacional por Thiago Maia tem sido um dos assuntos mais aguardados no mercado da bola brasileiro. O volante, que tem contrato com o Flamengo at\u00e9 dezembro de 2026, vive um momento de incerteza em rela\u00e7\u00e3o ao seu futuro, enquanto as negocia\u00e7\u00f5es entre os dois clubes enfrentam impasses\u200b\u200b\u200b\u200b. O Flamengo liberou [&hellip;]","og_url":"https:\/\/www.gaveanews.com\/index.php\/2024\/02\/27\/flamengo-perto-de-acerto-para-saida-de-meia\/","og_site_name":"G\u00e1vea News","article_publisher":"https:\/\/facebook.com\/gaveaNews\/","article_published_time":"2024-02-27T20:17:39+00:00","article_modified_time":"2024-02-27T20:17:42+00:00","og_image":[{"width":1200,"height":799,"url":"https:\/\/www.gaveanews.com\/wp-content\/uploads\/Marcos-Braz-durante-uma-coletiva-de-imprensa-no-Ninho-do-Urubu.webp","type":"image\/webp"}],"author":"Leonardo Ant\u00f4nio","twitter_card":"summary_large_image","twitter_misc":{"Escrito por":"Leonardo Ant\u00f4nio","Est. tempo de leitura":"3 minutos"},"schema":{"@context":"https:\/\/schema.org","@graph":[{"@type":"NewsArticle","@id":"https:\/\/www.gaveanews.com\/index.php\/2024\/02\/27\/flamengo-perto-de-acerto-para-saida-de-meia\/#article","isPartOf":{"@id":"https:\/\/www.gaveanews.com\/index.php\/2024\/02\/27\/flamengo-perto-de-acerto-para-saida-de-meia\/"},"author":{"name":"Leonardo Ant\u00f4nio","@id":"https:\/\/www.gaveanews.com\/#\/schema\/person\/2d29802e96a726e735077717fb5c6f20"},"headline":"Flamengo perto de acerto para sa\u00edda de meia","datePublished":"2024-02-27T20:17:39+00:00","dateModified":"2024-02-27T20:17:42+00:00","mainEntityOfPage":{"@id":"https:\/\/www.gaveanews.com\/index.php\/2024\/02\/27\/flamengo-perto-de-acerto-para-saida-de-meia\/"},"wordCount":411,"commentCount":0,"image":{"@id":"https:\/\/www.gaveanews.com\/index.php\/2024\/02\/27\/flamengo-perto-de-acerto-para-saida-de-meia\/#primaryimage"},"thumbnailUrl":"https:\/\/www.gaveanews.com\/wp-content\/uploads\/Marcos-Braz-durante-uma-coletiva-de-imprensa-no-Ninho-do-Urubu.webp","articleSection":["Negocia\u00e7\u00f5es"],"inLanguage":"pt-BR","potentialAction":[{"@type":"CommentAction","name":"Comment","target":["https:\/\/www.gaveanews.com\/index.php\/2024\/02\/27\/flamengo-perto-de-acerto-para-saida-de-meia\/#respond"]}],"copyrightYear":"2024","copyrightHolder":{"@id":"https:\/\/www.gaveanews.com\/#organization"}},{"@type":"WebPage","@id":"https:\/\/www.gaveanews.com\/index.php\/2024\/02\/27\/flamengo-perto-de-acerto-para-saida-de-meia\/","url":"https:\/\/www.gaveanews.com\/index.php\/2024\/02\/27\/flamengo-perto-de-acerto-para-saida-de-meia\/","name":"Flamengo perto de acerto para sa\u00edda de meia","isPartOf":{"@id":"https:\/\/www.gaveanews.com\/#website"},"primaryImageOfPage":{"@id":"https:\/\/www.gaveanews.com\/index.php\/2024\/02\/27\/flamengo-perto-de-acerto-para-saida-de-meia\/#primaryimage"},"image":{"@id":"https:\/\/www.gaveanews.com\/index.php\/2024\/02\/27\/flamengo-perto-de-acerto-para-saida-de-meia\/#primaryimage"},"thumbnailUrl":"https:\/\/www.gaveanews.com\/wp-content\/uploads\/Marcos-Braz-durante-uma-coletiva-de-imprensa-no-Ninho-do-Urubu.webp","datePublished":"2024-02-27T20:17:39+00:00","dateModified":"2024-02-27T20:17:42+00:00","author":{"@id":"https:\/\/www.gaveanews.com\/#\/schema\/person\/2d29802e96a726e735077717fb5c6f20"},"breadcrumb":{"@id":"https:\/\/www.gaveanews.com\/index.php\/2024\/02\/27\/flamengo-perto-de-acerto-para-saida-de-meia\/#breadcrumb"},"inLanguage":"pt-BR","potentialAction":[{"@type":"ReadAction","target":["https:\/\/www.gaveanews.com\/index.php\/2024\/02\/27\/flamengo-perto-de-acerto-para-saida-de-meia\/"]}]},{"@type":"ImageObject","inLanguage":"pt-BR","@id":"https:\/\/www.gaveanews.com\/index.php\/2024\/02\/27\/flamengo-perto-de-acerto-para-saida-de-meia\/#primaryimage","url":"https:\/\/www.gaveanews.com\/wp-content\/uploads\/Marcos-Braz-durante-uma-coletiva-de-imprensa-no-Ninho-do-Urubu.webp","contentUrl":"https:\/\/www.gaveanews.com\/wp-content\/uploads\/Marcos-Braz-durante-uma-coletiva-de-imprensa-no-Ninho-do-Urubu.webp","width":1200,"height":799,"caption":"Marcos Braz durante uma coletiva de imprensa no Ninho do Urubu (Foto: Reprodu\u00e7\u00e3o\/Flamengo)"},{"@type":"BreadcrumbList","@id":"https:\/\/www.gaveanews.com\/index.php\/2024\/02\/27\/flamengo-perto-de-acerto-para-saida-de-meia\/#breadcrumb","itemListElement":[{"@type":"ListItem","position":1,"name":"Home","item":"https:\/\/www.gaveanews.com\/"},{"@type":"ListItem","position":2,"name":"Flamengo perto de acerto para sa\u00edda de meia"}]},{"@type":"WebSite","@id":"https:\/\/www.gaveanews.com\/#website","url":"https:\/\/www.gaveanews.com\/","name":"G\u00e1vea News","description":"Veja todas as not\u00edcias sobre o Flamengo: Contrata\u00e7\u00f5es, categorias de base, resultados das partidas, tabela de classifica\u00e7\u00e3o, pr\u00f3ximos jogos!","potentialAction":[{"@type":"SearchAction","target":{"@type":"EntryPoint","urlTemplate":"https:\/\/www.gaveanews.com\/?s={search_term_string}"},"query-input":{"@type":"PropertyValueSpecification","valueRequired":true,"valueName":"search_term_string"}}],"inLanguage":"pt-BR"},{"@type":"Person","@id":"https:\/\/www.gaveanews.com\/#\/schema\/person\/2d29802e96a726e735077717fb5c6f20","name":"Leonardo Ant\u00f4nio","image":{"@type":"ImageObject","inLanguage":"pt-BR","@id":"https:\/\/www.gaveanews.com\/#\/schema\/person\/image\/","url":"https:\/\/secure.gravatar.com\/avatar\/b9ffc9ff64af5c915e7cb1824991ab1b4aa29b902a6a9a83be9d1c8ba449fce8?s=96&d=mm&r=g","contentUrl":"https:\/\/secure.gravatar.com\/avatar\/b9ffc9ff64af5c915e7cb1824991ab1b4aa29b902a6a9a83be9d1c8ba449fce8?s=96&d=mm&r=g","caption":"Leonardo Ant\u00f4nio"}}]}},"_links":{"self":[{"href":"https:\/\/www.gaveanews.com\/index.php\/wp-json\/wp\/v2\/posts\/128906","targetHints":{"allow":["GET"]}}],"collection":[{"href":"https:\/\/www.gaveanews.com\/index.php\/wp-json\/wp\/v2\/posts"}],"about":[{"href":"https:\/\/www.gaveanews.com\/index.php\/wp-json\/wp\/v2\/types\/post"}],"author":[{"embeddable":true,"href":"https:\/\/www.gaveanews.com\/index.php\/wp-json\/wp\/v2\/users\/6"}],"replies":[{"embeddable":true,"href":"https:\/\/www.gaveanews.com\/index.php\/wp-json\/wp\/v2\/comments?post=128906"}],"version-history":[{"count":1,"href":"https:\/\/www.gaveanews.com\/index.php\/wp-json\/wp\/v2\/posts\/128906\/revisions"}],"predecessor-version":[{"id":128908,"href":"https:\/\/www.gaveanews.com\/index.php\/wp-json\/wp\/v2\/posts\/128906\/revisions\/128908"}],"wp:featuredmedia":[{"embeddable":true,"href":"https:\/\/www.gaveanews.com\/index.php\/wp-json\/wp\/v2\/media\/110138"}],"wp:attachment":[{"href":"https:\/\/www.gaveanews.com\/index.php\/wp-json\/wp\/v2\/media?parent=128906"}],"wp:term":[{"taxonomy":"category","embeddable":true,"href":"https:\/\/www.gaveanews.com\/index.php\/wp-json\/wp\/v2\/categories?post=128906"},{"taxonomy":"post_tag","embeddable":true,"href":"https:\/\/www.gaveanews.com\/index.php\/wp-json\/wp\/v2\/tags?post=128906"}],"curies":[{"name":"wp","href":"https:\/\/api.w.org\/{rel}","templated":true}]}}