{"id":129029,"date":"2024-02-28T10:10:19","date_gmt":"2024-02-28T13:10:19","guid":{"rendered":"https:\/\/www.gaveanews.com\/?p=129029"},"modified":"2024-04-06T23:22:13","modified_gmt":"2024-04-07T02:22:13","slug":"leo-ortiz-fala-sobre-negociacao-com-flamengo-mas-tenta-dispistar-sobre-saida-do-bragantino","status":"publish","type":"post","link":"https:\/\/www.gaveanews.com\/index.php\/2024\/02\/28\/leo-ortiz-fala-sobre-negociacao-com-flamengo-mas-tenta-dispistar-sobre-saida-do-bragantino\/","title":{"rendered":"L\u00e9o Ortiz fala sobre negocia\u00e7\u00e3o com Flamengo, mas tenta dispistar sobre sa\u00edda do Bragantino"},"content":{"rendered":"\n<p>O Red Bull Bragantino assegurou sua passagem para a terceira fase da CONMEBOL Libertadores 2024, gra\u00e7as a uma vit\u00f3ria por 4 a 3 nos p\u00eanaltis contra o \u00c1guilas Doradas-COL. Esta conquista n\u00e3o s\u00f3 consolida a presen\u00e7a do time no cen\u00e1rio do futebol sul-americano, mas tamb\u00e9m coloca em destaque as negocia\u00e7\u00f5es envolvendo um de seus principais jogadores, L\u00e9o Ortiz, que se encontra no centro de intensas especula\u00e7\u00f5es de transfer\u00eancia\u200b<a href=\"https:\/\/en.wikipedia.org\/wiki\/2024_Copa_Libertadores\" target=\"_blank\" rel=\"noreferrer noopener\"><\/a>\u200b\u200b<a href=\"https:\/\/olympics.com\/pt\/noticias\/copa-libertadores-2024-classificados\" target=\"_blank\" rel=\"noreferrer noopener\"><\/a>\u200b.<\/p>\n\n\n\n<p>A situa\u00e7\u00e3o de L\u00e9o Ortiz tem sido particularmente not\u00e1vel, com o jogador expressando abertamente seu interesse em se mudar para o Flamengo e a possibilidade de trabalhar com o t\u00e9cnico Tite. Apesar disso, a negocia\u00e7\u00e3o entre Flamengo e Red Bull Bragantino tem enfrentado impasses, principalmente devido a discord\u00e2ncias financeiras. Em meio a essas especula\u00e7\u00f5es, Ortiz comentou: <em>&#8220;\u00c9 muita coisa que sai e acaba chegando em mim, ent\u00e3o n\u00e3o tem como se blindar totalmente. Como j\u00e1 falei uma vez, dei um passo atr\u00e1s de estar negociando direto. Isso quem cuida \u00e9 meu empres\u00e1rio e minha irm\u00e3&#8221;<\/em>\u200b<a href=\"https:\/\/www.cnnbrasil.com.br\/esportes\/libertadores-2024-botafogo-e-red-bull-bragantino-conhecem-seus-possiveis-adversarios\/\" target=\"_blank\" rel=\"noreferrer noopener\"><\/a>\u200b.<\/p>\n\n\n\n<p>Al\u00e9m disso, Ortiz tenta manter o foco em seu atual clube, evidenciado por suas palavras: <em>&#8220;Ent\u00e3o eu tenho recebido algumas coisas, l\u00f3gico, mas quanto mais pr\u00f3ximo do jogo tento me afastar e guardar todas as minhas energias para o Red Bull Bragantino&#8221;<\/em>\u200b<a href=\"https:\/\/www.cnnbrasil.com.br\/esportes\/libertadores-2024-botafogo-e-red-bull-bragantino-conhecem-seus-possiveis-adversarios\/\" target=\"_blank\" rel=\"noreferrer noopener\"><\/a>\u200b.<\/p>\n\n\n\n<p>Do lado do Flamengo, o vice-presidente Marcos Braz tem sido a voz das negocia\u00e7\u00f5es, evidenciando que o clube n\u00e3o tem pressa e est\u00e1 buscando chegar a um acordo financeiro vi\u00e1vel. Braz mencionou: <em>\u201cA gente entende o que seja plaus\u00edvel, o correto. O Flamengo est\u00e1 atr\u00e1s desses n\u00fameros. Sobre o jogador (L\u00e9o Ortiz), acho que a gente n\u00e3o precisa mais falar sobre o jogador. \u00c9 um jogador que a gente entende que \u00e9 de n\u00edvel de sele\u00e7\u00e3o. Agora, temos que ter paci\u00eancia e tranquilidade\u201d<\/em>.<\/p>\n\n\n\n<p>Ele tamb\u00e9m esclareceu que a data de 7 de mar\u00e7o, embora seja o limite para inscri\u00e7\u00f5es, n\u00e3o pressiona o Flamengo a fechar o neg\u00f3cio \u00e0s pressas: <em>\u201cA data limite \u00e9 no dia 7 de mar\u00e7o, n\u00e3o \u00e9 o limite do Flamengo. \u00c9 at\u00e9 quando voc\u00ea pode inscrever o jogador. Agora, eu acho que, se o Flamengo n\u00e3o fechar a quest\u00e3o com o Bragantino e vice-versa, com calma as coisas v\u00e3o se ajustando. Ou eles descem o valor um pouquinho ou o Flamengo aumenta um pouco. Vai ajustando para ver se a gente chega a um denominador comum\u201d<\/em>\u200b<a href=\"https:\/\/www.cnnbrasil.com.br\/esportes\/libertadores-2024-botafogo-e-red-bull-bragantino-conhecem-seus-possiveis-adversarios\/\" target=\"_blank\" rel=\"noreferrer noopener\"><\/a>\u200b.<\/p>\n\n\n\n<p>As negocia\u00e7\u00f5es financeiras continuam sendo um ponto crucial, com o Flamengo aparentemente disposto a oferecer 6,5 milh\u00f5es de euros, enquanto o Red Bull Bragantino mant\u00e9m a exig\u00eancia de 8,5 milh\u00f5es de euros para liberar o jogador. Enquanto isso, L\u00e9o Ortiz prossegue com suas obriga\u00e7\u00f5es no Red Bull Bragantino, com quem possui contrato at\u00e9 31 de dezembro de 2026, contribuindo com 10 jogos, 2 gols e 1 assist\u00eancia nesta temporada at\u00e9 agora\u200b<a href=\"https:\/\/www.cnnbrasil.com.br\/esportes\/libertadores-2024-botafogo-e-red-bull-bragantino-conhecem-seus-possiveis-adversarios\/\" target=\"_blank\" rel=\"noreferrer noopener\"><\/a>\u200b.<\/p>\n\n\n\n<h2 class=\"wp-block-heading\" id=\"h-quando-vai-ser-o-proximo-jogo-do-flamengo\">Quando vai ser o pr\u00f3ximo jogo do Flamengo?<\/h2>\n\n\n\n<p>O Flamengo enfrentar\u00e1 o Madureira no pr\u00f3ximo s\u00e1bado (02), pela d\u00e9cima primeira rodada do Campeonato Carioca. A partida ocorrer\u00e1 no Maracan\u00e3, no Rio de Janeiro, com in\u00edcio \u00e0s 16h (hor\u00e1rio de Bras\u00edlia).. A partida ter\u00e1 transmiss\u00e3o da Band (TV aberta), Band Sports (TV fechada), Canal Goat (Youtube).<\/p>\n\n\n\n<p>Confira abaixo a agenda do Flamengo:<\/p>\n\n\n\n<p>04\/02 \u2013 Vasco 0 x 0 Flamengo<br>07\/02 \u2013 Flamengo 1 x 0 Botafogo<br>10\/02 \u2013 Flamengo 3 x 0 Volta Redonda<br>15\/02 \u2013 Bangu 0 x 3 Flamengo<br>20\/02 \u2013 Flamengo 4 x 0 Boavista<br>25\/02 \u2013 Flamengo 2 x 0 Fluminense<br>02\/03 \u2013 Flamengo x Madureira<\/p>\n","protected":false},"excerpt":{"rendered":"<p>O Red Bull Bragantino assegurou sua passagem para a terceira fase da CONMEBOL Libertadores 2024, gra\u00e7as a uma vit\u00f3ria por 4 a 3 nos p\u00eanaltis contra o \u00c1guilas Doradas-COL. Esta conquista n\u00e3o s\u00f3 consolida a presen\u00e7a do time no cen\u00e1rio do futebol sul-americano, mas tamb\u00e9m coloca em destaque as negocia\u00e7\u00f5es envolvendo um de seus principais [&hellip;]<\/p>\n","protected":false},"author":6,"featured_media":122643,"comment_status":"open","ping_status":"closed","sticky":false,"template":"","format":"standard","meta":{"footnotes":""},"categories":[48],"tags":[171],"class_list":["post-129029","post","type-post","status-publish","format-standard","has-post-thumbnail","hentry","category-negociacoes","tag-adenor-leonardo-bachi-tite"],"yoast_head":"<!-- This site is optimized with the Yoast SEO Premium plugin v24.2 (Yoast SEO v26.9) - https:\/\/yoast.com\/product\/yoast-seo-premium-wordpress\/ -->\n<title>L\u00e9o Ortiz fala sobre negocia\u00e7\u00e3o com Flamengo, mas tenta dispistar sobre sa\u00edda do Bragantino<\/title>\n<meta name=\"robots\" content=\"index, follow, max-snippet:-1, max-image-preview:large, max-video-preview:-1\" \/>\n<link rel=\"canonical\" href=\"https:\/\/www.gaveanews.com\/index.php\/2024\/02\/28\/leo-ortiz-fala-sobre-negociacao-com-flamengo-mas-tenta-dispistar-sobre-saida-do-bragantino\/\" \/>\n<meta property=\"og:locale\" content=\"pt_BR\" \/>\n<meta property=\"og:type\" content=\"article\" \/>\n<meta property=\"og:title\" content=\"L\u00e9o Ortiz fala sobre negocia\u00e7\u00e3o com Flamengo, mas tenta dispistar sobre sa\u00edda do Bragantino\" \/>\n<meta property=\"og:description\" content=\"O Red Bull Bragantino assegurou sua passagem para a terceira fase da CONMEBOL Libertadores 2024, gra\u00e7as a uma vit\u00f3ria por 4 a 3 nos p\u00eanaltis contra o \u00c1guilas Doradas-COL. Esta conquista n\u00e3o s\u00f3 consolida a presen\u00e7a do time no cen\u00e1rio do futebol sul-americano, mas tamb\u00e9m coloca em destaque as negocia\u00e7\u00f5es envolvendo um de seus principais [&hellip;]\" \/>\n<meta property=\"og:url\" content=\"https:\/\/www.gaveanews.com\/index.php\/2024\/02\/28\/leo-ortiz-fala-sobre-negociacao-com-flamengo-mas-tenta-dispistar-sobre-saida-do-bragantino\/\" \/>\n<meta property=\"og:site_name\" content=\"G\u00e1vea News\" \/>\n<meta property=\"article:publisher\" content=\"https:\/\/facebook.com\/gaveaNews\/\" \/>\n<meta property=\"article:published_time\" content=\"2024-02-28T13:10:19+00:00\" \/>\n<meta property=\"article:modified_time\" content=\"2024-04-07T02:22:13+00:00\" \/>\n<meta property=\"og:image\" content=\"https:\/\/www.gaveanews.com\/wp-content\/uploads\/Leo-Ortiz-edited.webp\" \/>\n\t<meta property=\"og:image:width\" content=\"1200\" \/>\n\t<meta property=\"og:image:height\" content=\"800\" \/>\n\t<meta property=\"og:image:type\" content=\"image\/webp\" \/>\n<meta name=\"author\" content=\"Leonardo Ant\u00f4nio\" \/>\n<meta name=\"twitter:card\" content=\"summary_large_image\" \/>\n<meta name=\"twitter:label1\" content=\"Escrito por\" \/>\n\t<meta name=\"twitter:data1\" content=\"Leonardo Ant\u00f4nio\" \/>\n\t<meta name=\"twitter:label2\" content=\"Est. tempo de leitura\" \/>\n\t<meta name=\"twitter:data2\" content=\"4 minutos\" \/>\n<script type=\"application\/ld+json\" class=\"yoast-schema-graph\">{\"@context\":\"https:\/\/schema.org\",\"@graph\":[{\"@type\":\"NewsArticle\",\"@id\":\"https:\/\/www.gaveanews.com\/index.php\/2024\/02\/28\/leo-ortiz-fala-sobre-negociacao-com-flamengo-mas-tenta-dispistar-sobre-saida-do-bragantino\/#article\",\"isPartOf\":{\"@id\":\"https:\/\/www.gaveanews.com\/index.php\/2024\/02\/28\/leo-ortiz-fala-sobre-negociacao-com-flamengo-mas-tenta-dispistar-sobre-saida-do-bragantino\/\"},\"author\":{\"name\":\"Leonardo Ant\u00f4nio\",\"@id\":\"https:\/\/www.gaveanews.com\/#\/schema\/person\/2d29802e96a726e735077717fb5c6f20\"},\"headline\":\"L\u00e9o Ortiz fala sobre negocia\u00e7\u00e3o com Flamengo, mas tenta dispistar sobre sa\u00edda do Bragantino\",\"datePublished\":\"2024-02-28T13:10:19+00:00\",\"dateModified\":\"2024-04-07T02:22:13+00:00\",\"mainEntityOfPage\":{\"@id\":\"https:\/\/www.gaveanews.com\/index.php\/2024\/02\/28\/leo-ortiz-fala-sobre-negociacao-com-flamengo-mas-tenta-dispistar-sobre-saida-do-bragantino\/\"},\"wordCount\":599,\"commentCount\":0,\"image\":{\"@id\":\"https:\/\/www.gaveanews.com\/index.php\/2024\/02\/28\/leo-ortiz-fala-sobre-negociacao-com-flamengo-mas-tenta-dispistar-sobre-saida-do-bragantino\/#primaryimage\"},\"thumbnailUrl\":\"https:\/\/www.gaveanews.com\/wp-content\/uploads\/Leo-Ortiz-edited.webp\",\"keywords\":[\"Adenor Leonardo Bachi\"],\"articleSection\":[\"Negocia\u00e7\u00f5es\"],\"inLanguage\":\"pt-BR\",\"potentialAction\":[{\"@type\":\"CommentAction\",\"name\":\"Comment\",\"target\":[\"https:\/\/www.gaveanews.com\/index.php\/2024\/02\/28\/leo-ortiz-fala-sobre-negociacao-com-flamengo-mas-tenta-dispistar-sobre-saida-do-bragantino\/#respond\"]}],\"copyrightYear\":\"2024\",\"copyrightHolder\":{\"@id\":\"https:\/\/www.gaveanews.com\/#organization\"}},{\"@type\":\"WebPage\",\"@id\":\"https:\/\/www.gaveanews.com\/index.php\/2024\/02\/28\/leo-ortiz-fala-sobre-negociacao-com-flamengo-mas-tenta-dispistar-sobre-saida-do-bragantino\/\",\"url\":\"https:\/\/www.gaveanews.com\/index.php\/2024\/02\/28\/leo-ortiz-fala-sobre-negociacao-com-flamengo-mas-tenta-dispistar-sobre-saida-do-bragantino\/\",\"name\":\"L\u00e9o Ortiz fala sobre negocia\u00e7\u00e3o com Flamengo, mas tenta dispistar sobre sa\u00edda do Bragantino\",\"isPartOf\":{\"@id\":\"https:\/\/www.gaveanews.com\/#website\"},\"primaryImageOfPage\":{\"@id\":\"https:\/\/www.gaveanews.com\/index.php\/2024\/02\/28\/leo-ortiz-fala-sobre-negociacao-com-flamengo-mas-tenta-dispistar-sobre-saida-do-bragantino\/#primaryimage\"},\"image\":{\"@id\":\"https:\/\/www.gaveanews.com\/index.php\/2024\/02\/28\/leo-ortiz-fala-sobre-negociacao-com-flamengo-mas-tenta-dispistar-sobre-saida-do-bragantino\/#primaryimage\"},\"thumbnailUrl\":\"https:\/\/www.gaveanews.com\/wp-content\/uploads\/Leo-Ortiz-edited.webp\",\"datePublished\":\"2024-02-28T13:10:19+00:00\",\"dateModified\":\"2024-04-07T02:22:13+00:00\",\"author\":{\"@id\":\"https:\/\/www.gaveanews.com\/#\/schema\/person\/2d29802e96a726e735077717fb5c6f20\"},\"breadcrumb\":{\"@id\":\"https:\/\/www.gaveanews.com\/index.php\/2024\/02\/28\/leo-ortiz-fala-sobre-negociacao-com-flamengo-mas-tenta-dispistar-sobre-saida-do-bragantino\/#breadcrumb\"},\"inLanguage\":\"pt-BR\",\"potentialAction\":[{\"@type\":\"ReadAction\",\"target\":[\"https:\/\/www.gaveanews.com\/index.php\/2024\/02\/28\/leo-ortiz-fala-sobre-negociacao-com-flamengo-mas-tenta-dispistar-sobre-saida-do-bragantino\/\"]}]},{\"@type\":\"ImageObject\",\"inLanguage\":\"pt-BR\",\"@id\":\"https:\/\/www.gaveanews.com\/index.php\/2024\/02\/28\/leo-ortiz-fala-sobre-negociacao-com-flamengo-mas-tenta-dispistar-sobre-saida-do-bragantino\/#primaryimage\",\"url\":\"https:\/\/www.gaveanews.com\/wp-content\/uploads\/Leo-Ortiz-edited.webp\",\"contentUrl\":\"https:\/\/www.gaveanews.com\/wp-content\/uploads\/Leo-Ortiz-edited.webp\",\"width\":1200,\"height\":800,\"caption\":\"L\u00e9o Ortiz com a camisa do Red Bull Bragantino (Marcello Zambrana\/AGIF)\"},{\"@type\":\"BreadcrumbList\",\"@id\":\"https:\/\/www.gaveanews.com\/index.php\/2024\/02\/28\/leo-ortiz-fala-sobre-negociacao-com-flamengo-mas-tenta-dispistar-sobre-saida-do-bragantino\/#breadcrumb\",\"itemListElement\":[{\"@type\":\"ListItem\",\"position\":1,\"name\":\"Home\",\"item\":\"https:\/\/www.gaveanews.com\/\"},{\"@type\":\"ListItem\",\"position\":2,\"name\":\"L\u00e9o Ortiz fala sobre negocia\u00e7\u00e3o com Flamengo, mas tenta dispistar sobre sa\u00edda do Bragantino\"}]},{\"@type\":\"WebSite\",\"@id\":\"https:\/\/www.gaveanews.com\/#website\",\"url\":\"https:\/\/www.gaveanews.com\/\",\"name\":\"G\u00e1vea News\",\"description\":\"Veja todas as not\u00edcias sobre o Flamengo: Contrata\u00e7\u00f5es, categorias de base, resultados das partidas, tabela de classifica\u00e7\u00e3o, pr\u00f3ximos jogos!\",\"potentialAction\":[{\"@type\":\"SearchAction\",\"target\":{\"@type\":\"EntryPoint\",\"urlTemplate\":\"https:\/\/www.gaveanews.com\/?s={search_term_string}\"},\"query-input\":{\"@type\":\"PropertyValueSpecification\",\"valueRequired\":true,\"valueName\":\"search_term_string\"}}],\"inLanguage\":\"pt-BR\"},{\"@type\":\"Person\",\"@id\":\"https:\/\/www.gaveanews.com\/#\/schema\/person\/2d29802e96a726e735077717fb5c6f20\",\"name\":\"Leonardo Ant\u00f4nio\",\"image\":{\"@type\":\"ImageObject\",\"inLanguage\":\"pt-BR\",\"@id\":\"https:\/\/www.gaveanews.com\/#\/schema\/person\/image\/\",\"url\":\"https:\/\/secure.gravatar.com\/avatar\/b9ffc9ff64af5c915e7cb1824991ab1b4aa29b902a6a9a83be9d1c8ba449fce8?s=96&d=mm&r=g\",\"contentUrl\":\"https:\/\/secure.gravatar.com\/avatar\/b9ffc9ff64af5c915e7cb1824991ab1b4aa29b902a6a9a83be9d1c8ba449fce8?s=96&d=mm&r=g\",\"caption\":\"Leonardo Ant\u00f4nio\"}}]}<\/script>\n<!-- \/ Yoast SEO Premium plugin. -->","yoast_head_json":{"title":"L\u00e9o Ortiz fala sobre negocia\u00e7\u00e3o com Flamengo, mas tenta dispistar sobre sa\u00edda do Bragantino","robots":{"index":"index","follow":"follow","max-snippet":"max-snippet:-1","max-image-preview":"max-image-preview:large","max-video-preview":"max-video-preview:-1"},"canonical":"https:\/\/www.gaveanews.com\/index.php\/2024\/02\/28\/leo-ortiz-fala-sobre-negociacao-com-flamengo-mas-tenta-dispistar-sobre-saida-do-bragantino\/","og_locale":"pt_BR","og_type":"article","og_title":"L\u00e9o Ortiz fala sobre negocia\u00e7\u00e3o com Flamengo, mas tenta dispistar sobre sa\u00edda do Bragantino","og_description":"O Red Bull Bragantino assegurou sua passagem para a terceira fase da CONMEBOL Libertadores 2024, gra\u00e7as a uma vit\u00f3ria por 4 a 3 nos p\u00eanaltis contra o \u00c1guilas Doradas-COL. Esta conquista n\u00e3o s\u00f3 consolida a presen\u00e7a do time no cen\u00e1rio do futebol sul-americano, mas tamb\u00e9m coloca em destaque as negocia\u00e7\u00f5es envolvendo um de seus principais [&hellip;]","og_url":"https:\/\/www.gaveanews.com\/index.php\/2024\/02\/28\/leo-ortiz-fala-sobre-negociacao-com-flamengo-mas-tenta-dispistar-sobre-saida-do-bragantino\/","og_site_name":"G\u00e1vea News","article_publisher":"https:\/\/facebook.com\/gaveaNews\/","article_published_time":"2024-02-28T13:10:19+00:00","article_modified_time":"2024-04-07T02:22:13+00:00","og_image":[{"width":1200,"height":800,"url":"https:\/\/www.gaveanews.com\/wp-content\/uploads\/Leo-Ortiz-edited.webp","type":"image\/webp"}],"author":"Leonardo Ant\u00f4nio","twitter_card":"summary_large_image","twitter_misc":{"Escrito por":"Leonardo Ant\u00f4nio","Est. tempo de leitura":"4 minutos"},"schema":{"@context":"https:\/\/schema.org","@graph":[{"@type":"NewsArticle","@id":"https:\/\/www.gaveanews.com\/index.php\/2024\/02\/28\/leo-ortiz-fala-sobre-negociacao-com-flamengo-mas-tenta-dispistar-sobre-saida-do-bragantino\/#article","isPartOf":{"@id":"https:\/\/www.gaveanews.com\/index.php\/2024\/02\/28\/leo-ortiz-fala-sobre-negociacao-com-flamengo-mas-tenta-dispistar-sobre-saida-do-bragantino\/"},"author":{"name":"Leonardo Ant\u00f4nio","@id":"https:\/\/www.gaveanews.com\/#\/schema\/person\/2d29802e96a726e735077717fb5c6f20"},"headline":"L\u00e9o Ortiz fala sobre negocia\u00e7\u00e3o com Flamengo, mas tenta dispistar sobre sa\u00edda do Bragantino","datePublished":"2024-02-28T13:10:19+00:00","dateModified":"2024-04-07T02:22:13+00:00","mainEntityOfPage":{"@id":"https:\/\/www.gaveanews.com\/index.php\/2024\/02\/28\/leo-ortiz-fala-sobre-negociacao-com-flamengo-mas-tenta-dispistar-sobre-saida-do-bragantino\/"},"wordCount":599,"commentCount":0,"image":{"@id":"https:\/\/www.gaveanews.com\/index.php\/2024\/02\/28\/leo-ortiz-fala-sobre-negociacao-com-flamengo-mas-tenta-dispistar-sobre-saida-do-bragantino\/#primaryimage"},"thumbnailUrl":"https:\/\/www.gaveanews.com\/wp-content\/uploads\/Leo-Ortiz-edited.webp","keywords":["Adenor Leonardo Bachi"],"articleSection":["Negocia\u00e7\u00f5es"],"inLanguage":"pt-BR","potentialAction":[{"@type":"CommentAction","name":"Comment","target":["https:\/\/www.gaveanews.com\/index.php\/2024\/02\/28\/leo-ortiz-fala-sobre-negociacao-com-flamengo-mas-tenta-dispistar-sobre-saida-do-bragantino\/#respond"]}],"copyrightYear":"2024","copyrightHolder":{"@id":"https:\/\/www.gaveanews.com\/#organization"}},{"@type":"WebPage","@id":"https:\/\/www.gaveanews.com\/index.php\/2024\/02\/28\/leo-ortiz-fala-sobre-negociacao-com-flamengo-mas-tenta-dispistar-sobre-saida-do-bragantino\/","url":"https:\/\/www.gaveanews.com\/index.php\/2024\/02\/28\/leo-ortiz-fala-sobre-negociacao-com-flamengo-mas-tenta-dispistar-sobre-saida-do-bragantino\/","name":"L\u00e9o Ortiz fala sobre negocia\u00e7\u00e3o com Flamengo, mas tenta dispistar sobre sa\u00edda do Bragantino","isPartOf":{"@id":"https:\/\/www.gaveanews.com\/#website"},"primaryImageOfPage":{"@id":"https:\/\/www.gaveanews.com\/index.php\/2024\/02\/28\/leo-ortiz-fala-sobre-negociacao-com-flamengo-mas-tenta-dispistar-sobre-saida-do-bragantino\/#primaryimage"},"image":{"@id":"https:\/\/www.gaveanews.com\/index.php\/2024\/02\/28\/leo-ortiz-fala-sobre-negociacao-com-flamengo-mas-tenta-dispistar-sobre-saida-do-bragantino\/#primaryimage"},"thumbnailUrl":"https:\/\/www.gaveanews.com\/wp-content\/uploads\/Leo-Ortiz-edited.webp","datePublished":"2024-02-28T13:10:19+00:00","dateModified":"2024-04-07T02:22:13+00:00","author":{"@id":"https:\/\/www.gaveanews.com\/#\/schema\/person\/2d29802e96a726e735077717fb5c6f20"},"breadcrumb":{"@id":"https:\/\/www.gaveanews.com\/index.php\/2024\/02\/28\/leo-ortiz-fala-sobre-negociacao-com-flamengo-mas-tenta-dispistar-sobre-saida-do-bragantino\/#breadcrumb"},"inLanguage":"pt-BR","potentialAction":[{"@type":"ReadAction","target":["https:\/\/www.gaveanews.com\/index.php\/2024\/02\/28\/leo-ortiz-fala-sobre-negociacao-com-flamengo-mas-tenta-dispistar-sobre-saida-do-bragantino\/"]}]},{"@type":"ImageObject","inLanguage":"pt-BR","@id":"https:\/\/www.gaveanews.com\/index.php\/2024\/02\/28\/leo-ortiz-fala-sobre-negociacao-com-flamengo-mas-tenta-dispistar-sobre-saida-do-bragantino\/#primaryimage","url":"https:\/\/www.gaveanews.com\/wp-content\/uploads\/Leo-Ortiz-edited.webp","contentUrl":"https:\/\/www.gaveanews.com\/wp-content\/uploads\/Leo-Ortiz-edited.webp","width":1200,"height":800,"caption":"L\u00e9o Ortiz com a camisa do Red Bull Bragantino (Marcello Zambrana\/AGIF)"},{"@type":"BreadcrumbList","@id":"https:\/\/www.gaveanews.com\/index.php\/2024\/02\/28\/leo-ortiz-fala-sobre-negociacao-com-flamengo-mas-tenta-dispistar-sobre-saida-do-bragantino\/#breadcrumb","itemListElement":[{"@type":"ListItem","position":1,"name":"Home","item":"https:\/\/www.gaveanews.com\/"},{"@type":"ListItem","position":2,"name":"L\u00e9o Ortiz fala sobre negocia\u00e7\u00e3o com Flamengo, mas tenta dispistar sobre sa\u00edda do Bragantino"}]},{"@type":"WebSite","@id":"https:\/\/www.gaveanews.com\/#website","url":"https:\/\/www.gaveanews.com\/","name":"G\u00e1vea News","description":"Veja todas as not\u00edcias sobre o Flamengo: Contrata\u00e7\u00f5es, categorias de base, resultados das partidas, tabela de classifica\u00e7\u00e3o, pr\u00f3ximos jogos!","potentialAction":[{"@type":"SearchAction","target":{"@type":"EntryPoint","urlTemplate":"https:\/\/www.gaveanews.com\/?s={search_term_string}"},"query-input":{"@type":"PropertyValueSpecification","valueRequired":true,"valueName":"search_term_string"}}],"inLanguage":"pt-BR"},{"@type":"Person","@id":"https:\/\/www.gaveanews.com\/#\/schema\/person\/2d29802e96a726e735077717fb5c6f20","name":"Leonardo Ant\u00f4nio","image":{"@type":"ImageObject","inLanguage":"pt-BR","@id":"https:\/\/www.gaveanews.com\/#\/schema\/person\/image\/","url":"https:\/\/secure.gravatar.com\/avatar\/b9ffc9ff64af5c915e7cb1824991ab1b4aa29b902a6a9a83be9d1c8ba449fce8?s=96&d=mm&r=g","contentUrl":"https:\/\/secure.gravatar.com\/avatar\/b9ffc9ff64af5c915e7cb1824991ab1b4aa29b902a6a9a83be9d1c8ba449fce8?s=96&d=mm&r=g","caption":"Leonardo Ant\u00f4nio"}}]}},"_links":{"self":[{"href":"https:\/\/www.gaveanews.com\/index.php\/wp-json\/wp\/v2\/posts\/129029","targetHints":{"allow":["GET"]}}],"collection":[{"href":"https:\/\/www.gaveanews.com\/index.php\/wp-json\/wp\/v2\/posts"}],"about":[{"href":"https:\/\/www.gaveanews.com\/index.php\/wp-json\/wp\/v2\/types\/post"}],"author":[{"embeddable":true,"href":"https:\/\/www.gaveanews.com\/index.php\/wp-json\/wp\/v2\/users\/6"}],"replies":[{"embeddable":true,"href":"https:\/\/www.gaveanews.com\/index.php\/wp-json\/wp\/v2\/comments?post=129029"}],"version-history":[{"count":1,"href":"https:\/\/www.gaveanews.com\/index.php\/wp-json\/wp\/v2\/posts\/129029\/revisions"}],"predecessor-version":[{"id":129031,"href":"https:\/\/www.gaveanews.com\/index.php\/wp-json\/wp\/v2\/posts\/129029\/revisions\/129031"}],"wp:featuredmedia":[{"embeddable":true,"href":"https:\/\/www.gaveanews.com\/index.php\/wp-json\/wp\/v2\/media\/122643"}],"wp:attachment":[{"href":"https:\/\/www.gaveanews.com\/index.php\/wp-json\/wp\/v2\/media?parent=129029"}],"wp:term":[{"taxonomy":"category","embeddable":true,"href":"https:\/\/www.gaveanews.com\/index.php\/wp-json\/wp\/v2\/categories?post=129029"},{"taxonomy":"post_tag","embeddable":true,"href":"https:\/\/www.gaveanews.com\/index.php\/wp-json\/wp\/v2\/tags?post=129029"}],"curies":[{"name":"wp","href":"https:\/\/api.w.org\/{rel}","templated":true}]}}