{"id":129058,"date":"2024-02-28T14:40:56","date_gmt":"2024-02-28T17:40:56","guid":{"rendered":"https:\/\/www.gaveanews.com\/?p=129058"},"modified":"2024-02-28T14:40:59","modified_gmt":"2024-02-28T17:40:59","slug":"flamengo-faz-homenagem-no-ninho-do-urubu-a-idolo-do-clube","status":"publish","type":"post","link":"https:\/\/www.gaveanews.com\/index.php\/2024\/02\/28\/flamengo-faz-homenagem-no-ninho-do-urubu-a-idolo-do-clube\/","title":{"rendered":"Flamengo faz homenagem no Ninho do Urubu a \u00eddolo do clube"},"content":{"rendered":"\n<p>Na \u00faltima semana, o Flamengo inaugurou uma nova \u00e1rea no CT Ninho do Urubu, marcando um momento significativo na hist\u00f3ria do clube. O espa\u00e7o, nomeado <em>\u201cRecovery Room Adenir Silva\u201d<\/em>, \u00e9 uma homenagem ao lend\u00e1rio massagista Adenir Silva, conhecido carinhosamente como Seu Denir, que faleceu em janeiro deste ano, aos 75 anos. Este novo setor \u00e9 dedicado \u00e0 recupera\u00e7\u00e3o f\u00edsica dos atletas e exibe orgulhosamente uma foto gigante do ex-funcion\u00e1rio, simbolizando seu legado e a estima que jogadores e funcion\u00e1rios nutriam por ele\u200b<a href=\"https:\/\/gazetadourubu.com\/noticia\/mais-do-que-justo-espaco-em-homenagem-a-seu-deni-e-criado-no-ninho-do-urubu\" target=\"_blank\" rel=\"noreferrer noopener\"><\/a>\u200b\u200b<a href=\"https:\/\/flamengorj.com.br\/noticia\/flamengo-inaugura-espaco-em-homenagem-a-seu-deni-no-ninho-do-urubu\/\" target=\"_blank\" rel=\"noreferrer noopener\"><\/a>\u200b.<\/p>\n\n\n\n<p>Seu Denir \u00e9 uma figura emblem\u00e1tica na hist\u00f3ria do Flamengo, tendo dedicado 42 anos de sua vida ao clube. Durante esse tempo, ele foi parte integral das maiores conquistas do time, incluindo duas Libertadores da Am\u00e9rica e um Mundial de Clubes. Sua batalha contra o c\u00e2ncer, diagnosticado em 2022, foi acompanhada de perto pela comunidade rubro-negra, que lhe prestou homenagens at\u00e9 o fim. O impacto de Seu Denir no clube \u00e9 ineg\u00e1vel, e sua hist\u00f3ria se entrela\u00e7a com a do pr\u00f3prio Flamengo\u200b<a href=\"https:\/\/gazetadourubu.com\/noticia\/mais-do-que-justo-espaco-em-homenagem-a-seu-deni-e-criado-no-ninho-do-urubu\" target=\"_blank\" rel=\"noreferrer noopener\"><\/a>\u200b\u200b<a href=\"https:\/\/flamengorj.com.br\/noticia\/flamengo-inaugura-espaco-em-homenagem-a-seu-deni-no-ninho-do-urubu\/\" target=\"_blank\" rel=\"noreferrer noopener\"><\/a>\u200b.<\/p>\n\n\n\n<blockquote class=\"instagram-media\" data-instgrm-captioned data-instgrm-permalink=\"https:\/\/www.instagram.com\/p\/C33c8LbxRSy\/?utm_source=ig_embed&amp;utm_campaign=loading\" data-instgrm-version=\"14\" style=\" background:#FFF; border:0; border-radius:3px; box-shadow:0 0 1px 0 rgba(0,0,0,0.5),0 1px 10px 0 rgba(0,0,0,0.15); margin: 1px; max-width:540px; min-width:326px; padding:0; width:99.375%; width:-webkit-calc(100% - 2px); width:calc(100% - 2px);\"><div style=\"padding:16px;\"> <a href=\"https:\/\/www.instagram.com\/p\/C33c8LbxRSy\/?utm_source=ig_embed&amp;utm_campaign=loading\" style=\" background:#FFFFFF; line-height:0; padding:0 0; text-align:center; text-decoration:none; width:100%;\" target=\"_blank\" rel=\"noopener\"> <div style=\" display: flex; flex-direction: row; align-items: center;\"> <div style=\"background-color: #F4F4F4; border-radius: 50%; flex-grow: 0; height: 40px; margin-right: 14px; width: 40px;\"><\/div> <div style=\"display: flex; flex-direction: column; flex-grow: 1; justify-content: center;\"> <div style=\" background-color: #F4F4F4; border-radius: 4px; flex-grow: 0; height: 14px; margin-bottom: 6px; width: 100px;\"><\/div> <div style=\" background-color: #F4F4F4; border-radius: 4px; flex-grow: 0; height: 14px; width: 60px;\"><\/div><\/div><\/div><div style=\"padding: 19% 0;\"><\/div> <div style=\"display:block; height:50px; margin:0 auto 12px; width:50px;\"><svg width=\"50px\" height=\"50px\" viewBox=\"0 0 60 60\" version=\"1.1\" xmlns=\"https:\/\/www.w3.org\/2000\/svg\" xmlns:xlink=\"https:\/\/www.w3.org\/1999\/xlink\"><g stroke=\"none\" stroke-width=\"1\" fill=\"none\" fill-rule=\"evenodd\"><g transform=\"translate(-511.000000, -20.000000)\" fill=\"#000000\"><g><path d=\"M556.869,30.41 C554.814,30.41 553.148,32.076 553.148,34.131 C553.148,36.186 554.814,37.852 556.869,37.852 C558.924,37.852 560.59,36.186 560.59,34.131 C560.59,32.076 558.924,30.41 556.869,30.41 M541,60.657 C535.114,60.657 530.342,55.887 530.342,50 C530.342,44.114 535.114,39.342 541,39.342 C546.887,39.342 551.658,44.114 551.658,50 C551.658,55.887 546.887,60.657 541,60.657 M541,33.886 C532.1,33.886 524.886,41.1 524.886,50 C524.886,58.899 532.1,66.113 541,66.113 C549.9,66.113 557.115,58.899 557.115,50 C557.115,41.1 549.9,33.886 541,33.886 M565.378,62.101 C565.244,65.022 564.756,66.606 564.346,67.663 C563.803,69.06 563.154,70.057 562.106,71.106 C561.058,72.155 560.06,72.803 558.662,73.347 C557.607,73.757 556.021,74.244 553.102,74.378 C549.944,74.521 548.997,74.552 541,74.552 C533.003,74.552 532.056,74.521 528.898,74.378 C525.979,74.244 524.393,73.757 523.338,73.347 C521.94,72.803 520.942,72.155 519.894,71.106 C518.846,70.057 518.197,69.06 517.654,67.663 C517.244,66.606 516.755,65.022 516.623,62.101 C516.479,58.943 516.448,57.996 516.448,50 C516.448,42.003 516.479,41.056 516.623,37.899 C516.755,34.978 517.244,33.391 517.654,32.338 C518.197,30.938 518.846,29.942 519.894,28.894 C520.942,27.846 521.94,27.196 523.338,26.654 C524.393,26.244 525.979,25.756 528.898,25.623 C532.057,25.479 533.004,25.448 541,25.448 C548.997,25.448 549.943,25.479 553.102,25.623 C556.021,25.756 557.607,26.244 558.662,26.654 C560.06,27.196 561.058,27.846 562.106,28.894 C563.154,29.942 563.803,30.938 564.346,32.338 C564.756,33.391 565.244,34.978 565.378,37.899 C565.522,41.056 565.552,42.003 565.552,50 C565.552,57.996 565.522,58.943 565.378,62.101 M570.82,37.631 C570.674,34.438 570.167,32.258 569.425,30.349 C568.659,28.377 567.633,26.702 565.965,25.035 C564.297,23.368 562.623,22.342 560.652,21.575 C558.743,20.834 556.562,20.326 553.369,20.18 C550.169,20.033 549.148,20 541,20 C532.853,20 531.831,20.033 528.631,20.18 C525.438,20.326 523.257,20.834 521.349,21.575 C519.376,22.342 517.703,23.368 516.035,25.035 C514.368,26.702 513.342,28.377 512.574,30.349 C511.834,32.258 511.326,34.438 511.181,37.631 C511.035,40.831 511,41.851 511,50 C511,58.147 511.035,59.17 511.181,62.369 C511.326,65.562 511.834,67.743 512.574,69.651 C513.342,71.625 514.368,73.296 516.035,74.965 C517.703,76.634 519.376,77.658 521.349,78.425 C523.257,79.167 525.438,79.673 528.631,79.82 C531.831,79.965 532.853,80.001 541,80.001 C549.148,80.001 550.169,79.965 553.369,79.82 C556.562,79.673 558.743,79.167 560.652,78.425 C562.623,77.658 564.297,76.634 565.965,74.965 C567.633,73.296 568.659,71.625 569.425,69.651 C570.167,67.743 570.674,65.562 570.82,62.369 C570.966,59.17 571,58.147 571,50 C571,41.851 570.966,40.831 570.82,37.631\"><\/path><\/g><\/g><\/g><\/svg><\/div><div style=\"padding-top: 8px;\"> <div style=\" color:#3897f0; font-family:Arial,sans-serif; font-size:14px; font-style:normal; font-weight:550; line-height:18px;\">Ver essa foto no Instagram<\/div><\/div><div style=\"padding: 12.5% 0;\"><\/div> <div style=\"display: flex; flex-direction: row; margin-bottom: 14px; align-items: center;\"><div> <div style=\"background-color: #F4F4F4; border-radius: 50%; height: 12.5px; width: 12.5px; transform: translateX(0px) translateY(7px);\"><\/div> <div style=\"background-color: #F4F4F4; height: 12.5px; transform: rotate(-45deg) translateX(3px) translateY(1px); width: 12.5px; flex-grow: 0; margin-right: 14px; margin-left: 2px;\"><\/div> <div style=\"background-color: #F4F4F4; border-radius: 50%; height: 12.5px; width: 12.5px; transform: translateX(9px) translateY(-18px);\"><\/div><\/div><div style=\"margin-left: 8px;\"> <div style=\" background-color: #F4F4F4; border-radius: 50%; flex-grow: 0; height: 20px; width: 20px;\"><\/div> <div style=\" width: 0; height: 0; border-top: 2px solid transparent; border-left: 6px solid #f4f4f4; border-bottom: 2px solid transparent; transform: translateX(16px) translateY(-4px) rotate(30deg)\"><\/div><\/div><div style=\"margin-left: auto;\"> <div style=\" width: 0px; border-top: 8px solid #F4F4F4; border-right: 8px solid transparent; transform: translateY(16px);\"><\/div> <div style=\" background-color: #F4F4F4; flex-grow: 0; height: 12px; width: 16px; transform: translateY(-4px);\"><\/div> <div style=\" width: 0; height: 0; border-top: 8px solid #F4F4F4; border-left: 8px solid transparent; transform: translateY(-4px) translateX(8px);\"><\/div><\/div><\/div> <div style=\"display: flex; flex-direction: column; flex-grow: 1; justify-content: center; margin-bottom: 24px;\"> <div style=\" background-color: #F4F4F4; border-radius: 4px; flex-grow: 0; height: 14px; margin-bottom: 6px; width: 224px;\"><\/div> <div style=\" background-color: #F4F4F4; border-radius: 4px; flex-grow: 0; height: 14px; width: 144px;\"><\/div><\/div><\/a><p style=\" color:#c9c8cd; font-family:Arial,sans-serif; font-size:14px; line-height:17px; margin-bottom:0; margin-top:8px; overflow:hidden; padding:8px 0 7px; text-align:center; text-overflow:ellipsis; white-space:nowrap;\"><a href=\"https:\/\/www.instagram.com\/p\/C33c8LbxRSy\/?utm_source=ig_embed&amp;utm_campaign=loading\" style=\" color:#c9c8cd; font-family:Arial,sans-serif; font-size:14px; font-style:normal; font-weight:normal; line-height:17px; text-decoration:none;\" target=\"_blank\" rel=\"noopener\">Uma publica\u00e7\u00e3o compartilhada por Flamengo (@flamengo)<\/a><\/p><\/div><\/blockquote> <script async src=\"\/\/www.instagram.com\/embed.js\"><\/script>\n\n\n\n<p>A homenagem estendeu-se al\u00e9m do CT, manifestando-se tamb\u00e9m durante a disputa da Copa S\u00e3o Paulo deste ano. Os jogadores entraram em campo com uma fita preta em sinal de luto, evidenciando o respeito e o carinho que todos tinham por ele. Este gesto simb\u00f3lico ressalta o qu\u00e3o querido Seu Denir era dentro e fora do campo, e como sua mem\u00f3ria \u00e9 preservada no cora\u00e7\u00e3o da comunidade rubro-negra\u200b<a href=\"https:\/\/gazetadourubu.com\/noticia\/mais-do-que-justo-espaco-em-homenagem-a-seu-deni-e-criado-no-ninho-do-urubu\" target=\"_blank\" rel=\"noreferrer noopener\"><\/a>\u200b.<\/p>\n\n\n\n<p>O novo espa\u00e7o de recupera\u00e7\u00e3o f\u00edsica n\u00e3o s\u00f3 serve como uma mem\u00f3ria viva de Seu Denir, mas tamb\u00e9m como um recurso vital para o bem-estar e a prepara\u00e7\u00e3o dos atletas. Dr. M\u00e1rcio Tannure, gerente de sa\u00fade e alto rendimento do Flamengo, expressou seu apre\u00e7o pela homenagem, destacando que <em>&#8220;Ficou linda essa homenagem para ele (Seu Deni). Acho que \u00e9 mais do que merecida. Estou no clube h\u00e1 22 anos e, portanto, trabalhei por 22 anos com o Deni e ele sempre teve a mesma postura. Sempre aquela alegria, o primeiro a chegar, sempre o \u00faltimo a sair, sempre disposto. A vida dele era esse clube. Existem personagens do futebol que marcaram \u00e9poca e o Deni \u00e9, certamente, um deles&#8221;<\/em>\u200b<a href=\"https:\/\/gazetadourubu.com\/noticia\/mais-do-que-justo-espaco-em-homenagem-a-seu-deni-e-criado-no-ninho-do-urubu\" target=\"_blank\" rel=\"noreferrer noopener\"><\/a>\u200b.<\/p>\n\n\n\n<p>A decis\u00e3o de nomear o espa\u00e7o de <em>\u201cRecovery Room Adenir Silva\u201d<\/em> reflete o reconhecimento e a valoriza\u00e7\u00e3o do Flamengo pelos servi\u00e7os prestados por Seu Denir. Sua dedica\u00e7\u00e3o ao clube ultrapassa o profissionalismo, abra\u00e7ando uma paix\u00e3o que o fez uma figura insubstitu\u00edvel na hist\u00f3ria rubro-negra. A iniciativa do clube em criar um espa\u00e7o que n\u00e3o apenas auxilia na recupera\u00e7\u00e3o f\u00edsica dos jogadores, mas tamb\u00e9m honra a mem\u00f3ria de um de seus membros mais queridos, \u00e9 um testemunho do esp\u00edrito de fam\u00edlia e comunidade que define o Flamengo\u200b<a href=\"https:\/\/gazetadourubu.com\/noticia\/mais-do-que-justo-espaco-em-homenagem-a-seu-deni-e-criado-no-ninho-do-urubu\" target=\"_blank\" rel=\"noreferrer noopener\"><\/a>\u200b\u200b<a href=\"https:\/\/flamengorj.com.br\/noticia\/flamengo-inaugura-espaco-em-homenagem-a-seu-deni-no-ninho-do-urubu\/\" target=\"_blank\" rel=\"noreferrer noopener\"><\/a>\u200b.<\/p>\n\n\n\n<p>Portanto, o <em>\u201cRecovery Room Adenir Silva\u201d<\/em> \u00e9 mais do que um espa\u00e7o f\u00edsico dentro do CT Ninho do Urubu; \u00e9 um s\u00edmbolo de gratid\u00e3o, mem\u00f3ria e respeito. Atrav\u00e9s desta homenagem, o legado de Seu Denir permanecer\u00e1 vivo, continuando a inspirar atuais e futuras gera\u00e7\u00f5es do Flamengo\u200b<a href=\"https:\/\/gazetadourubu.com\/noticia\/mais-do-que-justo-espaco-em-homenagem-a-seu-deni-e-criado-no-ninho-do-urubu\" target=\"_blank\" rel=\"noreferrer noopener\"><\/a>\u200b\u200b<a href=\"https:\/\/flamengorj.com.br\/noticia\/flamengo-inaugura-espaco-em-homenagem-a-seu-deni-no-ninho-do-urubu\/\" target=\"_blank\" rel=\"noreferrer noopener\"><\/a>\u200b.<\/p>\n\n\n\n<h2 class=\"wp-block-heading\" id=\"h-quando-vai-ser-o-proximo-jogo-do-flamengo\">Quando vai ser o pr\u00f3ximo jogo do Flamengo?<\/h2>\n\n\n\n<p>O Flamengo enfrentar\u00e1 o Madureira no pr\u00f3ximo s\u00e1bado (02), pela d\u00e9cima primeira rodada do Campeonato Carioca. A partida ocorrer\u00e1 no Maracan\u00e3, no Rio de Janeiro, com in\u00edcio \u00e0s 16h (hor\u00e1rio de Bras\u00edlia).. A partida ter\u00e1 transmiss\u00e3o da Band (TV aberta), Band Sports (TV fechada), Canal Goat (Youtube).<\/p>\n\n\n\n<p>Confira abaixo a agenda do Flamengo:<\/p>\n\n\n\n<p>04\/02 \u2013 Vasco 0 x 0 Flamengo<br>07\/02 \u2013 Flamengo 1 x 0 Botafogo<br>10\/02 \u2013 Flamengo 3 x 0 Volta Redonda<br>15\/02 \u2013 Bangu 0 x 3 Flamengo<br>20\/02 \u2013 Flamengo 4 x 0 Boavista<br>25\/02 \u2013 Flamengo 2 x 0 Fluminense<br>02\/03 \u2013 Flamengo x Madureira<\/p>\n","protected":false},"excerpt":{"rendered":"<p>Na \u00faltima semana, o Flamengo inaugurou uma nova \u00e1rea no CT Ninho do Urubu, marcando um momento significativo na hist\u00f3ria do clube. O espa\u00e7o, nomeado \u201cRecovery Room Adenir Silva\u201d, \u00e9 uma homenagem ao lend\u00e1rio massagista Adenir Silva, conhecido carinhosamente como Seu Denir, que faleceu em janeiro deste ano, aos 75 anos. Este novo setor \u00e9 [&hellip;]<\/p>\n","protected":false},"author":10,"featured_media":124518,"comment_status":"open","ping_status":"closed","sticky":false,"template":"","format":"standard","meta":{"footnotes":""},"categories":[1],"tags":[],"class_list":["post-129058","post","type-post","status-publish","format-standard","has-post-thumbnail","hentry","category-flamengo"],"yoast_head":"<!-- This site is optimized with the Yoast SEO Premium plugin v24.2 (Yoast SEO v26.9) - https:\/\/yoast.com\/product\/yoast-seo-premium-wordpress\/ -->\n<title>Flamengo faz homenagem no Ninho do Urubu a \u00eddolo do clube<\/title>\n<meta name=\"robots\" content=\"index, follow, max-snippet:-1, max-image-preview:large, max-video-preview:-1\" \/>\n<link rel=\"canonical\" href=\"https:\/\/www.gaveanews.com\/index.php\/2024\/02\/28\/flamengo-faz-homenagem-no-ninho-do-urubu-a-idolo-do-clube\/\" \/>\n<meta property=\"og:locale\" content=\"pt_BR\" \/>\n<meta property=\"og:type\" content=\"article\" \/>\n<meta property=\"og:title\" content=\"Flamengo faz homenagem no Ninho do Urubu a \u00eddolo do clube\" \/>\n<meta property=\"og:description\" content=\"Na \u00faltima semana, o Flamengo inaugurou uma nova \u00e1rea no CT Ninho do Urubu, marcando um momento significativo na hist\u00f3ria do clube. O espa\u00e7o, nomeado \u201cRecovery Room Adenir Silva\u201d, \u00e9 uma homenagem ao lend\u00e1rio massagista Adenir Silva, conhecido carinhosamente como Seu Denir, que faleceu em janeiro deste ano, aos 75 anos. Este novo setor \u00e9 [&hellip;]\" \/>\n<meta property=\"og:url\" content=\"https:\/\/www.gaveanews.com\/index.php\/2024\/02\/28\/flamengo-faz-homenagem-no-ninho-do-urubu-a-idolo-do-clube\/\" \/>\n<meta property=\"og:site_name\" content=\"G\u00e1vea News\" \/>\n<meta property=\"article:publisher\" content=\"https:\/\/facebook.com\/gaveaNews\/\" \/>\n<meta property=\"article:published_time\" content=\"2024-02-28T17:40:56+00:00\" \/>\n<meta property=\"article:modified_time\" content=\"2024-02-28T17:40:59+00:00\" \/>\n<meta property=\"og:image\" content=\"https:\/\/www.gaveanews.com\/wp-content\/uploads\/Centro-de-Treinamento-Ninho-do-Urubu.webp\" \/>\n\t<meta property=\"og:image:width\" content=\"1200\" \/>\n\t<meta property=\"og:image:height\" content=\"799\" \/>\n\t<meta property=\"og:image:type\" content=\"image\/jpeg\" \/>\n<meta name=\"author\" content=\"Kayo Silva\" \/>\n<meta name=\"twitter:card\" content=\"summary_large_image\" \/>\n<meta name=\"twitter:label1\" content=\"Escrito por\" \/>\n\t<meta name=\"twitter:data1\" content=\"Kayo Silva\" \/>\n\t<meta name=\"twitter:label2\" content=\"Est. tempo de leitura\" \/>\n\t<meta name=\"twitter:data2\" content=\"4 minutos\" \/>\n<script type=\"application\/ld+json\" class=\"yoast-schema-graph\">{\"@context\":\"https:\/\/schema.org\",\"@graph\":[{\"@type\":\"NewsArticle\",\"@id\":\"https:\/\/www.gaveanews.com\/index.php\/2024\/02\/28\/flamengo-faz-homenagem-no-ninho-do-urubu-a-idolo-do-clube\/#article\",\"isPartOf\":{\"@id\":\"https:\/\/www.gaveanews.com\/index.php\/2024\/02\/28\/flamengo-faz-homenagem-no-ninho-do-urubu-a-idolo-do-clube\/\"},\"author\":{\"name\":\"Kayo Silva\",\"@id\":\"https:\/\/www.gaveanews.com\/#\/schema\/person\/51b3ba6a493cf9e7af9ce2c6d0d4ff1c\"},\"headline\":\"Flamengo faz homenagem no Ninho do Urubu a \u00eddolo do clube\",\"datePublished\":\"2024-02-28T17:40:56+00:00\",\"dateModified\":\"2024-02-28T17:40:59+00:00\",\"mainEntityOfPage\":{\"@id\":\"https:\/\/www.gaveanews.com\/index.php\/2024\/02\/28\/flamengo-faz-homenagem-no-ninho-do-urubu-a-idolo-do-clube\/\"},\"wordCount\":635,\"commentCount\":0,\"image\":{\"@id\":\"https:\/\/www.gaveanews.com\/index.php\/2024\/02\/28\/flamengo-faz-homenagem-no-ninho-do-urubu-a-idolo-do-clube\/#primaryimage\"},\"thumbnailUrl\":\"https:\/\/www.gaveanews.com\/wp-content\/uploads\/Centro-de-Treinamento-Ninho-do-Urubu.webp\",\"articleSection\":[\"Flamengo\"],\"inLanguage\":\"pt-BR\",\"potentialAction\":[{\"@type\":\"CommentAction\",\"name\":\"Comment\",\"target\":[\"https:\/\/www.gaveanews.com\/index.php\/2024\/02\/28\/flamengo-faz-homenagem-no-ninho-do-urubu-a-idolo-do-clube\/#respond\"]}],\"copyrightYear\":\"2024\",\"copyrightHolder\":{\"@id\":\"https:\/\/www.gaveanews.com\/#organization\"}},{\"@type\":\"WebPage\",\"@id\":\"https:\/\/www.gaveanews.com\/index.php\/2024\/02\/28\/flamengo-faz-homenagem-no-ninho-do-urubu-a-idolo-do-clube\/\",\"url\":\"https:\/\/www.gaveanews.com\/index.php\/2024\/02\/28\/flamengo-faz-homenagem-no-ninho-do-urubu-a-idolo-do-clube\/\",\"name\":\"Flamengo faz homenagem no Ninho do Urubu a \u00eddolo do clube\",\"isPartOf\":{\"@id\":\"https:\/\/www.gaveanews.com\/#website\"},\"primaryImageOfPage\":{\"@id\":\"https:\/\/www.gaveanews.com\/index.php\/2024\/02\/28\/flamengo-faz-homenagem-no-ninho-do-urubu-a-idolo-do-clube\/#primaryimage\"},\"image\":{\"@id\":\"https:\/\/www.gaveanews.com\/index.php\/2024\/02\/28\/flamengo-faz-homenagem-no-ninho-do-urubu-a-idolo-do-clube\/#primaryimage\"},\"thumbnailUrl\":\"https:\/\/www.gaveanews.com\/wp-content\/uploads\/Centro-de-Treinamento-Ninho-do-Urubu.webp\",\"datePublished\":\"2024-02-28T17:40:56+00:00\",\"dateModified\":\"2024-02-28T17:40:59+00:00\",\"author\":{\"@id\":\"https:\/\/www.gaveanews.com\/#\/schema\/person\/51b3ba6a493cf9e7af9ce2c6d0d4ff1c\"},\"breadcrumb\":{\"@id\":\"https:\/\/www.gaveanews.com\/index.php\/2024\/02\/28\/flamengo-faz-homenagem-no-ninho-do-urubu-a-idolo-do-clube\/#breadcrumb\"},\"inLanguage\":\"pt-BR\",\"potentialAction\":[{\"@type\":\"ReadAction\",\"target\":[\"https:\/\/www.gaveanews.com\/index.php\/2024\/02\/28\/flamengo-faz-homenagem-no-ninho-do-urubu-a-idolo-do-clube\/\"]}]},{\"@type\":\"ImageObject\",\"inLanguage\":\"pt-BR\",\"@id\":\"https:\/\/www.gaveanews.com\/index.php\/2024\/02\/28\/flamengo-faz-homenagem-no-ninho-do-urubu-a-idolo-do-clube\/#primaryimage\",\"url\":\"https:\/\/www.gaveanews.com\/wp-content\/uploads\/Centro-de-Treinamento-Ninho-do-Urubu.webp\",\"contentUrl\":\"https:\/\/www.gaveanews.com\/wp-content\/uploads\/Centro-de-Treinamento-Ninho-do-Urubu.webp\",\"width\":1200,\"height\":799,\"caption\":\"Centro de Treinamento Ninho do Urubu - Foto: divulga\u00e7\u00e3o\"},{\"@type\":\"BreadcrumbList\",\"@id\":\"https:\/\/www.gaveanews.com\/index.php\/2024\/02\/28\/flamengo-faz-homenagem-no-ninho-do-urubu-a-idolo-do-clube\/#breadcrumb\",\"itemListElement\":[{\"@type\":\"ListItem\",\"position\":1,\"name\":\"Home\",\"item\":\"https:\/\/www.gaveanews.com\/\"},{\"@type\":\"ListItem\",\"position\":2,\"name\":\"Flamengo faz homenagem no Ninho do Urubu a \u00eddolo do clube\"}]},{\"@type\":\"WebSite\",\"@id\":\"https:\/\/www.gaveanews.com\/#website\",\"url\":\"https:\/\/www.gaveanews.com\/\",\"name\":\"G\u00e1vea News\",\"description\":\"Veja todas as not\u00edcias sobre o Flamengo: Contrata\u00e7\u00f5es, categorias de base, resultados das partidas, tabela de classifica\u00e7\u00e3o, pr\u00f3ximos jogos!\",\"potentialAction\":[{\"@type\":\"SearchAction\",\"target\":{\"@type\":\"EntryPoint\",\"urlTemplate\":\"https:\/\/www.gaveanews.com\/?s={search_term_string}\"},\"query-input\":{\"@type\":\"PropertyValueSpecification\",\"valueRequired\":true,\"valueName\":\"search_term_string\"}}],\"inLanguage\":\"pt-BR\"},{\"@type\":\"Person\",\"@id\":\"https:\/\/www.gaveanews.com\/#\/schema\/person\/51b3ba6a493cf9e7af9ce2c6d0d4ff1c\",\"name\":\"Kayo Silva\",\"image\":{\"@type\":\"ImageObject\",\"inLanguage\":\"pt-BR\",\"@id\":\"https:\/\/www.gaveanews.com\/#\/schema\/person\/image\/\",\"url\":\"https:\/\/secure.gravatar.com\/avatar\/af6d65cafc646a65c39c5fcb2a1ef51b863a81461770cfff553ec2fdd931c68c?s=96&d=mm&r=g\",\"contentUrl\":\"https:\/\/secure.gravatar.com\/avatar\/af6d65cafc646a65c39c5fcb2a1ef51b863a81461770cfff553ec2fdd931c68c?s=96&d=mm&r=g\",\"caption\":\"Kayo Silva\"}}]}<\/script>\n<!-- \/ Yoast SEO Premium plugin. -->","yoast_head_json":{"title":"Flamengo faz homenagem no Ninho do Urubu a \u00eddolo do clube","robots":{"index":"index","follow":"follow","max-snippet":"max-snippet:-1","max-image-preview":"max-image-preview:large","max-video-preview":"max-video-preview:-1"},"canonical":"https:\/\/www.gaveanews.com\/index.php\/2024\/02\/28\/flamengo-faz-homenagem-no-ninho-do-urubu-a-idolo-do-clube\/","og_locale":"pt_BR","og_type":"article","og_title":"Flamengo faz homenagem no Ninho do Urubu a \u00eddolo do clube","og_description":"Na \u00faltima semana, o Flamengo inaugurou uma nova \u00e1rea no CT Ninho do Urubu, marcando um momento significativo na hist\u00f3ria do clube. O espa\u00e7o, nomeado \u201cRecovery Room Adenir Silva\u201d, \u00e9 uma homenagem ao lend\u00e1rio massagista Adenir Silva, conhecido carinhosamente como Seu Denir, que faleceu em janeiro deste ano, aos 75 anos. Este novo setor \u00e9 [&hellip;]","og_url":"https:\/\/www.gaveanews.com\/index.php\/2024\/02\/28\/flamengo-faz-homenagem-no-ninho-do-urubu-a-idolo-do-clube\/","og_site_name":"G\u00e1vea News","article_publisher":"https:\/\/facebook.com\/gaveaNews\/","article_published_time":"2024-02-28T17:40:56+00:00","article_modified_time":"2024-02-28T17:40:59+00:00","og_image":[{"width":1200,"height":799,"url":"https:\/\/www.gaveanews.com\/wp-content\/uploads\/Centro-de-Treinamento-Ninho-do-Urubu.webp","type":"image\/jpeg"}],"author":"Kayo Silva","twitter_card":"summary_large_image","twitter_misc":{"Escrito por":"Kayo Silva","Est. tempo de leitura":"4 minutos"},"schema":{"@context":"https:\/\/schema.org","@graph":[{"@type":"NewsArticle","@id":"https:\/\/www.gaveanews.com\/index.php\/2024\/02\/28\/flamengo-faz-homenagem-no-ninho-do-urubu-a-idolo-do-clube\/#article","isPartOf":{"@id":"https:\/\/www.gaveanews.com\/index.php\/2024\/02\/28\/flamengo-faz-homenagem-no-ninho-do-urubu-a-idolo-do-clube\/"},"author":{"name":"Kayo Silva","@id":"https:\/\/www.gaveanews.com\/#\/schema\/person\/51b3ba6a493cf9e7af9ce2c6d0d4ff1c"},"headline":"Flamengo faz homenagem no Ninho do Urubu a \u00eddolo do clube","datePublished":"2024-02-28T17:40:56+00:00","dateModified":"2024-02-28T17:40:59+00:00","mainEntityOfPage":{"@id":"https:\/\/www.gaveanews.com\/index.php\/2024\/02\/28\/flamengo-faz-homenagem-no-ninho-do-urubu-a-idolo-do-clube\/"},"wordCount":635,"commentCount":0,"image":{"@id":"https:\/\/www.gaveanews.com\/index.php\/2024\/02\/28\/flamengo-faz-homenagem-no-ninho-do-urubu-a-idolo-do-clube\/#primaryimage"},"thumbnailUrl":"https:\/\/www.gaveanews.com\/wp-content\/uploads\/Centro-de-Treinamento-Ninho-do-Urubu.webp","articleSection":["Flamengo"],"inLanguage":"pt-BR","potentialAction":[{"@type":"CommentAction","name":"Comment","target":["https:\/\/www.gaveanews.com\/index.php\/2024\/02\/28\/flamengo-faz-homenagem-no-ninho-do-urubu-a-idolo-do-clube\/#respond"]}],"copyrightYear":"2024","copyrightHolder":{"@id":"https:\/\/www.gaveanews.com\/#organization"}},{"@type":"WebPage","@id":"https:\/\/www.gaveanews.com\/index.php\/2024\/02\/28\/flamengo-faz-homenagem-no-ninho-do-urubu-a-idolo-do-clube\/","url":"https:\/\/www.gaveanews.com\/index.php\/2024\/02\/28\/flamengo-faz-homenagem-no-ninho-do-urubu-a-idolo-do-clube\/","name":"Flamengo faz homenagem no Ninho do Urubu a \u00eddolo do clube","isPartOf":{"@id":"https:\/\/www.gaveanews.com\/#website"},"primaryImageOfPage":{"@id":"https:\/\/www.gaveanews.com\/index.php\/2024\/02\/28\/flamengo-faz-homenagem-no-ninho-do-urubu-a-idolo-do-clube\/#primaryimage"},"image":{"@id":"https:\/\/www.gaveanews.com\/index.php\/2024\/02\/28\/flamengo-faz-homenagem-no-ninho-do-urubu-a-idolo-do-clube\/#primaryimage"},"thumbnailUrl":"https:\/\/www.gaveanews.com\/wp-content\/uploads\/Centro-de-Treinamento-Ninho-do-Urubu.webp","datePublished":"2024-02-28T17:40:56+00:00","dateModified":"2024-02-28T17:40:59+00:00","author":{"@id":"https:\/\/www.gaveanews.com\/#\/schema\/person\/51b3ba6a493cf9e7af9ce2c6d0d4ff1c"},"breadcrumb":{"@id":"https:\/\/www.gaveanews.com\/index.php\/2024\/02\/28\/flamengo-faz-homenagem-no-ninho-do-urubu-a-idolo-do-clube\/#breadcrumb"},"inLanguage":"pt-BR","potentialAction":[{"@type":"ReadAction","target":["https:\/\/www.gaveanews.com\/index.php\/2024\/02\/28\/flamengo-faz-homenagem-no-ninho-do-urubu-a-idolo-do-clube\/"]}]},{"@type":"ImageObject","inLanguage":"pt-BR","@id":"https:\/\/www.gaveanews.com\/index.php\/2024\/02\/28\/flamengo-faz-homenagem-no-ninho-do-urubu-a-idolo-do-clube\/#primaryimage","url":"https:\/\/www.gaveanews.com\/wp-content\/uploads\/Centro-de-Treinamento-Ninho-do-Urubu.webp","contentUrl":"https:\/\/www.gaveanews.com\/wp-content\/uploads\/Centro-de-Treinamento-Ninho-do-Urubu.webp","width":1200,"height":799,"caption":"Centro de Treinamento Ninho do Urubu - Foto: divulga\u00e7\u00e3o"},{"@type":"BreadcrumbList","@id":"https:\/\/www.gaveanews.com\/index.php\/2024\/02\/28\/flamengo-faz-homenagem-no-ninho-do-urubu-a-idolo-do-clube\/#breadcrumb","itemListElement":[{"@type":"ListItem","position":1,"name":"Home","item":"https:\/\/www.gaveanews.com\/"},{"@type":"ListItem","position":2,"name":"Flamengo faz homenagem no Ninho do Urubu a \u00eddolo do clube"}]},{"@type":"WebSite","@id":"https:\/\/www.gaveanews.com\/#website","url":"https:\/\/www.gaveanews.com\/","name":"G\u00e1vea News","description":"Veja todas as not\u00edcias sobre o Flamengo: Contrata\u00e7\u00f5es, categorias de base, resultados das partidas, tabela de classifica\u00e7\u00e3o, pr\u00f3ximos jogos!","potentialAction":[{"@type":"SearchAction","target":{"@type":"EntryPoint","urlTemplate":"https:\/\/www.gaveanews.com\/?s={search_term_string}"},"query-input":{"@type":"PropertyValueSpecification","valueRequired":true,"valueName":"search_term_string"}}],"inLanguage":"pt-BR"},{"@type":"Person","@id":"https:\/\/www.gaveanews.com\/#\/schema\/person\/51b3ba6a493cf9e7af9ce2c6d0d4ff1c","name":"Kayo Silva","image":{"@type":"ImageObject","inLanguage":"pt-BR","@id":"https:\/\/www.gaveanews.com\/#\/schema\/person\/image\/","url":"https:\/\/secure.gravatar.com\/avatar\/af6d65cafc646a65c39c5fcb2a1ef51b863a81461770cfff553ec2fdd931c68c?s=96&d=mm&r=g","contentUrl":"https:\/\/secure.gravatar.com\/avatar\/af6d65cafc646a65c39c5fcb2a1ef51b863a81461770cfff553ec2fdd931c68c?s=96&d=mm&r=g","caption":"Kayo Silva"}}]}},"_links":{"self":[{"href":"https:\/\/www.gaveanews.com\/index.php\/wp-json\/wp\/v2\/posts\/129058","targetHints":{"allow":["GET"]}}],"collection":[{"href":"https:\/\/www.gaveanews.com\/index.php\/wp-json\/wp\/v2\/posts"}],"about":[{"href":"https:\/\/www.gaveanews.com\/index.php\/wp-json\/wp\/v2\/types\/post"}],"author":[{"embeddable":true,"href":"https:\/\/www.gaveanews.com\/index.php\/wp-json\/wp\/v2\/users\/10"}],"replies":[{"embeddable":true,"href":"https:\/\/www.gaveanews.com\/index.php\/wp-json\/wp\/v2\/comments?post=129058"}],"version-history":[{"count":3,"href":"https:\/\/www.gaveanews.com\/index.php\/wp-json\/wp\/v2\/posts\/129058\/revisions"}],"predecessor-version":[{"id":129075,"href":"https:\/\/www.gaveanews.com\/index.php\/wp-json\/wp\/v2\/posts\/129058\/revisions\/129075"}],"wp:featuredmedia":[{"embeddable":true,"href":"https:\/\/www.gaveanews.com\/index.php\/wp-json\/wp\/v2\/media\/124518"}],"wp:attachment":[{"href":"https:\/\/www.gaveanews.com\/index.php\/wp-json\/wp\/v2\/media?parent=129058"}],"wp:term":[{"taxonomy":"category","embeddable":true,"href":"https:\/\/www.gaveanews.com\/index.php\/wp-json\/wp\/v2\/categories?post=129058"},{"taxonomy":"post_tag","embeddable":true,"href":"https:\/\/www.gaveanews.com\/index.php\/wp-json\/wp\/v2\/tags?post=129058"}],"curies":[{"name":"wp","href":"https:\/\/api.w.org\/{rel}","templated":true}]}}