{"id":129063,"date":"2024-02-28T13:55:48","date_gmt":"2024-02-28T16:55:48","guid":{"rendered":"https:\/\/www.gaveanews.com\/?p=129063"},"modified":"2024-04-07T09:08:33","modified_gmt":"2024-04-07T12:08:33","slug":"jorge-jesus-fala-sobre-o-flamengo-gabigol-e-alvo-de-clube-europeu-e-leo-pereira-e-cobrado-pela-torcida-veja-as-ultimas-noticias-do-flamengo","status":"publish","type":"post","link":"https:\/\/www.gaveanews.com\/index.php\/2024\/02\/28\/jorge-jesus-fala-sobre-o-flamengo-gabigol-e-alvo-de-clube-europeu-e-leo-pereira-e-cobrado-pela-torcida-veja-as-ultimas-noticias-do-flamengo\/","title":{"rendered":"Jorge Jesus fala sobre o Flamengo, Gabigol \u00e9 alvo de clube europeu e L\u00e9o Pereira \u00e9 cobrado pela torcida: veja as \u00faltimas not\u00edcias do Flamengo"},"content":{"rendered":"\n<p>Nas \u00faltimas horas, o foco das not\u00edcias sobre o Flamengo se concentra nos bastidores do clube, com destaques como as declara\u00e7\u00f5es de Jorge Jesus sobre o Flamengo e a cobran\u00e7a da torcida em rela\u00e7\u00e3o a L\u00e9o Pereira.<\/p>\n\n\n\n<p>Por conta deste contexto, leia abaixo um resumo preparado pela equipe do portal G\u00e1vea News para lhe manter muito bem informado!<\/p>\n\n\n\n<h2 class=\"wp-block-heading\" id=\"h-gabigol-e-alvo-de-clube-europeu\">Gabigol \u00e9 alvo de clube europeu<\/h2>\n\n\n\n<figure class=\"wp-block-image size-full\"><img loading=\"lazy\" decoding=\"async\" width=\"799\" height=\"533\" src=\"https:\/\/www.gaveanews.com\/wp-content\/uploads\/Gabigol-em-jogo-do-Flamengo-contra-o-Athletico-PR-pelo-Brasileirao.webp\" alt=\"\" class=\"wp-image-85936\" srcset=\"https:\/\/www.gaveanews.com\/wp-content\/uploads\/Gabigol-em-jogo-do-Flamengo-contra-o-Athletico-PR-pelo-Brasileirao.webp 799w, https:\/\/www.gaveanews.com\/wp-content\/uploads\/Gabigol-em-jogo-do-Flamengo-contra-o-Athletico-PR-pelo-Brasileirao-300x200.webp 300w, https:\/\/www.gaveanews.com\/wp-content\/uploads\/Gabigol-em-jogo-do-Flamengo-contra-o-Athletico-PR-pelo-Brasileirao-768x512.webp 768w, https:\/\/www.gaveanews.com\/wp-content\/uploads\/Gabigol-em-jogo-do-Flamengo-contra-o-Athletico-PR-pelo-Brasileirao-630x420.webp 630w, https:\/\/www.gaveanews.com\/wp-content\/uploads\/Gabigol-em-jogo-do-Flamengo-contra-o-Athletico-PR-pelo-Brasileirao-640x427.webp 640w, https:\/\/www.gaveanews.com\/wp-content\/uploads\/Gabigol-em-jogo-do-Flamengo-contra-o-Athletico-PR-pelo-Brasileirao-681x454.webp 681w, https:\/\/www.gaveanews.com\/wp-content\/uploads\/Gabigol-em-jogo-do-Flamengo-contra-o-Athletico-PR-pelo-Brasileirao-100x67.webp 100w\" sizes=\"auto, (max-width: 799px) 100vw, 799px\" \/><figcaption class=\"wp-element-caption\">Gabigol em jogo do Flamengo contra o Athletico-PR pelo Brasileir\u00e3o (Foto: Gilvan de Souza\/Flamengo)<\/figcaption><\/figure>\n\n\n\n<p>Gabigol, atacante do Flamengo, est\u00e1 no centro das discuss\u00f5es de transfer\u00eancia com seu contrato prestes a expirar no fim do ano. O Real Betis, um dos clubes da elite do futebol espanhol, mostrou interesse nele, segundo informa\u00e7\u00f5es do site Mercado da Bola. Isso poderia significar uma nova jornada para Gabigol na Europa, considerando que ele j\u00e1 teve uma passagem anterior pelo futebol europeu, incluindo equipes como Inter de Mil\u00e3o e Benfica, embora sem grande sucesso. No entanto, seu desempenho not\u00e1vel no Flamengo fez reacender o interesse de clubes europeus, especialmente do Real Betis, que v\u00ea o jogador brasileiro como um refor\u00e7o potencial para seu ataque.<\/p>\n\n\n\n<p>Uma poss\u00edvel transfer\u00eancia de Gabigol para o Real Betis n\u00e3o apenas marcaria seu retorno ao futebol europeu mas tamb\u00e9m apresentaria uma oportunidade de se destacar em um dos campeonatos mais competitivos. Para o Flamengo, essa movimenta\u00e7\u00e3o poderia ser financeiramente vantajosa, prevenindo a perda gratuita do jogador ao final de seu contrato. O interesse do Betis surge em um contexto onde n\u00e3o parece haver progresso na renova\u00e7\u00e3o de contrato de Gabigol com o Flamengo, embora a conex\u00e3o do jogador com a torcida do clube carioca possa influenciar sua decis\u00e3o.<\/p>\n\n\n\n<p>A rela\u00e7\u00e3o de Gabigol com a torcida do Flamengo e seu potencial retorno ao futebol europeu s\u00e3o pontos cruciais nesta situa\u00e7\u00e3o. O Real Betis, conhecido por acolher jogadores brasileiros, poderia oferecer um ambiente prop\u00edcio para Gabigol, cujas caracter\u00edsticas de jogo podem se alinhar bem com o estilo da La Liga. Enquanto a decis\u00e3o final envolve m\u00faltiplos fatores, incluindo negocia\u00e7\u00f5es entre os clubes e as aspira\u00e7\u00f5es pessoais do jogador, o futuro de Gabigol permanece um t\u00f3pico quente no mundo do futebol, com grande expectativa sobre seu pr\u00f3ximo passo na carreira.<\/p>\n\n\n\n<h2 class=\"wp-block-heading\" id=\"h-jorge-jesus-fala-sobre-o-flamengo\">Jorge Jesus fala sobre o Flamengo<\/h2>\n\n\n\n<figure class=\"wp-block-image size-full\"><img loading=\"lazy\" decoding=\"async\" width=\"900\" height=\"600\" src=\"https:\/\/www.gaveanews.com\/wp-content\/uploads\/Treinador-Jorge-Jesus-durante-uma-partida-do-Flamengo.webp\" alt=\"\" class=\"wp-image-28884\" srcset=\"https:\/\/www.gaveanews.com\/wp-content\/uploads\/Treinador-Jorge-Jesus-durante-uma-partida-do-Flamengo.webp 900w, https:\/\/www.gaveanews.com\/wp-content\/uploads\/Treinador-Jorge-Jesus-durante-uma-partida-do-Flamengo-300x200.webp 300w, https:\/\/www.gaveanews.com\/wp-content\/uploads\/Treinador-Jorge-Jesus-durante-uma-partida-do-Flamengo-768x512.webp 768w, https:\/\/www.gaveanews.com\/wp-content\/uploads\/Treinador-Jorge-Jesus-durante-uma-partida-do-Flamengo-630x420.webp 630w, https:\/\/www.gaveanews.com\/wp-content\/uploads\/Treinador-Jorge-Jesus-durante-uma-partida-do-Flamengo-640x427.webp 640w, https:\/\/www.gaveanews.com\/wp-content\/uploads\/Treinador-Jorge-Jesus-durante-uma-partida-do-Flamengo-681x454.webp 681w, https:\/\/www.gaveanews.com\/wp-content\/uploads\/Treinador-Jorge-Jesus-durante-uma-partida-do-Flamengo-100x67.webp 100w\" sizes=\"auto, (max-width: 900px) 100vw, 900px\" \/><figcaption class=\"wp-element-caption\">Treinador Jorge Jesus durante uma partida do Flamengo (Foto: Alexandre Vidal\/Flamengo)<\/figcaption><\/figure>\n\n\n\n<p>O Al Hilal, sob a lideran\u00e7a do t\u00e9cnico portugu\u00eas Jorge Jesus, vem se destacando no futebol mundial com uma sequ\u00eancia de 24 vit\u00f3rias consecutivas, um feito que n\u00e3o s\u00f3 consolida a equipe como uma pot\u00eancia no Campeonato Saudita, mas tamb\u00e9m a coloca em destaque no cen\u00e1rio global do futebol. Jorge Jesus, anteriormente celebrado por seu sucesso com o Flamengo no Brasil, aplicou sua experi\u00eancia e metodologia no Oriente M\u00e9dio, alcan\u00e7ando resultados excepcionais. Ele recentemente expressou sua vis\u00e3o sobre o potencial do futebol na regi\u00e3o, contrastando-o com a situa\u00e7\u00e3o europeia, que considera confusa e politicamente desorganizada.<\/p>\n\n\n\n<p>Jorge Jesus destacou a superioridade da infraestrutura esportiva na Ar\u00e1bia Saudita em compara\u00e7\u00e3o com o Brasil, elogiando as condi\u00e7\u00f5es dos est\u00e1dios e a qualidade dos campos, compar\u00e1veis a campos de golfe, apesar das altas temperaturas locais. Al\u00e9m disso, ressaltou Riade como uma cidade em crescimento e um excelente local para o desenvolvimento do futebol. Essas observa\u00e7\u00f5es refor\u00e7am a sua cren\u00e7a no futebol asi\u00e1tico como um campo f\u00e9rtil para o sucesso esportivo e desenvolvimento infraestrutural.<\/p>\n\n\n\n<p>O sucesso do Al Hilal sob o comando de Jesus n\u00e3o \u00e9 apenas um testemunho de sua capacidade t\u00e1tica, mas tamb\u00e9m da dedica\u00e7\u00e3o e habilidade dos jogadores. O t\u00e9cnico enfatizou sua motiva\u00e7\u00e3o em trabalhar com equipes que aspiram a conquistar t\u00edtulos, mencionando sua ambi\u00e7\u00e3o de competir em campeonatos de alto n\u00edvel, como o Mundial de Clubes, algo que encontrou tanto no Flamengo quanto agora no Al Hilal. Esse per\u00edodo de sucesso n\u00e3o apenas reafirma a posi\u00e7\u00e3o de Jorge Jesus como um treinador de elite, mas tamb\u00e9m destaca o crescente impacto do futebol do Oriente M\u00e9dio no cen\u00e1rio mundial.<\/p>\n\n\n\n<h2 class=\"wp-block-heading\" id=\"h-leo-pereira-e-cobrado-pela-torcida\">L\u00e9o Pereira \u00e9 cobrado pela torcida<\/h2>\n\n\n\n<figure class=\"wp-block-image size-full\"><img loading=\"lazy\" decoding=\"async\" width=\"799\" height=\"533\" src=\"https:\/\/www.gaveanews.com\/wp-content\/uploads\/Leo-Pereira-em-acao-pelo-Flamengo-contra-o-Botafogo-na-Taca-Guanabara-em-2022.webp\" alt=\"\" class=\"wp-image-77323\" srcset=\"https:\/\/www.gaveanews.com\/wp-content\/uploads\/Leo-Pereira-em-acao-pelo-Flamengo-contra-o-Botafogo-na-Taca-Guanabara-em-2022.webp 799w, https:\/\/www.gaveanews.com\/wp-content\/uploads\/Leo-Pereira-em-acao-pelo-Flamengo-contra-o-Botafogo-na-Taca-Guanabara-em-2022-300x200.webp 300w, https:\/\/www.gaveanews.com\/wp-content\/uploads\/Leo-Pereira-em-acao-pelo-Flamengo-contra-o-Botafogo-na-Taca-Guanabara-em-2022-768x512.webp 768w, https:\/\/www.gaveanews.com\/wp-content\/uploads\/Leo-Pereira-em-acao-pelo-Flamengo-contra-o-Botafogo-na-Taca-Guanabara-em-2022-630x420.webp 630w, https:\/\/www.gaveanews.com\/wp-content\/uploads\/Leo-Pereira-em-acao-pelo-Flamengo-contra-o-Botafogo-na-Taca-Guanabara-em-2022-640x427.webp 640w, https:\/\/www.gaveanews.com\/wp-content\/uploads\/Leo-Pereira-em-acao-pelo-Flamengo-contra-o-Botafogo-na-Taca-Guanabara-em-2022-681x454.webp 681w, https:\/\/www.gaveanews.com\/wp-content\/uploads\/Leo-Pereira-em-acao-pelo-Flamengo-contra-o-Botafogo-na-Taca-Guanabara-em-2022-100x67.webp 100w\" sizes=\"auto, (max-width: 799px) 100vw, 799px\" \/><figcaption class=\"wp-element-caption\">L\u00e9o Pereira em a\u00e7\u00e3o pelo Flamengo contra o Botafogo na Ta\u00e7a Guanabara em 2022 (Foto: Gilvan de Souza\/Flamengo)<\/figcaption><\/figure>\n\n\n\n<p>No \u00faltimo domingo, o Flamengo garantiu uma vit\u00f3ria crucial de 2 a 0 sobre o Fluminense no Campeonato Carioca, realizada no Maracan\u00e3, aproximando-se do t\u00edtulo da Ta\u00e7a Guanabara. Esta vit\u00f3ria na 10\u00aa rodada n\u00e3o s\u00f3 refor\u00e7ou a lideran\u00e7a do Flamengo no campeonato, mas tamb\u00e9m destacou a efic\u00e1cia do time tanto na defesa quanto no ataque, sublinhando sua consist\u00eancia e desempenho em campo.<\/p>\n\n\n\n<p>Em um momento marcante fora das quatro linhas, Pedro, atacante do Flamengo, aproveitou a ocasi\u00e3o para anunciar que ele e sua esposa, Fernanda Nogueira, est\u00e3o esperando g\u00eameos. Este an\u00fancio pessoal trouxe uma onda de entusiasmo entre os torcedores e refor\u00e7ou o esp\u00edrito de uni\u00e3o e camaradagem dentro do elenco do Flamengo, com manifesta\u00e7\u00f5es de apoio e felicita\u00e7\u00f5es por parte de seus companheiros, incluindo L\u00e9o Pereira.<\/p>\n\n\n\n<p>A not\u00edcia da gravidez gerou intera\u00e7\u00f5es diversas nas redes sociais, onde f\u00e3s expressaram n\u00e3o apenas suas felicita\u00e7\u00f5es a Pedro, mas tamb\u00e9m curiosidade e questionamentos sobre a vida pessoal de outros jogadores, como L\u00e9o Pereira. Este, que j\u00e1 tem dois filhos de um relacionamento anterior, e sua atual parceira, Karoline Lima, que tem uma filha de outro relacionamento, tornaram-se alvo de especula\u00e7\u00f5es e perguntas dos seguidores sobre planos futuros de fam\u00edlia, destacando como a vida pessoal dos atletas se entrela\u00e7a com o interesse do p\u00fablico.<\/p>\n","protected":false},"excerpt":{"rendered":"<p>Nas \u00faltimas horas, o foco das not\u00edcias sobre o Flamengo se concentra nos bastidores do clube, com destaques como as declara\u00e7\u00f5es de Jorge Jesus sobre o Flamengo e a cobran\u00e7a da torcida em rela\u00e7\u00e3o a L\u00e9o Pereira. Por conta deste contexto, leia abaixo um resumo preparado pela equipe do portal G\u00e1vea News para lhe manter [&hellip;]<\/p>\n","protected":false},"author":15,"featured_media":121610,"comment_status":"open","ping_status":"closed","sticky":false,"template":"","format":"standard","meta":{"footnotes":""},"categories":[1],"tags":[169,197],"class_list":["post-129063","post","type-post","status-publish","format-standard","has-post-thumbnail","hentry","category-flamengo","tag-gabriel-barbosa-almeida-gabigol","tag-jorge-jesus"],"yoast_head":"<!-- This site is optimized with the Yoast SEO Premium plugin v24.2 (Yoast SEO v26.9) - https:\/\/yoast.com\/product\/yoast-seo-premium-wordpress\/ -->\n<title>Jorge Jesus fala sobre o Flamengo, Gabigol \u00e9 alvo de clube europeu e L\u00e9o Pereira \u00e9 cobrado pela torcida: veja as \u00faltimas not\u00edcias do Flamengo<\/title>\n<meta name=\"robots\" content=\"index, follow, max-snippet:-1, max-image-preview:large, max-video-preview:-1\" \/>\n<link rel=\"canonical\" href=\"https:\/\/www.gaveanews.com\/index.php\/2024\/02\/28\/jorge-jesus-fala-sobre-o-flamengo-gabigol-e-alvo-de-clube-europeu-e-leo-pereira-e-cobrado-pela-torcida-veja-as-ultimas-noticias-do-flamengo\/\" \/>\n<meta property=\"og:locale\" content=\"pt_BR\" \/>\n<meta property=\"og:type\" content=\"article\" \/>\n<meta property=\"og:title\" content=\"Jorge Jesus fala sobre o Flamengo, Gabigol \u00e9 alvo de clube europeu e L\u00e9o Pereira \u00e9 cobrado pela torcida: veja as \u00faltimas not\u00edcias do Flamengo\" \/>\n<meta property=\"og:description\" content=\"Nas \u00faltimas horas, o foco das not\u00edcias sobre o Flamengo se concentra nos bastidores do clube, com destaques como as declara\u00e7\u00f5es de Jorge Jesus sobre o Flamengo e a cobran\u00e7a da torcida em rela\u00e7\u00e3o a L\u00e9o Pereira. Por conta deste contexto, leia abaixo um resumo preparado pela equipe do portal G\u00e1vea News para lhe manter [&hellip;]\" \/>\n<meta property=\"og:url\" content=\"https:\/\/www.gaveanews.com\/index.php\/2024\/02\/28\/jorge-jesus-fala-sobre-o-flamengo-gabigol-e-alvo-de-clube-europeu-e-leo-pereira-e-cobrado-pela-torcida-veja-as-ultimas-noticias-do-flamengo\/\" \/>\n<meta property=\"og:site_name\" content=\"G\u00e1vea News\" \/>\n<meta property=\"article:publisher\" content=\"https:\/\/facebook.com\/gaveaNews\/\" \/>\n<meta property=\"article:published_time\" content=\"2024-02-28T16:55:48+00:00\" \/>\n<meta property=\"article:modified_time\" content=\"2024-04-07T12:08:33+00:00\" \/>\n<meta property=\"og:image\" content=\"https:\/\/www.gaveanews.com\/wp-content\/uploads\/Jorge-Jesus-durante-um-jogo-do-Al-Hilal-edited.webp\" \/>\n\t<meta property=\"og:image:width\" content=\"888\" \/>\n\t<meta property=\"og:image:height\" content=\"592\" \/>\n\t<meta property=\"og:image:type\" content=\"image\/webp\" \/>\n<meta name=\"author\" content=\"Henrique Machado\" \/>\n<meta name=\"twitter:card\" content=\"summary_large_image\" \/>\n<meta name=\"twitter:label1\" content=\"Escrito por\" \/>\n\t<meta name=\"twitter:data1\" content=\"Henrique Machado\" \/>\n\t<meta name=\"twitter:label2\" content=\"Est. tempo de leitura\" \/>\n\t<meta name=\"twitter:data2\" content=\"6 minutos\" \/>\n<script type=\"application\/ld+json\" class=\"yoast-schema-graph\">{\"@context\":\"https:\/\/schema.org\",\"@graph\":[{\"@type\":\"NewsArticle\",\"@id\":\"https:\/\/www.gaveanews.com\/index.php\/2024\/02\/28\/jorge-jesus-fala-sobre-o-flamengo-gabigol-e-alvo-de-clube-europeu-e-leo-pereira-e-cobrado-pela-torcida-veja-as-ultimas-noticias-do-flamengo\/#article\",\"isPartOf\":{\"@id\":\"https:\/\/www.gaveanews.com\/index.php\/2024\/02\/28\/jorge-jesus-fala-sobre-o-flamengo-gabigol-e-alvo-de-clube-europeu-e-leo-pereira-e-cobrado-pela-torcida-veja-as-ultimas-noticias-do-flamengo\/\"},\"author\":{\"name\":\"Henrique Machado\",\"@id\":\"https:\/\/www.gaveanews.com\/#\/schema\/person\/fd07635ec039ec3ba74ad18ec8a6dbd6\"},\"headline\":\"Jorge Jesus fala sobre o Flamengo, Gabigol \u00e9 alvo de clube europeu e L\u00e9o Pereira \u00e9 cobrado pela torcida: veja as \u00faltimas not\u00edcias do Flamengo\",\"datePublished\":\"2024-02-28T16:55:48+00:00\",\"dateModified\":\"2024-04-07T12:08:33+00:00\",\"mainEntityOfPage\":{\"@id\":\"https:\/\/www.gaveanews.com\/index.php\/2024\/02\/28\/jorge-jesus-fala-sobre-o-flamengo-gabigol-e-alvo-de-clube-europeu-e-leo-pereira-e-cobrado-pela-torcida-veja-as-ultimas-noticias-do-flamengo\/\"},\"wordCount\":1008,\"commentCount\":0,\"image\":{\"@id\":\"https:\/\/www.gaveanews.com\/index.php\/2024\/02\/28\/jorge-jesus-fala-sobre-o-flamengo-gabigol-e-alvo-de-clube-europeu-e-leo-pereira-e-cobrado-pela-torcida-veja-as-ultimas-noticias-do-flamengo\/#primaryimage\"},\"thumbnailUrl\":\"https:\/\/www.gaveanews.com\/wp-content\/uploads\/Jorge-Jesus-durante-um-jogo-do-Al-Hilal-edited.webp\",\"keywords\":[\"Gabriel Barbosa Almeida\",\"Jorge Jesus\"],\"articleSection\":[\"Flamengo\"],\"inLanguage\":\"pt-BR\",\"potentialAction\":[{\"@type\":\"CommentAction\",\"name\":\"Comment\",\"target\":[\"https:\/\/www.gaveanews.com\/index.php\/2024\/02\/28\/jorge-jesus-fala-sobre-o-flamengo-gabigol-e-alvo-de-clube-europeu-e-leo-pereira-e-cobrado-pela-torcida-veja-as-ultimas-noticias-do-flamengo\/#respond\"]}],\"copyrightYear\":\"2024\",\"copyrightHolder\":{\"@id\":\"https:\/\/www.gaveanews.com\/#organization\"}},{\"@type\":\"WebPage\",\"@id\":\"https:\/\/www.gaveanews.com\/index.php\/2024\/02\/28\/jorge-jesus-fala-sobre-o-flamengo-gabigol-e-alvo-de-clube-europeu-e-leo-pereira-e-cobrado-pela-torcida-veja-as-ultimas-noticias-do-flamengo\/\",\"url\":\"https:\/\/www.gaveanews.com\/index.php\/2024\/02\/28\/jorge-jesus-fala-sobre-o-flamengo-gabigol-e-alvo-de-clube-europeu-e-leo-pereira-e-cobrado-pela-torcida-veja-as-ultimas-noticias-do-flamengo\/\",\"name\":\"Jorge Jesus fala sobre o Flamengo, Gabigol \u00e9 alvo de clube europeu e L\u00e9o Pereira \u00e9 cobrado pela torcida: veja as \u00faltimas not\u00edcias do Flamengo\",\"isPartOf\":{\"@id\":\"https:\/\/www.gaveanews.com\/#website\"},\"primaryImageOfPage\":{\"@id\":\"https:\/\/www.gaveanews.com\/index.php\/2024\/02\/28\/jorge-jesus-fala-sobre-o-flamengo-gabigol-e-alvo-de-clube-europeu-e-leo-pereira-e-cobrado-pela-torcida-veja-as-ultimas-noticias-do-flamengo\/#primaryimage\"},\"image\":{\"@id\":\"https:\/\/www.gaveanews.com\/index.php\/2024\/02\/28\/jorge-jesus-fala-sobre-o-flamengo-gabigol-e-alvo-de-clube-europeu-e-leo-pereira-e-cobrado-pela-torcida-veja-as-ultimas-noticias-do-flamengo\/#primaryimage\"},\"thumbnailUrl\":\"https:\/\/www.gaveanews.com\/wp-content\/uploads\/Jorge-Jesus-durante-um-jogo-do-Al-Hilal-edited.webp\",\"datePublished\":\"2024-02-28T16:55:48+00:00\",\"dateModified\":\"2024-04-07T12:08:33+00:00\",\"author\":{\"@id\":\"https:\/\/www.gaveanews.com\/#\/schema\/person\/fd07635ec039ec3ba74ad18ec8a6dbd6\"},\"breadcrumb\":{\"@id\":\"https:\/\/www.gaveanews.com\/index.php\/2024\/02\/28\/jorge-jesus-fala-sobre-o-flamengo-gabigol-e-alvo-de-clube-europeu-e-leo-pereira-e-cobrado-pela-torcida-veja-as-ultimas-noticias-do-flamengo\/#breadcrumb\"},\"inLanguage\":\"pt-BR\",\"potentialAction\":[{\"@type\":\"ReadAction\",\"target\":[\"https:\/\/www.gaveanews.com\/index.php\/2024\/02\/28\/jorge-jesus-fala-sobre-o-flamengo-gabigol-e-alvo-de-clube-europeu-e-leo-pereira-e-cobrado-pela-torcida-veja-as-ultimas-noticias-do-flamengo\/\"]}]},{\"@type\":\"ImageObject\",\"inLanguage\":\"pt-BR\",\"@id\":\"https:\/\/www.gaveanews.com\/index.php\/2024\/02\/28\/jorge-jesus-fala-sobre-o-flamengo-gabigol-e-alvo-de-clube-europeu-e-leo-pereira-e-cobrado-pela-torcida-veja-as-ultimas-noticias-do-flamengo\/#primaryimage\",\"url\":\"https:\/\/www.gaveanews.com\/wp-content\/uploads\/Jorge-Jesus-durante-um-jogo-do-Al-Hilal-edited.webp\",\"contentUrl\":\"https:\/\/www.gaveanews.com\/wp-content\/uploads\/Jorge-Jesus-durante-um-jogo-do-Al-Hilal-edited.webp\",\"width\":888,\"height\":592,\"caption\":\"Jorge Jesus durante um jogo do Al-Hilal (Foto: Reprodu\u00e7\u00e3o\/Al-Hilal)\"},{\"@type\":\"BreadcrumbList\",\"@id\":\"https:\/\/www.gaveanews.com\/index.php\/2024\/02\/28\/jorge-jesus-fala-sobre-o-flamengo-gabigol-e-alvo-de-clube-europeu-e-leo-pereira-e-cobrado-pela-torcida-veja-as-ultimas-noticias-do-flamengo\/#breadcrumb\",\"itemListElement\":[{\"@type\":\"ListItem\",\"position\":1,\"name\":\"Home\",\"item\":\"https:\/\/www.gaveanews.com\/\"},{\"@type\":\"ListItem\",\"position\":2,\"name\":\"Jorge Jesus fala sobre o Flamengo, Gabigol \u00e9 alvo de clube europeu e L\u00e9o Pereira \u00e9 cobrado pela torcida: veja as \u00faltimas not\u00edcias do Flamengo\"}]},{\"@type\":\"WebSite\",\"@id\":\"https:\/\/www.gaveanews.com\/#website\",\"url\":\"https:\/\/www.gaveanews.com\/\",\"name\":\"G\u00e1vea News\",\"description\":\"Veja todas as not\u00edcias sobre o Flamengo: Contrata\u00e7\u00f5es, categorias de base, resultados das partidas, tabela de classifica\u00e7\u00e3o, pr\u00f3ximos jogos!\",\"potentialAction\":[{\"@type\":\"SearchAction\",\"target\":{\"@type\":\"EntryPoint\",\"urlTemplate\":\"https:\/\/www.gaveanews.com\/?s={search_term_string}\"},\"query-input\":{\"@type\":\"PropertyValueSpecification\",\"valueRequired\":true,\"valueName\":\"search_term_string\"}}],\"inLanguage\":\"pt-BR\"},{\"@type\":\"Person\",\"@id\":\"https:\/\/www.gaveanews.com\/#\/schema\/person\/fd07635ec039ec3ba74ad18ec8a6dbd6\",\"name\":\"Henrique Machado\",\"image\":{\"@type\":\"ImageObject\",\"inLanguage\":\"pt-BR\",\"@id\":\"https:\/\/www.gaveanews.com\/#\/schema\/person\/image\/\",\"url\":\"https:\/\/secure.gravatar.com\/avatar\/b95e35997e01d9800c1b6184bd79d4d898d370a3fce2584f5c77b907d5c7d9e9?s=96&d=mm&r=g\",\"contentUrl\":\"https:\/\/secure.gravatar.com\/avatar\/b95e35997e01d9800c1b6184bd79d4d898d370a3fce2584f5c77b907d5c7d9e9?s=96&d=mm&r=g\",\"caption\":\"Henrique Machado\"}}]}<\/script>\n<!-- \/ Yoast SEO Premium plugin. -->","yoast_head_json":{"title":"Jorge Jesus fala sobre o Flamengo, Gabigol \u00e9 alvo de clube europeu e L\u00e9o Pereira \u00e9 cobrado pela torcida: veja as \u00faltimas not\u00edcias do Flamengo","robots":{"index":"index","follow":"follow","max-snippet":"max-snippet:-1","max-image-preview":"max-image-preview:large","max-video-preview":"max-video-preview:-1"},"canonical":"https:\/\/www.gaveanews.com\/index.php\/2024\/02\/28\/jorge-jesus-fala-sobre-o-flamengo-gabigol-e-alvo-de-clube-europeu-e-leo-pereira-e-cobrado-pela-torcida-veja-as-ultimas-noticias-do-flamengo\/","og_locale":"pt_BR","og_type":"article","og_title":"Jorge Jesus fala sobre o Flamengo, Gabigol \u00e9 alvo de clube europeu e L\u00e9o Pereira \u00e9 cobrado pela torcida: veja as \u00faltimas not\u00edcias do Flamengo","og_description":"Nas \u00faltimas horas, o foco das not\u00edcias sobre o Flamengo se concentra nos bastidores do clube, com destaques como as declara\u00e7\u00f5es de Jorge Jesus sobre o Flamengo e a cobran\u00e7a da torcida em rela\u00e7\u00e3o a L\u00e9o Pereira. Por conta deste contexto, leia abaixo um resumo preparado pela equipe do portal G\u00e1vea News para lhe manter [&hellip;]","og_url":"https:\/\/www.gaveanews.com\/index.php\/2024\/02\/28\/jorge-jesus-fala-sobre-o-flamengo-gabigol-e-alvo-de-clube-europeu-e-leo-pereira-e-cobrado-pela-torcida-veja-as-ultimas-noticias-do-flamengo\/","og_site_name":"G\u00e1vea News","article_publisher":"https:\/\/facebook.com\/gaveaNews\/","article_published_time":"2024-02-28T16:55:48+00:00","article_modified_time":"2024-04-07T12:08:33+00:00","og_image":[{"width":888,"height":592,"url":"https:\/\/www.gaveanews.com\/wp-content\/uploads\/Jorge-Jesus-durante-um-jogo-do-Al-Hilal-edited.webp","type":"image\/webp"}],"author":"Henrique Machado","twitter_card":"summary_large_image","twitter_misc":{"Escrito por":"Henrique Machado","Est. tempo de leitura":"6 minutos"},"schema":{"@context":"https:\/\/schema.org","@graph":[{"@type":"NewsArticle","@id":"https:\/\/www.gaveanews.com\/index.php\/2024\/02\/28\/jorge-jesus-fala-sobre-o-flamengo-gabigol-e-alvo-de-clube-europeu-e-leo-pereira-e-cobrado-pela-torcida-veja-as-ultimas-noticias-do-flamengo\/#article","isPartOf":{"@id":"https:\/\/www.gaveanews.com\/index.php\/2024\/02\/28\/jorge-jesus-fala-sobre-o-flamengo-gabigol-e-alvo-de-clube-europeu-e-leo-pereira-e-cobrado-pela-torcida-veja-as-ultimas-noticias-do-flamengo\/"},"author":{"name":"Henrique Machado","@id":"https:\/\/www.gaveanews.com\/#\/schema\/person\/fd07635ec039ec3ba74ad18ec8a6dbd6"},"headline":"Jorge Jesus fala sobre o Flamengo, Gabigol \u00e9 alvo de clube europeu e L\u00e9o Pereira \u00e9 cobrado pela torcida: veja as \u00faltimas not\u00edcias do Flamengo","datePublished":"2024-02-28T16:55:48+00:00","dateModified":"2024-04-07T12:08:33+00:00","mainEntityOfPage":{"@id":"https:\/\/www.gaveanews.com\/index.php\/2024\/02\/28\/jorge-jesus-fala-sobre-o-flamengo-gabigol-e-alvo-de-clube-europeu-e-leo-pereira-e-cobrado-pela-torcida-veja-as-ultimas-noticias-do-flamengo\/"},"wordCount":1008,"commentCount":0,"image":{"@id":"https:\/\/www.gaveanews.com\/index.php\/2024\/02\/28\/jorge-jesus-fala-sobre-o-flamengo-gabigol-e-alvo-de-clube-europeu-e-leo-pereira-e-cobrado-pela-torcida-veja-as-ultimas-noticias-do-flamengo\/#primaryimage"},"thumbnailUrl":"https:\/\/www.gaveanews.com\/wp-content\/uploads\/Jorge-Jesus-durante-um-jogo-do-Al-Hilal-edited.webp","keywords":["Gabriel Barbosa Almeida","Jorge Jesus"],"articleSection":["Flamengo"],"inLanguage":"pt-BR","potentialAction":[{"@type":"CommentAction","name":"Comment","target":["https:\/\/www.gaveanews.com\/index.php\/2024\/02\/28\/jorge-jesus-fala-sobre-o-flamengo-gabigol-e-alvo-de-clube-europeu-e-leo-pereira-e-cobrado-pela-torcida-veja-as-ultimas-noticias-do-flamengo\/#respond"]}],"copyrightYear":"2024","copyrightHolder":{"@id":"https:\/\/www.gaveanews.com\/#organization"}},{"@type":"WebPage","@id":"https:\/\/www.gaveanews.com\/index.php\/2024\/02\/28\/jorge-jesus-fala-sobre-o-flamengo-gabigol-e-alvo-de-clube-europeu-e-leo-pereira-e-cobrado-pela-torcida-veja-as-ultimas-noticias-do-flamengo\/","url":"https:\/\/www.gaveanews.com\/index.php\/2024\/02\/28\/jorge-jesus-fala-sobre-o-flamengo-gabigol-e-alvo-de-clube-europeu-e-leo-pereira-e-cobrado-pela-torcida-veja-as-ultimas-noticias-do-flamengo\/","name":"Jorge Jesus fala sobre o Flamengo, Gabigol \u00e9 alvo de clube europeu e L\u00e9o Pereira \u00e9 cobrado pela torcida: veja as \u00faltimas not\u00edcias do Flamengo","isPartOf":{"@id":"https:\/\/www.gaveanews.com\/#website"},"primaryImageOfPage":{"@id":"https:\/\/www.gaveanews.com\/index.php\/2024\/02\/28\/jorge-jesus-fala-sobre-o-flamengo-gabigol-e-alvo-de-clube-europeu-e-leo-pereira-e-cobrado-pela-torcida-veja-as-ultimas-noticias-do-flamengo\/#primaryimage"},"image":{"@id":"https:\/\/www.gaveanews.com\/index.php\/2024\/02\/28\/jorge-jesus-fala-sobre-o-flamengo-gabigol-e-alvo-de-clube-europeu-e-leo-pereira-e-cobrado-pela-torcida-veja-as-ultimas-noticias-do-flamengo\/#primaryimage"},"thumbnailUrl":"https:\/\/www.gaveanews.com\/wp-content\/uploads\/Jorge-Jesus-durante-um-jogo-do-Al-Hilal-edited.webp","datePublished":"2024-02-28T16:55:48+00:00","dateModified":"2024-04-07T12:08:33+00:00","author":{"@id":"https:\/\/www.gaveanews.com\/#\/schema\/person\/fd07635ec039ec3ba74ad18ec8a6dbd6"},"breadcrumb":{"@id":"https:\/\/www.gaveanews.com\/index.php\/2024\/02\/28\/jorge-jesus-fala-sobre-o-flamengo-gabigol-e-alvo-de-clube-europeu-e-leo-pereira-e-cobrado-pela-torcida-veja-as-ultimas-noticias-do-flamengo\/#breadcrumb"},"inLanguage":"pt-BR","potentialAction":[{"@type":"ReadAction","target":["https:\/\/www.gaveanews.com\/index.php\/2024\/02\/28\/jorge-jesus-fala-sobre-o-flamengo-gabigol-e-alvo-de-clube-europeu-e-leo-pereira-e-cobrado-pela-torcida-veja-as-ultimas-noticias-do-flamengo\/"]}]},{"@type":"ImageObject","inLanguage":"pt-BR","@id":"https:\/\/www.gaveanews.com\/index.php\/2024\/02\/28\/jorge-jesus-fala-sobre-o-flamengo-gabigol-e-alvo-de-clube-europeu-e-leo-pereira-e-cobrado-pela-torcida-veja-as-ultimas-noticias-do-flamengo\/#primaryimage","url":"https:\/\/www.gaveanews.com\/wp-content\/uploads\/Jorge-Jesus-durante-um-jogo-do-Al-Hilal-edited.webp","contentUrl":"https:\/\/www.gaveanews.com\/wp-content\/uploads\/Jorge-Jesus-durante-um-jogo-do-Al-Hilal-edited.webp","width":888,"height":592,"caption":"Jorge Jesus durante um jogo do Al-Hilal (Foto: Reprodu\u00e7\u00e3o\/Al-Hilal)"},{"@type":"BreadcrumbList","@id":"https:\/\/www.gaveanews.com\/index.php\/2024\/02\/28\/jorge-jesus-fala-sobre-o-flamengo-gabigol-e-alvo-de-clube-europeu-e-leo-pereira-e-cobrado-pela-torcida-veja-as-ultimas-noticias-do-flamengo\/#breadcrumb","itemListElement":[{"@type":"ListItem","position":1,"name":"Home","item":"https:\/\/www.gaveanews.com\/"},{"@type":"ListItem","position":2,"name":"Jorge Jesus fala sobre o Flamengo, Gabigol \u00e9 alvo de clube europeu e L\u00e9o Pereira \u00e9 cobrado pela torcida: veja as \u00faltimas not\u00edcias do Flamengo"}]},{"@type":"WebSite","@id":"https:\/\/www.gaveanews.com\/#website","url":"https:\/\/www.gaveanews.com\/","name":"G\u00e1vea News","description":"Veja todas as not\u00edcias sobre o Flamengo: Contrata\u00e7\u00f5es, categorias de base, resultados das partidas, tabela de classifica\u00e7\u00e3o, pr\u00f3ximos jogos!","potentialAction":[{"@type":"SearchAction","target":{"@type":"EntryPoint","urlTemplate":"https:\/\/www.gaveanews.com\/?s={search_term_string}"},"query-input":{"@type":"PropertyValueSpecification","valueRequired":true,"valueName":"search_term_string"}}],"inLanguage":"pt-BR"},{"@type":"Person","@id":"https:\/\/www.gaveanews.com\/#\/schema\/person\/fd07635ec039ec3ba74ad18ec8a6dbd6","name":"Henrique Machado","image":{"@type":"ImageObject","inLanguage":"pt-BR","@id":"https:\/\/www.gaveanews.com\/#\/schema\/person\/image\/","url":"https:\/\/secure.gravatar.com\/avatar\/b95e35997e01d9800c1b6184bd79d4d898d370a3fce2584f5c77b907d5c7d9e9?s=96&d=mm&r=g","contentUrl":"https:\/\/secure.gravatar.com\/avatar\/b95e35997e01d9800c1b6184bd79d4d898d370a3fce2584f5c77b907d5c7d9e9?s=96&d=mm&r=g","caption":"Henrique Machado"}}]}},"_links":{"self":[{"href":"https:\/\/www.gaveanews.com\/index.php\/wp-json\/wp\/v2\/posts\/129063","targetHints":{"allow":["GET"]}}],"collection":[{"href":"https:\/\/www.gaveanews.com\/index.php\/wp-json\/wp\/v2\/posts"}],"about":[{"href":"https:\/\/www.gaveanews.com\/index.php\/wp-json\/wp\/v2\/types\/post"}],"author":[{"embeddable":true,"href":"https:\/\/www.gaveanews.com\/index.php\/wp-json\/wp\/v2\/users\/15"}],"replies":[{"embeddable":true,"href":"https:\/\/www.gaveanews.com\/index.php\/wp-json\/wp\/v2\/comments?post=129063"}],"version-history":[{"count":4,"href":"https:\/\/www.gaveanews.com\/index.php\/wp-json\/wp\/v2\/posts\/129063\/revisions"}],"predecessor-version":[{"id":129068,"href":"https:\/\/www.gaveanews.com\/index.php\/wp-json\/wp\/v2\/posts\/129063\/revisions\/129068"}],"wp:featuredmedia":[{"embeddable":true,"href":"https:\/\/www.gaveanews.com\/index.php\/wp-json\/wp\/v2\/media\/121610"}],"wp:attachment":[{"href":"https:\/\/www.gaveanews.com\/index.php\/wp-json\/wp\/v2\/media?parent=129063"}],"wp:term":[{"taxonomy":"category","embeddable":true,"href":"https:\/\/www.gaveanews.com\/index.php\/wp-json\/wp\/v2\/categories?post=129063"},{"taxonomy":"post_tag","embeddable":true,"href":"https:\/\/www.gaveanews.com\/index.php\/wp-json\/wp\/v2\/tags?post=129063"}],"curies":[{"name":"wp","href":"https:\/\/api.w.org\/{rel}","templated":true}]}}