{"id":129081,"date":"2024-02-28T15:30:38","date_gmt":"2024-02-28T18:30:38","guid":{"rendered":"https:\/\/www.gaveanews.com\/?p=129081"},"modified":"2024-04-06T23:22:12","modified_gmt":"2024-04-07T02:22:12","slug":"gerson-faz-video-para-torcida-do-flamengo-assista","status":"publish","type":"post","link":"https:\/\/www.gaveanews.com\/index.php\/2024\/02\/28\/gerson-faz-video-para-torcida-do-flamengo-assista\/","title":{"rendered":"Gerson faz v\u00eddeo para torcida do Flamengo; assista"},"content":{"rendered":"\n<p>No cen\u00e1rio atual do Flamengo, a aten\u00e7\u00e3o se volta para Gerson, o meia que tem sido pe\u00e7a-chave na equipe. Gerson surpreendeu os torcedores com uma mensagem em v\u00eddeo nas redes sociais, expressando gratid\u00e3o pelo apoio recebido ap\u00f3s o an\u00fancio de sua condi\u00e7\u00e3o m\u00e9dica. <\/p>\n\n\n\n<p>Com sinceridade, ele declarou: <em>\u201cE a\u00ed, rapaziada. Boa tarde. Passando aqui para agradecer a todos voc\u00eas pelas mensagens de apoio e carinho. Vou dando not\u00edcias para voc\u00eas. J\u00e1 j\u00e1 o Coringa est\u00e1 de volta. F\u00e9 em Deus e vai dar tudo certo.\u201d<\/em> Esta mensagem refor\u00e7a o v\u00ednculo entre o jogador e os torcedores do Flamengo, mostrando sua resili\u00eancia e esperan\u00e7a diante dos desafios.<\/p>\n\n\n\n<h2 class=\"wp-block-heading\" id=\"h-veja-video\">Veja v\u00eddeo<\/h2>\n\n\n\n<figure class=\"wp-block-video\"><video height=\"1280\" style=\"aspect-ratio: 720 \/ 1280;\" width=\"720\" controls src=\"https:\/\/www.gaveanews.com\/wp-content\/uploads\/Gerson.mp4\"><\/video><figcaption class=\"wp-element-caption\">Gerson, do Flamengo, agradece mensagens e fala sobre retorno aos campos &#8211; Video: reprodu\u00e7\u00e3o instagran<\/figcaption><\/figure>\n\n\n\n<p>A causa do afastamento de Gerson dos gramados \u00e9 uma condi\u00e7\u00e3o chamada hidronefrose, caracterizada pela dilata\u00e7\u00e3o do rim devido a uma obstru\u00e7\u00e3o no fluxo urin\u00e1rio. Esta condi\u00e7\u00e3o pode causar dor significativa e, se n\u00e3o tratada, resultar em complica\u00e7\u00f5es adicionais. A situa\u00e7\u00e3o de Gerson \u00e9 delicada, requerendo uma cirurgia para resolver a obstru\u00e7\u00e3o e aliviar os sintomas. Este diagn\u00f3stico o colocou fora do campo no momento crucial, impactando tanto o jogador quanto a equipe.<\/p>\n\n\n\n<p>Gerson come\u00e7ou a sentir fortes dores abdominais em 18 de fevereiro, o que levou \u00e0 sua hospitaliza\u00e7\u00e3o e ao diagn\u00f3stico subsequente. O jogador, valorizado pela torcida e pela equipe t\u00e9cnica, expressou sua f\u00e9 e positividade em meio \u00e0 adversidade: <em>\u201cDeus no controle\u201d<\/em>, uma frase que ele compartilhou nas redes sociais, ressoando com muitos torcedores que continuam a enviar mensagens de apoio.<\/p>\n\n\n\n<figure class=\"wp-block-image size-full\"><img loading=\"lazy\" decoding=\"async\" width=\"499\" height=\"820\" src=\"https:\/\/www.gaveanews.com\/wp-content\/uploads\/chrome_lWoufdohd1.webp\" alt=\"\" class=\"wp-image-129116\" srcset=\"https:\/\/www.gaveanews.com\/wp-content\/uploads\/chrome_lWoufdohd1.webp 499w, https:\/\/www.gaveanews.com\/wp-content\/uploads\/chrome_lWoufdohd1-183x300.webp 183w, https:\/\/www.gaveanews.com\/wp-content\/uploads\/chrome_lWoufdohd1-256x420.webp 256w, https:\/\/www.gaveanews.com\/wp-content\/uploads\/chrome_lWoufdohd1-100x164.webp 100w\" sizes=\"auto, (max-width: 499px) 100vw, 499px\" \/><figcaption class=\"wp-element-caption\">Postagem de Gerson, do Flamengo, antes da cirurgia &#8211; Foto: reprodu\u00e7\u00e3o \/ Instagram<\/figcaption><\/figure>\n\n\n\n<p>O per\u00edodo de recupera\u00e7\u00e3o p\u00f3s-cir\u00fargico \u00e9 estimado em cerca de dois meses, uma aus\u00eancia not\u00e1vel que afeta a configura\u00e7\u00e3o da equipe. Gerson, agora capit\u00e3o do Flamengo, desfalcou a equipe em jogos importantes, incluindo confrontos contra Boavista e Fluminense pelo Campeonato Carioca. Sua aus\u00eancia ser\u00e1 sentida em mais partidas, incluindo as iniciais do Brasileir\u00e3o e da Libertadores, for\u00e7ando o t\u00e9cnico Tite a ajustar sua estrat\u00e9gia e forma\u00e7\u00e3o.<\/p>\n\n\n\n<p>A lideran\u00e7a de Gerson e sua influ\u00eancia em campo s\u00e3o incontest\u00e1veis. Desde que assumiu a bra\u00e7adeira de capit\u00e3o, sua presen\u00e7a tem sido sin\u00f4nimo de seguran\u00e7a e criatividade para o Flamengo. A equipe, embora qualificada, sentir\u00e1 a falta de seu dinamismo e vis\u00e3o de jogo durante sua recupera\u00e7\u00e3o.<\/p>\n\n\n\n<h2 class=\"wp-block-heading\" id=\"h-quando-vai-ser-o-proximo-jogo-do-flamengo\">Quando vai ser o pr\u00f3ximo jogo do Flamengo?<\/h2>\n\n\n\n<p>O Flamengo enfrentar\u00e1 o Madureira no pr\u00f3ximo s\u00e1bado (02), pela d\u00e9cima primeira rodada do Campeonato Carioca. A partida ocorrer\u00e1 no Maracan\u00e3, no Rio de Janeiro, com in\u00edcio \u00e0s 16h (hor\u00e1rio de Bras\u00edlia).. A partida ter\u00e1 transmiss\u00e3o da Band (TV aberta), Band Sports (TV fechada), Canal Goat (Youtube).<\/p>\n\n\n\n<p>Confira abaixo a agenda do Flamengo:<\/p>\n\n\n\n<p>04\/02 \u2013 Vasco 0 x 0 Flamengo<br>07\/02 \u2013 Flamengo 1 x 0 Botafogo<br>10\/02 \u2013 Flamengo 3 x 0 Volta Redonda<br>15\/02 \u2013 Bangu 0 x 3 Flamengo<br>20\/02 \u2013 Flamengo 4 x 0 Boavista<br>25\/02 \u2013 Flamengo 2 x 0 Fluminense<br>02\/03 \u2013 Flamengo x Madureira<\/p>\n","protected":false},"excerpt":{"rendered":"<p>No cen\u00e1rio atual do Flamengo, a aten\u00e7\u00e3o se volta para Gerson, o meia que tem sido pe\u00e7a-chave na equipe. Gerson surpreendeu os torcedores com uma mensagem em v\u00eddeo nas redes sociais, expressando gratid\u00e3o pelo apoio recebido ap\u00f3s o an\u00fancio de sua condi\u00e7\u00e3o m\u00e9dica. Com sinceridade, ele declarou: \u201cE a\u00ed, rapaziada. Boa tarde. Passando aqui para [&hellip;]<\/p>\n","protected":false},"author":6,"featured_media":97922,"comment_status":"open","ping_status":"closed","sticky":false,"template":"","format":"standard","meta":{"footnotes":""},"categories":[1],"tags":[171],"class_list":["post-129081","post","type-post","status-publish","format-standard","has-post-thumbnail","hentry","category-flamengo","tag-adenor-leonardo-bachi-tite"],"yoast_head":"<!-- This site is optimized with the Yoast SEO Premium plugin v24.2 (Yoast SEO v26.9) - https:\/\/yoast.com\/product\/yoast-seo-premium-wordpress\/ -->\n<title>Gerson faz v\u00eddeo para torcida do Flamengo; assista<\/title>\n<meta name=\"robots\" content=\"index, follow, max-snippet:-1, max-image-preview:large, max-video-preview:-1\" \/>\n<link rel=\"canonical\" href=\"https:\/\/www.gaveanews.com\/index.php\/2024\/02\/28\/gerson-faz-video-para-torcida-do-flamengo-assista\/\" \/>\n<meta property=\"og:locale\" content=\"pt_BR\" \/>\n<meta property=\"og:type\" content=\"article\" \/>\n<meta property=\"og:title\" content=\"Gerson faz v\u00eddeo para torcida do Flamengo; assista\" \/>\n<meta property=\"og:description\" content=\"No cen\u00e1rio atual do Flamengo, a aten\u00e7\u00e3o se volta para Gerson, o meia que tem sido pe\u00e7a-chave na equipe. Gerson surpreendeu os torcedores com uma mensagem em v\u00eddeo nas redes sociais, expressando gratid\u00e3o pelo apoio recebido ap\u00f3s o an\u00fancio de sua condi\u00e7\u00e3o m\u00e9dica. Com sinceridade, ele declarou: \u201cE a\u00ed, rapaziada. Boa tarde. Passando aqui para [&hellip;]\" \/>\n<meta property=\"og:url\" content=\"https:\/\/www.gaveanews.com\/index.php\/2024\/02\/28\/gerson-faz-video-para-torcida-do-flamengo-assista\/\" \/>\n<meta property=\"og:site_name\" content=\"G\u00e1vea News\" \/>\n<meta property=\"article:publisher\" content=\"https:\/\/facebook.com\/gaveaNews\/\" \/>\n<meta property=\"article:published_time\" content=\"2024-02-28T18:30:38+00:00\" \/>\n<meta property=\"article:modified_time\" content=\"2024-04-07T02:22:12+00:00\" \/>\n<meta property=\"og:image\" content=\"https:\/\/www.gaveanews.com\/wp-content\/uploads\/gerson-gol-flamengo-copa-do-brasil-maracana.webp\" \/>\n\t<meta property=\"og:image:width\" content=\"900\" \/>\n\t<meta property=\"og:image:height\" content=\"599\" \/>\n\t<meta property=\"og:image:type\" content=\"image\/jpeg\" \/>\n<meta name=\"author\" content=\"Leonardo Ant\u00f4nio\" \/>\n<meta name=\"twitter:card\" content=\"summary_large_image\" \/>\n<meta name=\"twitter:label1\" content=\"Escrito por\" \/>\n\t<meta name=\"twitter:data1\" content=\"Leonardo Ant\u00f4nio\" \/>\n\t<meta name=\"twitter:label2\" content=\"Est. tempo de leitura\" \/>\n\t<meta name=\"twitter:data2\" content=\"4 minutos\" \/>\n<script type=\"application\/ld+json\" class=\"yoast-schema-graph\">{\"@context\":\"https:\/\/schema.org\",\"@graph\":[{\"@type\":\"NewsArticle\",\"@id\":\"https:\/\/www.gaveanews.com\/index.php\/2024\/02\/28\/gerson-faz-video-para-torcida-do-flamengo-assista\/#article\",\"isPartOf\":{\"@id\":\"https:\/\/www.gaveanews.com\/index.php\/2024\/02\/28\/gerson-faz-video-para-torcida-do-flamengo-assista\/\"},\"author\":{\"name\":\"Leonardo Ant\u00f4nio\",\"@id\":\"https:\/\/www.gaveanews.com\/#\/schema\/person\/2d29802e96a726e735077717fb5c6f20\"},\"headline\":\"Gerson faz v\u00eddeo para torcida do Flamengo; assista\",\"datePublished\":\"2024-02-28T18:30:38+00:00\",\"dateModified\":\"2024-04-07T02:22:12+00:00\",\"mainEntityOfPage\":{\"@id\":\"https:\/\/www.gaveanews.com\/index.php\/2024\/02\/28\/gerson-faz-video-para-torcida-do-flamengo-assista\/\"},\"wordCount\":533,\"commentCount\":0,\"image\":{\"@id\":\"https:\/\/www.gaveanews.com\/index.php\/2024\/02\/28\/gerson-faz-video-para-torcida-do-flamengo-assista\/#primaryimage\"},\"thumbnailUrl\":\"https:\/\/www.gaveanews.com\/wp-content\/uploads\/gerson-gol-flamengo-copa-do-brasil-maracana.webp\",\"keywords\":[\"Adenor Leonardo Bachi\"],\"articleSection\":[\"Flamengo\"],\"inLanguage\":\"pt-BR\",\"potentialAction\":[{\"@type\":\"CommentAction\",\"name\":\"Comment\",\"target\":[\"https:\/\/www.gaveanews.com\/index.php\/2024\/02\/28\/gerson-faz-video-para-torcida-do-flamengo-assista\/#respond\"]}],\"copyrightYear\":\"2024\",\"copyrightHolder\":{\"@id\":\"https:\/\/www.gaveanews.com\/#organization\"}},{\"@type\":\"WebPage\",\"@id\":\"https:\/\/www.gaveanews.com\/index.php\/2024\/02\/28\/gerson-faz-video-para-torcida-do-flamengo-assista\/\",\"url\":\"https:\/\/www.gaveanews.com\/index.php\/2024\/02\/28\/gerson-faz-video-para-torcida-do-flamengo-assista\/\",\"name\":\"Gerson faz v\u00eddeo para torcida do Flamengo; assista\",\"isPartOf\":{\"@id\":\"https:\/\/www.gaveanews.com\/#website\"},\"primaryImageOfPage\":{\"@id\":\"https:\/\/www.gaveanews.com\/index.php\/2024\/02\/28\/gerson-faz-video-para-torcida-do-flamengo-assista\/#primaryimage\"},\"image\":{\"@id\":\"https:\/\/www.gaveanews.com\/index.php\/2024\/02\/28\/gerson-faz-video-para-torcida-do-flamengo-assista\/#primaryimage\"},\"thumbnailUrl\":\"https:\/\/www.gaveanews.com\/wp-content\/uploads\/gerson-gol-flamengo-copa-do-brasil-maracana.webp\",\"datePublished\":\"2024-02-28T18:30:38+00:00\",\"dateModified\":\"2024-04-07T02:22:12+00:00\",\"author\":{\"@id\":\"https:\/\/www.gaveanews.com\/#\/schema\/person\/2d29802e96a726e735077717fb5c6f20\"},\"breadcrumb\":{\"@id\":\"https:\/\/www.gaveanews.com\/index.php\/2024\/02\/28\/gerson-faz-video-para-torcida-do-flamengo-assista\/#breadcrumb\"},\"inLanguage\":\"pt-BR\",\"potentialAction\":[{\"@type\":\"ReadAction\",\"target\":[\"https:\/\/www.gaveanews.com\/index.php\/2024\/02\/28\/gerson-faz-video-para-torcida-do-flamengo-assista\/\"]}]},{\"@type\":\"ImageObject\",\"inLanguage\":\"pt-BR\",\"@id\":\"https:\/\/www.gaveanews.com\/index.php\/2024\/02\/28\/gerson-faz-video-para-torcida-do-flamengo-assista\/#primaryimage\",\"url\":\"https:\/\/www.gaveanews.com\/wp-content\/uploads\/gerson-gol-flamengo-copa-do-brasil-maracana.webp\",\"contentUrl\":\"https:\/\/www.gaveanews.com\/wp-content\/uploads\/gerson-gol-flamengo-copa-do-brasil-maracana.webp\",\"width\":900,\"height\":599,\"caption\":\"Gerson comemora gol marcado pelo Flamengo no Maracan\u00e3 (Foto: Marcelo Cortes\/Flamengo)\"},{\"@type\":\"BreadcrumbList\",\"@id\":\"https:\/\/www.gaveanews.com\/index.php\/2024\/02\/28\/gerson-faz-video-para-torcida-do-flamengo-assista\/#breadcrumb\",\"itemListElement\":[{\"@type\":\"ListItem\",\"position\":1,\"name\":\"Home\",\"item\":\"https:\/\/www.gaveanews.com\/\"},{\"@type\":\"ListItem\",\"position\":2,\"name\":\"Gerson faz v\u00eddeo para torcida do Flamengo; assista\"}]},{\"@type\":\"WebSite\",\"@id\":\"https:\/\/www.gaveanews.com\/#website\",\"url\":\"https:\/\/www.gaveanews.com\/\",\"name\":\"G\u00e1vea News\",\"description\":\"Veja todas as not\u00edcias sobre o Flamengo: Contrata\u00e7\u00f5es, categorias de base, resultados das partidas, tabela de classifica\u00e7\u00e3o, pr\u00f3ximos jogos!\",\"potentialAction\":[{\"@type\":\"SearchAction\",\"target\":{\"@type\":\"EntryPoint\",\"urlTemplate\":\"https:\/\/www.gaveanews.com\/?s={search_term_string}\"},\"query-input\":{\"@type\":\"PropertyValueSpecification\",\"valueRequired\":true,\"valueName\":\"search_term_string\"}}],\"inLanguage\":\"pt-BR\"},{\"@type\":\"Person\",\"@id\":\"https:\/\/www.gaveanews.com\/#\/schema\/person\/2d29802e96a726e735077717fb5c6f20\",\"name\":\"Leonardo Ant\u00f4nio\",\"image\":{\"@type\":\"ImageObject\",\"inLanguage\":\"pt-BR\",\"@id\":\"https:\/\/www.gaveanews.com\/#\/schema\/person\/image\/\",\"url\":\"https:\/\/secure.gravatar.com\/avatar\/b9ffc9ff64af5c915e7cb1824991ab1b4aa29b902a6a9a83be9d1c8ba449fce8?s=96&d=mm&r=g\",\"contentUrl\":\"https:\/\/secure.gravatar.com\/avatar\/b9ffc9ff64af5c915e7cb1824991ab1b4aa29b902a6a9a83be9d1c8ba449fce8?s=96&d=mm&r=g\",\"caption\":\"Leonardo Ant\u00f4nio\"}}]}<\/script>\n<!-- \/ Yoast SEO Premium plugin. -->","yoast_head_json":{"title":"Gerson faz v\u00eddeo para torcida do Flamengo; assista","robots":{"index":"index","follow":"follow","max-snippet":"max-snippet:-1","max-image-preview":"max-image-preview:large","max-video-preview":"max-video-preview:-1"},"canonical":"https:\/\/www.gaveanews.com\/index.php\/2024\/02\/28\/gerson-faz-video-para-torcida-do-flamengo-assista\/","og_locale":"pt_BR","og_type":"article","og_title":"Gerson faz v\u00eddeo para torcida do Flamengo; assista","og_description":"No cen\u00e1rio atual do Flamengo, a aten\u00e7\u00e3o se volta para Gerson, o meia que tem sido pe\u00e7a-chave na equipe. Gerson surpreendeu os torcedores com uma mensagem em v\u00eddeo nas redes sociais, expressando gratid\u00e3o pelo apoio recebido ap\u00f3s o an\u00fancio de sua condi\u00e7\u00e3o m\u00e9dica. Com sinceridade, ele declarou: \u201cE a\u00ed, rapaziada. Boa tarde. Passando aqui para [&hellip;]","og_url":"https:\/\/www.gaveanews.com\/index.php\/2024\/02\/28\/gerson-faz-video-para-torcida-do-flamengo-assista\/","og_site_name":"G\u00e1vea News","article_publisher":"https:\/\/facebook.com\/gaveaNews\/","article_published_time":"2024-02-28T18:30:38+00:00","article_modified_time":"2024-04-07T02:22:12+00:00","og_image":[{"width":900,"height":599,"url":"https:\/\/www.gaveanews.com\/wp-content\/uploads\/gerson-gol-flamengo-copa-do-brasil-maracana.webp","type":"image\/jpeg"}],"author":"Leonardo Ant\u00f4nio","twitter_card":"summary_large_image","twitter_misc":{"Escrito por":"Leonardo Ant\u00f4nio","Est. tempo de leitura":"4 minutos"},"schema":{"@context":"https:\/\/schema.org","@graph":[{"@type":"NewsArticle","@id":"https:\/\/www.gaveanews.com\/index.php\/2024\/02\/28\/gerson-faz-video-para-torcida-do-flamengo-assista\/#article","isPartOf":{"@id":"https:\/\/www.gaveanews.com\/index.php\/2024\/02\/28\/gerson-faz-video-para-torcida-do-flamengo-assista\/"},"author":{"name":"Leonardo Ant\u00f4nio","@id":"https:\/\/www.gaveanews.com\/#\/schema\/person\/2d29802e96a726e735077717fb5c6f20"},"headline":"Gerson faz v\u00eddeo para torcida do Flamengo; assista","datePublished":"2024-02-28T18:30:38+00:00","dateModified":"2024-04-07T02:22:12+00:00","mainEntityOfPage":{"@id":"https:\/\/www.gaveanews.com\/index.php\/2024\/02\/28\/gerson-faz-video-para-torcida-do-flamengo-assista\/"},"wordCount":533,"commentCount":0,"image":{"@id":"https:\/\/www.gaveanews.com\/index.php\/2024\/02\/28\/gerson-faz-video-para-torcida-do-flamengo-assista\/#primaryimage"},"thumbnailUrl":"https:\/\/www.gaveanews.com\/wp-content\/uploads\/gerson-gol-flamengo-copa-do-brasil-maracana.webp","keywords":["Adenor Leonardo Bachi"],"articleSection":["Flamengo"],"inLanguage":"pt-BR","potentialAction":[{"@type":"CommentAction","name":"Comment","target":["https:\/\/www.gaveanews.com\/index.php\/2024\/02\/28\/gerson-faz-video-para-torcida-do-flamengo-assista\/#respond"]}],"copyrightYear":"2024","copyrightHolder":{"@id":"https:\/\/www.gaveanews.com\/#organization"}},{"@type":"WebPage","@id":"https:\/\/www.gaveanews.com\/index.php\/2024\/02\/28\/gerson-faz-video-para-torcida-do-flamengo-assista\/","url":"https:\/\/www.gaveanews.com\/index.php\/2024\/02\/28\/gerson-faz-video-para-torcida-do-flamengo-assista\/","name":"Gerson faz v\u00eddeo para torcida do Flamengo; assista","isPartOf":{"@id":"https:\/\/www.gaveanews.com\/#website"},"primaryImageOfPage":{"@id":"https:\/\/www.gaveanews.com\/index.php\/2024\/02\/28\/gerson-faz-video-para-torcida-do-flamengo-assista\/#primaryimage"},"image":{"@id":"https:\/\/www.gaveanews.com\/index.php\/2024\/02\/28\/gerson-faz-video-para-torcida-do-flamengo-assista\/#primaryimage"},"thumbnailUrl":"https:\/\/www.gaveanews.com\/wp-content\/uploads\/gerson-gol-flamengo-copa-do-brasil-maracana.webp","datePublished":"2024-02-28T18:30:38+00:00","dateModified":"2024-04-07T02:22:12+00:00","author":{"@id":"https:\/\/www.gaveanews.com\/#\/schema\/person\/2d29802e96a726e735077717fb5c6f20"},"breadcrumb":{"@id":"https:\/\/www.gaveanews.com\/index.php\/2024\/02\/28\/gerson-faz-video-para-torcida-do-flamengo-assista\/#breadcrumb"},"inLanguage":"pt-BR","potentialAction":[{"@type":"ReadAction","target":["https:\/\/www.gaveanews.com\/index.php\/2024\/02\/28\/gerson-faz-video-para-torcida-do-flamengo-assista\/"]}]},{"@type":"ImageObject","inLanguage":"pt-BR","@id":"https:\/\/www.gaveanews.com\/index.php\/2024\/02\/28\/gerson-faz-video-para-torcida-do-flamengo-assista\/#primaryimage","url":"https:\/\/www.gaveanews.com\/wp-content\/uploads\/gerson-gol-flamengo-copa-do-brasil-maracana.webp","contentUrl":"https:\/\/www.gaveanews.com\/wp-content\/uploads\/gerson-gol-flamengo-copa-do-brasil-maracana.webp","width":900,"height":599,"caption":"Gerson comemora gol marcado pelo Flamengo no Maracan\u00e3 (Foto: Marcelo Cortes\/Flamengo)"},{"@type":"BreadcrumbList","@id":"https:\/\/www.gaveanews.com\/index.php\/2024\/02\/28\/gerson-faz-video-para-torcida-do-flamengo-assista\/#breadcrumb","itemListElement":[{"@type":"ListItem","position":1,"name":"Home","item":"https:\/\/www.gaveanews.com\/"},{"@type":"ListItem","position":2,"name":"Gerson faz v\u00eddeo para torcida do Flamengo; assista"}]},{"@type":"WebSite","@id":"https:\/\/www.gaveanews.com\/#website","url":"https:\/\/www.gaveanews.com\/","name":"G\u00e1vea News","description":"Veja todas as not\u00edcias sobre o Flamengo: Contrata\u00e7\u00f5es, categorias de base, resultados das partidas, tabela de classifica\u00e7\u00e3o, pr\u00f3ximos jogos!","potentialAction":[{"@type":"SearchAction","target":{"@type":"EntryPoint","urlTemplate":"https:\/\/www.gaveanews.com\/?s={search_term_string}"},"query-input":{"@type":"PropertyValueSpecification","valueRequired":true,"valueName":"search_term_string"}}],"inLanguage":"pt-BR"},{"@type":"Person","@id":"https:\/\/www.gaveanews.com\/#\/schema\/person\/2d29802e96a726e735077717fb5c6f20","name":"Leonardo Ant\u00f4nio","image":{"@type":"ImageObject","inLanguage":"pt-BR","@id":"https:\/\/www.gaveanews.com\/#\/schema\/person\/image\/","url":"https:\/\/secure.gravatar.com\/avatar\/b9ffc9ff64af5c915e7cb1824991ab1b4aa29b902a6a9a83be9d1c8ba449fce8?s=96&d=mm&r=g","contentUrl":"https:\/\/secure.gravatar.com\/avatar\/b9ffc9ff64af5c915e7cb1824991ab1b4aa29b902a6a9a83be9d1c8ba449fce8?s=96&d=mm&r=g","caption":"Leonardo Ant\u00f4nio"}}]}},"_links":{"self":[{"href":"https:\/\/www.gaveanews.com\/index.php\/wp-json\/wp\/v2\/posts\/129081","targetHints":{"allow":["GET"]}}],"collection":[{"href":"https:\/\/www.gaveanews.com\/index.php\/wp-json\/wp\/v2\/posts"}],"about":[{"href":"https:\/\/www.gaveanews.com\/index.php\/wp-json\/wp\/v2\/types\/post"}],"author":[{"embeddable":true,"href":"https:\/\/www.gaveanews.com\/index.php\/wp-json\/wp\/v2\/users\/6"}],"replies":[{"embeddable":true,"href":"https:\/\/www.gaveanews.com\/index.php\/wp-json\/wp\/v2\/comments?post=129081"}],"version-history":[{"count":2,"href":"https:\/\/www.gaveanews.com\/index.php\/wp-json\/wp\/v2\/posts\/129081\/revisions"}],"predecessor-version":[{"id":129117,"href":"https:\/\/www.gaveanews.com\/index.php\/wp-json\/wp\/v2\/posts\/129081\/revisions\/129117"}],"wp:featuredmedia":[{"embeddable":true,"href":"https:\/\/www.gaveanews.com\/index.php\/wp-json\/wp\/v2\/media\/97922"}],"wp:attachment":[{"href":"https:\/\/www.gaveanews.com\/index.php\/wp-json\/wp\/v2\/media?parent=129081"}],"wp:term":[{"taxonomy":"category","embeddable":true,"href":"https:\/\/www.gaveanews.com\/index.php\/wp-json\/wp\/v2\/categories?post=129081"},{"taxonomy":"post_tag","embeddable":true,"href":"https:\/\/www.gaveanews.com\/index.php\/wp-json\/wp\/v2\/tags?post=129081"}],"curies":[{"name":"wp","href":"https:\/\/api.w.org\/{rel}","templated":true}]}}