{"id":129132,"date":"2024-02-28T16:34:57","date_gmt":"2024-02-28T19:34:57","guid":{"rendered":"https:\/\/www.gaveanews.com\/?p=129132"},"modified":"2024-04-06T23:04:33","modified_gmt":"2024-04-07T02:04:33","slug":"mauro-cezar-e-pilhado-batem-boca-ao-vivo-em-programa-da-jovem-pan-assista","status":"publish","type":"post","link":"https:\/\/www.gaveanews.com\/index.php\/2024\/02\/28\/mauro-cezar-e-pilhado-batem-boca-ao-vivo-em-programa-da-jovem-pan-assista\/","title":{"rendered":"Mauro Cezar e Pilhado batem boca ao vivo em programa da Jovem Pan; assista"},"content":{"rendered":"\n<p>A edi\u00e7\u00e3o desta quarta-feira (28) do programa Bate Pronto, da R\u00e1dio Jovem Pan, foi palco de uma discuss\u00e3o intensa entre os comentaristas Mauro Cezar Pereira e Thiago Asmar, tamb\u00e9m conhecido como &#8216;Pilhado&#8217;. A disc\u00f3rdia come\u00e7ou quando Asmar dirigiu-se a Pereira de maneira informal, chamando-o de <em>&#8216;Maurinho&#8217;<\/em>, o que claramente desagradou Pereira. O incidente escalou rapidamente, transformando-se em uma troca de farpas ao vivo.<\/p>\n\n\n\n<p>O confronto iniciou com Asmar afirmando: <em>\u201cVou falar com o cara que sabe tudo que acontece no Flamengo. Maurinho, eu gosto de falar com ele como Maurinho. Eu vou come\u00e7ar a chamar ele de Maurinho\u201d<\/em>. A resposta de Mauro Cezar foi imediata e firme: <em>\u201cN\u00e3o, voc\u00ea n\u00e3o vai me chamar de Maurinho porque eu n\u00e3o te dou essa liberdade. Meu nome \u00e9 Mauro, n\u00e3o \u00e9 Maurinho\u201d<\/em>.<\/p>\n\n\n\n<p>Asmar, surpreso com a rea\u00e7\u00e3o, tentou justificar: <em>\u201cCaraca, olha a\u00ed cara. Pra mim \u00e9 Maurinho\u201d<\/em>, mas Mauro Cezar refor\u00e7ou sua posi\u00e7\u00e3o: <em>\u201cN\u00e3o \u00e9 Maurinho, falando s\u00e9rio. Me chama pelo meu nome. Isso aqui n\u00e3o \u00e9 programa de humor\u201d<\/em>, ressaltando a seriedade com que encara o programa. Asmar ainda tentou aliviar a tens\u00e3o, alegando: <em>\u201cMas \u00e0s vezes \u00e9 e d\u00e1 audi\u00eancia por isso. Eu estou brincando com voc\u00ea\u201d<\/em>. No entanto, Mauro Cezar manteve sua postura: <em>\u201cEu n\u00e3o estou preocupado com a audi\u00eancia. Voc\u00ea tem que me tratar com respeito. Eu te chamo de Thiago, n\u00e3o \u00e9 nem de Pilhado. Me chama pelo meu nome\u201d<\/em>.<\/p>\n\n\n\n<blockquote class=\"twitter-tweet\"><p lang=\"pt\" dir=\"ltr\">Treta entre Pilhado e Mauro Cezar.<a href=\"https:\/\/t.co\/AMsGvJ6DjD\">pic.twitter.com\/AMsGvJ6DjD<\/a><\/p>&mdash; Curiosidades Brasil (@CuriosidadesBRL) <a href=\"https:\/\/twitter.com\/CuriosidadesBRL\/status\/1762874530664513918?ref_src=twsrc%5Etfw\">February 28, 2024<\/a><\/blockquote> <script async src=\"https:\/\/platform.twitter.com\/widgets.js\" charset=\"utf-8\"><\/script>\n\n\n\n<p>A discuss\u00e3o encerrou-se com Asmar minimizando a situa\u00e7\u00e3o: <em>\u201cOk, eu vou chamar. Mas marra comigo n\u00e3o vai ter. Voc\u00ea quis ser marrento comigo e eu quis ser legal como voc\u00ea. Foi uma coisa que n\u00e3o foi legal, pois eu te trato bem. Nunca te tratei com essa marra. T\u00e1 certo, vamos em frente\u201d<\/em>, enquanto Mauro Cezar finalizou o programa reconhecendo sua rea\u00e7\u00e3o excessiva e pedindo desculpas: <em>\u201cEu fui grosseiro contigo, voc\u00ea brincou comigo at\u00e9 de forma carinhosa. Eu fui grosseiro, mas voc\u00ea n\u00e3o tem culpa\u201d<\/em>.<\/p>\n\n\n\n<blockquote class=\"twitter-tweet\"><p lang=\"pt\" dir=\"ltr\">\u26a0\ufe0f Ap\u00f3s a discuss\u00e3o, Mauro Cezar pediu desculpas ao Pilhado. <a href=\"https:\/\/t.co\/OvOEG9DhTt\">pic.twitter.com\/OvOEG9DhTt<\/a><\/p>&mdash; Narradores Brasileiros (@NarradoresB) <a href=\"https:\/\/twitter.com\/NarradoresB\/status\/1762882033334837291?ref_src=twsrc%5Etfw\">February 28, 2024<\/a><\/blockquote> <script async src=\"https:\/\/platform.twitter.com\/widgets.js\" charset=\"utf-8\"><\/script>\n\n\n\n<p>Este incidente ilustra as tens\u00f5es que podem surgir em debates ao vivo, especialmente quando as intera\u00e7\u00f5es entre personalidades fortes transbordam para o dom\u00ednio p\u00fablico. As diferen\u00e7as de perspectiva sobre a informalidade e o respeito m\u00fatuo foram claramente expostas, oferecendo uma janela para as complexidades das rela\u00e7\u00f5es no jornalismo esportivo.<\/p>\n","protected":false},"excerpt":{"rendered":"<p>A edi\u00e7\u00e3o desta quarta-feira (28) do programa Bate Pronto, da R\u00e1dio Jovem Pan, foi palco de uma discuss\u00e3o intensa entre os comentaristas Mauro Cezar Pereira e Thiago Asmar, tamb\u00e9m conhecido como &#8216;Pilhado&#8217;. A disc\u00f3rdia come\u00e7ou quando Asmar dirigiu-se a Pereira de maneira informal, chamando-o de &#8216;Maurinho&#8217;, o que claramente desagradou Pereira. O incidente escalou rapidamente, [&hellip;]<\/p>\n","protected":false},"author":6,"featured_media":129134,"comment_status":"open","ping_status":"closed","sticky":false,"template":"","format":"standard","meta":{"footnotes":""},"categories":[1],"tags":[170],"class_list":["post-129132","post","type-post","status-publish","format-standard","has-post-thumbnail","hentry","category-flamengo","tag-mauro-cezar-pereira"],"yoast_head":"<!-- This site is optimized with the Yoast SEO Premium plugin v24.2 (Yoast SEO v26.9) - https:\/\/yoast.com\/product\/yoast-seo-premium-wordpress\/ -->\n<title>Mauro Cezar e Pilhado batem boca ao vivo em programa da Jovem Pan; assista<\/title>\n<meta name=\"robots\" content=\"index, follow, max-snippet:-1, max-image-preview:large, max-video-preview:-1\" \/>\n<link rel=\"canonical\" href=\"https:\/\/www.gaveanews.com\/index.php\/2024\/02\/28\/mauro-cezar-e-pilhado-batem-boca-ao-vivo-em-programa-da-jovem-pan-assista\/\" \/>\n<meta property=\"og:locale\" content=\"pt_BR\" \/>\n<meta property=\"og:type\" content=\"article\" \/>\n<meta property=\"og:title\" content=\"Mauro Cezar e Pilhado batem boca ao vivo em programa da Jovem Pan; assista\" \/>\n<meta property=\"og:description\" content=\"A edi\u00e7\u00e3o desta quarta-feira (28) do programa Bate Pronto, da R\u00e1dio Jovem Pan, foi palco de uma discuss\u00e3o intensa entre os comentaristas Mauro Cezar Pereira e Thiago Asmar, tamb\u00e9m conhecido como &#8216;Pilhado&#8217;. A disc\u00f3rdia come\u00e7ou quando Asmar dirigiu-se a Pereira de maneira informal, chamando-o de &#8216;Maurinho&#8217;, o que claramente desagradou Pereira. O incidente escalou rapidamente, [&hellip;]\" \/>\n<meta property=\"og:url\" content=\"https:\/\/www.gaveanews.com\/index.php\/2024\/02\/28\/mauro-cezar-e-pilhado-batem-boca-ao-vivo-em-programa-da-jovem-pan-assista\/\" \/>\n<meta property=\"og:site_name\" content=\"G\u00e1vea News\" \/>\n<meta property=\"article:publisher\" content=\"https:\/\/facebook.com\/gaveaNews\/\" \/>\n<meta property=\"article:published_time\" content=\"2024-02-28T19:34:57+00:00\" \/>\n<meta property=\"article:modified_time\" content=\"2024-04-07T02:04:33+00:00\" \/>\n<meta property=\"og:image\" content=\"https:\/\/www.gaveanews.com\/wp-content\/uploads\/Mauro-Cesar-e-Pilhadowebp.webp\" \/>\n\t<meta property=\"og:image:width\" content=\"800\" \/>\n\t<meta property=\"og:image:height\" content=\"420\" \/>\n\t<meta property=\"og:image:type\" content=\"image\/webp\" \/>\n<meta name=\"author\" content=\"Leonardo Ant\u00f4nio\" \/>\n<meta name=\"twitter:card\" content=\"summary_large_image\" \/>\n<meta name=\"twitter:label1\" content=\"Escrito por\" \/>\n\t<meta name=\"twitter:data1\" content=\"Leonardo Ant\u00f4nio\" \/>\n\t<meta name=\"twitter:label2\" content=\"Est. tempo de leitura\" \/>\n\t<meta name=\"twitter:data2\" content=\"3 minutos\" \/>\n<script type=\"application\/ld+json\" class=\"yoast-schema-graph\">{\"@context\":\"https:\/\/schema.org\",\"@graph\":[{\"@type\":\"NewsArticle\",\"@id\":\"https:\/\/www.gaveanews.com\/index.php\/2024\/02\/28\/mauro-cezar-e-pilhado-batem-boca-ao-vivo-em-programa-da-jovem-pan-assista\/#article\",\"isPartOf\":{\"@id\":\"https:\/\/www.gaveanews.com\/index.php\/2024\/02\/28\/mauro-cezar-e-pilhado-batem-boca-ao-vivo-em-programa-da-jovem-pan-assista\/\"},\"author\":{\"name\":\"Leonardo Ant\u00f4nio\",\"@id\":\"https:\/\/www.gaveanews.com\/#\/schema\/person\/2d29802e96a726e735077717fb5c6f20\"},\"headline\":\"Mauro Cezar e Pilhado batem boca ao vivo em programa da Jovem Pan; assista\",\"datePublished\":\"2024-02-28T19:34:57+00:00\",\"dateModified\":\"2024-04-07T02:04:33+00:00\",\"mainEntityOfPage\":{\"@id\":\"https:\/\/www.gaveanews.com\/index.php\/2024\/02\/28\/mauro-cezar-e-pilhado-batem-boca-ao-vivo-em-programa-da-jovem-pan-assista\/\"},\"wordCount\":444,\"commentCount\":0,\"image\":{\"@id\":\"https:\/\/www.gaveanews.com\/index.php\/2024\/02\/28\/mauro-cezar-e-pilhado-batem-boca-ao-vivo-em-programa-da-jovem-pan-assista\/#primaryimage\"},\"thumbnailUrl\":\"https:\/\/www.gaveanews.com\/wp-content\/uploads\/Mauro-Cesar-e-Pilhadowebp.webp\",\"keywords\":[\"Mauro Cezar Pereira\"],\"articleSection\":[\"Flamengo\"],\"inLanguage\":\"pt-BR\",\"potentialAction\":[{\"@type\":\"CommentAction\",\"name\":\"Comment\",\"target\":[\"https:\/\/www.gaveanews.com\/index.php\/2024\/02\/28\/mauro-cezar-e-pilhado-batem-boca-ao-vivo-em-programa-da-jovem-pan-assista\/#respond\"]}],\"copyrightYear\":\"2024\",\"copyrightHolder\":{\"@id\":\"https:\/\/www.gaveanews.com\/#organization\"}},{\"@type\":\"WebPage\",\"@id\":\"https:\/\/www.gaveanews.com\/index.php\/2024\/02\/28\/mauro-cezar-e-pilhado-batem-boca-ao-vivo-em-programa-da-jovem-pan-assista\/\",\"url\":\"https:\/\/www.gaveanews.com\/index.php\/2024\/02\/28\/mauro-cezar-e-pilhado-batem-boca-ao-vivo-em-programa-da-jovem-pan-assista\/\",\"name\":\"Mauro Cezar e Pilhado batem boca ao vivo em programa da Jovem Pan; assista\",\"isPartOf\":{\"@id\":\"https:\/\/www.gaveanews.com\/#website\"},\"primaryImageOfPage\":{\"@id\":\"https:\/\/www.gaveanews.com\/index.php\/2024\/02\/28\/mauro-cezar-e-pilhado-batem-boca-ao-vivo-em-programa-da-jovem-pan-assista\/#primaryimage\"},\"image\":{\"@id\":\"https:\/\/www.gaveanews.com\/index.php\/2024\/02\/28\/mauro-cezar-e-pilhado-batem-boca-ao-vivo-em-programa-da-jovem-pan-assista\/#primaryimage\"},\"thumbnailUrl\":\"https:\/\/www.gaveanews.com\/wp-content\/uploads\/Mauro-Cesar-e-Pilhadowebp.webp\",\"datePublished\":\"2024-02-28T19:34:57+00:00\",\"dateModified\":\"2024-04-07T02:04:33+00:00\",\"author\":{\"@id\":\"https:\/\/www.gaveanews.com\/#\/schema\/person\/2d29802e96a726e735077717fb5c6f20\"},\"breadcrumb\":{\"@id\":\"https:\/\/www.gaveanews.com\/index.php\/2024\/02\/28\/mauro-cezar-e-pilhado-batem-boca-ao-vivo-em-programa-da-jovem-pan-assista\/#breadcrumb\"},\"inLanguage\":\"pt-BR\",\"potentialAction\":[{\"@type\":\"ReadAction\",\"target\":[\"https:\/\/www.gaveanews.com\/index.php\/2024\/02\/28\/mauro-cezar-e-pilhado-batem-boca-ao-vivo-em-programa-da-jovem-pan-assista\/\"]}]},{\"@type\":\"ImageObject\",\"inLanguage\":\"pt-BR\",\"@id\":\"https:\/\/www.gaveanews.com\/index.php\/2024\/02\/28\/mauro-cezar-e-pilhado-batem-boca-ao-vivo-em-programa-da-jovem-pan-assista\/#primaryimage\",\"url\":\"https:\/\/www.gaveanews.com\/wp-content\/uploads\/Mauro-Cesar-e-Pilhadowebp.webp\",\"contentUrl\":\"https:\/\/www.gaveanews.com\/wp-content\/uploads\/Mauro-Cesar-e-Pilhadowebp.webp\",\"width\":800,\"height\":420,\"caption\":\"programa Bate Pronto, da R\u00e1dio Jovem Pan - Foto: Reprodu\u00e7\u00e3o\"},{\"@type\":\"BreadcrumbList\",\"@id\":\"https:\/\/www.gaveanews.com\/index.php\/2024\/02\/28\/mauro-cezar-e-pilhado-batem-boca-ao-vivo-em-programa-da-jovem-pan-assista\/#breadcrumb\",\"itemListElement\":[{\"@type\":\"ListItem\",\"position\":1,\"name\":\"Home\",\"item\":\"https:\/\/www.gaveanews.com\/\"},{\"@type\":\"ListItem\",\"position\":2,\"name\":\"Mauro Cezar e Pilhado batem boca ao vivo em programa da Jovem Pan; assista\"}]},{\"@type\":\"WebSite\",\"@id\":\"https:\/\/www.gaveanews.com\/#website\",\"url\":\"https:\/\/www.gaveanews.com\/\",\"name\":\"G\u00e1vea News\",\"description\":\"Veja todas as not\u00edcias sobre o Flamengo: Contrata\u00e7\u00f5es, categorias de base, resultados das partidas, tabela de classifica\u00e7\u00e3o, pr\u00f3ximos jogos!\",\"potentialAction\":[{\"@type\":\"SearchAction\",\"target\":{\"@type\":\"EntryPoint\",\"urlTemplate\":\"https:\/\/www.gaveanews.com\/?s={search_term_string}\"},\"query-input\":{\"@type\":\"PropertyValueSpecification\",\"valueRequired\":true,\"valueName\":\"search_term_string\"}}],\"inLanguage\":\"pt-BR\"},{\"@type\":\"Person\",\"@id\":\"https:\/\/www.gaveanews.com\/#\/schema\/person\/2d29802e96a726e735077717fb5c6f20\",\"name\":\"Leonardo Ant\u00f4nio\",\"image\":{\"@type\":\"ImageObject\",\"inLanguage\":\"pt-BR\",\"@id\":\"https:\/\/www.gaveanews.com\/#\/schema\/person\/image\/\",\"url\":\"https:\/\/secure.gravatar.com\/avatar\/b9ffc9ff64af5c915e7cb1824991ab1b4aa29b902a6a9a83be9d1c8ba449fce8?s=96&d=mm&r=g\",\"contentUrl\":\"https:\/\/secure.gravatar.com\/avatar\/b9ffc9ff64af5c915e7cb1824991ab1b4aa29b902a6a9a83be9d1c8ba449fce8?s=96&d=mm&r=g\",\"caption\":\"Leonardo Ant\u00f4nio\"}}]}<\/script>\n<!-- \/ Yoast SEO Premium plugin. -->","yoast_head_json":{"title":"Mauro Cezar e Pilhado batem boca ao vivo em programa da Jovem Pan; assista","robots":{"index":"index","follow":"follow","max-snippet":"max-snippet:-1","max-image-preview":"max-image-preview:large","max-video-preview":"max-video-preview:-1"},"canonical":"https:\/\/www.gaveanews.com\/index.php\/2024\/02\/28\/mauro-cezar-e-pilhado-batem-boca-ao-vivo-em-programa-da-jovem-pan-assista\/","og_locale":"pt_BR","og_type":"article","og_title":"Mauro Cezar e Pilhado batem boca ao vivo em programa da Jovem Pan; assista","og_description":"A edi\u00e7\u00e3o desta quarta-feira (28) do programa Bate Pronto, da R\u00e1dio Jovem Pan, foi palco de uma discuss\u00e3o intensa entre os comentaristas Mauro Cezar Pereira e Thiago Asmar, tamb\u00e9m conhecido como &#8216;Pilhado&#8217;. A disc\u00f3rdia come\u00e7ou quando Asmar dirigiu-se a Pereira de maneira informal, chamando-o de &#8216;Maurinho&#8217;, o que claramente desagradou Pereira. O incidente escalou rapidamente, [&hellip;]","og_url":"https:\/\/www.gaveanews.com\/index.php\/2024\/02\/28\/mauro-cezar-e-pilhado-batem-boca-ao-vivo-em-programa-da-jovem-pan-assista\/","og_site_name":"G\u00e1vea News","article_publisher":"https:\/\/facebook.com\/gaveaNews\/","article_published_time":"2024-02-28T19:34:57+00:00","article_modified_time":"2024-04-07T02:04:33+00:00","og_image":[{"width":800,"height":420,"url":"https:\/\/www.gaveanews.com\/wp-content\/uploads\/Mauro-Cesar-e-Pilhadowebp.webp","type":"image\/webp"}],"author":"Leonardo Ant\u00f4nio","twitter_card":"summary_large_image","twitter_misc":{"Escrito por":"Leonardo Ant\u00f4nio","Est. tempo de leitura":"3 minutos"},"schema":{"@context":"https:\/\/schema.org","@graph":[{"@type":"NewsArticle","@id":"https:\/\/www.gaveanews.com\/index.php\/2024\/02\/28\/mauro-cezar-e-pilhado-batem-boca-ao-vivo-em-programa-da-jovem-pan-assista\/#article","isPartOf":{"@id":"https:\/\/www.gaveanews.com\/index.php\/2024\/02\/28\/mauro-cezar-e-pilhado-batem-boca-ao-vivo-em-programa-da-jovem-pan-assista\/"},"author":{"name":"Leonardo Ant\u00f4nio","@id":"https:\/\/www.gaveanews.com\/#\/schema\/person\/2d29802e96a726e735077717fb5c6f20"},"headline":"Mauro Cezar e Pilhado batem boca ao vivo em programa da Jovem Pan; assista","datePublished":"2024-02-28T19:34:57+00:00","dateModified":"2024-04-07T02:04:33+00:00","mainEntityOfPage":{"@id":"https:\/\/www.gaveanews.com\/index.php\/2024\/02\/28\/mauro-cezar-e-pilhado-batem-boca-ao-vivo-em-programa-da-jovem-pan-assista\/"},"wordCount":444,"commentCount":0,"image":{"@id":"https:\/\/www.gaveanews.com\/index.php\/2024\/02\/28\/mauro-cezar-e-pilhado-batem-boca-ao-vivo-em-programa-da-jovem-pan-assista\/#primaryimage"},"thumbnailUrl":"https:\/\/www.gaveanews.com\/wp-content\/uploads\/Mauro-Cesar-e-Pilhadowebp.webp","keywords":["Mauro Cezar Pereira"],"articleSection":["Flamengo"],"inLanguage":"pt-BR","potentialAction":[{"@type":"CommentAction","name":"Comment","target":["https:\/\/www.gaveanews.com\/index.php\/2024\/02\/28\/mauro-cezar-e-pilhado-batem-boca-ao-vivo-em-programa-da-jovem-pan-assista\/#respond"]}],"copyrightYear":"2024","copyrightHolder":{"@id":"https:\/\/www.gaveanews.com\/#organization"}},{"@type":"WebPage","@id":"https:\/\/www.gaveanews.com\/index.php\/2024\/02\/28\/mauro-cezar-e-pilhado-batem-boca-ao-vivo-em-programa-da-jovem-pan-assista\/","url":"https:\/\/www.gaveanews.com\/index.php\/2024\/02\/28\/mauro-cezar-e-pilhado-batem-boca-ao-vivo-em-programa-da-jovem-pan-assista\/","name":"Mauro Cezar e Pilhado batem boca ao vivo em programa da Jovem Pan; assista","isPartOf":{"@id":"https:\/\/www.gaveanews.com\/#website"},"primaryImageOfPage":{"@id":"https:\/\/www.gaveanews.com\/index.php\/2024\/02\/28\/mauro-cezar-e-pilhado-batem-boca-ao-vivo-em-programa-da-jovem-pan-assista\/#primaryimage"},"image":{"@id":"https:\/\/www.gaveanews.com\/index.php\/2024\/02\/28\/mauro-cezar-e-pilhado-batem-boca-ao-vivo-em-programa-da-jovem-pan-assista\/#primaryimage"},"thumbnailUrl":"https:\/\/www.gaveanews.com\/wp-content\/uploads\/Mauro-Cesar-e-Pilhadowebp.webp","datePublished":"2024-02-28T19:34:57+00:00","dateModified":"2024-04-07T02:04:33+00:00","author":{"@id":"https:\/\/www.gaveanews.com\/#\/schema\/person\/2d29802e96a726e735077717fb5c6f20"},"breadcrumb":{"@id":"https:\/\/www.gaveanews.com\/index.php\/2024\/02\/28\/mauro-cezar-e-pilhado-batem-boca-ao-vivo-em-programa-da-jovem-pan-assista\/#breadcrumb"},"inLanguage":"pt-BR","potentialAction":[{"@type":"ReadAction","target":["https:\/\/www.gaveanews.com\/index.php\/2024\/02\/28\/mauro-cezar-e-pilhado-batem-boca-ao-vivo-em-programa-da-jovem-pan-assista\/"]}]},{"@type":"ImageObject","inLanguage":"pt-BR","@id":"https:\/\/www.gaveanews.com\/index.php\/2024\/02\/28\/mauro-cezar-e-pilhado-batem-boca-ao-vivo-em-programa-da-jovem-pan-assista\/#primaryimage","url":"https:\/\/www.gaveanews.com\/wp-content\/uploads\/Mauro-Cesar-e-Pilhadowebp.webp","contentUrl":"https:\/\/www.gaveanews.com\/wp-content\/uploads\/Mauro-Cesar-e-Pilhadowebp.webp","width":800,"height":420,"caption":"programa Bate Pronto, da R\u00e1dio Jovem Pan - Foto: Reprodu\u00e7\u00e3o"},{"@type":"BreadcrumbList","@id":"https:\/\/www.gaveanews.com\/index.php\/2024\/02\/28\/mauro-cezar-e-pilhado-batem-boca-ao-vivo-em-programa-da-jovem-pan-assista\/#breadcrumb","itemListElement":[{"@type":"ListItem","position":1,"name":"Home","item":"https:\/\/www.gaveanews.com\/"},{"@type":"ListItem","position":2,"name":"Mauro Cezar e Pilhado batem boca ao vivo em programa da Jovem Pan; assista"}]},{"@type":"WebSite","@id":"https:\/\/www.gaveanews.com\/#website","url":"https:\/\/www.gaveanews.com\/","name":"G\u00e1vea News","description":"Veja todas as not\u00edcias sobre o Flamengo: Contrata\u00e7\u00f5es, categorias de base, resultados das partidas, tabela de classifica\u00e7\u00e3o, pr\u00f3ximos jogos!","potentialAction":[{"@type":"SearchAction","target":{"@type":"EntryPoint","urlTemplate":"https:\/\/www.gaveanews.com\/?s={search_term_string}"},"query-input":{"@type":"PropertyValueSpecification","valueRequired":true,"valueName":"search_term_string"}}],"inLanguage":"pt-BR"},{"@type":"Person","@id":"https:\/\/www.gaveanews.com\/#\/schema\/person\/2d29802e96a726e735077717fb5c6f20","name":"Leonardo Ant\u00f4nio","image":{"@type":"ImageObject","inLanguage":"pt-BR","@id":"https:\/\/www.gaveanews.com\/#\/schema\/person\/image\/","url":"https:\/\/secure.gravatar.com\/avatar\/b9ffc9ff64af5c915e7cb1824991ab1b4aa29b902a6a9a83be9d1c8ba449fce8?s=96&d=mm&r=g","contentUrl":"https:\/\/secure.gravatar.com\/avatar\/b9ffc9ff64af5c915e7cb1824991ab1b4aa29b902a6a9a83be9d1c8ba449fce8?s=96&d=mm&r=g","caption":"Leonardo Ant\u00f4nio"}}]}},"_links":{"self":[{"href":"https:\/\/www.gaveanews.com\/index.php\/wp-json\/wp\/v2\/posts\/129132","targetHints":{"allow":["GET"]}}],"collection":[{"href":"https:\/\/www.gaveanews.com\/index.php\/wp-json\/wp\/v2\/posts"}],"about":[{"href":"https:\/\/www.gaveanews.com\/index.php\/wp-json\/wp\/v2\/types\/post"}],"author":[{"embeddable":true,"href":"https:\/\/www.gaveanews.com\/index.php\/wp-json\/wp\/v2\/users\/6"}],"replies":[{"embeddable":true,"href":"https:\/\/www.gaveanews.com\/index.php\/wp-json\/wp\/v2\/comments?post=129132"}],"version-history":[{"count":1,"href":"https:\/\/www.gaveanews.com\/index.php\/wp-json\/wp\/v2\/posts\/129132\/revisions"}],"predecessor-version":[{"id":129135,"href":"https:\/\/www.gaveanews.com\/index.php\/wp-json\/wp\/v2\/posts\/129132\/revisions\/129135"}],"wp:featuredmedia":[{"embeddable":true,"href":"https:\/\/www.gaveanews.com\/index.php\/wp-json\/wp\/v2\/media\/129134"}],"wp:attachment":[{"href":"https:\/\/www.gaveanews.com\/index.php\/wp-json\/wp\/v2\/media?parent=129132"}],"wp:term":[{"taxonomy":"category","embeddable":true,"href":"https:\/\/www.gaveanews.com\/index.php\/wp-json\/wp\/v2\/categories?post=129132"},{"taxonomy":"post_tag","embeddable":true,"href":"https:\/\/www.gaveanews.com\/index.php\/wp-json\/wp\/v2\/tags?post=129132"}],"curies":[{"name":"wp","href":"https:\/\/api.w.org\/{rel}","templated":true}]}}