{"id":129265,"date":"2024-02-29T16:47:40","date_gmt":"2024-02-29T19:47:40","guid":{"rendered":"https:\/\/www.gaveanews.com\/?p=129265"},"modified":"2024-04-06T23:22:02","modified_gmt":"2024-04-07T02:22:02","slug":"meia-da-selecao-do-uruguai-e-oferecido-ao-flamengo","status":"publish","type":"post","link":"https:\/\/www.gaveanews.com\/index.php\/2024\/02\/29\/meia-da-selecao-do-uruguai-e-oferecido-ao-flamengo\/","title":{"rendered":"Meia da Sele\u00e7\u00e3o do Uruguai \u00e9 oferecido ao Flamengo"},"content":{"rendered":"\n<p>O Flamengo mostra interesse em Nahitan N\u00e1ndez, meio-campista uruguaio com destacada trajet\u00f3ria no Boca Juniors e atualmente no Cagliari. Aos 28 anos, N\u00e1ndez \u00e9 conhecido por sua versatilidade em campo, atuando como volante e tamb\u00e9m como lateral-direito, posi\u00e7\u00f5es que o Flamengo busca refor\u00e7ar. Sua sa\u00edda do clube italiano parece iminente, visto que seu contrato est\u00e1 prestes a terminar e n\u00e3o h\u00e1 sinais de renova\u00e7\u00e3o\u200b<a href=\"https:\/\/en.wikipedia.org\/wiki\/Nahitan_N%C3%A1ndez\" target=\"_blank\" rel=\"noreferrer noopener\"><\/a>\u200b\u200b<a href=\"https:\/\/pt.wikipedia.org\/wiki\/Nahitan_N%C3%A1ndez\" target=\"_blank\" rel=\"noreferrer noopener\"><\/a>\u200b.<\/p>\n\n\n\n<p>N\u00e1ndez tem um perfil que interessa ao Flamengo, especialmente pela sua habilidade defensiva e capacidade de contribuir no ataque. O jogador \u00e9 avaliado em 5 milh\u00f5es de euros, um valor acess\u00edvel para o clube carioca considerando a qualidade e a experi\u00eancia do atleta no cen\u00e1rio internacional. Sua contrata\u00e7\u00e3o poderia fortalecer o meio-campo do time, oferecendo ao t\u00e9cnico Tite op\u00e7\u00f5es t\u00e1ticas mais vers\u00e1teis para a temporada\u200b<a href=\"https:\/\/en.wikipedia.org\/wiki\/Nahitan_N%C3%A1ndez\" target=\"_blank\" rel=\"noreferrer noopener\"><\/a>\u200b\u200b<a href=\"https:\/\/www.90min.com\/posts\/nahitan-nandez-things-to-know-about-uruguayan-midfielder\" target=\"_blank\" rel=\"noreferrer noopener\"><\/a>\u200b.<\/p>\n\n\n\n<p>A poss\u00edvel transfer\u00eancia de N\u00e1ndez para o Flamengo n\u00e3o s\u00f3 preencheria lacunas no elenco, mas tamb\u00e9m adicionaria uma camada de experi\u00eancia internacional e uma presen\u00e7a f\u00edsica no meio-campo. Com a janela de transfer\u00eancias se aproximando, a movimenta\u00e7\u00e3o do Flamengo para assegurar sua contrata\u00e7\u00e3o reflete a ambi\u00e7\u00e3o do clube em manter-se competitivo nas diversas competi\u00e7\u00f5es que disputa. A chegada de N\u00e1ndez ao Mais Querido poderia ser um dos movimentos mais significativos do mercado, dadas suas caracter\u00edsticas de jogo e sua adaptabilidade\u200b<a href=\"https:\/\/en.wikipedia.org\/wiki\/Nahitan_N%C3%A1ndez\" target=\"_blank\" rel=\"noreferrer noopener\"><\/a>\u200b\u200b<a href=\"https:\/\/www.90min.com\/posts\/nahitan-nandez-things-to-know-about-uruguayan-midfielder\" target=\"_blank\" rel=\"noreferrer noopener\"><\/a>\u200b.<\/p>\n\n\n\n<p>A negocia\u00e7\u00e3o entre Flamengo e N\u00e1ndez representa uma oportunidade tanto para o jogador quanto para o clube. Para o Flamengo, seria a adi\u00e7\u00e3o de um jogador comprovado e multifuncional; para N\u00e1ndez, a chance de iniciar um novo cap\u00edtulo em sua carreira em um dos clubes mais prestigiados da America do Sul. <\/p>\n\n\n\n<h2 class=\"wp-block-heading\" id=\"h-quando-vai-ser-o-proximo-jogo-do-flamengo\">Quando vai ser o pr\u00f3ximo jogo do Flamengo?<\/h2>\n\n\n\n<p>O Flamengo enfrentar\u00e1 o Madureira no pr\u00f3ximo s\u00e1bado (02), pela d\u00e9cima primeira rodada do Campeonato Carioca. A partida ocorrer\u00e1 no Maracan\u00e3, no Rio de Janeiro, com in\u00edcio \u00e0s 16h (hor\u00e1rio de Bras\u00edlia).. A partida ter\u00e1 transmiss\u00e3o da Band (TV aberta), Band Sports (TV fechada), Canal Goat (Youtube).<\/p>\n\n\n\n<p>Confira abaixo a agenda do Flamengo:<\/p>\n\n\n\n<p>04\/02 \u2013 Vasco 0 x 0 Flamengo<br>07\/02 \u2013 Flamengo 1 x 0 Botafogo<br>10\/02 \u2013 Flamengo 3 x 0 Volta Redonda<br>15\/02 \u2013 Bangu 0 x 3 Flamengo<br>20\/02 \u2013 Flamengo 4 x 0 Boavista<br>25\/02 \u2013 Flamengo 2 x 0 Fluminense<br>02\/03 \u2013 Flamengo x Madureira<\/p>\n","protected":false},"excerpt":{"rendered":"<p>O Flamengo mostra interesse em Nahitan N\u00e1ndez, meio-campista uruguaio com destacada trajet\u00f3ria no Boca Juniors e atualmente no Cagliari. Aos 28 anos, N\u00e1ndez \u00e9 conhecido por sua versatilidade em campo, atuando como volante e tamb\u00e9m como lateral-direito, posi\u00e7\u00f5es que o Flamengo busca refor\u00e7ar. Sua sa\u00edda do clube italiano parece iminente, visto que seu contrato est\u00e1 [&hellip;]<\/p>\n","protected":false},"author":6,"featured_media":129277,"comment_status":"open","ping_status":"closed","sticky":false,"template":"","format":"standard","meta":{"footnotes":""},"categories":[48],"tags":[171],"class_list":["post-129265","post","type-post","status-publish","format-standard","has-post-thumbnail","hentry","category-negociacoes","tag-adenor-leonardo-bachi-tite"],"yoast_head":"<!-- This site is optimized with the Yoast SEO Premium plugin v24.2 (Yoast SEO v26.9) - https:\/\/yoast.com\/product\/yoast-seo-premium-wordpress\/ -->\n<title>Meia da Sele\u00e7\u00e3o do Uruguai \u00e9 oferecido ao Flamengo<\/title>\n<meta name=\"robots\" content=\"index, follow, max-snippet:-1, max-image-preview:large, max-video-preview:-1\" \/>\n<link rel=\"canonical\" href=\"https:\/\/www.gaveanews.com\/index.php\/2024\/02\/29\/meia-da-selecao-do-uruguai-e-oferecido-ao-flamengo\/\" \/>\n<meta property=\"og:locale\" content=\"pt_BR\" \/>\n<meta property=\"og:type\" content=\"article\" \/>\n<meta property=\"og:title\" content=\"Meia da Sele\u00e7\u00e3o do Uruguai \u00e9 oferecido ao Flamengo\" \/>\n<meta property=\"og:description\" content=\"O Flamengo mostra interesse em Nahitan N\u00e1ndez, meio-campista uruguaio com destacada trajet\u00f3ria no Boca Juniors e atualmente no Cagliari. Aos 28 anos, N\u00e1ndez \u00e9 conhecido por sua versatilidade em campo, atuando como volante e tamb\u00e9m como lateral-direito, posi\u00e7\u00f5es que o Flamengo busca refor\u00e7ar. Sua sa\u00edda do clube italiano parece iminente, visto que seu contrato est\u00e1 [&hellip;]\" \/>\n<meta property=\"og:url\" content=\"https:\/\/www.gaveanews.com\/index.php\/2024\/02\/29\/meia-da-selecao-do-uruguai-e-oferecido-ao-flamengo\/\" \/>\n<meta property=\"og:site_name\" content=\"G\u00e1vea News\" \/>\n<meta property=\"article:publisher\" content=\"https:\/\/facebook.com\/gaveaNews\/\" \/>\n<meta property=\"article:published_time\" content=\"2024-02-29T19:47:40+00:00\" \/>\n<meta property=\"article:modified_time\" content=\"2024-04-07T02:22:02+00:00\" \/>\n<meta property=\"og:image\" content=\"https:\/\/www.gaveanews.com\/wp-content\/uploads\/download.webp\" \/>\n\t<meta property=\"og:image:width\" content=\"1440\" \/>\n\t<meta property=\"og:image:height\" content=\"990\" \/>\n\t<meta property=\"og:image:type\" content=\"image\/jpeg\" \/>\n<meta name=\"author\" content=\"Leonardo Ant\u00f4nio\" \/>\n<meta name=\"twitter:card\" content=\"summary_large_image\" \/>\n<meta name=\"twitter:label1\" content=\"Escrito por\" \/>\n\t<meta name=\"twitter:data1\" content=\"Leonardo Ant\u00f4nio\" \/>\n\t<meta name=\"twitter:label2\" content=\"Est. tempo de leitura\" \/>\n\t<meta name=\"twitter:data2\" content=\"3 minutos\" \/>\n<script type=\"application\/ld+json\" class=\"yoast-schema-graph\">{\"@context\":\"https:\/\/schema.org\",\"@graph\":[{\"@type\":\"NewsArticle\",\"@id\":\"https:\/\/www.gaveanews.com\/index.php\/2024\/02\/29\/meia-da-selecao-do-uruguai-e-oferecido-ao-flamengo\/#article\",\"isPartOf\":{\"@id\":\"https:\/\/www.gaveanews.com\/index.php\/2024\/02\/29\/meia-da-selecao-do-uruguai-e-oferecido-ao-flamengo\/\"},\"author\":{\"name\":\"Leonardo Ant\u00f4nio\",\"@id\":\"https:\/\/www.gaveanews.com\/#\/schema\/person\/2d29802e96a726e735077717fb5c6f20\"},\"headline\":\"Meia da Sele\u00e7\u00e3o do Uruguai \u00e9 oferecido ao Flamengo\",\"datePublished\":\"2024-02-29T19:47:40+00:00\",\"dateModified\":\"2024-04-07T02:22:02+00:00\",\"mainEntityOfPage\":{\"@id\":\"https:\/\/www.gaveanews.com\/index.php\/2024\/02\/29\/meia-da-selecao-do-uruguai-e-oferecido-ao-flamengo\/\"},\"wordCount\":394,\"commentCount\":0,\"image\":{\"@id\":\"https:\/\/www.gaveanews.com\/index.php\/2024\/02\/29\/meia-da-selecao-do-uruguai-e-oferecido-ao-flamengo\/#primaryimage\"},\"thumbnailUrl\":\"https:\/\/www.gaveanews.com\/wp-content\/uploads\/download.webp\",\"keywords\":[\"Adenor Leonardo Bachi\"],\"articleSection\":[\"Negocia\u00e7\u00f5es\"],\"inLanguage\":\"pt-BR\",\"potentialAction\":[{\"@type\":\"CommentAction\",\"name\":\"Comment\",\"target\":[\"https:\/\/www.gaveanews.com\/index.php\/2024\/02\/29\/meia-da-selecao-do-uruguai-e-oferecido-ao-flamengo\/#respond\"]}],\"copyrightYear\":\"2024\",\"copyrightHolder\":{\"@id\":\"https:\/\/www.gaveanews.com\/#organization\"}},{\"@type\":\"WebPage\",\"@id\":\"https:\/\/www.gaveanews.com\/index.php\/2024\/02\/29\/meia-da-selecao-do-uruguai-e-oferecido-ao-flamengo\/\",\"url\":\"https:\/\/www.gaveanews.com\/index.php\/2024\/02\/29\/meia-da-selecao-do-uruguai-e-oferecido-ao-flamengo\/\",\"name\":\"Meia da Sele\u00e7\u00e3o do Uruguai \u00e9 oferecido ao Flamengo\",\"isPartOf\":{\"@id\":\"https:\/\/www.gaveanews.com\/#website\"},\"primaryImageOfPage\":{\"@id\":\"https:\/\/www.gaveanews.com\/index.php\/2024\/02\/29\/meia-da-selecao-do-uruguai-e-oferecido-ao-flamengo\/#primaryimage\"},\"image\":{\"@id\":\"https:\/\/www.gaveanews.com\/index.php\/2024\/02\/29\/meia-da-selecao-do-uruguai-e-oferecido-ao-flamengo\/#primaryimage\"},\"thumbnailUrl\":\"https:\/\/www.gaveanews.com\/wp-content\/uploads\/download.webp\",\"datePublished\":\"2024-02-29T19:47:40+00:00\",\"dateModified\":\"2024-04-07T02:22:02+00:00\",\"author\":{\"@id\":\"https:\/\/www.gaveanews.com\/#\/schema\/person\/2d29802e96a726e735077717fb5c6f20\"},\"breadcrumb\":{\"@id\":\"https:\/\/www.gaveanews.com\/index.php\/2024\/02\/29\/meia-da-selecao-do-uruguai-e-oferecido-ao-flamengo\/#breadcrumb\"},\"inLanguage\":\"pt-BR\",\"potentialAction\":[{\"@type\":\"ReadAction\",\"target\":[\"https:\/\/www.gaveanews.com\/index.php\/2024\/02\/29\/meia-da-selecao-do-uruguai-e-oferecido-ao-flamengo\/\"]}]},{\"@type\":\"ImageObject\",\"inLanguage\":\"pt-BR\",\"@id\":\"https:\/\/www.gaveanews.com\/index.php\/2024\/02\/29\/meia-da-selecao-do-uruguai-e-oferecido-ao-flamengo\/#primaryimage\",\"url\":\"https:\/\/www.gaveanews.com\/wp-content\/uploads\/download.webp\",\"contentUrl\":\"https:\/\/www.gaveanews.com\/wp-content\/uploads\/download.webp\",\"width\":1440,\"height\":990,\"caption\":\"Luis Su\u00e1rez, Giorgian De Arrascaeta e Nahitan N\u00e1ndez comemorando gol pela sele\u00e7\u00e3o do Uruguai - Foto: Nicol\u00e1s Pereyra.\"},{\"@type\":\"BreadcrumbList\",\"@id\":\"https:\/\/www.gaveanews.com\/index.php\/2024\/02\/29\/meia-da-selecao-do-uruguai-e-oferecido-ao-flamengo\/#breadcrumb\",\"itemListElement\":[{\"@type\":\"ListItem\",\"position\":1,\"name\":\"Home\",\"item\":\"https:\/\/www.gaveanews.com\/\"},{\"@type\":\"ListItem\",\"position\":2,\"name\":\"Meia da Sele\u00e7\u00e3o do Uruguai \u00e9 oferecido ao Flamengo\"}]},{\"@type\":\"WebSite\",\"@id\":\"https:\/\/www.gaveanews.com\/#website\",\"url\":\"https:\/\/www.gaveanews.com\/\",\"name\":\"G\u00e1vea News\",\"description\":\"Veja todas as not\u00edcias sobre o Flamengo: Contrata\u00e7\u00f5es, categorias de base, resultados das partidas, tabela de classifica\u00e7\u00e3o, pr\u00f3ximos jogos!\",\"potentialAction\":[{\"@type\":\"SearchAction\",\"target\":{\"@type\":\"EntryPoint\",\"urlTemplate\":\"https:\/\/www.gaveanews.com\/?s={search_term_string}\"},\"query-input\":{\"@type\":\"PropertyValueSpecification\",\"valueRequired\":true,\"valueName\":\"search_term_string\"}}],\"inLanguage\":\"pt-BR\"},{\"@type\":\"Person\",\"@id\":\"https:\/\/www.gaveanews.com\/#\/schema\/person\/2d29802e96a726e735077717fb5c6f20\",\"name\":\"Leonardo Ant\u00f4nio\",\"image\":{\"@type\":\"ImageObject\",\"inLanguage\":\"pt-BR\",\"@id\":\"https:\/\/www.gaveanews.com\/#\/schema\/person\/image\/\",\"url\":\"https:\/\/secure.gravatar.com\/avatar\/b9ffc9ff64af5c915e7cb1824991ab1b4aa29b902a6a9a83be9d1c8ba449fce8?s=96&d=mm&r=g\",\"contentUrl\":\"https:\/\/secure.gravatar.com\/avatar\/b9ffc9ff64af5c915e7cb1824991ab1b4aa29b902a6a9a83be9d1c8ba449fce8?s=96&d=mm&r=g\",\"caption\":\"Leonardo Ant\u00f4nio\"}}]}<\/script>\n<!-- \/ Yoast SEO Premium plugin. -->","yoast_head_json":{"title":"Meia da Sele\u00e7\u00e3o do Uruguai \u00e9 oferecido ao Flamengo","robots":{"index":"index","follow":"follow","max-snippet":"max-snippet:-1","max-image-preview":"max-image-preview:large","max-video-preview":"max-video-preview:-1"},"canonical":"https:\/\/www.gaveanews.com\/index.php\/2024\/02\/29\/meia-da-selecao-do-uruguai-e-oferecido-ao-flamengo\/","og_locale":"pt_BR","og_type":"article","og_title":"Meia da Sele\u00e7\u00e3o do Uruguai \u00e9 oferecido ao Flamengo","og_description":"O Flamengo mostra interesse em Nahitan N\u00e1ndez, meio-campista uruguaio com destacada trajet\u00f3ria no Boca Juniors e atualmente no Cagliari. Aos 28 anos, N\u00e1ndez \u00e9 conhecido por sua versatilidade em campo, atuando como volante e tamb\u00e9m como lateral-direito, posi\u00e7\u00f5es que o Flamengo busca refor\u00e7ar. Sua sa\u00edda do clube italiano parece iminente, visto que seu contrato est\u00e1 [&hellip;]","og_url":"https:\/\/www.gaveanews.com\/index.php\/2024\/02\/29\/meia-da-selecao-do-uruguai-e-oferecido-ao-flamengo\/","og_site_name":"G\u00e1vea News","article_publisher":"https:\/\/facebook.com\/gaveaNews\/","article_published_time":"2024-02-29T19:47:40+00:00","article_modified_time":"2024-04-07T02:22:02+00:00","og_image":[{"width":1440,"height":990,"url":"https:\/\/www.gaveanews.com\/wp-content\/uploads\/download.webp","type":"image\/jpeg"}],"author":"Leonardo Ant\u00f4nio","twitter_card":"summary_large_image","twitter_misc":{"Escrito por":"Leonardo Ant\u00f4nio","Est. tempo de leitura":"3 minutos"},"schema":{"@context":"https:\/\/schema.org","@graph":[{"@type":"NewsArticle","@id":"https:\/\/www.gaveanews.com\/index.php\/2024\/02\/29\/meia-da-selecao-do-uruguai-e-oferecido-ao-flamengo\/#article","isPartOf":{"@id":"https:\/\/www.gaveanews.com\/index.php\/2024\/02\/29\/meia-da-selecao-do-uruguai-e-oferecido-ao-flamengo\/"},"author":{"name":"Leonardo Ant\u00f4nio","@id":"https:\/\/www.gaveanews.com\/#\/schema\/person\/2d29802e96a726e735077717fb5c6f20"},"headline":"Meia da Sele\u00e7\u00e3o do Uruguai \u00e9 oferecido ao Flamengo","datePublished":"2024-02-29T19:47:40+00:00","dateModified":"2024-04-07T02:22:02+00:00","mainEntityOfPage":{"@id":"https:\/\/www.gaveanews.com\/index.php\/2024\/02\/29\/meia-da-selecao-do-uruguai-e-oferecido-ao-flamengo\/"},"wordCount":394,"commentCount":0,"image":{"@id":"https:\/\/www.gaveanews.com\/index.php\/2024\/02\/29\/meia-da-selecao-do-uruguai-e-oferecido-ao-flamengo\/#primaryimage"},"thumbnailUrl":"https:\/\/www.gaveanews.com\/wp-content\/uploads\/download.webp","keywords":["Adenor Leonardo Bachi"],"articleSection":["Negocia\u00e7\u00f5es"],"inLanguage":"pt-BR","potentialAction":[{"@type":"CommentAction","name":"Comment","target":["https:\/\/www.gaveanews.com\/index.php\/2024\/02\/29\/meia-da-selecao-do-uruguai-e-oferecido-ao-flamengo\/#respond"]}],"copyrightYear":"2024","copyrightHolder":{"@id":"https:\/\/www.gaveanews.com\/#organization"}},{"@type":"WebPage","@id":"https:\/\/www.gaveanews.com\/index.php\/2024\/02\/29\/meia-da-selecao-do-uruguai-e-oferecido-ao-flamengo\/","url":"https:\/\/www.gaveanews.com\/index.php\/2024\/02\/29\/meia-da-selecao-do-uruguai-e-oferecido-ao-flamengo\/","name":"Meia da Sele\u00e7\u00e3o do Uruguai \u00e9 oferecido ao Flamengo","isPartOf":{"@id":"https:\/\/www.gaveanews.com\/#website"},"primaryImageOfPage":{"@id":"https:\/\/www.gaveanews.com\/index.php\/2024\/02\/29\/meia-da-selecao-do-uruguai-e-oferecido-ao-flamengo\/#primaryimage"},"image":{"@id":"https:\/\/www.gaveanews.com\/index.php\/2024\/02\/29\/meia-da-selecao-do-uruguai-e-oferecido-ao-flamengo\/#primaryimage"},"thumbnailUrl":"https:\/\/www.gaveanews.com\/wp-content\/uploads\/download.webp","datePublished":"2024-02-29T19:47:40+00:00","dateModified":"2024-04-07T02:22:02+00:00","author":{"@id":"https:\/\/www.gaveanews.com\/#\/schema\/person\/2d29802e96a726e735077717fb5c6f20"},"breadcrumb":{"@id":"https:\/\/www.gaveanews.com\/index.php\/2024\/02\/29\/meia-da-selecao-do-uruguai-e-oferecido-ao-flamengo\/#breadcrumb"},"inLanguage":"pt-BR","potentialAction":[{"@type":"ReadAction","target":["https:\/\/www.gaveanews.com\/index.php\/2024\/02\/29\/meia-da-selecao-do-uruguai-e-oferecido-ao-flamengo\/"]}]},{"@type":"ImageObject","inLanguage":"pt-BR","@id":"https:\/\/www.gaveanews.com\/index.php\/2024\/02\/29\/meia-da-selecao-do-uruguai-e-oferecido-ao-flamengo\/#primaryimage","url":"https:\/\/www.gaveanews.com\/wp-content\/uploads\/download.webp","contentUrl":"https:\/\/www.gaveanews.com\/wp-content\/uploads\/download.webp","width":1440,"height":990,"caption":"Luis Su\u00e1rez, Giorgian De Arrascaeta e Nahitan N\u00e1ndez comemorando gol pela sele\u00e7\u00e3o do Uruguai - Foto: Nicol\u00e1s Pereyra."},{"@type":"BreadcrumbList","@id":"https:\/\/www.gaveanews.com\/index.php\/2024\/02\/29\/meia-da-selecao-do-uruguai-e-oferecido-ao-flamengo\/#breadcrumb","itemListElement":[{"@type":"ListItem","position":1,"name":"Home","item":"https:\/\/www.gaveanews.com\/"},{"@type":"ListItem","position":2,"name":"Meia da Sele\u00e7\u00e3o do Uruguai \u00e9 oferecido ao Flamengo"}]},{"@type":"WebSite","@id":"https:\/\/www.gaveanews.com\/#website","url":"https:\/\/www.gaveanews.com\/","name":"G\u00e1vea News","description":"Veja todas as not\u00edcias sobre o Flamengo: Contrata\u00e7\u00f5es, categorias de base, resultados das partidas, tabela de classifica\u00e7\u00e3o, pr\u00f3ximos jogos!","potentialAction":[{"@type":"SearchAction","target":{"@type":"EntryPoint","urlTemplate":"https:\/\/www.gaveanews.com\/?s={search_term_string}"},"query-input":{"@type":"PropertyValueSpecification","valueRequired":true,"valueName":"search_term_string"}}],"inLanguage":"pt-BR"},{"@type":"Person","@id":"https:\/\/www.gaveanews.com\/#\/schema\/person\/2d29802e96a726e735077717fb5c6f20","name":"Leonardo Ant\u00f4nio","image":{"@type":"ImageObject","inLanguage":"pt-BR","@id":"https:\/\/www.gaveanews.com\/#\/schema\/person\/image\/","url":"https:\/\/secure.gravatar.com\/avatar\/b9ffc9ff64af5c915e7cb1824991ab1b4aa29b902a6a9a83be9d1c8ba449fce8?s=96&d=mm&r=g","contentUrl":"https:\/\/secure.gravatar.com\/avatar\/b9ffc9ff64af5c915e7cb1824991ab1b4aa29b902a6a9a83be9d1c8ba449fce8?s=96&d=mm&r=g","caption":"Leonardo Ant\u00f4nio"}}]}},"_links":{"self":[{"href":"https:\/\/www.gaveanews.com\/index.php\/wp-json\/wp\/v2\/posts\/129265","targetHints":{"allow":["GET"]}}],"collection":[{"href":"https:\/\/www.gaveanews.com\/index.php\/wp-json\/wp\/v2\/posts"}],"about":[{"href":"https:\/\/www.gaveanews.com\/index.php\/wp-json\/wp\/v2\/types\/post"}],"author":[{"embeddable":true,"href":"https:\/\/www.gaveanews.com\/index.php\/wp-json\/wp\/v2\/users\/6"}],"replies":[{"embeddable":true,"href":"https:\/\/www.gaveanews.com\/index.php\/wp-json\/wp\/v2\/comments?post=129265"}],"version-history":[{"count":1,"href":"https:\/\/www.gaveanews.com\/index.php\/wp-json\/wp\/v2\/posts\/129265\/revisions"}],"predecessor-version":[{"id":129281,"href":"https:\/\/www.gaveanews.com\/index.php\/wp-json\/wp\/v2\/posts\/129265\/revisions\/129281"}],"wp:featuredmedia":[{"embeddable":true,"href":"https:\/\/www.gaveanews.com\/index.php\/wp-json\/wp\/v2\/media\/129277"}],"wp:attachment":[{"href":"https:\/\/www.gaveanews.com\/index.php\/wp-json\/wp\/v2\/media?parent=129265"}],"wp:term":[{"taxonomy":"category","embeddable":true,"href":"https:\/\/www.gaveanews.com\/index.php\/wp-json\/wp\/v2\/categories?post=129265"},{"taxonomy":"post_tag","embeddable":true,"href":"https:\/\/www.gaveanews.com\/index.php\/wp-json\/wp\/v2\/tags?post=129265"}],"curies":[{"name":"wp","href":"https:\/\/api.w.org\/{rel}","templated":true}]}}