{"id":129438,"date":"2024-03-01T12:59:08","date_gmt":"2024-03-01T15:59:08","guid":{"rendered":"https:\/\/www.gaveanews.com\/?p=129438"},"modified":"2024-03-01T12:59:15","modified_gmt":"2024-03-01T15:59:15","slug":"leo-ortiz-nao-se-reapresenta-para-treino-no-bragantino","status":"publish","type":"post","link":"https:\/\/www.gaveanews.com\/index.php\/2024\/03\/01\/leo-ortiz-nao-se-reapresenta-para-treino-no-bragantino\/","title":{"rendered":"L\u00e9o Ortiz n\u00e3o se reapresenta para treino no Bragantino"},"content":{"rendered":"\n<p>O Flamengo est\u00e1 perto de anunciar o segundo refor\u00e7o para fortalecer sua linha defensiva, com a contrata\u00e7\u00e3o do zagueiro L\u00e9o Ortiz, do Bragantino. As negocia\u00e7\u00f5es entre os dois clubes t\u00eam sido uma constante, com o Flamengo tentando encontrar um terreno comum em meio \u00e0s exig\u00eancias firmes do Bragantino, que n\u00e3o est\u00e1 disposto a liberar seu jogador por menos do valor estabelecido. Uma reuni\u00e3o na madrugada desta sexta-feira (01) acertou os \u00faltimos detalhes para o an\u00fancio do jogador.<\/p>\n\n\n\n<p>A situa\u00e7\u00e3o ganhou um novo cap\u00edtulo com a aus\u00eancia de L\u00e9o Ortiz nos treinos do Bragantino nesta sexta-feira. Este evento \u00e9 particularmente not\u00e1vel, pois jogadores frequentemente se ausentam de atividades do clube quando uma transfer\u00eancia est\u00e1 iminente, sugerindo que as negocia\u00e7\u00f5es entre o Flamengo e o Bragantino podem estar avan\u00e7ando. A falta de Ortiz \u00e9 um forte indicativo de que o jogador pode estar se preparando para uma mudan\u00e7a, aumentando as especula\u00e7\u00f5es e a expectativa entre os torcedores do Flamengo.<\/p>\n\n\n\n<p>Do ponto de vista do Flamengo, a contrata\u00e7\u00e3o de L\u00e9o Ortiz \u00e9 vista como uma necessidade urgente. O clube enfrentou recentemente a sa\u00edda de jogadores importantes da defesa, como Rodrigo Caio e Pablo, o que enfraqueceu significativamente a equipe nesse setor. A chegada de Ortiz seria um refor\u00e7o significativo, trazendo n\u00e3o apenas habilidade, mas tamb\u00e9m lideran\u00e7a e experi\u00eancia para a retaguarda do Flamengo.<\/p>\n\n\n\n<p>L\u00e9o Ortiz tem sido uma figura central para o Bragantino, n\u00e3o apenas pela sua solidez defensiva, mas tamb\u00e9m pela sua lideran\u00e7a dentro e fora de campo. O defensor tem sido pe\u00e7a fundamental no esquema da equipe, contribuindo significativamente para o sucesso do time, incluindo ajud\u00e1-los a avan\u00e7ar na Libertadores. Sua import\u00e2ncia para o Bragantino \u00e9 indiscut\u00edvel, e sua poss\u00edvel sa\u00edda representa uma grande perda para o clube.<\/p>\n\n\n\n<p>Al\u00e9m disso, o pr\u00f3prio jogador tem manifestado o desejo de se juntar ao Flamengo, um fator que n\u00e3o pode ser subestimado nas negocia\u00e7\u00f5es entre os clubes. O interesse m\u00fatuo entre jogador e clube pode acelerar o processo de transfer\u00eancia, apesar das complica\u00e7\u00f5es inerentes \u00e0s negocia\u00e7\u00f5es. O desejo de Ortiz de jogar no Flamengo adiciona uma dimens\u00e3o pessoal \u00e0 transa\u00e7\u00e3o, tornando-a mais do que apenas uma negocia\u00e7\u00e3o entre dois clubes.<\/p>\n\n\n\n<h2 class=\"wp-block-heading\" id=\"h-quando-vai-ser-o-proximo-jogo-do-flamengo\">Quando vai ser o pr\u00f3ximo jogo do Flamengo?<\/h2>\n\n\n\n<p>O Flamengo enfrentar\u00e1 o Madureira no pr\u00f3ximo s\u00e1bado (02), pela d\u00e9cima primeira rodada do Campeonato Carioca. A partida ocorrer\u00e1 no Maracan\u00e3, no Rio de Janeiro, com in\u00edcio \u00e0s 16h (hor\u00e1rio de Bras\u00edlia).. A partida ter\u00e1 transmiss\u00e3o da Band (TV aberta), Band Sports (TV fechada), Canal Goat (Youtube).<\/p>\n\n\n\n<p>Confira abaixo a agenda do Flamengo:<\/p>\n\n\n\n<p>04\/02 \u2013 Vasco 0 x 0 Flamengo<br>07\/02 \u2013 Flamengo 1 x 0 Botafogo<br>10\/02 \u2013 Flamengo 3 x 0 Volta Redonda<br>15\/02 \u2013 Bangu 0 x 3 Flamengo<br>20\/02 \u2013 Flamengo 4 x 0 Boavista<br>25\/02 \u2013 Flamengo 2 x 0 Fluminense<br>02\/03 \u2013 Flamengo x Madureira<br><br><a href=\"https:\/\/www.gaveanews.com\/index.php\/2024\/03\/01\/flamengo-vai-demitir-vice-presidente-do-clube\/\">Flamengo vai demitir vice-presidente do clube<\/a><\/p>\n","protected":false},"excerpt":{"rendered":"<p>O Flamengo est\u00e1 perto de anunciar o segundo refor\u00e7o para fortalecer sua linha defensiva, com a contrata\u00e7\u00e3o do zagueiro L\u00e9o Ortiz, do Bragantino. As negocia\u00e7\u00f5es entre os dois clubes t\u00eam sido uma constante, com o Flamengo tentando encontrar um terreno comum em meio \u00e0s exig\u00eancias firmes do Bragantino, que n\u00e3o est\u00e1 disposto a liberar seu [&hellip;]<\/p>\n","protected":false},"author":10,"featured_media":75865,"comment_status":"open","ping_status":"closed","sticky":false,"template":"","format":"standard","meta":{"footnotes":""},"categories":[1],"tags":[],"class_list":["post-129438","post","type-post","status-publish","format-standard","has-post-thumbnail","hentry","category-flamengo"],"yoast_head":"<!-- This site is optimized with the Yoast SEO Premium plugin v24.2 (Yoast SEO v26.9) - https:\/\/yoast.com\/product\/yoast-seo-premium-wordpress\/ -->\n<title>L\u00e9o Ortiz n\u00e3o se reapresenta para treino no Bragantino<\/title>\n<meta name=\"robots\" content=\"index, follow, max-snippet:-1, max-image-preview:large, max-video-preview:-1\" \/>\n<link rel=\"canonical\" href=\"https:\/\/www.gaveanews.com\/index.php\/2024\/03\/01\/leo-ortiz-nao-se-reapresenta-para-treino-no-bragantino\/\" \/>\n<meta property=\"og:locale\" content=\"pt_BR\" \/>\n<meta property=\"og:type\" content=\"article\" \/>\n<meta property=\"og:title\" content=\"L\u00e9o Ortiz n\u00e3o se reapresenta para treino no Bragantino\" \/>\n<meta property=\"og:description\" content=\"O Flamengo est\u00e1 perto de anunciar o segundo refor\u00e7o para fortalecer sua linha defensiva, com a contrata\u00e7\u00e3o do zagueiro L\u00e9o Ortiz, do Bragantino. As negocia\u00e7\u00f5es entre os dois clubes t\u00eam sido uma constante, com o Flamengo tentando encontrar um terreno comum em meio \u00e0s exig\u00eancias firmes do Bragantino, que n\u00e3o est\u00e1 disposto a liberar seu [&hellip;]\" \/>\n<meta property=\"og:url\" content=\"https:\/\/www.gaveanews.com\/index.php\/2024\/03\/01\/leo-ortiz-nao-se-reapresenta-para-treino-no-bragantino\/\" \/>\n<meta property=\"og:site_name\" content=\"G\u00e1vea News\" \/>\n<meta property=\"article:publisher\" content=\"https:\/\/facebook.com\/gaveaNews\/\" \/>\n<meta property=\"article:published_time\" content=\"2024-03-01T15:59:08+00:00\" \/>\n<meta property=\"article:modified_time\" content=\"2024-03-01T15:59:15+00:00\" \/>\n<meta property=\"og:image\" content=\"https:\/\/www.gaveanews.com\/wp-content\/uploads\/Leo-Ortiz-em-acao-pelo-Red-Bull-Bragantino.webp\" \/>\n\t<meta property=\"og:image:width\" content=\"1008\" \/>\n\t<meta property=\"og:image:height\" content=\"672\" \/>\n\t<meta property=\"og:image:type\" content=\"image\/jpeg\" \/>\n<meta name=\"author\" content=\"Kayo Silva\" \/>\n<meta name=\"twitter:card\" content=\"summary_large_image\" \/>\n<meta name=\"twitter:label1\" content=\"Escrito por\" \/>\n\t<meta name=\"twitter:data1\" content=\"Kayo Silva\" \/>\n\t<meta name=\"twitter:label2\" content=\"Est. tempo de leitura\" \/>\n\t<meta name=\"twitter:data2\" content=\"3 minutos\" \/>\n<script type=\"application\/ld+json\" class=\"yoast-schema-graph\">{\"@context\":\"https:\/\/schema.org\",\"@graph\":[{\"@type\":\"NewsArticle\",\"@id\":\"https:\/\/www.gaveanews.com\/index.php\/2024\/03\/01\/leo-ortiz-nao-se-reapresenta-para-treino-no-bragantino\/#article\",\"isPartOf\":{\"@id\":\"https:\/\/www.gaveanews.com\/index.php\/2024\/03\/01\/leo-ortiz-nao-se-reapresenta-para-treino-no-bragantino\/\"},\"author\":{\"name\":\"Kayo Silva\",\"@id\":\"https:\/\/www.gaveanews.com\/#\/schema\/person\/51b3ba6a493cf9e7af9ce2c6d0d4ff1c\"},\"headline\":\"L\u00e9o Ortiz n\u00e3o se reapresenta para treino no Bragantino\",\"datePublished\":\"2024-03-01T15:59:08+00:00\",\"dateModified\":\"2024-03-01T15:59:15+00:00\",\"mainEntityOfPage\":{\"@id\":\"https:\/\/www.gaveanews.com\/index.php\/2024\/03\/01\/leo-ortiz-nao-se-reapresenta-para-treino-no-bragantino\/\"},\"wordCount\":506,\"commentCount\":0,\"image\":{\"@id\":\"https:\/\/www.gaveanews.com\/index.php\/2024\/03\/01\/leo-ortiz-nao-se-reapresenta-para-treino-no-bragantino\/#primaryimage\"},\"thumbnailUrl\":\"https:\/\/www.gaveanews.com\/wp-content\/uploads\/Leo-Ortiz-em-acao-pelo-Red-Bull-Bragantino.webp\",\"articleSection\":[\"Flamengo\"],\"inLanguage\":\"pt-BR\",\"potentialAction\":[{\"@type\":\"CommentAction\",\"name\":\"Comment\",\"target\":[\"https:\/\/www.gaveanews.com\/index.php\/2024\/03\/01\/leo-ortiz-nao-se-reapresenta-para-treino-no-bragantino\/#respond\"]}],\"copyrightYear\":\"2024\",\"copyrightHolder\":{\"@id\":\"https:\/\/www.gaveanews.com\/#organization\"}},{\"@type\":\"WebPage\",\"@id\":\"https:\/\/www.gaveanews.com\/index.php\/2024\/03\/01\/leo-ortiz-nao-se-reapresenta-para-treino-no-bragantino\/\",\"url\":\"https:\/\/www.gaveanews.com\/index.php\/2024\/03\/01\/leo-ortiz-nao-se-reapresenta-para-treino-no-bragantino\/\",\"name\":\"L\u00e9o Ortiz n\u00e3o se reapresenta para treino no Bragantino\",\"isPartOf\":{\"@id\":\"https:\/\/www.gaveanews.com\/#website\"},\"primaryImageOfPage\":{\"@id\":\"https:\/\/www.gaveanews.com\/index.php\/2024\/03\/01\/leo-ortiz-nao-se-reapresenta-para-treino-no-bragantino\/#primaryimage\"},\"image\":{\"@id\":\"https:\/\/www.gaveanews.com\/index.php\/2024\/03\/01\/leo-ortiz-nao-se-reapresenta-para-treino-no-bragantino\/#primaryimage\"},\"thumbnailUrl\":\"https:\/\/www.gaveanews.com\/wp-content\/uploads\/Leo-Ortiz-em-acao-pelo-Red-Bull-Bragantino.webp\",\"datePublished\":\"2024-03-01T15:59:08+00:00\",\"dateModified\":\"2024-03-01T15:59:15+00:00\",\"author\":{\"@id\":\"https:\/\/www.gaveanews.com\/#\/schema\/person\/51b3ba6a493cf9e7af9ce2c6d0d4ff1c\"},\"breadcrumb\":{\"@id\":\"https:\/\/www.gaveanews.com\/index.php\/2024\/03\/01\/leo-ortiz-nao-se-reapresenta-para-treino-no-bragantino\/#breadcrumb\"},\"inLanguage\":\"pt-BR\",\"potentialAction\":[{\"@type\":\"ReadAction\",\"target\":[\"https:\/\/www.gaveanews.com\/index.php\/2024\/03\/01\/leo-ortiz-nao-se-reapresenta-para-treino-no-bragantino\/\"]}]},{\"@type\":\"ImageObject\",\"inLanguage\":\"pt-BR\",\"@id\":\"https:\/\/www.gaveanews.com\/index.php\/2024\/03\/01\/leo-ortiz-nao-se-reapresenta-para-treino-no-bragantino\/#primaryimage\",\"url\":\"https:\/\/www.gaveanews.com\/wp-content\/uploads\/Leo-Ortiz-em-acao-pelo-Red-Bull-Bragantino.webp\",\"contentUrl\":\"https:\/\/www.gaveanews.com\/wp-content\/uploads\/Leo-Ortiz-em-acao-pelo-Red-Bull-Bragantino.webp\",\"width\":1008,\"height\":672,\"caption\":\"L\u00e9o Ortiz em a\u00e7\u00e3o pelo Red Bull Bragantino (Foto: Ari Ferreira\/Red Bull Bragantino)\"},{\"@type\":\"BreadcrumbList\",\"@id\":\"https:\/\/www.gaveanews.com\/index.php\/2024\/03\/01\/leo-ortiz-nao-se-reapresenta-para-treino-no-bragantino\/#breadcrumb\",\"itemListElement\":[{\"@type\":\"ListItem\",\"position\":1,\"name\":\"Home\",\"item\":\"https:\/\/www.gaveanews.com\/\"},{\"@type\":\"ListItem\",\"position\":2,\"name\":\"L\u00e9o Ortiz n\u00e3o se reapresenta para treino no Bragantino\"}]},{\"@type\":\"WebSite\",\"@id\":\"https:\/\/www.gaveanews.com\/#website\",\"url\":\"https:\/\/www.gaveanews.com\/\",\"name\":\"G\u00e1vea News\",\"description\":\"Veja todas as not\u00edcias sobre o Flamengo: Contrata\u00e7\u00f5es, categorias de base, resultados das partidas, tabela de classifica\u00e7\u00e3o, pr\u00f3ximos jogos!\",\"potentialAction\":[{\"@type\":\"SearchAction\",\"target\":{\"@type\":\"EntryPoint\",\"urlTemplate\":\"https:\/\/www.gaveanews.com\/?s={search_term_string}\"},\"query-input\":{\"@type\":\"PropertyValueSpecification\",\"valueRequired\":true,\"valueName\":\"search_term_string\"}}],\"inLanguage\":\"pt-BR\"},{\"@type\":\"Person\",\"@id\":\"https:\/\/www.gaveanews.com\/#\/schema\/person\/51b3ba6a493cf9e7af9ce2c6d0d4ff1c\",\"name\":\"Kayo Silva\",\"image\":{\"@type\":\"ImageObject\",\"inLanguage\":\"pt-BR\",\"@id\":\"https:\/\/www.gaveanews.com\/#\/schema\/person\/image\/\",\"url\":\"https:\/\/secure.gravatar.com\/avatar\/af6d65cafc646a65c39c5fcb2a1ef51b863a81461770cfff553ec2fdd931c68c?s=96&d=mm&r=g\",\"contentUrl\":\"https:\/\/secure.gravatar.com\/avatar\/af6d65cafc646a65c39c5fcb2a1ef51b863a81461770cfff553ec2fdd931c68c?s=96&d=mm&r=g\",\"caption\":\"Kayo Silva\"}}]}<\/script>\n<!-- \/ Yoast SEO Premium plugin. -->","yoast_head_json":{"title":"L\u00e9o Ortiz n\u00e3o se reapresenta para treino no Bragantino","robots":{"index":"index","follow":"follow","max-snippet":"max-snippet:-1","max-image-preview":"max-image-preview:large","max-video-preview":"max-video-preview:-1"},"canonical":"https:\/\/www.gaveanews.com\/index.php\/2024\/03\/01\/leo-ortiz-nao-se-reapresenta-para-treino-no-bragantino\/","og_locale":"pt_BR","og_type":"article","og_title":"L\u00e9o Ortiz n\u00e3o se reapresenta para treino no Bragantino","og_description":"O Flamengo est\u00e1 perto de anunciar o segundo refor\u00e7o para fortalecer sua linha defensiva, com a contrata\u00e7\u00e3o do zagueiro L\u00e9o Ortiz, do Bragantino. As negocia\u00e7\u00f5es entre os dois clubes t\u00eam sido uma constante, com o Flamengo tentando encontrar um terreno comum em meio \u00e0s exig\u00eancias firmes do Bragantino, que n\u00e3o est\u00e1 disposto a liberar seu [&hellip;]","og_url":"https:\/\/www.gaveanews.com\/index.php\/2024\/03\/01\/leo-ortiz-nao-se-reapresenta-para-treino-no-bragantino\/","og_site_name":"G\u00e1vea News","article_publisher":"https:\/\/facebook.com\/gaveaNews\/","article_published_time":"2024-03-01T15:59:08+00:00","article_modified_time":"2024-03-01T15:59:15+00:00","og_image":[{"width":1008,"height":672,"url":"https:\/\/www.gaveanews.com\/wp-content\/uploads\/Leo-Ortiz-em-acao-pelo-Red-Bull-Bragantino.webp","type":"image\/jpeg"}],"author":"Kayo Silva","twitter_card":"summary_large_image","twitter_misc":{"Escrito por":"Kayo Silva","Est. tempo de leitura":"3 minutos"},"schema":{"@context":"https:\/\/schema.org","@graph":[{"@type":"NewsArticle","@id":"https:\/\/www.gaveanews.com\/index.php\/2024\/03\/01\/leo-ortiz-nao-se-reapresenta-para-treino-no-bragantino\/#article","isPartOf":{"@id":"https:\/\/www.gaveanews.com\/index.php\/2024\/03\/01\/leo-ortiz-nao-se-reapresenta-para-treino-no-bragantino\/"},"author":{"name":"Kayo Silva","@id":"https:\/\/www.gaveanews.com\/#\/schema\/person\/51b3ba6a493cf9e7af9ce2c6d0d4ff1c"},"headline":"L\u00e9o Ortiz n\u00e3o se reapresenta para treino no Bragantino","datePublished":"2024-03-01T15:59:08+00:00","dateModified":"2024-03-01T15:59:15+00:00","mainEntityOfPage":{"@id":"https:\/\/www.gaveanews.com\/index.php\/2024\/03\/01\/leo-ortiz-nao-se-reapresenta-para-treino-no-bragantino\/"},"wordCount":506,"commentCount":0,"image":{"@id":"https:\/\/www.gaveanews.com\/index.php\/2024\/03\/01\/leo-ortiz-nao-se-reapresenta-para-treino-no-bragantino\/#primaryimage"},"thumbnailUrl":"https:\/\/www.gaveanews.com\/wp-content\/uploads\/Leo-Ortiz-em-acao-pelo-Red-Bull-Bragantino.webp","articleSection":["Flamengo"],"inLanguage":"pt-BR","potentialAction":[{"@type":"CommentAction","name":"Comment","target":["https:\/\/www.gaveanews.com\/index.php\/2024\/03\/01\/leo-ortiz-nao-se-reapresenta-para-treino-no-bragantino\/#respond"]}],"copyrightYear":"2024","copyrightHolder":{"@id":"https:\/\/www.gaveanews.com\/#organization"}},{"@type":"WebPage","@id":"https:\/\/www.gaveanews.com\/index.php\/2024\/03\/01\/leo-ortiz-nao-se-reapresenta-para-treino-no-bragantino\/","url":"https:\/\/www.gaveanews.com\/index.php\/2024\/03\/01\/leo-ortiz-nao-se-reapresenta-para-treino-no-bragantino\/","name":"L\u00e9o Ortiz n\u00e3o se reapresenta para treino no Bragantino","isPartOf":{"@id":"https:\/\/www.gaveanews.com\/#website"},"primaryImageOfPage":{"@id":"https:\/\/www.gaveanews.com\/index.php\/2024\/03\/01\/leo-ortiz-nao-se-reapresenta-para-treino-no-bragantino\/#primaryimage"},"image":{"@id":"https:\/\/www.gaveanews.com\/index.php\/2024\/03\/01\/leo-ortiz-nao-se-reapresenta-para-treino-no-bragantino\/#primaryimage"},"thumbnailUrl":"https:\/\/www.gaveanews.com\/wp-content\/uploads\/Leo-Ortiz-em-acao-pelo-Red-Bull-Bragantino.webp","datePublished":"2024-03-01T15:59:08+00:00","dateModified":"2024-03-01T15:59:15+00:00","author":{"@id":"https:\/\/www.gaveanews.com\/#\/schema\/person\/51b3ba6a493cf9e7af9ce2c6d0d4ff1c"},"breadcrumb":{"@id":"https:\/\/www.gaveanews.com\/index.php\/2024\/03\/01\/leo-ortiz-nao-se-reapresenta-para-treino-no-bragantino\/#breadcrumb"},"inLanguage":"pt-BR","potentialAction":[{"@type":"ReadAction","target":["https:\/\/www.gaveanews.com\/index.php\/2024\/03\/01\/leo-ortiz-nao-se-reapresenta-para-treino-no-bragantino\/"]}]},{"@type":"ImageObject","inLanguage":"pt-BR","@id":"https:\/\/www.gaveanews.com\/index.php\/2024\/03\/01\/leo-ortiz-nao-se-reapresenta-para-treino-no-bragantino\/#primaryimage","url":"https:\/\/www.gaveanews.com\/wp-content\/uploads\/Leo-Ortiz-em-acao-pelo-Red-Bull-Bragantino.webp","contentUrl":"https:\/\/www.gaveanews.com\/wp-content\/uploads\/Leo-Ortiz-em-acao-pelo-Red-Bull-Bragantino.webp","width":1008,"height":672,"caption":"L\u00e9o Ortiz em a\u00e7\u00e3o pelo Red Bull Bragantino (Foto: Ari Ferreira\/Red Bull Bragantino)"},{"@type":"BreadcrumbList","@id":"https:\/\/www.gaveanews.com\/index.php\/2024\/03\/01\/leo-ortiz-nao-se-reapresenta-para-treino-no-bragantino\/#breadcrumb","itemListElement":[{"@type":"ListItem","position":1,"name":"Home","item":"https:\/\/www.gaveanews.com\/"},{"@type":"ListItem","position":2,"name":"L\u00e9o Ortiz n\u00e3o se reapresenta para treino no Bragantino"}]},{"@type":"WebSite","@id":"https:\/\/www.gaveanews.com\/#website","url":"https:\/\/www.gaveanews.com\/","name":"G\u00e1vea News","description":"Veja todas as not\u00edcias sobre o Flamengo: Contrata\u00e7\u00f5es, categorias de base, resultados das partidas, tabela de classifica\u00e7\u00e3o, pr\u00f3ximos jogos!","potentialAction":[{"@type":"SearchAction","target":{"@type":"EntryPoint","urlTemplate":"https:\/\/www.gaveanews.com\/?s={search_term_string}"},"query-input":{"@type":"PropertyValueSpecification","valueRequired":true,"valueName":"search_term_string"}}],"inLanguage":"pt-BR"},{"@type":"Person","@id":"https:\/\/www.gaveanews.com\/#\/schema\/person\/51b3ba6a493cf9e7af9ce2c6d0d4ff1c","name":"Kayo Silva","image":{"@type":"ImageObject","inLanguage":"pt-BR","@id":"https:\/\/www.gaveanews.com\/#\/schema\/person\/image\/","url":"https:\/\/secure.gravatar.com\/avatar\/af6d65cafc646a65c39c5fcb2a1ef51b863a81461770cfff553ec2fdd931c68c?s=96&d=mm&r=g","contentUrl":"https:\/\/secure.gravatar.com\/avatar\/af6d65cafc646a65c39c5fcb2a1ef51b863a81461770cfff553ec2fdd931c68c?s=96&d=mm&r=g","caption":"Kayo Silva"}}]}},"_links":{"self":[{"href":"https:\/\/www.gaveanews.com\/index.php\/wp-json\/wp\/v2\/posts\/129438","targetHints":{"allow":["GET"]}}],"collection":[{"href":"https:\/\/www.gaveanews.com\/index.php\/wp-json\/wp\/v2\/posts"}],"about":[{"href":"https:\/\/www.gaveanews.com\/index.php\/wp-json\/wp\/v2\/types\/post"}],"author":[{"embeddable":true,"href":"https:\/\/www.gaveanews.com\/index.php\/wp-json\/wp\/v2\/users\/10"}],"replies":[{"embeddable":true,"href":"https:\/\/www.gaveanews.com\/index.php\/wp-json\/wp\/v2\/comments?post=129438"}],"version-history":[{"count":2,"href":"https:\/\/www.gaveanews.com\/index.php\/wp-json\/wp\/v2\/posts\/129438\/revisions"}],"predecessor-version":[{"id":129468,"href":"https:\/\/www.gaveanews.com\/index.php\/wp-json\/wp\/v2\/posts\/129438\/revisions\/129468"}],"wp:featuredmedia":[{"embeddable":true,"href":"https:\/\/www.gaveanews.com\/index.php\/wp-json\/wp\/v2\/media\/75865"}],"wp:attachment":[{"href":"https:\/\/www.gaveanews.com\/index.php\/wp-json\/wp\/v2\/media?parent=129438"}],"wp:term":[{"taxonomy":"category","embeddable":true,"href":"https:\/\/www.gaveanews.com\/index.php\/wp-json\/wp\/v2\/categories?post=129438"},{"taxonomy":"post_tag","embeddable":true,"href":"https:\/\/www.gaveanews.com\/index.php\/wp-json\/wp\/v2\/tags?post=129438"}],"curies":[{"name":"wp","href":"https:\/\/api.w.org\/{rel}","templated":true}]}}