{"id":131793,"date":"2024-03-19T06:00:00","date_gmt":"2024-03-19T09:00:00","guid":{"rendered":"https:\/\/www.gaveanews.com\/?p=131793"},"modified":"2024-04-06T23:04:17","modified_gmt":"2024-04-07T02:04:17","slug":"mauro-cezar-pereira-faz-apelo-a-diretoria-do-flamengo","status":"publish","type":"post","link":"https:\/\/www.gaveanews.com\/index.php\/2024\/03\/19\/mauro-cezar-pereira-faz-apelo-a-diretoria-do-flamengo\/","title":{"rendered":"Mauro Cezar Pereira faz apelo \u00e0 diretoria do Flamengo"},"content":{"rendered":"\n<p>Durante sua participa\u00e7\u00e3o no canal &#8220;S1 Live&#8221;, o jornalista Mauro Cezar Pereira trouxe \u00e0 tona uma reflex\u00e3o sobre como trag\u00e9dias impactam o universo do futebol, conectando duas hist\u00f3rias de dor e perda que transcendem o campo de jogo. O apelo emocionado de Mauro Cezar para que o Flamengo n\u00e3o entre em campo no dia 8 de fevereiro ressoou fortemente.<\/p>\n\n\n\n<p>Mauro Cezar tra\u00e7ou um paralelo entre o Flamengo e o Liverpool, clube ingl\u00eas que adota uma postura de respeito e reflex\u00e3o ao se recusar a jogar no dia 15 de abril, data da trag\u00e9dia de Hillsborough, onde 97 torcedores perderam a vida em 1989. Essa compara\u00e7\u00e3o n\u00e3o apenas ressalta a import\u00e2ncia de honrar aqueles que foram v\u00edtimas de tais cat\u00e1strofes, mas tamb\u00e9m serve como um chamado para que o Flamengo siga um exemplo de dignidade e respeito, transformando o dia 8 de fevereiro em uma data de homenagens e mem\u00f3ria, ao inv\u00e9s de um dia qualquer no calend\u00e1rio esportivo.<\/p>\n\n\n\n<p><em>\u2014 O Flamengo nunca deveria jogar no dia 8 de fevereiro. Assim, como o Liverpool n\u00e3o joga no dia 15 de abril por conta da trag\u00e9dia de Hillsborough, que teve 97 mortos. O Liverpool n\u00e3o joga no dia 15 de abril. Premier League, UEFA, o que for, nesse dia \u2018a gente\u2019 n\u00e3o joga. N\u00e3o estamos pedindo, estamos comunicando. Isso h\u00e1 anos. \u00c9 um dia de reflex\u00e3o, de respeito, fazem homenagens no est\u00e1dio<\/em>, disse MCP.<\/p>\n\n\n\n<p>Al\u00e9m do apelo sobre a data significativa, Mauro Cezar tamb\u00e9m expressou sua indigna\u00e7\u00e3o com a postura da diretoria do Flamengo em rela\u00e7\u00e3o \u00e0s consequ\u00eancias do inc\u00eandio, particularmente no caso de Benedito Ferreira, o seguran\u00e7a que, enfrentando o perigo, conseguiu salvar muitos jovens daquela trag\u00e9dia. Ferreira, que sofreu profundamente com o trauma vivenciado, foi diagnosticado por profissionais da sa\u00fade mental como incapaz de continuar exercendo suas fun\u00e7\u00f5es devido \u00e0s sequelas psicol\u00f3gicas do evento.<\/p>\n\n\n\n<p>O jornalista criticou veementemente a contesta\u00e7\u00e3o do Flamengo quanto \u00e0 incapacidade de Ferreira, questionando a falta de empatia e compreens\u00e3o do clube para com aqueles que foram diretamente afetados pelo inc\u00eandio. A situa\u00e7\u00e3o de Ferreira, de acordo com Mauro Cezar, deveria ser tratada com a maior seriedade e sensibilidade, oferecendo a ele o suporte necess\u00e1rio para enfrentar as dificuldades impostas por um trauma de tamanha magnitude.<\/p>\n\n\n\n<p><em>\u2014 Enquanto isso, a diretoria do Flamengo\u2026 O seguran\u00e7a Benedito Ferreira foi diagnosticado, por profissionais, que ele n\u00e3o tem condi\u00e7\u00f5es psicol\u00f3gicas para trabalhar mais. \u00c9 o seguran\u00e7a que salvou meninos, conseguiu tirar jovens do inc\u00eandio, ele ficou com sequelas irrepar\u00e1veis. N\u00e3o consigo imaginar o que ele viveu, d\u00e1 vontade de chorar s\u00f3 de pensar no que ele passou. E o Flamengo est\u00e1 contestando. O Flamengo contesta. \u00c9 sacanagem, n\u00e9? Os caras contestam. O que tem que fazer, o que tem que pagar, d\u00e1 o que para esse rapaz? D\u00e1 o que tem que dar para ele e segue em frente<\/em>, finalizou o jornalista.<\/p>\n","protected":false},"excerpt":{"rendered":"<p>Durante sua participa\u00e7\u00e3o no canal &#8220;S1 Live&#8221;, o jornalista Mauro Cezar Pereira trouxe \u00e0 tona uma reflex\u00e3o sobre como trag\u00e9dias impactam o universo do futebol, conectando duas hist\u00f3rias de dor e perda que transcendem o campo de jogo. O apelo emocionado de Mauro Cezar para que o Flamengo n\u00e3o entre em campo no dia 8 [&hellip;]<\/p>\n","protected":false},"author":1,"featured_media":104796,"comment_status":"open","ping_status":"closed","sticky":false,"template":"","format":"standard","meta":{"footnotes":""},"categories":[1],"tags":[170],"class_list":["post-131793","post","type-post","status-publish","format-standard","has-post-thumbnail","hentry","category-flamengo","tag-mauro-cezar-pereira"],"yoast_head":"<!-- This site is optimized with the Yoast SEO Premium plugin v24.2 (Yoast SEO v26.9) - https:\/\/yoast.com\/product\/yoast-seo-premium-wordpress\/ -->\n<title>Mauro Cezar Pereira faz apelo \u00e0 diretoria do Flamengo<\/title>\n<meta name=\"robots\" content=\"index, follow, max-snippet:-1, max-image-preview:large, max-video-preview:-1\" \/>\n<link rel=\"canonical\" href=\"https:\/\/www.gaveanews.com\/index.php\/2024\/03\/19\/mauro-cezar-pereira-faz-apelo-a-diretoria-do-flamengo\/\" \/>\n<meta property=\"og:locale\" content=\"pt_BR\" \/>\n<meta property=\"og:type\" content=\"article\" \/>\n<meta property=\"og:title\" content=\"Mauro Cezar Pereira faz apelo \u00e0 diretoria do Flamengo\" \/>\n<meta property=\"og:description\" content=\"Durante sua participa\u00e7\u00e3o no canal &#8220;S1 Live&#8221;, o jornalista Mauro Cezar Pereira trouxe \u00e0 tona uma reflex\u00e3o sobre como trag\u00e9dias impactam o universo do futebol, conectando duas hist\u00f3rias de dor e perda que transcendem o campo de jogo. O apelo emocionado de Mauro Cezar para que o Flamengo n\u00e3o entre em campo no dia 8 [&hellip;]\" \/>\n<meta property=\"og:url\" content=\"https:\/\/www.gaveanews.com\/index.php\/2024\/03\/19\/mauro-cezar-pereira-faz-apelo-a-diretoria-do-flamengo\/\" \/>\n<meta property=\"og:site_name\" content=\"G\u00e1vea News\" \/>\n<meta property=\"article:publisher\" content=\"https:\/\/facebook.com\/gaveaNews\/\" \/>\n<meta property=\"article:published_time\" content=\"2024-03-19T09:00:00+00:00\" \/>\n<meta property=\"article:modified_time\" content=\"2024-04-07T02:04:17+00:00\" \/>\n<meta property=\"og:image\" content=\"https:\/\/www.gaveanews.com\/wp-content\/uploads\/Mauro-Cezar-pereira.png.webp\" \/>\n\t<meta property=\"og:image:width\" content=\"685\" \/>\n\t<meta property=\"og:image:height\" content=\"450\" \/>\n\t<meta property=\"og:image:type\" content=\"image\/webp\" \/>\n<meta name=\"author\" content=\"Equipe G\u00e1vea News\" \/>\n<meta name=\"twitter:card\" content=\"summary_large_image\" \/>\n<meta name=\"twitter:label1\" content=\"Escrito por\" \/>\n\t<meta name=\"twitter:data1\" content=\"Equipe G\u00e1vea News\" \/>\n\t<meta name=\"twitter:label2\" content=\"Est. tempo de leitura\" \/>\n\t<meta name=\"twitter:data2\" content=\"3 minutos\" \/>\n<script type=\"application\/ld+json\" class=\"yoast-schema-graph\">{\"@context\":\"https:\/\/schema.org\",\"@graph\":[{\"@type\":\"NewsArticle\",\"@id\":\"https:\/\/www.gaveanews.com\/index.php\/2024\/03\/19\/mauro-cezar-pereira-faz-apelo-a-diretoria-do-flamengo\/#article\",\"isPartOf\":{\"@id\":\"https:\/\/www.gaveanews.com\/index.php\/2024\/03\/19\/mauro-cezar-pereira-faz-apelo-a-diretoria-do-flamengo\/\"},\"author\":{\"name\":\"Equipe G\u00e1vea News\",\"@id\":\"https:\/\/www.gaveanews.com\/#\/schema\/person\/2ec14f73fb96be2caf28f91afb14749d\"},\"headline\":\"Mauro Cezar Pereira faz apelo \u00e0 diretoria do Flamengo\",\"datePublished\":\"2024-03-19T09:00:00+00:00\",\"dateModified\":\"2024-04-07T02:04:17+00:00\",\"mainEntityOfPage\":{\"@id\":\"https:\/\/www.gaveanews.com\/index.php\/2024\/03\/19\/mauro-cezar-pereira-faz-apelo-a-diretoria-do-flamengo\/\"},\"wordCount\":514,\"commentCount\":0,\"image\":{\"@id\":\"https:\/\/www.gaveanews.com\/index.php\/2024\/03\/19\/mauro-cezar-pereira-faz-apelo-a-diretoria-do-flamengo\/#primaryimage\"},\"thumbnailUrl\":\"https:\/\/www.gaveanews.com\/wp-content\/uploads\/Mauro-Cezar-pereira.png.webp\",\"keywords\":[\"Mauro Cezar Pereira\"],\"articleSection\":[\"Flamengo\"],\"inLanguage\":\"pt-BR\",\"potentialAction\":[{\"@type\":\"CommentAction\",\"name\":\"Comment\",\"target\":[\"https:\/\/www.gaveanews.com\/index.php\/2024\/03\/19\/mauro-cezar-pereira-faz-apelo-a-diretoria-do-flamengo\/#respond\"]}],\"copyrightYear\":\"2024\",\"copyrightHolder\":{\"@id\":\"https:\/\/www.gaveanews.com\/#organization\"}},{\"@type\":\"WebPage\",\"@id\":\"https:\/\/www.gaveanews.com\/index.php\/2024\/03\/19\/mauro-cezar-pereira-faz-apelo-a-diretoria-do-flamengo\/\",\"url\":\"https:\/\/www.gaveanews.com\/index.php\/2024\/03\/19\/mauro-cezar-pereira-faz-apelo-a-diretoria-do-flamengo\/\",\"name\":\"Mauro Cezar Pereira faz apelo \u00e0 diretoria do Flamengo\",\"isPartOf\":{\"@id\":\"https:\/\/www.gaveanews.com\/#website\"},\"primaryImageOfPage\":{\"@id\":\"https:\/\/www.gaveanews.com\/index.php\/2024\/03\/19\/mauro-cezar-pereira-faz-apelo-a-diretoria-do-flamengo\/#primaryimage\"},\"image\":{\"@id\":\"https:\/\/www.gaveanews.com\/index.php\/2024\/03\/19\/mauro-cezar-pereira-faz-apelo-a-diretoria-do-flamengo\/#primaryimage\"},\"thumbnailUrl\":\"https:\/\/www.gaveanews.com\/wp-content\/uploads\/Mauro-Cezar-pereira.png.webp\",\"datePublished\":\"2024-03-19T09:00:00+00:00\",\"dateModified\":\"2024-04-07T02:04:17+00:00\",\"author\":{\"@id\":\"https:\/\/www.gaveanews.com\/#\/schema\/person\/2ec14f73fb96be2caf28f91afb14749d\"},\"breadcrumb\":{\"@id\":\"https:\/\/www.gaveanews.com\/index.php\/2024\/03\/19\/mauro-cezar-pereira-faz-apelo-a-diretoria-do-flamengo\/#breadcrumb\"},\"inLanguage\":\"pt-BR\",\"potentialAction\":[{\"@type\":\"ReadAction\",\"target\":[\"https:\/\/www.gaveanews.com\/index.php\/2024\/03\/19\/mauro-cezar-pereira-faz-apelo-a-diretoria-do-flamengo\/\"]}]},{\"@type\":\"ImageObject\",\"inLanguage\":\"pt-BR\",\"@id\":\"https:\/\/www.gaveanews.com\/index.php\/2024\/03\/19\/mauro-cezar-pereira-faz-apelo-a-diretoria-do-flamengo\/#primaryimage\",\"url\":\"https:\/\/www.gaveanews.com\/wp-content\/uploads\/Mauro-Cezar-pereira.png.webp\",\"contentUrl\":\"https:\/\/www.gaveanews.com\/wp-content\/uploads\/Mauro-Cezar-pereira.png.webp\",\"width\":685,\"height\":450,\"caption\":\"Mauro Cezar - Foto: Reprodu\u00e7\u00e3o\/Jovem Pan\"},{\"@type\":\"BreadcrumbList\",\"@id\":\"https:\/\/www.gaveanews.com\/index.php\/2024\/03\/19\/mauro-cezar-pereira-faz-apelo-a-diretoria-do-flamengo\/#breadcrumb\",\"itemListElement\":[{\"@type\":\"ListItem\",\"position\":1,\"name\":\"Home\",\"item\":\"https:\/\/www.gaveanews.com\/\"},{\"@type\":\"ListItem\",\"position\":2,\"name\":\"Mauro Cezar Pereira faz apelo \u00e0 diretoria do Flamengo\"}]},{\"@type\":\"WebSite\",\"@id\":\"https:\/\/www.gaveanews.com\/#website\",\"url\":\"https:\/\/www.gaveanews.com\/\",\"name\":\"G\u00e1vea News\",\"description\":\"Veja todas as not\u00edcias sobre o Flamengo: Contrata\u00e7\u00f5es, categorias de base, resultados das partidas, tabela de classifica\u00e7\u00e3o, pr\u00f3ximos jogos!\",\"potentialAction\":[{\"@type\":\"SearchAction\",\"target\":{\"@type\":\"EntryPoint\",\"urlTemplate\":\"https:\/\/www.gaveanews.com\/?s={search_term_string}\"},\"query-input\":{\"@type\":\"PropertyValueSpecification\",\"valueRequired\":true,\"valueName\":\"search_term_string\"}}],\"inLanguage\":\"pt-BR\"},{\"@type\":\"Person\",\"@id\":\"https:\/\/www.gaveanews.com\/#\/schema\/person\/2ec14f73fb96be2caf28f91afb14749d\",\"name\":\"Equipe G\u00e1vea News\",\"image\":{\"@type\":\"ImageObject\",\"inLanguage\":\"pt-BR\",\"@id\":\"https:\/\/www.gaveanews.com\/#\/schema\/person\/image\/\",\"url\":\"https:\/\/secure.gravatar.com\/avatar\/1e1956f1facbffd3f8fa53a326721950116b3b9dc9bd44939c01180fd4a745a9?s=96&d=mm&r=g\",\"contentUrl\":\"https:\/\/secure.gravatar.com\/avatar\/1e1956f1facbffd3f8fa53a326721950116b3b9dc9bd44939c01180fd4a745a9?s=96&d=mm&r=g\",\"caption\":\"Equipe G\u00e1vea News\"}}]}<\/script>\n<!-- \/ Yoast SEO Premium plugin. -->","yoast_head_json":{"title":"Mauro Cezar Pereira faz apelo \u00e0 diretoria do Flamengo","robots":{"index":"index","follow":"follow","max-snippet":"max-snippet:-1","max-image-preview":"max-image-preview:large","max-video-preview":"max-video-preview:-1"},"canonical":"https:\/\/www.gaveanews.com\/index.php\/2024\/03\/19\/mauro-cezar-pereira-faz-apelo-a-diretoria-do-flamengo\/","og_locale":"pt_BR","og_type":"article","og_title":"Mauro Cezar Pereira faz apelo \u00e0 diretoria do Flamengo","og_description":"Durante sua participa\u00e7\u00e3o no canal &#8220;S1 Live&#8221;, o jornalista Mauro Cezar Pereira trouxe \u00e0 tona uma reflex\u00e3o sobre como trag\u00e9dias impactam o universo do futebol, conectando duas hist\u00f3rias de dor e perda que transcendem o campo de jogo. O apelo emocionado de Mauro Cezar para que o Flamengo n\u00e3o entre em campo no dia 8 [&hellip;]","og_url":"https:\/\/www.gaveanews.com\/index.php\/2024\/03\/19\/mauro-cezar-pereira-faz-apelo-a-diretoria-do-flamengo\/","og_site_name":"G\u00e1vea News","article_publisher":"https:\/\/facebook.com\/gaveaNews\/","article_published_time":"2024-03-19T09:00:00+00:00","article_modified_time":"2024-04-07T02:04:17+00:00","og_image":[{"width":685,"height":450,"url":"https:\/\/www.gaveanews.com\/wp-content\/uploads\/Mauro-Cezar-pereira.png.webp","type":"image\/webp"}],"author":"Equipe G\u00e1vea News","twitter_card":"summary_large_image","twitter_misc":{"Escrito por":"Equipe G\u00e1vea News","Est. tempo de leitura":"3 minutos"},"schema":{"@context":"https:\/\/schema.org","@graph":[{"@type":"NewsArticle","@id":"https:\/\/www.gaveanews.com\/index.php\/2024\/03\/19\/mauro-cezar-pereira-faz-apelo-a-diretoria-do-flamengo\/#article","isPartOf":{"@id":"https:\/\/www.gaveanews.com\/index.php\/2024\/03\/19\/mauro-cezar-pereira-faz-apelo-a-diretoria-do-flamengo\/"},"author":{"name":"Equipe G\u00e1vea News","@id":"https:\/\/www.gaveanews.com\/#\/schema\/person\/2ec14f73fb96be2caf28f91afb14749d"},"headline":"Mauro Cezar Pereira faz apelo \u00e0 diretoria do Flamengo","datePublished":"2024-03-19T09:00:00+00:00","dateModified":"2024-04-07T02:04:17+00:00","mainEntityOfPage":{"@id":"https:\/\/www.gaveanews.com\/index.php\/2024\/03\/19\/mauro-cezar-pereira-faz-apelo-a-diretoria-do-flamengo\/"},"wordCount":514,"commentCount":0,"image":{"@id":"https:\/\/www.gaveanews.com\/index.php\/2024\/03\/19\/mauro-cezar-pereira-faz-apelo-a-diretoria-do-flamengo\/#primaryimage"},"thumbnailUrl":"https:\/\/www.gaveanews.com\/wp-content\/uploads\/Mauro-Cezar-pereira.png.webp","keywords":["Mauro Cezar Pereira"],"articleSection":["Flamengo"],"inLanguage":"pt-BR","potentialAction":[{"@type":"CommentAction","name":"Comment","target":["https:\/\/www.gaveanews.com\/index.php\/2024\/03\/19\/mauro-cezar-pereira-faz-apelo-a-diretoria-do-flamengo\/#respond"]}],"copyrightYear":"2024","copyrightHolder":{"@id":"https:\/\/www.gaveanews.com\/#organization"}},{"@type":"WebPage","@id":"https:\/\/www.gaveanews.com\/index.php\/2024\/03\/19\/mauro-cezar-pereira-faz-apelo-a-diretoria-do-flamengo\/","url":"https:\/\/www.gaveanews.com\/index.php\/2024\/03\/19\/mauro-cezar-pereira-faz-apelo-a-diretoria-do-flamengo\/","name":"Mauro Cezar Pereira faz apelo \u00e0 diretoria do Flamengo","isPartOf":{"@id":"https:\/\/www.gaveanews.com\/#website"},"primaryImageOfPage":{"@id":"https:\/\/www.gaveanews.com\/index.php\/2024\/03\/19\/mauro-cezar-pereira-faz-apelo-a-diretoria-do-flamengo\/#primaryimage"},"image":{"@id":"https:\/\/www.gaveanews.com\/index.php\/2024\/03\/19\/mauro-cezar-pereira-faz-apelo-a-diretoria-do-flamengo\/#primaryimage"},"thumbnailUrl":"https:\/\/www.gaveanews.com\/wp-content\/uploads\/Mauro-Cezar-pereira.png.webp","datePublished":"2024-03-19T09:00:00+00:00","dateModified":"2024-04-07T02:04:17+00:00","author":{"@id":"https:\/\/www.gaveanews.com\/#\/schema\/person\/2ec14f73fb96be2caf28f91afb14749d"},"breadcrumb":{"@id":"https:\/\/www.gaveanews.com\/index.php\/2024\/03\/19\/mauro-cezar-pereira-faz-apelo-a-diretoria-do-flamengo\/#breadcrumb"},"inLanguage":"pt-BR","potentialAction":[{"@type":"ReadAction","target":["https:\/\/www.gaveanews.com\/index.php\/2024\/03\/19\/mauro-cezar-pereira-faz-apelo-a-diretoria-do-flamengo\/"]}]},{"@type":"ImageObject","inLanguage":"pt-BR","@id":"https:\/\/www.gaveanews.com\/index.php\/2024\/03\/19\/mauro-cezar-pereira-faz-apelo-a-diretoria-do-flamengo\/#primaryimage","url":"https:\/\/www.gaveanews.com\/wp-content\/uploads\/Mauro-Cezar-pereira.png.webp","contentUrl":"https:\/\/www.gaveanews.com\/wp-content\/uploads\/Mauro-Cezar-pereira.png.webp","width":685,"height":450,"caption":"Mauro Cezar - Foto: Reprodu\u00e7\u00e3o\/Jovem Pan"},{"@type":"BreadcrumbList","@id":"https:\/\/www.gaveanews.com\/index.php\/2024\/03\/19\/mauro-cezar-pereira-faz-apelo-a-diretoria-do-flamengo\/#breadcrumb","itemListElement":[{"@type":"ListItem","position":1,"name":"Home","item":"https:\/\/www.gaveanews.com\/"},{"@type":"ListItem","position":2,"name":"Mauro Cezar Pereira faz apelo \u00e0 diretoria do Flamengo"}]},{"@type":"WebSite","@id":"https:\/\/www.gaveanews.com\/#website","url":"https:\/\/www.gaveanews.com\/","name":"G\u00e1vea News","description":"Veja todas as not\u00edcias sobre o Flamengo: Contrata\u00e7\u00f5es, categorias de base, resultados das partidas, tabela de classifica\u00e7\u00e3o, pr\u00f3ximos jogos!","potentialAction":[{"@type":"SearchAction","target":{"@type":"EntryPoint","urlTemplate":"https:\/\/www.gaveanews.com\/?s={search_term_string}"},"query-input":{"@type":"PropertyValueSpecification","valueRequired":true,"valueName":"search_term_string"}}],"inLanguage":"pt-BR"},{"@type":"Person","@id":"https:\/\/www.gaveanews.com\/#\/schema\/person\/2ec14f73fb96be2caf28f91afb14749d","name":"Equipe G\u00e1vea News","image":{"@type":"ImageObject","inLanguage":"pt-BR","@id":"https:\/\/www.gaveanews.com\/#\/schema\/person\/image\/","url":"https:\/\/secure.gravatar.com\/avatar\/1e1956f1facbffd3f8fa53a326721950116b3b9dc9bd44939c01180fd4a745a9?s=96&d=mm&r=g","contentUrl":"https:\/\/secure.gravatar.com\/avatar\/1e1956f1facbffd3f8fa53a326721950116b3b9dc9bd44939c01180fd4a745a9?s=96&d=mm&r=g","caption":"Equipe G\u00e1vea News"}}]}},"_links":{"self":[{"href":"https:\/\/www.gaveanews.com\/index.php\/wp-json\/wp\/v2\/posts\/131793","targetHints":{"allow":["GET"]}}],"collection":[{"href":"https:\/\/www.gaveanews.com\/index.php\/wp-json\/wp\/v2\/posts"}],"about":[{"href":"https:\/\/www.gaveanews.com\/index.php\/wp-json\/wp\/v2\/types\/post"}],"author":[{"embeddable":true,"href":"https:\/\/www.gaveanews.com\/index.php\/wp-json\/wp\/v2\/users\/1"}],"replies":[{"embeddable":true,"href":"https:\/\/www.gaveanews.com\/index.php\/wp-json\/wp\/v2\/comments?post=131793"}],"version-history":[{"count":1,"href":"https:\/\/www.gaveanews.com\/index.php\/wp-json\/wp\/v2\/posts\/131793\/revisions"}],"predecessor-version":[{"id":131795,"href":"https:\/\/www.gaveanews.com\/index.php\/wp-json\/wp\/v2\/posts\/131793\/revisions\/131795"}],"wp:featuredmedia":[{"embeddable":true,"href":"https:\/\/www.gaveanews.com\/index.php\/wp-json\/wp\/v2\/media\/104796"}],"wp:attachment":[{"href":"https:\/\/www.gaveanews.com\/index.php\/wp-json\/wp\/v2\/media?parent=131793"}],"wp:term":[{"taxonomy":"category","embeddable":true,"href":"https:\/\/www.gaveanews.com\/index.php\/wp-json\/wp\/v2\/categories?post=131793"},{"taxonomy":"post_tag","embeddable":true,"href":"https:\/\/www.gaveanews.com\/index.php\/wp-json\/wp\/v2\/tags?post=131793"}],"curies":[{"name":"wp","href":"https:\/\/api.w.org\/{rel}","templated":true}]}}