{"id":131990,"date":"2024-03-20T08:24:55","date_gmt":"2024-03-20T11:24:55","guid":{"rendered":"https:\/\/www.gaveanews.com\/?p=131990"},"modified":"2024-04-06T23:23:41","modified_gmt":"2024-04-07T02:23:41","slug":"flamengo-x-nova-iguacu-final-do-campeonato-carioca-sofre-alteracao","status":"publish","type":"post","link":"https:\/\/www.gaveanews.com\/index.php\/2024\/03\/20\/flamengo-x-nova-iguacu-final-do-campeonato-carioca-sofre-alteracao\/","title":{"rendered":"Flamengo x Nova Igua\u00e7u: final do Campeonato Carioca sofre altera\u00e7\u00e3o"},"content":{"rendered":"\n<p>A agenda do Flamengo sofreu ajustes devido \u00e0 sua participa\u00e7\u00e3o na fase de grupos da Conmebol Libertadores. A estreia do time na competi\u00e7\u00e3o continental, marcada para o dia 2 de abril, uma ter\u00e7a-feira, contra o Millonarios, motivou a antecipa\u00e7\u00e3o da final de ida do Campeonato Carioca contra o Nova Igua\u00e7u para o s\u00e1bado, 30 de mar\u00e7o. A defini\u00e7\u00e3o do hor\u00e1rio desse confronto est\u00e1 pendente, aguardando delibera\u00e7\u00e3o da Federa\u00e7\u00e3o de Futebol do Estado do Rio de Janeiro (Ferj).<\/p>\n\n\n\n<p>Ap\u00f3s o duelo de ida pela final estadual, o Flamengo volta a campo pela Libertadores, enfrentando o Palestino em casa, no dia 10 de abril, \u00e0s 21h30 (hor\u00e1rio de Bras\u00edlia). Este jogo se posiciona estrategicamente entre as duas partidas decisivas do Campeonato Carioca, evidenciando um per\u00edodo intensivo de compromissos para o time.<\/p>\n\n\n\n<p>Enquanto isso, o elenco do Flamengo retornar\u00e1 suas atividades no Ninho do Urubu nesta quarta-feira (20 de mar\u00e7o), ap\u00f3s um breve per\u00edodo de descanso. O empate sem gols contra o Fluminense, que selou a classifica\u00e7\u00e3o para a final contra o Nova Igua\u00e7u, permitiu ao time uma pausa antes de encarar os desafios que v\u00eam pela frente. No entanto, a equipe n\u00e3o estar\u00e1 completa nas pr\u00f3ximas partidas, devido aos desfalques significativos.<\/p>\n\n\n\n<p>O t\u00e9cnico Tite enfrentar\u00e1 a aus\u00eancia de jogadores chave para os pr\u00f3ximos confrontos. Ayrton Lucas e Fabr\u00edcio Bruno foram convocados para representar a sele\u00e7\u00e3o brasileira, enquanto Arrascaeta, De la Cruz, Varela e Vi\u00f1a foram chamados pela sele\u00e7\u00e3o uruguaia.<\/p>\n\n\n\n<h2 class=\"wp-block-heading\" id=\"h-situacao-de-erick-pulgar\">Situa\u00e7\u00e3o de Erick Pulgar<\/h2>\n\n\n\n<p>Erick Pulgar foi cortado da lista de convocados da sele\u00e7\u00e3o chilena para a Data Fifa de mar\u00e7o, uma decis\u00e3o tomada ap\u00f3s avalia\u00e7\u00e3o do desgaste muscular do jogador. O volante, que se tornou uma pe\u00e7a-chave no esquema t\u00e1tico tanto do clube quanto da sele\u00e7\u00e3o, enfrentou problemas f\u00edsicos ap\u00f3s participar dos confrontos contra o Fluminense pelas semifinais do Campeonato Carioca. <\/p>\n\n\n\n<p>Essa aus\u00eancia na convoca\u00e7\u00e3o chilena se traduz em um impacto significativo n\u00e3o apenas para o jogador, mas tamb\u00e9m para a equipe nacional, que enfrentar\u00e1 a Alb\u00e2nia e a Fran\u00e7a em partidas amistosas sob o novo comando de Ricardo Gareca. A falta de Pulgar, um atleta regularmente convocado desde 2017 e que j\u00e1 soma 48 atua\u00e7\u00f5es pela La Roja, ser\u00e1 um desafio para o treinador argentino em seus primeiros jogos \u00e0 frente da sele\u00e7\u00e3o.<\/p>\n","protected":false},"excerpt":{"rendered":"<p>A agenda do Flamengo sofreu ajustes devido \u00e0 sua participa\u00e7\u00e3o na fase de grupos da Conmebol Libertadores. A estreia do time na competi\u00e7\u00e3o continental, marcada para o dia 2 de abril, uma ter\u00e7a-feira, contra o Millonarios, motivou a antecipa\u00e7\u00e3o da final de ida do Campeonato Carioca contra o Nova Igua\u00e7u para o s\u00e1bado, 30 de [&hellip;]<\/p>\n","protected":false},"author":1,"featured_media":16301,"comment_status":"open","ping_status":"closed","sticky":false,"template":"","format":"standard","meta":{"footnotes":""},"categories":[1],"tags":[171],"class_list":["post-131990","post","type-post","status-publish","format-standard","has-post-thumbnail","hentry","category-flamengo","tag-adenor-leonardo-bachi-tite"],"yoast_head":"<!-- This site is optimized with the Yoast SEO Premium plugin v24.2 (Yoast SEO v26.9) - https:\/\/yoast.com\/product\/yoast-seo-premium-wordpress\/ -->\n<title>Flamengo x Nova Igua\u00e7u: final do Campeonato Carioca sofre altera\u00e7\u00e3o<\/title>\n<meta name=\"robots\" content=\"index, follow, max-snippet:-1, max-image-preview:large, max-video-preview:-1\" \/>\n<link rel=\"canonical\" href=\"https:\/\/www.gaveanews.com\/index.php\/2024\/03\/20\/flamengo-x-nova-iguacu-final-do-campeonato-carioca-sofre-alteracao\/\" \/>\n<meta property=\"og:locale\" content=\"pt_BR\" \/>\n<meta property=\"og:type\" content=\"article\" \/>\n<meta property=\"og:title\" content=\"Flamengo x Nova Igua\u00e7u: final do Campeonato Carioca sofre altera\u00e7\u00e3o\" \/>\n<meta property=\"og:description\" content=\"A agenda do Flamengo sofreu ajustes devido \u00e0 sua participa\u00e7\u00e3o na fase de grupos da Conmebol Libertadores. A estreia do time na competi\u00e7\u00e3o continental, marcada para o dia 2 de abril, uma ter\u00e7a-feira, contra o Millonarios, motivou a antecipa\u00e7\u00e3o da final de ida do Campeonato Carioca contra o Nova Igua\u00e7u para o s\u00e1bado, 30 de [&hellip;]\" \/>\n<meta property=\"og:url\" content=\"https:\/\/www.gaveanews.com\/index.php\/2024\/03\/20\/flamengo-x-nova-iguacu-final-do-campeonato-carioca-sofre-alteracao\/\" \/>\n<meta property=\"og:site_name\" content=\"G\u00e1vea News\" \/>\n<meta property=\"article:publisher\" content=\"https:\/\/facebook.com\/gaveaNews\/\" \/>\n<meta property=\"article:published_time\" content=\"2024-03-20T11:24:55+00:00\" \/>\n<meta property=\"article:modified_time\" content=\"2024-04-07T02:23:41+00:00\" \/>\n<meta property=\"og:image\" content=\"https:\/\/www.gaveanews.com\/wp-content\/uploads\/2019\/03\/Presidente-da-FERJ-Rubens-Lopes-durante-coletiva-de-imprensa.webp\" \/>\n\t<meta property=\"og:image:width\" content=\"841\" \/>\n\t<meta property=\"og:image:height\" content=\"600\" \/>\n\t<meta property=\"og:image:type\" content=\"image\/jpeg\" \/>\n<meta name=\"author\" content=\"Equipe G\u00e1vea News\" \/>\n<meta name=\"twitter:card\" content=\"summary_large_image\" \/>\n<meta name=\"twitter:label1\" content=\"Escrito por\" \/>\n\t<meta name=\"twitter:data1\" content=\"Equipe G\u00e1vea News\" \/>\n\t<meta name=\"twitter:label2\" content=\"Est. tempo de leitura\" \/>\n\t<meta name=\"twitter:data2\" content=\"3 minutos\" \/>\n<script type=\"application\/ld+json\" class=\"yoast-schema-graph\">{\"@context\":\"https:\/\/schema.org\",\"@graph\":[{\"@type\":\"NewsArticle\",\"@id\":\"https:\/\/www.gaveanews.com\/index.php\/2024\/03\/20\/flamengo-x-nova-iguacu-final-do-campeonato-carioca-sofre-alteracao\/#article\",\"isPartOf\":{\"@id\":\"https:\/\/www.gaveanews.com\/index.php\/2024\/03\/20\/flamengo-x-nova-iguacu-final-do-campeonato-carioca-sofre-alteracao\/\"},\"author\":{\"name\":\"Equipe G\u00e1vea News\",\"@id\":\"https:\/\/www.gaveanews.com\/#\/schema\/person\/2ec14f73fb96be2caf28f91afb14749d\"},\"headline\":\"Flamengo x Nova Igua\u00e7u: final do Campeonato Carioca sofre altera\u00e7\u00e3o\",\"datePublished\":\"2024-03-20T11:24:55+00:00\",\"dateModified\":\"2024-04-07T02:23:41+00:00\",\"mainEntityOfPage\":{\"@id\":\"https:\/\/www.gaveanews.com\/index.php\/2024\/03\/20\/flamengo-x-nova-iguacu-final-do-campeonato-carioca-sofre-alteracao\/\"},\"wordCount\":425,\"commentCount\":0,\"image\":{\"@id\":\"https:\/\/www.gaveanews.com\/index.php\/2024\/03\/20\/flamengo-x-nova-iguacu-final-do-campeonato-carioca-sofre-alteracao\/#primaryimage\"},\"thumbnailUrl\":\"https:\/\/www.gaveanews.com\/wp-content\/uploads\/2019\/03\/Presidente-da-FERJ-Rubens-Lopes-durante-coletiva-de-imprensa.webp\",\"keywords\":[\"Adenor Leonardo Bachi\"],\"articleSection\":[\"Flamengo\"],\"inLanguage\":\"pt-BR\",\"potentialAction\":[{\"@type\":\"CommentAction\",\"name\":\"Comment\",\"target\":[\"https:\/\/www.gaveanews.com\/index.php\/2024\/03\/20\/flamengo-x-nova-iguacu-final-do-campeonato-carioca-sofre-alteracao\/#respond\"]}],\"copyrightYear\":\"2024\",\"copyrightHolder\":{\"@id\":\"https:\/\/www.gaveanews.com\/#organization\"}},{\"@type\":\"WebPage\",\"@id\":\"https:\/\/www.gaveanews.com\/index.php\/2024\/03\/20\/flamengo-x-nova-iguacu-final-do-campeonato-carioca-sofre-alteracao\/\",\"url\":\"https:\/\/www.gaveanews.com\/index.php\/2024\/03\/20\/flamengo-x-nova-iguacu-final-do-campeonato-carioca-sofre-alteracao\/\",\"name\":\"Flamengo x Nova Igua\u00e7u: final do Campeonato Carioca sofre altera\u00e7\u00e3o\",\"isPartOf\":{\"@id\":\"https:\/\/www.gaveanews.com\/#website\"},\"primaryImageOfPage\":{\"@id\":\"https:\/\/www.gaveanews.com\/index.php\/2024\/03\/20\/flamengo-x-nova-iguacu-final-do-campeonato-carioca-sofre-alteracao\/#primaryimage\"},\"image\":{\"@id\":\"https:\/\/www.gaveanews.com\/index.php\/2024\/03\/20\/flamengo-x-nova-iguacu-final-do-campeonato-carioca-sofre-alteracao\/#primaryimage\"},\"thumbnailUrl\":\"https:\/\/www.gaveanews.com\/wp-content\/uploads\/2019\/03\/Presidente-da-FERJ-Rubens-Lopes-durante-coletiva-de-imprensa.webp\",\"datePublished\":\"2024-03-20T11:24:55+00:00\",\"dateModified\":\"2024-04-07T02:23:41+00:00\",\"author\":{\"@id\":\"https:\/\/www.gaveanews.com\/#\/schema\/person\/2ec14f73fb96be2caf28f91afb14749d\"},\"breadcrumb\":{\"@id\":\"https:\/\/www.gaveanews.com\/index.php\/2024\/03\/20\/flamengo-x-nova-iguacu-final-do-campeonato-carioca-sofre-alteracao\/#breadcrumb\"},\"inLanguage\":\"pt-BR\",\"potentialAction\":[{\"@type\":\"ReadAction\",\"target\":[\"https:\/\/www.gaveanews.com\/index.php\/2024\/03\/20\/flamengo-x-nova-iguacu-final-do-campeonato-carioca-sofre-alteracao\/\"]}]},{\"@type\":\"ImageObject\",\"inLanguage\":\"pt-BR\",\"@id\":\"https:\/\/www.gaveanews.com\/index.php\/2024\/03\/20\/flamengo-x-nova-iguacu-final-do-campeonato-carioca-sofre-alteracao\/#primaryimage\",\"url\":\"https:\/\/www.gaveanews.com\/wp-content\/uploads\/2019\/03\/Presidente-da-FERJ-Rubens-Lopes-durante-coletiva-de-imprensa.webp\",\"contentUrl\":\"https:\/\/www.gaveanews.com\/wp-content\/uploads\/2019\/03\/Presidente-da-FERJ-Rubens-Lopes-durante-coletiva-de-imprensa.webp\",\"width\":841,\"height\":600,\"caption\":\"Presidente da FERJ, Rubens Lopes durante coletiva de imprensa (Foto: \u00darsula Nery)\"},{\"@type\":\"BreadcrumbList\",\"@id\":\"https:\/\/www.gaveanews.com\/index.php\/2024\/03\/20\/flamengo-x-nova-iguacu-final-do-campeonato-carioca-sofre-alteracao\/#breadcrumb\",\"itemListElement\":[{\"@type\":\"ListItem\",\"position\":1,\"name\":\"Home\",\"item\":\"https:\/\/www.gaveanews.com\/\"},{\"@type\":\"ListItem\",\"position\":2,\"name\":\"Flamengo x Nova Igua\u00e7u: final do Campeonato Carioca sofre altera\u00e7\u00e3o\"}]},{\"@type\":\"WebSite\",\"@id\":\"https:\/\/www.gaveanews.com\/#website\",\"url\":\"https:\/\/www.gaveanews.com\/\",\"name\":\"G\u00e1vea News\",\"description\":\"Veja todas as not\u00edcias sobre o Flamengo: Contrata\u00e7\u00f5es, categorias de base, resultados das partidas, tabela de classifica\u00e7\u00e3o, pr\u00f3ximos jogos!\",\"potentialAction\":[{\"@type\":\"SearchAction\",\"target\":{\"@type\":\"EntryPoint\",\"urlTemplate\":\"https:\/\/www.gaveanews.com\/?s={search_term_string}\"},\"query-input\":{\"@type\":\"PropertyValueSpecification\",\"valueRequired\":true,\"valueName\":\"search_term_string\"}}],\"inLanguage\":\"pt-BR\"},{\"@type\":\"Person\",\"@id\":\"https:\/\/www.gaveanews.com\/#\/schema\/person\/2ec14f73fb96be2caf28f91afb14749d\",\"name\":\"Equipe G\u00e1vea News\",\"image\":{\"@type\":\"ImageObject\",\"inLanguage\":\"pt-BR\",\"@id\":\"https:\/\/www.gaveanews.com\/#\/schema\/person\/image\/\",\"url\":\"https:\/\/secure.gravatar.com\/avatar\/1e1956f1facbffd3f8fa53a326721950116b3b9dc9bd44939c01180fd4a745a9?s=96&d=mm&r=g\",\"contentUrl\":\"https:\/\/secure.gravatar.com\/avatar\/1e1956f1facbffd3f8fa53a326721950116b3b9dc9bd44939c01180fd4a745a9?s=96&d=mm&r=g\",\"caption\":\"Equipe G\u00e1vea News\"}}]}<\/script>\n<!-- \/ Yoast SEO Premium plugin. -->","yoast_head_json":{"title":"Flamengo x Nova Igua\u00e7u: final do Campeonato Carioca sofre altera\u00e7\u00e3o","robots":{"index":"index","follow":"follow","max-snippet":"max-snippet:-1","max-image-preview":"max-image-preview:large","max-video-preview":"max-video-preview:-1"},"canonical":"https:\/\/www.gaveanews.com\/index.php\/2024\/03\/20\/flamengo-x-nova-iguacu-final-do-campeonato-carioca-sofre-alteracao\/","og_locale":"pt_BR","og_type":"article","og_title":"Flamengo x Nova Igua\u00e7u: final do Campeonato Carioca sofre altera\u00e7\u00e3o","og_description":"A agenda do Flamengo sofreu ajustes devido \u00e0 sua participa\u00e7\u00e3o na fase de grupos da Conmebol Libertadores. A estreia do time na competi\u00e7\u00e3o continental, marcada para o dia 2 de abril, uma ter\u00e7a-feira, contra o Millonarios, motivou a antecipa\u00e7\u00e3o da final de ida do Campeonato Carioca contra o Nova Igua\u00e7u para o s\u00e1bado, 30 de [&hellip;]","og_url":"https:\/\/www.gaveanews.com\/index.php\/2024\/03\/20\/flamengo-x-nova-iguacu-final-do-campeonato-carioca-sofre-alteracao\/","og_site_name":"G\u00e1vea News","article_publisher":"https:\/\/facebook.com\/gaveaNews\/","article_published_time":"2024-03-20T11:24:55+00:00","article_modified_time":"2024-04-07T02:23:41+00:00","og_image":[{"width":841,"height":600,"url":"https:\/\/www.gaveanews.com\/wp-content\/uploads\/2019\/03\/Presidente-da-FERJ-Rubens-Lopes-durante-coletiva-de-imprensa.webp","type":"image\/jpeg"}],"author":"Equipe G\u00e1vea News","twitter_card":"summary_large_image","twitter_misc":{"Escrito por":"Equipe G\u00e1vea News","Est. tempo de leitura":"3 minutos"},"schema":{"@context":"https:\/\/schema.org","@graph":[{"@type":"NewsArticle","@id":"https:\/\/www.gaveanews.com\/index.php\/2024\/03\/20\/flamengo-x-nova-iguacu-final-do-campeonato-carioca-sofre-alteracao\/#article","isPartOf":{"@id":"https:\/\/www.gaveanews.com\/index.php\/2024\/03\/20\/flamengo-x-nova-iguacu-final-do-campeonato-carioca-sofre-alteracao\/"},"author":{"name":"Equipe G\u00e1vea News","@id":"https:\/\/www.gaveanews.com\/#\/schema\/person\/2ec14f73fb96be2caf28f91afb14749d"},"headline":"Flamengo x Nova Igua\u00e7u: final do Campeonato Carioca sofre altera\u00e7\u00e3o","datePublished":"2024-03-20T11:24:55+00:00","dateModified":"2024-04-07T02:23:41+00:00","mainEntityOfPage":{"@id":"https:\/\/www.gaveanews.com\/index.php\/2024\/03\/20\/flamengo-x-nova-iguacu-final-do-campeonato-carioca-sofre-alteracao\/"},"wordCount":425,"commentCount":0,"image":{"@id":"https:\/\/www.gaveanews.com\/index.php\/2024\/03\/20\/flamengo-x-nova-iguacu-final-do-campeonato-carioca-sofre-alteracao\/#primaryimage"},"thumbnailUrl":"https:\/\/www.gaveanews.com\/wp-content\/uploads\/2019\/03\/Presidente-da-FERJ-Rubens-Lopes-durante-coletiva-de-imprensa.webp","keywords":["Adenor Leonardo Bachi"],"articleSection":["Flamengo"],"inLanguage":"pt-BR","potentialAction":[{"@type":"CommentAction","name":"Comment","target":["https:\/\/www.gaveanews.com\/index.php\/2024\/03\/20\/flamengo-x-nova-iguacu-final-do-campeonato-carioca-sofre-alteracao\/#respond"]}],"copyrightYear":"2024","copyrightHolder":{"@id":"https:\/\/www.gaveanews.com\/#organization"}},{"@type":"WebPage","@id":"https:\/\/www.gaveanews.com\/index.php\/2024\/03\/20\/flamengo-x-nova-iguacu-final-do-campeonato-carioca-sofre-alteracao\/","url":"https:\/\/www.gaveanews.com\/index.php\/2024\/03\/20\/flamengo-x-nova-iguacu-final-do-campeonato-carioca-sofre-alteracao\/","name":"Flamengo x Nova Igua\u00e7u: final do Campeonato Carioca sofre altera\u00e7\u00e3o","isPartOf":{"@id":"https:\/\/www.gaveanews.com\/#website"},"primaryImageOfPage":{"@id":"https:\/\/www.gaveanews.com\/index.php\/2024\/03\/20\/flamengo-x-nova-iguacu-final-do-campeonato-carioca-sofre-alteracao\/#primaryimage"},"image":{"@id":"https:\/\/www.gaveanews.com\/index.php\/2024\/03\/20\/flamengo-x-nova-iguacu-final-do-campeonato-carioca-sofre-alteracao\/#primaryimage"},"thumbnailUrl":"https:\/\/www.gaveanews.com\/wp-content\/uploads\/2019\/03\/Presidente-da-FERJ-Rubens-Lopes-durante-coletiva-de-imprensa.webp","datePublished":"2024-03-20T11:24:55+00:00","dateModified":"2024-04-07T02:23:41+00:00","author":{"@id":"https:\/\/www.gaveanews.com\/#\/schema\/person\/2ec14f73fb96be2caf28f91afb14749d"},"breadcrumb":{"@id":"https:\/\/www.gaveanews.com\/index.php\/2024\/03\/20\/flamengo-x-nova-iguacu-final-do-campeonato-carioca-sofre-alteracao\/#breadcrumb"},"inLanguage":"pt-BR","potentialAction":[{"@type":"ReadAction","target":["https:\/\/www.gaveanews.com\/index.php\/2024\/03\/20\/flamengo-x-nova-iguacu-final-do-campeonato-carioca-sofre-alteracao\/"]}]},{"@type":"ImageObject","inLanguage":"pt-BR","@id":"https:\/\/www.gaveanews.com\/index.php\/2024\/03\/20\/flamengo-x-nova-iguacu-final-do-campeonato-carioca-sofre-alteracao\/#primaryimage","url":"https:\/\/www.gaveanews.com\/wp-content\/uploads\/2019\/03\/Presidente-da-FERJ-Rubens-Lopes-durante-coletiva-de-imprensa.webp","contentUrl":"https:\/\/www.gaveanews.com\/wp-content\/uploads\/2019\/03\/Presidente-da-FERJ-Rubens-Lopes-durante-coletiva-de-imprensa.webp","width":841,"height":600,"caption":"Presidente da FERJ, Rubens Lopes durante coletiva de imprensa (Foto: \u00darsula Nery)"},{"@type":"BreadcrumbList","@id":"https:\/\/www.gaveanews.com\/index.php\/2024\/03\/20\/flamengo-x-nova-iguacu-final-do-campeonato-carioca-sofre-alteracao\/#breadcrumb","itemListElement":[{"@type":"ListItem","position":1,"name":"Home","item":"https:\/\/www.gaveanews.com\/"},{"@type":"ListItem","position":2,"name":"Flamengo x Nova Igua\u00e7u: final do Campeonato Carioca sofre altera\u00e7\u00e3o"}]},{"@type":"WebSite","@id":"https:\/\/www.gaveanews.com\/#website","url":"https:\/\/www.gaveanews.com\/","name":"G\u00e1vea News","description":"Veja todas as not\u00edcias sobre o Flamengo: Contrata\u00e7\u00f5es, categorias de base, resultados das partidas, tabela de classifica\u00e7\u00e3o, pr\u00f3ximos jogos!","potentialAction":[{"@type":"SearchAction","target":{"@type":"EntryPoint","urlTemplate":"https:\/\/www.gaveanews.com\/?s={search_term_string}"},"query-input":{"@type":"PropertyValueSpecification","valueRequired":true,"valueName":"search_term_string"}}],"inLanguage":"pt-BR"},{"@type":"Person","@id":"https:\/\/www.gaveanews.com\/#\/schema\/person\/2ec14f73fb96be2caf28f91afb14749d","name":"Equipe G\u00e1vea News","image":{"@type":"ImageObject","inLanguage":"pt-BR","@id":"https:\/\/www.gaveanews.com\/#\/schema\/person\/image\/","url":"https:\/\/secure.gravatar.com\/avatar\/1e1956f1facbffd3f8fa53a326721950116b3b9dc9bd44939c01180fd4a745a9?s=96&d=mm&r=g","contentUrl":"https:\/\/secure.gravatar.com\/avatar\/1e1956f1facbffd3f8fa53a326721950116b3b9dc9bd44939c01180fd4a745a9?s=96&d=mm&r=g","caption":"Equipe G\u00e1vea News"}}]}},"_links":{"self":[{"href":"https:\/\/www.gaveanews.com\/index.php\/wp-json\/wp\/v2\/posts\/131990","targetHints":{"allow":["GET"]}}],"collection":[{"href":"https:\/\/www.gaveanews.com\/index.php\/wp-json\/wp\/v2\/posts"}],"about":[{"href":"https:\/\/www.gaveanews.com\/index.php\/wp-json\/wp\/v2\/types\/post"}],"author":[{"embeddable":true,"href":"https:\/\/www.gaveanews.com\/index.php\/wp-json\/wp\/v2\/users\/1"}],"replies":[{"embeddable":true,"href":"https:\/\/www.gaveanews.com\/index.php\/wp-json\/wp\/v2\/comments?post=131990"}],"version-history":[{"count":1,"href":"https:\/\/www.gaveanews.com\/index.php\/wp-json\/wp\/v2\/posts\/131990\/revisions"}],"predecessor-version":[{"id":131992,"href":"https:\/\/www.gaveanews.com\/index.php\/wp-json\/wp\/v2\/posts\/131990\/revisions\/131992"}],"wp:featuredmedia":[{"embeddable":true,"href":"https:\/\/www.gaveanews.com\/index.php\/wp-json\/wp\/v2\/media\/16301"}],"wp:attachment":[{"href":"https:\/\/www.gaveanews.com\/index.php\/wp-json\/wp\/v2\/media?parent=131990"}],"wp:term":[{"taxonomy":"category","embeddable":true,"href":"https:\/\/www.gaveanews.com\/index.php\/wp-json\/wp\/v2\/categories?post=131990"},{"taxonomy":"post_tag","embeddable":true,"href":"https:\/\/www.gaveanews.com\/index.php\/wp-json\/wp\/v2\/tags?post=131990"}],"curies":[{"name":"wp","href":"https:\/\/api.w.org\/{rel}","templated":true}]}}