{"id":132008,"date":"2024-03-20T10:30:57","date_gmt":"2024-03-20T13:30:57","guid":{"rendered":"https:\/\/www.gaveanews.com\/?p=132008"},"modified":"2024-03-20T10:43:03","modified_gmt":"2024-03-20T13:43:03","slug":"luto-jornalista-rubro-negro-morre-e-flamengo-emite-nota-de-pesar","status":"publish","type":"post","link":"https:\/\/www.gaveanews.com\/index.php\/2024\/03\/20\/luto-jornalista-rubro-negro-morre-e-flamengo-emite-nota-de-pesar\/","title":{"rendered":"Luto! Jornalista rubro-negro morre e Flamengo emite nota de pesar"},"content":{"rendered":"\n<p>O mundo do futebol, especialmente a torcida do Flamengo, enfrenta um momento de luto com o falecimento de Max Oliveira, jornalista e influenciador dedicado ao Rubro-Negro. Max, conhecido por seu trabalho no projeto Dom\u00ednio Rubro Negro, deixou um legado de paix\u00e3o e profissionalismo na cobertura do clube, conquistando milhares de seguidores e o respeito de torcedores e colegas de profiss\u00e3o. Sua partida na \u00faltima ter\u00e7a-feira (19) encerra um cap\u00edtulo na hist\u00f3ria da m\u00eddia esportiva relacionada ao Flamengo.<\/p>\n\n\n\n<p>Os detalhes sobre o adeus a Max Oliveira foram compartilhados pela fam\u00edlia, marcando o vel\u00f3rio para esta quarta-feira (20) no Cemit\u00e9rio S\u00e3o Jo\u00e3o Batista, localizado em Botafogo. As cerim\u00f4nias come\u00e7ar\u00e3o com o vel\u00f3rio \u00e0s 13h30 (Hor\u00e1rio de Bras\u00edlia), seguidas pelo sepultamento \u00e0s 16h30 na Capela 7. <\/p>\n\n\n\n<p>A repercuss\u00e3o de sua morte foi ampla, com manifesta\u00e7\u00f5es de pesar vindas de v\u00e1rias partes do universo esportivo. O Flamengo, atrav\u00e9s de suas redes sociais, expressou condol\u00eancias, reiterando a dor pela perda de um jornalista t\u00e3o dedicado ao clube.<\/p>\n\n\n\n<figure class=\"wp-block-embed is-type-rich is-provider-twitter wp-block-embed-twitter\"><div class=\"wp-block-embed__wrapper\">\n<blockquote class=\"twitter-tweet\" data-width=\"550\" data-dnt=\"true\"><p lang=\"pt\" dir=\"ltr\">O Clube de Regatas do Flamengo lamenta profundamente o falecimento do jornalista rubro-negro Max Oliveira. Muita for\u00e7a aos familiares e amigos neste momento t\u00e3o triste. Descanse em paz, Max. \ud83d\ude4f\ud83d\udda4<a href=\"https:\/\/twitter.com\/hashtag\/CRF?src=hash&amp;ref_src=twsrc%5Etfw\">#CRF<\/a><\/p>&mdash; Flamengo (@Flamengo) <a href=\"https:\/\/twitter.com\/Flamengo\/status\/1770262839027962126?ref_src=twsrc%5Etfw\">March 20, 2024<\/a><\/blockquote><script async src=\"https:\/\/platform.twitter.com\/widgets.js\" charset=\"utf-8\"><\/script>\n<\/div><\/figure>\n\n\n\n<p>Al\u00e9m do clube, v\u00e1rias outras personalidades tamb\u00e9m manifestaram-se:<\/p>\n\n\n\n<figure class=\"wp-block-embed is-type-rich is-provider-twitter wp-block-embed-twitter\"><div class=\"wp-block-embed__wrapper\">\n<blockquote class=\"twitter-tweet\" data-width=\"550\" data-dnt=\"true\"><p lang=\"pt\" dir=\"ltr\">Meu amigo, o jornalismo esportivo e o YouTube nunca v\u00e3o te esquecer. A vida \u00e9 um sopro, mas voc\u00ea atingiu o sucesso e conquistou muitos seguidores e mat\u00e9rias exclusivas. Deixou seu nome gravado na m\u00eddia Rubro-Negra. Descanse em paz e um dia batemos aquela resenha de novo. Zela da\u00ed\u2026 <a href=\"https:\/\/t.co\/eEN5x07c1L\">pic.twitter.com\/eEN5x07c1L<\/a><\/p>&mdash; Paparazzo Rubro-Negro (@PaparazzoRN) <a href=\"https:\/\/twitter.com\/PaparazzoRN\/status\/1770248614482268260?ref_src=twsrc%5Etfw\">March 20, 2024<\/a><\/blockquote><script async src=\"https:\/\/platform.twitter.com\/widgets.js\" charset=\"utf-8\"><\/script>\n<\/div><\/figure>\n\n\n\n<figure class=\"wp-block-embed is-type-rich is-provider-twitter wp-block-embed-twitter\"><div class=\"wp-block-embed__wrapper\">\n<blockquote class=\"twitter-tweet\" data-width=\"550\" data-dnt=\"true\"><p lang=\"pt\" dir=\"ltr\">T\u00f4 sem acreditar na morte do Max Oliveira, rubro-negro e jornalista que acompanhava o dia a dia do Flamengo. Cara super gente boa! Que Deus conforte o cora\u00e7\u00e3o dos familiares. Estamos de luto na cobertura do clube. Descanse em paz! \ud83d\ude4f\ud83c\udffc<\/p>&mdash; Renan Moura \ud83c\udf99\ufe0f (@renanmouraglobo) <a href=\"https:\/\/twitter.com\/renanmouraglobo\/status\/1770310468923519233?ref_src=twsrc%5Etfw\">March 20, 2024<\/a><\/blockquote><script async src=\"https:\/\/platform.twitter.com\/widgets.js\" charset=\"utf-8\"><\/script>\n<\/div><\/figure>\n\n\n\n<figure class=\"wp-block-embed is-type-rich is-provider-twitter wp-block-embed-twitter\"><div class=\"wp-block-embed__wrapper\">\n<blockquote class=\"twitter-tweet\" data-width=\"550\" data-dnt=\"true\"><p lang=\"pt\" dir=\"ltr\">For\u00e7a \u00e0 fam\u00edlia do Max, educad\u00edssimo e carinhoso demais com os que o cercavam. Levava a vida com alegria esse grande rubro-negro. <a href=\"https:\/\/t.co\/w4d7mYBM4c\">https:\/\/t.co\/w4d7mYBM4c<\/a><\/p>&mdash; Fred Gomes (@fredgomes1985) <a href=\"https:\/\/twitter.com\/fredgomes1985\/status\/1770263193660584367?ref_src=twsrc%5Etfw\">March 20, 2024<\/a><\/blockquote><script async src=\"https:\/\/platform.twitter.com\/widgets.js\" charset=\"utf-8\"><\/script>\n<\/div><\/figure>\n\n\n\n<figure class=\"wp-block-embed is-type-rich is-provider-twitter wp-block-embed-twitter\"><div class=\"wp-block-embed__wrapper\">\n<blockquote class=\"twitter-tweet\" data-width=\"550\" data-dnt=\"true\"><p lang=\"qme\" dir=\"ltr\"><a href=\"https:\/\/twitter.com\/hashtag\/luto?src=hash&amp;ref_src=twsrc%5Etfw\">#luto<\/a> <a href=\"https:\/\/t.co\/NcFxMw2Z5L\">pic.twitter.com\/NcFxMw2Z5L<\/a><\/p>&mdash; Flazoeiro (@flazoeiro_) <a href=\"https:\/\/twitter.com\/flazoeiro_\/status\/1770257240966017513?ref_src=twsrc%5Etfw\">March 20, 2024<\/a><\/blockquote><script async src=\"https:\/\/platform.twitter.com\/widgets.js\" charset=\"utf-8\"><\/script>\n<\/div><\/figure>\n\n\n\n<figure class=\"wp-block-embed is-type-rich is-provider-twitter wp-block-embed-twitter\"><div class=\"wp-block-embed__wrapper\">\n<blockquote class=\"twitter-tweet\" data-width=\"550\" data-dnt=\"true\"><p lang=\"pt\" dir=\"ltr\">Que tristeza. Estou em choque com essa not\u00edcia. Max foi um ser humano acolhedor, flamenguista fan\u00e1tico, com uma humildade tremenda. Que not\u00edcia triste. V\u00e1 em paz, amigo. Que Deus te receba. <a href=\"https:\/\/t.co\/s6ZXRXf6Bf\">https:\/\/t.co\/s6ZXRXf6Bf<\/a><\/p>&mdash; Isabelle Costa (@bellexcosta) <a href=\"https:\/\/twitter.com\/bellexcosta\/status\/1770251548896969182?ref_src=twsrc%5Etfw\">March 20, 2024<\/a><\/blockquote><script async src=\"https:\/\/platform.twitter.com\/widgets.js\" charset=\"utf-8\"><\/script>\n<\/div><\/figure>\n\n\n\n<h2 class=\"wp-block-heading\" id=\"h-alteracao-no-calendario-do-flamengo\">Altera\u00e7\u00e3o no calend\u00e1rio do Flamengo<\/h2>\n\n\n\n<p>O Flamengo ajustou sua agenda em raz\u00e3o da participa\u00e7\u00e3o na fase de grupos da Conmebol Libertadores, com a estreia marcada para o dia 2 de abril, uma ter\u00e7a-feira, contra o Millonarios. Este compromisso resultou na antecipa\u00e7\u00e3o da final de ida do Campeonato Carioca contra o Nova Igua\u00e7u para o s\u00e1bado, 30 de mar\u00e7o, ainda com hor\u00e1rio a ser definido pela Federa\u00e7\u00e3o de Futebol do Estado do Rio de Janeiro (Ferj). <\/p>\n\n\n\n<p>Entre os jogos importantes, o Flamengo tamb\u00e9m enfrentar\u00e1 o Palestino pela Libertadores no dia 10 de abril, \u00e0s 21h30 (hor\u00e1rio de Bras\u00edlia), posicionando este jogo entre as duas finais do Carioca, marcando um per\u00edodo de alta demanda de partidas para a equipe.<\/p>\n","protected":false},"excerpt":{"rendered":"<p>O mundo do futebol, especialmente a torcida do Flamengo, enfrenta um momento de luto com o falecimento de Max Oliveira, jornalista e influenciador dedicado ao Rubro-Negro. Max, conhecido por seu trabalho no projeto Dom\u00ednio Rubro Negro, deixou um legado de paix\u00e3o e profissionalismo na cobertura do clube, conquistando milhares de seguidores e o respeito de [&hellip;]<\/p>\n","protected":false},"author":1,"featured_media":31951,"comment_status":"open","ping_status":"closed","sticky":false,"template":"","format":"standard","meta":{"footnotes":""},"categories":[1],"tags":[],"class_list":["post-132008","post","type-post","status-publish","format-standard","has-post-thumbnail","hentry","category-flamengo"],"yoast_head":"<!-- This site is optimized with the Yoast SEO Premium plugin v24.2 (Yoast SEO v26.9) - https:\/\/yoast.com\/product\/yoast-seo-premium-wordpress\/ -->\n<title>Luto! Jornalista rubro-negro morre e Flamengo emite nota de pesar<\/title>\n<meta name=\"robots\" content=\"index, follow, max-snippet:-1, max-image-preview:large, max-video-preview:-1\" \/>\n<link rel=\"canonical\" href=\"https:\/\/www.gaveanews.com\/index.php\/2024\/03\/20\/luto-jornalista-rubro-negro-morre-e-flamengo-emite-nota-de-pesar\/\" \/>\n<meta property=\"og:locale\" content=\"pt_BR\" \/>\n<meta property=\"og:type\" content=\"article\" \/>\n<meta property=\"og:title\" content=\"Luto! Jornalista rubro-negro morre e Flamengo emite nota de pesar\" \/>\n<meta property=\"og:description\" content=\"O mundo do futebol, especialmente a torcida do Flamengo, enfrenta um momento de luto com o falecimento de Max Oliveira, jornalista e influenciador dedicado ao Rubro-Negro. Max, conhecido por seu trabalho no projeto Dom\u00ednio Rubro Negro, deixou um legado de paix\u00e3o e profissionalismo na cobertura do clube, conquistando milhares de seguidores e o respeito de [&hellip;]\" \/>\n<meta property=\"og:url\" content=\"https:\/\/www.gaveanews.com\/index.php\/2024\/03\/20\/luto-jornalista-rubro-negro-morre-e-flamengo-emite-nota-de-pesar\/\" \/>\n<meta property=\"og:site_name\" content=\"G\u00e1vea News\" \/>\n<meta property=\"article:publisher\" content=\"https:\/\/facebook.com\/gaveaNews\/\" \/>\n<meta property=\"article:published_time\" content=\"2024-03-20T13:30:57+00:00\" \/>\n<meta property=\"article:modified_time\" content=\"2024-03-20T13:43:03+00:00\" \/>\n<meta property=\"og:image\" content=\"https:\/\/www.gaveanews.com\/wp-content\/uploads\/luto-o-que-e.webp\" \/>\n\t<meta property=\"og:image:width\" content=\"640\" \/>\n\t<meta property=\"og:image:height\" content=\"424\" \/>\n\t<meta property=\"og:image:type\" content=\"image\/jpeg\" \/>\n<meta name=\"author\" content=\"Equipe G\u00e1vea News\" \/>\n<meta name=\"twitter:card\" content=\"summary_large_image\" \/>\n<meta name=\"twitter:label1\" content=\"Escrito por\" \/>\n\t<meta name=\"twitter:data1\" content=\"Equipe G\u00e1vea News\" \/>\n\t<meta name=\"twitter:label2\" content=\"Est. tempo de leitura\" \/>\n\t<meta name=\"twitter:data2\" content=\"2 minutos\" \/>\n<script type=\"application\/ld+json\" class=\"yoast-schema-graph\">{\"@context\":\"https:\/\/schema.org\",\"@graph\":[{\"@type\":\"NewsArticle\",\"@id\":\"https:\/\/www.gaveanews.com\/index.php\/2024\/03\/20\/luto-jornalista-rubro-negro-morre-e-flamengo-emite-nota-de-pesar\/#article\",\"isPartOf\":{\"@id\":\"https:\/\/www.gaveanews.com\/index.php\/2024\/03\/20\/luto-jornalista-rubro-negro-morre-e-flamengo-emite-nota-de-pesar\/\"},\"author\":{\"name\":\"Equipe G\u00e1vea News\",\"@id\":\"https:\/\/www.gaveanews.com\/#\/schema\/person\/2ec14f73fb96be2caf28f91afb14749d\"},\"headline\":\"Luto! Jornalista rubro-negro morre e Flamengo emite nota de pesar\",\"datePublished\":\"2024-03-20T13:30:57+00:00\",\"dateModified\":\"2024-03-20T13:43:03+00:00\",\"mainEntityOfPage\":{\"@id\":\"https:\/\/www.gaveanews.com\/index.php\/2024\/03\/20\/luto-jornalista-rubro-negro-morre-e-flamengo-emite-nota-de-pesar\/\"},\"wordCount\":363,\"commentCount\":0,\"image\":{\"@id\":\"https:\/\/www.gaveanews.com\/index.php\/2024\/03\/20\/luto-jornalista-rubro-negro-morre-e-flamengo-emite-nota-de-pesar\/#primaryimage\"},\"thumbnailUrl\":\"https:\/\/www.gaveanews.com\/wp-content\/uploads\/luto-o-que-e.webp\",\"articleSection\":[\"Flamengo\"],\"inLanguage\":\"pt-BR\",\"potentialAction\":[{\"@type\":\"CommentAction\",\"name\":\"Comment\",\"target\":[\"https:\/\/www.gaveanews.com\/index.php\/2024\/03\/20\/luto-jornalista-rubro-negro-morre-e-flamengo-emite-nota-de-pesar\/#respond\"]}],\"copyrightYear\":\"2024\",\"copyrightHolder\":{\"@id\":\"https:\/\/www.gaveanews.com\/#organization\"}},{\"@type\":\"WebPage\",\"@id\":\"https:\/\/www.gaveanews.com\/index.php\/2024\/03\/20\/luto-jornalista-rubro-negro-morre-e-flamengo-emite-nota-de-pesar\/\",\"url\":\"https:\/\/www.gaveanews.com\/index.php\/2024\/03\/20\/luto-jornalista-rubro-negro-morre-e-flamengo-emite-nota-de-pesar\/\",\"name\":\"Luto! Jornalista rubro-negro morre e Flamengo emite nota de pesar\",\"isPartOf\":{\"@id\":\"https:\/\/www.gaveanews.com\/#website\"},\"primaryImageOfPage\":{\"@id\":\"https:\/\/www.gaveanews.com\/index.php\/2024\/03\/20\/luto-jornalista-rubro-negro-morre-e-flamengo-emite-nota-de-pesar\/#primaryimage\"},\"image\":{\"@id\":\"https:\/\/www.gaveanews.com\/index.php\/2024\/03\/20\/luto-jornalista-rubro-negro-morre-e-flamengo-emite-nota-de-pesar\/#primaryimage\"},\"thumbnailUrl\":\"https:\/\/www.gaveanews.com\/wp-content\/uploads\/luto-o-que-e.webp\",\"datePublished\":\"2024-03-20T13:30:57+00:00\",\"dateModified\":\"2024-03-20T13:43:03+00:00\",\"author\":{\"@id\":\"https:\/\/www.gaveanews.com\/#\/schema\/person\/2ec14f73fb96be2caf28f91afb14749d\"},\"breadcrumb\":{\"@id\":\"https:\/\/www.gaveanews.com\/index.php\/2024\/03\/20\/luto-jornalista-rubro-negro-morre-e-flamengo-emite-nota-de-pesar\/#breadcrumb\"},\"inLanguage\":\"pt-BR\",\"potentialAction\":[{\"@type\":\"ReadAction\",\"target\":[\"https:\/\/www.gaveanews.com\/index.php\/2024\/03\/20\/luto-jornalista-rubro-negro-morre-e-flamengo-emite-nota-de-pesar\/\"]}]},{\"@type\":\"ImageObject\",\"inLanguage\":\"pt-BR\",\"@id\":\"https:\/\/www.gaveanews.com\/index.php\/2024\/03\/20\/luto-jornalista-rubro-negro-morre-e-flamengo-emite-nota-de-pesar\/#primaryimage\",\"url\":\"https:\/\/www.gaveanews.com\/wp-content\/uploads\/luto-o-que-e.webp\",\"contentUrl\":\"https:\/\/www.gaveanews.com\/wp-content\/uploads\/luto-o-que-e.webp\",\"width\":640,\"height\":424},{\"@type\":\"BreadcrumbList\",\"@id\":\"https:\/\/www.gaveanews.com\/index.php\/2024\/03\/20\/luto-jornalista-rubro-negro-morre-e-flamengo-emite-nota-de-pesar\/#breadcrumb\",\"itemListElement\":[{\"@type\":\"ListItem\",\"position\":1,\"name\":\"Home\",\"item\":\"https:\/\/www.gaveanews.com\/\"},{\"@type\":\"ListItem\",\"position\":2,\"name\":\"Luto! Jornalista rubro-negro morre e Flamengo emite nota de pesar\"}]},{\"@type\":\"WebSite\",\"@id\":\"https:\/\/www.gaveanews.com\/#website\",\"url\":\"https:\/\/www.gaveanews.com\/\",\"name\":\"G\u00e1vea News\",\"description\":\"Veja todas as not\u00edcias sobre o Flamengo: Contrata\u00e7\u00f5es, categorias de base, resultados das partidas, tabela de classifica\u00e7\u00e3o, pr\u00f3ximos jogos!\",\"potentialAction\":[{\"@type\":\"SearchAction\",\"target\":{\"@type\":\"EntryPoint\",\"urlTemplate\":\"https:\/\/www.gaveanews.com\/?s={search_term_string}\"},\"query-input\":{\"@type\":\"PropertyValueSpecification\",\"valueRequired\":true,\"valueName\":\"search_term_string\"}}],\"inLanguage\":\"pt-BR\"},{\"@type\":\"Person\",\"@id\":\"https:\/\/www.gaveanews.com\/#\/schema\/person\/2ec14f73fb96be2caf28f91afb14749d\",\"name\":\"Equipe G\u00e1vea News\",\"image\":{\"@type\":\"ImageObject\",\"inLanguage\":\"pt-BR\",\"@id\":\"https:\/\/www.gaveanews.com\/#\/schema\/person\/image\/\",\"url\":\"https:\/\/secure.gravatar.com\/avatar\/1e1956f1facbffd3f8fa53a326721950116b3b9dc9bd44939c01180fd4a745a9?s=96&d=mm&r=g\",\"contentUrl\":\"https:\/\/secure.gravatar.com\/avatar\/1e1956f1facbffd3f8fa53a326721950116b3b9dc9bd44939c01180fd4a745a9?s=96&d=mm&r=g\",\"caption\":\"Equipe G\u00e1vea News\"}}]}<\/script>\n<!-- \/ Yoast SEO Premium plugin. -->","yoast_head_json":{"title":"Luto! Jornalista rubro-negro morre e Flamengo emite nota de pesar","robots":{"index":"index","follow":"follow","max-snippet":"max-snippet:-1","max-image-preview":"max-image-preview:large","max-video-preview":"max-video-preview:-1"},"canonical":"https:\/\/www.gaveanews.com\/index.php\/2024\/03\/20\/luto-jornalista-rubro-negro-morre-e-flamengo-emite-nota-de-pesar\/","og_locale":"pt_BR","og_type":"article","og_title":"Luto! Jornalista rubro-negro morre e Flamengo emite nota de pesar","og_description":"O mundo do futebol, especialmente a torcida do Flamengo, enfrenta um momento de luto com o falecimento de Max Oliveira, jornalista e influenciador dedicado ao Rubro-Negro. Max, conhecido por seu trabalho no projeto Dom\u00ednio Rubro Negro, deixou um legado de paix\u00e3o e profissionalismo na cobertura do clube, conquistando milhares de seguidores e o respeito de [&hellip;]","og_url":"https:\/\/www.gaveanews.com\/index.php\/2024\/03\/20\/luto-jornalista-rubro-negro-morre-e-flamengo-emite-nota-de-pesar\/","og_site_name":"G\u00e1vea News","article_publisher":"https:\/\/facebook.com\/gaveaNews\/","article_published_time":"2024-03-20T13:30:57+00:00","article_modified_time":"2024-03-20T13:43:03+00:00","og_image":[{"width":640,"height":424,"url":"https:\/\/www.gaveanews.com\/wp-content\/uploads\/luto-o-que-e.webp","type":"image\/jpeg"}],"author":"Equipe G\u00e1vea News","twitter_card":"summary_large_image","twitter_misc":{"Escrito por":"Equipe G\u00e1vea News","Est. tempo de leitura":"2 minutos"},"schema":{"@context":"https:\/\/schema.org","@graph":[{"@type":"NewsArticle","@id":"https:\/\/www.gaveanews.com\/index.php\/2024\/03\/20\/luto-jornalista-rubro-negro-morre-e-flamengo-emite-nota-de-pesar\/#article","isPartOf":{"@id":"https:\/\/www.gaveanews.com\/index.php\/2024\/03\/20\/luto-jornalista-rubro-negro-morre-e-flamengo-emite-nota-de-pesar\/"},"author":{"name":"Equipe G\u00e1vea News","@id":"https:\/\/www.gaveanews.com\/#\/schema\/person\/2ec14f73fb96be2caf28f91afb14749d"},"headline":"Luto! Jornalista rubro-negro morre e Flamengo emite nota de pesar","datePublished":"2024-03-20T13:30:57+00:00","dateModified":"2024-03-20T13:43:03+00:00","mainEntityOfPage":{"@id":"https:\/\/www.gaveanews.com\/index.php\/2024\/03\/20\/luto-jornalista-rubro-negro-morre-e-flamengo-emite-nota-de-pesar\/"},"wordCount":363,"commentCount":0,"image":{"@id":"https:\/\/www.gaveanews.com\/index.php\/2024\/03\/20\/luto-jornalista-rubro-negro-morre-e-flamengo-emite-nota-de-pesar\/#primaryimage"},"thumbnailUrl":"https:\/\/www.gaveanews.com\/wp-content\/uploads\/luto-o-que-e.webp","articleSection":["Flamengo"],"inLanguage":"pt-BR","potentialAction":[{"@type":"CommentAction","name":"Comment","target":["https:\/\/www.gaveanews.com\/index.php\/2024\/03\/20\/luto-jornalista-rubro-negro-morre-e-flamengo-emite-nota-de-pesar\/#respond"]}],"copyrightYear":"2024","copyrightHolder":{"@id":"https:\/\/www.gaveanews.com\/#organization"}},{"@type":"WebPage","@id":"https:\/\/www.gaveanews.com\/index.php\/2024\/03\/20\/luto-jornalista-rubro-negro-morre-e-flamengo-emite-nota-de-pesar\/","url":"https:\/\/www.gaveanews.com\/index.php\/2024\/03\/20\/luto-jornalista-rubro-negro-morre-e-flamengo-emite-nota-de-pesar\/","name":"Luto! Jornalista rubro-negro morre e Flamengo emite nota de pesar","isPartOf":{"@id":"https:\/\/www.gaveanews.com\/#website"},"primaryImageOfPage":{"@id":"https:\/\/www.gaveanews.com\/index.php\/2024\/03\/20\/luto-jornalista-rubro-negro-morre-e-flamengo-emite-nota-de-pesar\/#primaryimage"},"image":{"@id":"https:\/\/www.gaveanews.com\/index.php\/2024\/03\/20\/luto-jornalista-rubro-negro-morre-e-flamengo-emite-nota-de-pesar\/#primaryimage"},"thumbnailUrl":"https:\/\/www.gaveanews.com\/wp-content\/uploads\/luto-o-que-e.webp","datePublished":"2024-03-20T13:30:57+00:00","dateModified":"2024-03-20T13:43:03+00:00","author":{"@id":"https:\/\/www.gaveanews.com\/#\/schema\/person\/2ec14f73fb96be2caf28f91afb14749d"},"breadcrumb":{"@id":"https:\/\/www.gaveanews.com\/index.php\/2024\/03\/20\/luto-jornalista-rubro-negro-morre-e-flamengo-emite-nota-de-pesar\/#breadcrumb"},"inLanguage":"pt-BR","potentialAction":[{"@type":"ReadAction","target":["https:\/\/www.gaveanews.com\/index.php\/2024\/03\/20\/luto-jornalista-rubro-negro-morre-e-flamengo-emite-nota-de-pesar\/"]}]},{"@type":"ImageObject","inLanguage":"pt-BR","@id":"https:\/\/www.gaveanews.com\/index.php\/2024\/03\/20\/luto-jornalista-rubro-negro-morre-e-flamengo-emite-nota-de-pesar\/#primaryimage","url":"https:\/\/www.gaveanews.com\/wp-content\/uploads\/luto-o-que-e.webp","contentUrl":"https:\/\/www.gaveanews.com\/wp-content\/uploads\/luto-o-que-e.webp","width":640,"height":424},{"@type":"BreadcrumbList","@id":"https:\/\/www.gaveanews.com\/index.php\/2024\/03\/20\/luto-jornalista-rubro-negro-morre-e-flamengo-emite-nota-de-pesar\/#breadcrumb","itemListElement":[{"@type":"ListItem","position":1,"name":"Home","item":"https:\/\/www.gaveanews.com\/"},{"@type":"ListItem","position":2,"name":"Luto! Jornalista rubro-negro morre e Flamengo emite nota de pesar"}]},{"@type":"WebSite","@id":"https:\/\/www.gaveanews.com\/#website","url":"https:\/\/www.gaveanews.com\/","name":"G\u00e1vea News","description":"Veja todas as not\u00edcias sobre o Flamengo: Contrata\u00e7\u00f5es, categorias de base, resultados das partidas, tabela de classifica\u00e7\u00e3o, pr\u00f3ximos jogos!","potentialAction":[{"@type":"SearchAction","target":{"@type":"EntryPoint","urlTemplate":"https:\/\/www.gaveanews.com\/?s={search_term_string}"},"query-input":{"@type":"PropertyValueSpecification","valueRequired":true,"valueName":"search_term_string"}}],"inLanguage":"pt-BR"},{"@type":"Person","@id":"https:\/\/www.gaveanews.com\/#\/schema\/person\/2ec14f73fb96be2caf28f91afb14749d","name":"Equipe G\u00e1vea News","image":{"@type":"ImageObject","inLanguage":"pt-BR","@id":"https:\/\/www.gaveanews.com\/#\/schema\/person\/image\/","url":"https:\/\/secure.gravatar.com\/avatar\/1e1956f1facbffd3f8fa53a326721950116b3b9dc9bd44939c01180fd4a745a9?s=96&d=mm&r=g","contentUrl":"https:\/\/secure.gravatar.com\/avatar\/1e1956f1facbffd3f8fa53a326721950116b3b9dc9bd44939c01180fd4a745a9?s=96&d=mm&r=g","caption":"Equipe G\u00e1vea News"}}]}},"_links":{"self":[{"href":"https:\/\/www.gaveanews.com\/index.php\/wp-json\/wp\/v2\/posts\/132008","targetHints":{"allow":["GET"]}}],"collection":[{"href":"https:\/\/www.gaveanews.com\/index.php\/wp-json\/wp\/v2\/posts"}],"about":[{"href":"https:\/\/www.gaveanews.com\/index.php\/wp-json\/wp\/v2\/types\/post"}],"author":[{"embeddable":true,"href":"https:\/\/www.gaveanews.com\/index.php\/wp-json\/wp\/v2\/users\/1"}],"replies":[{"embeddable":true,"href":"https:\/\/www.gaveanews.com\/index.php\/wp-json\/wp\/v2\/comments?post=132008"}],"version-history":[{"count":2,"href":"https:\/\/www.gaveanews.com\/index.php\/wp-json\/wp\/v2\/posts\/132008\/revisions"}],"predecessor-version":[{"id":132013,"href":"https:\/\/www.gaveanews.com\/index.php\/wp-json\/wp\/v2\/posts\/132008\/revisions\/132013"}],"wp:featuredmedia":[{"embeddable":true,"href":"https:\/\/www.gaveanews.com\/index.php\/wp-json\/wp\/v2\/media\/31951"}],"wp:attachment":[{"href":"https:\/\/www.gaveanews.com\/index.php\/wp-json\/wp\/v2\/media?parent=132008"}],"wp:term":[{"taxonomy":"category","embeddable":true,"href":"https:\/\/www.gaveanews.com\/index.php\/wp-json\/wp\/v2\/categories?post=132008"},{"taxonomy":"post_tag","embeddable":true,"href":"https:\/\/www.gaveanews.com\/index.php\/wp-json\/wp\/v2\/tags?post=132008"}],"curies":[{"name":"wp","href":"https:\/\/api.w.org\/{rel}","templated":true}]}}