{"id":132021,"date":"2024-03-20T12:45:54","date_gmt":"2024-03-20T15:45:54","guid":{"rendered":"https:\/\/www.gaveanews.com\/?p=132021"},"modified":"2024-04-07T09:34:01","modified_gmt":"2024-04-07T12:34:01","slug":"alem-de-de-la-cruz-flamengo-quer-contratar-mais-um-queridinho-da-torcida-do-river-plate","status":"publish","type":"post","link":"https:\/\/www.gaveanews.com\/index.php\/2024\/03\/20\/alem-de-de-la-cruz-flamengo-quer-contratar-mais-um-queridinho-da-torcida-do-river-plate\/","title":{"rendered":"Al\u00e9m de De la Cruz, Flamengo quer contratar mais um queridinho da torcida do River Plate"},"content":{"rendered":"\n<p>Embora a janela de transfer\u00eancias do come\u00e7o do ano tenha fechado, o Flamengo continua mapeando o mercado da bola em busca de poss\u00edveis refor\u00e7os. A promessa \u00e9 de uma temporada bastante atarefada e pouco tempo para treinos.<\/p>\n\n\n\n<p>Sabendo da necessidade de ter uma equipe com op\u00e7\u00f5es em caso de contratempos, os dirigentes rubro-negros avaliam a contrata\u00e7\u00e3o de um meia para substituir Arrascaeta. De acordo com o jornal &#8220;O Dia&#8221;, Esequiel Barco est\u00e1 na mira do Meng\u00e3o.<\/p>\n\n\n\n<p>O atleta de 24 anos pertence ao River Plate, da Argentina. O meia \u00e9 destro e atua pelo clube desde 2023, quando chegou por empr\u00e9stimo do Atlanta United. Os argentinos acabaram desembolsando 7 milh\u00f5es de d\u00f3lares (R$ 35 milh\u00f5es na cota\u00e7\u00e3o atual) pela compra do atleta.<\/p>\n\n\n\n<p>O contrato de Barco com o River Plate vai at\u00e9 dezembro de 2026. O Flamengo ainda n\u00e3o procurou o staff do jogador, mas sabe que precisar\u00e1 desembolsar um alto valor se quiser tir\u00e1-lo dos argentinos.<\/p>\n\n\n\n<h2 class=\"wp-block-heading\" id=\"h-flamengo-na-libertadores\">Flamengo na Libertadores<\/h2>\n\n\n\n<p>O time da G\u00e1vea estreia na competi\u00e7\u00e3o na fase de grupos. O sorteio desta etapa foi feito na \u00faltima segunda-feira (18), quando o Meng\u00e3o descobriu que enfrentar\u00e1 Bol\u00edvar (BOL), Millonarios (COL) e Palestino (CHI).<\/p>\n\n\n\n<p>O principal desafio antecipado pelo Mais Querido \u00e9 a altitude que enfrentar\u00e1 na Bol\u00edvia e possivelmente na Col\u00f4mbia. A primeira rodada da fase de grupos acontece na primeira semana de abril, entre os jogos de ida e volta da final do Campeonato Carioca.<\/p>\n\n\n\n<h2 class=\"wp-block-heading\" id=\"h-grupos-da-copa-libertadores-de-2024\">Grupos da Copa Libertadores de 2024<\/h2>\n\n\n\n<ul class=\"wp-block-list\">\n<li><strong>Grupo A:<\/strong>&nbsp;<strong><a href=\"https:\/\/www.gaveanews.com\/?s=fluminense&amp;utm_source=SystemGaveaNews&amp;utm_medium=SystemGaveaNews&amp;utm_campaign=SystemGaveaNews\">Fluminense<\/a><\/strong>, Cerro Porte\u00f1o, Alianza Lima e Colo-Colo;<\/li>\n\n\n\n<li><strong>Grupo B:<\/strong>&nbsp;<strong>S\u00e3o Paulo<\/strong>, Barcelona, Talleres e Cobresal;<\/li>\n\n\n\n<li><strong>Grupo C:<\/strong>&nbsp;<strong><a href=\"https:\/\/www.gaveanews.com\/?s=Gr%C3%AAmio&amp;utm_source=SystemGaveaNews&amp;utm_medium=SystemGaveaNews&amp;utm_campaign=SystemGaveaNews\">Gr\u00eamio<\/a><\/strong>, Estudiantes de la Plata, The Strongest e Huachipato;<\/li>\n\n\n\n<li><strong>Grupo D:<\/strong>&nbsp;LDU, Deportivo Junior, Universitario e&nbsp;<strong><a href=\"https:\/\/www.gaveanews.com\/?s=Botafogo&amp;utm_source=SystemGaveaNews&amp;utm_medium=SystemGaveaNews&amp;utm_campaign=SystemGaveaNews\">Botafogo<\/a><\/strong>;<\/li>\n\n\n\n<li><strong>Grupo E:<\/strong>&nbsp;<a href=\"https:\/\/gaveanews.com\/?utm_source=SystemGaveaNews&amp;utm_medium=SystemGaveaNews&amp;utm_campaign=SystemGaveaNews\"><strong>Flamengo<\/strong><\/a>, Bol\u00edvar, Millonarios e Palestino;<\/li>\n\n\n\n<li><strong>Grupo F:<\/strong>&nbsp;<strong><a href=\"https:\/\/www.gaveanews.com\/?s=palmeiras&amp;utm_source=SystemGaveaNews&amp;utm_medium=SystemGaveaNews&amp;utm_campaign=SystemGaveaNews\">Palmeiras<\/a><\/strong>, Del Valle, San Lorenzo e Liverpool;<\/li>\n\n\n\n<li><strong>Grupo G:<\/strong>&nbsp;Pen\u00e3rol,&nbsp;<strong>Atl\u00e9tico-MG<\/strong>, Rosario Central e Caracas;<\/li>\n\n\n\n<li><strong>Grupo H:<\/strong>&nbsp;River Plate, Libertad, Deportivo T\u00e1chira e Nacional.<\/li>\n<\/ul>\n","protected":false},"excerpt":{"rendered":"<p>Embora a janela de transfer\u00eancias do come\u00e7o do ano tenha fechado, o Flamengo continua mapeando o mercado da bola em busca de poss\u00edveis refor\u00e7os. A promessa \u00e9 de uma temporada bastante atarefada e pouco tempo para treinos. Sabendo da necessidade de ter uma equipe com op\u00e7\u00f5es em caso de contratempos, os dirigentes rubro-negros avaliam a [&hellip;]<\/p>\n","protected":false},"author":4,"featured_media":127549,"comment_status":"open","ping_status":"closed","sticky":false,"template":"","format":"standard","meta":{"footnotes":""},"categories":[1],"tags":[180],"class_list":["post-132021","post","type-post","status-publish","format-standard","has-post-thumbnail","hentry","category-flamengo","tag-diego-nicolas-de-la-cruz-arcosa"],"yoast_head":"<!-- This site is optimized with the Yoast SEO Premium plugin v24.2 (Yoast SEO v26.9) - https:\/\/yoast.com\/product\/yoast-seo-premium-wordpress\/ -->\n<title>Al\u00e9m de De la Cruz, Flamengo quer contratar mais um queridinho da torcida do River Plate<\/title>\n<meta name=\"robots\" content=\"index, follow, max-snippet:-1, max-image-preview:large, max-video-preview:-1\" \/>\n<link rel=\"canonical\" href=\"https:\/\/www.gaveanews.com\/index.php\/2024\/03\/20\/alem-de-de-la-cruz-flamengo-quer-contratar-mais-um-queridinho-da-torcida-do-river-plate\/\" \/>\n<meta property=\"og:locale\" content=\"pt_BR\" \/>\n<meta property=\"og:type\" content=\"article\" \/>\n<meta property=\"og:title\" content=\"Al\u00e9m de De la Cruz, Flamengo quer contratar mais um queridinho da torcida do River Plate\" \/>\n<meta property=\"og:description\" content=\"Embora a janela de transfer\u00eancias do come\u00e7o do ano tenha fechado, o Flamengo continua mapeando o mercado da bola em busca de poss\u00edveis refor\u00e7os. A promessa \u00e9 de uma temporada bastante atarefada e pouco tempo para treinos. Sabendo da necessidade de ter uma equipe com op\u00e7\u00f5es em caso de contratempos, os dirigentes rubro-negros avaliam a [&hellip;]\" \/>\n<meta property=\"og:url\" content=\"https:\/\/www.gaveanews.com\/index.php\/2024\/03\/20\/alem-de-de-la-cruz-flamengo-quer-contratar-mais-um-queridinho-da-torcida-do-river-plate\/\" \/>\n<meta property=\"og:site_name\" content=\"G\u00e1vea News\" \/>\n<meta property=\"article:publisher\" content=\"https:\/\/facebook.com\/gaveaNews\/\" \/>\n<meta property=\"article:published_time\" content=\"2024-03-20T15:45:54+00:00\" \/>\n<meta property=\"article:modified_time\" content=\"2024-04-07T12:34:01+00:00\" \/>\n<meta property=\"og:image\" content=\"https:\/\/www.gaveanews.com\/wp-content\/uploads\/Marcos-Braz.webp\" \/>\n\t<meta property=\"og:image:width\" content=\"1200\" \/>\n\t<meta property=\"og:image:height\" content=\"750\" \/>\n\t<meta property=\"og:image:type\" content=\"image\/webp\" \/>\n<meta name=\"author\" content=\"Let\u00edcia Gerheim\" \/>\n<meta name=\"twitter:card\" content=\"summary_large_image\" \/>\n<meta name=\"twitter:label1\" content=\"Escrito por\" \/>\n\t<meta name=\"twitter:data1\" content=\"Let\u00edcia Gerheim\" \/>\n\t<meta name=\"twitter:label2\" content=\"Est. tempo de leitura\" \/>\n\t<meta name=\"twitter:data2\" content=\"2 minutos\" \/>\n<script type=\"application\/ld+json\" class=\"yoast-schema-graph\">{\"@context\":\"https:\/\/schema.org\",\"@graph\":[{\"@type\":\"NewsArticle\",\"@id\":\"https:\/\/www.gaveanews.com\/index.php\/2024\/03\/20\/alem-de-de-la-cruz-flamengo-quer-contratar-mais-um-queridinho-da-torcida-do-river-plate\/#article\",\"isPartOf\":{\"@id\":\"https:\/\/www.gaveanews.com\/index.php\/2024\/03\/20\/alem-de-de-la-cruz-flamengo-quer-contratar-mais-um-queridinho-da-torcida-do-river-plate\/\"},\"author\":{\"name\":\"Let\u00edcia Gerheim\",\"@id\":\"https:\/\/www.gaveanews.com\/#\/schema\/person\/714c67050b836198af2450ba1c142a67\"},\"headline\":\"Al\u00e9m de De la Cruz, Flamengo quer contratar mais um queridinho da torcida do River Plate\",\"datePublished\":\"2024-03-20T15:45:54+00:00\",\"dateModified\":\"2024-04-07T12:34:01+00:00\",\"mainEntityOfPage\":{\"@id\":\"https:\/\/www.gaveanews.com\/index.php\/2024\/03\/20\/alem-de-de-la-cruz-flamengo-quer-contratar-mais-um-queridinho-da-torcida-do-river-plate\/\"},\"wordCount\":356,\"commentCount\":0,\"image\":{\"@id\":\"https:\/\/www.gaveanews.com\/index.php\/2024\/03\/20\/alem-de-de-la-cruz-flamengo-quer-contratar-mais-um-queridinho-da-torcida-do-river-plate\/#primaryimage\"},\"thumbnailUrl\":\"https:\/\/www.gaveanews.com\/wp-content\/uploads\/Marcos-Braz.webp\",\"keywords\":[\"Diego Nicol\u00e1s de la Cruz Arcosa\"],\"articleSection\":[\"Flamengo\"],\"inLanguage\":\"pt-BR\",\"potentialAction\":[{\"@type\":\"CommentAction\",\"name\":\"Comment\",\"target\":[\"https:\/\/www.gaveanews.com\/index.php\/2024\/03\/20\/alem-de-de-la-cruz-flamengo-quer-contratar-mais-um-queridinho-da-torcida-do-river-plate\/#respond\"]}],\"copyrightYear\":\"2024\",\"copyrightHolder\":{\"@id\":\"https:\/\/www.gaveanews.com\/#organization\"}},{\"@type\":\"WebPage\",\"@id\":\"https:\/\/www.gaveanews.com\/index.php\/2024\/03\/20\/alem-de-de-la-cruz-flamengo-quer-contratar-mais-um-queridinho-da-torcida-do-river-plate\/\",\"url\":\"https:\/\/www.gaveanews.com\/index.php\/2024\/03\/20\/alem-de-de-la-cruz-flamengo-quer-contratar-mais-um-queridinho-da-torcida-do-river-plate\/\",\"name\":\"Al\u00e9m de De la Cruz, Flamengo quer contratar mais um queridinho da torcida do River Plate\",\"isPartOf\":{\"@id\":\"https:\/\/www.gaveanews.com\/#website\"},\"primaryImageOfPage\":{\"@id\":\"https:\/\/www.gaveanews.com\/index.php\/2024\/03\/20\/alem-de-de-la-cruz-flamengo-quer-contratar-mais-um-queridinho-da-torcida-do-river-plate\/#primaryimage\"},\"image\":{\"@id\":\"https:\/\/www.gaveanews.com\/index.php\/2024\/03\/20\/alem-de-de-la-cruz-flamengo-quer-contratar-mais-um-queridinho-da-torcida-do-river-plate\/#primaryimage\"},\"thumbnailUrl\":\"https:\/\/www.gaveanews.com\/wp-content\/uploads\/Marcos-Braz.webp\",\"datePublished\":\"2024-03-20T15:45:54+00:00\",\"dateModified\":\"2024-04-07T12:34:01+00:00\",\"author\":{\"@id\":\"https:\/\/www.gaveanews.com\/#\/schema\/person\/714c67050b836198af2450ba1c142a67\"},\"breadcrumb\":{\"@id\":\"https:\/\/www.gaveanews.com\/index.php\/2024\/03\/20\/alem-de-de-la-cruz-flamengo-quer-contratar-mais-um-queridinho-da-torcida-do-river-plate\/#breadcrumb\"},\"inLanguage\":\"pt-BR\",\"potentialAction\":[{\"@type\":\"ReadAction\",\"target\":[\"https:\/\/www.gaveanews.com\/index.php\/2024\/03\/20\/alem-de-de-la-cruz-flamengo-quer-contratar-mais-um-queridinho-da-torcida-do-river-plate\/\"]}]},{\"@type\":\"ImageObject\",\"inLanguage\":\"pt-BR\",\"@id\":\"https:\/\/www.gaveanews.com\/index.php\/2024\/03\/20\/alem-de-de-la-cruz-flamengo-quer-contratar-mais-um-queridinho-da-torcida-do-river-plate\/#primaryimage\",\"url\":\"https:\/\/www.gaveanews.com\/wp-content\/uploads\/Marcos-Braz.webp\",\"contentUrl\":\"https:\/\/www.gaveanews.com\/wp-content\/uploads\/Marcos-Braz.webp\",\"width\":1200,\"height\":750,\"caption\":\"Marcos Braz j\u00e1 foi vice-presidente de futebol do Flamengo - Foto: Gilvan de Souza\/Flamengo\"},{\"@type\":\"BreadcrumbList\",\"@id\":\"https:\/\/www.gaveanews.com\/index.php\/2024\/03\/20\/alem-de-de-la-cruz-flamengo-quer-contratar-mais-um-queridinho-da-torcida-do-river-plate\/#breadcrumb\",\"itemListElement\":[{\"@type\":\"ListItem\",\"position\":1,\"name\":\"Home\",\"item\":\"https:\/\/www.gaveanews.com\/\"},{\"@type\":\"ListItem\",\"position\":2,\"name\":\"Al\u00e9m de De la Cruz, Flamengo quer contratar mais um queridinho da torcida do River Plate\"}]},{\"@type\":\"WebSite\",\"@id\":\"https:\/\/www.gaveanews.com\/#website\",\"url\":\"https:\/\/www.gaveanews.com\/\",\"name\":\"G\u00e1vea News\",\"description\":\"Veja todas as not\u00edcias sobre o Flamengo: Contrata\u00e7\u00f5es, categorias de base, resultados das partidas, tabela de classifica\u00e7\u00e3o, pr\u00f3ximos jogos!\",\"potentialAction\":[{\"@type\":\"SearchAction\",\"target\":{\"@type\":\"EntryPoint\",\"urlTemplate\":\"https:\/\/www.gaveanews.com\/?s={search_term_string}\"},\"query-input\":{\"@type\":\"PropertyValueSpecification\",\"valueRequired\":true,\"valueName\":\"search_term_string\"}}],\"inLanguage\":\"pt-BR\"},{\"@type\":\"Person\",\"@id\":\"https:\/\/www.gaveanews.com\/#\/schema\/person\/714c67050b836198af2450ba1c142a67\",\"name\":\"Let\u00edcia Gerheim\",\"image\":{\"@type\":\"ImageObject\",\"inLanguage\":\"pt-BR\",\"@id\":\"https:\/\/www.gaveanews.com\/#\/schema\/person\/image\/\",\"url\":\"https:\/\/secure.gravatar.com\/avatar\/60734739c50fcebfbac509e2a826ccd0ff405c019bc73aab9354f19ecad1dcb4?s=96&d=mm&r=g\",\"contentUrl\":\"https:\/\/secure.gravatar.com\/avatar\/60734739c50fcebfbac509e2a826ccd0ff405c019bc73aab9354f19ecad1dcb4?s=96&d=mm&r=g\",\"caption\":\"Let\u00edcia Gerheim\"}}]}<\/script>\n<!-- \/ Yoast SEO Premium plugin. -->","yoast_head_json":{"title":"Al\u00e9m de De la Cruz, Flamengo quer contratar mais um queridinho da torcida do River Plate","robots":{"index":"index","follow":"follow","max-snippet":"max-snippet:-1","max-image-preview":"max-image-preview:large","max-video-preview":"max-video-preview:-1"},"canonical":"https:\/\/www.gaveanews.com\/index.php\/2024\/03\/20\/alem-de-de-la-cruz-flamengo-quer-contratar-mais-um-queridinho-da-torcida-do-river-plate\/","og_locale":"pt_BR","og_type":"article","og_title":"Al\u00e9m de De la Cruz, Flamengo quer contratar mais um queridinho da torcida do River Plate","og_description":"Embora a janela de transfer\u00eancias do come\u00e7o do ano tenha fechado, o Flamengo continua mapeando o mercado da bola em busca de poss\u00edveis refor\u00e7os. A promessa \u00e9 de uma temporada bastante atarefada e pouco tempo para treinos. Sabendo da necessidade de ter uma equipe com op\u00e7\u00f5es em caso de contratempos, os dirigentes rubro-negros avaliam a [&hellip;]","og_url":"https:\/\/www.gaveanews.com\/index.php\/2024\/03\/20\/alem-de-de-la-cruz-flamengo-quer-contratar-mais-um-queridinho-da-torcida-do-river-plate\/","og_site_name":"G\u00e1vea News","article_publisher":"https:\/\/facebook.com\/gaveaNews\/","article_published_time":"2024-03-20T15:45:54+00:00","article_modified_time":"2024-04-07T12:34:01+00:00","og_image":[{"width":1200,"height":750,"url":"https:\/\/www.gaveanews.com\/wp-content\/uploads\/Marcos-Braz.webp","type":"image\/webp"}],"author":"Let\u00edcia Gerheim","twitter_card":"summary_large_image","twitter_misc":{"Escrito por":"Let\u00edcia Gerheim","Est. tempo de leitura":"2 minutos"},"schema":{"@context":"https:\/\/schema.org","@graph":[{"@type":"NewsArticle","@id":"https:\/\/www.gaveanews.com\/index.php\/2024\/03\/20\/alem-de-de-la-cruz-flamengo-quer-contratar-mais-um-queridinho-da-torcida-do-river-plate\/#article","isPartOf":{"@id":"https:\/\/www.gaveanews.com\/index.php\/2024\/03\/20\/alem-de-de-la-cruz-flamengo-quer-contratar-mais-um-queridinho-da-torcida-do-river-plate\/"},"author":{"name":"Let\u00edcia Gerheim","@id":"https:\/\/www.gaveanews.com\/#\/schema\/person\/714c67050b836198af2450ba1c142a67"},"headline":"Al\u00e9m de De la Cruz, Flamengo quer contratar mais um queridinho da torcida do River Plate","datePublished":"2024-03-20T15:45:54+00:00","dateModified":"2024-04-07T12:34:01+00:00","mainEntityOfPage":{"@id":"https:\/\/www.gaveanews.com\/index.php\/2024\/03\/20\/alem-de-de-la-cruz-flamengo-quer-contratar-mais-um-queridinho-da-torcida-do-river-plate\/"},"wordCount":356,"commentCount":0,"image":{"@id":"https:\/\/www.gaveanews.com\/index.php\/2024\/03\/20\/alem-de-de-la-cruz-flamengo-quer-contratar-mais-um-queridinho-da-torcida-do-river-plate\/#primaryimage"},"thumbnailUrl":"https:\/\/www.gaveanews.com\/wp-content\/uploads\/Marcos-Braz.webp","keywords":["Diego Nicol\u00e1s de la Cruz Arcosa"],"articleSection":["Flamengo"],"inLanguage":"pt-BR","potentialAction":[{"@type":"CommentAction","name":"Comment","target":["https:\/\/www.gaveanews.com\/index.php\/2024\/03\/20\/alem-de-de-la-cruz-flamengo-quer-contratar-mais-um-queridinho-da-torcida-do-river-plate\/#respond"]}],"copyrightYear":"2024","copyrightHolder":{"@id":"https:\/\/www.gaveanews.com\/#organization"}},{"@type":"WebPage","@id":"https:\/\/www.gaveanews.com\/index.php\/2024\/03\/20\/alem-de-de-la-cruz-flamengo-quer-contratar-mais-um-queridinho-da-torcida-do-river-plate\/","url":"https:\/\/www.gaveanews.com\/index.php\/2024\/03\/20\/alem-de-de-la-cruz-flamengo-quer-contratar-mais-um-queridinho-da-torcida-do-river-plate\/","name":"Al\u00e9m de De la Cruz, Flamengo quer contratar mais um queridinho da torcida do River Plate","isPartOf":{"@id":"https:\/\/www.gaveanews.com\/#website"},"primaryImageOfPage":{"@id":"https:\/\/www.gaveanews.com\/index.php\/2024\/03\/20\/alem-de-de-la-cruz-flamengo-quer-contratar-mais-um-queridinho-da-torcida-do-river-plate\/#primaryimage"},"image":{"@id":"https:\/\/www.gaveanews.com\/index.php\/2024\/03\/20\/alem-de-de-la-cruz-flamengo-quer-contratar-mais-um-queridinho-da-torcida-do-river-plate\/#primaryimage"},"thumbnailUrl":"https:\/\/www.gaveanews.com\/wp-content\/uploads\/Marcos-Braz.webp","datePublished":"2024-03-20T15:45:54+00:00","dateModified":"2024-04-07T12:34:01+00:00","author":{"@id":"https:\/\/www.gaveanews.com\/#\/schema\/person\/714c67050b836198af2450ba1c142a67"},"breadcrumb":{"@id":"https:\/\/www.gaveanews.com\/index.php\/2024\/03\/20\/alem-de-de-la-cruz-flamengo-quer-contratar-mais-um-queridinho-da-torcida-do-river-plate\/#breadcrumb"},"inLanguage":"pt-BR","potentialAction":[{"@type":"ReadAction","target":["https:\/\/www.gaveanews.com\/index.php\/2024\/03\/20\/alem-de-de-la-cruz-flamengo-quer-contratar-mais-um-queridinho-da-torcida-do-river-plate\/"]}]},{"@type":"ImageObject","inLanguage":"pt-BR","@id":"https:\/\/www.gaveanews.com\/index.php\/2024\/03\/20\/alem-de-de-la-cruz-flamengo-quer-contratar-mais-um-queridinho-da-torcida-do-river-plate\/#primaryimage","url":"https:\/\/www.gaveanews.com\/wp-content\/uploads\/Marcos-Braz.webp","contentUrl":"https:\/\/www.gaveanews.com\/wp-content\/uploads\/Marcos-Braz.webp","width":1200,"height":750,"caption":"Marcos Braz j\u00e1 foi vice-presidente de futebol do Flamengo - Foto: Gilvan de Souza\/Flamengo"},{"@type":"BreadcrumbList","@id":"https:\/\/www.gaveanews.com\/index.php\/2024\/03\/20\/alem-de-de-la-cruz-flamengo-quer-contratar-mais-um-queridinho-da-torcida-do-river-plate\/#breadcrumb","itemListElement":[{"@type":"ListItem","position":1,"name":"Home","item":"https:\/\/www.gaveanews.com\/"},{"@type":"ListItem","position":2,"name":"Al\u00e9m de De la Cruz, Flamengo quer contratar mais um queridinho da torcida do River Plate"}]},{"@type":"WebSite","@id":"https:\/\/www.gaveanews.com\/#website","url":"https:\/\/www.gaveanews.com\/","name":"G\u00e1vea News","description":"Veja todas as not\u00edcias sobre o Flamengo: Contrata\u00e7\u00f5es, categorias de base, resultados das partidas, tabela de classifica\u00e7\u00e3o, pr\u00f3ximos jogos!","potentialAction":[{"@type":"SearchAction","target":{"@type":"EntryPoint","urlTemplate":"https:\/\/www.gaveanews.com\/?s={search_term_string}"},"query-input":{"@type":"PropertyValueSpecification","valueRequired":true,"valueName":"search_term_string"}}],"inLanguage":"pt-BR"},{"@type":"Person","@id":"https:\/\/www.gaveanews.com\/#\/schema\/person\/714c67050b836198af2450ba1c142a67","name":"Let\u00edcia Gerheim","image":{"@type":"ImageObject","inLanguage":"pt-BR","@id":"https:\/\/www.gaveanews.com\/#\/schema\/person\/image\/","url":"https:\/\/secure.gravatar.com\/avatar\/60734739c50fcebfbac509e2a826ccd0ff405c019bc73aab9354f19ecad1dcb4?s=96&d=mm&r=g","contentUrl":"https:\/\/secure.gravatar.com\/avatar\/60734739c50fcebfbac509e2a826ccd0ff405c019bc73aab9354f19ecad1dcb4?s=96&d=mm&r=g","caption":"Let\u00edcia Gerheim"}}]}},"_links":{"self":[{"href":"https:\/\/www.gaveanews.com\/index.php\/wp-json\/wp\/v2\/posts\/132021","targetHints":{"allow":["GET"]}}],"collection":[{"href":"https:\/\/www.gaveanews.com\/index.php\/wp-json\/wp\/v2\/posts"}],"about":[{"href":"https:\/\/www.gaveanews.com\/index.php\/wp-json\/wp\/v2\/types\/post"}],"author":[{"embeddable":true,"href":"https:\/\/www.gaveanews.com\/index.php\/wp-json\/wp\/v2\/users\/4"}],"replies":[{"embeddable":true,"href":"https:\/\/www.gaveanews.com\/index.php\/wp-json\/wp\/v2\/comments?post=132021"}],"version-history":[{"count":1,"href":"https:\/\/www.gaveanews.com\/index.php\/wp-json\/wp\/v2\/posts\/132021\/revisions"}],"predecessor-version":[{"id":132034,"href":"https:\/\/www.gaveanews.com\/index.php\/wp-json\/wp\/v2\/posts\/132021\/revisions\/132034"}],"wp:featuredmedia":[{"embeddable":true,"href":"https:\/\/www.gaveanews.com\/index.php\/wp-json\/wp\/v2\/media\/127549"}],"wp:attachment":[{"href":"https:\/\/www.gaveanews.com\/index.php\/wp-json\/wp\/v2\/media?parent=132021"}],"wp:term":[{"taxonomy":"category","embeddable":true,"href":"https:\/\/www.gaveanews.com\/index.php\/wp-json\/wp\/v2\/categories?post=132021"},{"taxonomy":"post_tag","embeddable":true,"href":"https:\/\/www.gaveanews.com\/index.php\/wp-json\/wp\/v2\/tags?post=132021"}],"curies":[{"name":"wp","href":"https:\/\/api.w.org\/{rel}","templated":true}]}}