{"id":132026,"date":"2024-03-20T13:02:17","date_gmt":"2024-03-20T16:02:17","guid":{"rendered":"https:\/\/www.gaveanews.com\/?p=132026"},"modified":"2024-04-07T09:34:00","modified_gmt":"2024-04-07T12:34:00","slug":"de-la-cruz-relembra-final-da-libertadores-contra-o-flamengo-me-fizeram-sofrer","status":"publish","type":"post","link":"https:\/\/www.gaveanews.com\/index.php\/2024\/03\/20\/de-la-cruz-relembra-final-da-libertadores-contra-o-flamengo-me-fizeram-sofrer\/","title":{"rendered":"De la Cruz relembra final da Libertadores contra o Flamengo: &#8220;me fizeram sofrer&#8221;"},"content":{"rendered":"\n<p>De La Cruz, um dos grandes destaques do Flamengo em 2024, encontrou um ambiente familiar desde sua chegada ao clube. Admirado pela torcida rubro-negra mesmo antes de assinar contrato, ele conquistou ainda mais respeito ao se destacar no time e se adaptar rapidamente.<\/p>\n\n\n\n<p>No entanto, sua jornada no futebol tamb\u00e9m carrega lembran\u00e7as dolorosas, como a final da Libertadores de 2019, quando estava no River Plate e perdeu para o Flamengo. O jogador admitiu ter chorado com a virada rubro-negra, mas nutre o desejo de conquistar t\u00edtulos vestindo as cores do Flamengo.<\/p>\n\n\n\n<p>\u2014 <em>Em tr\u00eas ou cinco minutos, tudo se foi abaixo. Aconteceu de o Flamengo ganhar, e a partida foi muito equilibrada. Fizemos uma grande Libertadores e eu tamb\u00e9m. Eles tinham sofrido pouco e conosco sofreram mais do que realmente tinham sofrido durante a Libertadores. Obviamente, agora h\u00e1 a expectativa de conquist\u00e1-la tamb\u00e9m com aqueles que me fizeram sofrer em 2019 (risos), me fizeram chorar um pouquinho porque ningu\u00e9m gosta de perder, ainda mais uma final da Libertadores<\/em> \u2014 disse De La Cruz.<\/p>\n\n\n\n<figure class=\"wp-block-image size-full\"><img loading=\"lazy\" decoding=\"async\" width=\"640\" height=\"400\" src=\"https:\/\/www.gaveanews.com\/wp-content\/uploads\/gabigol-flamengo-river-plate-final-libertadores.webp\" alt=\"\" class=\"wp-image-112686\" srcset=\"https:\/\/www.gaveanews.com\/wp-content\/uploads\/gabigol-flamengo-river-plate-final-libertadores.webp 640w, https:\/\/www.gaveanews.com\/wp-content\/uploads\/gabigol-flamengo-river-plate-final-libertadores-300x188.webp 300w, https:\/\/www.gaveanews.com\/wp-content\/uploads\/gabigol-flamengo-river-plate-final-libertadores-100x63.webp 100w\" sizes=\"auto, (max-width: 640px) 100vw, 640px\" \/><figcaption class=\"wp-element-caption\">Gabigol na final da Libertadores entre Flamengo e River Plate (Foto: Alexandre Vidal\/Flamengo)<\/figcaption><\/figure>\n\n\n\n<p>Atualmente, De La Cruz \u00e9 alvo de brincadeiras entre os amigos no ambiente rubro-negro, fazendo refer\u00eancia \u00e0 final de 2019. No entanto, ele assegura que essas intera\u00e7\u00f5es contribuem para um ambiente mais descontra\u00eddo. At\u00e9 mesmo Luiz Ara\u00fajo, que venceu a Libertadores Sub-20 contra o Liverpool de De La Cruz em 2016, n\u00e3o perde a oportunidade de fazer uma brincadeira.<\/p>\n\n\n\n<p>\u2014 <em>Gabi brinca, Giorgian igual, mas sempre com respeito e numa boa onda. Creio que a uni\u00e3o do grupo e com a participa\u00e7\u00e3o de todos vai ser muito importante para conquistar todos os objetivos tra\u00e7ados para esse semestre. H\u00e1 algumas brincadeiras com Luiz Ara\u00fajo porque ele me ganhou uma final de Libertadores no sub-20 na final<\/em> \u2014 finalizou De La Cruz.<\/p>\n\n\n\n<p>A expectativa de conquistar t\u00edtulos com o Flamengo \u00e9 alta para De La Cruz. Ele ressalta a qualidade do plantel e da comiss\u00e3o t\u00e9cnica, destacando a import\u00e2ncia de todos estarem alinhados em busca dos mesmos objetivos. Apesar das brincadeiras, a integra\u00e7\u00e3o e o bom ambiente prevalecem no grupo, o que, segundo o jogador, fortalece a uni\u00e3o e contribui para o sucesso em campo.<\/p>\n","protected":false},"excerpt":{"rendered":"<p>De La Cruz, um dos grandes destaques do Flamengo em 2024, encontrou um ambiente familiar desde sua chegada ao clube. Admirado pela torcida rubro-negra mesmo antes de assinar contrato, ele conquistou ainda mais respeito ao se destacar no time e se adaptar rapidamente. No entanto, sua jornada no futebol tamb\u00e9m carrega lembran\u00e7as dolorosas, como a [&hellip;]<\/p>\n","protected":false},"author":15,"featured_media":112679,"comment_status":"open","ping_status":"closed","sticky":false,"template":"","format":"standard","meta":{"footnotes":""},"categories":[1],"tags":[180],"class_list":["post-132026","post","type-post","status-publish","format-standard","has-post-thumbnail","hentry","category-flamengo","tag-diego-nicolas-de-la-cruz-arcosa"],"yoast_head":"<!-- This site is optimized with the Yoast SEO Premium plugin v24.2 (Yoast SEO v26.9) - https:\/\/yoast.com\/product\/yoast-seo-premium-wordpress\/ -->\n<title>De la Cruz relembra final da Libertadores contra o Flamengo: &quot;me fizeram sofrer&quot;<\/title>\n<meta name=\"robots\" content=\"index, follow, max-snippet:-1, max-image-preview:large, max-video-preview:-1\" \/>\n<link rel=\"canonical\" href=\"https:\/\/www.gaveanews.com\/index.php\/2024\/03\/20\/de-la-cruz-relembra-final-da-libertadores-contra-o-flamengo-me-fizeram-sofrer\/\" \/>\n<meta property=\"og:locale\" content=\"pt_BR\" \/>\n<meta property=\"og:type\" content=\"article\" \/>\n<meta property=\"og:title\" content=\"De la Cruz relembra final da Libertadores contra o Flamengo: &quot;me fizeram sofrer&quot;\" \/>\n<meta property=\"og:description\" content=\"De La Cruz, um dos grandes destaques do Flamengo em 2024, encontrou um ambiente familiar desde sua chegada ao clube. Admirado pela torcida rubro-negra mesmo antes de assinar contrato, ele conquistou ainda mais respeito ao se destacar no time e se adaptar rapidamente. No entanto, sua jornada no futebol tamb\u00e9m carrega lembran\u00e7as dolorosas, como a [&hellip;]\" \/>\n<meta property=\"og:url\" content=\"https:\/\/www.gaveanews.com\/index.php\/2024\/03\/20\/de-la-cruz-relembra-final-da-libertadores-contra-o-flamengo-me-fizeram-sofrer\/\" \/>\n<meta property=\"og:site_name\" content=\"G\u00e1vea News\" \/>\n<meta property=\"article:publisher\" content=\"https:\/\/facebook.com\/gaveaNews\/\" \/>\n<meta property=\"article:published_time\" content=\"2024-03-20T16:02:17+00:00\" \/>\n<meta property=\"article:modified_time\" content=\"2024-04-07T12:34:00+00:00\" \/>\n<meta property=\"og:image\" content=\"https:\/\/www.gaveanews.com\/wp-content\/uploads\/Gabigol-com-taca-da-Libertadores-2019.webp\" \/>\n\t<meta property=\"og:image:width\" content=\"1024\" \/>\n\t<meta property=\"og:image:height\" content=\"683\" \/>\n\t<meta property=\"og:image:type\" content=\"image\/webp\" \/>\n<meta name=\"author\" content=\"Henrique Machado\" \/>\n<meta name=\"twitter:card\" content=\"summary_large_image\" \/>\n<meta name=\"twitter:label1\" content=\"Escrito por\" \/>\n\t<meta name=\"twitter:data1\" content=\"Henrique Machado\" \/>\n\t<meta name=\"twitter:label2\" content=\"Est. tempo de leitura\" \/>\n\t<meta name=\"twitter:data2\" content=\"3 minutos\" \/>\n<script type=\"application\/ld+json\" class=\"yoast-schema-graph\">{\"@context\":\"https:\/\/schema.org\",\"@graph\":[{\"@type\":\"NewsArticle\",\"@id\":\"https:\/\/www.gaveanews.com\/index.php\/2024\/03\/20\/de-la-cruz-relembra-final-da-libertadores-contra-o-flamengo-me-fizeram-sofrer\/#article\",\"isPartOf\":{\"@id\":\"https:\/\/www.gaveanews.com\/index.php\/2024\/03\/20\/de-la-cruz-relembra-final-da-libertadores-contra-o-flamengo-me-fizeram-sofrer\/\"},\"author\":{\"name\":\"Henrique Machado\",\"@id\":\"https:\/\/www.gaveanews.com\/#\/schema\/person\/fd07635ec039ec3ba74ad18ec8a6dbd6\"},\"headline\":\"De la Cruz relembra final da Libertadores contra o Flamengo: &#8220;me fizeram sofrer&#8221;\",\"datePublished\":\"2024-03-20T16:02:17+00:00\",\"dateModified\":\"2024-04-07T12:34:00+00:00\",\"mainEntityOfPage\":{\"@id\":\"https:\/\/www.gaveanews.com\/index.php\/2024\/03\/20\/de-la-cruz-relembra-final-da-libertadores-contra-o-flamengo-me-fizeram-sofrer\/\"},\"wordCount\":394,\"commentCount\":0,\"image\":{\"@id\":\"https:\/\/www.gaveanews.com\/index.php\/2024\/03\/20\/de-la-cruz-relembra-final-da-libertadores-contra-o-flamengo-me-fizeram-sofrer\/#primaryimage\"},\"thumbnailUrl\":\"https:\/\/www.gaveanews.com\/wp-content\/uploads\/Gabigol-com-taca-da-Libertadores-2019.webp\",\"keywords\":[\"Diego Nicol\u00e1s de la Cruz Arcosa\"],\"articleSection\":[\"Flamengo\"],\"inLanguage\":\"pt-BR\",\"potentialAction\":[{\"@type\":\"CommentAction\",\"name\":\"Comment\",\"target\":[\"https:\/\/www.gaveanews.com\/index.php\/2024\/03\/20\/de-la-cruz-relembra-final-da-libertadores-contra-o-flamengo-me-fizeram-sofrer\/#respond\"]}],\"copyrightYear\":\"2024\",\"copyrightHolder\":{\"@id\":\"https:\/\/www.gaveanews.com\/#organization\"}},{\"@type\":\"WebPage\",\"@id\":\"https:\/\/www.gaveanews.com\/index.php\/2024\/03\/20\/de-la-cruz-relembra-final-da-libertadores-contra-o-flamengo-me-fizeram-sofrer\/\",\"url\":\"https:\/\/www.gaveanews.com\/index.php\/2024\/03\/20\/de-la-cruz-relembra-final-da-libertadores-contra-o-flamengo-me-fizeram-sofrer\/\",\"name\":\"De la Cruz relembra final da Libertadores contra o Flamengo: \\\"me fizeram sofrer\\\"\",\"isPartOf\":{\"@id\":\"https:\/\/www.gaveanews.com\/#website\"},\"primaryImageOfPage\":{\"@id\":\"https:\/\/www.gaveanews.com\/index.php\/2024\/03\/20\/de-la-cruz-relembra-final-da-libertadores-contra-o-flamengo-me-fizeram-sofrer\/#primaryimage\"},\"image\":{\"@id\":\"https:\/\/www.gaveanews.com\/index.php\/2024\/03\/20\/de-la-cruz-relembra-final-da-libertadores-contra-o-flamengo-me-fizeram-sofrer\/#primaryimage\"},\"thumbnailUrl\":\"https:\/\/www.gaveanews.com\/wp-content\/uploads\/Gabigol-com-taca-da-Libertadores-2019.webp\",\"datePublished\":\"2024-03-20T16:02:17+00:00\",\"dateModified\":\"2024-04-07T12:34:00+00:00\",\"author\":{\"@id\":\"https:\/\/www.gaveanews.com\/#\/schema\/person\/fd07635ec039ec3ba74ad18ec8a6dbd6\"},\"breadcrumb\":{\"@id\":\"https:\/\/www.gaveanews.com\/index.php\/2024\/03\/20\/de-la-cruz-relembra-final-da-libertadores-contra-o-flamengo-me-fizeram-sofrer\/#breadcrumb\"},\"inLanguage\":\"pt-BR\",\"potentialAction\":[{\"@type\":\"ReadAction\",\"target\":[\"https:\/\/www.gaveanews.com\/index.php\/2024\/03\/20\/de-la-cruz-relembra-final-da-libertadores-contra-o-flamengo-me-fizeram-sofrer\/\"]}]},{\"@type\":\"ImageObject\",\"inLanguage\":\"pt-BR\",\"@id\":\"https:\/\/www.gaveanews.com\/index.php\/2024\/03\/20\/de-la-cruz-relembra-final-da-libertadores-contra-o-flamengo-me-fizeram-sofrer\/#primaryimage\",\"url\":\"https:\/\/www.gaveanews.com\/wp-content\/uploads\/Gabigol-com-taca-da-Libertadores-2019.webp\",\"contentUrl\":\"https:\/\/www.gaveanews.com\/wp-content\/uploads\/Gabigol-com-taca-da-Libertadores-2019.webp\",\"width\":1024,\"height\":683,\"caption\":\"Gabigol com a ta\u00e7a da Libertadores 2019 (Foto: Manuel Velasquez\/Getty Images)\"},{\"@type\":\"BreadcrumbList\",\"@id\":\"https:\/\/www.gaveanews.com\/index.php\/2024\/03\/20\/de-la-cruz-relembra-final-da-libertadores-contra-o-flamengo-me-fizeram-sofrer\/#breadcrumb\",\"itemListElement\":[{\"@type\":\"ListItem\",\"position\":1,\"name\":\"Home\",\"item\":\"https:\/\/www.gaveanews.com\/\"},{\"@type\":\"ListItem\",\"position\":2,\"name\":\"De la Cruz relembra final da Libertadores contra o Flamengo: &#8220;me fizeram sofrer&#8221;\"}]},{\"@type\":\"WebSite\",\"@id\":\"https:\/\/www.gaveanews.com\/#website\",\"url\":\"https:\/\/www.gaveanews.com\/\",\"name\":\"G\u00e1vea News\",\"description\":\"Veja todas as not\u00edcias sobre o Flamengo: Contrata\u00e7\u00f5es, categorias de base, resultados das partidas, tabela de classifica\u00e7\u00e3o, pr\u00f3ximos jogos!\",\"potentialAction\":[{\"@type\":\"SearchAction\",\"target\":{\"@type\":\"EntryPoint\",\"urlTemplate\":\"https:\/\/www.gaveanews.com\/?s={search_term_string}\"},\"query-input\":{\"@type\":\"PropertyValueSpecification\",\"valueRequired\":true,\"valueName\":\"search_term_string\"}}],\"inLanguage\":\"pt-BR\"},{\"@type\":\"Person\",\"@id\":\"https:\/\/www.gaveanews.com\/#\/schema\/person\/fd07635ec039ec3ba74ad18ec8a6dbd6\",\"name\":\"Henrique Machado\",\"image\":{\"@type\":\"ImageObject\",\"inLanguage\":\"pt-BR\",\"@id\":\"https:\/\/www.gaveanews.com\/#\/schema\/person\/image\/\",\"url\":\"https:\/\/secure.gravatar.com\/avatar\/b95e35997e01d9800c1b6184bd79d4d898d370a3fce2584f5c77b907d5c7d9e9?s=96&d=mm&r=g\",\"contentUrl\":\"https:\/\/secure.gravatar.com\/avatar\/b95e35997e01d9800c1b6184bd79d4d898d370a3fce2584f5c77b907d5c7d9e9?s=96&d=mm&r=g\",\"caption\":\"Henrique Machado\"}}]}<\/script>\n<!-- \/ Yoast SEO Premium plugin. -->","yoast_head_json":{"title":"De la Cruz relembra final da Libertadores contra o Flamengo: \"me fizeram sofrer\"","robots":{"index":"index","follow":"follow","max-snippet":"max-snippet:-1","max-image-preview":"max-image-preview:large","max-video-preview":"max-video-preview:-1"},"canonical":"https:\/\/www.gaveanews.com\/index.php\/2024\/03\/20\/de-la-cruz-relembra-final-da-libertadores-contra-o-flamengo-me-fizeram-sofrer\/","og_locale":"pt_BR","og_type":"article","og_title":"De la Cruz relembra final da Libertadores contra o Flamengo: \"me fizeram sofrer\"","og_description":"De La Cruz, um dos grandes destaques do Flamengo em 2024, encontrou um ambiente familiar desde sua chegada ao clube. Admirado pela torcida rubro-negra mesmo antes de assinar contrato, ele conquistou ainda mais respeito ao se destacar no time e se adaptar rapidamente. No entanto, sua jornada no futebol tamb\u00e9m carrega lembran\u00e7as dolorosas, como a [&hellip;]","og_url":"https:\/\/www.gaveanews.com\/index.php\/2024\/03\/20\/de-la-cruz-relembra-final-da-libertadores-contra-o-flamengo-me-fizeram-sofrer\/","og_site_name":"G\u00e1vea News","article_publisher":"https:\/\/facebook.com\/gaveaNews\/","article_published_time":"2024-03-20T16:02:17+00:00","article_modified_time":"2024-04-07T12:34:00+00:00","og_image":[{"width":1024,"height":683,"url":"https:\/\/www.gaveanews.com\/wp-content\/uploads\/Gabigol-com-taca-da-Libertadores-2019.webp","type":"image\/webp"}],"author":"Henrique Machado","twitter_card":"summary_large_image","twitter_misc":{"Escrito por":"Henrique Machado","Est. tempo de leitura":"3 minutos"},"schema":{"@context":"https:\/\/schema.org","@graph":[{"@type":"NewsArticle","@id":"https:\/\/www.gaveanews.com\/index.php\/2024\/03\/20\/de-la-cruz-relembra-final-da-libertadores-contra-o-flamengo-me-fizeram-sofrer\/#article","isPartOf":{"@id":"https:\/\/www.gaveanews.com\/index.php\/2024\/03\/20\/de-la-cruz-relembra-final-da-libertadores-contra-o-flamengo-me-fizeram-sofrer\/"},"author":{"name":"Henrique Machado","@id":"https:\/\/www.gaveanews.com\/#\/schema\/person\/fd07635ec039ec3ba74ad18ec8a6dbd6"},"headline":"De la Cruz relembra final da Libertadores contra o Flamengo: &#8220;me fizeram sofrer&#8221;","datePublished":"2024-03-20T16:02:17+00:00","dateModified":"2024-04-07T12:34:00+00:00","mainEntityOfPage":{"@id":"https:\/\/www.gaveanews.com\/index.php\/2024\/03\/20\/de-la-cruz-relembra-final-da-libertadores-contra-o-flamengo-me-fizeram-sofrer\/"},"wordCount":394,"commentCount":0,"image":{"@id":"https:\/\/www.gaveanews.com\/index.php\/2024\/03\/20\/de-la-cruz-relembra-final-da-libertadores-contra-o-flamengo-me-fizeram-sofrer\/#primaryimage"},"thumbnailUrl":"https:\/\/www.gaveanews.com\/wp-content\/uploads\/Gabigol-com-taca-da-Libertadores-2019.webp","keywords":["Diego Nicol\u00e1s de la Cruz Arcosa"],"articleSection":["Flamengo"],"inLanguage":"pt-BR","potentialAction":[{"@type":"CommentAction","name":"Comment","target":["https:\/\/www.gaveanews.com\/index.php\/2024\/03\/20\/de-la-cruz-relembra-final-da-libertadores-contra-o-flamengo-me-fizeram-sofrer\/#respond"]}],"copyrightYear":"2024","copyrightHolder":{"@id":"https:\/\/www.gaveanews.com\/#organization"}},{"@type":"WebPage","@id":"https:\/\/www.gaveanews.com\/index.php\/2024\/03\/20\/de-la-cruz-relembra-final-da-libertadores-contra-o-flamengo-me-fizeram-sofrer\/","url":"https:\/\/www.gaveanews.com\/index.php\/2024\/03\/20\/de-la-cruz-relembra-final-da-libertadores-contra-o-flamengo-me-fizeram-sofrer\/","name":"De la Cruz relembra final da Libertadores contra o Flamengo: \"me fizeram sofrer\"","isPartOf":{"@id":"https:\/\/www.gaveanews.com\/#website"},"primaryImageOfPage":{"@id":"https:\/\/www.gaveanews.com\/index.php\/2024\/03\/20\/de-la-cruz-relembra-final-da-libertadores-contra-o-flamengo-me-fizeram-sofrer\/#primaryimage"},"image":{"@id":"https:\/\/www.gaveanews.com\/index.php\/2024\/03\/20\/de-la-cruz-relembra-final-da-libertadores-contra-o-flamengo-me-fizeram-sofrer\/#primaryimage"},"thumbnailUrl":"https:\/\/www.gaveanews.com\/wp-content\/uploads\/Gabigol-com-taca-da-Libertadores-2019.webp","datePublished":"2024-03-20T16:02:17+00:00","dateModified":"2024-04-07T12:34:00+00:00","author":{"@id":"https:\/\/www.gaveanews.com\/#\/schema\/person\/fd07635ec039ec3ba74ad18ec8a6dbd6"},"breadcrumb":{"@id":"https:\/\/www.gaveanews.com\/index.php\/2024\/03\/20\/de-la-cruz-relembra-final-da-libertadores-contra-o-flamengo-me-fizeram-sofrer\/#breadcrumb"},"inLanguage":"pt-BR","potentialAction":[{"@type":"ReadAction","target":["https:\/\/www.gaveanews.com\/index.php\/2024\/03\/20\/de-la-cruz-relembra-final-da-libertadores-contra-o-flamengo-me-fizeram-sofrer\/"]}]},{"@type":"ImageObject","inLanguage":"pt-BR","@id":"https:\/\/www.gaveanews.com\/index.php\/2024\/03\/20\/de-la-cruz-relembra-final-da-libertadores-contra-o-flamengo-me-fizeram-sofrer\/#primaryimage","url":"https:\/\/www.gaveanews.com\/wp-content\/uploads\/Gabigol-com-taca-da-Libertadores-2019.webp","contentUrl":"https:\/\/www.gaveanews.com\/wp-content\/uploads\/Gabigol-com-taca-da-Libertadores-2019.webp","width":1024,"height":683,"caption":"Gabigol com a ta\u00e7a da Libertadores 2019 (Foto: Manuel Velasquez\/Getty Images)"},{"@type":"BreadcrumbList","@id":"https:\/\/www.gaveanews.com\/index.php\/2024\/03\/20\/de-la-cruz-relembra-final-da-libertadores-contra-o-flamengo-me-fizeram-sofrer\/#breadcrumb","itemListElement":[{"@type":"ListItem","position":1,"name":"Home","item":"https:\/\/www.gaveanews.com\/"},{"@type":"ListItem","position":2,"name":"De la Cruz relembra final da Libertadores contra o Flamengo: &#8220;me fizeram sofrer&#8221;"}]},{"@type":"WebSite","@id":"https:\/\/www.gaveanews.com\/#website","url":"https:\/\/www.gaveanews.com\/","name":"G\u00e1vea News","description":"Veja todas as not\u00edcias sobre o Flamengo: Contrata\u00e7\u00f5es, categorias de base, resultados das partidas, tabela de classifica\u00e7\u00e3o, pr\u00f3ximos jogos!","potentialAction":[{"@type":"SearchAction","target":{"@type":"EntryPoint","urlTemplate":"https:\/\/www.gaveanews.com\/?s={search_term_string}"},"query-input":{"@type":"PropertyValueSpecification","valueRequired":true,"valueName":"search_term_string"}}],"inLanguage":"pt-BR"},{"@type":"Person","@id":"https:\/\/www.gaveanews.com\/#\/schema\/person\/fd07635ec039ec3ba74ad18ec8a6dbd6","name":"Henrique Machado","image":{"@type":"ImageObject","inLanguage":"pt-BR","@id":"https:\/\/www.gaveanews.com\/#\/schema\/person\/image\/","url":"https:\/\/secure.gravatar.com\/avatar\/b95e35997e01d9800c1b6184bd79d4d898d370a3fce2584f5c77b907d5c7d9e9?s=96&d=mm&r=g","contentUrl":"https:\/\/secure.gravatar.com\/avatar\/b95e35997e01d9800c1b6184bd79d4d898d370a3fce2584f5c77b907d5c7d9e9?s=96&d=mm&r=g","caption":"Henrique Machado"}}]}},"_links":{"self":[{"href":"https:\/\/www.gaveanews.com\/index.php\/wp-json\/wp\/v2\/posts\/132026","targetHints":{"allow":["GET"]}}],"collection":[{"href":"https:\/\/www.gaveanews.com\/index.php\/wp-json\/wp\/v2\/posts"}],"about":[{"href":"https:\/\/www.gaveanews.com\/index.php\/wp-json\/wp\/v2\/types\/post"}],"author":[{"embeddable":true,"href":"https:\/\/www.gaveanews.com\/index.php\/wp-json\/wp\/v2\/users\/15"}],"replies":[{"embeddable":true,"href":"https:\/\/www.gaveanews.com\/index.php\/wp-json\/wp\/v2\/comments?post=132026"}],"version-history":[{"count":4,"href":"https:\/\/www.gaveanews.com\/index.php\/wp-json\/wp\/v2\/posts\/132026\/revisions"}],"predecessor-version":[{"id":132041,"href":"https:\/\/www.gaveanews.com\/index.php\/wp-json\/wp\/v2\/posts\/132026\/revisions\/132041"}],"wp:featuredmedia":[{"embeddable":true,"href":"https:\/\/www.gaveanews.com\/index.php\/wp-json\/wp\/v2\/media\/112679"}],"wp:attachment":[{"href":"https:\/\/www.gaveanews.com\/index.php\/wp-json\/wp\/v2\/media?parent=132026"}],"wp:term":[{"taxonomy":"category","embeddable":true,"href":"https:\/\/www.gaveanews.com\/index.php\/wp-json\/wp\/v2\/categories?post=132026"},{"taxonomy":"post_tag","embeddable":true,"href":"https:\/\/www.gaveanews.com\/index.php\/wp-json\/wp\/v2\/tags?post=132026"}],"curies":[{"name":"wp","href":"https:\/\/api.w.org\/{rel}","templated":true}]}}